{"id":10094,"date":"2023-01-17T12:30:33","date_gmt":"2023-01-17T15:30:33","guid":{"rendered":"https:\/\/sitsesp.org.br\/novo\/?p=10094"},"modified":"2023-01-17T12:44:04","modified_gmt":"2023-01-17T15:44:04","slug":"sitsesp-informa-centro-casa-paulista-mais-um-servidor-ferido-por-adolescentes-aconteceu-de-novo","status":"publish","type":"post","link":"https:\/\/www.sitsesp.org.br\/novo\/sitsesp-informa-centro-casa-paulista-mais-um-servidor-ferido-por-adolescentes-aconteceu-de-novo\/","title":{"rendered":"SITSESP INFORMA | CENTRO CASA PAULISTA &#8211; MAIS UM SERVIDOR FERIDO POR ADOLESCENTES, ACONTECEU DE NOVO"},"content":{"rendered":"<p><!-- VideographyWP Plugin Message: Automatic video embedding prevented by plugin options. --><br \/>\nNa manh\u00e3 dessa ter\u00e7a-feira (17) a diretora Josiane Aponi acompanhou um fato grav\u00edssimo que aconteceu no Centro CASA Paulista. Um Agente de Apoio Socioeducativo foi gravemente ferido em seu posto de trabalho por volta das 22h da segunda-feira (16).<\/p>\n<p>O plant\u00e3o, como sempre defasado, contava com apenas o servidor que foi ferido em um posto, monitorando o corte de cabelo, e um outro servidor, acompanhando os adolescentes no banheiro, quando um adolescente pediu para que o Agente abrisse mais uma sala para atividades. O servidor respondeu ao interno que n\u00e3o poderia fazer isso por conta da falta de funcion\u00e1rios para monitorar o posto e que logo haveria o procedimento de recolhimento.<\/p>\n<p>Ap\u00f3s este momento cerca de oito adolescentes que j\u00e1 haviam sido influenciados come\u00e7aram a desferir socos, chutes e pontap\u00e9s no trabalhador que se salvou apenas depois que a gaiola de prote\u00e7\u00e3o foi aberta para que ele se protegesse nela. O servidor agredido teve cortes profundos na cabe\u00e7a, luxa\u00e7\u00f5es no rosto e nas m\u00e3os.<\/p>\n<p>O plant\u00e3o contava com 35 adolescentes divididos em dois m\u00f3dulos e estavam trabalhando apenas tr\u00eas servidores e um coordenador.<\/p>\n<p>Infelizmente esta \u00e9 a realidade dos Centros Socioeducativos espalhados pelo estado de S\u00e3o Paulo, falta de efetivo, servidores afastados por v\u00e1rios motivos de doen\u00e7as adquiridas nos seus locais de trabalho, transfer\u00eancias compuls\u00f3rias quando o servidor se nega a entrar no seu posto por falta de seguran\u00e7a e o principal: a falta de respeito e omiss\u00e3o da gest\u00e3o da Funda\u00e7\u00e3o CASA.<\/p>\n<p>Os servidores trabalham no seu limite psicol\u00f3gico, n\u00e3o sabendo, ao sa\u00edrem de suas casas para exercer o seu trabalho, se voltar\u00e3o com o seu sustento para seus familiares.<\/p>\n<p>Depois que as c\u00e2meras de monitoramento foram instaladas para punir os servidores, com a desculpa esfarrapada que s\u00e3o para a seguran\u00e7a desses e dos internos, os adolescentes se tornaram indisciplinados na sua totalidade.<\/p>\n<p>As puni\u00e7\u00f5es impostas aos trabalhadores por se defender, tentando conter o adolescente, \u00e9 sempre aplicada com rigor e contra o servidor, enquanto os adolescentes saem sempre como v\u00edtimas e s\u00e3o, muitas das vezes, punidos com san\u00e7\u00f5es que n\u00e3o agregam em nada na sua socioeduca\u00e7\u00e3o ou ressocializa\u00e7\u00e3o pois, depois de uma ou duas passagens pela institui\u00e7\u00e3o, o adolescente volta ainda mais conhecedor de que qualquer indisciplina que cometer n\u00e3o &#8220;dar\u00e1 em nada&#8221;.<\/p>\n<p>Temos um novo presidente, mas estamos muito descrentes que alguma coisa ir\u00e1 mudar em favor dos trabalhadores, principalmente depois de terem sido publicadas algumas falas do novo presidente, onde entendemos que o objetivo dele n\u00e3o vislumbra a categoria, mas sim, aos adolescentes.<\/p>\n<p>Enquanto isso os servidores continuam sendo humilhados, espancados e at\u00e9 mortos por estas a\u00e7\u00f5es prejudiciais, como a que aconteceu ontem no Centro CASA Paulista.<\/p>\n<p>O SITSESP, atrav\u00e9s de seus diretores e da diretora Josiane, est\u00e1 acompanhando de perto a situa\u00e7\u00e3o do trabalhador e lhe dando todo respaldo.<\/p>\n<p>J\u00e1 estamos em nossos limites e a pergunta que fica \u00e9: ser\u00e1 que teremos mais uma temporada de fatalidades contra o trabalhador dentro desta institui\u00e7\u00e3o?<\/p>\n<div id=\"penci-post-gallery__95793\" class=\"penci-post-gallery-container justified column-3\" data-height=\"150\" data-margin=\"3\"><a class=\"item-gallery-justified\" href=\"https:\/\/www.sitsesp.org.br\/novo\/wp-content\/uploads\/2023\/01\/WhatsApp-Image-2023-01-17-at-11.50.22-AM-1.jpeg\"><img decoding=\"async\" src=\"https:\/\/www.sitsesp.org.br\/novo\/wp-content\/uploads\/2023\/01\/WhatsApp-Image-2023-01-17-at-11.50.22-AM-1-585x793.jpeg\" alt=\"\" title=\"WhatsApp Image 2023-01-17 at 11.50.22 AM (1)\"><\/a><a class=\"item-gallery-justified\" href=\"https:\/\/www.sitsesp.org.br\/novo\/wp-content\/uploads\/2023\/01\/WhatsApp-Image-2023-01-17-at-11.50.23-AM-1.jpeg\"><img decoding=\"async\" src=\"https:\/\/www.sitsesp.org.br\/novo\/wp-content\/uploads\/2023\/01\/WhatsApp-Image-2023-01-17-at-11.50.23-AM-1-585x779.jpeg\" alt=\"\" title=\"WhatsApp Image 2023-01-17 at 11.50.23 AM (1)\"><\/a><a class=\"item-gallery-justified\" href=\"https:\/\/www.sitsesp.org.br\/novo\/wp-content\/uploads\/2023\/01\/WhatsApp-Image-2023-01-17-at-11.50.23-AM.jpeg\"><img decoding=\"async\" src=\"https:\/\/www.sitsesp.org.br\/novo\/wp-content\/uploads\/2023\/01\/WhatsApp-Image-2023-01-17-at-11.50.23-AM-585x777.jpeg\" alt=\"\" title=\"WhatsApp Image 2023-01-17 at 11.50.23 AM\"><\/a><a class=\"item-gallery-justified\" href=\"https:\/\/www.sitsesp.org.br\/novo\/wp-content\/uploads\/2023\/01\/WhatsApp-Image-2023-01-17-at-11.50.23-AM-2.jpeg\"><img decoding=\"async\" src=\"https:\/\/www.sitsesp.org.br\/novo\/wp-content\/uploads\/2023\/01\/WhatsApp-Image-2023-01-17-at-11.50.23-AM-2-585x780.jpeg\" alt=\"\" title=\"WhatsApp Image 2023-01-17 at 11.50.23 AM (2)\"><\/a><a class=\"item-gallery-justified\" href=\"https:\/\/www.sitsesp.org.br\/novo\/wp-content\/uploads\/2023\/01\/WhatsApp-Image-2023-01-17-at-11.50.22-AM.jpeg\"><img decoding=\"async\" src=\"https:\/\/www.sitsesp.org.br\/novo\/wp-content\/uploads\/2023\/01\/WhatsApp-Image-2023-01-17-at-11.50.22-AM-585x780.jpeg\" alt=\"\" title=\"WhatsApp Image 2023-01-17 at 11.50.22 AM\"><\/a><\/div>\n<p><strong>O SITSESP \u00c9 DE TODOS, PARA TODOS, TRABALHANDO COM TODOS &#8211; SEJA UM FILIADO SITSESP E PARTICIPE DA LUTA<\/strong><\/p>\n","protected":false},"excerpt":{"rendered":"<p>Na manh\u00e3 dessa ter\u00e7a-feira (17) a diretora Josiane Aponi acompanhou um fato grav\u00edssimo que aconteceu no Centro CASA Paulista. Um Agente&hellip;<\/p>\n","protected":false},"author":5,"featured_media":10103,"comment_status":"open","ping_status":"open","sticky":false,"template":"","format":"standard","meta":{"cybocfi_hide_featured_image":"","footnotes":""},"categories":[27,22],"tags":[],"yoast_head":"<!-- This site is optimized with the Yoast SEO plugin v22.8 - https:\/\/yoast.com\/wordpress\/plugins\/seo\/ -->\n<title>SITSESP INFORMA | CENTRO CASA PAULISTA - MAIS UM SERVIDOR FERIDO POR ADOLESCENTES, ACONTECEU DE NOVO - SITSESP<\/title>\n<meta name=\"description\" content=\"Na manh\u00e3 dessa ter\u00e7a-feira (17) a diretora Josiane Aponi acompanhou um fato grav\u00edssimo que aconteceu no Centro CASA Paulista. Um Agente de Apoio Socioeducativo foi gravemente ferido em seu posto de trabalho por volta das 22h da segunda-feira (16).\" \/>\n<meta name=\"robots\" content=\"index, follow, max-snippet:-1, max-image-preview:large, max-video-preview:-1\" \/>\n<link rel=\"canonical\" href=\"https:\/\/www.sitsesp.org.br\/novo\/sitsesp-informa-centro-casa-paulista-mais-um-servidor-ferido-por-adolescentes-aconteceu-de-novo\/\" \/>\n<meta property=\"og:locale\" content=\"pt_BR\" \/>\n<meta property=\"og:type\" content=\"article\" \/>\n<meta property=\"og:title\" content=\"SITSESP INFORMA | CENTRO CASA PAULISTA - MAIS UM SERVIDOR FERIDO POR ADOLESCENTES, ACONTECEU DE NOVO - SITSESP\" \/>\n<meta property=\"og:description\" content=\"Na manh\u00e3 dessa ter\u00e7a-feira (17) a diretora Josiane Aponi acompanhou um fato grav\u00edssimo que aconteceu no Centro CASA Paulista. Um Agente de Apoio Socioeducativo foi gravemente ferido em seu posto de trabalho por volta das 22h da segunda-feira (16).\" \/>\n<meta property=\"og:url\" content=\"https:\/\/www.sitsesp.org.br\/novo\/sitsesp-informa-centro-casa-paulista-mais-um-servidor-ferido-por-adolescentes-aconteceu-de-novo\/\" \/>\n<meta property=\"og:site_name\" content=\"SITSESP\" \/>\n<meta property=\"article:published_time\" content=\"2023-01-17T15:30:33+00:00\" \/>\n<meta property=\"article:modified_time\" content=\"2023-01-17T15:44:04+00:00\" \/>\n<meta property=\"og:image\" content=\"https:\/\/www.sitsesp.org.br\/novo\/wp-content\/uploads\/2023\/01\/WhatsApp-Image-2023-01-17-at-11.50.23-AM-2.jpeg\" \/>\n\t<meta property=\"og:image:width\" content=\"600\" \/>\n\t<meta property=\"og:image:height\" content=\"800\" \/>\n\t<meta property=\"og:image:type\" content=\"image\/jpeg\" \/>\n<meta name=\"author\" content=\"imprensa\" \/>\n<meta name=\"twitter:card\" content=\"summary_large_image\" \/>\n<meta name=\"twitter:label1\" content=\"Escrito por\" \/>\n\t<meta name=\"twitter:data1\" content=\"imprensa\" \/>\n\t<meta name=\"twitter:label2\" content=\"Est. tempo de leitura\" \/>\n\t<meta name=\"twitter:data2\" content=\"3 minutos\" \/>\n<script type=\"application\/ld+json\" class=\"yoast-schema-graph\">{\"@context\":\"https:\/\/schema.org\",\"@graph\":[{\"@type\":\"Article\",\"@id\":\"https:\/\/www.sitsesp.org.br\/novo\/sitsesp-informa-centro-casa-paulista-mais-um-servidor-ferido-por-adolescentes-aconteceu-de-novo\/#article\",\"isPartOf\":{\"@id\":\"https:\/\/www.sitsesp.org.br\/novo\/sitsesp-informa-centro-casa-paulista-mais-um-servidor-ferido-por-adolescentes-aconteceu-de-novo\/\"},\"author\":{\"name\":\"imprensa\",\"@id\":\"https:\/\/www.sitsesp.org.br\/novo\/#\/schema\/person\/28e42eec160f373e81d0183b3643edbf\"},\"headline\":\"SITSESP INFORMA | CENTRO CASA PAULISTA &#8211; MAIS UM SERVIDOR FERIDO POR ADOLESCENTES, ACONTECEU DE NOVO\",\"datePublished\":\"2023-01-17T15:30:33+00:00\",\"dateModified\":\"2023-01-17T15:44:04+00:00\",\"mainEntityOfPage\":{\"@id\":\"https:\/\/www.sitsesp.org.br\/novo\/sitsesp-informa-centro-casa-paulista-mais-um-servidor-ferido-por-adolescentes-aconteceu-de-novo\/\"},\"wordCount\":565,\"commentCount\":0,\"publisher\":{\"@id\":\"https:\/\/www.sitsesp.org.br\/novo\/#organization\"},\"image\":{\"@id\":\"https:\/\/www.sitsesp.org.br\/novo\/sitsesp-informa-centro-casa-paulista-mais-um-servidor-ferido-por-adolescentes-aconteceu-de-novo\/#primaryimage\"},\"thumbnailUrl\":\"https:\/\/www.sitsesp.org.br\/novo\/wp-content\/uploads\/2023\/01\/WhatsApp-Image-2023-01-17-at-11.50.23-AM-2.jpeg\",\"articleSection\":[\"Destaque\",\"Noticias\"],\"inLanguage\":\"pt-BR\",\"potentialAction\":[{\"@type\":\"CommentAction\",\"name\":\"Comment\",\"target\":[\"https:\/\/www.sitsesp.org.br\/novo\/sitsesp-informa-centro-casa-paulista-mais-um-servidor-ferido-por-adolescentes-aconteceu-de-novo\/#respond\"]}]},{\"@type\":\"WebPage\",\"@id\":\"https:\/\/www.sitsesp.org.br\/novo\/sitsesp-informa-centro-casa-paulista-mais-um-servidor-ferido-por-adolescentes-aconteceu-de-novo\/\",\"url\":\"https:\/\/www.sitsesp.org.br\/novo\/sitsesp-informa-centro-casa-paulista-mais-um-servidor-ferido-por-adolescentes-aconteceu-de-novo\/\",\"name\":\"SITSESP INFORMA | CENTRO CASA PAULISTA - MAIS UM SERVIDOR FERIDO POR ADOLESCENTES, ACONTECEU DE NOVO - SITSESP\",\"isPartOf\":{\"@id\":\"https:\/\/www.sitsesp.org.br\/novo\/#website\"},\"primaryImageOfPage\":{\"@id\":\"https:\/\/www.sitsesp.org.br\/novo\/sitsesp-informa-centro-casa-paulista-mais-um-servidor-ferido-por-adolescentes-aconteceu-de-novo\/#primaryimage\"},\"image\":{\"@id\":\"https:\/\/www.sitsesp.org.br\/novo\/sitsesp-informa-centro-casa-paulista-mais-um-servidor-ferido-por-adolescentes-aconteceu-de-novo\/#primaryimage\"},\"thumbnailUrl\":\"https:\/\/www.sitsesp.org.br\/novo\/wp-content\/uploads\/2023\/01\/WhatsApp-Image-2023-01-17-at-11.50.23-AM-2.jpeg\",\"datePublished\":\"2023-01-17T15:30:33+00:00\",\"dateModified\":\"2023-01-17T15:44:04+00:00\",\"description\":\"Na manh\u00e3 dessa ter\u00e7a-feira (17) a diretora Josiane Aponi acompanhou um fato grav\u00edssimo que aconteceu no Centro CASA Paulista. Um Agente de Apoio Socioeducativo foi gravemente ferido em seu posto de trabalho por volta das 22h da segunda-feira (16).\",\"breadcrumb\":{\"@id\":\"https:\/\/www.sitsesp.org.br\/novo\/sitsesp-informa-centro-casa-paulista-mais-um-servidor-ferido-por-adolescentes-aconteceu-de-novo\/#breadcrumb\"},\"inLanguage\":\"pt-BR\",\"potentialAction\":[{\"@type\":\"ReadAction\",\"target\":[\"https:\/\/www.sitsesp.org.br\/novo\/sitsesp-informa-centro-casa-paulista-mais-um-servidor-ferido-por-adolescentes-aconteceu-de-novo\/\"]}]},{\"@type\":\"ImageObject\",\"inLanguage\":\"pt-BR\",\"@id\":\"https:\/\/www.sitsesp.org.br\/novo\/sitsesp-informa-centro-casa-paulista-mais-um-servidor-ferido-por-adolescentes-aconteceu-de-novo\/#primaryimage\",\"url\":\"https:\/\/www.sitsesp.org.br\/novo\/wp-content\/uploads\/2023\/01\/WhatsApp-Image-2023-01-17-at-11.50.23-AM-2.jpeg\",\"contentUrl\":\"https:\/\/www.sitsesp.org.br\/novo\/wp-content\/uploads\/2023\/01\/WhatsApp-Image-2023-01-17-at-11.50.23-AM-2.jpeg\",\"width\":600,\"height\":800},{\"@type\":\"BreadcrumbList\",\"@id\":\"https:\/\/www.sitsesp.org.br\/novo\/sitsesp-informa-centro-casa-paulista-mais-um-servidor-ferido-por-adolescentes-aconteceu-de-novo\/#breadcrumb\",\"itemListElement\":[{\"@type\":\"ListItem\",\"position\":1,\"name\":\"In\u00edcio\",\"item\":\"https:\/\/www.sitsesp.org.br\/novo\/\"},{\"@type\":\"ListItem\",\"position\":2,\"name\":\"SITSESP INFORMA | CENTRO CASA PAULISTA &#8211; MAIS UM SERVIDOR FERIDO POR ADOLESCENTES, ACONTECEU DE NOVO\"}]},{\"@type\":\"WebSite\",\"@id\":\"https:\/\/www.sitsesp.org.br\/novo\/#website\",\"url\":\"https:\/\/www.sitsesp.org.br\/novo\/\",\"name\":\"Sitsesp\",\"description\":\"SIndicato da Socioeduca\u00e7\u00e3o do Estado de S\u00e3o Paulo\",\"publisher\":{\"@id\":\"https:\/\/www.sitsesp.org.br\/novo\/#organization\"},\"potentialAction\":[{\"@type\":\"SearchAction\",\"target\":{\"@type\":\"EntryPoint\",\"urlTemplate\":\"https:\/\/www.sitsesp.org.br\/novo\/?s={search_term_string}\"},\"query-input\":\"required name=search_term_string\"}],\"inLanguage\":\"pt-BR\"},{\"@type\":\"Organization\",\"@id\":\"https:\/\/www.sitsesp.org.br\/novo\/#organization\",\"name\":\"Sitsesp\",\"url\":\"https:\/\/www.sitsesp.org.br\/novo\/\",\"logo\":{\"@type\":\"ImageObject\",\"inLanguage\":\"pt-BR\",\"@id\":\"https:\/\/www.sitsesp.org.br\/novo\/#\/schema\/logo\/image\/\",\"url\":\"https:\/\/www.sitsesp.org.br\/novo\/wp-content\/uploads\/2020\/09\/Design-sem-nome-1.jpg\",\"contentUrl\":\"https:\/\/www.sitsesp.org.br\/novo\/wp-content\/uploads\/2020\/09\/Design-sem-nome-1.jpg\",\"width\":300,\"height\":300,\"caption\":\"Sitsesp\"},\"image\":{\"@id\":\"https:\/\/www.sitsesp.org.br\/novo\/#\/schema\/logo\/image\/\"}},{\"@type\":\"Person\",\"@id\":\"https:\/\/www.sitsesp.org.br\/novo\/#\/schema\/person\/28e42eec160f373e81d0183b3643edbf\",\"name\":\"imprensa\",\"image\":{\"@type\":\"ImageObject\",\"inLanguage\":\"pt-BR\",\"@id\":\"https:\/\/www.sitsesp.org.br\/novo\/#\/schema\/person\/image\/\",\"url\":\"https:\/\/secure.gravatar.com\/avatar\/8d6ccd8d7d52b8959f34154e87d3fa29?s=96&d=mm&r=g\",\"contentUrl\":\"https:\/\/secure.gravatar.com\/avatar\/8d6ccd8d7d52b8959f34154e87d3fa29?s=96&d=mm&r=g\",\"caption\":\"imprensa\"}}]}<\/script>\n<!-- \/ Yoast SEO plugin. -->","yoast_head_json":{"title":"SITSESP INFORMA | CENTRO CASA PAULISTA - MAIS UM SERVIDOR FERIDO POR ADOLESCENTES, ACONTECEU DE NOVO - SITSESP","description":"Na manh\u00e3 dessa ter\u00e7a-feira (17) a diretora Josiane Aponi acompanhou um fato grav\u00edssimo que aconteceu no Centro CASA Paulista. Um Agente de Apoio Socioeducativo foi gravemente ferido em seu posto de trabalho por volta das 22h da segunda-feira (16).","robots":{"index":"index","follow":"follow","max-snippet":"max-snippet:-1","max-image-preview":"max-image-preview:large","max-video-preview":"max-video-preview:-1"},"canonical":"https:\/\/www.sitsesp.org.br\/novo\/sitsesp-informa-centro-casa-paulista-mais-um-servidor-ferido-por-adolescentes-aconteceu-de-novo\/","og_locale":"pt_BR","og_type":"article","og_title":"SITSESP INFORMA | CENTRO CASA PAULISTA - MAIS UM SERVIDOR FERIDO POR ADOLESCENTES, ACONTECEU DE NOVO - SITSESP","og_description":"Na manh\u00e3 dessa ter\u00e7a-feira (17) a diretora Josiane Aponi acompanhou um fato grav\u00edssimo que aconteceu no Centro CASA Paulista. Um Agente de Apoio Socioeducativo foi gravemente ferido em seu posto de trabalho por volta das 22h da segunda-feira (16).","og_url":"https:\/\/www.sitsesp.org.br\/novo\/sitsesp-informa-centro-casa-paulista-mais-um-servidor-ferido-por-adolescentes-aconteceu-de-novo\/","og_site_name":"SITSESP","article_published_time":"2023-01-17T15:30:33+00:00","article_modified_time":"2023-01-17T15:44:04+00:00","og_image":[{"width":600,"height":800,"url":"https:\/\/www.sitsesp.org.br\/novo\/wp-content\/uploads\/2023\/01\/WhatsApp-Image-2023-01-17-at-11.50.23-AM-2.jpeg","type":"image\/jpeg"}],"author":"imprensa","twitter_card":"summary_large_image","twitter_misc":{"Escrito por":"imprensa","Est. tempo de leitura":"3 minutos"},"schema":{"@context":"https:\/\/schema.org","@graph":[{"@type":"Article","@id":"https:\/\/www.sitsesp.org.br\/novo\/sitsesp-informa-centro-casa-paulista-mais-um-servidor-ferido-por-adolescentes-aconteceu-de-novo\/#article","isPartOf":{"@id":"https:\/\/www.sitsesp.org.br\/novo\/sitsesp-informa-centro-casa-paulista-mais-um-servidor-ferido-por-adolescentes-aconteceu-de-novo\/"},"author":{"name":"imprensa","@id":"https:\/\/www.sitsesp.org.br\/novo\/#\/schema\/person\/28e42eec160f373e81d0183b3643edbf"},"headline":"SITSESP INFORMA | CENTRO CASA PAULISTA &#8211; MAIS UM SERVIDOR FERIDO POR ADOLESCENTES, ACONTECEU DE NOVO","datePublished":"2023-01-17T15:30:33+00:00","dateModified":"2023-01-17T15:44:04+00:00","mainEntityOfPage":{"@id":"https:\/\/www.sitsesp.org.br\/novo\/sitsesp-informa-centro-casa-paulista-mais-um-servidor-ferido-por-adolescentes-aconteceu-de-novo\/"},"wordCount":565,"commentCount":0,"publisher":{"@id":"https:\/\/www.sitsesp.org.br\/novo\/#organization"},"image":{"@id":"https:\/\/www.sitsesp.org.br\/novo\/sitsesp-informa-centro-casa-paulista-mais-um-servidor-ferido-por-adolescentes-aconteceu-de-novo\/#primaryimage"},"thumbnailUrl":"https:\/\/www.sitsesp.org.br\/novo\/wp-content\/uploads\/2023\/01\/WhatsApp-Image-2023-01-17-at-11.50.23-AM-2.jpeg","articleSection":["Destaque","Noticias"],"inLanguage":"pt-BR","potentialAction":[{"@type":"CommentAction","name":"Comment","target":["https:\/\/www.sitsesp.org.br\/novo\/sitsesp-informa-centro-casa-paulista-mais-um-servidor-ferido-por-adolescentes-aconteceu-de-novo\/#respond"]}]},{"@type":"WebPage","@id":"https:\/\/www.sitsesp.org.br\/novo\/sitsesp-informa-centro-casa-paulista-mais-um-servidor-ferido-por-adolescentes-aconteceu-de-novo\/","url":"https:\/\/www.sitsesp.org.br\/novo\/sitsesp-informa-centro-casa-paulista-mais-um-servidor-ferido-por-adolescentes-aconteceu-de-novo\/","name":"SITSESP INFORMA | CENTRO CASA PAULISTA - MAIS UM SERVIDOR FERIDO POR ADOLESCENTES, ACONTECEU DE NOVO - SITSESP","isPartOf":{"@id":"https:\/\/www.sitsesp.org.br\/novo\/#website"},"primaryImageOfPage":{"@id":"https:\/\/www.sitsesp.org.br\/novo\/sitsesp-informa-centro-casa-paulista-mais-um-servidor-ferido-por-adolescentes-aconteceu-de-novo\/#primaryimage"},"image":{"@id":"https:\/\/www.sitsesp.org.br\/novo\/sitsesp-informa-centro-casa-paulista-mais-um-servidor-ferido-por-adolescentes-aconteceu-de-novo\/#primaryimage"},"thumbnailUrl":"https:\/\/www.sitsesp.org.br\/novo\/wp-content\/uploads\/2023\/01\/WhatsApp-Image-2023-01-17-at-11.50.23-AM-2.jpeg","datePublished":"2023-01-17T15:30:33+00:00","dateModified":"2023-01-17T15:44:04+00:00","description":"Na manh\u00e3 dessa ter\u00e7a-feira (17) a diretora Josiane Aponi acompanhou um fato grav\u00edssimo que aconteceu no Centro CASA Paulista. Um Agente de Apoio Socioeducativo foi gravemente ferido em seu posto de trabalho por volta das 22h da segunda-feira (16).","breadcrumb":{"@id":"https:\/\/www.sitsesp.org.br\/novo\/sitsesp-informa-centro-casa-paulista-mais-um-servidor-ferido-por-adolescentes-aconteceu-de-novo\/#breadcrumb"},"inLanguage":"pt-BR","potentialAction":[{"@type":"ReadAction","target":["https:\/\/www.sitsesp.org.br\/novo\/sitsesp-informa-centro-casa-paulista-mais-um-servidor-ferido-por-adolescentes-aconteceu-de-novo\/"]}]},{"@type":"ImageObject","inLanguage":"pt-BR","@id":"https:\/\/www.sitsesp.org.br\/novo\/sitsesp-informa-centro-casa-paulista-mais-um-servidor-ferido-por-adolescentes-aconteceu-de-novo\/#primaryimage","url":"https:\/\/www.sitsesp.org.br\/novo\/wp-content\/uploads\/2023\/01\/WhatsApp-Image-2023-01-17-at-11.50.23-AM-2.jpeg","contentUrl":"https:\/\/www.sitsesp.org.br\/novo\/wp-content\/uploads\/2023\/01\/WhatsApp-Image-2023-01-17-at-11.50.23-AM-2.jpeg","width":600,"height":800},{"@type":"BreadcrumbList","@id":"https:\/\/www.sitsesp.org.br\/novo\/sitsesp-informa-centro-casa-paulista-mais-um-servidor-ferido-por-adolescentes-aconteceu-de-novo\/#breadcrumb","itemListElement":[{"@type":"ListItem","position":1,"name":"In\u00edcio","item":"https:\/\/www.sitsesp.org.br\/novo\/"},{"@type":"ListItem","position":2,"name":"SITSESP INFORMA | CENTRO CASA PAULISTA &#8211; MAIS UM SERVIDOR FERIDO POR ADOLESCENTES, ACONTECEU DE NOVO"}]},{"@type":"WebSite","@id":"https:\/\/www.sitsesp.org.br\/novo\/#website","url":"https:\/\/www.sitsesp.org.br\/novo\/","name":"Sitsesp","description":"SIndicato da Socioeduca\u00e7\u00e3o do Estado de S\u00e3o Paulo","publisher":{"@id":"https:\/\/www.sitsesp.org.br\/novo\/#organization"},"potentialAction":[{"@type":"SearchAction","target":{"@type":"EntryPoint","urlTemplate":"https:\/\/www.sitsesp.org.br\/novo\/?s={search_term_string}"},"query-input":"required name=search_term_string"}],"inLanguage":"pt-BR"},{"@type":"Organization","@id":"https:\/\/www.sitsesp.org.br\/novo\/#organization","name":"Sitsesp","url":"https:\/\/www.sitsesp.org.br\/novo\/","logo":{"@type":"ImageObject","inLanguage":"pt-BR","@id":"https:\/\/www.sitsesp.org.br\/novo\/#\/schema\/logo\/image\/","url":"https:\/\/www.sitsesp.org.br\/novo\/wp-content\/uploads\/2020\/09\/Design-sem-nome-1.jpg","contentUrl":"https:\/\/www.sitsesp.org.br\/novo\/wp-content\/uploads\/2020\/09\/Design-sem-nome-1.jpg","width":300,"height":300,"caption":"Sitsesp"},"image":{"@id":"https:\/\/www.sitsesp.org.br\/novo\/#\/schema\/logo\/image\/"}},{"@type":"Person","@id":"https:\/\/www.sitsesp.org.br\/novo\/#\/schema\/person\/28e42eec160f373e81d0183b3643edbf","name":"imprensa","image":{"@type":"ImageObject","inLanguage":"pt-BR","@id":"https:\/\/www.sitsesp.org.br\/novo\/#\/schema\/person\/image\/","url":"https:\/\/secure.gravatar.com\/avatar\/8d6ccd8d7d52b8959f34154e87d3fa29?s=96&d=mm&r=g","contentUrl":"https:\/\/secure.gravatar.com\/avatar\/8d6ccd8d7d52b8959f34154e87d3fa29?s=96&d=mm&r=g","caption":"imprensa"}}]}},"_links":{"self":[{"href":"https:\/\/www.sitsesp.org.br\/novo\/wp-json\/wp\/v2\/posts\/10094"}],"collection":[{"href":"https:\/\/www.sitsesp.org.br\/novo\/wp-json\/wp\/v2\/posts"}],"about":[{"href":"https:\/\/www.sitsesp.org.br\/novo\/wp-json\/wp\/v2\/types\/post"}],"author":[{"embeddable":true,"href":"https:\/\/www.sitsesp.org.br\/novo\/wp-json\/wp\/v2\/users\/5"}],"replies":[{"embeddable":true,"href":"https:\/\/www.sitsesp.org.br\/novo\/wp-json\/wp\/v2\/comments?post=10094"}],"version-history":[{"count":2,"href":"https:\/\/www.sitsesp.org.br\/novo\/wp-json\/wp\/v2\/posts\/10094\/revisions"}],"predecessor-version":[{"id":10106,"href":"https:\/\/www.sitsesp.org.br\/novo\/wp-json\/wp\/v2\/posts\/10094\/revisions\/10106"}],"wp:featuredmedia":[{"embeddable":true,"href":"https:\/\/www.sitsesp.org.br\/novo\/wp-json\/wp\/v2\/media\/10103"}],"wp:attachment":[{"href":"https:\/\/www.sitsesp.org.br\/novo\/wp-json\/wp\/v2\/media?parent=10094"}],"wp:term":[{"taxonomy":"category","embeddable":true,"href":"https:\/\/www.sitsesp.org.br\/novo\/wp-json\/wp\/v2\/categories?post=10094"},{"taxonomy":"post_tag","embeddable":true,"href":"https:\/\/www.sitsesp.org.br\/novo\/wp-json\/wp\/v2\/tags?post=10094"}],"curies":[{"name":"wp","href":"https:\/\/api.w.org\/{rel}","templated":true}]}}