{"id":10107,"date":"2023-01-17T18:46:46","date_gmt":"2023-01-17T21:46:46","guid":{"rendered":"https:\/\/sitsesp.org.br\/novo\/?p=10107"},"modified":"2023-01-17T18:46:46","modified_gmt":"2023-01-17T21:46:46","slug":"novo-presidente-da-fundacao-juiz-joao-verissimo-fernandes-assina-seu-primeiro-comunicado-a-categoria","status":"publish","type":"post","link":"https:\/\/www.sitsesp.org.br\/novo\/novo-presidente-da-fundacao-juiz-joao-verissimo-fernandes-assina-seu-primeiro-comunicado-a-categoria\/","title":{"rendered":"NOVO PRESIDENTE DA FUNDA\u00c7\u00c3O, JUIZ JO\u00c3O VER\u00cdSSIMO FERNANDES, ASSINA SEU PRIMEIRO COMUNICADO \u00c0 CATEGORIA"},"content":{"rendered":"<p><!-- VideographyWP Plugin Message: Automatic video embedding prevented by plugin options. --><br \/>\nNesta ter\u00e7a-feira (17) o novo presidente da Funda\u00e7\u00e3o CASA assinou seu primeiro comunicado para a categoria. Trata-se do comunicado GP n\u00b0 001\/2023 que suspende o uso do SCANNER a todos os servidores e terceiros que prestam servi\u00e7os para a institui\u00e7\u00e3o, considerando que todos devem ter o tratamento igualit\u00e1rio, revogando as disposi\u00e7\u00f5es contr\u00e1rias emitidas anteriormente.<\/p>\n<p>Esperamos que medidas mais contundentes e ben\u00e9ficas \u00e0 categoria sejam tomadas na sua gest\u00e3o, principalmente contra aquelas medidas anteriores que engessam os servidores para exercerem seu trabalho de fato dentro da medida socioeducativa com os internos, aquelas que colocam em risco a seguran\u00e7a e a vida dos servidores.<\/p>\n<p>Bastar\u00e1 ele observar as portarias, comunicados e of\u00edcios emitidos por seu antecessor para constatar o quanto esta categoria foi colocada em situa\u00e7\u00f5es humilhantes e de risco durante toda gest\u00e3o anterior.<\/p>\n<p>Esperamos ter o que durante anos n\u00e3o tivemos, contato direto com o presidente e n\u00e3o com aqueles que ca\u00edram de paraquedas para servirem de escudo para uma gest\u00e3o desumana enquanto pregava o bem estar da categoria.<\/p>\n<p><a href=\"https:\/\/sitsesp.org.br\/novo\/wp-content\/uploads\/2023\/01\/Comunicado-GP-001-2023-Suspende-o-uso-de-Scanner-1.pdf\" class=\"pdfemb-viewer\" style=\"\" data-width=\"max\" data-height=\"max\" data-toolbar=\"bottom\" data-toolbar-fixed=\"off\">Comunicado GP 001 2023 Suspende o uso de Scanner (1)<\/a><br \/>\n<a href=\"https:\/\/sitsesp.org.br\/novo\/wp-content\/uploads\/2023\/01\/Comunicado-GP-001-2023-Suspende-o-uso-de-Scanner-1.pdf\">Baixe aqui<\/a><\/p>\n<p><strong>O SITSESP \u00c9 DE TODOS, PARA TODOS, TRABALHANDO COM TODOS &#8211; SEJA UM FILIADO SITSESP E PARTICIPE DA LUTA<\/strong><\/p>\n","protected":false},"excerpt":{"rendered":"<p>Nesta ter\u00e7a-feira (17) o novo presidente da Funda\u00e7\u00e3o CASA assinou seu primeiro comunicado para a categoria. Trata-se do comunicado GP n\u00b0&hellip;<\/p>\n","protected":false},"author":5,"featured_media":10109,"comment_status":"open","ping_status":"open","sticky":false,"template":"","format":"standard","meta":{"cybocfi_hide_featured_image":"","footnotes":""},"categories":[27,22],"tags":[],"yoast_head":"<!-- This site is optimized with the Yoast SEO plugin v22.8 - https:\/\/yoast.com\/wordpress\/plugins\/seo\/ -->\n<title>NOVO PRESIDENTE DA FUNDA\u00c7\u00c3O, JUIZ JO\u00c3O VER\u00cdSSIMO FERNANDES, ASSINA SEU PRIMEIRO COMUNICADO \u00c0 CATEGORIA - SITSESP<\/title>\n<meta name=\"description\" content=\"Nesta ter\u00e7a-feira (17) o novo presidente da Funda\u00e7\u00e3o CASA assinou seu primeiro comunicado para a categoria. Trata-se do comunicado GP n\u00b0 001\/2023 que suspende o uso do SCANNER a todos os servidores e terceiros que prestam servi\u00e7os para a institui\u00e7\u00e3o, considerando que todos devem ter o tratamento igualit\u00e1rio, revogando as disposi\u00e7\u00f5es contr\u00e1rias emitidas anteriormente.\" \/>\n<meta name=\"robots\" content=\"index, follow, max-snippet:-1, max-image-preview:large, max-video-preview:-1\" \/>\n<link rel=\"canonical\" href=\"https:\/\/www.sitsesp.org.br\/novo\/novo-presidente-da-fundacao-juiz-joao-verissimo-fernandes-assina-seu-primeiro-comunicado-a-categoria\/\" \/>\n<meta property=\"og:locale\" content=\"pt_BR\" \/>\n<meta property=\"og:type\" content=\"article\" \/>\n<meta property=\"og:title\" content=\"NOVO PRESIDENTE DA FUNDA\u00c7\u00c3O, JUIZ JO\u00c3O VER\u00cdSSIMO FERNANDES, ASSINA SEU PRIMEIRO COMUNICADO \u00c0 CATEGORIA - SITSESP\" \/>\n<meta property=\"og:description\" content=\"Nesta ter\u00e7a-feira (17) o novo presidente da Funda\u00e7\u00e3o CASA assinou seu primeiro comunicado para a categoria. Trata-se do comunicado GP n\u00b0 001\/2023 que suspende o uso do SCANNER a todos os servidores e terceiros que prestam servi\u00e7os para a institui\u00e7\u00e3o, considerando que todos devem ter o tratamento igualit\u00e1rio, revogando as disposi\u00e7\u00f5es contr\u00e1rias emitidas anteriormente.\" \/>\n<meta property=\"og:url\" content=\"https:\/\/www.sitsesp.org.br\/novo\/novo-presidente-da-fundacao-juiz-joao-verissimo-fernandes-assina-seu-primeiro-comunicado-a-categoria\/\" \/>\n<meta property=\"og:site_name\" content=\"SITSESP\" \/>\n<meta property=\"article:published_time\" content=\"2023-01-17T21:46:46+00:00\" \/>\n<meta property=\"og:image\" content=\"https:\/\/www.sitsesp.org.br\/novo\/wp-content\/uploads\/2023\/01\/MODELONOVOCHAMADO170123.jpg\" \/>\n\t<meta property=\"og:image:width\" content=\"800\" \/>\n\t<meta property=\"og:image:height\" content=\"800\" \/>\n\t<meta property=\"og:image:type\" content=\"image\/jpeg\" \/>\n<meta name=\"author\" content=\"imprensa\" \/>\n<meta name=\"twitter:card\" content=\"summary_large_image\" \/>\n<meta name=\"twitter:label1\" content=\"Escrito por\" \/>\n\t<meta name=\"twitter:data1\" content=\"imprensa\" \/>\n\t<meta name=\"twitter:label2\" content=\"Est. tempo de leitura\" \/>\n\t<meta name=\"twitter:data2\" content=\"1 minuto\" \/>\n<script type=\"application\/ld+json\" class=\"yoast-schema-graph\">{\"@context\":\"https:\/\/schema.org\",\"@graph\":[{\"@type\":\"Article\",\"@id\":\"https:\/\/www.sitsesp.org.br\/novo\/novo-presidente-da-fundacao-juiz-joao-verissimo-fernandes-assina-seu-primeiro-comunicado-a-categoria\/#article\",\"isPartOf\":{\"@id\":\"https:\/\/www.sitsesp.org.br\/novo\/novo-presidente-da-fundacao-juiz-joao-verissimo-fernandes-assina-seu-primeiro-comunicado-a-categoria\/\"},\"author\":{\"name\":\"imprensa\",\"@id\":\"https:\/\/www.sitsesp.org.br\/novo\/#\/schema\/person\/28e42eec160f373e81d0183b3643edbf\"},\"headline\":\"NOVO PRESIDENTE DA FUNDA\u00c7\u00c3O, JUIZ JO\u00c3O VER\u00cdSSIMO FERNANDES, ASSINA SEU PRIMEIRO COMUNICADO \u00c0 CATEGORIA\",\"datePublished\":\"2023-01-17T21:46:46+00:00\",\"dateModified\":\"2023-01-17T21:46:46+00:00\",\"mainEntityOfPage\":{\"@id\":\"https:\/\/www.sitsesp.org.br\/novo\/novo-presidente-da-fundacao-juiz-joao-verissimo-fernandes-assina-seu-primeiro-comunicado-a-categoria\/\"},\"wordCount\":239,\"commentCount\":0,\"publisher\":{\"@id\":\"https:\/\/www.sitsesp.org.br\/novo\/#organization\"},\"image\":{\"@id\":\"https:\/\/www.sitsesp.org.br\/novo\/novo-presidente-da-fundacao-juiz-joao-verissimo-fernandes-assina-seu-primeiro-comunicado-a-categoria\/#primaryimage\"},\"thumbnailUrl\":\"https:\/\/www.sitsesp.org.br\/novo\/wp-content\/uploads\/2023\/01\/MODELONOVOCHAMADO170123.jpg\",\"articleSection\":[\"Destaque\",\"Noticias\"],\"inLanguage\":\"pt-BR\",\"potentialAction\":[{\"@type\":\"CommentAction\",\"name\":\"Comment\",\"target\":[\"https:\/\/www.sitsesp.org.br\/novo\/novo-presidente-da-fundacao-juiz-joao-verissimo-fernandes-assina-seu-primeiro-comunicado-a-categoria\/#respond\"]}]},{\"@type\":\"WebPage\",\"@id\":\"https:\/\/www.sitsesp.org.br\/novo\/novo-presidente-da-fundacao-juiz-joao-verissimo-fernandes-assina-seu-primeiro-comunicado-a-categoria\/\",\"url\":\"https:\/\/www.sitsesp.org.br\/novo\/novo-presidente-da-fundacao-juiz-joao-verissimo-fernandes-assina-seu-primeiro-comunicado-a-categoria\/\",\"name\":\"NOVO PRESIDENTE DA FUNDA\u00c7\u00c3O, JUIZ JO\u00c3O VER\u00cdSSIMO FERNANDES, ASSINA SEU PRIMEIRO COMUNICADO \u00c0 CATEGORIA - SITSESP\",\"isPartOf\":{\"@id\":\"https:\/\/www.sitsesp.org.br\/novo\/#website\"},\"primaryImageOfPage\":{\"@id\":\"https:\/\/www.sitsesp.org.br\/novo\/novo-presidente-da-fundacao-juiz-joao-verissimo-fernandes-assina-seu-primeiro-comunicado-a-categoria\/#primaryimage\"},\"image\":{\"@id\":\"https:\/\/www.sitsesp.org.br\/novo\/novo-presidente-da-fundacao-juiz-joao-verissimo-fernandes-assina-seu-primeiro-comunicado-a-categoria\/#primaryimage\"},\"thumbnailUrl\":\"https:\/\/www.sitsesp.org.br\/novo\/wp-content\/uploads\/2023\/01\/MODELONOVOCHAMADO170123.jpg\",\"datePublished\":\"2023-01-17T21:46:46+00:00\",\"dateModified\":\"2023-01-17T21:46:46+00:00\",\"description\":\"Nesta ter\u00e7a-feira (17) o novo presidente da Funda\u00e7\u00e3o CASA assinou seu primeiro comunicado para a categoria. Trata-se do comunicado GP n\u00b0 001\/2023 que suspende o uso do SCANNER a todos os servidores e terceiros que prestam servi\u00e7os para a institui\u00e7\u00e3o, considerando que todos devem ter o tratamento igualit\u00e1rio, revogando as disposi\u00e7\u00f5es contr\u00e1rias emitidas anteriormente.\",\"breadcrumb\":{\"@id\":\"https:\/\/www.sitsesp.org.br\/novo\/novo-presidente-da-fundacao-juiz-joao-verissimo-fernandes-assina-seu-primeiro-comunicado-a-categoria\/#breadcrumb\"},\"inLanguage\":\"pt-BR\",\"potentialAction\":[{\"@type\":\"ReadAction\",\"target\":[\"https:\/\/www.sitsesp.org.br\/novo\/novo-presidente-da-fundacao-juiz-joao-verissimo-fernandes-assina-seu-primeiro-comunicado-a-categoria\/\"]}]},{\"@type\":\"ImageObject\",\"inLanguage\":\"pt-BR\",\"@id\":\"https:\/\/www.sitsesp.org.br\/novo\/novo-presidente-da-fundacao-juiz-joao-verissimo-fernandes-assina-seu-primeiro-comunicado-a-categoria\/#primaryimage\",\"url\":\"https:\/\/www.sitsesp.org.br\/novo\/wp-content\/uploads\/2023\/01\/MODELONOVOCHAMADO170123.jpg\",\"contentUrl\":\"https:\/\/www.sitsesp.org.br\/novo\/wp-content\/uploads\/2023\/01\/MODELONOVOCHAMADO170123.jpg\",\"width\":800,\"height\":800},{\"@type\":\"BreadcrumbList\",\"@id\":\"https:\/\/www.sitsesp.org.br\/novo\/novo-presidente-da-fundacao-juiz-joao-verissimo-fernandes-assina-seu-primeiro-comunicado-a-categoria\/#breadcrumb\",\"itemListElement\":[{\"@type\":\"ListItem\",\"position\":1,\"name\":\"In\u00edcio\",\"item\":\"https:\/\/www.sitsesp.org.br\/novo\/\"},{\"@type\":\"ListItem\",\"position\":2,\"name\":\"NOVO PRESIDENTE DA FUNDA\u00c7\u00c3O, JUIZ JO\u00c3O VER\u00cdSSIMO FERNANDES, ASSINA SEU PRIMEIRO COMUNICADO \u00c0 CATEGORIA\"}]},{\"@type\":\"WebSite\",\"@id\":\"https:\/\/www.sitsesp.org.br\/novo\/#website\",\"url\":\"https:\/\/www.sitsesp.org.br\/novo\/\",\"name\":\"Sitsesp\",\"description\":\"SIndicato da Socioeduca\u00e7\u00e3o do Estado de S\u00e3o Paulo\",\"publisher\":{\"@id\":\"https:\/\/www.sitsesp.org.br\/novo\/#organization\"},\"potentialAction\":[{\"@type\":\"SearchAction\",\"target\":{\"@type\":\"EntryPoint\",\"urlTemplate\":\"https:\/\/www.sitsesp.org.br\/novo\/?s={search_term_string}\"},\"query-input\":\"required name=search_term_string\"}],\"inLanguage\":\"pt-BR\"},{\"@type\":\"Organization\",\"@id\":\"https:\/\/www.sitsesp.org.br\/novo\/#organization\",\"name\":\"Sitsesp\",\"url\":\"https:\/\/www.sitsesp.org.br\/novo\/\",\"logo\":{\"@type\":\"ImageObject\",\"inLanguage\":\"pt-BR\",\"@id\":\"https:\/\/www.sitsesp.org.br\/novo\/#\/schema\/logo\/image\/\",\"url\":\"https:\/\/www.sitsesp.org.br\/novo\/wp-content\/uploads\/2020\/09\/Design-sem-nome-1.jpg\",\"contentUrl\":\"https:\/\/www.sitsesp.org.br\/novo\/wp-content\/uploads\/2020\/09\/Design-sem-nome-1.jpg\",\"width\":300,\"height\":300,\"caption\":\"Sitsesp\"},\"image\":{\"@id\":\"https:\/\/www.sitsesp.org.br\/novo\/#\/schema\/logo\/image\/\"}},{\"@type\":\"Person\",\"@id\":\"https:\/\/www.sitsesp.org.br\/novo\/#\/schema\/person\/28e42eec160f373e81d0183b3643edbf\",\"name\":\"imprensa\",\"image\":{\"@type\":\"ImageObject\",\"inLanguage\":\"pt-BR\",\"@id\":\"https:\/\/www.sitsesp.org.br\/novo\/#\/schema\/person\/image\/\",\"url\":\"https:\/\/secure.gravatar.com\/avatar\/8d6ccd8d7d52b8959f34154e87d3fa29?s=96&d=mm&r=g\",\"contentUrl\":\"https:\/\/secure.gravatar.com\/avatar\/8d6ccd8d7d52b8959f34154e87d3fa29?s=96&d=mm&r=g\",\"caption\":\"imprensa\"}}]}<\/script>\n<!-- \/ Yoast SEO plugin. -->","yoast_head_json":{"title":"NOVO PRESIDENTE DA FUNDA\u00c7\u00c3O, JUIZ JO\u00c3O VER\u00cdSSIMO FERNANDES, ASSINA SEU PRIMEIRO COMUNICADO \u00c0 CATEGORIA - SITSESP","description":"Nesta ter\u00e7a-feira (17) o novo presidente da Funda\u00e7\u00e3o CASA assinou seu primeiro comunicado para a categoria. Trata-se do comunicado GP n\u00b0 001\/2023 que suspende o uso do SCANNER a todos os servidores e terceiros que prestam servi\u00e7os para a institui\u00e7\u00e3o, considerando que todos devem ter o tratamento igualit\u00e1rio, revogando as disposi\u00e7\u00f5es contr\u00e1rias emitidas anteriormente.","robots":{"index":"index","follow":"follow","max-snippet":"max-snippet:-1","max-image-preview":"max-image-preview:large","max-video-preview":"max-video-preview:-1"},"canonical":"https:\/\/www.sitsesp.org.br\/novo\/novo-presidente-da-fundacao-juiz-joao-verissimo-fernandes-assina-seu-primeiro-comunicado-a-categoria\/","og_locale":"pt_BR","og_type":"article","og_title":"NOVO PRESIDENTE DA FUNDA\u00c7\u00c3O, JUIZ JO\u00c3O VER\u00cdSSIMO FERNANDES, ASSINA SEU PRIMEIRO COMUNICADO \u00c0 CATEGORIA - SITSESP","og_description":"Nesta ter\u00e7a-feira (17) o novo presidente da Funda\u00e7\u00e3o CASA assinou seu primeiro comunicado para a categoria. Trata-se do comunicado GP n\u00b0 001\/2023 que suspende o uso do SCANNER a todos os servidores e terceiros que prestam servi\u00e7os para a institui\u00e7\u00e3o, considerando que todos devem ter o tratamento igualit\u00e1rio, revogando as disposi\u00e7\u00f5es contr\u00e1rias emitidas anteriormente.","og_url":"https:\/\/www.sitsesp.org.br\/novo\/novo-presidente-da-fundacao-juiz-joao-verissimo-fernandes-assina-seu-primeiro-comunicado-a-categoria\/","og_site_name":"SITSESP","article_published_time":"2023-01-17T21:46:46+00:00","og_image":[{"width":800,"height":800,"url":"https:\/\/www.sitsesp.org.br\/novo\/wp-content\/uploads\/2023\/01\/MODELONOVOCHAMADO170123.jpg","type":"image\/jpeg"}],"author":"imprensa","twitter_card":"summary_large_image","twitter_misc":{"Escrito por":"imprensa","Est. tempo de leitura":"1 minuto"},"schema":{"@context":"https:\/\/schema.org","@graph":[{"@type":"Article","@id":"https:\/\/www.sitsesp.org.br\/novo\/novo-presidente-da-fundacao-juiz-joao-verissimo-fernandes-assina-seu-primeiro-comunicado-a-categoria\/#article","isPartOf":{"@id":"https:\/\/www.sitsesp.org.br\/novo\/novo-presidente-da-fundacao-juiz-joao-verissimo-fernandes-assina-seu-primeiro-comunicado-a-categoria\/"},"author":{"name":"imprensa","@id":"https:\/\/www.sitsesp.org.br\/novo\/#\/schema\/person\/28e42eec160f373e81d0183b3643edbf"},"headline":"NOVO PRESIDENTE DA FUNDA\u00c7\u00c3O, JUIZ JO\u00c3O VER\u00cdSSIMO FERNANDES, ASSINA SEU PRIMEIRO COMUNICADO \u00c0 CATEGORIA","datePublished":"2023-01-17T21:46:46+00:00","dateModified":"2023-01-17T21:46:46+00:00","mainEntityOfPage":{"@id":"https:\/\/www.sitsesp.org.br\/novo\/novo-presidente-da-fundacao-juiz-joao-verissimo-fernandes-assina-seu-primeiro-comunicado-a-categoria\/"},"wordCount":239,"commentCount":0,"publisher":{"@id":"https:\/\/www.sitsesp.org.br\/novo\/#organization"},"image":{"@id":"https:\/\/www.sitsesp.org.br\/novo\/novo-presidente-da-fundacao-juiz-joao-verissimo-fernandes-assina-seu-primeiro-comunicado-a-categoria\/#primaryimage"},"thumbnailUrl":"https:\/\/www.sitsesp.org.br\/novo\/wp-content\/uploads\/2023\/01\/MODELONOVOCHAMADO170123.jpg","articleSection":["Destaque","Noticias"],"inLanguage":"pt-BR","potentialAction":[{"@type":"CommentAction","name":"Comment","target":["https:\/\/www.sitsesp.org.br\/novo\/novo-presidente-da-fundacao-juiz-joao-verissimo-fernandes-assina-seu-primeiro-comunicado-a-categoria\/#respond"]}]},{"@type":"WebPage","@id":"https:\/\/www.sitsesp.org.br\/novo\/novo-presidente-da-fundacao-juiz-joao-verissimo-fernandes-assina-seu-primeiro-comunicado-a-categoria\/","url":"https:\/\/www.sitsesp.org.br\/novo\/novo-presidente-da-fundacao-juiz-joao-verissimo-fernandes-assina-seu-primeiro-comunicado-a-categoria\/","name":"NOVO PRESIDENTE DA FUNDA\u00c7\u00c3O, JUIZ JO\u00c3O VER\u00cdSSIMO FERNANDES, ASSINA SEU PRIMEIRO COMUNICADO \u00c0 CATEGORIA - SITSESP","isPartOf":{"@id":"https:\/\/www.sitsesp.org.br\/novo\/#website"},"primaryImageOfPage":{"@id":"https:\/\/www.sitsesp.org.br\/novo\/novo-presidente-da-fundacao-juiz-joao-verissimo-fernandes-assina-seu-primeiro-comunicado-a-categoria\/#primaryimage"},"image":{"@id":"https:\/\/www.sitsesp.org.br\/novo\/novo-presidente-da-fundacao-juiz-joao-verissimo-fernandes-assina-seu-primeiro-comunicado-a-categoria\/#primaryimage"},"thumbnailUrl":"https:\/\/www.sitsesp.org.br\/novo\/wp-content\/uploads\/2023\/01\/MODELONOVOCHAMADO170123.jpg","datePublished":"2023-01-17T21:46:46+00:00","dateModified":"2023-01-17T21:46:46+00:00","description":"Nesta ter\u00e7a-feira (17) o novo presidente da Funda\u00e7\u00e3o CASA assinou seu primeiro comunicado para a categoria. Trata-se do comunicado GP n\u00b0 001\/2023 que suspende o uso do SCANNER a todos os servidores e terceiros que prestam servi\u00e7os para a institui\u00e7\u00e3o, considerando que todos devem ter o tratamento igualit\u00e1rio, revogando as disposi\u00e7\u00f5es contr\u00e1rias emitidas anteriormente.","breadcrumb":{"@id":"https:\/\/www.sitsesp.org.br\/novo\/novo-presidente-da-fundacao-juiz-joao-verissimo-fernandes-assina-seu-primeiro-comunicado-a-categoria\/#breadcrumb"},"inLanguage":"pt-BR","potentialAction":[{"@type":"ReadAction","target":["https:\/\/www.sitsesp.org.br\/novo\/novo-presidente-da-fundacao-juiz-joao-verissimo-fernandes-assina-seu-primeiro-comunicado-a-categoria\/"]}]},{"@type":"ImageObject","inLanguage":"pt-BR","@id":"https:\/\/www.sitsesp.org.br\/novo\/novo-presidente-da-fundacao-juiz-joao-verissimo-fernandes-assina-seu-primeiro-comunicado-a-categoria\/#primaryimage","url":"https:\/\/www.sitsesp.org.br\/novo\/wp-content\/uploads\/2023\/01\/MODELONOVOCHAMADO170123.jpg","contentUrl":"https:\/\/www.sitsesp.org.br\/novo\/wp-content\/uploads\/2023\/01\/MODELONOVOCHAMADO170123.jpg","width":800,"height":800},{"@type":"BreadcrumbList","@id":"https:\/\/www.sitsesp.org.br\/novo\/novo-presidente-da-fundacao-juiz-joao-verissimo-fernandes-assina-seu-primeiro-comunicado-a-categoria\/#breadcrumb","itemListElement":[{"@type":"ListItem","position":1,"name":"In\u00edcio","item":"https:\/\/www.sitsesp.org.br\/novo\/"},{"@type":"ListItem","position":2,"name":"NOVO PRESIDENTE DA FUNDA\u00c7\u00c3O, JUIZ JO\u00c3O VER\u00cdSSIMO FERNANDES, ASSINA SEU PRIMEIRO COMUNICADO \u00c0 CATEGORIA"}]},{"@type":"WebSite","@id":"https:\/\/www.sitsesp.org.br\/novo\/#website","url":"https:\/\/www.sitsesp.org.br\/novo\/","name":"Sitsesp","description":"SIndicato da Socioeduca\u00e7\u00e3o do Estado de S\u00e3o Paulo","publisher":{"@id":"https:\/\/www.sitsesp.org.br\/novo\/#organization"},"potentialAction":[{"@type":"SearchAction","target":{"@type":"EntryPoint","urlTemplate":"https:\/\/www.sitsesp.org.br\/novo\/?s={search_term_string}"},"query-input":"required name=search_term_string"}],"inLanguage":"pt-BR"},{"@type":"Organization","@id":"https:\/\/www.sitsesp.org.br\/novo\/#organization","name":"Sitsesp","url":"https:\/\/www.sitsesp.org.br\/novo\/","logo":{"@type":"ImageObject","inLanguage":"pt-BR","@id":"https:\/\/www.sitsesp.org.br\/novo\/#\/schema\/logo\/image\/","url":"https:\/\/www.sitsesp.org.br\/novo\/wp-content\/uploads\/2020\/09\/Design-sem-nome-1.jpg","contentUrl":"https:\/\/www.sitsesp.org.br\/novo\/wp-content\/uploads\/2020\/09\/Design-sem-nome-1.jpg","width":300,"height":300,"caption":"Sitsesp"},"image":{"@id":"https:\/\/www.sitsesp.org.br\/novo\/#\/schema\/logo\/image\/"}},{"@type":"Person","@id":"https:\/\/www.sitsesp.org.br\/novo\/#\/schema\/person\/28e42eec160f373e81d0183b3643edbf","name":"imprensa","image":{"@type":"ImageObject","inLanguage":"pt-BR","@id":"https:\/\/www.sitsesp.org.br\/novo\/#\/schema\/person\/image\/","url":"https:\/\/secure.gravatar.com\/avatar\/8d6ccd8d7d52b8959f34154e87d3fa29?s=96&d=mm&r=g","contentUrl":"https:\/\/secure.gravatar.com\/avatar\/8d6ccd8d7d52b8959f34154e87d3fa29?s=96&d=mm&r=g","caption":"imprensa"}}]}},"_links":{"self":[{"href":"https:\/\/www.sitsesp.org.br\/novo\/wp-json\/wp\/v2\/posts\/10107"}],"collection":[{"href":"https:\/\/www.sitsesp.org.br\/novo\/wp-json\/wp\/v2\/posts"}],"about":[{"href":"https:\/\/www.sitsesp.org.br\/novo\/wp-json\/wp\/v2\/types\/post"}],"author":[{"embeddable":true,"href":"https:\/\/www.sitsesp.org.br\/novo\/wp-json\/wp\/v2\/users\/5"}],"replies":[{"embeddable":true,"href":"https:\/\/www.sitsesp.org.br\/novo\/wp-json\/wp\/v2\/comments?post=10107"}],"version-history":[{"count":1,"href":"https:\/\/www.sitsesp.org.br\/novo\/wp-json\/wp\/v2\/posts\/10107\/revisions"}],"predecessor-version":[{"id":10110,"href":"https:\/\/www.sitsesp.org.br\/novo\/wp-json\/wp\/v2\/posts\/10107\/revisions\/10110"}],"wp:featuredmedia":[{"embeddable":true,"href":"https:\/\/www.sitsesp.org.br\/novo\/wp-json\/wp\/v2\/media\/10109"}],"wp:attachment":[{"href":"https:\/\/www.sitsesp.org.br\/novo\/wp-json\/wp\/v2\/media?parent=10107"}],"wp:term":[{"taxonomy":"category","embeddable":true,"href":"https:\/\/www.sitsesp.org.br\/novo\/wp-json\/wp\/v2\/categories?post=10107"},{"taxonomy":"post_tag","embeddable":true,"href":"https:\/\/www.sitsesp.org.br\/novo\/wp-json\/wp\/v2\/tags?post=10107"}],"curies":[{"name":"wp","href":"https:\/\/api.w.org\/{rel}","templated":true}]}}