{"id":10111,"date":"2023-01-18T09:26:02","date_gmt":"2023-01-18T12:26:02","guid":{"rendered":"https:\/\/sitsesp.org.br\/novo\/?p=10111"},"modified":"2023-01-18T09:26:02","modified_gmt":"2023-01-18T12:26:02","slug":"sitsesp-convoca-a-categoria-socioeducativa-para-assembleia-da-campanha-salarial","status":"publish","type":"post","link":"https:\/\/www.sitsesp.org.br\/novo\/sitsesp-convoca-a-categoria-socioeducativa-para-assembleia-da-campanha-salarial\/","title":{"rendered":"SITSESP CONVOCA A CATEGORIA SOCIOEDUCATIVA PARA ASSEMBLEIA DA CAMPANHA SALARIAL"},"content":{"rendered":"<p><!-- VideographyWP Plugin Message: Automatic video embedding prevented by plugin options. --><br \/>\nO SITSESP vem convocar a categoria para a ASSEMBLEIA PRESENCIAL que acontecer\u00e1 no pr\u00f3ximo s\u00e1bado, 21 de janeiro de 2023, com a primeira chamada \u00e0s 09h e segunda chamada \u00e0s 09h30, nas depend\u00eancias do SINTRACON \u2013 Sindicato da Constru\u00e7\u00e3o Civil de S\u00e3o Paulo.<\/p>\n<p>Endere\u00e7o Rua Conde de Sarzetas, n\u00b0 286 no Centro em S\u00e3o Paulo. Pr\u00f3ximo ao metr\u00f4 da S\u00e9 e atr\u00e1s do F\u00f3rum Jo\u00e3o Mendes.<br \/>\nA pauta ser\u00e1 a discuss\u00e3o e aprova\u00e7\u00e3o das pautas de reivindica\u00e7\u00e3o salarial e autoriza\u00e7\u00e3o para o sindicato come\u00e7ar a negocia\u00e7\u00e3o coletiva.<\/p>\n<p>O edital est\u00e1 publicado no caderno de editais do jornal Folha de S\u00e3o Paulo na data do dia 18 de janeiro de 2023.<br \/>\nO SITSESP disponibilizar\u00e1 transporte para a assembleia, procure seus delegados sindicais e dirigentes sindicais nos Centros e regi\u00e3o para se informar como se dar\u00e1 o transporte.<\/p>\n<p><img fetchpriority=\"high\" decoding=\"async\" class=\"alignnone size-medium wp-image-10112\" src=\"https:\/\/sitsesp.org.br\/novo\/wp-content\/uploads\/2023\/01\/WhatsApp-Image-2023-01-18-at-8.46.38-AM-290x300.jpeg\" alt=\"\" width=\"290\" height=\"300\" srcset=\"https:\/\/www.sitsesp.org.br\/novo\/wp-content\/uploads\/2023\/01\/WhatsApp-Image-2023-01-18-at-8.46.38-AM-290x300.jpeg 290w, https:\/\/www.sitsesp.org.br\/novo\/wp-content\/uploads\/2023\/01\/WhatsApp-Image-2023-01-18-at-8.46.38-AM-768x796.jpeg 768w, https:\/\/www.sitsesp.org.br\/novo\/wp-content\/uploads\/2023\/01\/WhatsApp-Image-2023-01-18-at-8.46.38-AM-585x606.jpeg 585w, https:\/\/www.sitsesp.org.br\/novo\/wp-content\/uploads\/2023\/01\/WhatsApp-Image-2023-01-18-at-8.46.38-AM.jpeg 772w\" sizes=\"(max-width: 290px) 100vw, 290px\" \/><\/p>\n<p>O SITSESP \u00c9 DE TODOS, PARA TODOS, TRABALHANDO COM TODOS \u2013 SEJA UM FILIADO SITSESP E PARTICIPE DA LUTA<\/p>\n","protected":false},"excerpt":{"rendered":"<p>O SITSESP vem convocar a categoria para a ASSEMBLEIA PRESENCIAL que acontecer\u00e1 no pr\u00f3ximo s\u00e1bado, 21 de janeiro de 2023, com&hellip;<\/p>\n","protected":false},"author":5,"featured_media":10113,"comment_status":"open","ping_status":"open","sticky":false,"template":"","format":"standard","meta":{"cybocfi_hide_featured_image":"","footnotes":""},"categories":[27,22],"tags":[],"yoast_head":"<!-- This site is optimized with the Yoast SEO plugin v22.8 - https:\/\/yoast.com\/wordpress\/plugins\/seo\/ -->\n<title>SITSESP CONVOCA A CATEGORIA SOCIOEDUCATIVA PARA ASSEMBLEIA DA CAMPANHA SALARIAL - SITSESP<\/title>\n<meta name=\"robots\" content=\"index, follow, max-snippet:-1, max-image-preview:large, max-video-preview:-1\" \/>\n<link rel=\"canonical\" href=\"https:\/\/www.sitsesp.org.br\/novo\/sitsesp-convoca-a-categoria-socioeducativa-para-assembleia-da-campanha-salarial\/\" \/>\n<meta property=\"og:locale\" content=\"pt_BR\" \/>\n<meta property=\"og:type\" content=\"article\" \/>\n<meta property=\"og:title\" content=\"SITSESP CONVOCA A CATEGORIA SOCIOEDUCATIVA PARA ASSEMBLEIA DA CAMPANHA SALARIAL - SITSESP\" \/>\n<meta property=\"og:description\" content=\"O SITSESP vem convocar a categoria para a ASSEMBLEIA PRESENCIAL que acontecer\u00e1 no pr\u00f3ximo s\u00e1bado, 21 de janeiro de 2023, com&hellip;\" \/>\n<meta property=\"og:url\" content=\"https:\/\/www.sitsesp.org.br\/novo\/sitsesp-convoca-a-categoria-socioeducativa-para-assembleia-da-campanha-salarial\/\" \/>\n<meta property=\"og:site_name\" content=\"SITSESP\" \/>\n<meta property=\"article:published_time\" content=\"2023-01-18T12:26:02+00:00\" \/>\n<meta property=\"og:image\" content=\"https:\/\/www.sitsesp.org.br\/novo\/wp-content\/uploads\/2023\/01\/assembleia.jpg\" \/>\n\t<meta property=\"og:image:width\" content=\"800\" \/>\n\t<meta property=\"og:image:height\" content=\"800\" \/>\n\t<meta property=\"og:image:type\" content=\"image\/jpeg\" \/>\n<meta name=\"author\" content=\"imprensa\" \/>\n<meta name=\"twitter:card\" content=\"summary_large_image\" \/>\n<meta name=\"twitter:label1\" content=\"Escrito por\" \/>\n\t<meta name=\"twitter:data1\" content=\"imprensa\" \/>\n\t<meta name=\"twitter:label2\" content=\"Est. tempo de leitura\" \/>\n\t<meta name=\"twitter:data2\" content=\"1 minuto\" \/>\n<script type=\"application\/ld+json\" class=\"yoast-schema-graph\">{\"@context\":\"https:\/\/schema.org\",\"@graph\":[{\"@type\":\"Article\",\"@id\":\"https:\/\/www.sitsesp.org.br\/novo\/sitsesp-convoca-a-categoria-socioeducativa-para-assembleia-da-campanha-salarial\/#article\",\"isPartOf\":{\"@id\":\"https:\/\/www.sitsesp.org.br\/novo\/sitsesp-convoca-a-categoria-socioeducativa-para-assembleia-da-campanha-salarial\/\"},\"author\":{\"name\":\"imprensa\",\"@id\":\"https:\/\/www.sitsesp.org.br\/novo\/#\/schema\/person\/28e42eec160f373e81d0183b3643edbf\"},\"headline\":\"SITSESP CONVOCA A CATEGORIA SOCIOEDUCATIVA PARA ASSEMBLEIA DA CAMPANHA SALARIAL\",\"datePublished\":\"2023-01-18T12:26:02+00:00\",\"dateModified\":\"2023-01-18T12:26:02+00:00\",\"mainEntityOfPage\":{\"@id\":\"https:\/\/www.sitsesp.org.br\/novo\/sitsesp-convoca-a-categoria-socioeducativa-para-assembleia-da-campanha-salarial\/\"},\"wordCount\":176,\"commentCount\":0,\"publisher\":{\"@id\":\"https:\/\/www.sitsesp.org.br\/novo\/#organization\"},\"image\":{\"@id\":\"https:\/\/www.sitsesp.org.br\/novo\/sitsesp-convoca-a-categoria-socioeducativa-para-assembleia-da-campanha-salarial\/#primaryimage\"},\"thumbnailUrl\":\"https:\/\/www.sitsesp.org.br\/novo\/wp-content\/uploads\/2023\/01\/assembleia.jpg\",\"articleSection\":[\"Destaque\",\"Noticias\"],\"inLanguage\":\"pt-BR\",\"potentialAction\":[{\"@type\":\"CommentAction\",\"name\":\"Comment\",\"target\":[\"https:\/\/www.sitsesp.org.br\/novo\/sitsesp-convoca-a-categoria-socioeducativa-para-assembleia-da-campanha-salarial\/#respond\"]}]},{\"@type\":\"WebPage\",\"@id\":\"https:\/\/www.sitsesp.org.br\/novo\/sitsesp-convoca-a-categoria-socioeducativa-para-assembleia-da-campanha-salarial\/\",\"url\":\"https:\/\/www.sitsesp.org.br\/novo\/sitsesp-convoca-a-categoria-socioeducativa-para-assembleia-da-campanha-salarial\/\",\"name\":\"SITSESP CONVOCA A CATEGORIA SOCIOEDUCATIVA PARA ASSEMBLEIA DA CAMPANHA SALARIAL - SITSESP\",\"isPartOf\":{\"@id\":\"https:\/\/www.sitsesp.org.br\/novo\/#website\"},\"primaryImageOfPage\":{\"@id\":\"https:\/\/www.sitsesp.org.br\/novo\/sitsesp-convoca-a-categoria-socioeducativa-para-assembleia-da-campanha-salarial\/#primaryimage\"},\"image\":{\"@id\":\"https:\/\/www.sitsesp.org.br\/novo\/sitsesp-convoca-a-categoria-socioeducativa-para-assembleia-da-campanha-salarial\/#primaryimage\"},\"thumbnailUrl\":\"https:\/\/www.sitsesp.org.br\/novo\/wp-content\/uploads\/2023\/01\/assembleia.jpg\",\"datePublished\":\"2023-01-18T12:26:02+00:00\",\"dateModified\":\"2023-01-18T12:26:02+00:00\",\"breadcrumb\":{\"@id\":\"https:\/\/www.sitsesp.org.br\/novo\/sitsesp-convoca-a-categoria-socioeducativa-para-assembleia-da-campanha-salarial\/#breadcrumb\"},\"inLanguage\":\"pt-BR\",\"potentialAction\":[{\"@type\":\"ReadAction\",\"target\":[\"https:\/\/www.sitsesp.org.br\/novo\/sitsesp-convoca-a-categoria-socioeducativa-para-assembleia-da-campanha-salarial\/\"]}]},{\"@type\":\"ImageObject\",\"inLanguage\":\"pt-BR\",\"@id\":\"https:\/\/www.sitsesp.org.br\/novo\/sitsesp-convoca-a-categoria-socioeducativa-para-assembleia-da-campanha-salarial\/#primaryimage\",\"url\":\"https:\/\/www.sitsesp.org.br\/novo\/wp-content\/uploads\/2023\/01\/assembleia.jpg\",\"contentUrl\":\"https:\/\/www.sitsesp.org.br\/novo\/wp-content\/uploads\/2023\/01\/assembleia.jpg\",\"width\":800,\"height\":800},{\"@type\":\"BreadcrumbList\",\"@id\":\"https:\/\/www.sitsesp.org.br\/novo\/sitsesp-convoca-a-categoria-socioeducativa-para-assembleia-da-campanha-salarial\/#breadcrumb\",\"itemListElement\":[{\"@type\":\"ListItem\",\"position\":1,\"name\":\"In\u00edcio\",\"item\":\"https:\/\/www.sitsesp.org.br\/novo\/\"},{\"@type\":\"ListItem\",\"position\":2,\"name\":\"SITSESP CONVOCA A CATEGORIA SOCIOEDUCATIVA PARA ASSEMBLEIA DA CAMPANHA SALARIAL\"}]},{\"@type\":\"WebSite\",\"@id\":\"https:\/\/www.sitsesp.org.br\/novo\/#website\",\"url\":\"https:\/\/www.sitsesp.org.br\/novo\/\",\"name\":\"Sitsesp\",\"description\":\"SIndicato da Socioeduca\u00e7\u00e3o do Estado de S\u00e3o Paulo\",\"publisher\":{\"@id\":\"https:\/\/www.sitsesp.org.br\/novo\/#organization\"},\"potentialAction\":[{\"@type\":\"SearchAction\",\"target\":{\"@type\":\"EntryPoint\",\"urlTemplate\":\"https:\/\/www.sitsesp.org.br\/novo\/?s={search_term_string}\"},\"query-input\":\"required name=search_term_string\"}],\"inLanguage\":\"pt-BR\"},{\"@type\":\"Organization\",\"@id\":\"https:\/\/www.sitsesp.org.br\/novo\/#organization\",\"name\":\"Sitsesp\",\"url\":\"https:\/\/www.sitsesp.org.br\/novo\/\",\"logo\":{\"@type\":\"ImageObject\",\"inLanguage\":\"pt-BR\",\"@id\":\"https:\/\/www.sitsesp.org.br\/novo\/#\/schema\/logo\/image\/\",\"url\":\"https:\/\/www.sitsesp.org.br\/novo\/wp-content\/uploads\/2020\/09\/Design-sem-nome-1.jpg\",\"contentUrl\":\"https:\/\/www.sitsesp.org.br\/novo\/wp-content\/uploads\/2020\/09\/Design-sem-nome-1.jpg\",\"width\":300,\"height\":300,\"caption\":\"Sitsesp\"},\"image\":{\"@id\":\"https:\/\/www.sitsesp.org.br\/novo\/#\/schema\/logo\/image\/\"}},{\"@type\":\"Person\",\"@id\":\"https:\/\/www.sitsesp.org.br\/novo\/#\/schema\/person\/28e42eec160f373e81d0183b3643edbf\",\"name\":\"imprensa\",\"image\":{\"@type\":\"ImageObject\",\"inLanguage\":\"pt-BR\",\"@id\":\"https:\/\/www.sitsesp.org.br\/novo\/#\/schema\/person\/image\/\",\"url\":\"https:\/\/secure.gravatar.com\/avatar\/8d6ccd8d7d52b8959f34154e87d3fa29?s=96&d=mm&r=g\",\"contentUrl\":\"https:\/\/secure.gravatar.com\/avatar\/8d6ccd8d7d52b8959f34154e87d3fa29?s=96&d=mm&r=g\",\"caption\":\"imprensa\"}}]}<\/script>\n<!-- \/ Yoast SEO plugin. -->","yoast_head_json":{"title":"SITSESP CONVOCA A CATEGORIA SOCIOEDUCATIVA PARA ASSEMBLEIA DA CAMPANHA SALARIAL - SITSESP","robots":{"index":"index","follow":"follow","max-snippet":"max-snippet:-1","max-image-preview":"max-image-preview:large","max-video-preview":"max-video-preview:-1"},"canonical":"https:\/\/www.sitsesp.org.br\/novo\/sitsesp-convoca-a-categoria-socioeducativa-para-assembleia-da-campanha-salarial\/","og_locale":"pt_BR","og_type":"article","og_title":"SITSESP CONVOCA A CATEGORIA SOCIOEDUCATIVA PARA ASSEMBLEIA DA CAMPANHA SALARIAL - SITSESP","og_description":"O SITSESP vem convocar a categoria para a ASSEMBLEIA PRESENCIAL que acontecer\u00e1 no pr\u00f3ximo s\u00e1bado, 21 de janeiro de 2023, com&hellip;","og_url":"https:\/\/www.sitsesp.org.br\/novo\/sitsesp-convoca-a-categoria-socioeducativa-para-assembleia-da-campanha-salarial\/","og_site_name":"SITSESP","article_published_time":"2023-01-18T12:26:02+00:00","og_image":[{"width":800,"height":800,"url":"https:\/\/www.sitsesp.org.br\/novo\/wp-content\/uploads\/2023\/01\/assembleia.jpg","type":"image\/jpeg"}],"author":"imprensa","twitter_card":"summary_large_image","twitter_misc":{"Escrito por":"imprensa","Est. tempo de leitura":"1 minuto"},"schema":{"@context":"https:\/\/schema.org","@graph":[{"@type":"Article","@id":"https:\/\/www.sitsesp.org.br\/novo\/sitsesp-convoca-a-categoria-socioeducativa-para-assembleia-da-campanha-salarial\/#article","isPartOf":{"@id":"https:\/\/www.sitsesp.org.br\/novo\/sitsesp-convoca-a-categoria-socioeducativa-para-assembleia-da-campanha-salarial\/"},"author":{"name":"imprensa","@id":"https:\/\/www.sitsesp.org.br\/novo\/#\/schema\/person\/28e42eec160f373e81d0183b3643edbf"},"headline":"SITSESP CONVOCA A CATEGORIA SOCIOEDUCATIVA PARA ASSEMBLEIA DA CAMPANHA SALARIAL","datePublished":"2023-01-18T12:26:02+00:00","dateModified":"2023-01-18T12:26:02+00:00","mainEntityOfPage":{"@id":"https:\/\/www.sitsesp.org.br\/novo\/sitsesp-convoca-a-categoria-socioeducativa-para-assembleia-da-campanha-salarial\/"},"wordCount":176,"commentCount":0,"publisher":{"@id":"https:\/\/www.sitsesp.org.br\/novo\/#organization"},"image":{"@id":"https:\/\/www.sitsesp.org.br\/novo\/sitsesp-convoca-a-categoria-socioeducativa-para-assembleia-da-campanha-salarial\/#primaryimage"},"thumbnailUrl":"https:\/\/www.sitsesp.org.br\/novo\/wp-content\/uploads\/2023\/01\/assembleia.jpg","articleSection":["Destaque","Noticias"],"inLanguage":"pt-BR","potentialAction":[{"@type":"CommentAction","name":"Comment","target":["https:\/\/www.sitsesp.org.br\/novo\/sitsesp-convoca-a-categoria-socioeducativa-para-assembleia-da-campanha-salarial\/#respond"]}]},{"@type":"WebPage","@id":"https:\/\/www.sitsesp.org.br\/novo\/sitsesp-convoca-a-categoria-socioeducativa-para-assembleia-da-campanha-salarial\/","url":"https:\/\/www.sitsesp.org.br\/novo\/sitsesp-convoca-a-categoria-socioeducativa-para-assembleia-da-campanha-salarial\/","name":"SITSESP CONVOCA A CATEGORIA SOCIOEDUCATIVA PARA ASSEMBLEIA DA CAMPANHA SALARIAL - SITSESP","isPartOf":{"@id":"https:\/\/www.sitsesp.org.br\/novo\/#website"},"primaryImageOfPage":{"@id":"https:\/\/www.sitsesp.org.br\/novo\/sitsesp-convoca-a-categoria-socioeducativa-para-assembleia-da-campanha-salarial\/#primaryimage"},"image":{"@id":"https:\/\/www.sitsesp.org.br\/novo\/sitsesp-convoca-a-categoria-socioeducativa-para-assembleia-da-campanha-salarial\/#primaryimage"},"thumbnailUrl":"https:\/\/www.sitsesp.org.br\/novo\/wp-content\/uploads\/2023\/01\/assembleia.jpg","datePublished":"2023-01-18T12:26:02+00:00","dateModified":"2023-01-18T12:26:02+00:00","breadcrumb":{"@id":"https:\/\/www.sitsesp.org.br\/novo\/sitsesp-convoca-a-categoria-socioeducativa-para-assembleia-da-campanha-salarial\/#breadcrumb"},"inLanguage":"pt-BR","potentialAction":[{"@type":"ReadAction","target":["https:\/\/www.sitsesp.org.br\/novo\/sitsesp-convoca-a-categoria-socioeducativa-para-assembleia-da-campanha-salarial\/"]}]},{"@type":"ImageObject","inLanguage":"pt-BR","@id":"https:\/\/www.sitsesp.org.br\/novo\/sitsesp-convoca-a-categoria-socioeducativa-para-assembleia-da-campanha-salarial\/#primaryimage","url":"https:\/\/www.sitsesp.org.br\/novo\/wp-content\/uploads\/2023\/01\/assembleia.jpg","contentUrl":"https:\/\/www.sitsesp.org.br\/novo\/wp-content\/uploads\/2023\/01\/assembleia.jpg","width":800,"height":800},{"@type":"BreadcrumbList","@id":"https:\/\/www.sitsesp.org.br\/novo\/sitsesp-convoca-a-categoria-socioeducativa-para-assembleia-da-campanha-salarial\/#breadcrumb","itemListElement":[{"@type":"ListItem","position":1,"name":"In\u00edcio","item":"https:\/\/www.sitsesp.org.br\/novo\/"},{"@type":"ListItem","position":2,"name":"SITSESP CONVOCA A CATEGORIA SOCIOEDUCATIVA PARA ASSEMBLEIA DA CAMPANHA SALARIAL"}]},{"@type":"WebSite","@id":"https:\/\/www.sitsesp.org.br\/novo\/#website","url":"https:\/\/www.sitsesp.org.br\/novo\/","name":"Sitsesp","description":"SIndicato da Socioeduca\u00e7\u00e3o do Estado de S\u00e3o Paulo","publisher":{"@id":"https:\/\/www.sitsesp.org.br\/novo\/#organization"},"potentialAction":[{"@type":"SearchAction","target":{"@type":"EntryPoint","urlTemplate":"https:\/\/www.sitsesp.org.br\/novo\/?s={search_term_string}"},"query-input":"required name=search_term_string"}],"inLanguage":"pt-BR"},{"@type":"Organization","@id":"https:\/\/www.sitsesp.org.br\/novo\/#organization","name":"Sitsesp","url":"https:\/\/www.sitsesp.org.br\/novo\/","logo":{"@type":"ImageObject","inLanguage":"pt-BR","@id":"https:\/\/www.sitsesp.org.br\/novo\/#\/schema\/logo\/image\/","url":"https:\/\/www.sitsesp.org.br\/novo\/wp-content\/uploads\/2020\/09\/Design-sem-nome-1.jpg","contentUrl":"https:\/\/www.sitsesp.org.br\/novo\/wp-content\/uploads\/2020\/09\/Design-sem-nome-1.jpg","width":300,"height":300,"caption":"Sitsesp"},"image":{"@id":"https:\/\/www.sitsesp.org.br\/novo\/#\/schema\/logo\/image\/"}},{"@type":"Person","@id":"https:\/\/www.sitsesp.org.br\/novo\/#\/schema\/person\/28e42eec160f373e81d0183b3643edbf","name":"imprensa","image":{"@type":"ImageObject","inLanguage":"pt-BR","@id":"https:\/\/www.sitsesp.org.br\/novo\/#\/schema\/person\/image\/","url":"https:\/\/secure.gravatar.com\/avatar\/8d6ccd8d7d52b8959f34154e87d3fa29?s=96&d=mm&r=g","contentUrl":"https:\/\/secure.gravatar.com\/avatar\/8d6ccd8d7d52b8959f34154e87d3fa29?s=96&d=mm&r=g","caption":"imprensa"}}]}},"_links":{"self":[{"href":"https:\/\/www.sitsesp.org.br\/novo\/wp-json\/wp\/v2\/posts\/10111"}],"collection":[{"href":"https:\/\/www.sitsesp.org.br\/novo\/wp-json\/wp\/v2\/posts"}],"about":[{"href":"https:\/\/www.sitsesp.org.br\/novo\/wp-json\/wp\/v2\/types\/post"}],"author":[{"embeddable":true,"href":"https:\/\/www.sitsesp.org.br\/novo\/wp-json\/wp\/v2\/users\/5"}],"replies":[{"embeddable":true,"href":"https:\/\/www.sitsesp.org.br\/novo\/wp-json\/wp\/v2\/comments?post=10111"}],"version-history":[{"count":1,"href":"https:\/\/www.sitsesp.org.br\/novo\/wp-json\/wp\/v2\/posts\/10111\/revisions"}],"predecessor-version":[{"id":10114,"href":"https:\/\/www.sitsesp.org.br\/novo\/wp-json\/wp\/v2\/posts\/10111\/revisions\/10114"}],"wp:featuredmedia":[{"embeddable":true,"href":"https:\/\/www.sitsesp.org.br\/novo\/wp-json\/wp\/v2\/media\/10113"}],"wp:attachment":[{"href":"https:\/\/www.sitsesp.org.br\/novo\/wp-json\/wp\/v2\/media?parent=10111"}],"wp:term":[{"taxonomy":"category","embeddable":true,"href":"https:\/\/www.sitsesp.org.br\/novo\/wp-json\/wp\/v2\/categories?post=10111"},{"taxonomy":"post_tag","embeddable":true,"href":"https:\/\/www.sitsesp.org.br\/novo\/wp-json\/wp\/v2\/tags?post=10111"}],"curies":[{"name":"wp","href":"https:\/\/api.w.org\/{rel}","templated":true}]}}