{"id":10282,"date":"2023-02-17T10:48:56","date_gmt":"2023-02-17T13:48:56","guid":{"rendered":"https:\/\/sitsesp.org.br\/novo\/?p=10282"},"modified":"2023-02-17T10:48:56","modified_gmt":"2023-02-17T13:48:56","slug":"sitsesp-em-movimento-diretor-sindical-retorna-ao-complexo-osasco","status":"publish","type":"post","link":"https:\/\/www.sitsesp.org.br\/novo\/sitsesp-em-movimento-diretor-sindical-retorna-ao-complexo-osasco\/","title":{"rendered":"SITSESP EM MOVIMENTO | DIRETOR SINDICAL RETORNA AO COMPLEXO OSASCO"},"content":{"rendered":"<p><!-- VideographyWP Plugin Message: Automatic video embedding prevented by plugin options. --><br \/>\nNa quarta-feira (15) o diretor sindical Iure Teixeira retornou ao Complexo Osasco para nova visita que contemplou tanto o plant\u00e3o noturno quanto o diurno.<\/p>\n<p>O diretor, que \u00e9 originalmente servidor do Centro Osasco, conversou com os servidores das \u00e1reas de seguran\u00e7a, pedagogia, psicossocial, sa\u00fade e administra\u00e7\u00e3o, esclarecendo as d\u00favidas dos trabalhadores e orientando-os. O diretor sindical procedeu com a entrega dos jornais informativos sobre a campanha salarial 2023 e do Jur\u00eddico em Movimento.<\/p>\n<p>A Gest\u00e3o Reconstru\u00e7\u00e3o e Luta SITSESP continuar\u00e1 com as visitas peri\u00f3dicas aos Centros visando sempre aproximar servidor e sindicato para que possamos lutar por melhores condi\u00e7\u00f5es de trabalho e valoriza\u00e7\u00e3o profissional sempre.<\/p>\n<div id=\"penci-post-gallery__55269\" class=\"penci-post-gallery-container justified column-3\" data-height=\"150\" data-margin=\"3\"><a class=\"item-gallery-justified\" href=\"https:\/\/www.sitsesp.org.br\/novo\/wp-content\/uploads\/2023\/02\/WhatsApp-Image-2023-02-17-at-10.07.21-AM-1.jpeg\"><img decoding=\"async\" src=\"https:\/\/www.sitsesp.org.br\/novo\/wp-content\/uploads\/2023\/02\/WhatsApp-Image-2023-02-17-at-10.07.21-AM-1-585x439.jpeg\" alt=\"\" title=\"WhatsApp Image 2023-02-17 at 10.07.21 AM (1)\"><\/a><a class=\"item-gallery-justified\" href=\"https:\/\/www.sitsesp.org.br\/novo\/wp-content\/uploads\/2023\/02\/iure2.jpg\"><img decoding=\"async\" src=\"https:\/\/www.sitsesp.org.br\/novo\/wp-content\/uploads\/2023\/02\/iure2-585x439.jpg\" alt=\"\" title=\"iure2\"><\/a><a class=\"item-gallery-justified\" href=\"https:\/\/www.sitsesp.org.br\/novo\/wp-content\/uploads\/2023\/02\/iure.jpg\"><img decoding=\"async\" src=\"https:\/\/www.sitsesp.org.br\/novo\/wp-content\/uploads\/2023\/02\/iure-585x439.jpg\" alt=\"\" title=\"iure\"><\/a><a class=\"item-gallery-justified\" href=\"https:\/\/www.sitsesp.org.br\/novo\/wp-content\/uploads\/2023\/02\/WhatsApp-Image-2023-02-17-at-10.07.20-AM.jpeg\"><img decoding=\"async\" src=\"https:\/\/www.sitsesp.org.br\/novo\/wp-content\/uploads\/2023\/02\/WhatsApp-Image-2023-02-17-at-10.07.20-AM-585x439.jpeg\" alt=\"\" title=\"WhatsApp Image 2023-02-17 at 10.07.20 AM\"><\/a><a class=\"item-gallery-justified\" href=\"https:\/\/www.sitsesp.org.br\/novo\/wp-content\/uploads\/2023\/02\/WhatsApp-Image-2023-02-17-at-10.07.22-AM-1.jpeg\"><img decoding=\"async\" src=\"https:\/\/www.sitsesp.org.br\/novo\/wp-content\/uploads\/2023\/02\/WhatsApp-Image-2023-02-17-at-10.07.22-AM-1-585x439.jpeg\" alt=\"\" title=\"WhatsApp Image 2023-02-17 at 10.07.22 AM (1)\"><\/a><a class=\"item-gallery-justified\" href=\"https:\/\/www.sitsesp.org.br\/novo\/wp-content\/uploads\/2023\/02\/WhatsApp-Image-2023-02-17-at-10.07.22-AM.jpeg\"><img decoding=\"async\" src=\"https:\/\/www.sitsesp.org.br\/novo\/wp-content\/uploads\/2023\/02\/WhatsApp-Image-2023-02-17-at-10.07.22-AM-585x439.jpeg\" alt=\"\" title=\"WhatsApp Image 2023-02-17 at 10.07.22 AM\"><\/a><\/div>\n<p><strong>O SITSESP \u00c9 DE TODOS, PARA TODOS, TRABALHANDO COM TODOS &#8211; SEJA UM FILIADO SITSESP E PARTICIPE DA LUTA<\/strong><\/p>\n","protected":false},"excerpt":{"rendered":"<p>Na quarta-feira (15) o diretor sindical Iure Teixeira retornou ao Complexo Osasco para nova visita que contemplou tanto o plant\u00e3o noturno&hellip;<\/p>\n","protected":false},"author":5,"featured_media":10285,"comment_status":"open","ping_status":"open","sticky":false,"template":"","format":"standard","meta":{"cybocfi_hide_featured_image":"","footnotes":""},"categories":[27,22],"tags":[],"yoast_head":"<!-- This site is optimized with the Yoast SEO plugin v22.8 - https:\/\/yoast.com\/wordpress\/plugins\/seo\/ -->\n<title>SITSESP EM MOVIMENTO | DIRETOR SINDICAL RETORNA AO COMPLEXO OSASCO - SITSESP<\/title>\n<meta name=\"robots\" content=\"index, follow, max-snippet:-1, max-image-preview:large, max-video-preview:-1\" \/>\n<link rel=\"canonical\" href=\"https:\/\/www.sitsesp.org.br\/novo\/sitsesp-em-movimento-diretor-sindical-retorna-ao-complexo-osasco\/\" \/>\n<meta property=\"og:locale\" content=\"pt_BR\" \/>\n<meta property=\"og:type\" content=\"article\" \/>\n<meta property=\"og:title\" content=\"SITSESP EM MOVIMENTO | DIRETOR SINDICAL RETORNA AO COMPLEXO OSASCO - SITSESP\" \/>\n<meta property=\"og:description\" content=\"Na quarta-feira (15) o diretor sindical Iure Teixeira retornou ao Complexo Osasco para nova visita que contemplou tanto o plant\u00e3o noturno&hellip;\" \/>\n<meta property=\"og:url\" content=\"https:\/\/www.sitsesp.org.br\/novo\/sitsesp-em-movimento-diretor-sindical-retorna-ao-complexo-osasco\/\" \/>\n<meta property=\"og:site_name\" content=\"SITSESP\" \/>\n<meta property=\"article:published_time\" content=\"2023-02-17T13:48:56+00:00\" \/>\n<meta property=\"og:image\" content=\"https:\/\/www.sitsesp.org.br\/novo\/wp-content\/uploads\/2023\/02\/iure.jpg\" \/>\n\t<meta property=\"og:image:width\" content=\"800\" \/>\n\t<meta property=\"og:image:height\" content=\"600\" \/>\n\t<meta property=\"og:image:type\" content=\"image\/jpeg\" \/>\n<meta name=\"author\" content=\"imprensa\" \/>\n<meta name=\"twitter:card\" content=\"summary_large_image\" \/>\n<meta name=\"twitter:label1\" content=\"Escrito por\" \/>\n\t<meta name=\"twitter:data1\" content=\"imprensa\" \/>\n\t<meta name=\"twitter:label2\" content=\"Est. tempo de leitura\" \/>\n\t<meta name=\"twitter:data2\" content=\"1 minuto\" \/>\n<script type=\"application\/ld+json\" class=\"yoast-schema-graph\">{\"@context\":\"https:\/\/schema.org\",\"@graph\":[{\"@type\":\"Article\",\"@id\":\"https:\/\/www.sitsesp.org.br\/novo\/sitsesp-em-movimento-diretor-sindical-retorna-ao-complexo-osasco\/#article\",\"isPartOf\":{\"@id\":\"https:\/\/www.sitsesp.org.br\/novo\/sitsesp-em-movimento-diretor-sindical-retorna-ao-complexo-osasco\/\"},\"author\":{\"name\":\"imprensa\",\"@id\":\"https:\/\/www.sitsesp.org.br\/novo\/#\/schema\/person\/28e42eec160f373e81d0183b3643edbf\"},\"headline\":\"SITSESP EM MOVIMENTO | DIRETOR SINDICAL RETORNA AO COMPLEXO OSASCO\",\"datePublished\":\"2023-02-17T13:48:56+00:00\",\"dateModified\":\"2023-02-17T13:48:56+00:00\",\"mainEntityOfPage\":{\"@id\":\"https:\/\/www.sitsesp.org.br\/novo\/sitsesp-em-movimento-diretor-sindical-retorna-ao-complexo-osasco\/\"},\"wordCount\":144,\"commentCount\":0,\"publisher\":{\"@id\":\"https:\/\/www.sitsesp.org.br\/novo\/#organization\"},\"image\":{\"@id\":\"https:\/\/www.sitsesp.org.br\/novo\/sitsesp-em-movimento-diretor-sindical-retorna-ao-complexo-osasco\/#primaryimage\"},\"thumbnailUrl\":\"https:\/\/www.sitsesp.org.br\/novo\/wp-content\/uploads\/2023\/02\/iure.jpg\",\"articleSection\":[\"Destaque\",\"Noticias\"],\"inLanguage\":\"pt-BR\",\"potentialAction\":[{\"@type\":\"CommentAction\",\"name\":\"Comment\",\"target\":[\"https:\/\/www.sitsesp.org.br\/novo\/sitsesp-em-movimento-diretor-sindical-retorna-ao-complexo-osasco\/#respond\"]}]},{\"@type\":\"WebPage\",\"@id\":\"https:\/\/www.sitsesp.org.br\/novo\/sitsesp-em-movimento-diretor-sindical-retorna-ao-complexo-osasco\/\",\"url\":\"https:\/\/www.sitsesp.org.br\/novo\/sitsesp-em-movimento-diretor-sindical-retorna-ao-complexo-osasco\/\",\"name\":\"SITSESP EM MOVIMENTO | DIRETOR SINDICAL RETORNA AO COMPLEXO OSASCO - SITSESP\",\"isPartOf\":{\"@id\":\"https:\/\/www.sitsesp.org.br\/novo\/#website\"},\"primaryImageOfPage\":{\"@id\":\"https:\/\/www.sitsesp.org.br\/novo\/sitsesp-em-movimento-diretor-sindical-retorna-ao-complexo-osasco\/#primaryimage\"},\"image\":{\"@id\":\"https:\/\/www.sitsesp.org.br\/novo\/sitsesp-em-movimento-diretor-sindical-retorna-ao-complexo-osasco\/#primaryimage\"},\"thumbnailUrl\":\"https:\/\/www.sitsesp.org.br\/novo\/wp-content\/uploads\/2023\/02\/iure.jpg\",\"datePublished\":\"2023-02-17T13:48:56+00:00\",\"dateModified\":\"2023-02-17T13:48:56+00:00\",\"breadcrumb\":{\"@id\":\"https:\/\/www.sitsesp.org.br\/novo\/sitsesp-em-movimento-diretor-sindical-retorna-ao-complexo-osasco\/#breadcrumb\"},\"inLanguage\":\"pt-BR\",\"potentialAction\":[{\"@type\":\"ReadAction\",\"target\":[\"https:\/\/www.sitsesp.org.br\/novo\/sitsesp-em-movimento-diretor-sindical-retorna-ao-complexo-osasco\/\"]}]},{\"@type\":\"ImageObject\",\"inLanguage\":\"pt-BR\",\"@id\":\"https:\/\/www.sitsesp.org.br\/novo\/sitsesp-em-movimento-diretor-sindical-retorna-ao-complexo-osasco\/#primaryimage\",\"url\":\"https:\/\/www.sitsesp.org.br\/novo\/wp-content\/uploads\/2023\/02\/iure.jpg\",\"contentUrl\":\"https:\/\/www.sitsesp.org.br\/novo\/wp-content\/uploads\/2023\/02\/iure.jpg\",\"width\":800,\"height\":600},{\"@type\":\"BreadcrumbList\",\"@id\":\"https:\/\/www.sitsesp.org.br\/novo\/sitsesp-em-movimento-diretor-sindical-retorna-ao-complexo-osasco\/#breadcrumb\",\"itemListElement\":[{\"@type\":\"ListItem\",\"position\":1,\"name\":\"In\u00edcio\",\"item\":\"https:\/\/www.sitsesp.org.br\/novo\/\"},{\"@type\":\"ListItem\",\"position\":2,\"name\":\"SITSESP EM MOVIMENTO | DIRETOR SINDICAL RETORNA AO COMPLEXO OSASCO\"}]},{\"@type\":\"WebSite\",\"@id\":\"https:\/\/www.sitsesp.org.br\/novo\/#website\",\"url\":\"https:\/\/www.sitsesp.org.br\/novo\/\",\"name\":\"Sitsesp\",\"description\":\"SIndicato da Socioeduca\u00e7\u00e3o do Estado de S\u00e3o Paulo\",\"publisher\":{\"@id\":\"https:\/\/www.sitsesp.org.br\/novo\/#organization\"},\"potentialAction\":[{\"@type\":\"SearchAction\",\"target\":{\"@type\":\"EntryPoint\",\"urlTemplate\":\"https:\/\/www.sitsesp.org.br\/novo\/?s={search_term_string}\"},\"query-input\":\"required name=search_term_string\"}],\"inLanguage\":\"pt-BR\"},{\"@type\":\"Organization\",\"@id\":\"https:\/\/www.sitsesp.org.br\/novo\/#organization\",\"name\":\"Sitsesp\",\"url\":\"https:\/\/www.sitsesp.org.br\/novo\/\",\"logo\":{\"@type\":\"ImageObject\",\"inLanguage\":\"pt-BR\",\"@id\":\"https:\/\/www.sitsesp.org.br\/novo\/#\/schema\/logo\/image\/\",\"url\":\"https:\/\/www.sitsesp.org.br\/novo\/wp-content\/uploads\/2020\/09\/Design-sem-nome-1.jpg\",\"contentUrl\":\"https:\/\/www.sitsesp.org.br\/novo\/wp-content\/uploads\/2020\/09\/Design-sem-nome-1.jpg\",\"width\":300,\"height\":300,\"caption\":\"Sitsesp\"},\"image\":{\"@id\":\"https:\/\/www.sitsesp.org.br\/novo\/#\/schema\/logo\/image\/\"}},{\"@type\":\"Person\",\"@id\":\"https:\/\/www.sitsesp.org.br\/novo\/#\/schema\/person\/28e42eec160f373e81d0183b3643edbf\",\"name\":\"imprensa\",\"image\":{\"@type\":\"ImageObject\",\"inLanguage\":\"pt-BR\",\"@id\":\"https:\/\/www.sitsesp.org.br\/novo\/#\/schema\/person\/image\/\",\"url\":\"https:\/\/secure.gravatar.com\/avatar\/8d6ccd8d7d52b8959f34154e87d3fa29?s=96&d=mm&r=g\",\"contentUrl\":\"https:\/\/secure.gravatar.com\/avatar\/8d6ccd8d7d52b8959f34154e87d3fa29?s=96&d=mm&r=g\",\"caption\":\"imprensa\"}}]}<\/script>\n<!-- \/ Yoast SEO plugin. -->","yoast_head_json":{"title":"SITSESP EM MOVIMENTO | DIRETOR SINDICAL RETORNA AO COMPLEXO OSASCO - SITSESP","robots":{"index":"index","follow":"follow","max-snippet":"max-snippet:-1","max-image-preview":"max-image-preview:large","max-video-preview":"max-video-preview:-1"},"canonical":"https:\/\/www.sitsesp.org.br\/novo\/sitsesp-em-movimento-diretor-sindical-retorna-ao-complexo-osasco\/","og_locale":"pt_BR","og_type":"article","og_title":"SITSESP EM MOVIMENTO | DIRETOR SINDICAL RETORNA AO COMPLEXO OSASCO - SITSESP","og_description":"Na quarta-feira (15) o diretor sindical Iure Teixeira retornou ao Complexo Osasco para nova visita que contemplou tanto o plant\u00e3o noturno&hellip;","og_url":"https:\/\/www.sitsesp.org.br\/novo\/sitsesp-em-movimento-diretor-sindical-retorna-ao-complexo-osasco\/","og_site_name":"SITSESP","article_published_time":"2023-02-17T13:48:56+00:00","og_image":[{"width":800,"height":600,"url":"https:\/\/www.sitsesp.org.br\/novo\/wp-content\/uploads\/2023\/02\/iure.jpg","type":"image\/jpeg"}],"author":"imprensa","twitter_card":"summary_large_image","twitter_misc":{"Escrito por":"imprensa","Est. tempo de leitura":"1 minuto"},"schema":{"@context":"https:\/\/schema.org","@graph":[{"@type":"Article","@id":"https:\/\/www.sitsesp.org.br\/novo\/sitsesp-em-movimento-diretor-sindical-retorna-ao-complexo-osasco\/#article","isPartOf":{"@id":"https:\/\/www.sitsesp.org.br\/novo\/sitsesp-em-movimento-diretor-sindical-retorna-ao-complexo-osasco\/"},"author":{"name":"imprensa","@id":"https:\/\/www.sitsesp.org.br\/novo\/#\/schema\/person\/28e42eec160f373e81d0183b3643edbf"},"headline":"SITSESP EM MOVIMENTO | DIRETOR SINDICAL RETORNA AO COMPLEXO OSASCO","datePublished":"2023-02-17T13:48:56+00:00","dateModified":"2023-02-17T13:48:56+00:00","mainEntityOfPage":{"@id":"https:\/\/www.sitsesp.org.br\/novo\/sitsesp-em-movimento-diretor-sindical-retorna-ao-complexo-osasco\/"},"wordCount":144,"commentCount":0,"publisher":{"@id":"https:\/\/www.sitsesp.org.br\/novo\/#organization"},"image":{"@id":"https:\/\/www.sitsesp.org.br\/novo\/sitsesp-em-movimento-diretor-sindical-retorna-ao-complexo-osasco\/#primaryimage"},"thumbnailUrl":"https:\/\/www.sitsesp.org.br\/novo\/wp-content\/uploads\/2023\/02\/iure.jpg","articleSection":["Destaque","Noticias"],"inLanguage":"pt-BR","potentialAction":[{"@type":"CommentAction","name":"Comment","target":["https:\/\/www.sitsesp.org.br\/novo\/sitsesp-em-movimento-diretor-sindical-retorna-ao-complexo-osasco\/#respond"]}]},{"@type":"WebPage","@id":"https:\/\/www.sitsesp.org.br\/novo\/sitsesp-em-movimento-diretor-sindical-retorna-ao-complexo-osasco\/","url":"https:\/\/www.sitsesp.org.br\/novo\/sitsesp-em-movimento-diretor-sindical-retorna-ao-complexo-osasco\/","name":"SITSESP EM MOVIMENTO | DIRETOR SINDICAL RETORNA AO COMPLEXO OSASCO - SITSESP","isPartOf":{"@id":"https:\/\/www.sitsesp.org.br\/novo\/#website"},"primaryImageOfPage":{"@id":"https:\/\/www.sitsesp.org.br\/novo\/sitsesp-em-movimento-diretor-sindical-retorna-ao-complexo-osasco\/#primaryimage"},"image":{"@id":"https:\/\/www.sitsesp.org.br\/novo\/sitsesp-em-movimento-diretor-sindical-retorna-ao-complexo-osasco\/#primaryimage"},"thumbnailUrl":"https:\/\/www.sitsesp.org.br\/novo\/wp-content\/uploads\/2023\/02\/iure.jpg","datePublished":"2023-02-17T13:48:56+00:00","dateModified":"2023-02-17T13:48:56+00:00","breadcrumb":{"@id":"https:\/\/www.sitsesp.org.br\/novo\/sitsesp-em-movimento-diretor-sindical-retorna-ao-complexo-osasco\/#breadcrumb"},"inLanguage":"pt-BR","potentialAction":[{"@type":"ReadAction","target":["https:\/\/www.sitsesp.org.br\/novo\/sitsesp-em-movimento-diretor-sindical-retorna-ao-complexo-osasco\/"]}]},{"@type":"ImageObject","inLanguage":"pt-BR","@id":"https:\/\/www.sitsesp.org.br\/novo\/sitsesp-em-movimento-diretor-sindical-retorna-ao-complexo-osasco\/#primaryimage","url":"https:\/\/www.sitsesp.org.br\/novo\/wp-content\/uploads\/2023\/02\/iure.jpg","contentUrl":"https:\/\/www.sitsesp.org.br\/novo\/wp-content\/uploads\/2023\/02\/iure.jpg","width":800,"height":600},{"@type":"BreadcrumbList","@id":"https:\/\/www.sitsesp.org.br\/novo\/sitsesp-em-movimento-diretor-sindical-retorna-ao-complexo-osasco\/#breadcrumb","itemListElement":[{"@type":"ListItem","position":1,"name":"In\u00edcio","item":"https:\/\/www.sitsesp.org.br\/novo\/"},{"@type":"ListItem","position":2,"name":"SITSESP EM MOVIMENTO | DIRETOR SINDICAL RETORNA AO COMPLEXO OSASCO"}]},{"@type":"WebSite","@id":"https:\/\/www.sitsesp.org.br\/novo\/#website","url":"https:\/\/www.sitsesp.org.br\/novo\/","name":"Sitsesp","description":"SIndicato da Socioeduca\u00e7\u00e3o do Estado de S\u00e3o Paulo","publisher":{"@id":"https:\/\/www.sitsesp.org.br\/novo\/#organization"},"potentialAction":[{"@type":"SearchAction","target":{"@type":"EntryPoint","urlTemplate":"https:\/\/www.sitsesp.org.br\/novo\/?s={search_term_string}"},"query-input":"required name=search_term_string"}],"inLanguage":"pt-BR"},{"@type":"Organization","@id":"https:\/\/www.sitsesp.org.br\/novo\/#organization","name":"Sitsesp","url":"https:\/\/www.sitsesp.org.br\/novo\/","logo":{"@type":"ImageObject","inLanguage":"pt-BR","@id":"https:\/\/www.sitsesp.org.br\/novo\/#\/schema\/logo\/image\/","url":"https:\/\/www.sitsesp.org.br\/novo\/wp-content\/uploads\/2020\/09\/Design-sem-nome-1.jpg","contentUrl":"https:\/\/www.sitsesp.org.br\/novo\/wp-content\/uploads\/2020\/09\/Design-sem-nome-1.jpg","width":300,"height":300,"caption":"Sitsesp"},"image":{"@id":"https:\/\/www.sitsesp.org.br\/novo\/#\/schema\/logo\/image\/"}},{"@type":"Person","@id":"https:\/\/www.sitsesp.org.br\/novo\/#\/schema\/person\/28e42eec160f373e81d0183b3643edbf","name":"imprensa","image":{"@type":"ImageObject","inLanguage":"pt-BR","@id":"https:\/\/www.sitsesp.org.br\/novo\/#\/schema\/person\/image\/","url":"https:\/\/secure.gravatar.com\/avatar\/8d6ccd8d7d52b8959f34154e87d3fa29?s=96&d=mm&r=g","contentUrl":"https:\/\/secure.gravatar.com\/avatar\/8d6ccd8d7d52b8959f34154e87d3fa29?s=96&d=mm&r=g","caption":"imprensa"}}]}},"_links":{"self":[{"href":"https:\/\/www.sitsesp.org.br\/novo\/wp-json\/wp\/v2\/posts\/10282"}],"collection":[{"href":"https:\/\/www.sitsesp.org.br\/novo\/wp-json\/wp\/v2\/posts"}],"about":[{"href":"https:\/\/www.sitsesp.org.br\/novo\/wp-json\/wp\/v2\/types\/post"}],"author":[{"embeddable":true,"href":"https:\/\/www.sitsesp.org.br\/novo\/wp-json\/wp\/v2\/users\/5"}],"replies":[{"embeddable":true,"href":"https:\/\/www.sitsesp.org.br\/novo\/wp-json\/wp\/v2\/comments?post=10282"}],"version-history":[{"count":1,"href":"https:\/\/www.sitsesp.org.br\/novo\/wp-json\/wp\/v2\/posts\/10282\/revisions"}],"predecessor-version":[{"id":10289,"href":"https:\/\/www.sitsesp.org.br\/novo\/wp-json\/wp\/v2\/posts\/10282\/revisions\/10289"}],"wp:featuredmedia":[{"embeddable":true,"href":"https:\/\/www.sitsesp.org.br\/novo\/wp-json\/wp\/v2\/media\/10285"}],"wp:attachment":[{"href":"https:\/\/www.sitsesp.org.br\/novo\/wp-json\/wp\/v2\/media?parent=10282"}],"wp:term":[{"taxonomy":"category","embeddable":true,"href":"https:\/\/www.sitsesp.org.br\/novo\/wp-json\/wp\/v2\/categories?post=10282"},{"taxonomy":"post_tag","embeddable":true,"href":"https:\/\/www.sitsesp.org.br\/novo\/wp-json\/wp\/v2\/tags?post=10282"}],"curies":[{"name":"wp","href":"https:\/\/api.w.org\/{rel}","templated":true}]}}