{"id":10290,"date":"2023-02-22T18:36:30","date_gmt":"2023-02-22T21:36:30","guid":{"rendered":"https:\/\/sitsesp.org.br\/novo\/?p=10290"},"modified":"2023-02-25T13:22:06","modified_gmt":"2023-02-25T16:22:06","slug":"sitsesp-reunioes-setoriais-ata-de-reuniao-e-pauta-de-negociacao","status":"publish","type":"post","link":"https:\/\/www.sitsesp.org.br\/novo\/sitsesp-reunioes-setoriais-ata-de-reuniao-e-pauta-de-negociacao\/","title":{"rendered":"SITSESP INFORMA | REUNI\u00d5ES SETORIAIS, ATA DE REUNI\u00c3O E PAUTA DE NEGOCIA\u00c7\u00c3O"},"content":{"rendered":"<p><!-- VideographyWP Plugin Message: Automatic video embedding prevented by plugin options. --><br \/>\nA Gest\u00e3o Reconstru\u00e7\u00e3o e Luta SITSESP, diante da devolutiva da executiva da Funda\u00e7\u00e3o CASA relativa ao of\u00edcio sindical n\u00b0 015\/2023 &#8211; Campanha Salarial 2023, recebida na \u00faltima quinta e sexta-feira (16 e 17) &#8220;Ata e Pautas&#8221;, respectivamente, enviadas nas v\u00e9speras de um feriad\u00e3o e ponto facultativo e, ainda, depois do deferimento parcial da libera\u00e7\u00e3o de ponto da diretoria e delegados sindicais inviabilizando o andamento dos trabalhos.<\/p>\n<p>O SITSESP vem informar \u00e0 categoria que ficaram decididas as seguintes datas para as reuni\u00f5es virtuais setoriais, com o objetivo de discutirmos a contraproposta. As reuni\u00f5es ter\u00e3o in\u00edcio amanh\u00e3, quinta-feira (23\/02), com o setor pedag\u00f3gico:<\/p>\n<p><strong>PEDAGOGIA 23\/02<\/strong>, <strong>hor\u00e1rio a definir.<\/strong><br \/>\n<strong>OPERACIONAL\/MOTORISTA 24\/02, hor\u00e1rio a definir. <\/strong><br \/>\n<strong>ENFERMAGEM\/SA\u00daDE 27\/02, hor\u00e1rio a definir.<\/strong><br \/>\n<strong>PISICOSSOCIAL 28\/02, hor\u00e1rio a definir.<\/strong><br \/>\n<strong>SEGURAN\u00c7A 01\/03, hor\u00e1rio a definir.<br \/>\nADMINISTRATIVO\u00a0 02\/03, hor\u00e1rio a definir.<\/strong><\/p>\n<p>Os respons\u00e1veis pela organiza\u00e7\u00e3o dos grupos de reuni\u00f5es ser\u00e3o a diretoria sindical, delegados(as) e membros da comiss\u00e3o.<\/p>\n<p><a href=\"https:\/\/sitsesp.org.br\/novo\/wp-content\/uploads\/2023\/02\/Ata-de-Reuniao-FC-e-SITSESP-15.02.23.pdf\" class=\"pdfemb-viewer\" style=\"\" data-width=\"max\" data-height=\"max\" data-toolbar=\"bottom\" data-toolbar-fixed=\"off\">Ata de Reuni\u00e3o FC e SITSESP 15.02.23<\/a><br \/>\n<a href=\"https:\/\/sitsesp.org.br\/novo\/wp-content\/uploads\/2023\/02\/Ata-de-Reuniao-FC-e-SITSESP-15.02.23.pdf\">Baixe Aqui<\/a><\/p>\n<p><a href=\"https:\/\/sitsesp.org.br\/novo\/wp-content\/uploads\/2023\/02\/Oficio-GP-091-23-SITSESP-Resposta-ao-Oficio-Sindical-015-2023-Apresentacao-da-Pauta-Sindical-de-Reivindicacoes-da-Campanha-Salarial-2023-encaminhando-Manifestacao-AJ-1.pdf\" class=\"pdfemb-viewer\" style=\"\" data-width=\"max\" data-height=\"max\" data-toolbar=\"bottom\" data-toolbar-fixed=\"off\">Of\u00edcio GP 091 23 SITSESP Resposta ao Of\u00edcio Sindical 015-2023 Apresenta\u00e7\u00e3o da Pauta Sindical de Reivindica\u00e7\u00f5es da Campanha Salarial 2023 encaminhando Manifesta\u00e7\u00e3o AJ (1)<\/a><br \/>\n<a href=\"https:\/\/sitsesp.org.br\/novo\/wp-content\/uploads\/2023\/02\/Oficio-GP-091-23-SITSESP-Resposta-ao-Oficio-Sindical-015-2023-Apresentacao-da-Pauta-Sindical-de-Reivindicacoes-da-Campanha-Salarial-2023-encaminhando-Manifestacao-AJ-1.pdf\">Baixe aqui<\/a><\/p>\n<p>SITSESP informando a categoria com a devida transpar\u00eancia.<\/p>\n<p><strong>O SITSESP \u00c9 DE TODOS, PARA TODOS, TRABALHANDO COM TODOS &#8211; SEJA UM FILIADO SITSESP E PARTICIPE DA LUTA<\/strong><\/p>\n","protected":false},"excerpt":{"rendered":"<p>A Gest\u00e3o Reconstru\u00e7\u00e3o e Luta SITSESP, diante da devolutiva da executiva da Funda\u00e7\u00e3o CASA relativa ao of\u00edcio sindical n\u00b0 015\/2023 &#8211;&hellip;<\/p>\n","protected":false},"author":5,"featured_media":10321,"comment_status":"open","ping_status":"open","sticky":false,"template":"","format":"standard","meta":{"cybocfi_hide_featured_image":"","footnotes":""},"categories":[27,22],"tags":[],"yoast_head":"<!-- This site is optimized with the Yoast SEO plugin v22.8 - https:\/\/yoast.com\/wordpress\/plugins\/seo\/ -->\n<title>SITSESP INFORMA | REUNI\u00d5ES SETORIAIS, ATA DE REUNI\u00c3O E PAUTA DE NEGOCIA\u00c7\u00c3O - SITSESP<\/title>\n<meta name=\"robots\" content=\"index, follow, max-snippet:-1, max-image-preview:large, max-video-preview:-1\" \/>\n<link rel=\"canonical\" href=\"https:\/\/www.sitsesp.org.br\/novo\/sitsesp-reunioes-setoriais-ata-de-reuniao-e-pauta-de-negociacao\/\" \/>\n<meta property=\"og:locale\" content=\"pt_BR\" \/>\n<meta property=\"og:type\" content=\"article\" \/>\n<meta property=\"og:title\" content=\"SITSESP INFORMA | REUNI\u00d5ES SETORIAIS, ATA DE REUNI\u00c3O E PAUTA DE NEGOCIA\u00c7\u00c3O - SITSESP\" \/>\n<meta property=\"og:description\" content=\"A Gest\u00e3o Reconstru\u00e7\u00e3o e Luta SITSESP, diante da devolutiva da executiva da Funda\u00e7\u00e3o CASA relativa ao of\u00edcio sindical n\u00b0 015\/2023 &#8211;&hellip;\" \/>\n<meta property=\"og:url\" content=\"https:\/\/www.sitsesp.org.br\/novo\/sitsesp-reunioes-setoriais-ata-de-reuniao-e-pauta-de-negociacao\/\" \/>\n<meta property=\"og:site_name\" content=\"SITSESP\" \/>\n<meta property=\"article:published_time\" content=\"2023-02-22T21:36:30+00:00\" \/>\n<meta property=\"article:modified_time\" content=\"2023-02-25T16:22:06+00:00\" \/>\n<meta property=\"og:image\" content=\"https:\/\/www.sitsesp.org.br\/novo\/wp-content\/uploads\/2023\/02\/2502-1.jpg\" \/>\n\t<meta property=\"og:image:width\" content=\"800\" \/>\n\t<meta property=\"og:image:height\" content=\"800\" \/>\n\t<meta property=\"og:image:type\" content=\"image\/jpeg\" \/>\n<meta name=\"author\" content=\"imprensa\" \/>\n<meta name=\"twitter:card\" content=\"summary_large_image\" \/>\n<meta name=\"twitter:label1\" content=\"Escrito por\" \/>\n\t<meta name=\"twitter:data1\" content=\"imprensa\" \/>\n\t<meta name=\"twitter:label2\" content=\"Est. tempo de leitura\" \/>\n\t<meta name=\"twitter:data2\" content=\"2 minutos\" \/>\n<script type=\"application\/ld+json\" class=\"yoast-schema-graph\">{\"@context\":\"https:\/\/schema.org\",\"@graph\":[{\"@type\":\"Article\",\"@id\":\"https:\/\/www.sitsesp.org.br\/novo\/sitsesp-reunioes-setoriais-ata-de-reuniao-e-pauta-de-negociacao\/#article\",\"isPartOf\":{\"@id\":\"https:\/\/www.sitsesp.org.br\/novo\/sitsesp-reunioes-setoriais-ata-de-reuniao-e-pauta-de-negociacao\/\"},\"author\":{\"name\":\"imprensa\",\"@id\":\"https:\/\/www.sitsesp.org.br\/novo\/#\/schema\/person\/28e42eec160f373e81d0183b3643edbf\"},\"headline\":\"SITSESP INFORMA | REUNI\u00d5ES SETORIAIS, ATA DE REUNI\u00c3O E PAUTA DE NEGOCIA\u00c7\u00c3O\",\"datePublished\":\"2023-02-22T21:36:30+00:00\",\"dateModified\":\"2023-02-25T16:22:06+00:00\",\"mainEntityOfPage\":{\"@id\":\"https:\/\/www.sitsesp.org.br\/novo\/sitsesp-reunioes-setoriais-ata-de-reuniao-e-pauta-de-negociacao\/\"},\"wordCount\":270,\"commentCount\":0,\"publisher\":{\"@id\":\"https:\/\/www.sitsesp.org.br\/novo\/#organization\"},\"image\":{\"@id\":\"https:\/\/www.sitsesp.org.br\/novo\/sitsesp-reunioes-setoriais-ata-de-reuniao-e-pauta-de-negociacao\/#primaryimage\"},\"thumbnailUrl\":\"https:\/\/www.sitsesp.org.br\/novo\/wp-content\/uploads\/2023\/02\/2502-1.jpg\",\"articleSection\":[\"Destaque\",\"Noticias\"],\"inLanguage\":\"pt-BR\",\"potentialAction\":[{\"@type\":\"CommentAction\",\"name\":\"Comment\",\"target\":[\"https:\/\/www.sitsesp.org.br\/novo\/sitsesp-reunioes-setoriais-ata-de-reuniao-e-pauta-de-negociacao\/#respond\"]}]},{\"@type\":\"WebPage\",\"@id\":\"https:\/\/www.sitsesp.org.br\/novo\/sitsesp-reunioes-setoriais-ata-de-reuniao-e-pauta-de-negociacao\/\",\"url\":\"https:\/\/www.sitsesp.org.br\/novo\/sitsesp-reunioes-setoriais-ata-de-reuniao-e-pauta-de-negociacao\/\",\"name\":\"SITSESP INFORMA | REUNI\u00d5ES SETORIAIS, ATA DE REUNI\u00c3O E PAUTA DE NEGOCIA\u00c7\u00c3O - SITSESP\",\"isPartOf\":{\"@id\":\"https:\/\/www.sitsesp.org.br\/novo\/#website\"},\"primaryImageOfPage\":{\"@id\":\"https:\/\/www.sitsesp.org.br\/novo\/sitsesp-reunioes-setoriais-ata-de-reuniao-e-pauta-de-negociacao\/#primaryimage\"},\"image\":{\"@id\":\"https:\/\/www.sitsesp.org.br\/novo\/sitsesp-reunioes-setoriais-ata-de-reuniao-e-pauta-de-negociacao\/#primaryimage\"},\"thumbnailUrl\":\"https:\/\/www.sitsesp.org.br\/novo\/wp-content\/uploads\/2023\/02\/2502-1.jpg\",\"datePublished\":\"2023-02-22T21:36:30+00:00\",\"dateModified\":\"2023-02-25T16:22:06+00:00\",\"breadcrumb\":{\"@id\":\"https:\/\/www.sitsesp.org.br\/novo\/sitsesp-reunioes-setoriais-ata-de-reuniao-e-pauta-de-negociacao\/#breadcrumb\"},\"inLanguage\":\"pt-BR\",\"potentialAction\":[{\"@type\":\"ReadAction\",\"target\":[\"https:\/\/www.sitsesp.org.br\/novo\/sitsesp-reunioes-setoriais-ata-de-reuniao-e-pauta-de-negociacao\/\"]}]},{\"@type\":\"ImageObject\",\"inLanguage\":\"pt-BR\",\"@id\":\"https:\/\/www.sitsesp.org.br\/novo\/sitsesp-reunioes-setoriais-ata-de-reuniao-e-pauta-de-negociacao\/#primaryimage\",\"url\":\"https:\/\/www.sitsesp.org.br\/novo\/wp-content\/uploads\/2023\/02\/2502-1.jpg\",\"contentUrl\":\"https:\/\/www.sitsesp.org.br\/novo\/wp-content\/uploads\/2023\/02\/2502-1.jpg\",\"width\":800,\"height\":800},{\"@type\":\"BreadcrumbList\",\"@id\":\"https:\/\/www.sitsesp.org.br\/novo\/sitsesp-reunioes-setoriais-ata-de-reuniao-e-pauta-de-negociacao\/#breadcrumb\",\"itemListElement\":[{\"@type\":\"ListItem\",\"position\":1,\"name\":\"In\u00edcio\",\"item\":\"https:\/\/www.sitsesp.org.br\/novo\/\"},{\"@type\":\"ListItem\",\"position\":2,\"name\":\"SITSESP INFORMA | REUNI\u00d5ES SETORIAIS, ATA DE REUNI\u00c3O E PAUTA DE NEGOCIA\u00c7\u00c3O\"}]},{\"@type\":\"WebSite\",\"@id\":\"https:\/\/www.sitsesp.org.br\/novo\/#website\",\"url\":\"https:\/\/www.sitsesp.org.br\/novo\/\",\"name\":\"Sitsesp\",\"description\":\"SIndicato da Socioeduca\u00e7\u00e3o do Estado de S\u00e3o Paulo\",\"publisher\":{\"@id\":\"https:\/\/www.sitsesp.org.br\/novo\/#organization\"},\"potentialAction\":[{\"@type\":\"SearchAction\",\"target\":{\"@type\":\"EntryPoint\",\"urlTemplate\":\"https:\/\/www.sitsesp.org.br\/novo\/?s={search_term_string}\"},\"query-input\":\"required name=search_term_string\"}],\"inLanguage\":\"pt-BR\"},{\"@type\":\"Organization\",\"@id\":\"https:\/\/www.sitsesp.org.br\/novo\/#organization\",\"name\":\"Sitsesp\",\"url\":\"https:\/\/www.sitsesp.org.br\/novo\/\",\"logo\":{\"@type\":\"ImageObject\",\"inLanguage\":\"pt-BR\",\"@id\":\"https:\/\/www.sitsesp.org.br\/novo\/#\/schema\/logo\/image\/\",\"url\":\"https:\/\/www.sitsesp.org.br\/novo\/wp-content\/uploads\/2020\/09\/Design-sem-nome-1.jpg\",\"contentUrl\":\"https:\/\/www.sitsesp.org.br\/novo\/wp-content\/uploads\/2020\/09\/Design-sem-nome-1.jpg\",\"width\":300,\"height\":300,\"caption\":\"Sitsesp\"},\"image\":{\"@id\":\"https:\/\/www.sitsesp.org.br\/novo\/#\/schema\/logo\/image\/\"}},{\"@type\":\"Person\",\"@id\":\"https:\/\/www.sitsesp.org.br\/novo\/#\/schema\/person\/28e42eec160f373e81d0183b3643edbf\",\"name\":\"imprensa\",\"image\":{\"@type\":\"ImageObject\",\"inLanguage\":\"pt-BR\",\"@id\":\"https:\/\/www.sitsesp.org.br\/novo\/#\/schema\/person\/image\/\",\"url\":\"https:\/\/secure.gravatar.com\/avatar\/8d6ccd8d7d52b8959f34154e87d3fa29?s=96&d=mm&r=g\",\"contentUrl\":\"https:\/\/secure.gravatar.com\/avatar\/8d6ccd8d7d52b8959f34154e87d3fa29?s=96&d=mm&r=g\",\"caption\":\"imprensa\"}}]}<\/script>\n<!-- \/ Yoast SEO plugin. -->","yoast_head_json":{"title":"SITSESP INFORMA | REUNI\u00d5ES SETORIAIS, ATA DE REUNI\u00c3O E PAUTA DE NEGOCIA\u00c7\u00c3O - SITSESP","robots":{"index":"index","follow":"follow","max-snippet":"max-snippet:-1","max-image-preview":"max-image-preview:large","max-video-preview":"max-video-preview:-1"},"canonical":"https:\/\/www.sitsesp.org.br\/novo\/sitsesp-reunioes-setoriais-ata-de-reuniao-e-pauta-de-negociacao\/","og_locale":"pt_BR","og_type":"article","og_title":"SITSESP INFORMA | REUNI\u00d5ES SETORIAIS, ATA DE REUNI\u00c3O E PAUTA DE NEGOCIA\u00c7\u00c3O - SITSESP","og_description":"A Gest\u00e3o Reconstru\u00e7\u00e3o e Luta SITSESP, diante da devolutiva da executiva da Funda\u00e7\u00e3o CASA relativa ao of\u00edcio sindical n\u00b0 015\/2023 &#8211;&hellip;","og_url":"https:\/\/www.sitsesp.org.br\/novo\/sitsesp-reunioes-setoriais-ata-de-reuniao-e-pauta-de-negociacao\/","og_site_name":"SITSESP","article_published_time":"2023-02-22T21:36:30+00:00","article_modified_time":"2023-02-25T16:22:06+00:00","og_image":[{"width":800,"height":800,"url":"https:\/\/www.sitsesp.org.br\/novo\/wp-content\/uploads\/2023\/02\/2502-1.jpg","type":"image\/jpeg"}],"author":"imprensa","twitter_card":"summary_large_image","twitter_misc":{"Escrito por":"imprensa","Est. tempo de leitura":"2 minutos"},"schema":{"@context":"https:\/\/schema.org","@graph":[{"@type":"Article","@id":"https:\/\/www.sitsesp.org.br\/novo\/sitsesp-reunioes-setoriais-ata-de-reuniao-e-pauta-de-negociacao\/#article","isPartOf":{"@id":"https:\/\/www.sitsesp.org.br\/novo\/sitsesp-reunioes-setoriais-ata-de-reuniao-e-pauta-de-negociacao\/"},"author":{"name":"imprensa","@id":"https:\/\/www.sitsesp.org.br\/novo\/#\/schema\/person\/28e42eec160f373e81d0183b3643edbf"},"headline":"SITSESP INFORMA | REUNI\u00d5ES SETORIAIS, ATA DE REUNI\u00c3O E PAUTA DE NEGOCIA\u00c7\u00c3O","datePublished":"2023-02-22T21:36:30+00:00","dateModified":"2023-02-25T16:22:06+00:00","mainEntityOfPage":{"@id":"https:\/\/www.sitsesp.org.br\/novo\/sitsesp-reunioes-setoriais-ata-de-reuniao-e-pauta-de-negociacao\/"},"wordCount":270,"commentCount":0,"publisher":{"@id":"https:\/\/www.sitsesp.org.br\/novo\/#organization"},"image":{"@id":"https:\/\/www.sitsesp.org.br\/novo\/sitsesp-reunioes-setoriais-ata-de-reuniao-e-pauta-de-negociacao\/#primaryimage"},"thumbnailUrl":"https:\/\/www.sitsesp.org.br\/novo\/wp-content\/uploads\/2023\/02\/2502-1.jpg","articleSection":["Destaque","Noticias"],"inLanguage":"pt-BR","potentialAction":[{"@type":"CommentAction","name":"Comment","target":["https:\/\/www.sitsesp.org.br\/novo\/sitsesp-reunioes-setoriais-ata-de-reuniao-e-pauta-de-negociacao\/#respond"]}]},{"@type":"WebPage","@id":"https:\/\/www.sitsesp.org.br\/novo\/sitsesp-reunioes-setoriais-ata-de-reuniao-e-pauta-de-negociacao\/","url":"https:\/\/www.sitsesp.org.br\/novo\/sitsesp-reunioes-setoriais-ata-de-reuniao-e-pauta-de-negociacao\/","name":"SITSESP INFORMA | REUNI\u00d5ES SETORIAIS, ATA DE REUNI\u00c3O E PAUTA DE NEGOCIA\u00c7\u00c3O - SITSESP","isPartOf":{"@id":"https:\/\/www.sitsesp.org.br\/novo\/#website"},"primaryImageOfPage":{"@id":"https:\/\/www.sitsesp.org.br\/novo\/sitsesp-reunioes-setoriais-ata-de-reuniao-e-pauta-de-negociacao\/#primaryimage"},"image":{"@id":"https:\/\/www.sitsesp.org.br\/novo\/sitsesp-reunioes-setoriais-ata-de-reuniao-e-pauta-de-negociacao\/#primaryimage"},"thumbnailUrl":"https:\/\/www.sitsesp.org.br\/novo\/wp-content\/uploads\/2023\/02\/2502-1.jpg","datePublished":"2023-02-22T21:36:30+00:00","dateModified":"2023-02-25T16:22:06+00:00","breadcrumb":{"@id":"https:\/\/www.sitsesp.org.br\/novo\/sitsesp-reunioes-setoriais-ata-de-reuniao-e-pauta-de-negociacao\/#breadcrumb"},"inLanguage":"pt-BR","potentialAction":[{"@type":"ReadAction","target":["https:\/\/www.sitsesp.org.br\/novo\/sitsesp-reunioes-setoriais-ata-de-reuniao-e-pauta-de-negociacao\/"]}]},{"@type":"ImageObject","inLanguage":"pt-BR","@id":"https:\/\/www.sitsesp.org.br\/novo\/sitsesp-reunioes-setoriais-ata-de-reuniao-e-pauta-de-negociacao\/#primaryimage","url":"https:\/\/www.sitsesp.org.br\/novo\/wp-content\/uploads\/2023\/02\/2502-1.jpg","contentUrl":"https:\/\/www.sitsesp.org.br\/novo\/wp-content\/uploads\/2023\/02\/2502-1.jpg","width":800,"height":800},{"@type":"BreadcrumbList","@id":"https:\/\/www.sitsesp.org.br\/novo\/sitsesp-reunioes-setoriais-ata-de-reuniao-e-pauta-de-negociacao\/#breadcrumb","itemListElement":[{"@type":"ListItem","position":1,"name":"In\u00edcio","item":"https:\/\/www.sitsesp.org.br\/novo\/"},{"@type":"ListItem","position":2,"name":"SITSESP INFORMA | REUNI\u00d5ES SETORIAIS, ATA DE REUNI\u00c3O E PAUTA DE NEGOCIA\u00c7\u00c3O"}]},{"@type":"WebSite","@id":"https:\/\/www.sitsesp.org.br\/novo\/#website","url":"https:\/\/www.sitsesp.org.br\/novo\/","name":"Sitsesp","description":"SIndicato da Socioeduca\u00e7\u00e3o do Estado de S\u00e3o Paulo","publisher":{"@id":"https:\/\/www.sitsesp.org.br\/novo\/#organization"},"potentialAction":[{"@type":"SearchAction","target":{"@type":"EntryPoint","urlTemplate":"https:\/\/www.sitsesp.org.br\/novo\/?s={search_term_string}"},"query-input":"required name=search_term_string"}],"inLanguage":"pt-BR"},{"@type":"Organization","@id":"https:\/\/www.sitsesp.org.br\/novo\/#organization","name":"Sitsesp","url":"https:\/\/www.sitsesp.org.br\/novo\/","logo":{"@type":"ImageObject","inLanguage":"pt-BR","@id":"https:\/\/www.sitsesp.org.br\/novo\/#\/schema\/logo\/image\/","url":"https:\/\/www.sitsesp.org.br\/novo\/wp-content\/uploads\/2020\/09\/Design-sem-nome-1.jpg","contentUrl":"https:\/\/www.sitsesp.org.br\/novo\/wp-content\/uploads\/2020\/09\/Design-sem-nome-1.jpg","width":300,"height":300,"caption":"Sitsesp"},"image":{"@id":"https:\/\/www.sitsesp.org.br\/novo\/#\/schema\/logo\/image\/"}},{"@type":"Person","@id":"https:\/\/www.sitsesp.org.br\/novo\/#\/schema\/person\/28e42eec160f373e81d0183b3643edbf","name":"imprensa","image":{"@type":"ImageObject","inLanguage":"pt-BR","@id":"https:\/\/www.sitsesp.org.br\/novo\/#\/schema\/person\/image\/","url":"https:\/\/secure.gravatar.com\/avatar\/8d6ccd8d7d52b8959f34154e87d3fa29?s=96&d=mm&r=g","contentUrl":"https:\/\/secure.gravatar.com\/avatar\/8d6ccd8d7d52b8959f34154e87d3fa29?s=96&d=mm&r=g","caption":"imprensa"}}]}},"_links":{"self":[{"href":"https:\/\/www.sitsesp.org.br\/novo\/wp-json\/wp\/v2\/posts\/10290"}],"collection":[{"href":"https:\/\/www.sitsesp.org.br\/novo\/wp-json\/wp\/v2\/posts"}],"about":[{"href":"https:\/\/www.sitsesp.org.br\/novo\/wp-json\/wp\/v2\/types\/post"}],"author":[{"embeddable":true,"href":"https:\/\/www.sitsesp.org.br\/novo\/wp-json\/wp\/v2\/users\/5"}],"replies":[{"embeddable":true,"href":"https:\/\/www.sitsesp.org.br\/novo\/wp-json\/wp\/v2\/comments?post=10290"}],"version-history":[{"count":7,"href":"https:\/\/www.sitsesp.org.br\/novo\/wp-json\/wp\/v2\/posts\/10290\/revisions"}],"predecessor-version":[{"id":10322,"href":"https:\/\/www.sitsesp.org.br\/novo\/wp-json\/wp\/v2\/posts\/10290\/revisions\/10322"}],"wp:featuredmedia":[{"embeddable":true,"href":"https:\/\/www.sitsesp.org.br\/novo\/wp-json\/wp\/v2\/media\/10321"}],"wp:attachment":[{"href":"https:\/\/www.sitsesp.org.br\/novo\/wp-json\/wp\/v2\/media?parent=10290"}],"wp:term":[{"taxonomy":"category","embeddable":true,"href":"https:\/\/www.sitsesp.org.br\/novo\/wp-json\/wp\/v2\/categories?post=10290"},{"taxonomy":"post_tag","embeddable":true,"href":"https:\/\/www.sitsesp.org.br\/novo\/wp-json\/wp\/v2\/tags?post=10290"}],"curies":[{"name":"wp","href":"https:\/\/api.w.org\/{rel}","templated":true}]}}