{"id":10494,"date":"2023-03-17T15:53:55","date_gmt":"2023-03-17T18:53:55","guid":{"rendered":"https:\/\/sitsesp.org.br\/novo\/?p=10494"},"modified":"2023-03-17T15:54:39","modified_gmt":"2023-03-17T18:54:39","slug":"sitsesp-em-movimento-delegados-se-mobilizam-nas-entregas-dos-informativos-da-campanha-salarial","status":"publish","type":"post","link":"https:\/\/www.sitsesp.org.br\/novo\/sitsesp-em-movimento-delegados-se-mobilizam-nas-entregas-dos-informativos-da-campanha-salarial\/","title":{"rendered":"SITSESP EM MOVIMENTO | DELEGADOS SE MOBILIZAM NAS ENTREGAS DOS INFORMATIVOS DA CAMPANHA SALARIAL"},"content":{"rendered":"<p><!-- VideographyWP Plugin Message: Automatic video embedding prevented by plugin options. --><\/p>\n<div><\/div>\n<div>Delegados sindicais e colaboradores fizeram uma maratona em diversos Centros pelo estado para conversar com servidores, ouvir demandas e convocar a categoria para participar ativamente da Campanha Salarial 2023. Foram entregues os informativos da Campanha Salarial 2023 e do Jur\u00eddico Itinerante.<\/div>\n<div><\/div>\n<div><\/div>\n<div>\u00c9 de suma import\u00e2ncia que a categoria se mobilize junto com a entidade sindical para que possamos sair desta situa\u00e7\u00e3o que h\u00e1 anos se abateu sobre os trabalhadores. Falta de est\u00edmulos, falta de efetivo, falta de seguran\u00e7a no local de trabalho e fora dele, enfim, falta reconhecimento para que o(a) servidor(a) do sistema socioeducativo possa realizar seu trabalho com dignidade.<\/div>\n<div><\/div>\n<div><\/div>\n<div>Para isso os delegados sindicais est\u00e3o empenhados na conscientiza\u00e7\u00e3o sobre a import\u00e2ncia da participa\u00e7\u00e3o do trabalhador na campanha salarial!<\/div>\n<div><\/div>\n<div><\/div>\n<div>O delegado sindical \u00c1lvaro (Alvinho) esteve em Franca na DRN; o delegado sindical Gildo no Complexo Irapuru; o delegado sindical Roberto Lopes no Complexo Ara\u00e7atuba; o delegado sindical Juarez no Complexo Bauru; a delegada sindical Luciene Santos no Complexo Cerqueira Cesar; no Complexo Lins a delegada sindical Aline Alonso e a colaboradora sindical Denise fizeram o trabalho; em Mirassol o delegado Jos\u00e9 Boff; em Tamoios, Jacare\u00ed, Taubat\u00e9 e Lorena o trabalho ficou por conta do delegado Luiz Rodrigo.<\/div>\n<div><\/div>\n<div><\/div>\n<div>\u00c9 a Gest\u00e3o Reconstru\u00e7\u00e3o e Luta SITSESP trabalhando em conjunto para a categoria socioeducativa.<\/div>\n<div><\/div>\n<div><\/div>\n<div><strong>O SITSESP \u00c9 DE TODOS, PARA TODOS, TRABALHANDO COM TODOS &#8211; SEJA UM FILIADO SITSESP E PARTICIPE DA LUTA<\/strong><\/div>\n","protected":false},"excerpt":{"rendered":"<p>Delegados sindicais e colaboradores fizeram uma maratona em diversos Centros pelo estado para conversar com servidores, ouvir demandas e convocar a&hellip;<\/p>\n","protected":false},"author":5,"featured_media":10495,"comment_status":"open","ping_status":"open","sticky":false,"template":"","format":"standard","meta":{"cybocfi_hide_featured_image":"","footnotes":""},"categories":[27,22],"tags":[],"yoast_head":"<!-- This site is optimized with the Yoast SEO plugin v22.8 - https:\/\/yoast.com\/wordpress\/plugins\/seo\/ -->\n<title>SITSESP EM MOVIMENTO | DELEGADOS SE MOBILIZAM NAS ENTREGAS DOS INFORMATIVOS DA CAMPANHA SALARIAL - SITSESP<\/title>\n<meta name=\"robots\" content=\"index, follow, max-snippet:-1, max-image-preview:large, max-video-preview:-1\" \/>\n<link rel=\"canonical\" href=\"https:\/\/www.sitsesp.org.br\/novo\/sitsesp-em-movimento-delegados-se-mobilizam-nas-entregas-dos-informativos-da-campanha-salarial\/\" \/>\n<meta property=\"og:locale\" content=\"pt_BR\" \/>\n<meta property=\"og:type\" content=\"article\" \/>\n<meta property=\"og:title\" content=\"SITSESP EM MOVIMENTO | DELEGADOS SE MOBILIZAM NAS ENTREGAS DOS INFORMATIVOS DA CAMPANHA SALARIAL - SITSESP\" \/>\n<meta property=\"og:description\" content=\"Delegados sindicais e colaboradores fizeram uma maratona em diversos Centros pelo estado para conversar com servidores, ouvir demandas e convocar a&hellip;\" \/>\n<meta property=\"og:url\" content=\"https:\/\/www.sitsesp.org.br\/novo\/sitsesp-em-movimento-delegados-se-mobilizam-nas-entregas-dos-informativos-da-campanha-salarial\/\" \/>\n<meta property=\"og:site_name\" content=\"SITSESP\" \/>\n<meta property=\"article:published_time\" content=\"2023-03-17T18:53:55+00:00\" \/>\n<meta property=\"article:modified_time\" content=\"2023-03-17T18:54:39+00:00\" \/>\n<meta property=\"og:image\" content=\"https:\/\/www.sitsesp.org.br\/novo\/wp-content\/uploads\/2023\/03\/fotosdelegados.jpg\" \/>\n\t<meta property=\"og:image:width\" content=\"640\" \/>\n\t<meta property=\"og:image:height\" content=\"800\" \/>\n\t<meta property=\"og:image:type\" content=\"image\/jpeg\" \/>\n<meta name=\"author\" content=\"imprensa\" \/>\n<meta name=\"twitter:card\" content=\"summary_large_image\" \/>\n<meta name=\"twitter:label1\" content=\"Escrito por\" \/>\n\t<meta name=\"twitter:data1\" content=\"imprensa\" \/>\n\t<meta name=\"twitter:label2\" content=\"Est. tempo de leitura\" \/>\n\t<meta name=\"twitter:data2\" content=\"1 minuto\" \/>\n<script type=\"application\/ld+json\" class=\"yoast-schema-graph\">{\"@context\":\"https:\/\/schema.org\",\"@graph\":[{\"@type\":\"Article\",\"@id\":\"https:\/\/www.sitsesp.org.br\/novo\/sitsesp-em-movimento-delegados-se-mobilizam-nas-entregas-dos-informativos-da-campanha-salarial\/#article\",\"isPartOf\":{\"@id\":\"https:\/\/www.sitsesp.org.br\/novo\/sitsesp-em-movimento-delegados-se-mobilizam-nas-entregas-dos-informativos-da-campanha-salarial\/\"},\"author\":{\"name\":\"imprensa\",\"@id\":\"https:\/\/www.sitsesp.org.br\/novo\/#\/schema\/person\/28e42eec160f373e81d0183b3643edbf\"},\"headline\":\"SITSESP EM MOVIMENTO | DELEGADOS SE MOBILIZAM NAS ENTREGAS DOS INFORMATIVOS DA CAMPANHA SALARIAL\",\"datePublished\":\"2023-03-17T18:53:55+00:00\",\"dateModified\":\"2023-03-17T18:54:39+00:00\",\"mainEntityOfPage\":{\"@id\":\"https:\/\/www.sitsesp.org.br\/novo\/sitsesp-em-movimento-delegados-se-mobilizam-nas-entregas-dos-informativos-da-campanha-salarial\/\"},\"wordCount\":253,\"commentCount\":0,\"publisher\":{\"@id\":\"https:\/\/www.sitsesp.org.br\/novo\/#organization\"},\"image\":{\"@id\":\"https:\/\/www.sitsesp.org.br\/novo\/sitsesp-em-movimento-delegados-se-mobilizam-nas-entregas-dos-informativos-da-campanha-salarial\/#primaryimage\"},\"thumbnailUrl\":\"https:\/\/www.sitsesp.org.br\/novo\/wp-content\/uploads\/2023\/03\/fotosdelegados.jpg\",\"articleSection\":[\"Destaque\",\"Noticias\"],\"inLanguage\":\"pt-BR\",\"potentialAction\":[{\"@type\":\"CommentAction\",\"name\":\"Comment\",\"target\":[\"https:\/\/www.sitsesp.org.br\/novo\/sitsesp-em-movimento-delegados-se-mobilizam-nas-entregas-dos-informativos-da-campanha-salarial\/#respond\"]}]},{\"@type\":\"WebPage\",\"@id\":\"https:\/\/www.sitsesp.org.br\/novo\/sitsesp-em-movimento-delegados-se-mobilizam-nas-entregas-dos-informativos-da-campanha-salarial\/\",\"url\":\"https:\/\/www.sitsesp.org.br\/novo\/sitsesp-em-movimento-delegados-se-mobilizam-nas-entregas-dos-informativos-da-campanha-salarial\/\",\"name\":\"SITSESP EM MOVIMENTO | DELEGADOS SE MOBILIZAM NAS ENTREGAS DOS INFORMATIVOS DA CAMPANHA SALARIAL - SITSESP\",\"isPartOf\":{\"@id\":\"https:\/\/www.sitsesp.org.br\/novo\/#website\"},\"primaryImageOfPage\":{\"@id\":\"https:\/\/www.sitsesp.org.br\/novo\/sitsesp-em-movimento-delegados-se-mobilizam-nas-entregas-dos-informativos-da-campanha-salarial\/#primaryimage\"},\"image\":{\"@id\":\"https:\/\/www.sitsesp.org.br\/novo\/sitsesp-em-movimento-delegados-se-mobilizam-nas-entregas-dos-informativos-da-campanha-salarial\/#primaryimage\"},\"thumbnailUrl\":\"https:\/\/www.sitsesp.org.br\/novo\/wp-content\/uploads\/2023\/03\/fotosdelegados.jpg\",\"datePublished\":\"2023-03-17T18:53:55+00:00\",\"dateModified\":\"2023-03-17T18:54:39+00:00\",\"breadcrumb\":{\"@id\":\"https:\/\/www.sitsesp.org.br\/novo\/sitsesp-em-movimento-delegados-se-mobilizam-nas-entregas-dos-informativos-da-campanha-salarial\/#breadcrumb\"},\"inLanguage\":\"pt-BR\",\"potentialAction\":[{\"@type\":\"ReadAction\",\"target\":[\"https:\/\/www.sitsesp.org.br\/novo\/sitsesp-em-movimento-delegados-se-mobilizam-nas-entregas-dos-informativos-da-campanha-salarial\/\"]}]},{\"@type\":\"ImageObject\",\"inLanguage\":\"pt-BR\",\"@id\":\"https:\/\/www.sitsesp.org.br\/novo\/sitsesp-em-movimento-delegados-se-mobilizam-nas-entregas-dos-informativos-da-campanha-salarial\/#primaryimage\",\"url\":\"https:\/\/www.sitsesp.org.br\/novo\/wp-content\/uploads\/2023\/03\/fotosdelegados.jpg\",\"contentUrl\":\"https:\/\/www.sitsesp.org.br\/novo\/wp-content\/uploads\/2023\/03\/fotosdelegados.jpg\",\"width\":640,\"height\":800},{\"@type\":\"BreadcrumbList\",\"@id\":\"https:\/\/www.sitsesp.org.br\/novo\/sitsesp-em-movimento-delegados-se-mobilizam-nas-entregas-dos-informativos-da-campanha-salarial\/#breadcrumb\",\"itemListElement\":[{\"@type\":\"ListItem\",\"position\":1,\"name\":\"In\u00edcio\",\"item\":\"https:\/\/www.sitsesp.org.br\/novo\/\"},{\"@type\":\"ListItem\",\"position\":2,\"name\":\"SITSESP EM MOVIMENTO | DELEGADOS SE MOBILIZAM NAS ENTREGAS DOS INFORMATIVOS DA CAMPANHA SALARIAL\"}]},{\"@type\":\"WebSite\",\"@id\":\"https:\/\/www.sitsesp.org.br\/novo\/#website\",\"url\":\"https:\/\/www.sitsesp.org.br\/novo\/\",\"name\":\"Sitsesp\",\"description\":\"SIndicato da Socioeduca\u00e7\u00e3o do Estado de S\u00e3o Paulo\",\"publisher\":{\"@id\":\"https:\/\/www.sitsesp.org.br\/novo\/#organization\"},\"potentialAction\":[{\"@type\":\"SearchAction\",\"target\":{\"@type\":\"EntryPoint\",\"urlTemplate\":\"https:\/\/www.sitsesp.org.br\/novo\/?s={search_term_string}\"},\"query-input\":\"required name=search_term_string\"}],\"inLanguage\":\"pt-BR\"},{\"@type\":\"Organization\",\"@id\":\"https:\/\/www.sitsesp.org.br\/novo\/#organization\",\"name\":\"Sitsesp\",\"url\":\"https:\/\/www.sitsesp.org.br\/novo\/\",\"logo\":{\"@type\":\"ImageObject\",\"inLanguage\":\"pt-BR\",\"@id\":\"https:\/\/www.sitsesp.org.br\/novo\/#\/schema\/logo\/image\/\",\"url\":\"https:\/\/www.sitsesp.org.br\/novo\/wp-content\/uploads\/2020\/09\/Design-sem-nome-1.jpg\",\"contentUrl\":\"https:\/\/www.sitsesp.org.br\/novo\/wp-content\/uploads\/2020\/09\/Design-sem-nome-1.jpg\",\"width\":300,\"height\":300,\"caption\":\"Sitsesp\"},\"image\":{\"@id\":\"https:\/\/www.sitsesp.org.br\/novo\/#\/schema\/logo\/image\/\"}},{\"@type\":\"Person\",\"@id\":\"https:\/\/www.sitsesp.org.br\/novo\/#\/schema\/person\/28e42eec160f373e81d0183b3643edbf\",\"name\":\"imprensa\",\"image\":{\"@type\":\"ImageObject\",\"inLanguage\":\"pt-BR\",\"@id\":\"https:\/\/www.sitsesp.org.br\/novo\/#\/schema\/person\/image\/\",\"url\":\"https:\/\/secure.gravatar.com\/avatar\/8d6ccd8d7d52b8959f34154e87d3fa29?s=96&d=mm&r=g\",\"contentUrl\":\"https:\/\/secure.gravatar.com\/avatar\/8d6ccd8d7d52b8959f34154e87d3fa29?s=96&d=mm&r=g\",\"caption\":\"imprensa\"}}]}<\/script>\n<!-- \/ Yoast SEO plugin. -->","yoast_head_json":{"title":"SITSESP EM MOVIMENTO | DELEGADOS SE MOBILIZAM NAS ENTREGAS DOS INFORMATIVOS DA CAMPANHA SALARIAL - SITSESP","robots":{"index":"index","follow":"follow","max-snippet":"max-snippet:-1","max-image-preview":"max-image-preview:large","max-video-preview":"max-video-preview:-1"},"canonical":"https:\/\/www.sitsesp.org.br\/novo\/sitsesp-em-movimento-delegados-se-mobilizam-nas-entregas-dos-informativos-da-campanha-salarial\/","og_locale":"pt_BR","og_type":"article","og_title":"SITSESP EM MOVIMENTO | DELEGADOS SE MOBILIZAM NAS ENTREGAS DOS INFORMATIVOS DA CAMPANHA SALARIAL - SITSESP","og_description":"Delegados sindicais e colaboradores fizeram uma maratona em diversos Centros pelo estado para conversar com servidores, ouvir demandas e convocar a&hellip;","og_url":"https:\/\/www.sitsesp.org.br\/novo\/sitsesp-em-movimento-delegados-se-mobilizam-nas-entregas-dos-informativos-da-campanha-salarial\/","og_site_name":"SITSESP","article_published_time":"2023-03-17T18:53:55+00:00","article_modified_time":"2023-03-17T18:54:39+00:00","og_image":[{"width":640,"height":800,"url":"https:\/\/www.sitsesp.org.br\/novo\/wp-content\/uploads\/2023\/03\/fotosdelegados.jpg","type":"image\/jpeg"}],"author":"imprensa","twitter_card":"summary_large_image","twitter_misc":{"Escrito por":"imprensa","Est. tempo de leitura":"1 minuto"},"schema":{"@context":"https:\/\/schema.org","@graph":[{"@type":"Article","@id":"https:\/\/www.sitsesp.org.br\/novo\/sitsesp-em-movimento-delegados-se-mobilizam-nas-entregas-dos-informativos-da-campanha-salarial\/#article","isPartOf":{"@id":"https:\/\/www.sitsesp.org.br\/novo\/sitsesp-em-movimento-delegados-se-mobilizam-nas-entregas-dos-informativos-da-campanha-salarial\/"},"author":{"name":"imprensa","@id":"https:\/\/www.sitsesp.org.br\/novo\/#\/schema\/person\/28e42eec160f373e81d0183b3643edbf"},"headline":"SITSESP EM MOVIMENTO | DELEGADOS SE MOBILIZAM NAS ENTREGAS DOS INFORMATIVOS DA CAMPANHA SALARIAL","datePublished":"2023-03-17T18:53:55+00:00","dateModified":"2023-03-17T18:54:39+00:00","mainEntityOfPage":{"@id":"https:\/\/www.sitsesp.org.br\/novo\/sitsesp-em-movimento-delegados-se-mobilizam-nas-entregas-dos-informativos-da-campanha-salarial\/"},"wordCount":253,"commentCount":0,"publisher":{"@id":"https:\/\/www.sitsesp.org.br\/novo\/#organization"},"image":{"@id":"https:\/\/www.sitsesp.org.br\/novo\/sitsesp-em-movimento-delegados-se-mobilizam-nas-entregas-dos-informativos-da-campanha-salarial\/#primaryimage"},"thumbnailUrl":"https:\/\/www.sitsesp.org.br\/novo\/wp-content\/uploads\/2023\/03\/fotosdelegados.jpg","articleSection":["Destaque","Noticias"],"inLanguage":"pt-BR","potentialAction":[{"@type":"CommentAction","name":"Comment","target":["https:\/\/www.sitsesp.org.br\/novo\/sitsesp-em-movimento-delegados-se-mobilizam-nas-entregas-dos-informativos-da-campanha-salarial\/#respond"]}]},{"@type":"WebPage","@id":"https:\/\/www.sitsesp.org.br\/novo\/sitsesp-em-movimento-delegados-se-mobilizam-nas-entregas-dos-informativos-da-campanha-salarial\/","url":"https:\/\/www.sitsesp.org.br\/novo\/sitsesp-em-movimento-delegados-se-mobilizam-nas-entregas-dos-informativos-da-campanha-salarial\/","name":"SITSESP EM MOVIMENTO | DELEGADOS SE MOBILIZAM NAS ENTREGAS DOS INFORMATIVOS DA CAMPANHA SALARIAL - SITSESP","isPartOf":{"@id":"https:\/\/www.sitsesp.org.br\/novo\/#website"},"primaryImageOfPage":{"@id":"https:\/\/www.sitsesp.org.br\/novo\/sitsesp-em-movimento-delegados-se-mobilizam-nas-entregas-dos-informativos-da-campanha-salarial\/#primaryimage"},"image":{"@id":"https:\/\/www.sitsesp.org.br\/novo\/sitsesp-em-movimento-delegados-se-mobilizam-nas-entregas-dos-informativos-da-campanha-salarial\/#primaryimage"},"thumbnailUrl":"https:\/\/www.sitsesp.org.br\/novo\/wp-content\/uploads\/2023\/03\/fotosdelegados.jpg","datePublished":"2023-03-17T18:53:55+00:00","dateModified":"2023-03-17T18:54:39+00:00","breadcrumb":{"@id":"https:\/\/www.sitsesp.org.br\/novo\/sitsesp-em-movimento-delegados-se-mobilizam-nas-entregas-dos-informativos-da-campanha-salarial\/#breadcrumb"},"inLanguage":"pt-BR","potentialAction":[{"@type":"ReadAction","target":["https:\/\/www.sitsesp.org.br\/novo\/sitsesp-em-movimento-delegados-se-mobilizam-nas-entregas-dos-informativos-da-campanha-salarial\/"]}]},{"@type":"ImageObject","inLanguage":"pt-BR","@id":"https:\/\/www.sitsesp.org.br\/novo\/sitsesp-em-movimento-delegados-se-mobilizam-nas-entregas-dos-informativos-da-campanha-salarial\/#primaryimage","url":"https:\/\/www.sitsesp.org.br\/novo\/wp-content\/uploads\/2023\/03\/fotosdelegados.jpg","contentUrl":"https:\/\/www.sitsesp.org.br\/novo\/wp-content\/uploads\/2023\/03\/fotosdelegados.jpg","width":640,"height":800},{"@type":"BreadcrumbList","@id":"https:\/\/www.sitsesp.org.br\/novo\/sitsesp-em-movimento-delegados-se-mobilizam-nas-entregas-dos-informativos-da-campanha-salarial\/#breadcrumb","itemListElement":[{"@type":"ListItem","position":1,"name":"In\u00edcio","item":"https:\/\/www.sitsesp.org.br\/novo\/"},{"@type":"ListItem","position":2,"name":"SITSESP EM MOVIMENTO | DELEGADOS SE MOBILIZAM NAS ENTREGAS DOS INFORMATIVOS DA CAMPANHA SALARIAL"}]},{"@type":"WebSite","@id":"https:\/\/www.sitsesp.org.br\/novo\/#website","url":"https:\/\/www.sitsesp.org.br\/novo\/","name":"Sitsesp","description":"SIndicato da Socioeduca\u00e7\u00e3o do Estado de S\u00e3o Paulo","publisher":{"@id":"https:\/\/www.sitsesp.org.br\/novo\/#organization"},"potentialAction":[{"@type":"SearchAction","target":{"@type":"EntryPoint","urlTemplate":"https:\/\/www.sitsesp.org.br\/novo\/?s={search_term_string}"},"query-input":"required name=search_term_string"}],"inLanguage":"pt-BR"},{"@type":"Organization","@id":"https:\/\/www.sitsesp.org.br\/novo\/#organization","name":"Sitsesp","url":"https:\/\/www.sitsesp.org.br\/novo\/","logo":{"@type":"ImageObject","inLanguage":"pt-BR","@id":"https:\/\/www.sitsesp.org.br\/novo\/#\/schema\/logo\/image\/","url":"https:\/\/www.sitsesp.org.br\/novo\/wp-content\/uploads\/2020\/09\/Design-sem-nome-1.jpg","contentUrl":"https:\/\/www.sitsesp.org.br\/novo\/wp-content\/uploads\/2020\/09\/Design-sem-nome-1.jpg","width":300,"height":300,"caption":"Sitsesp"},"image":{"@id":"https:\/\/www.sitsesp.org.br\/novo\/#\/schema\/logo\/image\/"}},{"@type":"Person","@id":"https:\/\/www.sitsesp.org.br\/novo\/#\/schema\/person\/28e42eec160f373e81d0183b3643edbf","name":"imprensa","image":{"@type":"ImageObject","inLanguage":"pt-BR","@id":"https:\/\/www.sitsesp.org.br\/novo\/#\/schema\/person\/image\/","url":"https:\/\/secure.gravatar.com\/avatar\/8d6ccd8d7d52b8959f34154e87d3fa29?s=96&d=mm&r=g","contentUrl":"https:\/\/secure.gravatar.com\/avatar\/8d6ccd8d7d52b8959f34154e87d3fa29?s=96&d=mm&r=g","caption":"imprensa"}}]}},"_links":{"self":[{"href":"https:\/\/www.sitsesp.org.br\/novo\/wp-json\/wp\/v2\/posts\/10494"}],"collection":[{"href":"https:\/\/www.sitsesp.org.br\/novo\/wp-json\/wp\/v2\/posts"}],"about":[{"href":"https:\/\/www.sitsesp.org.br\/novo\/wp-json\/wp\/v2\/types\/post"}],"author":[{"embeddable":true,"href":"https:\/\/www.sitsesp.org.br\/novo\/wp-json\/wp\/v2\/users\/5"}],"replies":[{"embeddable":true,"href":"https:\/\/www.sitsesp.org.br\/novo\/wp-json\/wp\/v2\/comments?post=10494"}],"version-history":[{"count":2,"href":"https:\/\/www.sitsesp.org.br\/novo\/wp-json\/wp\/v2\/posts\/10494\/revisions"}],"predecessor-version":[{"id":10497,"href":"https:\/\/www.sitsesp.org.br\/novo\/wp-json\/wp\/v2\/posts\/10494\/revisions\/10497"}],"wp:featuredmedia":[{"embeddable":true,"href":"https:\/\/www.sitsesp.org.br\/novo\/wp-json\/wp\/v2\/media\/10495"}],"wp:attachment":[{"href":"https:\/\/www.sitsesp.org.br\/novo\/wp-json\/wp\/v2\/media?parent=10494"}],"wp:term":[{"taxonomy":"category","embeddable":true,"href":"https:\/\/www.sitsesp.org.br\/novo\/wp-json\/wp\/v2\/categories?post=10494"},{"taxonomy":"post_tag","embeddable":true,"href":"https:\/\/www.sitsesp.org.br\/novo\/wp-json\/wp\/v2\/tags?post=10494"}],"curies":[{"name":"wp","href":"https:\/\/api.w.org\/{rel}","templated":true}]}}