{"id":10508,"date":"2023-03-18T13:25:43","date_gmt":"2023-03-18T16:25:43","guid":{"rendered":"https:\/\/sitsesp.org.br\/novo\/?p=10508"},"modified":"2023-03-18T13:28:45","modified_gmt":"2023-03-18T16:28:45","slug":"sitsesp-juridico-informa-negado-o-seguimento-extraordinario-da-fundacao-casa-irr-16-periculosidade","status":"publish","type":"post","link":"https:\/\/www.sitsesp.org.br\/novo\/sitsesp-juridico-informa-negado-o-seguimento-extraordinario-da-fundacao-casa-irr-16-periculosidade\/","title":{"rendered":"SITSESP JUR\u00cdDICO INFORMA | NEGADO O SEGUIMENTO EXTRAORDIN\u00c1RIO DA FUNDA\u00c7\u00c3O CASA \u2013 IRR 16 PERICULOSIDADE"},"content":{"rendered":"<p><!-- VideographyWP Plugin Message: Automatic video embedding prevented by plugin options. --><br \/>\nMais um passo para a vit\u00f3ria dos trabalhadores no processo de periculosidade.<\/p>\n<p>O Ministro Vice-presidente do TST Aloysio Silva Corr\u00eaa da Veiga negou seguimento ao recurso extraordin\u00e1rio interposto pela Funda\u00e7\u00e3o CASA no dia 16 de mar\u00e7o.<\/p>\n<p>Recurso este que tenta reverter a decis\u00e3o de outubro de 2021 do TST, que definiu a tese vinculante do direito ao adicional de periculosidade a todos os agentes socioeducativos do pa\u00eds.<\/p>\n<p>Com a negativa de admissibilidade, ainda cabe agravo de instrumento pela Funda\u00e7\u00e3o CASA.<\/p>\n<p>Veja em anexo \u00e0 esta mat\u00e9ria, no site do SITSESP, a \u00edntegra do despacho do Ministro Aloysio.<\/p>\n<p><a href=\"https:\/\/sitsesp.org.br\/novo\/wp-content\/uploads\/2023\/03\/IRR-1001796-60_2014_5_02_0382-1.pdf\" class=\"pdfemb-viewer\" style=\"\" data-width=\"max\" data-height=\"max\" data-toolbar=\"bottom\" data-toolbar-fixed=\"off\">IRR-1001796-60_2014_5_02_0382 (1)<\/a><br \/>\n<a href=\"https:\/\/sitsesp.org.br\/novo\/wp-content\/uploads\/2023\/03\/IRR-1001796-60_2014_5_02_0382-1.pdf\">Baixe aqui<\/a><\/p>\n<p><strong>O SITSESP \u00c9 DE TODOS, PARA TODOS, TRABALHANDO COM TODOS \u2013 SEJA UM FILIADO SITSESP E PARTICIPE DA LUTA<\/strong><\/p>\n","protected":false},"excerpt":{"rendered":"<p>Mais um passo para a vit\u00f3ria dos trabalhadores no processo de periculosidade. O Ministro Vice-presidente do TST Aloysio Silva Corr\u00eaa da&hellip;<\/p>\n","protected":false},"author":5,"featured_media":10509,"comment_status":"open","ping_status":"open","sticky":false,"template":"","format":"standard","meta":{"cybocfi_hide_featured_image":"","footnotes":""},"categories":[27,22],"tags":[],"yoast_head":"<!-- This site is optimized with the Yoast SEO plugin v22.8 - https:\/\/yoast.com\/wordpress\/plugins\/seo\/ -->\n<title>SITSESP JUR\u00cdDICO INFORMA | NEGADO O SEGUIMENTO EXTRAORDIN\u00c1RIO DA FUNDA\u00c7\u00c3O CASA \u2013 IRR 16 PERICULOSIDADE - SITSESP<\/title>\n<meta name=\"robots\" content=\"index, follow, max-snippet:-1, max-image-preview:large, max-video-preview:-1\" \/>\n<link rel=\"canonical\" href=\"https:\/\/www.sitsesp.org.br\/novo\/sitsesp-juridico-informa-negado-o-seguimento-extraordinario-da-fundacao-casa-irr-16-periculosidade\/\" \/>\n<meta property=\"og:locale\" content=\"pt_BR\" \/>\n<meta property=\"og:type\" content=\"article\" \/>\n<meta property=\"og:title\" content=\"SITSESP JUR\u00cdDICO INFORMA | NEGADO O SEGUIMENTO EXTRAORDIN\u00c1RIO DA FUNDA\u00c7\u00c3O CASA \u2013 IRR 16 PERICULOSIDADE - SITSESP\" \/>\n<meta property=\"og:description\" content=\"Mais um passo para a vit\u00f3ria dos trabalhadores no processo de periculosidade. O Ministro Vice-presidente do TST Aloysio Silva Corr\u00eaa da&hellip;\" \/>\n<meta property=\"og:url\" content=\"https:\/\/www.sitsesp.org.br\/novo\/sitsesp-juridico-informa-negado-o-seguimento-extraordinario-da-fundacao-casa-irr-16-periculosidade\/\" \/>\n<meta property=\"og:site_name\" content=\"SITSESP\" \/>\n<meta property=\"article:published_time\" content=\"2023-03-18T16:25:43+00:00\" \/>\n<meta property=\"article:modified_time\" content=\"2023-03-18T16:28:45+00:00\" \/>\n<meta property=\"og:image\" content=\"https:\/\/www.sitsesp.org.br\/novo\/wp-content\/uploads\/2023\/03\/1803.jpg\" \/>\n\t<meta property=\"og:image:width\" content=\"800\" \/>\n\t<meta property=\"og:image:height\" content=\"800\" \/>\n\t<meta property=\"og:image:type\" content=\"image\/jpeg\" \/>\n<meta name=\"author\" content=\"imprensa\" \/>\n<meta name=\"twitter:card\" content=\"summary_large_image\" \/>\n<meta name=\"twitter:label1\" content=\"Escrito por\" \/>\n\t<meta name=\"twitter:data1\" content=\"imprensa\" \/>\n\t<meta name=\"twitter:label2\" content=\"Est. tempo de leitura\" \/>\n\t<meta name=\"twitter:data2\" content=\"1 minuto\" \/>\n<script type=\"application\/ld+json\" class=\"yoast-schema-graph\">{\"@context\":\"https:\/\/schema.org\",\"@graph\":[{\"@type\":\"Article\",\"@id\":\"https:\/\/www.sitsesp.org.br\/novo\/sitsesp-juridico-informa-negado-o-seguimento-extraordinario-da-fundacao-casa-irr-16-periculosidade\/#article\",\"isPartOf\":{\"@id\":\"https:\/\/www.sitsesp.org.br\/novo\/sitsesp-juridico-informa-negado-o-seguimento-extraordinario-da-fundacao-casa-irr-16-periculosidade\/\"},\"author\":{\"name\":\"imprensa\",\"@id\":\"https:\/\/www.sitsesp.org.br\/novo\/#\/schema\/person\/28e42eec160f373e81d0183b3643edbf\"},\"headline\":\"SITSESP JUR\u00cdDICO INFORMA | NEGADO O SEGUIMENTO EXTRAORDIN\u00c1RIO DA FUNDA\u00c7\u00c3O CASA \u2013 IRR 16 PERICULOSIDADE\",\"datePublished\":\"2023-03-18T16:25:43+00:00\",\"dateModified\":\"2023-03-18T16:28:45+00:00\",\"mainEntityOfPage\":{\"@id\":\"https:\/\/www.sitsesp.org.br\/novo\/sitsesp-juridico-informa-negado-o-seguimento-extraordinario-da-fundacao-casa-irr-16-periculosidade\/\"},\"wordCount\":153,\"commentCount\":0,\"publisher\":{\"@id\":\"https:\/\/www.sitsesp.org.br\/novo\/#organization\"},\"image\":{\"@id\":\"https:\/\/www.sitsesp.org.br\/novo\/sitsesp-juridico-informa-negado-o-seguimento-extraordinario-da-fundacao-casa-irr-16-periculosidade\/#primaryimage\"},\"thumbnailUrl\":\"https:\/\/www.sitsesp.org.br\/novo\/wp-content\/uploads\/2023\/03\/1803.jpg\",\"articleSection\":[\"Destaque\",\"Noticias\"],\"inLanguage\":\"pt-BR\",\"potentialAction\":[{\"@type\":\"CommentAction\",\"name\":\"Comment\",\"target\":[\"https:\/\/www.sitsesp.org.br\/novo\/sitsesp-juridico-informa-negado-o-seguimento-extraordinario-da-fundacao-casa-irr-16-periculosidade\/#respond\"]}]},{\"@type\":\"WebPage\",\"@id\":\"https:\/\/www.sitsesp.org.br\/novo\/sitsesp-juridico-informa-negado-o-seguimento-extraordinario-da-fundacao-casa-irr-16-periculosidade\/\",\"url\":\"https:\/\/www.sitsesp.org.br\/novo\/sitsesp-juridico-informa-negado-o-seguimento-extraordinario-da-fundacao-casa-irr-16-periculosidade\/\",\"name\":\"SITSESP JUR\u00cdDICO INFORMA | NEGADO O SEGUIMENTO EXTRAORDIN\u00c1RIO DA FUNDA\u00c7\u00c3O CASA \u2013 IRR 16 PERICULOSIDADE - SITSESP\",\"isPartOf\":{\"@id\":\"https:\/\/www.sitsesp.org.br\/novo\/#website\"},\"primaryImageOfPage\":{\"@id\":\"https:\/\/www.sitsesp.org.br\/novo\/sitsesp-juridico-informa-negado-o-seguimento-extraordinario-da-fundacao-casa-irr-16-periculosidade\/#primaryimage\"},\"image\":{\"@id\":\"https:\/\/www.sitsesp.org.br\/novo\/sitsesp-juridico-informa-negado-o-seguimento-extraordinario-da-fundacao-casa-irr-16-periculosidade\/#primaryimage\"},\"thumbnailUrl\":\"https:\/\/www.sitsesp.org.br\/novo\/wp-content\/uploads\/2023\/03\/1803.jpg\",\"datePublished\":\"2023-03-18T16:25:43+00:00\",\"dateModified\":\"2023-03-18T16:28:45+00:00\",\"breadcrumb\":{\"@id\":\"https:\/\/www.sitsesp.org.br\/novo\/sitsesp-juridico-informa-negado-o-seguimento-extraordinario-da-fundacao-casa-irr-16-periculosidade\/#breadcrumb\"},\"inLanguage\":\"pt-BR\",\"potentialAction\":[{\"@type\":\"ReadAction\",\"target\":[\"https:\/\/www.sitsesp.org.br\/novo\/sitsesp-juridico-informa-negado-o-seguimento-extraordinario-da-fundacao-casa-irr-16-periculosidade\/\"]}]},{\"@type\":\"ImageObject\",\"inLanguage\":\"pt-BR\",\"@id\":\"https:\/\/www.sitsesp.org.br\/novo\/sitsesp-juridico-informa-negado-o-seguimento-extraordinario-da-fundacao-casa-irr-16-periculosidade\/#primaryimage\",\"url\":\"https:\/\/www.sitsesp.org.br\/novo\/wp-content\/uploads\/2023\/03\/1803.jpg\",\"contentUrl\":\"https:\/\/www.sitsesp.org.br\/novo\/wp-content\/uploads\/2023\/03\/1803.jpg\",\"width\":800,\"height\":800},{\"@type\":\"BreadcrumbList\",\"@id\":\"https:\/\/www.sitsesp.org.br\/novo\/sitsesp-juridico-informa-negado-o-seguimento-extraordinario-da-fundacao-casa-irr-16-periculosidade\/#breadcrumb\",\"itemListElement\":[{\"@type\":\"ListItem\",\"position\":1,\"name\":\"In\u00edcio\",\"item\":\"https:\/\/www.sitsesp.org.br\/novo\/\"},{\"@type\":\"ListItem\",\"position\":2,\"name\":\"SITSESP JUR\u00cdDICO INFORMA | NEGADO O SEGUIMENTO EXTRAORDIN\u00c1RIO DA FUNDA\u00c7\u00c3O CASA \u2013 IRR 16 PERICULOSIDADE\"}]},{\"@type\":\"WebSite\",\"@id\":\"https:\/\/www.sitsesp.org.br\/novo\/#website\",\"url\":\"https:\/\/www.sitsesp.org.br\/novo\/\",\"name\":\"Sitsesp\",\"description\":\"SIndicato da Socioeduca\u00e7\u00e3o do Estado de S\u00e3o Paulo\",\"publisher\":{\"@id\":\"https:\/\/www.sitsesp.org.br\/novo\/#organization\"},\"potentialAction\":[{\"@type\":\"SearchAction\",\"target\":{\"@type\":\"EntryPoint\",\"urlTemplate\":\"https:\/\/www.sitsesp.org.br\/novo\/?s={search_term_string}\"},\"query-input\":\"required name=search_term_string\"}],\"inLanguage\":\"pt-BR\"},{\"@type\":\"Organization\",\"@id\":\"https:\/\/www.sitsesp.org.br\/novo\/#organization\",\"name\":\"Sitsesp\",\"url\":\"https:\/\/www.sitsesp.org.br\/novo\/\",\"logo\":{\"@type\":\"ImageObject\",\"inLanguage\":\"pt-BR\",\"@id\":\"https:\/\/www.sitsesp.org.br\/novo\/#\/schema\/logo\/image\/\",\"url\":\"https:\/\/www.sitsesp.org.br\/novo\/wp-content\/uploads\/2020\/09\/Design-sem-nome-1.jpg\",\"contentUrl\":\"https:\/\/www.sitsesp.org.br\/novo\/wp-content\/uploads\/2020\/09\/Design-sem-nome-1.jpg\",\"width\":300,\"height\":300,\"caption\":\"Sitsesp\"},\"image\":{\"@id\":\"https:\/\/www.sitsesp.org.br\/novo\/#\/schema\/logo\/image\/\"}},{\"@type\":\"Person\",\"@id\":\"https:\/\/www.sitsesp.org.br\/novo\/#\/schema\/person\/28e42eec160f373e81d0183b3643edbf\",\"name\":\"imprensa\",\"image\":{\"@type\":\"ImageObject\",\"inLanguage\":\"pt-BR\",\"@id\":\"https:\/\/www.sitsesp.org.br\/novo\/#\/schema\/person\/image\/\",\"url\":\"https:\/\/secure.gravatar.com\/avatar\/8d6ccd8d7d52b8959f34154e87d3fa29?s=96&d=mm&r=g\",\"contentUrl\":\"https:\/\/secure.gravatar.com\/avatar\/8d6ccd8d7d52b8959f34154e87d3fa29?s=96&d=mm&r=g\",\"caption\":\"imprensa\"}}]}<\/script>\n<!-- \/ Yoast SEO plugin. -->","yoast_head_json":{"title":"SITSESP JUR\u00cdDICO INFORMA | NEGADO O SEGUIMENTO EXTRAORDIN\u00c1RIO DA FUNDA\u00c7\u00c3O CASA \u2013 IRR 16 PERICULOSIDADE - SITSESP","robots":{"index":"index","follow":"follow","max-snippet":"max-snippet:-1","max-image-preview":"max-image-preview:large","max-video-preview":"max-video-preview:-1"},"canonical":"https:\/\/www.sitsesp.org.br\/novo\/sitsesp-juridico-informa-negado-o-seguimento-extraordinario-da-fundacao-casa-irr-16-periculosidade\/","og_locale":"pt_BR","og_type":"article","og_title":"SITSESP JUR\u00cdDICO INFORMA | NEGADO O SEGUIMENTO EXTRAORDIN\u00c1RIO DA FUNDA\u00c7\u00c3O CASA \u2013 IRR 16 PERICULOSIDADE - SITSESP","og_description":"Mais um passo para a vit\u00f3ria dos trabalhadores no processo de periculosidade. O Ministro Vice-presidente do TST Aloysio Silva Corr\u00eaa da&hellip;","og_url":"https:\/\/www.sitsesp.org.br\/novo\/sitsesp-juridico-informa-negado-o-seguimento-extraordinario-da-fundacao-casa-irr-16-periculosidade\/","og_site_name":"SITSESP","article_published_time":"2023-03-18T16:25:43+00:00","article_modified_time":"2023-03-18T16:28:45+00:00","og_image":[{"width":800,"height":800,"url":"https:\/\/www.sitsesp.org.br\/novo\/wp-content\/uploads\/2023\/03\/1803.jpg","type":"image\/jpeg"}],"author":"imprensa","twitter_card":"summary_large_image","twitter_misc":{"Escrito por":"imprensa","Est. tempo de leitura":"1 minuto"},"schema":{"@context":"https:\/\/schema.org","@graph":[{"@type":"Article","@id":"https:\/\/www.sitsesp.org.br\/novo\/sitsesp-juridico-informa-negado-o-seguimento-extraordinario-da-fundacao-casa-irr-16-periculosidade\/#article","isPartOf":{"@id":"https:\/\/www.sitsesp.org.br\/novo\/sitsesp-juridico-informa-negado-o-seguimento-extraordinario-da-fundacao-casa-irr-16-periculosidade\/"},"author":{"name":"imprensa","@id":"https:\/\/www.sitsesp.org.br\/novo\/#\/schema\/person\/28e42eec160f373e81d0183b3643edbf"},"headline":"SITSESP JUR\u00cdDICO INFORMA | NEGADO O SEGUIMENTO EXTRAORDIN\u00c1RIO DA FUNDA\u00c7\u00c3O CASA \u2013 IRR 16 PERICULOSIDADE","datePublished":"2023-03-18T16:25:43+00:00","dateModified":"2023-03-18T16:28:45+00:00","mainEntityOfPage":{"@id":"https:\/\/www.sitsesp.org.br\/novo\/sitsesp-juridico-informa-negado-o-seguimento-extraordinario-da-fundacao-casa-irr-16-periculosidade\/"},"wordCount":153,"commentCount":0,"publisher":{"@id":"https:\/\/www.sitsesp.org.br\/novo\/#organization"},"image":{"@id":"https:\/\/www.sitsesp.org.br\/novo\/sitsesp-juridico-informa-negado-o-seguimento-extraordinario-da-fundacao-casa-irr-16-periculosidade\/#primaryimage"},"thumbnailUrl":"https:\/\/www.sitsesp.org.br\/novo\/wp-content\/uploads\/2023\/03\/1803.jpg","articleSection":["Destaque","Noticias"],"inLanguage":"pt-BR","potentialAction":[{"@type":"CommentAction","name":"Comment","target":["https:\/\/www.sitsesp.org.br\/novo\/sitsesp-juridico-informa-negado-o-seguimento-extraordinario-da-fundacao-casa-irr-16-periculosidade\/#respond"]}]},{"@type":"WebPage","@id":"https:\/\/www.sitsesp.org.br\/novo\/sitsesp-juridico-informa-negado-o-seguimento-extraordinario-da-fundacao-casa-irr-16-periculosidade\/","url":"https:\/\/www.sitsesp.org.br\/novo\/sitsesp-juridico-informa-negado-o-seguimento-extraordinario-da-fundacao-casa-irr-16-periculosidade\/","name":"SITSESP JUR\u00cdDICO INFORMA | NEGADO O SEGUIMENTO EXTRAORDIN\u00c1RIO DA FUNDA\u00c7\u00c3O CASA \u2013 IRR 16 PERICULOSIDADE - SITSESP","isPartOf":{"@id":"https:\/\/www.sitsesp.org.br\/novo\/#website"},"primaryImageOfPage":{"@id":"https:\/\/www.sitsesp.org.br\/novo\/sitsesp-juridico-informa-negado-o-seguimento-extraordinario-da-fundacao-casa-irr-16-periculosidade\/#primaryimage"},"image":{"@id":"https:\/\/www.sitsesp.org.br\/novo\/sitsesp-juridico-informa-negado-o-seguimento-extraordinario-da-fundacao-casa-irr-16-periculosidade\/#primaryimage"},"thumbnailUrl":"https:\/\/www.sitsesp.org.br\/novo\/wp-content\/uploads\/2023\/03\/1803.jpg","datePublished":"2023-03-18T16:25:43+00:00","dateModified":"2023-03-18T16:28:45+00:00","breadcrumb":{"@id":"https:\/\/www.sitsesp.org.br\/novo\/sitsesp-juridico-informa-negado-o-seguimento-extraordinario-da-fundacao-casa-irr-16-periculosidade\/#breadcrumb"},"inLanguage":"pt-BR","potentialAction":[{"@type":"ReadAction","target":["https:\/\/www.sitsesp.org.br\/novo\/sitsesp-juridico-informa-negado-o-seguimento-extraordinario-da-fundacao-casa-irr-16-periculosidade\/"]}]},{"@type":"ImageObject","inLanguage":"pt-BR","@id":"https:\/\/www.sitsesp.org.br\/novo\/sitsesp-juridico-informa-negado-o-seguimento-extraordinario-da-fundacao-casa-irr-16-periculosidade\/#primaryimage","url":"https:\/\/www.sitsesp.org.br\/novo\/wp-content\/uploads\/2023\/03\/1803.jpg","contentUrl":"https:\/\/www.sitsesp.org.br\/novo\/wp-content\/uploads\/2023\/03\/1803.jpg","width":800,"height":800},{"@type":"BreadcrumbList","@id":"https:\/\/www.sitsesp.org.br\/novo\/sitsesp-juridico-informa-negado-o-seguimento-extraordinario-da-fundacao-casa-irr-16-periculosidade\/#breadcrumb","itemListElement":[{"@type":"ListItem","position":1,"name":"In\u00edcio","item":"https:\/\/www.sitsesp.org.br\/novo\/"},{"@type":"ListItem","position":2,"name":"SITSESP JUR\u00cdDICO INFORMA | NEGADO O SEGUIMENTO EXTRAORDIN\u00c1RIO DA FUNDA\u00c7\u00c3O CASA \u2013 IRR 16 PERICULOSIDADE"}]},{"@type":"WebSite","@id":"https:\/\/www.sitsesp.org.br\/novo\/#website","url":"https:\/\/www.sitsesp.org.br\/novo\/","name":"Sitsesp","description":"SIndicato da Socioeduca\u00e7\u00e3o do Estado de S\u00e3o Paulo","publisher":{"@id":"https:\/\/www.sitsesp.org.br\/novo\/#organization"},"potentialAction":[{"@type":"SearchAction","target":{"@type":"EntryPoint","urlTemplate":"https:\/\/www.sitsesp.org.br\/novo\/?s={search_term_string}"},"query-input":"required name=search_term_string"}],"inLanguage":"pt-BR"},{"@type":"Organization","@id":"https:\/\/www.sitsesp.org.br\/novo\/#organization","name":"Sitsesp","url":"https:\/\/www.sitsesp.org.br\/novo\/","logo":{"@type":"ImageObject","inLanguage":"pt-BR","@id":"https:\/\/www.sitsesp.org.br\/novo\/#\/schema\/logo\/image\/","url":"https:\/\/www.sitsesp.org.br\/novo\/wp-content\/uploads\/2020\/09\/Design-sem-nome-1.jpg","contentUrl":"https:\/\/www.sitsesp.org.br\/novo\/wp-content\/uploads\/2020\/09\/Design-sem-nome-1.jpg","width":300,"height":300,"caption":"Sitsesp"},"image":{"@id":"https:\/\/www.sitsesp.org.br\/novo\/#\/schema\/logo\/image\/"}},{"@type":"Person","@id":"https:\/\/www.sitsesp.org.br\/novo\/#\/schema\/person\/28e42eec160f373e81d0183b3643edbf","name":"imprensa","image":{"@type":"ImageObject","inLanguage":"pt-BR","@id":"https:\/\/www.sitsesp.org.br\/novo\/#\/schema\/person\/image\/","url":"https:\/\/secure.gravatar.com\/avatar\/8d6ccd8d7d52b8959f34154e87d3fa29?s=96&d=mm&r=g","contentUrl":"https:\/\/secure.gravatar.com\/avatar\/8d6ccd8d7d52b8959f34154e87d3fa29?s=96&d=mm&r=g","caption":"imprensa"}}]}},"_links":{"self":[{"href":"https:\/\/www.sitsesp.org.br\/novo\/wp-json\/wp\/v2\/posts\/10508"}],"collection":[{"href":"https:\/\/www.sitsesp.org.br\/novo\/wp-json\/wp\/v2\/posts"}],"about":[{"href":"https:\/\/www.sitsesp.org.br\/novo\/wp-json\/wp\/v2\/types\/post"}],"author":[{"embeddable":true,"href":"https:\/\/www.sitsesp.org.br\/novo\/wp-json\/wp\/v2\/users\/5"}],"replies":[{"embeddable":true,"href":"https:\/\/www.sitsesp.org.br\/novo\/wp-json\/wp\/v2\/comments?post=10508"}],"version-history":[{"count":3,"href":"https:\/\/www.sitsesp.org.br\/novo\/wp-json\/wp\/v2\/posts\/10508\/revisions"}],"predecessor-version":[{"id":10513,"href":"https:\/\/www.sitsesp.org.br\/novo\/wp-json\/wp\/v2\/posts\/10508\/revisions\/10513"}],"wp:featuredmedia":[{"embeddable":true,"href":"https:\/\/www.sitsesp.org.br\/novo\/wp-json\/wp\/v2\/media\/10509"}],"wp:attachment":[{"href":"https:\/\/www.sitsesp.org.br\/novo\/wp-json\/wp\/v2\/media?parent=10508"}],"wp:term":[{"taxonomy":"category","embeddable":true,"href":"https:\/\/www.sitsesp.org.br\/novo\/wp-json\/wp\/v2\/categories?post=10508"},{"taxonomy":"post_tag","embeddable":true,"href":"https:\/\/www.sitsesp.org.br\/novo\/wp-json\/wp\/v2\/tags?post=10508"}],"curies":[{"name":"wp","href":"https:\/\/api.w.org\/{rel}","templated":true}]}}