{"id":10536,"date":"2023-03-22T18:19:40","date_gmt":"2023-03-22T21:19:40","guid":{"rendered":"https:\/\/sitsesp.org.br\/novo\/?p=10536"},"modified":"2023-03-23T07:34:42","modified_gmt":"2023-03-23T10:34:42","slug":"nota-de-falecimento-antonio-augustinho-nascimento-dos-santos","status":"publish","type":"post","link":"https:\/\/www.sitsesp.org.br\/novo\/nota-de-falecimento-antonio-augustinho-nascimento-dos-santos\/","title":{"rendered":"NOTA DE FALECIMENTO | ANT\u00d4NIO AUGUSTINHO NASCIMENTO DOS SANTOS"},"content":{"rendered":"<p><!-- VideographyWP Plugin Message: Automatic video embedding prevented by plugin options. --><br \/>\nFaleceu no dia de hoje (22) nosso companheiro de trabalho Ant\u00f4nio Augustinho Nascimento dos Santos do CASA Terra Nova. Ele tinha 69 anos de idade e sofreu um AVC hemorr\u00e1gico no dia 06\/02 durante um plant\u00e3o e se encontrava internado.<\/p>\n<p>Sr. Ant\u00f4nio era conhecido como Tonh\u00e3o e tinha 45 anos de servi\u00e7o na Funda\u00e7\u00e3o, ele deixou tr\u00eas filhas e a esposa Irene, tinha muitos amigos na Funda\u00e7\u00e3o e deixar\u00e1 saudade.<\/p>\n<p>O vel\u00f3rio ser\u00e1 amanh\u00e3, 23 de mar\u00e7o, no Cemit\u00e9rio da Saudade das 9h30 \u00e0s 13h30 localizado na Rua Pires do Rio, 1441, S\u00e3o Miguel Paulista, S\u00e3o Paulo.<\/p>\n<p>O SITSESP deixa os mais sinceros votos de pesar \u00e0 fam\u00edlia, amigos e companheiros de trabalho.<\/p>\n","protected":false},"excerpt":{"rendered":"<p>Faleceu no dia de hoje (22) nosso companheiro de trabalho Ant\u00f4nio Augustinho Nascimento dos Santos do CASA Terra Nova. Ele tinha&hellip;<\/p>\n","protected":false},"author":5,"featured_media":10539,"comment_status":"open","ping_status":"open","sticky":false,"template":"","format":"standard","meta":{"cybocfi_hide_featured_image":"","footnotes":""},"categories":[22],"tags":[],"yoast_head":"<!-- This site is optimized with the Yoast SEO plugin v22.8 - https:\/\/yoast.com\/wordpress\/plugins\/seo\/ -->\n<title>NOTA DE FALECIMENTO | ANT\u00d4NIO AUGUSTINHO NASCIMENTO DOS SANTOS - SITSESP<\/title>\n<meta name=\"robots\" content=\"index, follow, max-snippet:-1, max-image-preview:large, max-video-preview:-1\" \/>\n<link rel=\"canonical\" href=\"https:\/\/www.sitsesp.org.br\/novo\/nota-de-falecimento-antonio-augustinho-nascimento-dos-santos\/\" \/>\n<meta property=\"og:locale\" content=\"pt_BR\" \/>\n<meta property=\"og:type\" content=\"article\" \/>\n<meta property=\"og:title\" content=\"NOTA DE FALECIMENTO | ANT\u00d4NIO AUGUSTINHO NASCIMENTO DOS SANTOS - SITSESP\" \/>\n<meta property=\"og:description\" content=\"Faleceu no dia de hoje (22) nosso companheiro de trabalho Ant\u00f4nio Augustinho Nascimento dos Santos do CASA Terra Nova. Ele tinha&hellip;\" \/>\n<meta property=\"og:url\" content=\"https:\/\/www.sitsesp.org.br\/novo\/nota-de-falecimento-antonio-augustinho-nascimento-dos-santos\/\" \/>\n<meta property=\"og:site_name\" content=\"SITSESP\" \/>\n<meta property=\"article:published_time\" content=\"2023-03-22T21:19:40+00:00\" \/>\n<meta property=\"article:modified_time\" content=\"2023-03-23T10:34:42+00:00\" \/>\n<meta property=\"og:image\" content=\"https:\/\/www.sitsesp.org.br\/novo\/wp-content\/uploads\/2023\/03\/notadpesar2303.jpg\" \/>\n\t<meta property=\"og:image:width\" content=\"800\" \/>\n\t<meta property=\"og:image:height\" content=\"800\" \/>\n\t<meta property=\"og:image:type\" content=\"image\/jpeg\" \/>\n<meta name=\"author\" content=\"imprensa\" \/>\n<meta name=\"twitter:card\" content=\"summary_large_image\" \/>\n<meta name=\"twitter:label1\" content=\"Escrito por\" \/>\n\t<meta name=\"twitter:data1\" content=\"imprensa\" \/>\n\t<meta name=\"twitter:label2\" content=\"Est. tempo de leitura\" \/>\n\t<meta name=\"twitter:data2\" content=\"1 minuto\" \/>\n<script type=\"application\/ld+json\" class=\"yoast-schema-graph\">{\"@context\":\"https:\/\/schema.org\",\"@graph\":[{\"@type\":\"Article\",\"@id\":\"https:\/\/www.sitsesp.org.br\/novo\/nota-de-falecimento-antonio-augustinho-nascimento-dos-santos\/#article\",\"isPartOf\":{\"@id\":\"https:\/\/www.sitsesp.org.br\/novo\/nota-de-falecimento-antonio-augustinho-nascimento-dos-santos\/\"},\"author\":{\"name\":\"imprensa\",\"@id\":\"https:\/\/www.sitsesp.org.br\/novo\/#\/schema\/person\/28e42eec160f373e81d0183b3643edbf\"},\"headline\":\"NOTA DE FALECIMENTO | ANT\u00d4NIO AUGUSTINHO NASCIMENTO DOS SANTOS\",\"datePublished\":\"2023-03-22T21:19:40+00:00\",\"dateModified\":\"2023-03-23T10:34:42+00:00\",\"mainEntityOfPage\":{\"@id\":\"https:\/\/www.sitsesp.org.br\/novo\/nota-de-falecimento-antonio-augustinho-nascimento-dos-santos\/\"},\"wordCount\":130,\"commentCount\":0,\"publisher\":{\"@id\":\"https:\/\/www.sitsesp.org.br\/novo\/#organization\"},\"image\":{\"@id\":\"https:\/\/www.sitsesp.org.br\/novo\/nota-de-falecimento-antonio-augustinho-nascimento-dos-santos\/#primaryimage\"},\"thumbnailUrl\":\"https:\/\/www.sitsesp.org.br\/novo\/wp-content\/uploads\/2023\/03\/notadpesar2303.jpg\",\"articleSection\":[\"Noticias\"],\"inLanguage\":\"pt-BR\",\"potentialAction\":[{\"@type\":\"CommentAction\",\"name\":\"Comment\",\"target\":[\"https:\/\/www.sitsesp.org.br\/novo\/nota-de-falecimento-antonio-augustinho-nascimento-dos-santos\/#respond\"]}]},{\"@type\":\"WebPage\",\"@id\":\"https:\/\/www.sitsesp.org.br\/novo\/nota-de-falecimento-antonio-augustinho-nascimento-dos-santos\/\",\"url\":\"https:\/\/www.sitsesp.org.br\/novo\/nota-de-falecimento-antonio-augustinho-nascimento-dos-santos\/\",\"name\":\"NOTA DE FALECIMENTO | ANT\u00d4NIO AUGUSTINHO NASCIMENTO DOS SANTOS - SITSESP\",\"isPartOf\":{\"@id\":\"https:\/\/www.sitsesp.org.br\/novo\/#website\"},\"primaryImageOfPage\":{\"@id\":\"https:\/\/www.sitsesp.org.br\/novo\/nota-de-falecimento-antonio-augustinho-nascimento-dos-santos\/#primaryimage\"},\"image\":{\"@id\":\"https:\/\/www.sitsesp.org.br\/novo\/nota-de-falecimento-antonio-augustinho-nascimento-dos-santos\/#primaryimage\"},\"thumbnailUrl\":\"https:\/\/www.sitsesp.org.br\/novo\/wp-content\/uploads\/2023\/03\/notadpesar2303.jpg\",\"datePublished\":\"2023-03-22T21:19:40+00:00\",\"dateModified\":\"2023-03-23T10:34:42+00:00\",\"breadcrumb\":{\"@id\":\"https:\/\/www.sitsesp.org.br\/novo\/nota-de-falecimento-antonio-augustinho-nascimento-dos-santos\/#breadcrumb\"},\"inLanguage\":\"pt-BR\",\"potentialAction\":[{\"@type\":\"ReadAction\",\"target\":[\"https:\/\/www.sitsesp.org.br\/novo\/nota-de-falecimento-antonio-augustinho-nascimento-dos-santos\/\"]}]},{\"@type\":\"ImageObject\",\"inLanguage\":\"pt-BR\",\"@id\":\"https:\/\/www.sitsesp.org.br\/novo\/nota-de-falecimento-antonio-augustinho-nascimento-dos-santos\/#primaryimage\",\"url\":\"https:\/\/www.sitsesp.org.br\/novo\/wp-content\/uploads\/2023\/03\/notadpesar2303.jpg\",\"contentUrl\":\"https:\/\/www.sitsesp.org.br\/novo\/wp-content\/uploads\/2023\/03\/notadpesar2303.jpg\",\"width\":800,\"height\":800},{\"@type\":\"BreadcrumbList\",\"@id\":\"https:\/\/www.sitsesp.org.br\/novo\/nota-de-falecimento-antonio-augustinho-nascimento-dos-santos\/#breadcrumb\",\"itemListElement\":[{\"@type\":\"ListItem\",\"position\":1,\"name\":\"In\u00edcio\",\"item\":\"https:\/\/www.sitsesp.org.br\/novo\/\"},{\"@type\":\"ListItem\",\"position\":2,\"name\":\"NOTA DE FALECIMENTO | ANT\u00d4NIO AUGUSTINHO NASCIMENTO DOS SANTOS\"}]},{\"@type\":\"WebSite\",\"@id\":\"https:\/\/www.sitsesp.org.br\/novo\/#website\",\"url\":\"https:\/\/www.sitsesp.org.br\/novo\/\",\"name\":\"Sitsesp\",\"description\":\"SIndicato da Socioeduca\u00e7\u00e3o do Estado de S\u00e3o Paulo\",\"publisher\":{\"@id\":\"https:\/\/www.sitsesp.org.br\/novo\/#organization\"},\"potentialAction\":[{\"@type\":\"SearchAction\",\"target\":{\"@type\":\"EntryPoint\",\"urlTemplate\":\"https:\/\/www.sitsesp.org.br\/novo\/?s={search_term_string}\"},\"query-input\":\"required name=search_term_string\"}],\"inLanguage\":\"pt-BR\"},{\"@type\":\"Organization\",\"@id\":\"https:\/\/www.sitsesp.org.br\/novo\/#organization\",\"name\":\"Sitsesp\",\"url\":\"https:\/\/www.sitsesp.org.br\/novo\/\",\"logo\":{\"@type\":\"ImageObject\",\"inLanguage\":\"pt-BR\",\"@id\":\"https:\/\/www.sitsesp.org.br\/novo\/#\/schema\/logo\/image\/\",\"url\":\"https:\/\/www.sitsesp.org.br\/novo\/wp-content\/uploads\/2020\/09\/Design-sem-nome-1.jpg\",\"contentUrl\":\"https:\/\/www.sitsesp.org.br\/novo\/wp-content\/uploads\/2020\/09\/Design-sem-nome-1.jpg\",\"width\":300,\"height\":300,\"caption\":\"Sitsesp\"},\"image\":{\"@id\":\"https:\/\/www.sitsesp.org.br\/novo\/#\/schema\/logo\/image\/\"}},{\"@type\":\"Person\",\"@id\":\"https:\/\/www.sitsesp.org.br\/novo\/#\/schema\/person\/28e42eec160f373e81d0183b3643edbf\",\"name\":\"imprensa\",\"image\":{\"@type\":\"ImageObject\",\"inLanguage\":\"pt-BR\",\"@id\":\"https:\/\/www.sitsesp.org.br\/novo\/#\/schema\/person\/image\/\",\"url\":\"https:\/\/secure.gravatar.com\/avatar\/8d6ccd8d7d52b8959f34154e87d3fa29?s=96&d=mm&r=g\",\"contentUrl\":\"https:\/\/secure.gravatar.com\/avatar\/8d6ccd8d7d52b8959f34154e87d3fa29?s=96&d=mm&r=g\",\"caption\":\"imprensa\"}}]}<\/script>\n<!-- \/ Yoast SEO plugin. -->","yoast_head_json":{"title":"NOTA DE FALECIMENTO | ANT\u00d4NIO AUGUSTINHO NASCIMENTO DOS SANTOS - SITSESP","robots":{"index":"index","follow":"follow","max-snippet":"max-snippet:-1","max-image-preview":"max-image-preview:large","max-video-preview":"max-video-preview:-1"},"canonical":"https:\/\/www.sitsesp.org.br\/novo\/nota-de-falecimento-antonio-augustinho-nascimento-dos-santos\/","og_locale":"pt_BR","og_type":"article","og_title":"NOTA DE FALECIMENTO | ANT\u00d4NIO AUGUSTINHO NASCIMENTO DOS SANTOS - SITSESP","og_description":"Faleceu no dia de hoje (22) nosso companheiro de trabalho Ant\u00f4nio Augustinho Nascimento dos Santos do CASA Terra Nova. Ele tinha&hellip;","og_url":"https:\/\/www.sitsesp.org.br\/novo\/nota-de-falecimento-antonio-augustinho-nascimento-dos-santos\/","og_site_name":"SITSESP","article_published_time":"2023-03-22T21:19:40+00:00","article_modified_time":"2023-03-23T10:34:42+00:00","og_image":[{"width":800,"height":800,"url":"https:\/\/www.sitsesp.org.br\/novo\/wp-content\/uploads\/2023\/03\/notadpesar2303.jpg","type":"image\/jpeg"}],"author":"imprensa","twitter_card":"summary_large_image","twitter_misc":{"Escrito por":"imprensa","Est. tempo de leitura":"1 minuto"},"schema":{"@context":"https:\/\/schema.org","@graph":[{"@type":"Article","@id":"https:\/\/www.sitsesp.org.br\/novo\/nota-de-falecimento-antonio-augustinho-nascimento-dos-santos\/#article","isPartOf":{"@id":"https:\/\/www.sitsesp.org.br\/novo\/nota-de-falecimento-antonio-augustinho-nascimento-dos-santos\/"},"author":{"name":"imprensa","@id":"https:\/\/www.sitsesp.org.br\/novo\/#\/schema\/person\/28e42eec160f373e81d0183b3643edbf"},"headline":"NOTA DE FALECIMENTO | ANT\u00d4NIO AUGUSTINHO NASCIMENTO DOS SANTOS","datePublished":"2023-03-22T21:19:40+00:00","dateModified":"2023-03-23T10:34:42+00:00","mainEntityOfPage":{"@id":"https:\/\/www.sitsesp.org.br\/novo\/nota-de-falecimento-antonio-augustinho-nascimento-dos-santos\/"},"wordCount":130,"commentCount":0,"publisher":{"@id":"https:\/\/www.sitsesp.org.br\/novo\/#organization"},"image":{"@id":"https:\/\/www.sitsesp.org.br\/novo\/nota-de-falecimento-antonio-augustinho-nascimento-dos-santos\/#primaryimage"},"thumbnailUrl":"https:\/\/www.sitsesp.org.br\/novo\/wp-content\/uploads\/2023\/03\/notadpesar2303.jpg","articleSection":["Noticias"],"inLanguage":"pt-BR","potentialAction":[{"@type":"CommentAction","name":"Comment","target":["https:\/\/www.sitsesp.org.br\/novo\/nota-de-falecimento-antonio-augustinho-nascimento-dos-santos\/#respond"]}]},{"@type":"WebPage","@id":"https:\/\/www.sitsesp.org.br\/novo\/nota-de-falecimento-antonio-augustinho-nascimento-dos-santos\/","url":"https:\/\/www.sitsesp.org.br\/novo\/nota-de-falecimento-antonio-augustinho-nascimento-dos-santos\/","name":"NOTA DE FALECIMENTO | ANT\u00d4NIO AUGUSTINHO NASCIMENTO DOS SANTOS - SITSESP","isPartOf":{"@id":"https:\/\/www.sitsesp.org.br\/novo\/#website"},"primaryImageOfPage":{"@id":"https:\/\/www.sitsesp.org.br\/novo\/nota-de-falecimento-antonio-augustinho-nascimento-dos-santos\/#primaryimage"},"image":{"@id":"https:\/\/www.sitsesp.org.br\/novo\/nota-de-falecimento-antonio-augustinho-nascimento-dos-santos\/#primaryimage"},"thumbnailUrl":"https:\/\/www.sitsesp.org.br\/novo\/wp-content\/uploads\/2023\/03\/notadpesar2303.jpg","datePublished":"2023-03-22T21:19:40+00:00","dateModified":"2023-03-23T10:34:42+00:00","breadcrumb":{"@id":"https:\/\/www.sitsesp.org.br\/novo\/nota-de-falecimento-antonio-augustinho-nascimento-dos-santos\/#breadcrumb"},"inLanguage":"pt-BR","potentialAction":[{"@type":"ReadAction","target":["https:\/\/www.sitsesp.org.br\/novo\/nota-de-falecimento-antonio-augustinho-nascimento-dos-santos\/"]}]},{"@type":"ImageObject","inLanguage":"pt-BR","@id":"https:\/\/www.sitsesp.org.br\/novo\/nota-de-falecimento-antonio-augustinho-nascimento-dos-santos\/#primaryimage","url":"https:\/\/www.sitsesp.org.br\/novo\/wp-content\/uploads\/2023\/03\/notadpesar2303.jpg","contentUrl":"https:\/\/www.sitsesp.org.br\/novo\/wp-content\/uploads\/2023\/03\/notadpesar2303.jpg","width":800,"height":800},{"@type":"BreadcrumbList","@id":"https:\/\/www.sitsesp.org.br\/novo\/nota-de-falecimento-antonio-augustinho-nascimento-dos-santos\/#breadcrumb","itemListElement":[{"@type":"ListItem","position":1,"name":"In\u00edcio","item":"https:\/\/www.sitsesp.org.br\/novo\/"},{"@type":"ListItem","position":2,"name":"NOTA DE FALECIMENTO | ANT\u00d4NIO AUGUSTINHO NASCIMENTO DOS SANTOS"}]},{"@type":"WebSite","@id":"https:\/\/www.sitsesp.org.br\/novo\/#website","url":"https:\/\/www.sitsesp.org.br\/novo\/","name":"Sitsesp","description":"SIndicato da Socioeduca\u00e7\u00e3o do Estado de S\u00e3o Paulo","publisher":{"@id":"https:\/\/www.sitsesp.org.br\/novo\/#organization"},"potentialAction":[{"@type":"SearchAction","target":{"@type":"EntryPoint","urlTemplate":"https:\/\/www.sitsesp.org.br\/novo\/?s={search_term_string}"},"query-input":"required name=search_term_string"}],"inLanguage":"pt-BR"},{"@type":"Organization","@id":"https:\/\/www.sitsesp.org.br\/novo\/#organization","name":"Sitsesp","url":"https:\/\/www.sitsesp.org.br\/novo\/","logo":{"@type":"ImageObject","inLanguage":"pt-BR","@id":"https:\/\/www.sitsesp.org.br\/novo\/#\/schema\/logo\/image\/","url":"https:\/\/www.sitsesp.org.br\/novo\/wp-content\/uploads\/2020\/09\/Design-sem-nome-1.jpg","contentUrl":"https:\/\/www.sitsesp.org.br\/novo\/wp-content\/uploads\/2020\/09\/Design-sem-nome-1.jpg","width":300,"height":300,"caption":"Sitsesp"},"image":{"@id":"https:\/\/www.sitsesp.org.br\/novo\/#\/schema\/logo\/image\/"}},{"@type":"Person","@id":"https:\/\/www.sitsesp.org.br\/novo\/#\/schema\/person\/28e42eec160f373e81d0183b3643edbf","name":"imprensa","image":{"@type":"ImageObject","inLanguage":"pt-BR","@id":"https:\/\/www.sitsesp.org.br\/novo\/#\/schema\/person\/image\/","url":"https:\/\/secure.gravatar.com\/avatar\/8d6ccd8d7d52b8959f34154e87d3fa29?s=96&d=mm&r=g","contentUrl":"https:\/\/secure.gravatar.com\/avatar\/8d6ccd8d7d52b8959f34154e87d3fa29?s=96&d=mm&r=g","caption":"imprensa"}}]}},"_links":{"self":[{"href":"https:\/\/www.sitsesp.org.br\/novo\/wp-json\/wp\/v2\/posts\/10536"}],"collection":[{"href":"https:\/\/www.sitsesp.org.br\/novo\/wp-json\/wp\/v2\/posts"}],"about":[{"href":"https:\/\/www.sitsesp.org.br\/novo\/wp-json\/wp\/v2\/types\/post"}],"author":[{"embeddable":true,"href":"https:\/\/www.sitsesp.org.br\/novo\/wp-json\/wp\/v2\/users\/5"}],"replies":[{"embeddable":true,"href":"https:\/\/www.sitsesp.org.br\/novo\/wp-json\/wp\/v2\/comments?post=10536"}],"version-history":[{"count":1,"href":"https:\/\/www.sitsesp.org.br\/novo\/wp-json\/wp\/v2\/posts\/10536\/revisions"}],"predecessor-version":[{"id":10538,"href":"https:\/\/www.sitsesp.org.br\/novo\/wp-json\/wp\/v2\/posts\/10536\/revisions\/10538"}],"wp:featuredmedia":[{"embeddable":true,"href":"https:\/\/www.sitsesp.org.br\/novo\/wp-json\/wp\/v2\/media\/10539"}],"wp:attachment":[{"href":"https:\/\/www.sitsesp.org.br\/novo\/wp-json\/wp\/v2\/media?parent=10536"}],"wp:term":[{"taxonomy":"category","embeddable":true,"href":"https:\/\/www.sitsesp.org.br\/novo\/wp-json\/wp\/v2\/categories?post=10536"},{"taxonomy":"post_tag","embeddable":true,"href":"https:\/\/www.sitsesp.org.br\/novo\/wp-json\/wp\/v2\/tags?post=10536"}],"curies":[{"name":"wp","href":"https:\/\/api.w.org\/{rel}","templated":true}]}}