{"id":10553,"date":"2023-03-24T09:27:32","date_gmt":"2023-03-24T12:27:32","guid":{"rendered":"https:\/\/sitsesp.org.br\/novo\/?p=10553"},"modified":"2023-03-24T09:27:32","modified_gmt":"2023-03-24T12:27:32","slug":"sitsesp-em-movimento-diretores-visitam-complexo-franco-da-rocha-e-casa-manaca-da-serra","status":"publish","type":"post","link":"https:\/\/www.sitsesp.org.br\/novo\/sitsesp-em-movimento-diretores-visitam-complexo-franco-da-rocha-e-casa-manaca-da-serra\/","title":{"rendered":"SITSESP EM MOVIMENTO | DIRETORES VISITAM COMPLEXO FRANCO DA ROCHA E CASA MANAC\u00c1 DA SERRA"},"content":{"rendered":"<p><!-- VideographyWP Plugin Message: Automatic video embedding prevented by plugin options. --><br \/>\nOs diretores sindicais Leonardo e Aline Salvador visitaram o Complexo Franco da Rocha e o Centro CASA Manac\u00e1 da Serra chamando os servidores para assembleia de s\u00e1bado 25 de mar\u00e7o.<br \/>\nDurante as visitas os diretores tamb\u00e9m informaram os trabalhadores sobre as negocia\u00e7\u00f5es junto a Funda\u00e7\u00e3o CASA e prestaram orienta\u00e7\u00f5es sobre processos jur\u00eddicos.<br \/>\nA luta \u00e9 coletiva, juntos somos fortes.<\/p>\n<div id=\"penci-post-gallery__35726\" class=\"penci-post-gallery-container justified column-2\" data-height=\"150\" data-margin=\"3\"><a class=\"item-gallery-justified\" href=\"https:\/\/www.sitsesp.org.br\/novo\/wp-content\/uploads\/2023\/03\/WhatsApp-Image-2023-03-24-at-5.30.22-AM.jpeg\"><img decoding=\"async\" src=\"https:\/\/www.sitsesp.org.br\/novo\/wp-content\/uploads\/2023\/03\/WhatsApp-Image-2023-03-24-at-5.30.22-AM-585x329.jpeg\" alt=\"\"><\/a><a class=\"item-gallery-justified\" href=\"https:\/\/www.sitsesp.org.br\/novo\/wp-content\/uploads\/2023\/03\/WhatsApp-Image-2023-03-24-at-4.14.49-AM.jpeg\"><img decoding=\"async\" src=\"https:\/\/www.sitsesp.org.br\/novo\/wp-content\/uploads\/2023\/03\/WhatsApp-Image-2023-03-24-at-4.14.49-AM-585x439.jpeg\" alt=\"\"><\/a><\/div>\n<p><strong>O SITSESP \u00c9 DE TODOS, PARA TODOS, TRABALHANDO COM TODOS \u2013 SEJA UM FILIADO SITSESP E PARTICIPE DA LUTA<\/strong><\/p>\n","protected":false},"excerpt":{"rendered":"<p>Os diretores sindicais Leonardo e Aline Salvador visitaram o Complexo Franco da Rocha e o Centro CASA Manac\u00e1 da Serra chamando&hellip;<\/p>\n","protected":false},"author":5,"featured_media":10554,"comment_status":"open","ping_status":"open","sticky":false,"template":"","format":"standard","meta":{"cybocfi_hide_featured_image":"","footnotes":""},"categories":[27,22],"tags":[],"yoast_head":"<!-- This site is optimized with the Yoast SEO plugin v22.8 - https:\/\/yoast.com\/wordpress\/plugins\/seo\/ -->\n<title>SITSESP EM MOVIMENTO | DIRETORES VISITAM COMPLEXO FRANCO DA ROCHA E CASA MANAC\u00c1 DA SERRA - SITSESP<\/title>\n<meta name=\"robots\" content=\"index, follow, max-snippet:-1, max-image-preview:large, max-video-preview:-1\" \/>\n<link rel=\"canonical\" href=\"https:\/\/www.sitsesp.org.br\/novo\/sitsesp-em-movimento-diretores-visitam-complexo-franco-da-rocha-e-casa-manaca-da-serra\/\" \/>\n<meta property=\"og:locale\" content=\"pt_BR\" \/>\n<meta property=\"og:type\" content=\"article\" \/>\n<meta property=\"og:title\" content=\"SITSESP EM MOVIMENTO | DIRETORES VISITAM COMPLEXO FRANCO DA ROCHA E CASA MANAC\u00c1 DA SERRA - SITSESP\" \/>\n<meta property=\"og:description\" content=\"Os diretores sindicais Leonardo e Aline Salvador visitaram o Complexo Franco da Rocha e o Centro CASA Manac\u00e1 da Serra chamando&hellip;\" \/>\n<meta property=\"og:url\" content=\"https:\/\/www.sitsesp.org.br\/novo\/sitsesp-em-movimento-diretores-visitam-complexo-franco-da-rocha-e-casa-manaca-da-serra\/\" \/>\n<meta property=\"og:site_name\" content=\"SITSESP\" \/>\n<meta property=\"article:published_time\" content=\"2023-03-24T12:27:32+00:00\" \/>\n<meta property=\"og:image\" content=\"https:\/\/www.sitsesp.org.br\/novo\/wp-content\/uploads\/2023\/03\/WhatsApp-Image-2023-03-24-at-4.14.49-AM-1.jpeg\" \/>\n\t<meta property=\"og:image:width\" content=\"800\" \/>\n\t<meta property=\"og:image:height\" content=\"600\" \/>\n\t<meta property=\"og:image:type\" content=\"image\/jpeg\" \/>\n<meta name=\"author\" content=\"imprensa\" \/>\n<meta name=\"twitter:card\" content=\"summary_large_image\" \/>\n<meta name=\"twitter:label1\" content=\"Escrito por\" \/>\n\t<meta name=\"twitter:data1\" content=\"imprensa\" \/>\n<script type=\"application\/ld+json\" class=\"yoast-schema-graph\">{\"@context\":\"https:\/\/schema.org\",\"@graph\":[{\"@type\":\"Article\",\"@id\":\"https:\/\/www.sitsesp.org.br\/novo\/sitsesp-em-movimento-diretores-visitam-complexo-franco-da-rocha-e-casa-manaca-da-serra\/#article\",\"isPartOf\":{\"@id\":\"https:\/\/www.sitsesp.org.br\/novo\/sitsesp-em-movimento-diretores-visitam-complexo-franco-da-rocha-e-casa-manaca-da-serra\/\"},\"author\":{\"name\":\"imprensa\",\"@id\":\"https:\/\/www.sitsesp.org.br\/novo\/#\/schema\/person\/28e42eec160f373e81d0183b3643edbf\"},\"headline\":\"SITSESP EM MOVIMENTO | DIRETORES VISITAM COMPLEXO FRANCO DA ROCHA E CASA MANAC\u00c1 DA SERRA\",\"datePublished\":\"2023-03-24T12:27:32+00:00\",\"dateModified\":\"2023-03-24T12:27:32+00:00\",\"mainEntityOfPage\":{\"@id\":\"https:\/\/www.sitsesp.org.br\/novo\/sitsesp-em-movimento-diretores-visitam-complexo-franco-da-rocha-e-casa-manaca-da-serra\/\"},\"wordCount\":100,\"commentCount\":0,\"publisher\":{\"@id\":\"https:\/\/www.sitsesp.org.br\/novo\/#organization\"},\"image\":{\"@id\":\"https:\/\/www.sitsesp.org.br\/novo\/sitsesp-em-movimento-diretores-visitam-complexo-franco-da-rocha-e-casa-manaca-da-serra\/#primaryimage\"},\"thumbnailUrl\":\"https:\/\/www.sitsesp.org.br\/novo\/wp-content\/uploads\/2023\/03\/WhatsApp-Image-2023-03-24-at-4.14.49-AM-1.jpeg\",\"articleSection\":[\"Destaque\",\"Noticias\"],\"inLanguage\":\"pt-BR\",\"potentialAction\":[{\"@type\":\"CommentAction\",\"name\":\"Comment\",\"target\":[\"https:\/\/www.sitsesp.org.br\/novo\/sitsesp-em-movimento-diretores-visitam-complexo-franco-da-rocha-e-casa-manaca-da-serra\/#respond\"]}]},{\"@type\":\"WebPage\",\"@id\":\"https:\/\/www.sitsesp.org.br\/novo\/sitsesp-em-movimento-diretores-visitam-complexo-franco-da-rocha-e-casa-manaca-da-serra\/\",\"url\":\"https:\/\/www.sitsesp.org.br\/novo\/sitsesp-em-movimento-diretores-visitam-complexo-franco-da-rocha-e-casa-manaca-da-serra\/\",\"name\":\"SITSESP EM MOVIMENTO | DIRETORES VISITAM COMPLEXO FRANCO DA ROCHA E CASA MANAC\u00c1 DA SERRA - SITSESP\",\"isPartOf\":{\"@id\":\"https:\/\/www.sitsesp.org.br\/novo\/#website\"},\"primaryImageOfPage\":{\"@id\":\"https:\/\/www.sitsesp.org.br\/novo\/sitsesp-em-movimento-diretores-visitam-complexo-franco-da-rocha-e-casa-manaca-da-serra\/#primaryimage\"},\"image\":{\"@id\":\"https:\/\/www.sitsesp.org.br\/novo\/sitsesp-em-movimento-diretores-visitam-complexo-franco-da-rocha-e-casa-manaca-da-serra\/#primaryimage\"},\"thumbnailUrl\":\"https:\/\/www.sitsesp.org.br\/novo\/wp-content\/uploads\/2023\/03\/WhatsApp-Image-2023-03-24-at-4.14.49-AM-1.jpeg\",\"datePublished\":\"2023-03-24T12:27:32+00:00\",\"dateModified\":\"2023-03-24T12:27:32+00:00\",\"breadcrumb\":{\"@id\":\"https:\/\/www.sitsesp.org.br\/novo\/sitsesp-em-movimento-diretores-visitam-complexo-franco-da-rocha-e-casa-manaca-da-serra\/#breadcrumb\"},\"inLanguage\":\"pt-BR\",\"potentialAction\":[{\"@type\":\"ReadAction\",\"target\":[\"https:\/\/www.sitsesp.org.br\/novo\/sitsesp-em-movimento-diretores-visitam-complexo-franco-da-rocha-e-casa-manaca-da-serra\/\"]}]},{\"@type\":\"ImageObject\",\"inLanguage\":\"pt-BR\",\"@id\":\"https:\/\/www.sitsesp.org.br\/novo\/sitsesp-em-movimento-diretores-visitam-complexo-franco-da-rocha-e-casa-manaca-da-serra\/#primaryimage\",\"url\":\"https:\/\/www.sitsesp.org.br\/novo\/wp-content\/uploads\/2023\/03\/WhatsApp-Image-2023-03-24-at-4.14.49-AM-1.jpeg\",\"contentUrl\":\"https:\/\/www.sitsesp.org.br\/novo\/wp-content\/uploads\/2023\/03\/WhatsApp-Image-2023-03-24-at-4.14.49-AM-1.jpeg\",\"width\":800,\"height\":600},{\"@type\":\"BreadcrumbList\",\"@id\":\"https:\/\/www.sitsesp.org.br\/novo\/sitsesp-em-movimento-diretores-visitam-complexo-franco-da-rocha-e-casa-manaca-da-serra\/#breadcrumb\",\"itemListElement\":[{\"@type\":\"ListItem\",\"position\":1,\"name\":\"In\u00edcio\",\"item\":\"https:\/\/www.sitsesp.org.br\/novo\/\"},{\"@type\":\"ListItem\",\"position\":2,\"name\":\"SITSESP EM MOVIMENTO | DIRETORES VISITAM COMPLEXO FRANCO DA ROCHA E CASA MANAC\u00c1 DA SERRA\"}]},{\"@type\":\"WebSite\",\"@id\":\"https:\/\/www.sitsesp.org.br\/novo\/#website\",\"url\":\"https:\/\/www.sitsesp.org.br\/novo\/\",\"name\":\"Sitsesp\",\"description\":\"SIndicato da Socioeduca\u00e7\u00e3o do Estado de S\u00e3o Paulo\",\"publisher\":{\"@id\":\"https:\/\/www.sitsesp.org.br\/novo\/#organization\"},\"potentialAction\":[{\"@type\":\"SearchAction\",\"target\":{\"@type\":\"EntryPoint\",\"urlTemplate\":\"https:\/\/www.sitsesp.org.br\/novo\/?s={search_term_string}\"},\"query-input\":\"required name=search_term_string\"}],\"inLanguage\":\"pt-BR\"},{\"@type\":\"Organization\",\"@id\":\"https:\/\/www.sitsesp.org.br\/novo\/#organization\",\"name\":\"Sitsesp\",\"url\":\"https:\/\/www.sitsesp.org.br\/novo\/\",\"logo\":{\"@type\":\"ImageObject\",\"inLanguage\":\"pt-BR\",\"@id\":\"https:\/\/www.sitsesp.org.br\/novo\/#\/schema\/logo\/image\/\",\"url\":\"https:\/\/www.sitsesp.org.br\/novo\/wp-content\/uploads\/2020\/09\/Design-sem-nome-1.jpg\",\"contentUrl\":\"https:\/\/www.sitsesp.org.br\/novo\/wp-content\/uploads\/2020\/09\/Design-sem-nome-1.jpg\",\"width\":300,\"height\":300,\"caption\":\"Sitsesp\"},\"image\":{\"@id\":\"https:\/\/www.sitsesp.org.br\/novo\/#\/schema\/logo\/image\/\"}},{\"@type\":\"Person\",\"@id\":\"https:\/\/www.sitsesp.org.br\/novo\/#\/schema\/person\/28e42eec160f373e81d0183b3643edbf\",\"name\":\"imprensa\",\"image\":{\"@type\":\"ImageObject\",\"inLanguage\":\"pt-BR\",\"@id\":\"https:\/\/www.sitsesp.org.br\/novo\/#\/schema\/person\/image\/\",\"url\":\"https:\/\/secure.gravatar.com\/avatar\/8d6ccd8d7d52b8959f34154e87d3fa29?s=96&d=mm&r=g\",\"contentUrl\":\"https:\/\/secure.gravatar.com\/avatar\/8d6ccd8d7d52b8959f34154e87d3fa29?s=96&d=mm&r=g\",\"caption\":\"imprensa\"}}]}<\/script>\n<!-- \/ Yoast SEO plugin. -->","yoast_head_json":{"title":"SITSESP EM MOVIMENTO | DIRETORES VISITAM COMPLEXO FRANCO DA ROCHA E CASA MANAC\u00c1 DA SERRA - SITSESP","robots":{"index":"index","follow":"follow","max-snippet":"max-snippet:-1","max-image-preview":"max-image-preview:large","max-video-preview":"max-video-preview:-1"},"canonical":"https:\/\/www.sitsesp.org.br\/novo\/sitsesp-em-movimento-diretores-visitam-complexo-franco-da-rocha-e-casa-manaca-da-serra\/","og_locale":"pt_BR","og_type":"article","og_title":"SITSESP EM MOVIMENTO | DIRETORES VISITAM COMPLEXO FRANCO DA ROCHA E CASA MANAC\u00c1 DA SERRA - SITSESP","og_description":"Os diretores sindicais Leonardo e Aline Salvador visitaram o Complexo Franco da Rocha e o Centro CASA Manac\u00e1 da Serra chamando&hellip;","og_url":"https:\/\/www.sitsesp.org.br\/novo\/sitsesp-em-movimento-diretores-visitam-complexo-franco-da-rocha-e-casa-manaca-da-serra\/","og_site_name":"SITSESP","article_published_time":"2023-03-24T12:27:32+00:00","og_image":[{"width":800,"height":600,"url":"https:\/\/www.sitsesp.org.br\/novo\/wp-content\/uploads\/2023\/03\/WhatsApp-Image-2023-03-24-at-4.14.49-AM-1.jpeg","type":"image\/jpeg"}],"author":"imprensa","twitter_card":"summary_large_image","twitter_misc":{"Escrito por":"imprensa"},"schema":{"@context":"https:\/\/schema.org","@graph":[{"@type":"Article","@id":"https:\/\/www.sitsesp.org.br\/novo\/sitsesp-em-movimento-diretores-visitam-complexo-franco-da-rocha-e-casa-manaca-da-serra\/#article","isPartOf":{"@id":"https:\/\/www.sitsesp.org.br\/novo\/sitsesp-em-movimento-diretores-visitam-complexo-franco-da-rocha-e-casa-manaca-da-serra\/"},"author":{"name":"imprensa","@id":"https:\/\/www.sitsesp.org.br\/novo\/#\/schema\/person\/28e42eec160f373e81d0183b3643edbf"},"headline":"SITSESP EM MOVIMENTO | DIRETORES VISITAM COMPLEXO FRANCO DA ROCHA E CASA MANAC\u00c1 DA SERRA","datePublished":"2023-03-24T12:27:32+00:00","dateModified":"2023-03-24T12:27:32+00:00","mainEntityOfPage":{"@id":"https:\/\/www.sitsesp.org.br\/novo\/sitsesp-em-movimento-diretores-visitam-complexo-franco-da-rocha-e-casa-manaca-da-serra\/"},"wordCount":100,"commentCount":0,"publisher":{"@id":"https:\/\/www.sitsesp.org.br\/novo\/#organization"},"image":{"@id":"https:\/\/www.sitsesp.org.br\/novo\/sitsesp-em-movimento-diretores-visitam-complexo-franco-da-rocha-e-casa-manaca-da-serra\/#primaryimage"},"thumbnailUrl":"https:\/\/www.sitsesp.org.br\/novo\/wp-content\/uploads\/2023\/03\/WhatsApp-Image-2023-03-24-at-4.14.49-AM-1.jpeg","articleSection":["Destaque","Noticias"],"inLanguage":"pt-BR","potentialAction":[{"@type":"CommentAction","name":"Comment","target":["https:\/\/www.sitsesp.org.br\/novo\/sitsesp-em-movimento-diretores-visitam-complexo-franco-da-rocha-e-casa-manaca-da-serra\/#respond"]}]},{"@type":"WebPage","@id":"https:\/\/www.sitsesp.org.br\/novo\/sitsesp-em-movimento-diretores-visitam-complexo-franco-da-rocha-e-casa-manaca-da-serra\/","url":"https:\/\/www.sitsesp.org.br\/novo\/sitsesp-em-movimento-diretores-visitam-complexo-franco-da-rocha-e-casa-manaca-da-serra\/","name":"SITSESP EM MOVIMENTO | DIRETORES VISITAM COMPLEXO FRANCO DA ROCHA E CASA MANAC\u00c1 DA SERRA - SITSESP","isPartOf":{"@id":"https:\/\/www.sitsesp.org.br\/novo\/#website"},"primaryImageOfPage":{"@id":"https:\/\/www.sitsesp.org.br\/novo\/sitsesp-em-movimento-diretores-visitam-complexo-franco-da-rocha-e-casa-manaca-da-serra\/#primaryimage"},"image":{"@id":"https:\/\/www.sitsesp.org.br\/novo\/sitsesp-em-movimento-diretores-visitam-complexo-franco-da-rocha-e-casa-manaca-da-serra\/#primaryimage"},"thumbnailUrl":"https:\/\/www.sitsesp.org.br\/novo\/wp-content\/uploads\/2023\/03\/WhatsApp-Image-2023-03-24-at-4.14.49-AM-1.jpeg","datePublished":"2023-03-24T12:27:32+00:00","dateModified":"2023-03-24T12:27:32+00:00","breadcrumb":{"@id":"https:\/\/www.sitsesp.org.br\/novo\/sitsesp-em-movimento-diretores-visitam-complexo-franco-da-rocha-e-casa-manaca-da-serra\/#breadcrumb"},"inLanguage":"pt-BR","potentialAction":[{"@type":"ReadAction","target":["https:\/\/www.sitsesp.org.br\/novo\/sitsesp-em-movimento-diretores-visitam-complexo-franco-da-rocha-e-casa-manaca-da-serra\/"]}]},{"@type":"ImageObject","inLanguage":"pt-BR","@id":"https:\/\/www.sitsesp.org.br\/novo\/sitsesp-em-movimento-diretores-visitam-complexo-franco-da-rocha-e-casa-manaca-da-serra\/#primaryimage","url":"https:\/\/www.sitsesp.org.br\/novo\/wp-content\/uploads\/2023\/03\/WhatsApp-Image-2023-03-24-at-4.14.49-AM-1.jpeg","contentUrl":"https:\/\/www.sitsesp.org.br\/novo\/wp-content\/uploads\/2023\/03\/WhatsApp-Image-2023-03-24-at-4.14.49-AM-1.jpeg","width":800,"height":600},{"@type":"BreadcrumbList","@id":"https:\/\/www.sitsesp.org.br\/novo\/sitsesp-em-movimento-diretores-visitam-complexo-franco-da-rocha-e-casa-manaca-da-serra\/#breadcrumb","itemListElement":[{"@type":"ListItem","position":1,"name":"In\u00edcio","item":"https:\/\/www.sitsesp.org.br\/novo\/"},{"@type":"ListItem","position":2,"name":"SITSESP EM MOVIMENTO | DIRETORES VISITAM COMPLEXO FRANCO DA ROCHA E CASA MANAC\u00c1 DA SERRA"}]},{"@type":"WebSite","@id":"https:\/\/www.sitsesp.org.br\/novo\/#website","url":"https:\/\/www.sitsesp.org.br\/novo\/","name":"Sitsesp","description":"SIndicato da Socioeduca\u00e7\u00e3o do Estado de S\u00e3o Paulo","publisher":{"@id":"https:\/\/www.sitsesp.org.br\/novo\/#organization"},"potentialAction":[{"@type":"SearchAction","target":{"@type":"EntryPoint","urlTemplate":"https:\/\/www.sitsesp.org.br\/novo\/?s={search_term_string}"},"query-input":"required name=search_term_string"}],"inLanguage":"pt-BR"},{"@type":"Organization","@id":"https:\/\/www.sitsesp.org.br\/novo\/#organization","name":"Sitsesp","url":"https:\/\/www.sitsesp.org.br\/novo\/","logo":{"@type":"ImageObject","inLanguage":"pt-BR","@id":"https:\/\/www.sitsesp.org.br\/novo\/#\/schema\/logo\/image\/","url":"https:\/\/www.sitsesp.org.br\/novo\/wp-content\/uploads\/2020\/09\/Design-sem-nome-1.jpg","contentUrl":"https:\/\/www.sitsesp.org.br\/novo\/wp-content\/uploads\/2020\/09\/Design-sem-nome-1.jpg","width":300,"height":300,"caption":"Sitsesp"},"image":{"@id":"https:\/\/www.sitsesp.org.br\/novo\/#\/schema\/logo\/image\/"}},{"@type":"Person","@id":"https:\/\/www.sitsesp.org.br\/novo\/#\/schema\/person\/28e42eec160f373e81d0183b3643edbf","name":"imprensa","image":{"@type":"ImageObject","inLanguage":"pt-BR","@id":"https:\/\/www.sitsesp.org.br\/novo\/#\/schema\/person\/image\/","url":"https:\/\/secure.gravatar.com\/avatar\/8d6ccd8d7d52b8959f34154e87d3fa29?s=96&d=mm&r=g","contentUrl":"https:\/\/secure.gravatar.com\/avatar\/8d6ccd8d7d52b8959f34154e87d3fa29?s=96&d=mm&r=g","caption":"imprensa"}}]}},"_links":{"self":[{"href":"https:\/\/www.sitsesp.org.br\/novo\/wp-json\/wp\/v2\/posts\/10553"}],"collection":[{"href":"https:\/\/www.sitsesp.org.br\/novo\/wp-json\/wp\/v2\/posts"}],"about":[{"href":"https:\/\/www.sitsesp.org.br\/novo\/wp-json\/wp\/v2\/types\/post"}],"author":[{"embeddable":true,"href":"https:\/\/www.sitsesp.org.br\/novo\/wp-json\/wp\/v2\/users\/5"}],"replies":[{"embeddable":true,"href":"https:\/\/www.sitsesp.org.br\/novo\/wp-json\/wp\/v2\/comments?post=10553"}],"version-history":[{"count":1,"href":"https:\/\/www.sitsesp.org.br\/novo\/wp-json\/wp\/v2\/posts\/10553\/revisions"}],"predecessor-version":[{"id":10557,"href":"https:\/\/www.sitsesp.org.br\/novo\/wp-json\/wp\/v2\/posts\/10553\/revisions\/10557"}],"wp:featuredmedia":[{"embeddable":true,"href":"https:\/\/www.sitsesp.org.br\/novo\/wp-json\/wp\/v2\/media\/10554"}],"wp:attachment":[{"href":"https:\/\/www.sitsesp.org.br\/novo\/wp-json\/wp\/v2\/media?parent=10553"}],"wp:term":[{"taxonomy":"category","embeddable":true,"href":"https:\/\/www.sitsesp.org.br\/novo\/wp-json\/wp\/v2\/categories?post=10553"},{"taxonomy":"post_tag","embeddable":true,"href":"https:\/\/www.sitsesp.org.br\/novo\/wp-json\/wp\/v2\/tags?post=10553"}],"curies":[{"name":"wp","href":"https:\/\/api.w.org\/{rel}","templated":true}]}}