{"id":10583,"date":"2023-03-28T09:17:05","date_gmt":"2023-03-28T12:17:05","guid":{"rendered":"https:\/\/sitsesp.org.br\/novo\/?p=10583"},"modified":"2023-03-28T09:17:05","modified_gmt":"2023-03-28T12:17:05","slug":"comocao-no-pais-adolescente-mata-professora-e-deixa-cinco-feridos-em-escola-de-sao-paulo","status":"publish","type":"post","link":"https:\/\/www.sitsesp.org.br\/novo\/comocao-no-pais-adolescente-mata-professora-e-deixa-cinco-feridos-em-escola-de-sao-paulo\/","title":{"rendered":"Como\u00e7\u00e3o no pa\u00eds. Adolescente mata professora e deixa cinco feridos em escola de S\u00e3o Paulo"},"content":{"rendered":"<p><!-- VideographyWP Plugin Message: Automatic video embedding prevented by plugin options. --><br \/>\nA categoria socioeducativa recebeu com muita tristeza o ato de viol\u00eancia que ocorreu na escola Thomazia Montoro, na Vila S\u00f4nia (zona oeste de S\u00e3o Paulo), que culminou com a morte a facadas da professora Elisabeth Tenreiro, de 71 anos de idade, e com outros 5 feridos (dois alunos e 3 docentes). O ataque foi realizado por um adolescente de 13 anos.<\/p>\n<p>Os socioeducadores lamentam por mais uma vida levada de forma extremadamente injusta, sabemos que n\u00e3o \u00e9 um caso isolado. Conforme relat\u00f3rio apresentado pela equipe de educa\u00e7\u00e3o em dezembro de 2022, at\u00e9 esse ano, j\u00e1 haviam ocorrido 35 mortes em ataques a escolas. A socioeduca\u00e7\u00e3o conhece bem esses atos de viol\u00eancia, pois sofremos periodicamente com ataques por parte dos adolescentes que est\u00e3o nas unidades da Funda\u00e7\u00e3o CASA.<\/p>\n<p>A sociedade est\u00e1 doente e quem sofre com isso somos n\u00f3s, trabalhadores e familiares que se veem envolvidos por este tipo de situa\u00e7\u00e3o.<\/p>\n<p>O drama ocorrido na escola estadual Thomazia Montoro n\u00e3o foi maior devido ao ato de hero\u00edsmo das professoras Cintia da Silva Barbosa e Sandra Pereira que imobilizaram o agressor. A professora Cintia, inclusive, trabalhou anos atr\u00e1s na unidade da Funda\u00e7\u00e3o CASA, Nova Aroeira, como professora de educa\u00e7\u00e3o f\u00edsica.<\/p>\n<p>O SITSESP e toda a categoria deixa os mais profundos sentimentos de pesar \u00e0 fam\u00edlia, amigos e companheiros de trabalho da professora Elisabeth.<\/p>\n","protected":false},"excerpt":{"rendered":"<p>A categoria socioeducativa recebeu com muita tristeza o ato de viol\u00eancia que ocorreu na escola Thomazia Montoro, na Vila S\u00f4nia (zona&hellip;<\/p>\n","protected":false},"author":5,"featured_media":10584,"comment_status":"open","ping_status":"open","sticky":false,"template":"","format":"standard","meta":{"cybocfi_hide_featured_image":"","footnotes":""},"categories":[27,22],"tags":[],"yoast_head":"<!-- This site is optimized with the Yoast SEO plugin v22.8 - https:\/\/yoast.com\/wordpress\/plugins\/seo\/ -->\n<title>Como\u00e7\u00e3o no pa\u00eds. Adolescente mata professora e deixa cinco feridos em escola de S\u00e3o Paulo - SITSESP<\/title>\n<meta name=\"robots\" content=\"index, follow, max-snippet:-1, max-image-preview:large, max-video-preview:-1\" \/>\n<link rel=\"canonical\" href=\"https:\/\/www.sitsesp.org.br\/novo\/comocao-no-pais-adolescente-mata-professora-e-deixa-cinco-feridos-em-escola-de-sao-paulo\/\" \/>\n<meta property=\"og:locale\" content=\"pt_BR\" \/>\n<meta property=\"og:type\" content=\"article\" \/>\n<meta property=\"og:title\" content=\"Como\u00e7\u00e3o no pa\u00eds. Adolescente mata professora e deixa cinco feridos em escola de S\u00e3o Paulo - SITSESP\" \/>\n<meta property=\"og:description\" content=\"A categoria socioeducativa recebeu com muita tristeza o ato de viol\u00eancia que ocorreu na escola Thomazia Montoro, na Vila S\u00f4nia (zona&hellip;\" \/>\n<meta property=\"og:url\" content=\"https:\/\/www.sitsesp.org.br\/novo\/comocao-no-pais-adolescente-mata-professora-e-deixa-cinco-feridos-em-escola-de-sao-paulo\/\" \/>\n<meta property=\"og:site_name\" content=\"SITSESP\" \/>\n<meta property=\"article:published_time\" content=\"2023-03-28T12:17:05+00:00\" \/>\n<meta property=\"og:image\" content=\"https:\/\/www.sitsesp.org.br\/novo\/wp-content\/uploads\/2023\/03\/noticiassitsesp2023.jpg\" \/>\n\t<meta property=\"og:image:width\" content=\"800\" \/>\n\t<meta property=\"og:image:height\" content=\"800\" \/>\n\t<meta property=\"og:image:type\" content=\"image\/jpeg\" \/>\n<meta name=\"author\" content=\"imprensa\" \/>\n<meta name=\"twitter:card\" content=\"summary_large_image\" \/>\n<meta name=\"twitter:label1\" content=\"Escrito por\" \/>\n\t<meta name=\"twitter:data1\" content=\"imprensa\" \/>\n\t<meta name=\"twitter:label2\" content=\"Est. tempo de leitura\" \/>\n\t<meta name=\"twitter:data2\" content=\"1 minuto\" \/>\n<script type=\"application\/ld+json\" class=\"yoast-schema-graph\">{\"@context\":\"https:\/\/schema.org\",\"@graph\":[{\"@type\":\"Article\",\"@id\":\"https:\/\/www.sitsesp.org.br\/novo\/comocao-no-pais-adolescente-mata-professora-e-deixa-cinco-feridos-em-escola-de-sao-paulo\/#article\",\"isPartOf\":{\"@id\":\"https:\/\/www.sitsesp.org.br\/novo\/comocao-no-pais-adolescente-mata-professora-e-deixa-cinco-feridos-em-escola-de-sao-paulo\/\"},\"author\":{\"name\":\"imprensa\",\"@id\":\"https:\/\/www.sitsesp.org.br\/novo\/#\/schema\/person\/28e42eec160f373e81d0183b3643edbf\"},\"headline\":\"Como\u00e7\u00e3o no pa\u00eds. Adolescente mata professora e deixa cinco feridos em escola de S\u00e3o Paulo\",\"datePublished\":\"2023-03-28T12:17:05+00:00\",\"dateModified\":\"2023-03-28T12:17:05+00:00\",\"mainEntityOfPage\":{\"@id\":\"https:\/\/www.sitsesp.org.br\/novo\/comocao-no-pais-adolescente-mata-professora-e-deixa-cinco-feridos-em-escola-de-sao-paulo\/\"},\"wordCount\":250,\"commentCount\":0,\"publisher\":{\"@id\":\"https:\/\/www.sitsesp.org.br\/novo\/#organization\"},\"image\":{\"@id\":\"https:\/\/www.sitsesp.org.br\/novo\/comocao-no-pais-adolescente-mata-professora-e-deixa-cinco-feridos-em-escola-de-sao-paulo\/#primaryimage\"},\"thumbnailUrl\":\"https:\/\/www.sitsesp.org.br\/novo\/wp-content\/uploads\/2023\/03\/noticiassitsesp2023.jpg\",\"articleSection\":[\"Destaque\",\"Noticias\"],\"inLanguage\":\"pt-BR\",\"potentialAction\":[{\"@type\":\"CommentAction\",\"name\":\"Comment\",\"target\":[\"https:\/\/www.sitsesp.org.br\/novo\/comocao-no-pais-adolescente-mata-professora-e-deixa-cinco-feridos-em-escola-de-sao-paulo\/#respond\"]}]},{\"@type\":\"WebPage\",\"@id\":\"https:\/\/www.sitsesp.org.br\/novo\/comocao-no-pais-adolescente-mata-professora-e-deixa-cinco-feridos-em-escola-de-sao-paulo\/\",\"url\":\"https:\/\/www.sitsesp.org.br\/novo\/comocao-no-pais-adolescente-mata-professora-e-deixa-cinco-feridos-em-escola-de-sao-paulo\/\",\"name\":\"Como\u00e7\u00e3o no pa\u00eds. Adolescente mata professora e deixa cinco feridos em escola de S\u00e3o Paulo - SITSESP\",\"isPartOf\":{\"@id\":\"https:\/\/www.sitsesp.org.br\/novo\/#website\"},\"primaryImageOfPage\":{\"@id\":\"https:\/\/www.sitsesp.org.br\/novo\/comocao-no-pais-adolescente-mata-professora-e-deixa-cinco-feridos-em-escola-de-sao-paulo\/#primaryimage\"},\"image\":{\"@id\":\"https:\/\/www.sitsesp.org.br\/novo\/comocao-no-pais-adolescente-mata-professora-e-deixa-cinco-feridos-em-escola-de-sao-paulo\/#primaryimage\"},\"thumbnailUrl\":\"https:\/\/www.sitsesp.org.br\/novo\/wp-content\/uploads\/2023\/03\/noticiassitsesp2023.jpg\",\"datePublished\":\"2023-03-28T12:17:05+00:00\",\"dateModified\":\"2023-03-28T12:17:05+00:00\",\"breadcrumb\":{\"@id\":\"https:\/\/www.sitsesp.org.br\/novo\/comocao-no-pais-adolescente-mata-professora-e-deixa-cinco-feridos-em-escola-de-sao-paulo\/#breadcrumb\"},\"inLanguage\":\"pt-BR\",\"potentialAction\":[{\"@type\":\"ReadAction\",\"target\":[\"https:\/\/www.sitsesp.org.br\/novo\/comocao-no-pais-adolescente-mata-professora-e-deixa-cinco-feridos-em-escola-de-sao-paulo\/\"]}]},{\"@type\":\"ImageObject\",\"inLanguage\":\"pt-BR\",\"@id\":\"https:\/\/www.sitsesp.org.br\/novo\/comocao-no-pais-adolescente-mata-professora-e-deixa-cinco-feridos-em-escola-de-sao-paulo\/#primaryimage\",\"url\":\"https:\/\/www.sitsesp.org.br\/novo\/wp-content\/uploads\/2023\/03\/noticiassitsesp2023.jpg\",\"contentUrl\":\"https:\/\/www.sitsesp.org.br\/novo\/wp-content\/uploads\/2023\/03\/noticiassitsesp2023.jpg\",\"width\":800,\"height\":800},{\"@type\":\"BreadcrumbList\",\"@id\":\"https:\/\/www.sitsesp.org.br\/novo\/comocao-no-pais-adolescente-mata-professora-e-deixa-cinco-feridos-em-escola-de-sao-paulo\/#breadcrumb\",\"itemListElement\":[{\"@type\":\"ListItem\",\"position\":1,\"name\":\"In\u00edcio\",\"item\":\"https:\/\/www.sitsesp.org.br\/novo\/\"},{\"@type\":\"ListItem\",\"position\":2,\"name\":\"Como\u00e7\u00e3o no pa\u00eds. Adolescente mata professora e deixa cinco feridos em escola de S\u00e3o Paulo\"}]},{\"@type\":\"WebSite\",\"@id\":\"https:\/\/www.sitsesp.org.br\/novo\/#website\",\"url\":\"https:\/\/www.sitsesp.org.br\/novo\/\",\"name\":\"Sitsesp\",\"description\":\"SIndicato da Socioeduca\u00e7\u00e3o do Estado de S\u00e3o Paulo\",\"publisher\":{\"@id\":\"https:\/\/www.sitsesp.org.br\/novo\/#organization\"},\"potentialAction\":[{\"@type\":\"SearchAction\",\"target\":{\"@type\":\"EntryPoint\",\"urlTemplate\":\"https:\/\/www.sitsesp.org.br\/novo\/?s={search_term_string}\"},\"query-input\":\"required name=search_term_string\"}],\"inLanguage\":\"pt-BR\"},{\"@type\":\"Organization\",\"@id\":\"https:\/\/www.sitsesp.org.br\/novo\/#organization\",\"name\":\"Sitsesp\",\"url\":\"https:\/\/www.sitsesp.org.br\/novo\/\",\"logo\":{\"@type\":\"ImageObject\",\"inLanguage\":\"pt-BR\",\"@id\":\"https:\/\/www.sitsesp.org.br\/novo\/#\/schema\/logo\/image\/\",\"url\":\"https:\/\/www.sitsesp.org.br\/novo\/wp-content\/uploads\/2020\/09\/Design-sem-nome-1.jpg\",\"contentUrl\":\"https:\/\/www.sitsesp.org.br\/novo\/wp-content\/uploads\/2020\/09\/Design-sem-nome-1.jpg\",\"width\":300,\"height\":300,\"caption\":\"Sitsesp\"},\"image\":{\"@id\":\"https:\/\/www.sitsesp.org.br\/novo\/#\/schema\/logo\/image\/\"}},{\"@type\":\"Person\",\"@id\":\"https:\/\/www.sitsesp.org.br\/novo\/#\/schema\/person\/28e42eec160f373e81d0183b3643edbf\",\"name\":\"imprensa\",\"image\":{\"@type\":\"ImageObject\",\"inLanguage\":\"pt-BR\",\"@id\":\"https:\/\/www.sitsesp.org.br\/novo\/#\/schema\/person\/image\/\",\"url\":\"https:\/\/secure.gravatar.com\/avatar\/8d6ccd8d7d52b8959f34154e87d3fa29?s=96&d=mm&r=g\",\"contentUrl\":\"https:\/\/secure.gravatar.com\/avatar\/8d6ccd8d7d52b8959f34154e87d3fa29?s=96&d=mm&r=g\",\"caption\":\"imprensa\"}}]}<\/script>\n<!-- \/ Yoast SEO plugin. -->","yoast_head_json":{"title":"Como\u00e7\u00e3o no pa\u00eds. Adolescente mata professora e deixa cinco feridos em escola de S\u00e3o Paulo - SITSESP","robots":{"index":"index","follow":"follow","max-snippet":"max-snippet:-1","max-image-preview":"max-image-preview:large","max-video-preview":"max-video-preview:-1"},"canonical":"https:\/\/www.sitsesp.org.br\/novo\/comocao-no-pais-adolescente-mata-professora-e-deixa-cinco-feridos-em-escola-de-sao-paulo\/","og_locale":"pt_BR","og_type":"article","og_title":"Como\u00e7\u00e3o no pa\u00eds. Adolescente mata professora e deixa cinco feridos em escola de S\u00e3o Paulo - SITSESP","og_description":"A categoria socioeducativa recebeu com muita tristeza o ato de viol\u00eancia que ocorreu na escola Thomazia Montoro, na Vila S\u00f4nia (zona&hellip;","og_url":"https:\/\/www.sitsesp.org.br\/novo\/comocao-no-pais-adolescente-mata-professora-e-deixa-cinco-feridos-em-escola-de-sao-paulo\/","og_site_name":"SITSESP","article_published_time":"2023-03-28T12:17:05+00:00","og_image":[{"width":800,"height":800,"url":"https:\/\/www.sitsesp.org.br\/novo\/wp-content\/uploads\/2023\/03\/noticiassitsesp2023.jpg","type":"image\/jpeg"}],"author":"imprensa","twitter_card":"summary_large_image","twitter_misc":{"Escrito por":"imprensa","Est. tempo de leitura":"1 minuto"},"schema":{"@context":"https:\/\/schema.org","@graph":[{"@type":"Article","@id":"https:\/\/www.sitsesp.org.br\/novo\/comocao-no-pais-adolescente-mata-professora-e-deixa-cinco-feridos-em-escola-de-sao-paulo\/#article","isPartOf":{"@id":"https:\/\/www.sitsesp.org.br\/novo\/comocao-no-pais-adolescente-mata-professora-e-deixa-cinco-feridos-em-escola-de-sao-paulo\/"},"author":{"name":"imprensa","@id":"https:\/\/www.sitsesp.org.br\/novo\/#\/schema\/person\/28e42eec160f373e81d0183b3643edbf"},"headline":"Como\u00e7\u00e3o no pa\u00eds. Adolescente mata professora e deixa cinco feridos em escola de S\u00e3o Paulo","datePublished":"2023-03-28T12:17:05+00:00","dateModified":"2023-03-28T12:17:05+00:00","mainEntityOfPage":{"@id":"https:\/\/www.sitsesp.org.br\/novo\/comocao-no-pais-adolescente-mata-professora-e-deixa-cinco-feridos-em-escola-de-sao-paulo\/"},"wordCount":250,"commentCount":0,"publisher":{"@id":"https:\/\/www.sitsesp.org.br\/novo\/#organization"},"image":{"@id":"https:\/\/www.sitsesp.org.br\/novo\/comocao-no-pais-adolescente-mata-professora-e-deixa-cinco-feridos-em-escola-de-sao-paulo\/#primaryimage"},"thumbnailUrl":"https:\/\/www.sitsesp.org.br\/novo\/wp-content\/uploads\/2023\/03\/noticiassitsesp2023.jpg","articleSection":["Destaque","Noticias"],"inLanguage":"pt-BR","potentialAction":[{"@type":"CommentAction","name":"Comment","target":["https:\/\/www.sitsesp.org.br\/novo\/comocao-no-pais-adolescente-mata-professora-e-deixa-cinco-feridos-em-escola-de-sao-paulo\/#respond"]}]},{"@type":"WebPage","@id":"https:\/\/www.sitsesp.org.br\/novo\/comocao-no-pais-adolescente-mata-professora-e-deixa-cinco-feridos-em-escola-de-sao-paulo\/","url":"https:\/\/www.sitsesp.org.br\/novo\/comocao-no-pais-adolescente-mata-professora-e-deixa-cinco-feridos-em-escola-de-sao-paulo\/","name":"Como\u00e7\u00e3o no pa\u00eds. Adolescente mata professora e deixa cinco feridos em escola de S\u00e3o Paulo - SITSESP","isPartOf":{"@id":"https:\/\/www.sitsesp.org.br\/novo\/#website"},"primaryImageOfPage":{"@id":"https:\/\/www.sitsesp.org.br\/novo\/comocao-no-pais-adolescente-mata-professora-e-deixa-cinco-feridos-em-escola-de-sao-paulo\/#primaryimage"},"image":{"@id":"https:\/\/www.sitsesp.org.br\/novo\/comocao-no-pais-adolescente-mata-professora-e-deixa-cinco-feridos-em-escola-de-sao-paulo\/#primaryimage"},"thumbnailUrl":"https:\/\/www.sitsesp.org.br\/novo\/wp-content\/uploads\/2023\/03\/noticiassitsesp2023.jpg","datePublished":"2023-03-28T12:17:05+00:00","dateModified":"2023-03-28T12:17:05+00:00","breadcrumb":{"@id":"https:\/\/www.sitsesp.org.br\/novo\/comocao-no-pais-adolescente-mata-professora-e-deixa-cinco-feridos-em-escola-de-sao-paulo\/#breadcrumb"},"inLanguage":"pt-BR","potentialAction":[{"@type":"ReadAction","target":["https:\/\/www.sitsesp.org.br\/novo\/comocao-no-pais-adolescente-mata-professora-e-deixa-cinco-feridos-em-escola-de-sao-paulo\/"]}]},{"@type":"ImageObject","inLanguage":"pt-BR","@id":"https:\/\/www.sitsesp.org.br\/novo\/comocao-no-pais-adolescente-mata-professora-e-deixa-cinco-feridos-em-escola-de-sao-paulo\/#primaryimage","url":"https:\/\/www.sitsesp.org.br\/novo\/wp-content\/uploads\/2023\/03\/noticiassitsesp2023.jpg","contentUrl":"https:\/\/www.sitsesp.org.br\/novo\/wp-content\/uploads\/2023\/03\/noticiassitsesp2023.jpg","width":800,"height":800},{"@type":"BreadcrumbList","@id":"https:\/\/www.sitsesp.org.br\/novo\/comocao-no-pais-adolescente-mata-professora-e-deixa-cinco-feridos-em-escola-de-sao-paulo\/#breadcrumb","itemListElement":[{"@type":"ListItem","position":1,"name":"In\u00edcio","item":"https:\/\/www.sitsesp.org.br\/novo\/"},{"@type":"ListItem","position":2,"name":"Como\u00e7\u00e3o no pa\u00eds. Adolescente mata professora e deixa cinco feridos em escola de S\u00e3o Paulo"}]},{"@type":"WebSite","@id":"https:\/\/www.sitsesp.org.br\/novo\/#website","url":"https:\/\/www.sitsesp.org.br\/novo\/","name":"Sitsesp","description":"SIndicato da Socioeduca\u00e7\u00e3o do Estado de S\u00e3o Paulo","publisher":{"@id":"https:\/\/www.sitsesp.org.br\/novo\/#organization"},"potentialAction":[{"@type":"SearchAction","target":{"@type":"EntryPoint","urlTemplate":"https:\/\/www.sitsesp.org.br\/novo\/?s={search_term_string}"},"query-input":"required name=search_term_string"}],"inLanguage":"pt-BR"},{"@type":"Organization","@id":"https:\/\/www.sitsesp.org.br\/novo\/#organization","name":"Sitsesp","url":"https:\/\/www.sitsesp.org.br\/novo\/","logo":{"@type":"ImageObject","inLanguage":"pt-BR","@id":"https:\/\/www.sitsesp.org.br\/novo\/#\/schema\/logo\/image\/","url":"https:\/\/www.sitsesp.org.br\/novo\/wp-content\/uploads\/2020\/09\/Design-sem-nome-1.jpg","contentUrl":"https:\/\/www.sitsesp.org.br\/novo\/wp-content\/uploads\/2020\/09\/Design-sem-nome-1.jpg","width":300,"height":300,"caption":"Sitsesp"},"image":{"@id":"https:\/\/www.sitsesp.org.br\/novo\/#\/schema\/logo\/image\/"}},{"@type":"Person","@id":"https:\/\/www.sitsesp.org.br\/novo\/#\/schema\/person\/28e42eec160f373e81d0183b3643edbf","name":"imprensa","image":{"@type":"ImageObject","inLanguage":"pt-BR","@id":"https:\/\/www.sitsesp.org.br\/novo\/#\/schema\/person\/image\/","url":"https:\/\/secure.gravatar.com\/avatar\/8d6ccd8d7d52b8959f34154e87d3fa29?s=96&d=mm&r=g","contentUrl":"https:\/\/secure.gravatar.com\/avatar\/8d6ccd8d7d52b8959f34154e87d3fa29?s=96&d=mm&r=g","caption":"imprensa"}}]}},"_links":{"self":[{"href":"https:\/\/www.sitsesp.org.br\/novo\/wp-json\/wp\/v2\/posts\/10583"}],"collection":[{"href":"https:\/\/www.sitsesp.org.br\/novo\/wp-json\/wp\/v2\/posts"}],"about":[{"href":"https:\/\/www.sitsesp.org.br\/novo\/wp-json\/wp\/v2\/types\/post"}],"author":[{"embeddable":true,"href":"https:\/\/www.sitsesp.org.br\/novo\/wp-json\/wp\/v2\/users\/5"}],"replies":[{"embeddable":true,"href":"https:\/\/www.sitsesp.org.br\/novo\/wp-json\/wp\/v2\/comments?post=10583"}],"version-history":[{"count":1,"href":"https:\/\/www.sitsesp.org.br\/novo\/wp-json\/wp\/v2\/posts\/10583\/revisions"}],"predecessor-version":[{"id":10585,"href":"https:\/\/www.sitsesp.org.br\/novo\/wp-json\/wp\/v2\/posts\/10583\/revisions\/10585"}],"wp:featuredmedia":[{"embeddable":true,"href":"https:\/\/www.sitsesp.org.br\/novo\/wp-json\/wp\/v2\/media\/10584"}],"wp:attachment":[{"href":"https:\/\/www.sitsesp.org.br\/novo\/wp-json\/wp\/v2\/media?parent=10583"}],"wp:term":[{"taxonomy":"category","embeddable":true,"href":"https:\/\/www.sitsesp.org.br\/novo\/wp-json\/wp\/v2\/categories?post=10583"},{"taxonomy":"post_tag","embeddable":true,"href":"https:\/\/www.sitsesp.org.br\/novo\/wp-json\/wp\/v2\/tags?post=10583"}],"curies":[{"name":"wp","href":"https:\/\/api.w.org\/{rel}","templated":true}]}}