{"id":10760,"date":"2023-04-26T12:04:59","date_gmt":"2023-04-26T15:04:59","guid":{"rendered":"https:\/\/sitsesp.org.br\/novo\/?p=10760"},"modified":"2023-04-26T12:04:59","modified_gmt":"2023-04-26T15:04:59","slug":"sitsesp-informa-terror-agressoes-fugas-e-para-a-gestao-da-fundacao-casa-esta-tudo-bem-obrigada","status":"publish","type":"post","link":"https:\/\/www.sitsesp.org.br\/novo\/sitsesp-informa-terror-agressoes-fugas-e-para-a-gestao-da-fundacao-casa-esta-tudo-bem-obrigada\/","title":{"rendered":"SITSESP INFORMA | TERROR, AGRESS\u00d5ES, FUGAS E, PARA A GEST\u00c3O DA FUNDA\u00c7\u00c3O CASA, &#8220;EST\u00c1 TUDO BEM, OBRIGADA&#8221;"},"content":{"rendered":"<p><!-- VideographyWP Plugin Message: Automatic video embedding prevented by plugin options. --><br \/>\n\u00c9 de perder as contas a quantidade de den\u00fancias que o SITSESP recebe e repassa para a gest\u00e3o executiva da Funda\u00e7\u00e3o CASA e \u00f3rg\u00e3os como o MPT sobre falta de efetivo nos Centros, press\u00e3o e acumulo de fun\u00e7\u00f5es no local de trabalho, persegui\u00e7\u00e3o aos trabalhadores, fugas rotineiras e, o pior, agress\u00f5es e mortes dentro e fora do ambiente socioeducativo.<br \/>\nMas, segundo a gest\u00e3o patronal, como est\u00e1 a socioeduca\u00e7\u00e3o no estado de S\u00e3o Paulo? &#8220;Muito bem, obrigada&#8221;.<br \/>\nNos \u00faltimos dias tivemos um aumento significativo no n\u00famero de agress\u00f5es a servidores que trabalham na seguran\u00e7a dos adolescentes e dos demais trabalhadores.<\/p>\n<p>O \u00faltimo servidor agredido foi no Centro CASA Osasco II e teve seu rosto e orelha perfurados por um objeto contundente por quatro adolescentes problem\u00e1ticos que tentaram estrangular o servidor e tomar as chaves dos acessos no setor denominado P3.<\/p>\n<p>Essa n\u00e3o foi a primeira tentativa ocorrida contra o mesmo servidor, j\u00e1 tentaram outras vezes.<br \/>\nO servidor fez o Boletim de Ocorr\u00eancia e passou pelo IML e, pasmem, na delegacia os adolescentes agressores ainda tentaram fuga enquanto era lavrado o BO.<\/p>\n<p>Chegou tamb\u00e9m uma den\u00fancia que no Complexo Ribeir\u00e3o Preto, no Casa Rio Pardo, ao sa\u00edrem de um curso, dois adolescentes tentaram fugir na chegada ao Centro, nossos diretores est\u00e3o verificando e a imprensa sindical est\u00e1 aguardando resposta da regional sobre os fatos.<\/p>\n<p>Den\u00fancias diversas est\u00e3o chegando do interior, grande S\u00e3o Paulo, Baixada Santista e Litoral envolvendo agress\u00f5es, fugas, persegui\u00e7\u00f5es aos trabalhadores e por a\u00ed vai. Mas para a gest\u00e3o executiva da Funda\u00e7\u00e3o CASA &#8220;est\u00e1 tudo bem, obrigada&#8221;.<br \/>\nQuando questionados pela grande m\u00eddia sobre os acontecimentos dentro dos Centros, a resposta \u00e9 autom\u00e1tica: &#8220;Ser\u00e1 aberta uma sindic\u00e2ncia para verificar a responsabilidade&#8221;.<\/p>\n<p>No caso, sempre afirmam que a responsabilidade \u00e9 dos servidores que sofrem penosas san\u00e7\u00f5es administrativas.<br \/>\nO fechamento de Complexos, Centros e transfer\u00eancias de servidores tamb\u00e9m vem adoecendo o trabalhador, al\u00e9m da press\u00e3o que estes sofrem por uma corregedoria parcial, que olha apenas para o adolescente, \u00e0 preju\u00edzo do trabalhador.<br \/>\nMas para a gest\u00e3o executiva da Funda\u00e7\u00e3o CASA, &#8220;est\u00e1 tudo bem, obrigada&#8221;.<\/p>\n<p>Estamos em vista de um movimento paredista que poder\u00e1 ser deflagrado no pr\u00f3ximo dia 29 em assembleia, com indicativo de greve para o dia 03 de maio, reivindicando melhores condi\u00e7\u00f5es e seguran\u00e7a nos Centros, reposi\u00e7\u00e3o salarial, valoriza\u00e7\u00e3o dos trabalhadores e muito mais.<\/p>\n<p>Movimenta\u00e7\u00e3o de LUTO pelas mortes dos nossos trabalhadores no local de trabalho e fora dele.<\/p>\n<p>Mas para a gest\u00e3o executiva da Funda\u00e7\u00e3o CASA e para o governo do mais rico estado brasileiro, &#8220;EST\u00c1 TUDO BEM, OBRIGADA&#8221;.<\/p>\n<p><strong>O SITSESP \u00c9 DE TODOS, PARA TODOS, TRABALHANDO COM TODOS &#8211; SEJA UM FILIADO SITSESP E PARTICIPE DA LUTA<\/strong><\/p>\n","protected":false},"excerpt":{"rendered":"<p>\u00c9 de perder as contas a quantidade de den\u00fancias que o SITSESP recebe e repassa para a gest\u00e3o executiva da Funda\u00e7\u00e3o&hellip;<\/p>\n","protected":false},"author":5,"featured_media":10761,"comment_status":"open","ping_status":"open","sticky":false,"template":"","format":"standard","meta":{"cybocfi_hide_featured_image":"","footnotes":""},"categories":[27,22],"tags":[],"yoast_head":"<!-- This site is optimized with the Yoast SEO plugin v22.8 - https:\/\/yoast.com\/wordpress\/plugins\/seo\/ -->\n<title>SITSESP INFORMA | TERROR, AGRESS\u00d5ES, FUGAS E, PARA A GEST\u00c3O DA FUNDA\u00c7\u00c3O CASA, &quot;EST\u00c1 TUDO BEM, OBRIGADA&quot; - SITSESP<\/title>\n<meta name=\"robots\" content=\"index, follow, max-snippet:-1, max-image-preview:large, max-video-preview:-1\" \/>\n<link rel=\"canonical\" href=\"https:\/\/www.sitsesp.org.br\/novo\/sitsesp-informa-terror-agressoes-fugas-e-para-a-gestao-da-fundacao-casa-esta-tudo-bem-obrigada\/\" \/>\n<meta property=\"og:locale\" content=\"pt_BR\" \/>\n<meta property=\"og:type\" content=\"article\" \/>\n<meta property=\"og:title\" content=\"SITSESP INFORMA | TERROR, AGRESS\u00d5ES, FUGAS E, PARA A GEST\u00c3O DA FUNDA\u00c7\u00c3O CASA, &quot;EST\u00c1 TUDO BEM, OBRIGADA&quot; - SITSESP\" \/>\n<meta property=\"og:description\" content=\"\u00c9 de perder as contas a quantidade de den\u00fancias que o SITSESP recebe e repassa para a gest\u00e3o executiva da Funda\u00e7\u00e3o&hellip;\" \/>\n<meta property=\"og:url\" content=\"https:\/\/www.sitsesp.org.br\/novo\/sitsesp-informa-terror-agressoes-fugas-e-para-a-gestao-da-fundacao-casa-esta-tudo-bem-obrigada\/\" \/>\n<meta property=\"og:site_name\" content=\"SITSESP\" \/>\n<meta property=\"article:published_time\" content=\"2023-04-26T15:04:59+00:00\" \/>\n<meta property=\"og:image\" content=\"https:\/\/www.sitsesp.org.br\/novo\/wp-content\/uploads\/2023\/04\/WhatsApp-Image-2023-04-26-at-12.04.00-PM.jpeg\" \/>\n\t<meta property=\"og:image:width\" content=\"600\" \/>\n\t<meta property=\"og:image:height\" content=\"800\" \/>\n\t<meta property=\"og:image:type\" content=\"image\/jpeg\" \/>\n<meta name=\"author\" content=\"imprensa\" \/>\n<meta name=\"twitter:card\" content=\"summary_large_image\" \/>\n<meta name=\"twitter:label1\" content=\"Escrito por\" \/>\n\t<meta name=\"twitter:data1\" content=\"imprensa\" \/>\n\t<meta name=\"twitter:label2\" content=\"Est. tempo de leitura\" \/>\n\t<meta name=\"twitter:data2\" content=\"3 minutos\" \/>\n<script type=\"application\/ld+json\" class=\"yoast-schema-graph\">{\"@context\":\"https:\/\/schema.org\",\"@graph\":[{\"@type\":\"Article\",\"@id\":\"https:\/\/www.sitsesp.org.br\/novo\/sitsesp-informa-terror-agressoes-fugas-e-para-a-gestao-da-fundacao-casa-esta-tudo-bem-obrigada\/#article\",\"isPartOf\":{\"@id\":\"https:\/\/www.sitsesp.org.br\/novo\/sitsesp-informa-terror-agressoes-fugas-e-para-a-gestao-da-fundacao-casa-esta-tudo-bem-obrigada\/\"},\"author\":{\"name\":\"imprensa\",\"@id\":\"https:\/\/www.sitsesp.org.br\/novo\/#\/schema\/person\/28e42eec160f373e81d0183b3643edbf\"},\"headline\":\"SITSESP INFORMA | TERROR, AGRESS\u00d5ES, FUGAS E, PARA A GEST\u00c3O DA FUNDA\u00c7\u00c3O CASA, &#8220;EST\u00c1 TUDO BEM, OBRIGADA&#8221;\",\"datePublished\":\"2023-04-26T15:04:59+00:00\",\"dateModified\":\"2023-04-26T15:04:59+00:00\",\"mainEntityOfPage\":{\"@id\":\"https:\/\/www.sitsesp.org.br\/novo\/sitsesp-informa-terror-agressoes-fugas-e-para-a-gestao-da-fundacao-casa-esta-tudo-bem-obrigada\/\"},\"wordCount\":498,\"commentCount\":0,\"publisher\":{\"@id\":\"https:\/\/www.sitsesp.org.br\/novo\/#organization\"},\"image\":{\"@id\":\"https:\/\/www.sitsesp.org.br\/novo\/sitsesp-informa-terror-agressoes-fugas-e-para-a-gestao-da-fundacao-casa-esta-tudo-bem-obrigada\/#primaryimage\"},\"thumbnailUrl\":\"https:\/\/www.sitsesp.org.br\/novo\/wp-content\/uploads\/2023\/04\/WhatsApp-Image-2023-04-26-at-12.04.00-PM.jpeg\",\"articleSection\":[\"Destaque\",\"Noticias\"],\"inLanguage\":\"pt-BR\",\"potentialAction\":[{\"@type\":\"CommentAction\",\"name\":\"Comment\",\"target\":[\"https:\/\/www.sitsesp.org.br\/novo\/sitsesp-informa-terror-agressoes-fugas-e-para-a-gestao-da-fundacao-casa-esta-tudo-bem-obrigada\/#respond\"]}]},{\"@type\":\"WebPage\",\"@id\":\"https:\/\/www.sitsesp.org.br\/novo\/sitsesp-informa-terror-agressoes-fugas-e-para-a-gestao-da-fundacao-casa-esta-tudo-bem-obrigada\/\",\"url\":\"https:\/\/www.sitsesp.org.br\/novo\/sitsesp-informa-terror-agressoes-fugas-e-para-a-gestao-da-fundacao-casa-esta-tudo-bem-obrigada\/\",\"name\":\"SITSESP INFORMA | TERROR, AGRESS\u00d5ES, FUGAS E, PARA A GEST\u00c3O DA FUNDA\u00c7\u00c3O CASA, \\\"EST\u00c1 TUDO BEM, OBRIGADA\\\" - SITSESP\",\"isPartOf\":{\"@id\":\"https:\/\/www.sitsesp.org.br\/novo\/#website\"},\"primaryImageOfPage\":{\"@id\":\"https:\/\/www.sitsesp.org.br\/novo\/sitsesp-informa-terror-agressoes-fugas-e-para-a-gestao-da-fundacao-casa-esta-tudo-bem-obrigada\/#primaryimage\"},\"image\":{\"@id\":\"https:\/\/www.sitsesp.org.br\/novo\/sitsesp-informa-terror-agressoes-fugas-e-para-a-gestao-da-fundacao-casa-esta-tudo-bem-obrigada\/#primaryimage\"},\"thumbnailUrl\":\"https:\/\/www.sitsesp.org.br\/novo\/wp-content\/uploads\/2023\/04\/WhatsApp-Image-2023-04-26-at-12.04.00-PM.jpeg\",\"datePublished\":\"2023-04-26T15:04:59+00:00\",\"dateModified\":\"2023-04-26T15:04:59+00:00\",\"breadcrumb\":{\"@id\":\"https:\/\/www.sitsesp.org.br\/novo\/sitsesp-informa-terror-agressoes-fugas-e-para-a-gestao-da-fundacao-casa-esta-tudo-bem-obrigada\/#breadcrumb\"},\"inLanguage\":\"pt-BR\",\"potentialAction\":[{\"@type\":\"ReadAction\",\"target\":[\"https:\/\/www.sitsesp.org.br\/novo\/sitsesp-informa-terror-agressoes-fugas-e-para-a-gestao-da-fundacao-casa-esta-tudo-bem-obrigada\/\"]}]},{\"@type\":\"ImageObject\",\"inLanguage\":\"pt-BR\",\"@id\":\"https:\/\/www.sitsesp.org.br\/novo\/sitsesp-informa-terror-agressoes-fugas-e-para-a-gestao-da-fundacao-casa-esta-tudo-bem-obrigada\/#primaryimage\",\"url\":\"https:\/\/www.sitsesp.org.br\/novo\/wp-content\/uploads\/2023\/04\/WhatsApp-Image-2023-04-26-at-12.04.00-PM.jpeg\",\"contentUrl\":\"https:\/\/www.sitsesp.org.br\/novo\/wp-content\/uploads\/2023\/04\/WhatsApp-Image-2023-04-26-at-12.04.00-PM.jpeg\",\"width\":600,\"height\":800},{\"@type\":\"BreadcrumbList\",\"@id\":\"https:\/\/www.sitsesp.org.br\/novo\/sitsesp-informa-terror-agressoes-fugas-e-para-a-gestao-da-fundacao-casa-esta-tudo-bem-obrigada\/#breadcrumb\",\"itemListElement\":[{\"@type\":\"ListItem\",\"position\":1,\"name\":\"In\u00edcio\",\"item\":\"https:\/\/www.sitsesp.org.br\/novo\/\"},{\"@type\":\"ListItem\",\"position\":2,\"name\":\"SITSESP INFORMA | TERROR, AGRESS\u00d5ES, FUGAS E, PARA A GEST\u00c3O DA FUNDA\u00c7\u00c3O CASA, &#8220;EST\u00c1 TUDO BEM, OBRIGADA&#8221;\"}]},{\"@type\":\"WebSite\",\"@id\":\"https:\/\/www.sitsesp.org.br\/novo\/#website\",\"url\":\"https:\/\/www.sitsesp.org.br\/novo\/\",\"name\":\"Sitsesp\",\"description\":\"SIndicato da Socioeduca\u00e7\u00e3o do Estado de S\u00e3o Paulo\",\"publisher\":{\"@id\":\"https:\/\/www.sitsesp.org.br\/novo\/#organization\"},\"potentialAction\":[{\"@type\":\"SearchAction\",\"target\":{\"@type\":\"EntryPoint\",\"urlTemplate\":\"https:\/\/www.sitsesp.org.br\/novo\/?s={search_term_string}\"},\"query-input\":\"required name=search_term_string\"}],\"inLanguage\":\"pt-BR\"},{\"@type\":\"Organization\",\"@id\":\"https:\/\/www.sitsesp.org.br\/novo\/#organization\",\"name\":\"Sitsesp\",\"url\":\"https:\/\/www.sitsesp.org.br\/novo\/\",\"logo\":{\"@type\":\"ImageObject\",\"inLanguage\":\"pt-BR\",\"@id\":\"https:\/\/www.sitsesp.org.br\/novo\/#\/schema\/logo\/image\/\",\"url\":\"https:\/\/www.sitsesp.org.br\/novo\/wp-content\/uploads\/2020\/09\/Design-sem-nome-1.jpg\",\"contentUrl\":\"https:\/\/www.sitsesp.org.br\/novo\/wp-content\/uploads\/2020\/09\/Design-sem-nome-1.jpg\",\"width\":300,\"height\":300,\"caption\":\"Sitsesp\"},\"image\":{\"@id\":\"https:\/\/www.sitsesp.org.br\/novo\/#\/schema\/logo\/image\/\"}},{\"@type\":\"Person\",\"@id\":\"https:\/\/www.sitsesp.org.br\/novo\/#\/schema\/person\/28e42eec160f373e81d0183b3643edbf\",\"name\":\"imprensa\",\"image\":{\"@type\":\"ImageObject\",\"inLanguage\":\"pt-BR\",\"@id\":\"https:\/\/www.sitsesp.org.br\/novo\/#\/schema\/person\/image\/\",\"url\":\"https:\/\/secure.gravatar.com\/avatar\/8d6ccd8d7d52b8959f34154e87d3fa29?s=96&d=mm&r=g\",\"contentUrl\":\"https:\/\/secure.gravatar.com\/avatar\/8d6ccd8d7d52b8959f34154e87d3fa29?s=96&d=mm&r=g\",\"caption\":\"imprensa\"}}]}<\/script>\n<!-- \/ Yoast SEO plugin. -->","yoast_head_json":{"title":"SITSESP INFORMA | TERROR, AGRESS\u00d5ES, FUGAS E, PARA A GEST\u00c3O DA FUNDA\u00c7\u00c3O CASA, \"EST\u00c1 TUDO BEM, OBRIGADA\" - SITSESP","robots":{"index":"index","follow":"follow","max-snippet":"max-snippet:-1","max-image-preview":"max-image-preview:large","max-video-preview":"max-video-preview:-1"},"canonical":"https:\/\/www.sitsesp.org.br\/novo\/sitsesp-informa-terror-agressoes-fugas-e-para-a-gestao-da-fundacao-casa-esta-tudo-bem-obrigada\/","og_locale":"pt_BR","og_type":"article","og_title":"SITSESP INFORMA | TERROR, AGRESS\u00d5ES, FUGAS E, PARA A GEST\u00c3O DA FUNDA\u00c7\u00c3O CASA, \"EST\u00c1 TUDO BEM, OBRIGADA\" - SITSESP","og_description":"\u00c9 de perder as contas a quantidade de den\u00fancias que o SITSESP recebe e repassa para a gest\u00e3o executiva da Funda\u00e7\u00e3o&hellip;","og_url":"https:\/\/www.sitsesp.org.br\/novo\/sitsesp-informa-terror-agressoes-fugas-e-para-a-gestao-da-fundacao-casa-esta-tudo-bem-obrigada\/","og_site_name":"SITSESP","article_published_time":"2023-04-26T15:04:59+00:00","og_image":[{"width":600,"height":800,"url":"https:\/\/www.sitsesp.org.br\/novo\/wp-content\/uploads\/2023\/04\/WhatsApp-Image-2023-04-26-at-12.04.00-PM.jpeg","type":"image\/jpeg"}],"author":"imprensa","twitter_card":"summary_large_image","twitter_misc":{"Escrito por":"imprensa","Est. tempo de leitura":"3 minutos"},"schema":{"@context":"https:\/\/schema.org","@graph":[{"@type":"Article","@id":"https:\/\/www.sitsesp.org.br\/novo\/sitsesp-informa-terror-agressoes-fugas-e-para-a-gestao-da-fundacao-casa-esta-tudo-bem-obrigada\/#article","isPartOf":{"@id":"https:\/\/www.sitsesp.org.br\/novo\/sitsesp-informa-terror-agressoes-fugas-e-para-a-gestao-da-fundacao-casa-esta-tudo-bem-obrigada\/"},"author":{"name":"imprensa","@id":"https:\/\/www.sitsesp.org.br\/novo\/#\/schema\/person\/28e42eec160f373e81d0183b3643edbf"},"headline":"SITSESP INFORMA | TERROR, AGRESS\u00d5ES, FUGAS E, PARA A GEST\u00c3O DA FUNDA\u00c7\u00c3O CASA, &#8220;EST\u00c1 TUDO BEM, OBRIGADA&#8221;","datePublished":"2023-04-26T15:04:59+00:00","dateModified":"2023-04-26T15:04:59+00:00","mainEntityOfPage":{"@id":"https:\/\/www.sitsesp.org.br\/novo\/sitsesp-informa-terror-agressoes-fugas-e-para-a-gestao-da-fundacao-casa-esta-tudo-bem-obrigada\/"},"wordCount":498,"commentCount":0,"publisher":{"@id":"https:\/\/www.sitsesp.org.br\/novo\/#organization"},"image":{"@id":"https:\/\/www.sitsesp.org.br\/novo\/sitsesp-informa-terror-agressoes-fugas-e-para-a-gestao-da-fundacao-casa-esta-tudo-bem-obrigada\/#primaryimage"},"thumbnailUrl":"https:\/\/www.sitsesp.org.br\/novo\/wp-content\/uploads\/2023\/04\/WhatsApp-Image-2023-04-26-at-12.04.00-PM.jpeg","articleSection":["Destaque","Noticias"],"inLanguage":"pt-BR","potentialAction":[{"@type":"CommentAction","name":"Comment","target":["https:\/\/www.sitsesp.org.br\/novo\/sitsesp-informa-terror-agressoes-fugas-e-para-a-gestao-da-fundacao-casa-esta-tudo-bem-obrigada\/#respond"]}]},{"@type":"WebPage","@id":"https:\/\/www.sitsesp.org.br\/novo\/sitsesp-informa-terror-agressoes-fugas-e-para-a-gestao-da-fundacao-casa-esta-tudo-bem-obrigada\/","url":"https:\/\/www.sitsesp.org.br\/novo\/sitsesp-informa-terror-agressoes-fugas-e-para-a-gestao-da-fundacao-casa-esta-tudo-bem-obrigada\/","name":"SITSESP INFORMA | TERROR, AGRESS\u00d5ES, FUGAS E, PARA A GEST\u00c3O DA FUNDA\u00c7\u00c3O CASA, \"EST\u00c1 TUDO BEM, OBRIGADA\" - SITSESP","isPartOf":{"@id":"https:\/\/www.sitsesp.org.br\/novo\/#website"},"primaryImageOfPage":{"@id":"https:\/\/www.sitsesp.org.br\/novo\/sitsesp-informa-terror-agressoes-fugas-e-para-a-gestao-da-fundacao-casa-esta-tudo-bem-obrigada\/#primaryimage"},"image":{"@id":"https:\/\/www.sitsesp.org.br\/novo\/sitsesp-informa-terror-agressoes-fugas-e-para-a-gestao-da-fundacao-casa-esta-tudo-bem-obrigada\/#primaryimage"},"thumbnailUrl":"https:\/\/www.sitsesp.org.br\/novo\/wp-content\/uploads\/2023\/04\/WhatsApp-Image-2023-04-26-at-12.04.00-PM.jpeg","datePublished":"2023-04-26T15:04:59+00:00","dateModified":"2023-04-26T15:04:59+00:00","breadcrumb":{"@id":"https:\/\/www.sitsesp.org.br\/novo\/sitsesp-informa-terror-agressoes-fugas-e-para-a-gestao-da-fundacao-casa-esta-tudo-bem-obrigada\/#breadcrumb"},"inLanguage":"pt-BR","potentialAction":[{"@type":"ReadAction","target":["https:\/\/www.sitsesp.org.br\/novo\/sitsesp-informa-terror-agressoes-fugas-e-para-a-gestao-da-fundacao-casa-esta-tudo-bem-obrigada\/"]}]},{"@type":"ImageObject","inLanguage":"pt-BR","@id":"https:\/\/www.sitsesp.org.br\/novo\/sitsesp-informa-terror-agressoes-fugas-e-para-a-gestao-da-fundacao-casa-esta-tudo-bem-obrigada\/#primaryimage","url":"https:\/\/www.sitsesp.org.br\/novo\/wp-content\/uploads\/2023\/04\/WhatsApp-Image-2023-04-26-at-12.04.00-PM.jpeg","contentUrl":"https:\/\/www.sitsesp.org.br\/novo\/wp-content\/uploads\/2023\/04\/WhatsApp-Image-2023-04-26-at-12.04.00-PM.jpeg","width":600,"height":800},{"@type":"BreadcrumbList","@id":"https:\/\/www.sitsesp.org.br\/novo\/sitsesp-informa-terror-agressoes-fugas-e-para-a-gestao-da-fundacao-casa-esta-tudo-bem-obrigada\/#breadcrumb","itemListElement":[{"@type":"ListItem","position":1,"name":"In\u00edcio","item":"https:\/\/www.sitsesp.org.br\/novo\/"},{"@type":"ListItem","position":2,"name":"SITSESP INFORMA | TERROR, AGRESS\u00d5ES, FUGAS E, PARA A GEST\u00c3O DA FUNDA\u00c7\u00c3O CASA, &#8220;EST\u00c1 TUDO BEM, OBRIGADA&#8221;"}]},{"@type":"WebSite","@id":"https:\/\/www.sitsesp.org.br\/novo\/#website","url":"https:\/\/www.sitsesp.org.br\/novo\/","name":"Sitsesp","description":"SIndicato da Socioeduca\u00e7\u00e3o do Estado de S\u00e3o Paulo","publisher":{"@id":"https:\/\/www.sitsesp.org.br\/novo\/#organization"},"potentialAction":[{"@type":"SearchAction","target":{"@type":"EntryPoint","urlTemplate":"https:\/\/www.sitsesp.org.br\/novo\/?s={search_term_string}"},"query-input":"required name=search_term_string"}],"inLanguage":"pt-BR"},{"@type":"Organization","@id":"https:\/\/www.sitsesp.org.br\/novo\/#organization","name":"Sitsesp","url":"https:\/\/www.sitsesp.org.br\/novo\/","logo":{"@type":"ImageObject","inLanguage":"pt-BR","@id":"https:\/\/www.sitsesp.org.br\/novo\/#\/schema\/logo\/image\/","url":"https:\/\/www.sitsesp.org.br\/novo\/wp-content\/uploads\/2020\/09\/Design-sem-nome-1.jpg","contentUrl":"https:\/\/www.sitsesp.org.br\/novo\/wp-content\/uploads\/2020\/09\/Design-sem-nome-1.jpg","width":300,"height":300,"caption":"Sitsesp"},"image":{"@id":"https:\/\/www.sitsesp.org.br\/novo\/#\/schema\/logo\/image\/"}},{"@type":"Person","@id":"https:\/\/www.sitsesp.org.br\/novo\/#\/schema\/person\/28e42eec160f373e81d0183b3643edbf","name":"imprensa","image":{"@type":"ImageObject","inLanguage":"pt-BR","@id":"https:\/\/www.sitsesp.org.br\/novo\/#\/schema\/person\/image\/","url":"https:\/\/secure.gravatar.com\/avatar\/8d6ccd8d7d52b8959f34154e87d3fa29?s=96&d=mm&r=g","contentUrl":"https:\/\/secure.gravatar.com\/avatar\/8d6ccd8d7d52b8959f34154e87d3fa29?s=96&d=mm&r=g","caption":"imprensa"}}]}},"_links":{"self":[{"href":"https:\/\/www.sitsesp.org.br\/novo\/wp-json\/wp\/v2\/posts\/10760"}],"collection":[{"href":"https:\/\/www.sitsesp.org.br\/novo\/wp-json\/wp\/v2\/posts"}],"about":[{"href":"https:\/\/www.sitsesp.org.br\/novo\/wp-json\/wp\/v2\/types\/post"}],"author":[{"embeddable":true,"href":"https:\/\/www.sitsesp.org.br\/novo\/wp-json\/wp\/v2\/users\/5"}],"replies":[{"embeddable":true,"href":"https:\/\/www.sitsesp.org.br\/novo\/wp-json\/wp\/v2\/comments?post=10760"}],"version-history":[{"count":1,"href":"https:\/\/www.sitsesp.org.br\/novo\/wp-json\/wp\/v2\/posts\/10760\/revisions"}],"predecessor-version":[{"id":10762,"href":"https:\/\/www.sitsesp.org.br\/novo\/wp-json\/wp\/v2\/posts\/10760\/revisions\/10762"}],"wp:featuredmedia":[{"embeddable":true,"href":"https:\/\/www.sitsesp.org.br\/novo\/wp-json\/wp\/v2\/media\/10761"}],"wp:attachment":[{"href":"https:\/\/www.sitsesp.org.br\/novo\/wp-json\/wp\/v2\/media?parent=10760"}],"wp:term":[{"taxonomy":"category","embeddable":true,"href":"https:\/\/www.sitsesp.org.br\/novo\/wp-json\/wp\/v2\/categories?post=10760"},{"taxonomy":"post_tag","embeddable":true,"href":"https:\/\/www.sitsesp.org.br\/novo\/wp-json\/wp\/v2\/tags?post=10760"}],"curies":[{"name":"wp","href":"https:\/\/api.w.org\/{rel}","templated":true}]}}