{"id":10833,"date":"2023-04-28T16:37:09","date_gmt":"2023-04-28T19:37:09","guid":{"rendered":"https:\/\/sitsesp.org.br\/novo\/?p=10833"},"modified":"2023-04-28T16:46:24","modified_gmt":"2023-04-28T19:46:24","slug":"sitsesp-decisao-unilateral-da-fundacao-casa-para-o-complexo-raposo-tavares","status":"publish","type":"post","link":"https:\/\/www.sitsesp.org.br\/novo\/sitsesp-decisao-unilateral-da-fundacao-casa-para-o-complexo-raposo-tavares\/","title":{"rendered":"SITSESP &#8211; DECIS\u00c3O UNILATERAL DA FUNDA\u00c7\u00c3O CASA PARA O COMPLEXO RAPOSO TAVARES"},"content":{"rendered":"<p><!-- VideographyWP Plugin Message: Automatic video embedding prevented by plugin options. --><br \/>\nMais uma vez o autoritarismo da Funda\u00e7\u00e3o CASA comandada por uma Gest\u00e3o patronal &#8220;autorit\u00e1ria&#8221;, leva ao fechamento do Complexo Raposo Tavares sem comunicar oficialmente a categoria.<\/p>\n<p>Uma decis\u00e3o unilateral da Gest\u00e3o Patronal, injustificada at\u00e9 o momento, fez apenas comunicados internos e, talvez, tenha informado ao MP &#8211; Minist\u00e9rio P\u00fablico e DEIJ &#8211; Departamento de Execu\u00e7\u00f5es da Inf\u00e2ncia e Juventude, mas, n\u00e3o deu a m\u00ednima para informar ou responder o <strong>OF\u00cdCIO SINDICAL SITSESP de n\u00b0 066\/2023 de 10\/04\/2023<\/strong>, que foi solicitado naquele momento sobre informa\u00e7\u00f5es se haveria realmente o fechamento daquele Complexo.<\/p>\n<p>Numa decis\u00e3o autorit\u00e1ria, houve apenas trocas de mensagem junto aos gestores dos Centros compostos pelo Complexo e informalmente comunicado aos trabalhadores que haveria o fechamento, e as transfer\u00eancias de servidores e adolescentes para outros Centros, num total desrespeito a entidade Sindical que \u00e9 o representante dos Servidores Socioeducativos no Estado de S\u00e3o Paulo.<\/p>\n<p><strong>Na data de ontem (27), o Deputado Estadual Teonilio Barba encaminhou para o Governador do Estado, REQUERIMENTO DE INFORMA\u00c7\u00c3O n\u00b0 189\/2023 atrav\u00e9s da ALESP<\/strong>, solicitando informa\u00e7\u00f5es e justificativas sobre os motivos do fechamento daquele Complexo.<\/p>\n<p>Ser\u00e1 que o Governo que vem desrespeitando tanto a categoria Socioeducativa ter\u00e1 a dec\u00eancia de responder um of\u00edcio de um parlamentar?<\/p>\n<p>Isso \u00e9 o que aguardamos de um governo que foi eleito atrav\u00e9s de promessas de melhoria para a categoria Socioeducativa e outras ligadas ao funcionalismo p\u00fablico.<\/p>\n<p>Infelizmente, as promessas n\u00e3o est\u00e3o sendo cumpridas por este Governo, o que estamos vendo \u00e9 justamente ao contr\u00e1rio.<br \/>\nA mesma pergunta fa\u00e7amos para o Presidente da Funda\u00e7\u00e3o CASA que veio atrav\u00e9s de indica\u00e7\u00e3o do governo, um presidente que dizia estar preocupado com a situa\u00e7\u00e3o dos servidores na institui\u00e7\u00e3o. Ser\u00e1 que ele passar\u00e1 o verdadeiro motivo do fechamento de mais um Complexo dentro da Socioeduca\u00e7\u00e3o no mais rico estado da federa\u00e7\u00e3o?<\/p>\n<p>Uma coisa \u00e9 certa, um ditado popular que serve para todo momento pol\u00edtico de nossas vidas: de promessas e prometedores, o inferno est\u00e1 cheio.<\/p>\n<p><a href=\"https:\/\/sitsesp.org.br\/novo\/wp-content\/uploads\/2023\/04\/Diario-Oficio-Caderno-Legislativo-pag-8-REQUERIMENTO-DE-INFORMACAO.pdf\" class=\"pdfemb-viewer\" style=\"\" data-width=\"max\" data-height=\"max\" data-toolbar=\"bottom\" data-toolbar-fixed=\"off\">Diar\u00edo Of\u00edcio - Caderno Legislativo - pag 8 - REQUERIMENTO DE INFORMA\u00c7\u00c3O<\/a><br \/>\n<a href=\"https:\/\/sitsesp.org.br\/novo\/wp-content\/uploads\/2023\/04\/Diario-Oficio-Caderno-Legislativo-pag-8-REQUERIMENTO-DE-INFORMACAO.pdf\"><strong>Baixe aqui<\/strong><\/a><\/p>\n<p><a href=\"https:\/\/sitsesp.org.br\/novo\/wp-content\/uploads\/2023\/04\/Oficio-066-2023.pdf\" class=\"pdfemb-viewer\" style=\"\" data-width=\"max\" data-height=\"max\" data-toolbar=\"bottom\" data-toolbar-fixed=\"off\">Oficio 066 2023<\/a><br \/>\n<a href=\"https:\/\/sitsesp.org.br\/novo\/wp-content\/uploads\/2023\/04\/Oficio-066-2023.pdf\"><strong>Baixe aqui<\/strong><\/a><\/p>\n<p><strong>O SITSESP \u00c9 DE TODOS, PARA TODOS, TRABALHANDO COM TODOS &#8211; SEJA UM FILIADO SITSESP E PARTICIPE DA LUTA<\/strong><\/p>\n","protected":false},"excerpt":{"rendered":"<p>Mais uma vez o autoritarismo da Funda\u00e7\u00e3o CASA comandada por uma Gest\u00e3o patronal &#8220;autorit\u00e1ria&#8221;, leva ao fechamento do Complexo Raposo Tavares&hellip;<\/p>\n","protected":false},"author":5,"featured_media":10836,"comment_status":"open","ping_status":"open","sticky":false,"template":"","format":"standard","meta":{"cybocfi_hide_featured_image":"","footnotes":""},"categories":[27,22],"tags":[],"yoast_head":"<!-- This site is optimized with the Yoast SEO plugin v22.8 - https:\/\/yoast.com\/wordpress\/plugins\/seo\/ -->\n<title>SITSESP - DECIS\u00c3O UNILATERAL DA FUNDA\u00c7\u00c3O CASA PARA O COMPLEXO RAPOSO TAVARES - SITSESP<\/title>\n<meta name=\"robots\" content=\"index, follow, max-snippet:-1, max-image-preview:large, max-video-preview:-1\" \/>\n<link rel=\"canonical\" href=\"https:\/\/www.sitsesp.org.br\/novo\/sitsesp-decisao-unilateral-da-fundacao-casa-para-o-complexo-raposo-tavares\/\" \/>\n<meta property=\"og:locale\" content=\"pt_BR\" \/>\n<meta property=\"og:type\" content=\"article\" \/>\n<meta property=\"og:title\" content=\"SITSESP - DECIS\u00c3O UNILATERAL DA FUNDA\u00c7\u00c3O CASA PARA O COMPLEXO RAPOSO TAVARES - SITSESP\" \/>\n<meta property=\"og:description\" content=\"Mais uma vez o autoritarismo da Funda\u00e7\u00e3o CASA comandada por uma Gest\u00e3o patronal &#8220;autorit\u00e1ria&#8221;, leva ao fechamento do Complexo Raposo Tavares&hellip;\" \/>\n<meta property=\"og:url\" content=\"https:\/\/www.sitsesp.org.br\/novo\/sitsesp-decisao-unilateral-da-fundacao-casa-para-o-complexo-raposo-tavares\/\" \/>\n<meta property=\"og:site_name\" content=\"SITSESP\" \/>\n<meta property=\"article:published_time\" content=\"2023-04-28T19:37:09+00:00\" \/>\n<meta property=\"article:modified_time\" content=\"2023-04-28T19:46:24+00:00\" \/>\n<meta property=\"og:image\" content=\"https:\/\/www.sitsesp.org.br\/novo\/wp-content\/uploads\/2023\/04\/2804.jpg\" \/>\n\t<meta property=\"og:image:width\" content=\"800\" \/>\n\t<meta property=\"og:image:height\" content=\"800\" \/>\n\t<meta property=\"og:image:type\" content=\"image\/jpeg\" \/>\n<meta name=\"author\" content=\"imprensa\" \/>\n<meta name=\"twitter:card\" content=\"summary_large_image\" \/>\n<meta name=\"twitter:label1\" content=\"Escrito por\" \/>\n\t<meta name=\"twitter:data1\" content=\"imprensa\" \/>\n\t<meta name=\"twitter:label2\" content=\"Est. tempo de leitura\" \/>\n\t<meta name=\"twitter:data2\" content=\"2 minutos\" \/>\n<script type=\"application\/ld+json\" class=\"yoast-schema-graph\">{\"@context\":\"https:\/\/schema.org\",\"@graph\":[{\"@type\":\"Article\",\"@id\":\"https:\/\/www.sitsesp.org.br\/novo\/sitsesp-decisao-unilateral-da-fundacao-casa-para-o-complexo-raposo-tavares\/#article\",\"isPartOf\":{\"@id\":\"https:\/\/www.sitsesp.org.br\/novo\/sitsesp-decisao-unilateral-da-fundacao-casa-para-o-complexo-raposo-tavares\/\"},\"author\":{\"name\":\"imprensa\",\"@id\":\"https:\/\/www.sitsesp.org.br\/novo\/#\/schema\/person\/28e42eec160f373e81d0183b3643edbf\"},\"headline\":\"SITSESP &#8211; DECIS\u00c3O UNILATERAL DA FUNDA\u00c7\u00c3O CASA PARA O COMPLEXO RAPOSO TAVARES\",\"datePublished\":\"2023-04-28T19:37:09+00:00\",\"dateModified\":\"2023-04-28T19:46:24+00:00\",\"mainEntityOfPage\":{\"@id\":\"https:\/\/www.sitsesp.org.br\/novo\/sitsesp-decisao-unilateral-da-fundacao-casa-para-o-complexo-raposo-tavares\/\"},\"wordCount\":425,\"commentCount\":0,\"publisher\":{\"@id\":\"https:\/\/www.sitsesp.org.br\/novo\/#organization\"},\"image\":{\"@id\":\"https:\/\/www.sitsesp.org.br\/novo\/sitsesp-decisao-unilateral-da-fundacao-casa-para-o-complexo-raposo-tavares\/#primaryimage\"},\"thumbnailUrl\":\"https:\/\/www.sitsesp.org.br\/novo\/wp-content\/uploads\/2023\/04\/2804.jpg\",\"articleSection\":[\"Destaque\",\"Noticias\"],\"inLanguage\":\"pt-BR\",\"potentialAction\":[{\"@type\":\"CommentAction\",\"name\":\"Comment\",\"target\":[\"https:\/\/www.sitsesp.org.br\/novo\/sitsesp-decisao-unilateral-da-fundacao-casa-para-o-complexo-raposo-tavares\/#respond\"]}]},{\"@type\":\"WebPage\",\"@id\":\"https:\/\/www.sitsesp.org.br\/novo\/sitsesp-decisao-unilateral-da-fundacao-casa-para-o-complexo-raposo-tavares\/\",\"url\":\"https:\/\/www.sitsesp.org.br\/novo\/sitsesp-decisao-unilateral-da-fundacao-casa-para-o-complexo-raposo-tavares\/\",\"name\":\"SITSESP - DECIS\u00c3O UNILATERAL DA FUNDA\u00c7\u00c3O CASA PARA O COMPLEXO RAPOSO TAVARES - SITSESP\",\"isPartOf\":{\"@id\":\"https:\/\/www.sitsesp.org.br\/novo\/#website\"},\"primaryImageOfPage\":{\"@id\":\"https:\/\/www.sitsesp.org.br\/novo\/sitsesp-decisao-unilateral-da-fundacao-casa-para-o-complexo-raposo-tavares\/#primaryimage\"},\"image\":{\"@id\":\"https:\/\/www.sitsesp.org.br\/novo\/sitsesp-decisao-unilateral-da-fundacao-casa-para-o-complexo-raposo-tavares\/#primaryimage\"},\"thumbnailUrl\":\"https:\/\/www.sitsesp.org.br\/novo\/wp-content\/uploads\/2023\/04\/2804.jpg\",\"datePublished\":\"2023-04-28T19:37:09+00:00\",\"dateModified\":\"2023-04-28T19:46:24+00:00\",\"breadcrumb\":{\"@id\":\"https:\/\/www.sitsesp.org.br\/novo\/sitsesp-decisao-unilateral-da-fundacao-casa-para-o-complexo-raposo-tavares\/#breadcrumb\"},\"inLanguage\":\"pt-BR\",\"potentialAction\":[{\"@type\":\"ReadAction\",\"target\":[\"https:\/\/www.sitsesp.org.br\/novo\/sitsesp-decisao-unilateral-da-fundacao-casa-para-o-complexo-raposo-tavares\/\"]}]},{\"@type\":\"ImageObject\",\"inLanguage\":\"pt-BR\",\"@id\":\"https:\/\/www.sitsesp.org.br\/novo\/sitsesp-decisao-unilateral-da-fundacao-casa-para-o-complexo-raposo-tavares\/#primaryimage\",\"url\":\"https:\/\/www.sitsesp.org.br\/novo\/wp-content\/uploads\/2023\/04\/2804.jpg\",\"contentUrl\":\"https:\/\/www.sitsesp.org.br\/novo\/wp-content\/uploads\/2023\/04\/2804.jpg\",\"width\":800,\"height\":800},{\"@type\":\"BreadcrumbList\",\"@id\":\"https:\/\/www.sitsesp.org.br\/novo\/sitsesp-decisao-unilateral-da-fundacao-casa-para-o-complexo-raposo-tavares\/#breadcrumb\",\"itemListElement\":[{\"@type\":\"ListItem\",\"position\":1,\"name\":\"In\u00edcio\",\"item\":\"https:\/\/www.sitsesp.org.br\/novo\/\"},{\"@type\":\"ListItem\",\"position\":2,\"name\":\"SITSESP &#8211; DECIS\u00c3O UNILATERAL DA FUNDA\u00c7\u00c3O CASA PARA O COMPLEXO RAPOSO TAVARES\"}]},{\"@type\":\"WebSite\",\"@id\":\"https:\/\/www.sitsesp.org.br\/novo\/#website\",\"url\":\"https:\/\/www.sitsesp.org.br\/novo\/\",\"name\":\"Sitsesp\",\"description\":\"SIndicato da Socioeduca\u00e7\u00e3o do Estado de S\u00e3o Paulo\",\"publisher\":{\"@id\":\"https:\/\/www.sitsesp.org.br\/novo\/#organization\"},\"potentialAction\":[{\"@type\":\"SearchAction\",\"target\":{\"@type\":\"EntryPoint\",\"urlTemplate\":\"https:\/\/www.sitsesp.org.br\/novo\/?s={search_term_string}\"},\"query-input\":\"required name=search_term_string\"}],\"inLanguage\":\"pt-BR\"},{\"@type\":\"Organization\",\"@id\":\"https:\/\/www.sitsesp.org.br\/novo\/#organization\",\"name\":\"Sitsesp\",\"url\":\"https:\/\/www.sitsesp.org.br\/novo\/\",\"logo\":{\"@type\":\"ImageObject\",\"inLanguage\":\"pt-BR\",\"@id\":\"https:\/\/www.sitsesp.org.br\/novo\/#\/schema\/logo\/image\/\",\"url\":\"https:\/\/www.sitsesp.org.br\/novo\/wp-content\/uploads\/2020\/09\/Design-sem-nome-1.jpg\",\"contentUrl\":\"https:\/\/www.sitsesp.org.br\/novo\/wp-content\/uploads\/2020\/09\/Design-sem-nome-1.jpg\",\"width\":300,\"height\":300,\"caption\":\"Sitsesp\"},\"image\":{\"@id\":\"https:\/\/www.sitsesp.org.br\/novo\/#\/schema\/logo\/image\/\"}},{\"@type\":\"Person\",\"@id\":\"https:\/\/www.sitsesp.org.br\/novo\/#\/schema\/person\/28e42eec160f373e81d0183b3643edbf\",\"name\":\"imprensa\",\"image\":{\"@type\":\"ImageObject\",\"inLanguage\":\"pt-BR\",\"@id\":\"https:\/\/www.sitsesp.org.br\/novo\/#\/schema\/person\/image\/\",\"url\":\"https:\/\/secure.gravatar.com\/avatar\/8d6ccd8d7d52b8959f34154e87d3fa29?s=96&d=mm&r=g\",\"contentUrl\":\"https:\/\/secure.gravatar.com\/avatar\/8d6ccd8d7d52b8959f34154e87d3fa29?s=96&d=mm&r=g\",\"caption\":\"imprensa\"}}]}<\/script>\n<!-- \/ Yoast SEO plugin. -->","yoast_head_json":{"title":"SITSESP - DECIS\u00c3O UNILATERAL DA FUNDA\u00c7\u00c3O CASA PARA O COMPLEXO RAPOSO TAVARES - SITSESP","robots":{"index":"index","follow":"follow","max-snippet":"max-snippet:-1","max-image-preview":"max-image-preview:large","max-video-preview":"max-video-preview:-1"},"canonical":"https:\/\/www.sitsesp.org.br\/novo\/sitsesp-decisao-unilateral-da-fundacao-casa-para-o-complexo-raposo-tavares\/","og_locale":"pt_BR","og_type":"article","og_title":"SITSESP - DECIS\u00c3O UNILATERAL DA FUNDA\u00c7\u00c3O CASA PARA O COMPLEXO RAPOSO TAVARES - SITSESP","og_description":"Mais uma vez o autoritarismo da Funda\u00e7\u00e3o CASA comandada por uma Gest\u00e3o patronal &#8220;autorit\u00e1ria&#8221;, leva ao fechamento do Complexo Raposo Tavares&hellip;","og_url":"https:\/\/www.sitsesp.org.br\/novo\/sitsesp-decisao-unilateral-da-fundacao-casa-para-o-complexo-raposo-tavares\/","og_site_name":"SITSESP","article_published_time":"2023-04-28T19:37:09+00:00","article_modified_time":"2023-04-28T19:46:24+00:00","og_image":[{"width":800,"height":800,"url":"https:\/\/www.sitsesp.org.br\/novo\/wp-content\/uploads\/2023\/04\/2804.jpg","type":"image\/jpeg"}],"author":"imprensa","twitter_card":"summary_large_image","twitter_misc":{"Escrito por":"imprensa","Est. tempo de leitura":"2 minutos"},"schema":{"@context":"https:\/\/schema.org","@graph":[{"@type":"Article","@id":"https:\/\/www.sitsesp.org.br\/novo\/sitsesp-decisao-unilateral-da-fundacao-casa-para-o-complexo-raposo-tavares\/#article","isPartOf":{"@id":"https:\/\/www.sitsesp.org.br\/novo\/sitsesp-decisao-unilateral-da-fundacao-casa-para-o-complexo-raposo-tavares\/"},"author":{"name":"imprensa","@id":"https:\/\/www.sitsesp.org.br\/novo\/#\/schema\/person\/28e42eec160f373e81d0183b3643edbf"},"headline":"SITSESP &#8211; DECIS\u00c3O UNILATERAL DA FUNDA\u00c7\u00c3O CASA PARA O COMPLEXO RAPOSO TAVARES","datePublished":"2023-04-28T19:37:09+00:00","dateModified":"2023-04-28T19:46:24+00:00","mainEntityOfPage":{"@id":"https:\/\/www.sitsesp.org.br\/novo\/sitsesp-decisao-unilateral-da-fundacao-casa-para-o-complexo-raposo-tavares\/"},"wordCount":425,"commentCount":0,"publisher":{"@id":"https:\/\/www.sitsesp.org.br\/novo\/#organization"},"image":{"@id":"https:\/\/www.sitsesp.org.br\/novo\/sitsesp-decisao-unilateral-da-fundacao-casa-para-o-complexo-raposo-tavares\/#primaryimage"},"thumbnailUrl":"https:\/\/www.sitsesp.org.br\/novo\/wp-content\/uploads\/2023\/04\/2804.jpg","articleSection":["Destaque","Noticias"],"inLanguage":"pt-BR","potentialAction":[{"@type":"CommentAction","name":"Comment","target":["https:\/\/www.sitsesp.org.br\/novo\/sitsesp-decisao-unilateral-da-fundacao-casa-para-o-complexo-raposo-tavares\/#respond"]}]},{"@type":"WebPage","@id":"https:\/\/www.sitsesp.org.br\/novo\/sitsesp-decisao-unilateral-da-fundacao-casa-para-o-complexo-raposo-tavares\/","url":"https:\/\/www.sitsesp.org.br\/novo\/sitsesp-decisao-unilateral-da-fundacao-casa-para-o-complexo-raposo-tavares\/","name":"SITSESP - DECIS\u00c3O UNILATERAL DA FUNDA\u00c7\u00c3O CASA PARA O COMPLEXO RAPOSO TAVARES - SITSESP","isPartOf":{"@id":"https:\/\/www.sitsesp.org.br\/novo\/#website"},"primaryImageOfPage":{"@id":"https:\/\/www.sitsesp.org.br\/novo\/sitsesp-decisao-unilateral-da-fundacao-casa-para-o-complexo-raposo-tavares\/#primaryimage"},"image":{"@id":"https:\/\/www.sitsesp.org.br\/novo\/sitsesp-decisao-unilateral-da-fundacao-casa-para-o-complexo-raposo-tavares\/#primaryimage"},"thumbnailUrl":"https:\/\/www.sitsesp.org.br\/novo\/wp-content\/uploads\/2023\/04\/2804.jpg","datePublished":"2023-04-28T19:37:09+00:00","dateModified":"2023-04-28T19:46:24+00:00","breadcrumb":{"@id":"https:\/\/www.sitsesp.org.br\/novo\/sitsesp-decisao-unilateral-da-fundacao-casa-para-o-complexo-raposo-tavares\/#breadcrumb"},"inLanguage":"pt-BR","potentialAction":[{"@type":"ReadAction","target":["https:\/\/www.sitsesp.org.br\/novo\/sitsesp-decisao-unilateral-da-fundacao-casa-para-o-complexo-raposo-tavares\/"]}]},{"@type":"ImageObject","inLanguage":"pt-BR","@id":"https:\/\/www.sitsesp.org.br\/novo\/sitsesp-decisao-unilateral-da-fundacao-casa-para-o-complexo-raposo-tavares\/#primaryimage","url":"https:\/\/www.sitsesp.org.br\/novo\/wp-content\/uploads\/2023\/04\/2804.jpg","contentUrl":"https:\/\/www.sitsesp.org.br\/novo\/wp-content\/uploads\/2023\/04\/2804.jpg","width":800,"height":800},{"@type":"BreadcrumbList","@id":"https:\/\/www.sitsesp.org.br\/novo\/sitsesp-decisao-unilateral-da-fundacao-casa-para-o-complexo-raposo-tavares\/#breadcrumb","itemListElement":[{"@type":"ListItem","position":1,"name":"In\u00edcio","item":"https:\/\/www.sitsesp.org.br\/novo\/"},{"@type":"ListItem","position":2,"name":"SITSESP &#8211; DECIS\u00c3O UNILATERAL DA FUNDA\u00c7\u00c3O CASA PARA O COMPLEXO RAPOSO TAVARES"}]},{"@type":"WebSite","@id":"https:\/\/www.sitsesp.org.br\/novo\/#website","url":"https:\/\/www.sitsesp.org.br\/novo\/","name":"Sitsesp","description":"SIndicato da Socioeduca\u00e7\u00e3o do Estado de S\u00e3o Paulo","publisher":{"@id":"https:\/\/www.sitsesp.org.br\/novo\/#organization"},"potentialAction":[{"@type":"SearchAction","target":{"@type":"EntryPoint","urlTemplate":"https:\/\/www.sitsesp.org.br\/novo\/?s={search_term_string}"},"query-input":"required name=search_term_string"}],"inLanguage":"pt-BR"},{"@type":"Organization","@id":"https:\/\/www.sitsesp.org.br\/novo\/#organization","name":"Sitsesp","url":"https:\/\/www.sitsesp.org.br\/novo\/","logo":{"@type":"ImageObject","inLanguage":"pt-BR","@id":"https:\/\/www.sitsesp.org.br\/novo\/#\/schema\/logo\/image\/","url":"https:\/\/www.sitsesp.org.br\/novo\/wp-content\/uploads\/2020\/09\/Design-sem-nome-1.jpg","contentUrl":"https:\/\/www.sitsesp.org.br\/novo\/wp-content\/uploads\/2020\/09\/Design-sem-nome-1.jpg","width":300,"height":300,"caption":"Sitsesp"},"image":{"@id":"https:\/\/www.sitsesp.org.br\/novo\/#\/schema\/logo\/image\/"}},{"@type":"Person","@id":"https:\/\/www.sitsesp.org.br\/novo\/#\/schema\/person\/28e42eec160f373e81d0183b3643edbf","name":"imprensa","image":{"@type":"ImageObject","inLanguage":"pt-BR","@id":"https:\/\/www.sitsesp.org.br\/novo\/#\/schema\/person\/image\/","url":"https:\/\/secure.gravatar.com\/avatar\/8d6ccd8d7d52b8959f34154e87d3fa29?s=96&d=mm&r=g","contentUrl":"https:\/\/secure.gravatar.com\/avatar\/8d6ccd8d7d52b8959f34154e87d3fa29?s=96&d=mm&r=g","caption":"imprensa"}}]}},"_links":{"self":[{"href":"https:\/\/www.sitsesp.org.br\/novo\/wp-json\/wp\/v2\/posts\/10833"}],"collection":[{"href":"https:\/\/www.sitsesp.org.br\/novo\/wp-json\/wp\/v2\/posts"}],"about":[{"href":"https:\/\/www.sitsesp.org.br\/novo\/wp-json\/wp\/v2\/types\/post"}],"author":[{"embeddable":true,"href":"https:\/\/www.sitsesp.org.br\/novo\/wp-json\/wp\/v2\/users\/5"}],"replies":[{"embeddable":true,"href":"https:\/\/www.sitsesp.org.br\/novo\/wp-json\/wp\/v2\/comments?post=10833"}],"version-history":[{"count":3,"href":"https:\/\/www.sitsesp.org.br\/novo\/wp-json\/wp\/v2\/posts\/10833\/revisions"}],"predecessor-version":[{"id":10839,"href":"https:\/\/www.sitsesp.org.br\/novo\/wp-json\/wp\/v2\/posts\/10833\/revisions\/10839"}],"wp:featuredmedia":[{"embeddable":true,"href":"https:\/\/www.sitsesp.org.br\/novo\/wp-json\/wp\/v2\/media\/10836"}],"wp:attachment":[{"href":"https:\/\/www.sitsesp.org.br\/novo\/wp-json\/wp\/v2\/media?parent=10833"}],"wp:term":[{"taxonomy":"category","embeddable":true,"href":"https:\/\/www.sitsesp.org.br\/novo\/wp-json\/wp\/v2\/categories?post=10833"},{"taxonomy":"post_tag","embeddable":true,"href":"https:\/\/www.sitsesp.org.br\/novo\/wp-json\/wp\/v2\/tags?post=10833"}],"curies":[{"name":"wp","href":"https:\/\/api.w.org\/{rel}","templated":true}]}}