{"id":10840,"date":"2023-04-29T11:28:37","date_gmt":"2023-04-29T14:28:37","guid":{"rendered":"https:\/\/sitsesp.org.br\/novo\/?p=10840"},"modified":"2023-04-29T11:28:37","modified_gmt":"2023-04-29T14:28:37","slug":"sitsesp-informa-greve-a-partir-do-dia-03-de-maio-as-00h","status":"publish","type":"post","link":"https:\/\/www.sitsesp.org.br\/novo\/sitsesp-informa-greve-a-partir-do-dia-03-de-maio-as-00h\/","title":{"rendered":"SITSESP INFORMA | GREVE A PARTIR DO DIA 03 DE MAIO, \u00c0S 00H"},"content":{"rendered":"<p><!-- VideographyWP Plugin Message: Automatic video embedding prevented by plugin options. --><br \/>\nPor ampla maioria, os trabalhadores da Funda\u00e7\u00e3o CASA resolveram, na manh\u00e3 deste s\u00e1bado (29), deflagrar greve geral dos servidores socioeducativos a partir das 00h do dia 03 de maio.<\/p>\n<p>O SITSESP convoca todos os servidores a aderirem ao movimento paredista e comparecerem dia 03 de maio, das 09h \u00e0s 12h, \u00e0 Alesp, no audit\u00f3rio Paulo Kobayashi onde estar\u00e1 acontecendo uma audi\u00eancia p\u00fablica. Vamos mostrar nossa for\u00e7a e mostrar ao governo do estado que precisamos ser valorizados e ter nossas exig\u00eancias atendidas.<\/p>\n<div id=\"penci-post-gallery__78622\" class=\"penci-post-gallery-container justified column-3\" data-height=\"150\" data-margin=\"3\"><a class=\"item-gallery-justified\" href=\"https:\/\/www.sitsesp.org.br\/novo\/wp-content\/uploads\/2023\/04\/WhatsApp-Image-2023-04-29-at-10.41.15-AM-1.jpeg\"><img decoding=\"async\" src=\"https:\/\/www.sitsesp.org.br\/novo\/wp-content\/uploads\/2023\/04\/WhatsApp-Image-2023-04-29-at-10.41.15-AM-1-585x328.jpeg\" alt=\"\" title=\"GREVE A PARTIR DO DIA 03 DE MAIO, \u00c0S 00H\"><\/a><a class=\"item-gallery-justified\" href=\"https:\/\/www.sitsesp.org.br\/novo\/wp-content\/uploads\/2023\/04\/WhatsApp-Image-2023-04-29-at-10.41.14-AM-1.jpeg\"><img decoding=\"async\" src=\"https:\/\/www.sitsesp.org.br\/novo\/wp-content\/uploads\/2023\/04\/WhatsApp-Image-2023-04-29-at-10.41.14-AM-1-585x328.jpeg\" alt=\"\" title=\"WhatsApp Image 2023-04-29 at 10.41.14 AM (1)\"><\/a><a class=\"item-gallery-justified\" href=\"https:\/\/www.sitsesp.org.br\/novo\/wp-content\/uploads\/2023\/04\/WhatsApp-Image-2023-04-29-at-10.41.14-AM-2.jpeg\"><img decoding=\"async\" src=\"https:\/\/www.sitsesp.org.br\/novo\/wp-content\/uploads\/2023\/04\/WhatsApp-Image-2023-04-29-at-10.41.14-AM-2-585x328.jpeg\" alt=\"\" title=\"WhatsApp Image 2023-04-29 at 10.41.14 AM (2)\"><\/a><a class=\"item-gallery-justified\" href=\"https:\/\/www.sitsesp.org.br\/novo\/wp-content\/uploads\/2023\/04\/WhatsApp-Image-2023-04-29-at-10.41.15-AM.jpeg\"><img decoding=\"async\" src=\"https:\/\/www.sitsesp.org.br\/novo\/wp-content\/uploads\/2023\/04\/WhatsApp-Image-2023-04-29-at-10.41.15-AM-585x328.jpeg\" alt=\"\" title=\"WhatsApp Image 2023-04-29 at 10.41.15 AM\"><\/a><a class=\"item-gallery-justified\" href=\"https:\/\/www.sitsesp.org.br\/novo\/wp-content\/uploads\/2023\/04\/WhatsApp-Image-2023-04-29-at-10.41.14-AM.jpeg\"><img decoding=\"async\" src=\"https:\/\/www.sitsesp.org.br\/novo\/wp-content\/uploads\/2023\/04\/WhatsApp-Image-2023-04-29-at-10.41.14-AM-585x328.jpeg\" alt=\"\" title=\"WhatsApp Image 2023-04-29 at 10.41.14 AM\"><\/a><a class=\"item-gallery-justified\" href=\"https:\/\/www.sitsesp.org.br\/novo\/wp-content\/uploads\/2023\/04\/WhatsApp-Image-2023-04-29-at-9.41.39-AM.jpeg\"><img decoding=\"async\" src=\"https:\/\/www.sitsesp.org.br\/novo\/wp-content\/uploads\/2023\/04\/WhatsApp-Image-2023-04-29-at-9.41.39-AM-585x328.jpeg\" alt=\"\" title=\"WhatsApp Image 2023-04-29 at 9.41.39 AM\"><\/a><a class=\"item-gallery-justified\" href=\"https:\/\/www.sitsesp.org.br\/novo\/wp-content\/uploads\/2023\/04\/WhatsApp-Image-2023-04-29-at-9.41.40-AM-1.jpeg\"><img decoding=\"async\" src=\"https:\/\/www.sitsesp.org.br\/novo\/wp-content\/uploads\/2023\/04\/WhatsApp-Image-2023-04-29-at-9.41.40-AM-1-585x328.jpeg\" alt=\"\" title=\"WhatsApp Image 2023-04-29 at 9.41.40 AM (1)\"><\/a><a class=\"item-gallery-justified\" href=\"https:\/\/www.sitsesp.org.br\/novo\/wp-content\/uploads\/2023\/04\/WhatsApp-Image-2023-04-29-at-9.41.40-AM-2.jpeg\"><img decoding=\"async\" src=\"https:\/\/www.sitsesp.org.br\/novo\/wp-content\/uploads\/2023\/04\/WhatsApp-Image-2023-04-29-at-9.41.40-AM-2-585x328.jpeg\" alt=\"\" title=\"WhatsApp Image 2023-04-29 at 9.41.40 AM (2)\"><\/a><a class=\"item-gallery-justified\" href=\"https:\/\/www.sitsesp.org.br\/novo\/wp-content\/uploads\/2023\/04\/WhatsApp-Image-2023-04-29-at-9.41.41-AM.jpeg\"><img decoding=\"async\" src=\"https:\/\/www.sitsesp.org.br\/novo\/wp-content\/uploads\/2023\/04\/WhatsApp-Image-2023-04-29-at-9.41.41-AM-585x328.jpeg\" alt=\"\" title=\"WhatsApp Image 2023-04-29 at 9.41.41 AM\"><\/a><a class=\"item-gallery-justified\" href=\"https:\/\/www.sitsesp.org.br\/novo\/wp-content\/uploads\/2023\/04\/WhatsApp-Image-2023-04-29-at-9.41.41-AM-1.jpeg\"><img decoding=\"async\" src=\"https:\/\/www.sitsesp.org.br\/novo\/wp-content\/uploads\/2023\/04\/WhatsApp-Image-2023-04-29-at-9.41.41-AM-1-585x328.jpeg\" alt=\"\" title=\"WhatsApp Image 2023-04-29 at 9.41.41 AM (1)\"><\/a><a class=\"item-gallery-justified\" href=\"https:\/\/www.sitsesp.org.br\/novo\/wp-content\/uploads\/2023\/04\/WhatsApp-Image-2023-04-29-at-9.41.42-AM.jpeg\"><img decoding=\"async\" src=\"https:\/\/www.sitsesp.org.br\/novo\/wp-content\/uploads\/2023\/04\/WhatsApp-Image-2023-04-29-at-9.41.42-AM-585x328.jpeg\" alt=\"\" title=\"WhatsApp Image 2023-04-29 at 9.41.42 AM\"><\/a><a class=\"item-gallery-justified\" href=\"https:\/\/www.sitsesp.org.br\/novo\/wp-content\/uploads\/2023\/04\/WhatsApp-Image-2023-04-29-at-9.41.40-AM.jpeg\"><img decoding=\"async\" src=\"https:\/\/www.sitsesp.org.br\/novo\/wp-content\/uploads\/2023\/04\/WhatsApp-Image-2023-04-29-at-9.41.40-AM-585x328.jpeg\" alt=\"\" title=\"WhatsApp Image 2023-04-29 at 9.41.40 AM\"><\/a><a class=\"item-gallery-justified\" href=\"https:\/\/www.sitsesp.org.br\/novo\/wp-content\/uploads\/2023\/04\/WhatsApp-Image-2023-04-29-at-9.41.42-AM-1.jpeg\"><img decoding=\"async\" src=\"https:\/\/www.sitsesp.org.br\/novo\/wp-content\/uploads\/2023\/04\/WhatsApp-Image-2023-04-29-at-9.41.42-AM-1-585x328.jpeg\" alt=\"\" title=\"WhatsApp Image 2023-04-29 at 9.41.42 AM (1)\"><\/a><a class=\"item-gallery-justified\" href=\"https:\/\/www.sitsesp.org.br\/novo\/wp-content\/uploads\/2023\/04\/WhatsApp-Image-2023-04-29-at-9.41.43-AM.jpeg\"><img decoding=\"async\" src=\"https:\/\/www.sitsesp.org.br\/novo\/wp-content\/uploads\/2023\/04\/WhatsApp-Image-2023-04-29-at-9.41.43-AM-585x328.jpeg\" alt=\"\" title=\"WhatsApp Image 2023-04-29 at 9.41.43 AM\"><\/a><a class=\"item-gallery-justified\" href=\"https:\/\/www.sitsesp.org.br\/novo\/wp-content\/uploads\/2023\/04\/WhatsApp-Image-2023-04-29-at-9.41.43-AM-1.jpeg\"><img decoding=\"async\" src=\"https:\/\/www.sitsesp.org.br\/novo\/wp-content\/uploads\/2023\/04\/WhatsApp-Image-2023-04-29-at-9.41.43-AM-1-585x328.jpeg\" alt=\"\" title=\"WhatsApp Image 2023-04-29 at 9.41.43 AM (1)\"><\/a><a class=\"item-gallery-justified\" href=\"https:\/\/www.sitsesp.org.br\/novo\/wp-content\/uploads\/2023\/04\/WhatsApp-Image-2023-04-29-at-10.09.59-AM.jpeg\"><img decoding=\"async\" src=\"https:\/\/www.sitsesp.org.br\/novo\/wp-content\/uploads\/2023\/04\/WhatsApp-Image-2023-04-29-at-10.09.59-AM-585x329.jpeg\" alt=\"\" title=\"WhatsApp Image 2023-04-29 at 10.09.59 AM\"><\/a><a class=\"item-gallery-justified\" href=\"https:\/\/www.sitsesp.org.br\/novo\/wp-content\/uploads\/2023\/04\/WhatsApp-Image-2023-04-29-at-10.09.59-AM-1.jpeg\"><img decoding=\"async\" src=\"https:\/\/www.sitsesp.org.br\/novo\/wp-content\/uploads\/2023\/04\/WhatsApp-Image-2023-04-29-at-10.09.59-AM-1-585x329.jpeg\" alt=\"\" title=\"WhatsApp Image 2023-04-29 at 10.09.59 AM (1)\"><\/a><a class=\"item-gallery-justified\" href=\"https:\/\/www.sitsesp.org.br\/novo\/wp-content\/uploads\/2023\/04\/WhatsApp-Image-2023-04-29-at-10.10.00-AM.jpeg\"><img decoding=\"async\" src=\"https:\/\/www.sitsesp.org.br\/novo\/wp-content\/uploads\/2023\/04\/WhatsApp-Image-2023-04-29-at-10.10.00-AM-585x329.jpeg\" alt=\"\" title=\"WhatsApp Image 2023-04-29 at 10.10.00 AM\"><\/a><a class=\"item-gallery-justified\" href=\"https:\/\/www.sitsesp.org.br\/novo\/wp-content\/uploads\/2023\/04\/WhatsApp-Image-2023-04-29-at-10.10.01-AM.jpeg\"><img decoding=\"async\" src=\"https:\/\/www.sitsesp.org.br\/novo\/wp-content\/uploads\/2023\/04\/WhatsApp-Image-2023-04-29-at-10.10.01-AM-585x329.jpeg\" alt=\"\" title=\"WhatsApp Image 2023-04-29 at 10.10.01 AM\"><\/a><a class=\"item-gallery-justified\" href=\"https:\/\/www.sitsesp.org.br\/novo\/wp-content\/uploads\/2023\/04\/WhatsApp-Image-2023-04-29-at-10.19.21-AM.jpeg\"><img decoding=\"async\" src=\"https:\/\/www.sitsesp.org.br\/novo\/wp-content\/uploads\/2023\/04\/WhatsApp-Image-2023-04-29-at-10.19.21-AM-585x329.jpeg\" alt=\"\" title=\"WhatsApp Image 2023-04-29 at 10.19.21 AM\"><\/a><a class=\"item-gallery-justified\" href=\"https:\/\/www.sitsesp.org.br\/novo\/wp-content\/uploads\/2023\/04\/WhatsApp-Image-2023-04-29-at-10.19.47-AM.jpeg\"><img decoding=\"async\" src=\"https:\/\/www.sitsesp.org.br\/novo\/wp-content\/uploads\/2023\/04\/WhatsApp-Image-2023-04-29-at-10.19.47-AM-585x329.jpeg\" alt=\"\" title=\"WhatsApp Image 2023-04-29 at 10.19.47 AM\"><\/a><a class=\"item-gallery-justified\" href=\"https:\/\/www.sitsesp.org.br\/novo\/wp-content\/uploads\/2023\/04\/WhatsApp-Image-2023-04-29-at-10.19.48-AM.jpeg\"><img decoding=\"async\" src=\"https:\/\/www.sitsesp.org.br\/novo\/wp-content\/uploads\/2023\/04\/WhatsApp-Image-2023-04-29-at-10.19.48-AM-585x329.jpeg\" alt=\"\" title=\"WhatsApp Image 2023-04-29 at 10.19.48 AM\"><\/a><a class=\"item-gallery-justified\" href=\"https:\/\/www.sitsesp.org.br\/novo\/wp-content\/uploads\/2023\/04\/WhatsApp-Image-2023-04-29-at-10.28.46-AM.jpeg\"><img decoding=\"async\" src=\"https:\/\/www.sitsesp.org.br\/novo\/wp-content\/uploads\/2023\/04\/WhatsApp-Image-2023-04-29-at-10.28.46-AM-585x276.jpeg\" alt=\"\" title=\"WhatsApp Image 2023-04-29 at 10.28.46 AM\"><\/a><\/div>\n<p><strong>O SITSESP \u00c9 DE TODOS, PARA TODOS, TRABALHANDO COM TODOS &#8211; SEJA UM FILIADO SITSESP E PARTICIPE DA LUTA<\/strong><\/p>\n","protected":false},"excerpt":{"rendered":"<p>Por ampla maioria, os trabalhadores da Funda\u00e7\u00e3o CASA resolveram, na manh\u00e3 deste s\u00e1bado (29), deflagrar greve geral dos servidores socioeducativos a&hellip;<\/p>\n","protected":false},"author":5,"featured_media":10841,"comment_status":"open","ping_status":"open","sticky":false,"template":"","format":"standard","meta":{"cybocfi_hide_featured_image":"","footnotes":""},"categories":[27,22],"tags":[],"yoast_head":"<!-- This site is optimized with the Yoast SEO plugin v22.8 - https:\/\/yoast.com\/wordpress\/plugins\/seo\/ -->\n<title>SITSESP INFORMA | GREVE A PARTIR DO DIA 03 DE MAIO, \u00c0S 00H - SITSESP<\/title>\n<meta name=\"robots\" content=\"index, follow, max-snippet:-1, max-image-preview:large, max-video-preview:-1\" \/>\n<link rel=\"canonical\" href=\"https:\/\/www.sitsesp.org.br\/novo\/sitsesp-informa-greve-a-partir-do-dia-03-de-maio-as-00h\/\" \/>\n<meta property=\"og:locale\" content=\"pt_BR\" \/>\n<meta property=\"og:type\" content=\"article\" \/>\n<meta property=\"og:title\" content=\"SITSESP INFORMA | GREVE A PARTIR DO DIA 03 DE MAIO, \u00c0S 00H - SITSESP\" \/>\n<meta property=\"og:description\" content=\"Por ampla maioria, os trabalhadores da Funda\u00e7\u00e3o CASA resolveram, na manh\u00e3 deste s\u00e1bado (29), deflagrar greve geral dos servidores socioeducativos a&hellip;\" \/>\n<meta property=\"og:url\" content=\"https:\/\/www.sitsesp.org.br\/novo\/sitsesp-informa-greve-a-partir-do-dia-03-de-maio-as-00h\/\" \/>\n<meta property=\"og:site_name\" content=\"SITSESP\" \/>\n<meta property=\"article:published_time\" content=\"2023-04-29T14:28:37+00:00\" \/>\n<meta property=\"og:image\" content=\"https:\/\/www.sitsesp.org.br\/novo\/wp-content\/uploads\/2023\/04\/WhatsApp-Image-2023-04-29-at-10.41.15-AM-1.jpeg\" \/>\n\t<meta property=\"og:image:width\" content=\"800\" \/>\n\t<meta property=\"og:image:height\" content=\"449\" \/>\n\t<meta property=\"og:image:type\" content=\"image\/jpeg\" \/>\n<meta name=\"author\" content=\"imprensa\" \/>\n<meta name=\"twitter:card\" content=\"summary_large_image\" \/>\n<meta name=\"twitter:label1\" content=\"Escrito por\" \/>\n\t<meta name=\"twitter:data1\" content=\"imprensa\" \/>\n\t<meta name=\"twitter:label2\" content=\"Est. tempo de leitura\" \/>\n\t<meta name=\"twitter:data2\" content=\"1 minuto\" \/>\n<script type=\"application\/ld+json\" class=\"yoast-schema-graph\">{\"@context\":\"https:\/\/schema.org\",\"@graph\":[{\"@type\":\"Article\",\"@id\":\"https:\/\/www.sitsesp.org.br\/novo\/sitsesp-informa-greve-a-partir-do-dia-03-de-maio-as-00h\/#article\",\"isPartOf\":{\"@id\":\"https:\/\/www.sitsesp.org.br\/novo\/sitsesp-informa-greve-a-partir-do-dia-03-de-maio-as-00h\/\"},\"author\":{\"name\":\"imprensa\",\"@id\":\"https:\/\/www.sitsesp.org.br\/novo\/#\/schema\/person\/28e42eec160f373e81d0183b3643edbf\"},\"headline\":\"SITSESP INFORMA | GREVE A PARTIR DO DIA 03 DE MAIO, \u00c0S 00H\",\"datePublished\":\"2023-04-29T14:28:37+00:00\",\"dateModified\":\"2023-04-29T14:28:37+00:00\",\"mainEntityOfPage\":{\"@id\":\"https:\/\/www.sitsesp.org.br\/novo\/sitsesp-informa-greve-a-partir-do-dia-03-de-maio-as-00h\/\"},\"wordCount\":117,\"commentCount\":0,\"publisher\":{\"@id\":\"https:\/\/www.sitsesp.org.br\/novo\/#organization\"},\"image\":{\"@id\":\"https:\/\/www.sitsesp.org.br\/novo\/sitsesp-informa-greve-a-partir-do-dia-03-de-maio-as-00h\/#primaryimage\"},\"thumbnailUrl\":\"https:\/\/www.sitsesp.org.br\/novo\/wp-content\/uploads\/2023\/04\/WhatsApp-Image-2023-04-29-at-10.41.15-AM-1.jpeg\",\"articleSection\":[\"Destaque\",\"Noticias\"],\"inLanguage\":\"pt-BR\",\"potentialAction\":[{\"@type\":\"CommentAction\",\"name\":\"Comment\",\"target\":[\"https:\/\/www.sitsesp.org.br\/novo\/sitsesp-informa-greve-a-partir-do-dia-03-de-maio-as-00h\/#respond\"]}]},{\"@type\":\"WebPage\",\"@id\":\"https:\/\/www.sitsesp.org.br\/novo\/sitsesp-informa-greve-a-partir-do-dia-03-de-maio-as-00h\/\",\"url\":\"https:\/\/www.sitsesp.org.br\/novo\/sitsesp-informa-greve-a-partir-do-dia-03-de-maio-as-00h\/\",\"name\":\"SITSESP INFORMA | GREVE A PARTIR DO DIA 03 DE MAIO, \u00c0S 00H - SITSESP\",\"isPartOf\":{\"@id\":\"https:\/\/www.sitsesp.org.br\/novo\/#website\"},\"primaryImageOfPage\":{\"@id\":\"https:\/\/www.sitsesp.org.br\/novo\/sitsesp-informa-greve-a-partir-do-dia-03-de-maio-as-00h\/#primaryimage\"},\"image\":{\"@id\":\"https:\/\/www.sitsesp.org.br\/novo\/sitsesp-informa-greve-a-partir-do-dia-03-de-maio-as-00h\/#primaryimage\"},\"thumbnailUrl\":\"https:\/\/www.sitsesp.org.br\/novo\/wp-content\/uploads\/2023\/04\/WhatsApp-Image-2023-04-29-at-10.41.15-AM-1.jpeg\",\"datePublished\":\"2023-04-29T14:28:37+00:00\",\"dateModified\":\"2023-04-29T14:28:37+00:00\",\"breadcrumb\":{\"@id\":\"https:\/\/www.sitsesp.org.br\/novo\/sitsesp-informa-greve-a-partir-do-dia-03-de-maio-as-00h\/#breadcrumb\"},\"inLanguage\":\"pt-BR\",\"potentialAction\":[{\"@type\":\"ReadAction\",\"target\":[\"https:\/\/www.sitsesp.org.br\/novo\/sitsesp-informa-greve-a-partir-do-dia-03-de-maio-as-00h\/\"]}]},{\"@type\":\"ImageObject\",\"inLanguage\":\"pt-BR\",\"@id\":\"https:\/\/www.sitsesp.org.br\/novo\/sitsesp-informa-greve-a-partir-do-dia-03-de-maio-as-00h\/#primaryimage\",\"url\":\"https:\/\/www.sitsesp.org.br\/novo\/wp-content\/uploads\/2023\/04\/WhatsApp-Image-2023-04-29-at-10.41.15-AM-1.jpeg\",\"contentUrl\":\"https:\/\/www.sitsesp.org.br\/novo\/wp-content\/uploads\/2023\/04\/WhatsApp-Image-2023-04-29-at-10.41.15-AM-1.jpeg\",\"width\":800,\"height\":449},{\"@type\":\"BreadcrumbList\",\"@id\":\"https:\/\/www.sitsesp.org.br\/novo\/sitsesp-informa-greve-a-partir-do-dia-03-de-maio-as-00h\/#breadcrumb\",\"itemListElement\":[{\"@type\":\"ListItem\",\"position\":1,\"name\":\"In\u00edcio\",\"item\":\"https:\/\/www.sitsesp.org.br\/novo\/\"},{\"@type\":\"ListItem\",\"position\":2,\"name\":\"SITSESP INFORMA | GREVE A PARTIR DO DIA 03 DE MAIO, \u00c0S 00H\"}]},{\"@type\":\"WebSite\",\"@id\":\"https:\/\/www.sitsesp.org.br\/novo\/#website\",\"url\":\"https:\/\/www.sitsesp.org.br\/novo\/\",\"name\":\"Sitsesp\",\"description\":\"SIndicato da Socioeduca\u00e7\u00e3o do Estado de S\u00e3o Paulo\",\"publisher\":{\"@id\":\"https:\/\/www.sitsesp.org.br\/novo\/#organization\"},\"potentialAction\":[{\"@type\":\"SearchAction\",\"target\":{\"@type\":\"EntryPoint\",\"urlTemplate\":\"https:\/\/www.sitsesp.org.br\/novo\/?s={search_term_string}\"},\"query-input\":\"required name=search_term_string\"}],\"inLanguage\":\"pt-BR\"},{\"@type\":\"Organization\",\"@id\":\"https:\/\/www.sitsesp.org.br\/novo\/#organization\",\"name\":\"Sitsesp\",\"url\":\"https:\/\/www.sitsesp.org.br\/novo\/\",\"logo\":{\"@type\":\"ImageObject\",\"inLanguage\":\"pt-BR\",\"@id\":\"https:\/\/www.sitsesp.org.br\/novo\/#\/schema\/logo\/image\/\",\"url\":\"https:\/\/www.sitsesp.org.br\/novo\/wp-content\/uploads\/2020\/09\/Design-sem-nome-1.jpg\",\"contentUrl\":\"https:\/\/www.sitsesp.org.br\/novo\/wp-content\/uploads\/2020\/09\/Design-sem-nome-1.jpg\",\"width\":300,\"height\":300,\"caption\":\"Sitsesp\"},\"image\":{\"@id\":\"https:\/\/www.sitsesp.org.br\/novo\/#\/schema\/logo\/image\/\"}},{\"@type\":\"Person\",\"@id\":\"https:\/\/www.sitsesp.org.br\/novo\/#\/schema\/person\/28e42eec160f373e81d0183b3643edbf\",\"name\":\"imprensa\",\"image\":{\"@type\":\"ImageObject\",\"inLanguage\":\"pt-BR\",\"@id\":\"https:\/\/www.sitsesp.org.br\/novo\/#\/schema\/person\/image\/\",\"url\":\"https:\/\/secure.gravatar.com\/avatar\/8d6ccd8d7d52b8959f34154e87d3fa29?s=96&d=mm&r=g\",\"contentUrl\":\"https:\/\/secure.gravatar.com\/avatar\/8d6ccd8d7d52b8959f34154e87d3fa29?s=96&d=mm&r=g\",\"caption\":\"imprensa\"}}]}<\/script>\n<!-- \/ Yoast SEO plugin. -->","yoast_head_json":{"title":"SITSESP INFORMA | GREVE A PARTIR DO DIA 03 DE MAIO, \u00c0S 00H - SITSESP","robots":{"index":"index","follow":"follow","max-snippet":"max-snippet:-1","max-image-preview":"max-image-preview:large","max-video-preview":"max-video-preview:-1"},"canonical":"https:\/\/www.sitsesp.org.br\/novo\/sitsesp-informa-greve-a-partir-do-dia-03-de-maio-as-00h\/","og_locale":"pt_BR","og_type":"article","og_title":"SITSESP INFORMA | GREVE A PARTIR DO DIA 03 DE MAIO, \u00c0S 00H - SITSESP","og_description":"Por ampla maioria, os trabalhadores da Funda\u00e7\u00e3o CASA resolveram, na manh\u00e3 deste s\u00e1bado (29), deflagrar greve geral dos servidores socioeducativos a&hellip;","og_url":"https:\/\/www.sitsesp.org.br\/novo\/sitsesp-informa-greve-a-partir-do-dia-03-de-maio-as-00h\/","og_site_name":"SITSESP","article_published_time":"2023-04-29T14:28:37+00:00","og_image":[{"width":800,"height":449,"url":"https:\/\/www.sitsesp.org.br\/novo\/wp-content\/uploads\/2023\/04\/WhatsApp-Image-2023-04-29-at-10.41.15-AM-1.jpeg","type":"image\/jpeg"}],"author":"imprensa","twitter_card":"summary_large_image","twitter_misc":{"Escrito por":"imprensa","Est. tempo de leitura":"1 minuto"},"schema":{"@context":"https:\/\/schema.org","@graph":[{"@type":"Article","@id":"https:\/\/www.sitsesp.org.br\/novo\/sitsesp-informa-greve-a-partir-do-dia-03-de-maio-as-00h\/#article","isPartOf":{"@id":"https:\/\/www.sitsesp.org.br\/novo\/sitsesp-informa-greve-a-partir-do-dia-03-de-maio-as-00h\/"},"author":{"name":"imprensa","@id":"https:\/\/www.sitsesp.org.br\/novo\/#\/schema\/person\/28e42eec160f373e81d0183b3643edbf"},"headline":"SITSESP INFORMA | GREVE A PARTIR DO DIA 03 DE MAIO, \u00c0S 00H","datePublished":"2023-04-29T14:28:37+00:00","dateModified":"2023-04-29T14:28:37+00:00","mainEntityOfPage":{"@id":"https:\/\/www.sitsesp.org.br\/novo\/sitsesp-informa-greve-a-partir-do-dia-03-de-maio-as-00h\/"},"wordCount":117,"commentCount":0,"publisher":{"@id":"https:\/\/www.sitsesp.org.br\/novo\/#organization"},"image":{"@id":"https:\/\/www.sitsesp.org.br\/novo\/sitsesp-informa-greve-a-partir-do-dia-03-de-maio-as-00h\/#primaryimage"},"thumbnailUrl":"https:\/\/www.sitsesp.org.br\/novo\/wp-content\/uploads\/2023\/04\/WhatsApp-Image-2023-04-29-at-10.41.15-AM-1.jpeg","articleSection":["Destaque","Noticias"],"inLanguage":"pt-BR","potentialAction":[{"@type":"CommentAction","name":"Comment","target":["https:\/\/www.sitsesp.org.br\/novo\/sitsesp-informa-greve-a-partir-do-dia-03-de-maio-as-00h\/#respond"]}]},{"@type":"WebPage","@id":"https:\/\/www.sitsesp.org.br\/novo\/sitsesp-informa-greve-a-partir-do-dia-03-de-maio-as-00h\/","url":"https:\/\/www.sitsesp.org.br\/novo\/sitsesp-informa-greve-a-partir-do-dia-03-de-maio-as-00h\/","name":"SITSESP INFORMA | GREVE A PARTIR DO DIA 03 DE MAIO, \u00c0S 00H - SITSESP","isPartOf":{"@id":"https:\/\/www.sitsesp.org.br\/novo\/#website"},"primaryImageOfPage":{"@id":"https:\/\/www.sitsesp.org.br\/novo\/sitsesp-informa-greve-a-partir-do-dia-03-de-maio-as-00h\/#primaryimage"},"image":{"@id":"https:\/\/www.sitsesp.org.br\/novo\/sitsesp-informa-greve-a-partir-do-dia-03-de-maio-as-00h\/#primaryimage"},"thumbnailUrl":"https:\/\/www.sitsesp.org.br\/novo\/wp-content\/uploads\/2023\/04\/WhatsApp-Image-2023-04-29-at-10.41.15-AM-1.jpeg","datePublished":"2023-04-29T14:28:37+00:00","dateModified":"2023-04-29T14:28:37+00:00","breadcrumb":{"@id":"https:\/\/www.sitsesp.org.br\/novo\/sitsesp-informa-greve-a-partir-do-dia-03-de-maio-as-00h\/#breadcrumb"},"inLanguage":"pt-BR","potentialAction":[{"@type":"ReadAction","target":["https:\/\/www.sitsesp.org.br\/novo\/sitsesp-informa-greve-a-partir-do-dia-03-de-maio-as-00h\/"]}]},{"@type":"ImageObject","inLanguage":"pt-BR","@id":"https:\/\/www.sitsesp.org.br\/novo\/sitsesp-informa-greve-a-partir-do-dia-03-de-maio-as-00h\/#primaryimage","url":"https:\/\/www.sitsesp.org.br\/novo\/wp-content\/uploads\/2023\/04\/WhatsApp-Image-2023-04-29-at-10.41.15-AM-1.jpeg","contentUrl":"https:\/\/www.sitsesp.org.br\/novo\/wp-content\/uploads\/2023\/04\/WhatsApp-Image-2023-04-29-at-10.41.15-AM-1.jpeg","width":800,"height":449},{"@type":"BreadcrumbList","@id":"https:\/\/www.sitsesp.org.br\/novo\/sitsesp-informa-greve-a-partir-do-dia-03-de-maio-as-00h\/#breadcrumb","itemListElement":[{"@type":"ListItem","position":1,"name":"In\u00edcio","item":"https:\/\/www.sitsesp.org.br\/novo\/"},{"@type":"ListItem","position":2,"name":"SITSESP INFORMA | GREVE A PARTIR DO DIA 03 DE MAIO, \u00c0S 00H"}]},{"@type":"WebSite","@id":"https:\/\/www.sitsesp.org.br\/novo\/#website","url":"https:\/\/www.sitsesp.org.br\/novo\/","name":"Sitsesp","description":"SIndicato da Socioeduca\u00e7\u00e3o do Estado de S\u00e3o Paulo","publisher":{"@id":"https:\/\/www.sitsesp.org.br\/novo\/#organization"},"potentialAction":[{"@type":"SearchAction","target":{"@type":"EntryPoint","urlTemplate":"https:\/\/www.sitsesp.org.br\/novo\/?s={search_term_string}"},"query-input":"required name=search_term_string"}],"inLanguage":"pt-BR"},{"@type":"Organization","@id":"https:\/\/www.sitsesp.org.br\/novo\/#organization","name":"Sitsesp","url":"https:\/\/www.sitsesp.org.br\/novo\/","logo":{"@type":"ImageObject","inLanguage":"pt-BR","@id":"https:\/\/www.sitsesp.org.br\/novo\/#\/schema\/logo\/image\/","url":"https:\/\/www.sitsesp.org.br\/novo\/wp-content\/uploads\/2020\/09\/Design-sem-nome-1.jpg","contentUrl":"https:\/\/www.sitsesp.org.br\/novo\/wp-content\/uploads\/2020\/09\/Design-sem-nome-1.jpg","width":300,"height":300,"caption":"Sitsesp"},"image":{"@id":"https:\/\/www.sitsesp.org.br\/novo\/#\/schema\/logo\/image\/"}},{"@type":"Person","@id":"https:\/\/www.sitsesp.org.br\/novo\/#\/schema\/person\/28e42eec160f373e81d0183b3643edbf","name":"imprensa","image":{"@type":"ImageObject","inLanguage":"pt-BR","@id":"https:\/\/www.sitsesp.org.br\/novo\/#\/schema\/person\/image\/","url":"https:\/\/secure.gravatar.com\/avatar\/8d6ccd8d7d52b8959f34154e87d3fa29?s=96&d=mm&r=g","contentUrl":"https:\/\/secure.gravatar.com\/avatar\/8d6ccd8d7d52b8959f34154e87d3fa29?s=96&d=mm&r=g","caption":"imprensa"}}]}},"_links":{"self":[{"href":"https:\/\/www.sitsesp.org.br\/novo\/wp-json\/wp\/v2\/posts\/10840"}],"collection":[{"href":"https:\/\/www.sitsesp.org.br\/novo\/wp-json\/wp\/v2\/posts"}],"about":[{"href":"https:\/\/www.sitsesp.org.br\/novo\/wp-json\/wp\/v2\/types\/post"}],"author":[{"embeddable":true,"href":"https:\/\/www.sitsesp.org.br\/novo\/wp-json\/wp\/v2\/users\/5"}],"replies":[{"embeddable":true,"href":"https:\/\/www.sitsesp.org.br\/novo\/wp-json\/wp\/v2\/comments?post=10840"}],"version-history":[{"count":1,"href":"https:\/\/www.sitsesp.org.br\/novo\/wp-json\/wp\/v2\/posts\/10840\/revisions"}],"predecessor-version":[{"id":10864,"href":"https:\/\/www.sitsesp.org.br\/novo\/wp-json\/wp\/v2\/posts\/10840\/revisions\/10864"}],"wp:featuredmedia":[{"embeddable":true,"href":"https:\/\/www.sitsesp.org.br\/novo\/wp-json\/wp\/v2\/media\/10841"}],"wp:attachment":[{"href":"https:\/\/www.sitsesp.org.br\/novo\/wp-json\/wp\/v2\/media?parent=10840"}],"wp:term":[{"taxonomy":"category","embeddable":true,"href":"https:\/\/www.sitsesp.org.br\/novo\/wp-json\/wp\/v2\/categories?post=10840"},{"taxonomy":"post_tag","embeddable":true,"href":"https:\/\/www.sitsesp.org.br\/novo\/wp-json\/wp\/v2\/tags?post=10840"}],"curies":[{"name":"wp","href":"https:\/\/api.w.org\/{rel}","templated":true}]}}