{"id":11208,"date":"2023-05-11T09:09:23","date_gmt":"2023-05-11T12:09:23","guid":{"rendered":"https:\/\/sitsesp.org.br\/novo\/?p=11208"},"modified":"2023-05-11T09:09:23","modified_gmt":"2023-05-11T12:09:23","slug":"sitsesp-informa-nao-e-oficial-o-ato-que-esta-sendo-chamado-nesta-sexta-feira-12-05-no-masp","status":"publish","type":"post","link":"https:\/\/www.sitsesp.org.br\/novo\/sitsesp-informa-nao-e-oficial-o-ato-que-esta-sendo-chamado-nesta-sexta-feira-12-05-no-masp\/","title":{"rendered":"SITSESP INFORMA | N\u00e3o \u00e9 oficial o ato que est\u00e1 sendo chamado nesta sexta-feira 12\/05 no MASP"},"content":{"rendered":"<p><!-- VideographyWP Plugin Message: Automatic video embedding prevented by plugin options. --><br \/>\nMais uma vez o SITSESP vem informar a categoria que s\u00f3 a Imprensa Sindical SITSESP coloca no site e nas redes sociais da Entidade Sindical informa\u00e7\u00f5es de mobiliza\u00e7\u00f5es, reuni\u00f5es, decis\u00f5es jur\u00eddicas e qualquer assunto que envolve a Campanha Salarial 2023, bem como, acontecimentos em Centros da Funda\u00e7\u00e3o CASA. A Categoria \u00e9 informada oficialmente depois que as fontes e o jur\u00eddico s\u00e3o devidamente pesquisados para que os trabalhadores n\u00e3o sejam enganados com not\u00edcias que n\u00e3o sejam reais.<\/p>\n<p>Estamos em uma GREVE GERAL envolvendo toda a categoria nas suas diversas fun\u00e7\u00f5es dentro da institui\u00e7\u00e3o patronal.<br \/>\nEstamos em unidade junto com os demais institutos e lideran\u00e7as para uma luta em comum contra o patr\u00e3o, que \u00e9 a Funda\u00e7\u00e3o CASA.<\/p>\n<p>N\u00e3o \u00e9 justo algumas pessoas, individualmente, colocarem coisas nas redes sociais que prejudicar\u00e3o o trabalhador.<br \/>\nVamos ser conscientes para sairmos vitoriosos nesta batalha.<\/p>\n<p><strong>O SITSESP \u00c9 DE TODOS, PARA TODOS, TRABALHANDO COM TODOS \u2013 SEJA UM FILIADO SITSESP E PARTICIPE DA LUTA<\/strong><\/p>\n","protected":false},"excerpt":{"rendered":"<p>Mais uma vez o SITSESP vem informar a categoria que s\u00f3 a Imprensa Sindical SITSESP coloca no site e nas redes&hellip;<\/p>\n","protected":false},"author":5,"featured_media":11210,"comment_status":"open","ping_status":"open","sticky":false,"template":"","format":"standard","meta":{"cybocfi_hide_featured_image":"","footnotes":""},"categories":[22],"tags":[],"yoast_head":"<!-- This site is optimized with the Yoast SEO plugin v22.8 - https:\/\/yoast.com\/wordpress\/plugins\/seo\/ -->\n<title>SITSESP INFORMA | N\u00e3o \u00e9 oficial o ato que est\u00e1 sendo chamado nesta sexta-feira 12\/05 no MASP - SITSESP<\/title>\n<meta name=\"robots\" content=\"index, follow, max-snippet:-1, max-image-preview:large, max-video-preview:-1\" \/>\n<link rel=\"canonical\" href=\"https:\/\/www.sitsesp.org.br\/novo\/sitsesp-informa-nao-e-oficial-o-ato-que-esta-sendo-chamado-nesta-sexta-feira-12-05-no-masp\/\" \/>\n<meta property=\"og:locale\" content=\"pt_BR\" \/>\n<meta property=\"og:type\" content=\"article\" \/>\n<meta property=\"og:title\" content=\"SITSESP INFORMA | N\u00e3o \u00e9 oficial o ato que est\u00e1 sendo chamado nesta sexta-feira 12\/05 no MASP - SITSESP\" \/>\n<meta property=\"og:description\" content=\"Mais uma vez o SITSESP vem informar a categoria que s\u00f3 a Imprensa Sindical SITSESP coloca no site e nas redes&hellip;\" \/>\n<meta property=\"og:url\" content=\"https:\/\/www.sitsesp.org.br\/novo\/sitsesp-informa-nao-e-oficial-o-ato-que-esta-sendo-chamado-nesta-sexta-feira-12-05-no-masp\/\" \/>\n<meta property=\"og:site_name\" content=\"SITSESP\" \/>\n<meta property=\"article:published_time\" content=\"2023-05-11T12:09:23+00:00\" \/>\n<meta property=\"og:image\" content=\"https:\/\/www.sitsesp.org.br\/novo\/wp-content\/uploads\/2023\/05\/fn2.jpg\" \/>\n\t<meta property=\"og:image:width\" content=\"800\" \/>\n\t<meta property=\"og:image:height\" content=\"800\" \/>\n\t<meta property=\"og:image:type\" content=\"image\/jpeg\" \/>\n<meta name=\"author\" content=\"imprensa\" \/>\n<meta name=\"twitter:card\" content=\"summary_large_image\" \/>\n<meta name=\"twitter:label1\" content=\"Escrito por\" \/>\n\t<meta name=\"twitter:data1\" content=\"imprensa\" \/>\n\t<meta name=\"twitter:label2\" content=\"Est. tempo de leitura\" \/>\n\t<meta name=\"twitter:data2\" content=\"1 minuto\" \/>\n<script type=\"application\/ld+json\" class=\"yoast-schema-graph\">{\"@context\":\"https:\/\/schema.org\",\"@graph\":[{\"@type\":\"Article\",\"@id\":\"https:\/\/www.sitsesp.org.br\/novo\/sitsesp-informa-nao-e-oficial-o-ato-que-esta-sendo-chamado-nesta-sexta-feira-12-05-no-masp\/#article\",\"isPartOf\":{\"@id\":\"https:\/\/www.sitsesp.org.br\/novo\/sitsesp-informa-nao-e-oficial-o-ato-que-esta-sendo-chamado-nesta-sexta-feira-12-05-no-masp\/\"},\"author\":{\"name\":\"imprensa\",\"@id\":\"https:\/\/www.sitsesp.org.br\/novo\/#\/schema\/person\/28e42eec160f373e81d0183b3643edbf\"},\"headline\":\"SITSESP INFORMA | N\u00e3o \u00e9 oficial o ato que est\u00e1 sendo chamado nesta sexta-feira 12\/05 no MASP\",\"datePublished\":\"2023-05-11T12:09:23+00:00\",\"dateModified\":\"2023-05-11T12:09:23+00:00\",\"mainEntityOfPage\":{\"@id\":\"https:\/\/www.sitsesp.org.br\/novo\/sitsesp-informa-nao-e-oficial-o-ato-que-esta-sendo-chamado-nesta-sexta-feira-12-05-no-masp\/\"},\"wordCount\":185,\"commentCount\":0,\"publisher\":{\"@id\":\"https:\/\/www.sitsesp.org.br\/novo\/#organization\"},\"image\":{\"@id\":\"https:\/\/www.sitsesp.org.br\/novo\/sitsesp-informa-nao-e-oficial-o-ato-que-esta-sendo-chamado-nesta-sexta-feira-12-05-no-masp\/#primaryimage\"},\"thumbnailUrl\":\"https:\/\/www.sitsesp.org.br\/novo\/wp-content\/uploads\/2023\/05\/fn2.jpg\",\"articleSection\":[\"Noticias\"],\"inLanguage\":\"pt-BR\",\"potentialAction\":[{\"@type\":\"CommentAction\",\"name\":\"Comment\",\"target\":[\"https:\/\/www.sitsesp.org.br\/novo\/sitsesp-informa-nao-e-oficial-o-ato-que-esta-sendo-chamado-nesta-sexta-feira-12-05-no-masp\/#respond\"]}]},{\"@type\":\"WebPage\",\"@id\":\"https:\/\/www.sitsesp.org.br\/novo\/sitsesp-informa-nao-e-oficial-o-ato-que-esta-sendo-chamado-nesta-sexta-feira-12-05-no-masp\/\",\"url\":\"https:\/\/www.sitsesp.org.br\/novo\/sitsesp-informa-nao-e-oficial-o-ato-que-esta-sendo-chamado-nesta-sexta-feira-12-05-no-masp\/\",\"name\":\"SITSESP INFORMA | N\u00e3o \u00e9 oficial o ato que est\u00e1 sendo chamado nesta sexta-feira 12\/05 no MASP - SITSESP\",\"isPartOf\":{\"@id\":\"https:\/\/www.sitsesp.org.br\/novo\/#website\"},\"primaryImageOfPage\":{\"@id\":\"https:\/\/www.sitsesp.org.br\/novo\/sitsesp-informa-nao-e-oficial-o-ato-que-esta-sendo-chamado-nesta-sexta-feira-12-05-no-masp\/#primaryimage\"},\"image\":{\"@id\":\"https:\/\/www.sitsesp.org.br\/novo\/sitsesp-informa-nao-e-oficial-o-ato-que-esta-sendo-chamado-nesta-sexta-feira-12-05-no-masp\/#primaryimage\"},\"thumbnailUrl\":\"https:\/\/www.sitsesp.org.br\/novo\/wp-content\/uploads\/2023\/05\/fn2.jpg\",\"datePublished\":\"2023-05-11T12:09:23+00:00\",\"dateModified\":\"2023-05-11T12:09:23+00:00\",\"breadcrumb\":{\"@id\":\"https:\/\/www.sitsesp.org.br\/novo\/sitsesp-informa-nao-e-oficial-o-ato-que-esta-sendo-chamado-nesta-sexta-feira-12-05-no-masp\/#breadcrumb\"},\"inLanguage\":\"pt-BR\",\"potentialAction\":[{\"@type\":\"ReadAction\",\"target\":[\"https:\/\/www.sitsesp.org.br\/novo\/sitsesp-informa-nao-e-oficial-o-ato-que-esta-sendo-chamado-nesta-sexta-feira-12-05-no-masp\/\"]}]},{\"@type\":\"ImageObject\",\"inLanguage\":\"pt-BR\",\"@id\":\"https:\/\/www.sitsesp.org.br\/novo\/sitsesp-informa-nao-e-oficial-o-ato-que-esta-sendo-chamado-nesta-sexta-feira-12-05-no-masp\/#primaryimage\",\"url\":\"https:\/\/www.sitsesp.org.br\/novo\/wp-content\/uploads\/2023\/05\/fn2.jpg\",\"contentUrl\":\"https:\/\/www.sitsesp.org.br\/novo\/wp-content\/uploads\/2023\/05\/fn2.jpg\",\"width\":800,\"height\":800},{\"@type\":\"BreadcrumbList\",\"@id\":\"https:\/\/www.sitsesp.org.br\/novo\/sitsesp-informa-nao-e-oficial-o-ato-que-esta-sendo-chamado-nesta-sexta-feira-12-05-no-masp\/#breadcrumb\",\"itemListElement\":[{\"@type\":\"ListItem\",\"position\":1,\"name\":\"In\u00edcio\",\"item\":\"https:\/\/www.sitsesp.org.br\/novo\/\"},{\"@type\":\"ListItem\",\"position\":2,\"name\":\"SITSESP INFORMA | N\u00e3o \u00e9 oficial o ato que est\u00e1 sendo chamado nesta sexta-feira 12\/05 no MASP\"}]},{\"@type\":\"WebSite\",\"@id\":\"https:\/\/www.sitsesp.org.br\/novo\/#website\",\"url\":\"https:\/\/www.sitsesp.org.br\/novo\/\",\"name\":\"Sitsesp\",\"description\":\"SIndicato da Socioeduca\u00e7\u00e3o do Estado de S\u00e3o Paulo\",\"publisher\":{\"@id\":\"https:\/\/www.sitsesp.org.br\/novo\/#organization\"},\"potentialAction\":[{\"@type\":\"SearchAction\",\"target\":{\"@type\":\"EntryPoint\",\"urlTemplate\":\"https:\/\/www.sitsesp.org.br\/novo\/?s={search_term_string}\"},\"query-input\":\"required name=search_term_string\"}],\"inLanguage\":\"pt-BR\"},{\"@type\":\"Organization\",\"@id\":\"https:\/\/www.sitsesp.org.br\/novo\/#organization\",\"name\":\"Sitsesp\",\"url\":\"https:\/\/www.sitsesp.org.br\/novo\/\",\"logo\":{\"@type\":\"ImageObject\",\"inLanguage\":\"pt-BR\",\"@id\":\"https:\/\/www.sitsesp.org.br\/novo\/#\/schema\/logo\/image\/\",\"url\":\"https:\/\/www.sitsesp.org.br\/novo\/wp-content\/uploads\/2020\/09\/Design-sem-nome-1.jpg\",\"contentUrl\":\"https:\/\/www.sitsesp.org.br\/novo\/wp-content\/uploads\/2020\/09\/Design-sem-nome-1.jpg\",\"width\":300,\"height\":300,\"caption\":\"Sitsesp\"},\"image\":{\"@id\":\"https:\/\/www.sitsesp.org.br\/novo\/#\/schema\/logo\/image\/\"}},{\"@type\":\"Person\",\"@id\":\"https:\/\/www.sitsesp.org.br\/novo\/#\/schema\/person\/28e42eec160f373e81d0183b3643edbf\",\"name\":\"imprensa\",\"image\":{\"@type\":\"ImageObject\",\"inLanguage\":\"pt-BR\",\"@id\":\"https:\/\/www.sitsesp.org.br\/novo\/#\/schema\/person\/image\/\",\"url\":\"https:\/\/secure.gravatar.com\/avatar\/8d6ccd8d7d52b8959f34154e87d3fa29?s=96&d=mm&r=g\",\"contentUrl\":\"https:\/\/secure.gravatar.com\/avatar\/8d6ccd8d7d52b8959f34154e87d3fa29?s=96&d=mm&r=g\",\"caption\":\"imprensa\"}}]}<\/script>\n<!-- \/ Yoast SEO plugin. -->","yoast_head_json":{"title":"SITSESP INFORMA | N\u00e3o \u00e9 oficial o ato que est\u00e1 sendo chamado nesta sexta-feira 12\/05 no MASP - SITSESP","robots":{"index":"index","follow":"follow","max-snippet":"max-snippet:-1","max-image-preview":"max-image-preview:large","max-video-preview":"max-video-preview:-1"},"canonical":"https:\/\/www.sitsesp.org.br\/novo\/sitsesp-informa-nao-e-oficial-o-ato-que-esta-sendo-chamado-nesta-sexta-feira-12-05-no-masp\/","og_locale":"pt_BR","og_type":"article","og_title":"SITSESP INFORMA | N\u00e3o \u00e9 oficial o ato que est\u00e1 sendo chamado nesta sexta-feira 12\/05 no MASP - SITSESP","og_description":"Mais uma vez o SITSESP vem informar a categoria que s\u00f3 a Imprensa Sindical SITSESP coloca no site e nas redes&hellip;","og_url":"https:\/\/www.sitsesp.org.br\/novo\/sitsesp-informa-nao-e-oficial-o-ato-que-esta-sendo-chamado-nesta-sexta-feira-12-05-no-masp\/","og_site_name":"SITSESP","article_published_time":"2023-05-11T12:09:23+00:00","og_image":[{"width":800,"height":800,"url":"https:\/\/www.sitsesp.org.br\/novo\/wp-content\/uploads\/2023\/05\/fn2.jpg","type":"image\/jpeg"}],"author":"imprensa","twitter_card":"summary_large_image","twitter_misc":{"Escrito por":"imprensa","Est. tempo de leitura":"1 minuto"},"schema":{"@context":"https:\/\/schema.org","@graph":[{"@type":"Article","@id":"https:\/\/www.sitsesp.org.br\/novo\/sitsesp-informa-nao-e-oficial-o-ato-que-esta-sendo-chamado-nesta-sexta-feira-12-05-no-masp\/#article","isPartOf":{"@id":"https:\/\/www.sitsesp.org.br\/novo\/sitsesp-informa-nao-e-oficial-o-ato-que-esta-sendo-chamado-nesta-sexta-feira-12-05-no-masp\/"},"author":{"name":"imprensa","@id":"https:\/\/www.sitsesp.org.br\/novo\/#\/schema\/person\/28e42eec160f373e81d0183b3643edbf"},"headline":"SITSESP INFORMA | N\u00e3o \u00e9 oficial o ato que est\u00e1 sendo chamado nesta sexta-feira 12\/05 no MASP","datePublished":"2023-05-11T12:09:23+00:00","dateModified":"2023-05-11T12:09:23+00:00","mainEntityOfPage":{"@id":"https:\/\/www.sitsesp.org.br\/novo\/sitsesp-informa-nao-e-oficial-o-ato-que-esta-sendo-chamado-nesta-sexta-feira-12-05-no-masp\/"},"wordCount":185,"commentCount":0,"publisher":{"@id":"https:\/\/www.sitsesp.org.br\/novo\/#organization"},"image":{"@id":"https:\/\/www.sitsesp.org.br\/novo\/sitsesp-informa-nao-e-oficial-o-ato-que-esta-sendo-chamado-nesta-sexta-feira-12-05-no-masp\/#primaryimage"},"thumbnailUrl":"https:\/\/www.sitsesp.org.br\/novo\/wp-content\/uploads\/2023\/05\/fn2.jpg","articleSection":["Noticias"],"inLanguage":"pt-BR","potentialAction":[{"@type":"CommentAction","name":"Comment","target":["https:\/\/www.sitsesp.org.br\/novo\/sitsesp-informa-nao-e-oficial-o-ato-que-esta-sendo-chamado-nesta-sexta-feira-12-05-no-masp\/#respond"]}]},{"@type":"WebPage","@id":"https:\/\/www.sitsesp.org.br\/novo\/sitsesp-informa-nao-e-oficial-o-ato-que-esta-sendo-chamado-nesta-sexta-feira-12-05-no-masp\/","url":"https:\/\/www.sitsesp.org.br\/novo\/sitsesp-informa-nao-e-oficial-o-ato-que-esta-sendo-chamado-nesta-sexta-feira-12-05-no-masp\/","name":"SITSESP INFORMA | N\u00e3o \u00e9 oficial o ato que est\u00e1 sendo chamado nesta sexta-feira 12\/05 no MASP - SITSESP","isPartOf":{"@id":"https:\/\/www.sitsesp.org.br\/novo\/#website"},"primaryImageOfPage":{"@id":"https:\/\/www.sitsesp.org.br\/novo\/sitsesp-informa-nao-e-oficial-o-ato-que-esta-sendo-chamado-nesta-sexta-feira-12-05-no-masp\/#primaryimage"},"image":{"@id":"https:\/\/www.sitsesp.org.br\/novo\/sitsesp-informa-nao-e-oficial-o-ato-que-esta-sendo-chamado-nesta-sexta-feira-12-05-no-masp\/#primaryimage"},"thumbnailUrl":"https:\/\/www.sitsesp.org.br\/novo\/wp-content\/uploads\/2023\/05\/fn2.jpg","datePublished":"2023-05-11T12:09:23+00:00","dateModified":"2023-05-11T12:09:23+00:00","breadcrumb":{"@id":"https:\/\/www.sitsesp.org.br\/novo\/sitsesp-informa-nao-e-oficial-o-ato-que-esta-sendo-chamado-nesta-sexta-feira-12-05-no-masp\/#breadcrumb"},"inLanguage":"pt-BR","potentialAction":[{"@type":"ReadAction","target":["https:\/\/www.sitsesp.org.br\/novo\/sitsesp-informa-nao-e-oficial-o-ato-que-esta-sendo-chamado-nesta-sexta-feira-12-05-no-masp\/"]}]},{"@type":"ImageObject","inLanguage":"pt-BR","@id":"https:\/\/www.sitsesp.org.br\/novo\/sitsesp-informa-nao-e-oficial-o-ato-que-esta-sendo-chamado-nesta-sexta-feira-12-05-no-masp\/#primaryimage","url":"https:\/\/www.sitsesp.org.br\/novo\/wp-content\/uploads\/2023\/05\/fn2.jpg","contentUrl":"https:\/\/www.sitsesp.org.br\/novo\/wp-content\/uploads\/2023\/05\/fn2.jpg","width":800,"height":800},{"@type":"BreadcrumbList","@id":"https:\/\/www.sitsesp.org.br\/novo\/sitsesp-informa-nao-e-oficial-o-ato-que-esta-sendo-chamado-nesta-sexta-feira-12-05-no-masp\/#breadcrumb","itemListElement":[{"@type":"ListItem","position":1,"name":"In\u00edcio","item":"https:\/\/www.sitsesp.org.br\/novo\/"},{"@type":"ListItem","position":2,"name":"SITSESP INFORMA | N\u00e3o \u00e9 oficial o ato que est\u00e1 sendo chamado nesta sexta-feira 12\/05 no MASP"}]},{"@type":"WebSite","@id":"https:\/\/www.sitsesp.org.br\/novo\/#website","url":"https:\/\/www.sitsesp.org.br\/novo\/","name":"Sitsesp","description":"SIndicato da Socioeduca\u00e7\u00e3o do Estado de S\u00e3o Paulo","publisher":{"@id":"https:\/\/www.sitsesp.org.br\/novo\/#organization"},"potentialAction":[{"@type":"SearchAction","target":{"@type":"EntryPoint","urlTemplate":"https:\/\/www.sitsesp.org.br\/novo\/?s={search_term_string}"},"query-input":"required name=search_term_string"}],"inLanguage":"pt-BR"},{"@type":"Organization","@id":"https:\/\/www.sitsesp.org.br\/novo\/#organization","name":"Sitsesp","url":"https:\/\/www.sitsesp.org.br\/novo\/","logo":{"@type":"ImageObject","inLanguage":"pt-BR","@id":"https:\/\/www.sitsesp.org.br\/novo\/#\/schema\/logo\/image\/","url":"https:\/\/www.sitsesp.org.br\/novo\/wp-content\/uploads\/2020\/09\/Design-sem-nome-1.jpg","contentUrl":"https:\/\/www.sitsesp.org.br\/novo\/wp-content\/uploads\/2020\/09\/Design-sem-nome-1.jpg","width":300,"height":300,"caption":"Sitsesp"},"image":{"@id":"https:\/\/www.sitsesp.org.br\/novo\/#\/schema\/logo\/image\/"}},{"@type":"Person","@id":"https:\/\/www.sitsesp.org.br\/novo\/#\/schema\/person\/28e42eec160f373e81d0183b3643edbf","name":"imprensa","image":{"@type":"ImageObject","inLanguage":"pt-BR","@id":"https:\/\/www.sitsesp.org.br\/novo\/#\/schema\/person\/image\/","url":"https:\/\/secure.gravatar.com\/avatar\/8d6ccd8d7d52b8959f34154e87d3fa29?s=96&d=mm&r=g","contentUrl":"https:\/\/secure.gravatar.com\/avatar\/8d6ccd8d7d52b8959f34154e87d3fa29?s=96&d=mm&r=g","caption":"imprensa"}}]}},"_links":{"self":[{"href":"https:\/\/www.sitsesp.org.br\/novo\/wp-json\/wp\/v2\/posts\/11208"}],"collection":[{"href":"https:\/\/www.sitsesp.org.br\/novo\/wp-json\/wp\/v2\/posts"}],"about":[{"href":"https:\/\/www.sitsesp.org.br\/novo\/wp-json\/wp\/v2\/types\/post"}],"author":[{"embeddable":true,"href":"https:\/\/www.sitsesp.org.br\/novo\/wp-json\/wp\/v2\/users\/5"}],"replies":[{"embeddable":true,"href":"https:\/\/www.sitsesp.org.br\/novo\/wp-json\/wp\/v2\/comments?post=11208"}],"version-history":[{"count":1,"href":"https:\/\/www.sitsesp.org.br\/novo\/wp-json\/wp\/v2\/posts\/11208\/revisions"}],"predecessor-version":[{"id":11211,"href":"https:\/\/www.sitsesp.org.br\/novo\/wp-json\/wp\/v2\/posts\/11208\/revisions\/11211"}],"wp:featuredmedia":[{"embeddable":true,"href":"https:\/\/www.sitsesp.org.br\/novo\/wp-json\/wp\/v2\/media\/11210"}],"wp:attachment":[{"href":"https:\/\/www.sitsesp.org.br\/novo\/wp-json\/wp\/v2\/media?parent=11208"}],"wp:term":[{"taxonomy":"category","embeddable":true,"href":"https:\/\/www.sitsesp.org.br\/novo\/wp-json\/wp\/v2\/categories?post=11208"},{"taxonomy":"post_tag","embeddable":true,"href":"https:\/\/www.sitsesp.org.br\/novo\/wp-json\/wp\/v2\/tags?post=11208"}],"curies":[{"name":"wp","href":"https:\/\/api.w.org\/{rel}","templated":true}]}}