{"id":11865,"date":"2023-06-28T12:18:08","date_gmt":"2023-06-28T15:18:08","guid":{"rendered":"https:\/\/sitsesp.org.br\/novo\/?p=11865"},"modified":"2023-06-28T12:18:08","modified_gmt":"2023-06-28T15:18:08","slug":"mais-um-caso-de-omissao-na-seguranca-do-trabalhador","status":"publish","type":"post","link":"https:\/\/www.sitsesp.org.br\/novo\/mais-um-caso-de-omissao-na-seguranca-do-trabalhador\/","title":{"rendered":"MAIS UM CASO DE OMISS\u00c3O NA SEGURAN\u00c7A DO TRABALHADOR"},"content":{"rendered":"<p><!-- VideographyWP Plugin Message: Automatic video embedding prevented by plugin options. --><\/p>\n<div><\/div>\n<div>Chegou ao conhecimento da entidade sindical, atrav\u00e9s dos servidores do CASA Semiliberdade de S\u00e3o Jos\u00e9 do Rio Preto, que no dia 13 de junho, em uma sa\u00edda cultural, um Agente de Apoio Socioeducativo e uma Agente Educacional se dirigiam, a p\u00e9, para um museu na cidade de S\u00e3o Jos\u00e9 do Rio Preto com seis adolescentes quando dois indiv\u00edduos, dentro de um ve\u00edculo, passaram pelo grupo e fizeram men\u00e7\u00e3o de tentar algo contra um dos adolescentes.<\/div>\n<div><\/div>\n<div>Este adolescente, percebendo que alguma coisa poderia acontecer com ele, se escondeu atr\u00e1s dos canteiros da prefeitura da cidade e informou ao agente que se eles voltassem, fugiria correndo. Naquela cidade existe uma grande rivalidade entre quadrilhas de adolescentes por bairros rivais e grande parte desses adolescentes est\u00e3o internados no Complexo Rio Preto e na Semiliberdade.<\/div>\n<div><\/div>\n<div>Este fato \u00e9 s\u00f3 mais um que acontece dentro e fora da Funda\u00e7\u00e3o CASA. A omiss\u00e3o da Funda\u00e7\u00e3o CASA \u00e9 recorrente, desta vez a gest\u00e3o patronal colocou os servidores para monitorar seis adolescentes, em uma situa\u00e7\u00e3o de risco, sem providenciar transporte que garanta a seguran\u00e7a dos servidores e adolescentes. A garantia do transporte \u00e9 o m\u00ednimo que deveria acontecer nos casos de atividades culturais e de lazer e n\u00e3o caminhar livremente pelas cal\u00e7adas da cidade com apenas um agente da seguran\u00e7a e uma educacional, colocando em grave risco de vida tanto os trabalhadores quanto os adolescentes em cust\u00f3dia do estado.<\/div>\n<div><\/div>\n<div>A categoria tem que dar um basta nessas situa\u00e7\u00f5es e o trabalhador n\u00e3o pode aceitar fazer um trabalho que poder\u00e1 ser fatal para sua vida, afinal a Funda\u00e7\u00e3o CASA e seus gestores n\u00e3o est\u00e3o preocupados com a vida de seus pares no trabalho e, sim, com seus cargos comissionados e seus sal\u00e1rios.<\/div>\n<div><\/div>\n<div>E \u00e9 fato, tamb\u00e9m, que se houver fuga durante este procedimento absurdo, \u00e9 o servidor que ser\u00e1 punido pela omiss\u00e3o e pelo descaso que a Funda\u00e7\u00e3o CASA e seus gestores t\u00eam pela vida do trabalhador.<\/div>\n<div><\/div>\n<div>O servidor agiu de forma correta elaborando o termo circunstanciado e confeccionado um Boletim de Ocorr\u00eancia policial.<\/div>\n<div>Este \u00e9 o procedimento que o trabalhador deve tomar para resguardar, tanto sua vida, quanto das persegui\u00e7\u00f5es que sempre v\u00eam, pois os gestores n\u00e3o assumem a responsabilidade quando algo absurdo, como a situa\u00e7\u00e3o em que foi colocada esses trabalhadores, d\u00e1 errado. Os gestores sempre culpar\u00e3o o servidor.<\/div>\n<div><\/div>\n<div>O SITSESP, atrav\u00e9s do seu departamento jur\u00eddico, estar\u00e1 acompanhando o caso.<\/div>\n<div><\/div>\n<div><strong>O SITSESP \u00c9 DE TODOS, PARA TODOS, TRABALHANDO COM TODOS &#8211; SEJA UM FILIADO SITSESP E PARTICIPE DA LUTA<\/strong><\/div>\n","protected":false},"excerpt":{"rendered":"<p>Chegou ao conhecimento da entidade sindical, atrav\u00e9s dos servidores do CASA Semiliberdade de S\u00e3o Jos\u00e9 do Rio Preto, que no dia&hellip;<\/p>\n","protected":false},"author":5,"featured_media":11866,"comment_status":"open","ping_status":"open","sticky":false,"template":"","format":"standard","meta":{"cybocfi_hide_featured_image":"","footnotes":""},"categories":[27,22],"tags":[],"yoast_head":"<!-- This site is optimized with the Yoast SEO plugin v22.8 - https:\/\/yoast.com\/wordpress\/plugins\/seo\/ -->\n<title>MAIS UM CASO DE OMISS\u00c3O NA SEGURAN\u00c7A DO TRABALHADOR - SITSESP<\/title>\n<meta name=\"robots\" content=\"index, follow, max-snippet:-1, max-image-preview:large, max-video-preview:-1\" \/>\n<link rel=\"canonical\" href=\"https:\/\/www.sitsesp.org.br\/novo\/mais-um-caso-de-omissao-na-seguranca-do-trabalhador\/\" \/>\n<meta property=\"og:locale\" content=\"pt_BR\" \/>\n<meta property=\"og:type\" content=\"article\" \/>\n<meta property=\"og:title\" content=\"MAIS UM CASO DE OMISS\u00c3O NA SEGURAN\u00c7A DO TRABALHADOR - SITSESP\" \/>\n<meta property=\"og:description\" content=\"Chegou ao conhecimento da entidade sindical, atrav\u00e9s dos servidores do CASA Semiliberdade de S\u00e3o Jos\u00e9 do Rio Preto, que no dia&hellip;\" \/>\n<meta property=\"og:url\" content=\"https:\/\/www.sitsesp.org.br\/novo\/mais-um-caso-de-omissao-na-seguranca-do-trabalhador\/\" \/>\n<meta property=\"og:site_name\" content=\"SITSESP\" \/>\n<meta property=\"article:published_time\" content=\"2023-06-28T15:18:08+00:00\" \/>\n<meta property=\"og:image\" content=\"https:\/\/www.sitsesp.org.br\/novo\/wp-content\/uploads\/2023\/06\/2806.jpg\" \/>\n\t<meta property=\"og:image:width\" content=\"800\" \/>\n\t<meta property=\"og:image:height\" content=\"800\" \/>\n\t<meta property=\"og:image:type\" content=\"image\/jpeg\" \/>\n<meta name=\"author\" content=\"imprensa\" \/>\n<meta name=\"twitter:card\" content=\"summary_large_image\" \/>\n<meta name=\"twitter:label1\" content=\"Escrito por\" \/>\n\t<meta name=\"twitter:data1\" content=\"imprensa\" \/>\n\t<meta name=\"twitter:label2\" content=\"Est. tempo de leitura\" \/>\n\t<meta name=\"twitter:data2\" content=\"2 minutos\" \/>\n<script type=\"application\/ld+json\" class=\"yoast-schema-graph\">{\"@context\":\"https:\/\/schema.org\",\"@graph\":[{\"@type\":\"Article\",\"@id\":\"https:\/\/www.sitsesp.org.br\/novo\/mais-um-caso-de-omissao-na-seguranca-do-trabalhador\/#article\",\"isPartOf\":{\"@id\":\"https:\/\/www.sitsesp.org.br\/novo\/mais-um-caso-de-omissao-na-seguranca-do-trabalhador\/\"},\"author\":{\"name\":\"imprensa\",\"@id\":\"https:\/\/www.sitsesp.org.br\/novo\/#\/schema\/person\/28e42eec160f373e81d0183b3643edbf\"},\"headline\":\"MAIS UM CASO DE OMISS\u00c3O NA SEGURAN\u00c7A DO TRABALHADOR\",\"datePublished\":\"2023-06-28T15:18:08+00:00\",\"dateModified\":\"2023-06-28T15:18:08+00:00\",\"mainEntityOfPage\":{\"@id\":\"https:\/\/www.sitsesp.org.br\/novo\/mais-um-caso-de-omissao-na-seguranca-do-trabalhador\/\"},\"wordCount\":453,\"commentCount\":0,\"publisher\":{\"@id\":\"https:\/\/www.sitsesp.org.br\/novo\/#organization\"},\"image\":{\"@id\":\"https:\/\/www.sitsesp.org.br\/novo\/mais-um-caso-de-omissao-na-seguranca-do-trabalhador\/#primaryimage\"},\"thumbnailUrl\":\"https:\/\/www.sitsesp.org.br\/novo\/wp-content\/uploads\/2023\/06\/2806.jpg\",\"articleSection\":[\"Destaque\",\"Noticias\"],\"inLanguage\":\"pt-BR\",\"potentialAction\":[{\"@type\":\"CommentAction\",\"name\":\"Comment\",\"target\":[\"https:\/\/www.sitsesp.org.br\/novo\/mais-um-caso-de-omissao-na-seguranca-do-trabalhador\/#respond\"]}]},{\"@type\":\"WebPage\",\"@id\":\"https:\/\/www.sitsesp.org.br\/novo\/mais-um-caso-de-omissao-na-seguranca-do-trabalhador\/\",\"url\":\"https:\/\/www.sitsesp.org.br\/novo\/mais-um-caso-de-omissao-na-seguranca-do-trabalhador\/\",\"name\":\"MAIS UM CASO DE OMISS\u00c3O NA SEGURAN\u00c7A DO TRABALHADOR - SITSESP\",\"isPartOf\":{\"@id\":\"https:\/\/www.sitsesp.org.br\/novo\/#website\"},\"primaryImageOfPage\":{\"@id\":\"https:\/\/www.sitsesp.org.br\/novo\/mais-um-caso-de-omissao-na-seguranca-do-trabalhador\/#primaryimage\"},\"image\":{\"@id\":\"https:\/\/www.sitsesp.org.br\/novo\/mais-um-caso-de-omissao-na-seguranca-do-trabalhador\/#primaryimage\"},\"thumbnailUrl\":\"https:\/\/www.sitsesp.org.br\/novo\/wp-content\/uploads\/2023\/06\/2806.jpg\",\"datePublished\":\"2023-06-28T15:18:08+00:00\",\"dateModified\":\"2023-06-28T15:18:08+00:00\",\"breadcrumb\":{\"@id\":\"https:\/\/www.sitsesp.org.br\/novo\/mais-um-caso-de-omissao-na-seguranca-do-trabalhador\/#breadcrumb\"},\"inLanguage\":\"pt-BR\",\"potentialAction\":[{\"@type\":\"ReadAction\",\"target\":[\"https:\/\/www.sitsesp.org.br\/novo\/mais-um-caso-de-omissao-na-seguranca-do-trabalhador\/\"]}]},{\"@type\":\"ImageObject\",\"inLanguage\":\"pt-BR\",\"@id\":\"https:\/\/www.sitsesp.org.br\/novo\/mais-um-caso-de-omissao-na-seguranca-do-trabalhador\/#primaryimage\",\"url\":\"https:\/\/www.sitsesp.org.br\/novo\/wp-content\/uploads\/2023\/06\/2806.jpg\",\"contentUrl\":\"https:\/\/www.sitsesp.org.br\/novo\/wp-content\/uploads\/2023\/06\/2806.jpg\",\"width\":800,\"height\":800},{\"@type\":\"BreadcrumbList\",\"@id\":\"https:\/\/www.sitsesp.org.br\/novo\/mais-um-caso-de-omissao-na-seguranca-do-trabalhador\/#breadcrumb\",\"itemListElement\":[{\"@type\":\"ListItem\",\"position\":1,\"name\":\"In\u00edcio\",\"item\":\"https:\/\/www.sitsesp.org.br\/novo\/\"},{\"@type\":\"ListItem\",\"position\":2,\"name\":\"MAIS UM CASO DE OMISS\u00c3O NA SEGURAN\u00c7A DO TRABALHADOR\"}]},{\"@type\":\"WebSite\",\"@id\":\"https:\/\/www.sitsesp.org.br\/novo\/#website\",\"url\":\"https:\/\/www.sitsesp.org.br\/novo\/\",\"name\":\"Sitsesp\",\"description\":\"SIndicato da Socioeduca\u00e7\u00e3o do Estado de S\u00e3o Paulo\",\"publisher\":{\"@id\":\"https:\/\/www.sitsesp.org.br\/novo\/#organization\"},\"potentialAction\":[{\"@type\":\"SearchAction\",\"target\":{\"@type\":\"EntryPoint\",\"urlTemplate\":\"https:\/\/www.sitsesp.org.br\/novo\/?s={search_term_string}\"},\"query-input\":\"required name=search_term_string\"}],\"inLanguage\":\"pt-BR\"},{\"@type\":\"Organization\",\"@id\":\"https:\/\/www.sitsesp.org.br\/novo\/#organization\",\"name\":\"Sitsesp\",\"url\":\"https:\/\/www.sitsesp.org.br\/novo\/\",\"logo\":{\"@type\":\"ImageObject\",\"inLanguage\":\"pt-BR\",\"@id\":\"https:\/\/www.sitsesp.org.br\/novo\/#\/schema\/logo\/image\/\",\"url\":\"https:\/\/www.sitsesp.org.br\/novo\/wp-content\/uploads\/2020\/09\/Design-sem-nome-1.jpg\",\"contentUrl\":\"https:\/\/www.sitsesp.org.br\/novo\/wp-content\/uploads\/2020\/09\/Design-sem-nome-1.jpg\",\"width\":300,\"height\":300,\"caption\":\"Sitsesp\"},\"image\":{\"@id\":\"https:\/\/www.sitsesp.org.br\/novo\/#\/schema\/logo\/image\/\"}},{\"@type\":\"Person\",\"@id\":\"https:\/\/www.sitsesp.org.br\/novo\/#\/schema\/person\/28e42eec160f373e81d0183b3643edbf\",\"name\":\"imprensa\",\"image\":{\"@type\":\"ImageObject\",\"inLanguage\":\"pt-BR\",\"@id\":\"https:\/\/www.sitsesp.org.br\/novo\/#\/schema\/person\/image\/\",\"url\":\"https:\/\/secure.gravatar.com\/avatar\/8d6ccd8d7d52b8959f34154e87d3fa29?s=96&d=mm&r=g\",\"contentUrl\":\"https:\/\/secure.gravatar.com\/avatar\/8d6ccd8d7d52b8959f34154e87d3fa29?s=96&d=mm&r=g\",\"caption\":\"imprensa\"}}]}<\/script>\n<!-- \/ Yoast SEO plugin. -->","yoast_head_json":{"title":"MAIS UM CASO DE OMISS\u00c3O NA SEGURAN\u00c7A DO TRABALHADOR - SITSESP","robots":{"index":"index","follow":"follow","max-snippet":"max-snippet:-1","max-image-preview":"max-image-preview:large","max-video-preview":"max-video-preview:-1"},"canonical":"https:\/\/www.sitsesp.org.br\/novo\/mais-um-caso-de-omissao-na-seguranca-do-trabalhador\/","og_locale":"pt_BR","og_type":"article","og_title":"MAIS UM CASO DE OMISS\u00c3O NA SEGURAN\u00c7A DO TRABALHADOR - SITSESP","og_description":"Chegou ao conhecimento da entidade sindical, atrav\u00e9s dos servidores do CASA Semiliberdade de S\u00e3o Jos\u00e9 do Rio Preto, que no dia&hellip;","og_url":"https:\/\/www.sitsesp.org.br\/novo\/mais-um-caso-de-omissao-na-seguranca-do-trabalhador\/","og_site_name":"SITSESP","article_published_time":"2023-06-28T15:18:08+00:00","og_image":[{"width":800,"height":800,"url":"https:\/\/www.sitsesp.org.br\/novo\/wp-content\/uploads\/2023\/06\/2806.jpg","type":"image\/jpeg"}],"author":"imprensa","twitter_card":"summary_large_image","twitter_misc":{"Escrito por":"imprensa","Est. tempo de leitura":"2 minutos"},"schema":{"@context":"https:\/\/schema.org","@graph":[{"@type":"Article","@id":"https:\/\/www.sitsesp.org.br\/novo\/mais-um-caso-de-omissao-na-seguranca-do-trabalhador\/#article","isPartOf":{"@id":"https:\/\/www.sitsesp.org.br\/novo\/mais-um-caso-de-omissao-na-seguranca-do-trabalhador\/"},"author":{"name":"imprensa","@id":"https:\/\/www.sitsesp.org.br\/novo\/#\/schema\/person\/28e42eec160f373e81d0183b3643edbf"},"headline":"MAIS UM CASO DE OMISS\u00c3O NA SEGURAN\u00c7A DO TRABALHADOR","datePublished":"2023-06-28T15:18:08+00:00","dateModified":"2023-06-28T15:18:08+00:00","mainEntityOfPage":{"@id":"https:\/\/www.sitsesp.org.br\/novo\/mais-um-caso-de-omissao-na-seguranca-do-trabalhador\/"},"wordCount":453,"commentCount":0,"publisher":{"@id":"https:\/\/www.sitsesp.org.br\/novo\/#organization"},"image":{"@id":"https:\/\/www.sitsesp.org.br\/novo\/mais-um-caso-de-omissao-na-seguranca-do-trabalhador\/#primaryimage"},"thumbnailUrl":"https:\/\/www.sitsesp.org.br\/novo\/wp-content\/uploads\/2023\/06\/2806.jpg","articleSection":["Destaque","Noticias"],"inLanguage":"pt-BR","potentialAction":[{"@type":"CommentAction","name":"Comment","target":["https:\/\/www.sitsesp.org.br\/novo\/mais-um-caso-de-omissao-na-seguranca-do-trabalhador\/#respond"]}]},{"@type":"WebPage","@id":"https:\/\/www.sitsesp.org.br\/novo\/mais-um-caso-de-omissao-na-seguranca-do-trabalhador\/","url":"https:\/\/www.sitsesp.org.br\/novo\/mais-um-caso-de-omissao-na-seguranca-do-trabalhador\/","name":"MAIS UM CASO DE OMISS\u00c3O NA SEGURAN\u00c7A DO TRABALHADOR - SITSESP","isPartOf":{"@id":"https:\/\/www.sitsesp.org.br\/novo\/#website"},"primaryImageOfPage":{"@id":"https:\/\/www.sitsesp.org.br\/novo\/mais-um-caso-de-omissao-na-seguranca-do-trabalhador\/#primaryimage"},"image":{"@id":"https:\/\/www.sitsesp.org.br\/novo\/mais-um-caso-de-omissao-na-seguranca-do-trabalhador\/#primaryimage"},"thumbnailUrl":"https:\/\/www.sitsesp.org.br\/novo\/wp-content\/uploads\/2023\/06\/2806.jpg","datePublished":"2023-06-28T15:18:08+00:00","dateModified":"2023-06-28T15:18:08+00:00","breadcrumb":{"@id":"https:\/\/www.sitsesp.org.br\/novo\/mais-um-caso-de-omissao-na-seguranca-do-trabalhador\/#breadcrumb"},"inLanguage":"pt-BR","potentialAction":[{"@type":"ReadAction","target":["https:\/\/www.sitsesp.org.br\/novo\/mais-um-caso-de-omissao-na-seguranca-do-trabalhador\/"]}]},{"@type":"ImageObject","inLanguage":"pt-BR","@id":"https:\/\/www.sitsesp.org.br\/novo\/mais-um-caso-de-omissao-na-seguranca-do-trabalhador\/#primaryimage","url":"https:\/\/www.sitsesp.org.br\/novo\/wp-content\/uploads\/2023\/06\/2806.jpg","contentUrl":"https:\/\/www.sitsesp.org.br\/novo\/wp-content\/uploads\/2023\/06\/2806.jpg","width":800,"height":800},{"@type":"BreadcrumbList","@id":"https:\/\/www.sitsesp.org.br\/novo\/mais-um-caso-de-omissao-na-seguranca-do-trabalhador\/#breadcrumb","itemListElement":[{"@type":"ListItem","position":1,"name":"In\u00edcio","item":"https:\/\/www.sitsesp.org.br\/novo\/"},{"@type":"ListItem","position":2,"name":"MAIS UM CASO DE OMISS\u00c3O NA SEGURAN\u00c7A DO TRABALHADOR"}]},{"@type":"WebSite","@id":"https:\/\/www.sitsesp.org.br\/novo\/#website","url":"https:\/\/www.sitsesp.org.br\/novo\/","name":"Sitsesp","description":"SIndicato da Socioeduca\u00e7\u00e3o do Estado de S\u00e3o Paulo","publisher":{"@id":"https:\/\/www.sitsesp.org.br\/novo\/#organization"},"potentialAction":[{"@type":"SearchAction","target":{"@type":"EntryPoint","urlTemplate":"https:\/\/www.sitsesp.org.br\/novo\/?s={search_term_string}"},"query-input":"required name=search_term_string"}],"inLanguage":"pt-BR"},{"@type":"Organization","@id":"https:\/\/www.sitsesp.org.br\/novo\/#organization","name":"Sitsesp","url":"https:\/\/www.sitsesp.org.br\/novo\/","logo":{"@type":"ImageObject","inLanguage":"pt-BR","@id":"https:\/\/www.sitsesp.org.br\/novo\/#\/schema\/logo\/image\/","url":"https:\/\/www.sitsesp.org.br\/novo\/wp-content\/uploads\/2020\/09\/Design-sem-nome-1.jpg","contentUrl":"https:\/\/www.sitsesp.org.br\/novo\/wp-content\/uploads\/2020\/09\/Design-sem-nome-1.jpg","width":300,"height":300,"caption":"Sitsesp"},"image":{"@id":"https:\/\/www.sitsesp.org.br\/novo\/#\/schema\/logo\/image\/"}},{"@type":"Person","@id":"https:\/\/www.sitsesp.org.br\/novo\/#\/schema\/person\/28e42eec160f373e81d0183b3643edbf","name":"imprensa","image":{"@type":"ImageObject","inLanguage":"pt-BR","@id":"https:\/\/www.sitsesp.org.br\/novo\/#\/schema\/person\/image\/","url":"https:\/\/secure.gravatar.com\/avatar\/8d6ccd8d7d52b8959f34154e87d3fa29?s=96&d=mm&r=g","contentUrl":"https:\/\/secure.gravatar.com\/avatar\/8d6ccd8d7d52b8959f34154e87d3fa29?s=96&d=mm&r=g","caption":"imprensa"}}]}},"_links":{"self":[{"href":"https:\/\/www.sitsesp.org.br\/novo\/wp-json\/wp\/v2\/posts\/11865"}],"collection":[{"href":"https:\/\/www.sitsesp.org.br\/novo\/wp-json\/wp\/v2\/posts"}],"about":[{"href":"https:\/\/www.sitsesp.org.br\/novo\/wp-json\/wp\/v2\/types\/post"}],"author":[{"embeddable":true,"href":"https:\/\/www.sitsesp.org.br\/novo\/wp-json\/wp\/v2\/users\/5"}],"replies":[{"embeddable":true,"href":"https:\/\/www.sitsesp.org.br\/novo\/wp-json\/wp\/v2\/comments?post=11865"}],"version-history":[{"count":1,"href":"https:\/\/www.sitsesp.org.br\/novo\/wp-json\/wp\/v2\/posts\/11865\/revisions"}],"predecessor-version":[{"id":11867,"href":"https:\/\/www.sitsesp.org.br\/novo\/wp-json\/wp\/v2\/posts\/11865\/revisions\/11867"}],"wp:featuredmedia":[{"embeddable":true,"href":"https:\/\/www.sitsesp.org.br\/novo\/wp-json\/wp\/v2\/media\/11866"}],"wp:attachment":[{"href":"https:\/\/www.sitsesp.org.br\/novo\/wp-json\/wp\/v2\/media?parent=11865"}],"wp:term":[{"taxonomy":"category","embeddable":true,"href":"https:\/\/www.sitsesp.org.br\/novo\/wp-json\/wp\/v2\/categories?post=11865"},{"taxonomy":"post_tag","embeddable":true,"href":"https:\/\/www.sitsesp.org.br\/novo\/wp-json\/wp\/v2\/tags?post=11865"}],"curies":[{"name":"wp","href":"https:\/\/api.w.org\/{rel}","templated":true}]}}