{"id":11868,"date":"2023-06-28T17:03:33","date_gmt":"2023-06-28T20:03:33","guid":{"rendered":"https:\/\/sitsesp.org.br\/novo\/?p=11868"},"modified":"2023-06-28T17:03:33","modified_gmt":"2023-06-28T20:03:33","slug":"urgente-julgamento-do-dissidio-e-favoravel-as-causas-da-categoria-socieducativa","status":"publish","type":"post","link":"https:\/\/www.sitsesp.org.br\/novo\/urgente-julgamento-do-dissidio-e-favoravel-as-causas-da-categoria-socieducativa\/","title":{"rendered":"URGENTE | JULGAMENTO DO DISS\u00cdDIO \u00c9 FAVOR\u00c1VEL \u00c0S CAUSAS DA CATEGORIA SOCIEDUCATIVA"},"content":{"rendered":"<p><!-- VideographyWP Plugin Message: Automatic video embedding prevented by plugin options. --><br \/>\nNa tarde de quarta-feira (28) aconteceu o julgamento do diss\u00eddio de greve da categoria socioeducativa. Ap\u00f3s intensos 38 dias de uma forte greve, com piquetes, atos e articula\u00e7\u00f5es pol\u00edticas, o TRT da Segunda Regi\u00e3o decidiu:<br \/>\n<strong>a)<\/strong> Que na assembleia da categoria que decidir\u00e1 sobre o movimento paredista, \u00e0s 20h, a recomenda\u00e7\u00e3o do sindicato \u00e9 pelo encerramento da greve e o retorno imediato ao trabalho a partir de amanh\u00e3, \u00e0s 07h da manh\u00e3.<br \/>\n<strong>b)<\/strong> Reajuste de 6% em todas \u00e0s cl\u00e1usulas econ\u00f4micas.<br \/>\n<strong>c)<\/strong> Que a greve \u00e9 declarada legal, n\u00e3o abusiva.<br \/>\n<strong>d)<\/strong> Que a Funda\u00e7\u00e3o CASA deve remunerar 100% dos dias parados e que a categoria dever\u00e1 compensar 50% dos dias parados.<br \/>\n<em>OBS: A compensa\u00e7\u00e3o das horas deve ocorrer em comum acordo entre as partes, sendo que poder\u00e1 ser imposto aos servidores, no m\u00e1ximo, 2 dias por m\u00eas de reposi\u00e7\u00e3o.<\/em><br \/>\n<strong>e)<\/strong> Manuten\u00e7\u00e3o de todas as cl\u00e1usulas sociais e ambientais.<\/p>\n<p>Na assembleia que ocorrer\u00e1 \u00e0s 20h prestaremos maiores informa\u00e7\u00f5es e esclareceremos as d\u00favidas.<\/p>\n<p>&nbsp;<\/p>\n<div id=\"penci-post-gallery__68133\" class=\"penci-post-gallery-container justified column-3\" data-height=\"150\" data-margin=\"3\"><a class=\"item-gallery-justified\" href=\"https:\/\/www.sitsesp.org.br\/novo\/wp-content\/uploads\/2023\/06\/WhatsApp-Image-2023-06-28-at-15.20.54.jpeg\"><img decoding=\"async\" src=\"https:\/\/www.sitsesp.org.br\/novo\/wp-content\/uploads\/2023\/06\/WhatsApp-Image-2023-06-28-at-15.20.54-585x329.jpeg\" alt=\"\" title=\"WhatsApp Image 2023-06-28 at 15.20.54\"><\/a><a class=\"item-gallery-justified\" href=\"https:\/\/www.sitsesp.org.br\/novo\/wp-content\/uploads\/2023\/06\/WhatsApp-Image-2023-06-28-at-15.51.26.jpeg\"><img decoding=\"async\" src=\"https:\/\/www.sitsesp.org.br\/novo\/wp-content\/uploads\/2023\/06\/WhatsApp-Image-2023-06-28-at-15.51.26-585x329.jpeg\" alt=\"\" title=\"WhatsApp Image 2023-06-28 at 15.51.26\"><\/a><a class=\"item-gallery-justified\" href=\"https:\/\/www.sitsesp.org.br\/novo\/wp-content\/uploads\/2023\/06\/WhatsApp-Image-2023-06-28-at-15.10.01.jpeg\"><img decoding=\"async\" src=\"https:\/\/www.sitsesp.org.br\/novo\/wp-content\/uploads\/2023\/06\/WhatsApp-Image-2023-06-28-at-15.10.01-585x329.jpeg\" alt=\"\" title=\"WhatsApp Image 2023-06-28 at 15.10.01\"><\/a><a class=\"item-gallery-justified\" href=\"https:\/\/www.sitsesp.org.br\/novo\/wp-content\/uploads\/2023\/06\/WhatsApp-Image-2023-06-28-at-15.10.15.jpeg\"><img decoding=\"async\" src=\"https:\/\/www.sitsesp.org.br\/novo\/wp-content\/uploads\/2023\/06\/WhatsApp-Image-2023-06-28-at-15.10.15-585x329.jpeg\" alt=\"\" title=\"WhatsApp Image 2023-06-28 at 15.10.15\"><\/a><a class=\"item-gallery-justified\" href=\"https:\/\/www.sitsesp.org.br\/novo\/wp-content\/uploads\/2023\/06\/WhatsApp-Image-2023-06-28-at-15.51.55.jpeg\"><img decoding=\"async\" src=\"https:\/\/www.sitsesp.org.br\/novo\/wp-content\/uploads\/2023\/06\/WhatsApp-Image-2023-06-28-at-15.51.55-585x329.jpeg\" alt=\"\" title=\"WhatsApp Image 2023-06-28 at 15.51.55\"><\/a><a class=\"item-gallery-justified\" href=\"https:\/\/www.sitsesp.org.br\/novo\/wp-content\/uploads\/2023\/06\/WhatsApp-Image-2023-06-28-at-15.51.47.jpeg\"><img decoding=\"async\" src=\"https:\/\/www.sitsesp.org.br\/novo\/wp-content\/uploads\/2023\/06\/WhatsApp-Image-2023-06-28-at-15.51.47-585x329.jpeg\" alt=\"\" title=\"WhatsApp Image 2023-06-28 at 15.51.47\"><\/a><\/div>\n<p><strong>O SITSESP \u00c9 DE TODOS, PARA TODOS, TRABALHANDO COM TODOS \u2013 SEJA UM FILIADO SITSESP E PARTICIPE DA LUTA<\/strong><\/p>\n","protected":false},"excerpt":{"rendered":"<p>Na tarde de quarta-feira (28) aconteceu o julgamento do diss\u00eddio de greve da categoria socioeducativa. Ap\u00f3s intensos 38 dias de uma&hellip;<\/p>\n","protected":false},"author":5,"featured_media":11875,"comment_status":"open","ping_status":"open","sticky":false,"template":"","format":"standard","meta":{"cybocfi_hide_featured_image":"","footnotes":""},"categories":[27,22],"tags":[],"yoast_head":"<!-- This site is optimized with the Yoast SEO plugin v22.8 - https:\/\/yoast.com\/wordpress\/plugins\/seo\/ -->\n<title>URGENTE | JULGAMENTO DO DISS\u00cdDIO \u00c9 FAVOR\u00c1VEL \u00c0S CAUSAS DA CATEGORIA SOCIEDUCATIVA - SITSESP<\/title>\n<meta name=\"robots\" content=\"index, follow, max-snippet:-1, max-image-preview:large, max-video-preview:-1\" \/>\n<link rel=\"canonical\" href=\"https:\/\/www.sitsesp.org.br\/novo\/urgente-julgamento-do-dissidio-e-favoravel-as-causas-da-categoria-socieducativa\/\" \/>\n<meta property=\"og:locale\" content=\"pt_BR\" \/>\n<meta property=\"og:type\" content=\"article\" \/>\n<meta property=\"og:title\" content=\"URGENTE | JULGAMENTO DO DISS\u00cdDIO \u00c9 FAVOR\u00c1VEL \u00c0S CAUSAS DA CATEGORIA SOCIEDUCATIVA - SITSESP\" \/>\n<meta property=\"og:description\" content=\"Na tarde de quarta-feira (28) aconteceu o julgamento do diss\u00eddio de greve da categoria socioeducativa. Ap\u00f3s intensos 38 dias de uma&hellip;\" \/>\n<meta property=\"og:url\" content=\"https:\/\/www.sitsesp.org.br\/novo\/urgente-julgamento-do-dissidio-e-favoravel-as-causas-da-categoria-socieducativa\/\" \/>\n<meta property=\"og:site_name\" content=\"SITSESP\" \/>\n<meta property=\"article:published_time\" content=\"2023-06-28T20:03:33+00:00\" \/>\n<meta property=\"og:image\" content=\"https:\/\/www.sitsesp.org.br\/novo\/wp-content\/uploads\/2023\/06\/trt2regiao.jpg\" \/>\n\t<meta property=\"og:image:width\" content=\"800\" \/>\n\t<meta property=\"og:image:height\" content=\"432\" \/>\n\t<meta property=\"og:image:type\" content=\"image\/jpeg\" \/>\n<meta name=\"author\" content=\"imprensa\" \/>\n<meta name=\"twitter:card\" content=\"summary_large_image\" \/>\n<meta name=\"twitter:label1\" content=\"Escrito por\" \/>\n\t<meta name=\"twitter:data1\" content=\"imprensa\" \/>\n\t<meta name=\"twitter:label2\" content=\"Est. tempo de leitura\" \/>\n\t<meta name=\"twitter:data2\" content=\"1 minuto\" \/>\n<script type=\"application\/ld+json\" class=\"yoast-schema-graph\">{\"@context\":\"https:\/\/schema.org\",\"@graph\":[{\"@type\":\"Article\",\"@id\":\"https:\/\/www.sitsesp.org.br\/novo\/urgente-julgamento-do-dissidio-e-favoravel-as-causas-da-categoria-socieducativa\/#article\",\"isPartOf\":{\"@id\":\"https:\/\/www.sitsesp.org.br\/novo\/urgente-julgamento-do-dissidio-e-favoravel-as-causas-da-categoria-socieducativa\/\"},\"author\":{\"name\":\"imprensa\",\"@id\":\"https:\/\/www.sitsesp.org.br\/novo\/#\/schema\/person\/28e42eec160f373e81d0183b3643edbf\"},\"headline\":\"URGENTE | JULGAMENTO DO DISS\u00cdDIO \u00c9 FAVOR\u00c1VEL \u00c0S CAUSAS DA CATEGORIA SOCIEDUCATIVA\",\"datePublished\":\"2023-06-28T20:03:33+00:00\",\"dateModified\":\"2023-06-28T20:03:33+00:00\",\"mainEntityOfPage\":{\"@id\":\"https:\/\/www.sitsesp.org.br\/novo\/urgente-julgamento-do-dissidio-e-favoravel-as-causas-da-categoria-socieducativa\/\"},\"wordCount\":205,\"commentCount\":0,\"publisher\":{\"@id\":\"https:\/\/www.sitsesp.org.br\/novo\/#organization\"},\"image\":{\"@id\":\"https:\/\/www.sitsesp.org.br\/novo\/urgente-julgamento-do-dissidio-e-favoravel-as-causas-da-categoria-socieducativa\/#primaryimage\"},\"thumbnailUrl\":\"https:\/\/www.sitsesp.org.br\/novo\/wp-content\/uploads\/2023\/06\/trt2regiao.jpg\",\"articleSection\":[\"Destaque\",\"Noticias\"],\"inLanguage\":\"pt-BR\",\"potentialAction\":[{\"@type\":\"CommentAction\",\"name\":\"Comment\",\"target\":[\"https:\/\/www.sitsesp.org.br\/novo\/urgente-julgamento-do-dissidio-e-favoravel-as-causas-da-categoria-socieducativa\/#respond\"]}]},{\"@type\":\"WebPage\",\"@id\":\"https:\/\/www.sitsesp.org.br\/novo\/urgente-julgamento-do-dissidio-e-favoravel-as-causas-da-categoria-socieducativa\/\",\"url\":\"https:\/\/www.sitsesp.org.br\/novo\/urgente-julgamento-do-dissidio-e-favoravel-as-causas-da-categoria-socieducativa\/\",\"name\":\"URGENTE | JULGAMENTO DO DISS\u00cdDIO \u00c9 FAVOR\u00c1VEL \u00c0S CAUSAS DA CATEGORIA SOCIEDUCATIVA - SITSESP\",\"isPartOf\":{\"@id\":\"https:\/\/www.sitsesp.org.br\/novo\/#website\"},\"primaryImageOfPage\":{\"@id\":\"https:\/\/www.sitsesp.org.br\/novo\/urgente-julgamento-do-dissidio-e-favoravel-as-causas-da-categoria-socieducativa\/#primaryimage\"},\"image\":{\"@id\":\"https:\/\/www.sitsesp.org.br\/novo\/urgente-julgamento-do-dissidio-e-favoravel-as-causas-da-categoria-socieducativa\/#primaryimage\"},\"thumbnailUrl\":\"https:\/\/www.sitsesp.org.br\/novo\/wp-content\/uploads\/2023\/06\/trt2regiao.jpg\",\"datePublished\":\"2023-06-28T20:03:33+00:00\",\"dateModified\":\"2023-06-28T20:03:33+00:00\",\"breadcrumb\":{\"@id\":\"https:\/\/www.sitsesp.org.br\/novo\/urgente-julgamento-do-dissidio-e-favoravel-as-causas-da-categoria-socieducativa\/#breadcrumb\"},\"inLanguage\":\"pt-BR\",\"potentialAction\":[{\"@type\":\"ReadAction\",\"target\":[\"https:\/\/www.sitsesp.org.br\/novo\/urgente-julgamento-do-dissidio-e-favoravel-as-causas-da-categoria-socieducativa\/\"]}]},{\"@type\":\"ImageObject\",\"inLanguage\":\"pt-BR\",\"@id\":\"https:\/\/www.sitsesp.org.br\/novo\/urgente-julgamento-do-dissidio-e-favoravel-as-causas-da-categoria-socieducativa\/#primaryimage\",\"url\":\"https:\/\/www.sitsesp.org.br\/novo\/wp-content\/uploads\/2023\/06\/trt2regiao.jpg\",\"contentUrl\":\"https:\/\/www.sitsesp.org.br\/novo\/wp-content\/uploads\/2023\/06\/trt2regiao.jpg\",\"width\":800,\"height\":432},{\"@type\":\"BreadcrumbList\",\"@id\":\"https:\/\/www.sitsesp.org.br\/novo\/urgente-julgamento-do-dissidio-e-favoravel-as-causas-da-categoria-socieducativa\/#breadcrumb\",\"itemListElement\":[{\"@type\":\"ListItem\",\"position\":1,\"name\":\"In\u00edcio\",\"item\":\"https:\/\/www.sitsesp.org.br\/novo\/\"},{\"@type\":\"ListItem\",\"position\":2,\"name\":\"URGENTE | JULGAMENTO DO DISS\u00cdDIO \u00c9 FAVOR\u00c1VEL \u00c0S CAUSAS DA CATEGORIA SOCIEDUCATIVA\"}]},{\"@type\":\"WebSite\",\"@id\":\"https:\/\/www.sitsesp.org.br\/novo\/#website\",\"url\":\"https:\/\/www.sitsesp.org.br\/novo\/\",\"name\":\"Sitsesp\",\"description\":\"SIndicato da Socioeduca\u00e7\u00e3o do Estado de S\u00e3o Paulo\",\"publisher\":{\"@id\":\"https:\/\/www.sitsesp.org.br\/novo\/#organization\"},\"potentialAction\":[{\"@type\":\"SearchAction\",\"target\":{\"@type\":\"EntryPoint\",\"urlTemplate\":\"https:\/\/www.sitsesp.org.br\/novo\/?s={search_term_string}\"},\"query-input\":\"required name=search_term_string\"}],\"inLanguage\":\"pt-BR\"},{\"@type\":\"Organization\",\"@id\":\"https:\/\/www.sitsesp.org.br\/novo\/#organization\",\"name\":\"Sitsesp\",\"url\":\"https:\/\/www.sitsesp.org.br\/novo\/\",\"logo\":{\"@type\":\"ImageObject\",\"inLanguage\":\"pt-BR\",\"@id\":\"https:\/\/www.sitsesp.org.br\/novo\/#\/schema\/logo\/image\/\",\"url\":\"https:\/\/www.sitsesp.org.br\/novo\/wp-content\/uploads\/2020\/09\/Design-sem-nome-1.jpg\",\"contentUrl\":\"https:\/\/www.sitsesp.org.br\/novo\/wp-content\/uploads\/2020\/09\/Design-sem-nome-1.jpg\",\"width\":300,\"height\":300,\"caption\":\"Sitsesp\"},\"image\":{\"@id\":\"https:\/\/www.sitsesp.org.br\/novo\/#\/schema\/logo\/image\/\"}},{\"@type\":\"Person\",\"@id\":\"https:\/\/www.sitsesp.org.br\/novo\/#\/schema\/person\/28e42eec160f373e81d0183b3643edbf\",\"name\":\"imprensa\",\"image\":{\"@type\":\"ImageObject\",\"inLanguage\":\"pt-BR\",\"@id\":\"https:\/\/www.sitsesp.org.br\/novo\/#\/schema\/person\/image\/\",\"url\":\"https:\/\/secure.gravatar.com\/avatar\/8d6ccd8d7d52b8959f34154e87d3fa29?s=96&d=mm&r=g\",\"contentUrl\":\"https:\/\/secure.gravatar.com\/avatar\/8d6ccd8d7d52b8959f34154e87d3fa29?s=96&d=mm&r=g\",\"caption\":\"imprensa\"}}]}<\/script>\n<!-- \/ Yoast SEO plugin. -->","yoast_head_json":{"title":"URGENTE | JULGAMENTO DO DISS\u00cdDIO \u00c9 FAVOR\u00c1VEL \u00c0S CAUSAS DA CATEGORIA SOCIEDUCATIVA - SITSESP","robots":{"index":"index","follow":"follow","max-snippet":"max-snippet:-1","max-image-preview":"max-image-preview:large","max-video-preview":"max-video-preview:-1"},"canonical":"https:\/\/www.sitsesp.org.br\/novo\/urgente-julgamento-do-dissidio-e-favoravel-as-causas-da-categoria-socieducativa\/","og_locale":"pt_BR","og_type":"article","og_title":"URGENTE | JULGAMENTO DO DISS\u00cdDIO \u00c9 FAVOR\u00c1VEL \u00c0S CAUSAS DA CATEGORIA SOCIEDUCATIVA - SITSESP","og_description":"Na tarde de quarta-feira (28) aconteceu o julgamento do diss\u00eddio de greve da categoria socioeducativa. Ap\u00f3s intensos 38 dias de uma&hellip;","og_url":"https:\/\/www.sitsesp.org.br\/novo\/urgente-julgamento-do-dissidio-e-favoravel-as-causas-da-categoria-socieducativa\/","og_site_name":"SITSESP","article_published_time":"2023-06-28T20:03:33+00:00","og_image":[{"width":800,"height":432,"url":"https:\/\/www.sitsesp.org.br\/novo\/wp-content\/uploads\/2023\/06\/trt2regiao.jpg","type":"image\/jpeg"}],"author":"imprensa","twitter_card":"summary_large_image","twitter_misc":{"Escrito por":"imprensa","Est. tempo de leitura":"1 minuto"},"schema":{"@context":"https:\/\/schema.org","@graph":[{"@type":"Article","@id":"https:\/\/www.sitsesp.org.br\/novo\/urgente-julgamento-do-dissidio-e-favoravel-as-causas-da-categoria-socieducativa\/#article","isPartOf":{"@id":"https:\/\/www.sitsesp.org.br\/novo\/urgente-julgamento-do-dissidio-e-favoravel-as-causas-da-categoria-socieducativa\/"},"author":{"name":"imprensa","@id":"https:\/\/www.sitsesp.org.br\/novo\/#\/schema\/person\/28e42eec160f373e81d0183b3643edbf"},"headline":"URGENTE | JULGAMENTO DO DISS\u00cdDIO \u00c9 FAVOR\u00c1VEL \u00c0S CAUSAS DA CATEGORIA SOCIEDUCATIVA","datePublished":"2023-06-28T20:03:33+00:00","dateModified":"2023-06-28T20:03:33+00:00","mainEntityOfPage":{"@id":"https:\/\/www.sitsesp.org.br\/novo\/urgente-julgamento-do-dissidio-e-favoravel-as-causas-da-categoria-socieducativa\/"},"wordCount":205,"commentCount":0,"publisher":{"@id":"https:\/\/www.sitsesp.org.br\/novo\/#organization"},"image":{"@id":"https:\/\/www.sitsesp.org.br\/novo\/urgente-julgamento-do-dissidio-e-favoravel-as-causas-da-categoria-socieducativa\/#primaryimage"},"thumbnailUrl":"https:\/\/www.sitsesp.org.br\/novo\/wp-content\/uploads\/2023\/06\/trt2regiao.jpg","articleSection":["Destaque","Noticias"],"inLanguage":"pt-BR","potentialAction":[{"@type":"CommentAction","name":"Comment","target":["https:\/\/www.sitsesp.org.br\/novo\/urgente-julgamento-do-dissidio-e-favoravel-as-causas-da-categoria-socieducativa\/#respond"]}]},{"@type":"WebPage","@id":"https:\/\/www.sitsesp.org.br\/novo\/urgente-julgamento-do-dissidio-e-favoravel-as-causas-da-categoria-socieducativa\/","url":"https:\/\/www.sitsesp.org.br\/novo\/urgente-julgamento-do-dissidio-e-favoravel-as-causas-da-categoria-socieducativa\/","name":"URGENTE | JULGAMENTO DO DISS\u00cdDIO \u00c9 FAVOR\u00c1VEL \u00c0S CAUSAS DA CATEGORIA SOCIEDUCATIVA - SITSESP","isPartOf":{"@id":"https:\/\/www.sitsesp.org.br\/novo\/#website"},"primaryImageOfPage":{"@id":"https:\/\/www.sitsesp.org.br\/novo\/urgente-julgamento-do-dissidio-e-favoravel-as-causas-da-categoria-socieducativa\/#primaryimage"},"image":{"@id":"https:\/\/www.sitsesp.org.br\/novo\/urgente-julgamento-do-dissidio-e-favoravel-as-causas-da-categoria-socieducativa\/#primaryimage"},"thumbnailUrl":"https:\/\/www.sitsesp.org.br\/novo\/wp-content\/uploads\/2023\/06\/trt2regiao.jpg","datePublished":"2023-06-28T20:03:33+00:00","dateModified":"2023-06-28T20:03:33+00:00","breadcrumb":{"@id":"https:\/\/www.sitsesp.org.br\/novo\/urgente-julgamento-do-dissidio-e-favoravel-as-causas-da-categoria-socieducativa\/#breadcrumb"},"inLanguage":"pt-BR","potentialAction":[{"@type":"ReadAction","target":["https:\/\/www.sitsesp.org.br\/novo\/urgente-julgamento-do-dissidio-e-favoravel-as-causas-da-categoria-socieducativa\/"]}]},{"@type":"ImageObject","inLanguage":"pt-BR","@id":"https:\/\/www.sitsesp.org.br\/novo\/urgente-julgamento-do-dissidio-e-favoravel-as-causas-da-categoria-socieducativa\/#primaryimage","url":"https:\/\/www.sitsesp.org.br\/novo\/wp-content\/uploads\/2023\/06\/trt2regiao.jpg","contentUrl":"https:\/\/www.sitsesp.org.br\/novo\/wp-content\/uploads\/2023\/06\/trt2regiao.jpg","width":800,"height":432},{"@type":"BreadcrumbList","@id":"https:\/\/www.sitsesp.org.br\/novo\/urgente-julgamento-do-dissidio-e-favoravel-as-causas-da-categoria-socieducativa\/#breadcrumb","itemListElement":[{"@type":"ListItem","position":1,"name":"In\u00edcio","item":"https:\/\/www.sitsesp.org.br\/novo\/"},{"@type":"ListItem","position":2,"name":"URGENTE | JULGAMENTO DO DISS\u00cdDIO \u00c9 FAVOR\u00c1VEL \u00c0S CAUSAS DA CATEGORIA SOCIEDUCATIVA"}]},{"@type":"WebSite","@id":"https:\/\/www.sitsesp.org.br\/novo\/#website","url":"https:\/\/www.sitsesp.org.br\/novo\/","name":"Sitsesp","description":"SIndicato da Socioeduca\u00e7\u00e3o do Estado de S\u00e3o Paulo","publisher":{"@id":"https:\/\/www.sitsesp.org.br\/novo\/#organization"},"potentialAction":[{"@type":"SearchAction","target":{"@type":"EntryPoint","urlTemplate":"https:\/\/www.sitsesp.org.br\/novo\/?s={search_term_string}"},"query-input":"required name=search_term_string"}],"inLanguage":"pt-BR"},{"@type":"Organization","@id":"https:\/\/www.sitsesp.org.br\/novo\/#organization","name":"Sitsesp","url":"https:\/\/www.sitsesp.org.br\/novo\/","logo":{"@type":"ImageObject","inLanguage":"pt-BR","@id":"https:\/\/www.sitsesp.org.br\/novo\/#\/schema\/logo\/image\/","url":"https:\/\/www.sitsesp.org.br\/novo\/wp-content\/uploads\/2020\/09\/Design-sem-nome-1.jpg","contentUrl":"https:\/\/www.sitsesp.org.br\/novo\/wp-content\/uploads\/2020\/09\/Design-sem-nome-1.jpg","width":300,"height":300,"caption":"Sitsesp"},"image":{"@id":"https:\/\/www.sitsesp.org.br\/novo\/#\/schema\/logo\/image\/"}},{"@type":"Person","@id":"https:\/\/www.sitsesp.org.br\/novo\/#\/schema\/person\/28e42eec160f373e81d0183b3643edbf","name":"imprensa","image":{"@type":"ImageObject","inLanguage":"pt-BR","@id":"https:\/\/www.sitsesp.org.br\/novo\/#\/schema\/person\/image\/","url":"https:\/\/secure.gravatar.com\/avatar\/8d6ccd8d7d52b8959f34154e87d3fa29?s=96&d=mm&r=g","contentUrl":"https:\/\/secure.gravatar.com\/avatar\/8d6ccd8d7d52b8959f34154e87d3fa29?s=96&d=mm&r=g","caption":"imprensa"}}]}},"_links":{"self":[{"href":"https:\/\/www.sitsesp.org.br\/novo\/wp-json\/wp\/v2\/posts\/11868"}],"collection":[{"href":"https:\/\/www.sitsesp.org.br\/novo\/wp-json\/wp\/v2\/posts"}],"about":[{"href":"https:\/\/www.sitsesp.org.br\/novo\/wp-json\/wp\/v2\/types\/post"}],"author":[{"embeddable":true,"href":"https:\/\/www.sitsesp.org.br\/novo\/wp-json\/wp\/v2\/users\/5"}],"replies":[{"embeddable":true,"href":"https:\/\/www.sitsesp.org.br\/novo\/wp-json\/wp\/v2\/comments?post=11868"}],"version-history":[{"count":1,"href":"https:\/\/www.sitsesp.org.br\/novo\/wp-json\/wp\/v2\/posts\/11868\/revisions"}],"predecessor-version":[{"id":11876,"href":"https:\/\/www.sitsesp.org.br\/novo\/wp-json\/wp\/v2\/posts\/11868\/revisions\/11876"}],"wp:featuredmedia":[{"embeddable":true,"href":"https:\/\/www.sitsesp.org.br\/novo\/wp-json\/wp\/v2\/media\/11875"}],"wp:attachment":[{"href":"https:\/\/www.sitsesp.org.br\/novo\/wp-json\/wp\/v2\/media?parent=11868"}],"wp:term":[{"taxonomy":"category","embeddable":true,"href":"https:\/\/www.sitsesp.org.br\/novo\/wp-json\/wp\/v2\/categories?post=11868"},{"taxonomy":"post_tag","embeddable":true,"href":"https:\/\/www.sitsesp.org.br\/novo\/wp-json\/wp\/v2\/tags?post=11868"}],"curies":[{"name":"wp","href":"https:\/\/api.w.org\/{rel}","templated":true}]}}