{"id":12028,"date":"2023-07-28T17:25:57","date_gmt":"2023-07-28T20:25:57","guid":{"rendered":"https:\/\/sitsesp.org.br\/novo\/?p=12028"},"modified":"2023-07-29T09:12:46","modified_gmt":"2023-07-29T12:12:46","slug":"sitsesp-informa-fundacao-casa-cumprira-os-pccs-2017-2018-e-2019","status":"publish","type":"post","link":"https:\/\/www.sitsesp.org.br\/novo\/sitsesp-informa-fundacao-casa-cumprira-os-pccs-2017-2018-e-2019\/","title":{"rendered":"SITSESP INFORMA | FUNDA\u00c7\u00c3O CASA CUMPRIR\u00c1 OS PCCS 2017, 2018 e 2019"},"content":{"rendered":"<p><!-- VideographyWP Plugin Message: Automatic video embedding prevented by plugin options. --><\/p>\n<div><\/div>\n<div>Em reuni\u00e3o realizada na data de hoje, sexta-feira (18), a executiva da Funda\u00e7\u00e3o CASA comunicou \u00e0 entidade sindical que a Comiss\u00e3o de Pol\u00edtica Salarial &#8211; CPS autorizou a execu\u00e7\u00e3o e aplica\u00e7\u00e3o dos avalias do PCCS dos anos de 2017, 2018 e 2019.<\/div>\n<div><\/div>\n<div><strong>O cronograma de execu\u00e7\u00e3o ser\u00e1:<\/strong><\/div>\n<div><strong>&#8211; 01\/08\/2023 a 30\/10\/2023 (avalia PCCS 2017) &#8211; pagamento novembro de 2023;<\/strong><\/div>\n<div><strong>&#8211; 01\/11\/2023 a 28\/02\/2024 (avalia PCCS 2018) &#8211; pagamento mar\u00e7o de 2024; e<\/strong><\/div>\n<div><strong>&#8211; 01\/03\/2024 a 31\/05\/2024 (avalia PCCS 2019) &#8211; pagamento junho de 2024.<\/strong><\/div>\n<div><\/div>\n<div>A prova para mudan\u00e7a de n\u00edvel ser\u00e1 realizada no mesmo molde que em 2022.<\/div>\n<div><\/div>\n<div>Per\u00edodo do avalia de 2017 ser\u00e3o os anos de 2016 e 2017, do avalia de 2018 ser\u00e3o considerados os anos de 2017 e 2018 e do per\u00edodo 2019 ser\u00e3o os anos de 2018 e 2019.<\/div>\n<div><\/div>\n<div>A forma que ser\u00e1 realizada a avalia\u00e7\u00e3o individual ser\u00e1 definida pela comiss\u00e3o de avalia\u00e7\u00e3o do PCCS que se reunir\u00e1 na pr\u00f3xima segunda-feira (31\/07).<\/div>\n<div><\/div>\n<div>Importante destacar que ser\u00e3o respeitadas todas as formas e crit\u00e9rios estabelecidos no PCCS 2013 para o presente processo.<\/div>\n<div>\n<div id=\"penci-post-gallery__85982\" class=\"penci-post-gallery-container justified column-3\" data-height=\"150\" data-margin=\"3\"><a class=\"item-gallery-justified\" href=\"https:\/\/www.sitsesp.org.br\/novo\/wp-content\/uploads\/2023\/07\/WhatsApp-Image-2023-07-29-at-09.02.52-2.jpeg\"><img decoding=\"async\" src=\"https:\/\/www.sitsesp.org.br\/novo\/wp-content\/uploads\/2023\/07\/WhatsApp-Image-2023-07-29-at-09.02.52-2-585x439.jpeg\" alt=\"\" title=\"WhatsApp Image 2023-07-29 at 09.02.52 (2)\"><\/a><a class=\"item-gallery-justified\" href=\"https:\/\/www.sitsesp.org.br\/novo\/wp-content\/uploads\/2023\/07\/WhatsApp-Image-2023-07-29-at-09.02.52-1.jpeg\"><img decoding=\"async\" src=\"https:\/\/www.sitsesp.org.br\/novo\/wp-content\/uploads\/2023\/07\/WhatsApp-Image-2023-07-29-at-09.02.52-1-585x439.jpeg\" alt=\"\" title=\"WhatsApp Image 2023-07-29 at 09.02.52 (1)\"><\/a><a class=\"item-gallery-justified\" href=\"https:\/\/www.sitsesp.org.br\/novo\/wp-content\/uploads\/2023\/07\/WhatsApp-Image-2023-07-29-at-09.02.52.jpeg\"><img decoding=\"async\" src=\"https:\/\/www.sitsesp.org.br\/novo\/wp-content\/uploads\/2023\/07\/WhatsApp-Image-2023-07-29-at-09.02.52-585x439.jpeg\" alt=\"\" title=\"WhatsApp Image 2023-07-29 at 09.02.52\"><\/a><\/div>\n<\/div>\n<div><\/div>\n<div><strong>O SITSESP \u00c9 DE TODOS, PARA TODOS, TRABALHANDO COM TODOS &#8211; SEJA UM FILIADO SITSESP E PARTICIPE DA LUTA<\/strong><\/div>\n","protected":false},"excerpt":{"rendered":"<p>Em reuni\u00e3o realizada na data de hoje, sexta-feira (18), a executiva da Funda\u00e7\u00e3o CASA comunicou \u00e0 entidade sindical que a Comiss\u00e3o&hellip;<\/p>\n","protected":false},"author":5,"featured_media":12029,"comment_status":"open","ping_status":"open","sticky":false,"template":"","format":"standard","meta":{"cybocfi_hide_featured_image":"","footnotes":""},"categories":[27,22],"tags":[],"yoast_head":"<!-- This site is optimized with the Yoast SEO plugin v22.8 - https:\/\/yoast.com\/wordpress\/plugins\/seo\/ -->\n<title>SITSESP INFORMA | FUNDA\u00c7\u00c3O CASA CUMPRIR\u00c1 OS PCCS 2017, 2018 e 2019 - SITSESP<\/title>\n<meta name=\"description\" content=\"Em reuni\u00e3o realizada na data de hoje, sexta-feira (18), a executiva da Funda\u00e7\u00e3o CASA comunicou \u00e0 entidade sindical que a Comiss\u00e3o de Pol\u00edtica Salarial - CPS autorizou a execu\u00e7\u00e3o e aplica\u00e7\u00e3o dos avalias do PCCS dos anos de 2017, 2018 e 2019.O cronograma de execu\u00e7\u00e3o ser\u00e1:- 01\/08\/2023 a 30\/10\/2023 (avalia PCCS 2017) - pagamento novembro de 2023;- 01\/11\/2023 a 28\/02\/2024 (avalia PCCS 2018) - pagamento mar\u00e7o de 2024; e- 01\/03\/2024 a 31\/05\/2024 (avalia PCCS 2019) - pagamento junho de 2024.\" \/>\n<meta name=\"robots\" content=\"index, follow, max-snippet:-1, max-image-preview:large, max-video-preview:-1\" \/>\n<link rel=\"canonical\" href=\"https:\/\/www.sitsesp.org.br\/novo\/sitsesp-informa-fundacao-casa-cumprira-os-pccs-2017-2018-e-2019\/\" \/>\n<meta property=\"og:locale\" content=\"pt_BR\" \/>\n<meta property=\"og:type\" content=\"article\" \/>\n<meta property=\"og:title\" content=\"SITSESP INFORMA | FUNDA\u00c7\u00c3O CASA CUMPRIR\u00c1 OS PCCS 2017, 2018 e 2019 - SITSESP\" \/>\n<meta property=\"og:description\" content=\"Em reuni\u00e3o realizada na data de hoje, sexta-feira (18), a executiva da Funda\u00e7\u00e3o CASA comunicou \u00e0 entidade sindical que a Comiss\u00e3o de Pol\u00edtica Salarial - CPS autorizou a execu\u00e7\u00e3o e aplica\u00e7\u00e3o dos avalias do PCCS dos anos de 2017, 2018 e 2019.O cronograma de execu\u00e7\u00e3o ser\u00e1:- 01\/08\/2023 a 30\/10\/2023 (avalia PCCS 2017) - pagamento novembro de 2023;- 01\/11\/2023 a 28\/02\/2024 (avalia PCCS 2018) - pagamento mar\u00e7o de 2024; e- 01\/03\/2024 a 31\/05\/2024 (avalia PCCS 2019) - pagamento junho de 2024.\" \/>\n<meta property=\"og:url\" content=\"https:\/\/www.sitsesp.org.br\/novo\/sitsesp-informa-fundacao-casa-cumprira-os-pccs-2017-2018-e-2019\/\" \/>\n<meta property=\"og:site_name\" content=\"SITSESP\" \/>\n<meta property=\"article:published_time\" content=\"2023-07-28T20:25:57+00:00\" \/>\n<meta property=\"article:modified_time\" content=\"2023-07-29T12:12:46+00:00\" \/>\n<meta property=\"og:image\" content=\"https:\/\/www.sitsesp.org.br\/novo\/wp-content\/uploads\/2023\/07\/pccspagamento.jpg\" \/>\n\t<meta property=\"og:image:width\" content=\"800\" \/>\n\t<meta property=\"og:image:height\" content=\"800\" \/>\n\t<meta property=\"og:image:type\" content=\"image\/jpeg\" \/>\n<meta name=\"author\" content=\"imprensa\" \/>\n<meta name=\"twitter:card\" content=\"summary_large_image\" \/>\n<meta name=\"twitter:label1\" content=\"Escrito por\" \/>\n\t<meta name=\"twitter:data1\" content=\"imprensa\" \/>\n\t<meta name=\"twitter:label2\" content=\"Est. tempo de leitura\" \/>\n\t<meta name=\"twitter:data2\" content=\"2 minutos\" \/>\n<script type=\"application\/ld+json\" class=\"yoast-schema-graph\">{\"@context\":\"https:\/\/schema.org\",\"@graph\":[{\"@type\":\"Article\",\"@id\":\"https:\/\/www.sitsesp.org.br\/novo\/sitsesp-informa-fundacao-casa-cumprira-os-pccs-2017-2018-e-2019\/#article\",\"isPartOf\":{\"@id\":\"https:\/\/www.sitsesp.org.br\/novo\/sitsesp-informa-fundacao-casa-cumprira-os-pccs-2017-2018-e-2019\/\"},\"author\":{\"name\":\"imprensa\",\"@id\":\"https:\/\/www.sitsesp.org.br\/novo\/#\/schema\/person\/28e42eec160f373e81d0183b3643edbf\"},\"headline\":\"SITSESP INFORMA | FUNDA\u00c7\u00c3O CASA CUMPRIR\u00c1 OS PCCS 2017, 2018 e 2019\",\"datePublished\":\"2023-07-28T20:25:57+00:00\",\"dateModified\":\"2023-07-29T12:12:46+00:00\",\"mainEntityOfPage\":{\"@id\":\"https:\/\/www.sitsesp.org.br\/novo\/sitsesp-informa-fundacao-casa-cumprira-os-pccs-2017-2018-e-2019\/\"},\"wordCount\":197,\"commentCount\":0,\"publisher\":{\"@id\":\"https:\/\/www.sitsesp.org.br\/novo\/#organization\"},\"image\":{\"@id\":\"https:\/\/www.sitsesp.org.br\/novo\/sitsesp-informa-fundacao-casa-cumprira-os-pccs-2017-2018-e-2019\/#primaryimage\"},\"thumbnailUrl\":\"https:\/\/www.sitsesp.org.br\/novo\/wp-content\/uploads\/2023\/07\/pccspagamento.jpg\",\"articleSection\":[\"Destaque\",\"Noticias\"],\"inLanguage\":\"pt-BR\",\"potentialAction\":[{\"@type\":\"CommentAction\",\"name\":\"Comment\",\"target\":[\"https:\/\/www.sitsesp.org.br\/novo\/sitsesp-informa-fundacao-casa-cumprira-os-pccs-2017-2018-e-2019\/#respond\"]}]},{\"@type\":\"WebPage\",\"@id\":\"https:\/\/www.sitsesp.org.br\/novo\/sitsesp-informa-fundacao-casa-cumprira-os-pccs-2017-2018-e-2019\/\",\"url\":\"https:\/\/www.sitsesp.org.br\/novo\/sitsesp-informa-fundacao-casa-cumprira-os-pccs-2017-2018-e-2019\/\",\"name\":\"SITSESP INFORMA | FUNDA\u00c7\u00c3O CASA CUMPRIR\u00c1 OS PCCS 2017, 2018 e 2019 - SITSESP\",\"isPartOf\":{\"@id\":\"https:\/\/www.sitsesp.org.br\/novo\/#website\"},\"primaryImageOfPage\":{\"@id\":\"https:\/\/www.sitsesp.org.br\/novo\/sitsesp-informa-fundacao-casa-cumprira-os-pccs-2017-2018-e-2019\/#primaryimage\"},\"image\":{\"@id\":\"https:\/\/www.sitsesp.org.br\/novo\/sitsesp-informa-fundacao-casa-cumprira-os-pccs-2017-2018-e-2019\/#primaryimage\"},\"thumbnailUrl\":\"https:\/\/www.sitsesp.org.br\/novo\/wp-content\/uploads\/2023\/07\/pccspagamento.jpg\",\"datePublished\":\"2023-07-28T20:25:57+00:00\",\"dateModified\":\"2023-07-29T12:12:46+00:00\",\"description\":\"Em reuni\u00e3o realizada na data de hoje, sexta-feira (18), a executiva da Funda\u00e7\u00e3o CASA comunicou \u00e0 entidade sindical que a Comiss\u00e3o de Pol\u00edtica Salarial - CPS autorizou a execu\u00e7\u00e3o e aplica\u00e7\u00e3o dos avalias do PCCS dos anos de 2017, 2018 e 2019.O cronograma de execu\u00e7\u00e3o ser\u00e1:- 01\/08\/2023 a 30\/10\/2023 (avalia PCCS 2017) - pagamento novembro de 2023;- 01\/11\/2023 a 28\/02\/2024 (avalia PCCS 2018) - pagamento mar\u00e7o de 2024; e- 01\/03\/2024 a 31\/05\/2024 (avalia PCCS 2019) - pagamento junho de 2024.\",\"breadcrumb\":{\"@id\":\"https:\/\/www.sitsesp.org.br\/novo\/sitsesp-informa-fundacao-casa-cumprira-os-pccs-2017-2018-e-2019\/#breadcrumb\"},\"inLanguage\":\"pt-BR\",\"potentialAction\":[{\"@type\":\"ReadAction\",\"target\":[\"https:\/\/www.sitsesp.org.br\/novo\/sitsesp-informa-fundacao-casa-cumprira-os-pccs-2017-2018-e-2019\/\"]}]},{\"@type\":\"ImageObject\",\"inLanguage\":\"pt-BR\",\"@id\":\"https:\/\/www.sitsesp.org.br\/novo\/sitsesp-informa-fundacao-casa-cumprira-os-pccs-2017-2018-e-2019\/#primaryimage\",\"url\":\"https:\/\/www.sitsesp.org.br\/novo\/wp-content\/uploads\/2023\/07\/pccspagamento.jpg\",\"contentUrl\":\"https:\/\/www.sitsesp.org.br\/novo\/wp-content\/uploads\/2023\/07\/pccspagamento.jpg\",\"width\":800,\"height\":800},{\"@type\":\"BreadcrumbList\",\"@id\":\"https:\/\/www.sitsesp.org.br\/novo\/sitsesp-informa-fundacao-casa-cumprira-os-pccs-2017-2018-e-2019\/#breadcrumb\",\"itemListElement\":[{\"@type\":\"ListItem\",\"position\":1,\"name\":\"In\u00edcio\",\"item\":\"https:\/\/www.sitsesp.org.br\/novo\/\"},{\"@type\":\"ListItem\",\"position\":2,\"name\":\"SITSESP INFORMA | FUNDA\u00c7\u00c3O CASA CUMPRIR\u00c1 OS PCCS 2017, 2018 e 2019\"}]},{\"@type\":\"WebSite\",\"@id\":\"https:\/\/www.sitsesp.org.br\/novo\/#website\",\"url\":\"https:\/\/www.sitsesp.org.br\/novo\/\",\"name\":\"Sitsesp\",\"description\":\"SIndicato da Socioeduca\u00e7\u00e3o do Estado de S\u00e3o Paulo\",\"publisher\":{\"@id\":\"https:\/\/www.sitsesp.org.br\/novo\/#organization\"},\"potentialAction\":[{\"@type\":\"SearchAction\",\"target\":{\"@type\":\"EntryPoint\",\"urlTemplate\":\"https:\/\/www.sitsesp.org.br\/novo\/?s={search_term_string}\"},\"query-input\":\"required name=search_term_string\"}],\"inLanguage\":\"pt-BR\"},{\"@type\":\"Organization\",\"@id\":\"https:\/\/www.sitsesp.org.br\/novo\/#organization\",\"name\":\"Sitsesp\",\"url\":\"https:\/\/www.sitsesp.org.br\/novo\/\",\"logo\":{\"@type\":\"ImageObject\",\"inLanguage\":\"pt-BR\",\"@id\":\"https:\/\/www.sitsesp.org.br\/novo\/#\/schema\/logo\/image\/\",\"url\":\"https:\/\/www.sitsesp.org.br\/novo\/wp-content\/uploads\/2020\/09\/Design-sem-nome-1.jpg\",\"contentUrl\":\"https:\/\/www.sitsesp.org.br\/novo\/wp-content\/uploads\/2020\/09\/Design-sem-nome-1.jpg\",\"width\":300,\"height\":300,\"caption\":\"Sitsesp\"},\"image\":{\"@id\":\"https:\/\/www.sitsesp.org.br\/novo\/#\/schema\/logo\/image\/\"}},{\"@type\":\"Person\",\"@id\":\"https:\/\/www.sitsesp.org.br\/novo\/#\/schema\/person\/28e42eec160f373e81d0183b3643edbf\",\"name\":\"imprensa\",\"image\":{\"@type\":\"ImageObject\",\"inLanguage\":\"pt-BR\",\"@id\":\"https:\/\/www.sitsesp.org.br\/novo\/#\/schema\/person\/image\/\",\"url\":\"https:\/\/secure.gravatar.com\/avatar\/8d6ccd8d7d52b8959f34154e87d3fa29?s=96&d=mm&r=g\",\"contentUrl\":\"https:\/\/secure.gravatar.com\/avatar\/8d6ccd8d7d52b8959f34154e87d3fa29?s=96&d=mm&r=g\",\"caption\":\"imprensa\"}}]}<\/script>\n<!-- \/ Yoast SEO plugin. -->","yoast_head_json":{"title":"SITSESP INFORMA | FUNDA\u00c7\u00c3O CASA CUMPRIR\u00c1 OS PCCS 2017, 2018 e 2019 - SITSESP","description":"Em reuni\u00e3o realizada na data de hoje, sexta-feira (18), a executiva da Funda\u00e7\u00e3o CASA comunicou \u00e0 entidade sindical que a Comiss\u00e3o de Pol\u00edtica Salarial - CPS autorizou a execu\u00e7\u00e3o e aplica\u00e7\u00e3o dos avalias do PCCS dos anos de 2017, 2018 e 2019.O cronograma de execu\u00e7\u00e3o ser\u00e1:- 01\/08\/2023 a 30\/10\/2023 (avalia PCCS 2017) - pagamento novembro de 2023;- 01\/11\/2023 a 28\/02\/2024 (avalia PCCS 2018) - pagamento mar\u00e7o de 2024; e- 01\/03\/2024 a 31\/05\/2024 (avalia PCCS 2019) - pagamento junho de 2024.","robots":{"index":"index","follow":"follow","max-snippet":"max-snippet:-1","max-image-preview":"max-image-preview:large","max-video-preview":"max-video-preview:-1"},"canonical":"https:\/\/www.sitsesp.org.br\/novo\/sitsesp-informa-fundacao-casa-cumprira-os-pccs-2017-2018-e-2019\/","og_locale":"pt_BR","og_type":"article","og_title":"SITSESP INFORMA | FUNDA\u00c7\u00c3O CASA CUMPRIR\u00c1 OS PCCS 2017, 2018 e 2019 - SITSESP","og_description":"Em reuni\u00e3o realizada na data de hoje, sexta-feira (18), a executiva da Funda\u00e7\u00e3o CASA comunicou \u00e0 entidade sindical que a Comiss\u00e3o de Pol\u00edtica Salarial - CPS autorizou a execu\u00e7\u00e3o e aplica\u00e7\u00e3o dos avalias do PCCS dos anos de 2017, 2018 e 2019.O cronograma de execu\u00e7\u00e3o ser\u00e1:- 01\/08\/2023 a 30\/10\/2023 (avalia PCCS 2017) - pagamento novembro de 2023;- 01\/11\/2023 a 28\/02\/2024 (avalia PCCS 2018) - pagamento mar\u00e7o de 2024; e- 01\/03\/2024 a 31\/05\/2024 (avalia PCCS 2019) - pagamento junho de 2024.","og_url":"https:\/\/www.sitsesp.org.br\/novo\/sitsesp-informa-fundacao-casa-cumprira-os-pccs-2017-2018-e-2019\/","og_site_name":"SITSESP","article_published_time":"2023-07-28T20:25:57+00:00","article_modified_time":"2023-07-29T12:12:46+00:00","og_image":[{"width":800,"height":800,"url":"https:\/\/www.sitsesp.org.br\/novo\/wp-content\/uploads\/2023\/07\/pccspagamento.jpg","type":"image\/jpeg"}],"author":"imprensa","twitter_card":"summary_large_image","twitter_misc":{"Escrito por":"imprensa","Est. tempo de leitura":"2 minutos"},"schema":{"@context":"https:\/\/schema.org","@graph":[{"@type":"Article","@id":"https:\/\/www.sitsesp.org.br\/novo\/sitsesp-informa-fundacao-casa-cumprira-os-pccs-2017-2018-e-2019\/#article","isPartOf":{"@id":"https:\/\/www.sitsesp.org.br\/novo\/sitsesp-informa-fundacao-casa-cumprira-os-pccs-2017-2018-e-2019\/"},"author":{"name":"imprensa","@id":"https:\/\/www.sitsesp.org.br\/novo\/#\/schema\/person\/28e42eec160f373e81d0183b3643edbf"},"headline":"SITSESP INFORMA | FUNDA\u00c7\u00c3O CASA CUMPRIR\u00c1 OS PCCS 2017, 2018 e 2019","datePublished":"2023-07-28T20:25:57+00:00","dateModified":"2023-07-29T12:12:46+00:00","mainEntityOfPage":{"@id":"https:\/\/www.sitsesp.org.br\/novo\/sitsesp-informa-fundacao-casa-cumprira-os-pccs-2017-2018-e-2019\/"},"wordCount":197,"commentCount":0,"publisher":{"@id":"https:\/\/www.sitsesp.org.br\/novo\/#organization"},"image":{"@id":"https:\/\/www.sitsesp.org.br\/novo\/sitsesp-informa-fundacao-casa-cumprira-os-pccs-2017-2018-e-2019\/#primaryimage"},"thumbnailUrl":"https:\/\/www.sitsesp.org.br\/novo\/wp-content\/uploads\/2023\/07\/pccspagamento.jpg","articleSection":["Destaque","Noticias"],"inLanguage":"pt-BR","potentialAction":[{"@type":"CommentAction","name":"Comment","target":["https:\/\/www.sitsesp.org.br\/novo\/sitsesp-informa-fundacao-casa-cumprira-os-pccs-2017-2018-e-2019\/#respond"]}]},{"@type":"WebPage","@id":"https:\/\/www.sitsesp.org.br\/novo\/sitsesp-informa-fundacao-casa-cumprira-os-pccs-2017-2018-e-2019\/","url":"https:\/\/www.sitsesp.org.br\/novo\/sitsesp-informa-fundacao-casa-cumprira-os-pccs-2017-2018-e-2019\/","name":"SITSESP INFORMA | FUNDA\u00c7\u00c3O CASA CUMPRIR\u00c1 OS PCCS 2017, 2018 e 2019 - SITSESP","isPartOf":{"@id":"https:\/\/www.sitsesp.org.br\/novo\/#website"},"primaryImageOfPage":{"@id":"https:\/\/www.sitsesp.org.br\/novo\/sitsesp-informa-fundacao-casa-cumprira-os-pccs-2017-2018-e-2019\/#primaryimage"},"image":{"@id":"https:\/\/www.sitsesp.org.br\/novo\/sitsesp-informa-fundacao-casa-cumprira-os-pccs-2017-2018-e-2019\/#primaryimage"},"thumbnailUrl":"https:\/\/www.sitsesp.org.br\/novo\/wp-content\/uploads\/2023\/07\/pccspagamento.jpg","datePublished":"2023-07-28T20:25:57+00:00","dateModified":"2023-07-29T12:12:46+00:00","description":"Em reuni\u00e3o realizada na data de hoje, sexta-feira (18), a executiva da Funda\u00e7\u00e3o CASA comunicou \u00e0 entidade sindical que a Comiss\u00e3o de Pol\u00edtica Salarial - CPS autorizou a execu\u00e7\u00e3o e aplica\u00e7\u00e3o dos avalias do PCCS dos anos de 2017, 2018 e 2019.O cronograma de execu\u00e7\u00e3o ser\u00e1:- 01\/08\/2023 a 30\/10\/2023 (avalia PCCS 2017) - pagamento novembro de 2023;- 01\/11\/2023 a 28\/02\/2024 (avalia PCCS 2018) - pagamento mar\u00e7o de 2024; e- 01\/03\/2024 a 31\/05\/2024 (avalia PCCS 2019) - pagamento junho de 2024.","breadcrumb":{"@id":"https:\/\/www.sitsesp.org.br\/novo\/sitsesp-informa-fundacao-casa-cumprira-os-pccs-2017-2018-e-2019\/#breadcrumb"},"inLanguage":"pt-BR","potentialAction":[{"@type":"ReadAction","target":["https:\/\/www.sitsesp.org.br\/novo\/sitsesp-informa-fundacao-casa-cumprira-os-pccs-2017-2018-e-2019\/"]}]},{"@type":"ImageObject","inLanguage":"pt-BR","@id":"https:\/\/www.sitsesp.org.br\/novo\/sitsesp-informa-fundacao-casa-cumprira-os-pccs-2017-2018-e-2019\/#primaryimage","url":"https:\/\/www.sitsesp.org.br\/novo\/wp-content\/uploads\/2023\/07\/pccspagamento.jpg","contentUrl":"https:\/\/www.sitsesp.org.br\/novo\/wp-content\/uploads\/2023\/07\/pccspagamento.jpg","width":800,"height":800},{"@type":"BreadcrumbList","@id":"https:\/\/www.sitsesp.org.br\/novo\/sitsesp-informa-fundacao-casa-cumprira-os-pccs-2017-2018-e-2019\/#breadcrumb","itemListElement":[{"@type":"ListItem","position":1,"name":"In\u00edcio","item":"https:\/\/www.sitsesp.org.br\/novo\/"},{"@type":"ListItem","position":2,"name":"SITSESP INFORMA | FUNDA\u00c7\u00c3O CASA CUMPRIR\u00c1 OS PCCS 2017, 2018 e 2019"}]},{"@type":"WebSite","@id":"https:\/\/www.sitsesp.org.br\/novo\/#website","url":"https:\/\/www.sitsesp.org.br\/novo\/","name":"Sitsesp","description":"SIndicato da Socioeduca\u00e7\u00e3o do Estado de S\u00e3o Paulo","publisher":{"@id":"https:\/\/www.sitsesp.org.br\/novo\/#organization"},"potentialAction":[{"@type":"SearchAction","target":{"@type":"EntryPoint","urlTemplate":"https:\/\/www.sitsesp.org.br\/novo\/?s={search_term_string}"},"query-input":"required name=search_term_string"}],"inLanguage":"pt-BR"},{"@type":"Organization","@id":"https:\/\/www.sitsesp.org.br\/novo\/#organization","name":"Sitsesp","url":"https:\/\/www.sitsesp.org.br\/novo\/","logo":{"@type":"ImageObject","inLanguage":"pt-BR","@id":"https:\/\/www.sitsesp.org.br\/novo\/#\/schema\/logo\/image\/","url":"https:\/\/www.sitsesp.org.br\/novo\/wp-content\/uploads\/2020\/09\/Design-sem-nome-1.jpg","contentUrl":"https:\/\/www.sitsesp.org.br\/novo\/wp-content\/uploads\/2020\/09\/Design-sem-nome-1.jpg","width":300,"height":300,"caption":"Sitsesp"},"image":{"@id":"https:\/\/www.sitsesp.org.br\/novo\/#\/schema\/logo\/image\/"}},{"@type":"Person","@id":"https:\/\/www.sitsesp.org.br\/novo\/#\/schema\/person\/28e42eec160f373e81d0183b3643edbf","name":"imprensa","image":{"@type":"ImageObject","inLanguage":"pt-BR","@id":"https:\/\/www.sitsesp.org.br\/novo\/#\/schema\/person\/image\/","url":"https:\/\/secure.gravatar.com\/avatar\/8d6ccd8d7d52b8959f34154e87d3fa29?s=96&d=mm&r=g","contentUrl":"https:\/\/secure.gravatar.com\/avatar\/8d6ccd8d7d52b8959f34154e87d3fa29?s=96&d=mm&r=g","caption":"imprensa"}}]}},"_links":{"self":[{"href":"https:\/\/www.sitsesp.org.br\/novo\/wp-json\/wp\/v2\/posts\/12028"}],"collection":[{"href":"https:\/\/www.sitsesp.org.br\/novo\/wp-json\/wp\/v2\/posts"}],"about":[{"href":"https:\/\/www.sitsesp.org.br\/novo\/wp-json\/wp\/v2\/types\/post"}],"author":[{"embeddable":true,"href":"https:\/\/www.sitsesp.org.br\/novo\/wp-json\/wp\/v2\/users\/5"}],"replies":[{"embeddable":true,"href":"https:\/\/www.sitsesp.org.br\/novo\/wp-json\/wp\/v2\/comments?post=12028"}],"version-history":[{"count":3,"href":"https:\/\/www.sitsesp.org.br\/novo\/wp-json\/wp\/v2\/posts\/12028\/revisions"}],"predecessor-version":[{"id":12035,"href":"https:\/\/www.sitsesp.org.br\/novo\/wp-json\/wp\/v2\/posts\/12028\/revisions\/12035"}],"wp:featuredmedia":[{"embeddable":true,"href":"https:\/\/www.sitsesp.org.br\/novo\/wp-json\/wp\/v2\/media\/12029"}],"wp:attachment":[{"href":"https:\/\/www.sitsesp.org.br\/novo\/wp-json\/wp\/v2\/media?parent=12028"}],"wp:term":[{"taxonomy":"category","embeddable":true,"href":"https:\/\/www.sitsesp.org.br\/novo\/wp-json\/wp\/v2\/categories?post=12028"},{"taxonomy":"post_tag","embeddable":true,"href":"https:\/\/www.sitsesp.org.br\/novo\/wp-json\/wp\/v2\/tags?post=12028"}],"curies":[{"name":"wp","href":"https:\/\/api.w.org\/{rel}","templated":true}]}}