{"id":12142,"date":"2023-08-09T08:05:14","date_gmt":"2023-08-09T11:05:14","guid":{"rendered":"https:\/\/sitsesp.org.br\/novo\/?p=12142"},"modified":"2023-08-11T18:41:07","modified_gmt":"2023-08-11T21:41:07","slug":"sitsesp-em-movimento-sitsesp-continua-com-maratona-de-visitas-aos-centros","status":"publish","type":"post","link":"https:\/\/www.sitsesp.org.br\/novo\/sitsesp-em-movimento-sitsesp-continua-com-maratona-de-visitas-aos-centros\/","title":{"rendered":"SITSESP EM MOVIMENTO | SITSESP CONTINUA COM MARATONA DE VISITAS AOS CENTROS"},"content":{"rendered":"<p><!-- VideographyWP Plugin Message: Automatic video embedding prevented by plugin options. --><\/p>\n<div><\/div>\n<div>\n<div>A Gest\u00e3o Reconstru\u00e7\u00e3o e Luta SITSESP continua com a maratona de visitas aos Centros da Funda\u00e7\u00e3o CASA. Na segunda-feira (07) os diretores Josilda, Wagner e Leonardo estiveram no CASA Semiliberdade de Caetano, na ter\u00e7a-feira (08) os diretores visitaram os Centros CASA Guayi, CASA Guarulhos, CASA Serra da Cantareira e CASA Terra Nova em Itaquaquecetuba, e na quinta-feira (10) em Taubat\u00e9.<\/div>\n<div><\/div>\n<div>O objetivo destas visitas \u00e9 distribuir os informes sindicais e tamb\u00e9m prestar orienta\u00e7\u00f5es, ouvir as demandas dos trabalhadores e captar filia\u00e7\u00f5es \u00e0 entidade sindical, trabalhando sempre para aproximar a categoria socioeducativa do SITSESP.<\/div>\n<div><\/div>\n<\/div>\n<div>\n<div id=\"penci-post-gallery__66892\" class=\"penci-post-gallery-container justified column-3\" data-height=\"150\" data-margin=\"3\"><a class=\"item-gallery-justified\" href=\"https:\/\/www.sitsesp.org.br\/novo\/wp-content\/uploads\/2023\/08\/WhatsApp-Image-2023-08-08-at-14.03.40.jpeg\"><img decoding=\"async\" src=\"https:\/\/www.sitsesp.org.br\/novo\/wp-content\/uploads\/2023\/08\/WhatsApp-Image-2023-08-08-at-14.03.40-585x329.jpeg\" alt=\"\" title=\"WhatsApp Image 2023-08-08 at 14.03.40\"><\/a><a class=\"item-gallery-justified\" href=\"https:\/\/www.sitsesp.org.br\/novo\/wp-content\/uploads\/2023\/08\/WhatsApp-Image-2023-08-08-at-14.03.42.jpeg\"><img decoding=\"async\" src=\"https:\/\/www.sitsesp.org.br\/novo\/wp-content\/uploads\/2023\/08\/WhatsApp-Image-2023-08-08-at-14.03.42-585x329.jpeg\" alt=\"\" title=\"WhatsApp Image 2023-08-08 at 14.03.42\"><\/a><a class=\"item-gallery-justified\" href=\"https:\/\/www.sitsesp.org.br\/novo\/wp-content\/uploads\/2023\/08\/WhatsApp-Image-2023-08-08-at-14.03.41.jpeg\"><img decoding=\"async\" src=\"https:\/\/www.sitsesp.org.br\/novo\/wp-content\/uploads\/2023\/08\/WhatsApp-Image-2023-08-08-at-14.03.41-585x329.jpeg\" alt=\"\" title=\"WhatsApp Image 2023-08-08 at 14.03.41\"><\/a><a class=\"item-gallery-justified\" href=\"https:\/\/www.sitsesp.org.br\/novo\/wp-content\/uploads\/2023\/08\/WhatsApp-Image-2023-08-11-at-17.27.49.jpeg\"><img decoding=\"async\" src=\"https:\/\/www.sitsesp.org.br\/novo\/wp-content\/uploads\/2023\/08\/WhatsApp-Image-2023-08-11-at-17.27.49-585x329.jpeg\" alt=\"\"><\/a><\/div>\n<\/div>\n<div><\/div>\n<div><strong>O SITSESP \u00c9 DE TODOS, PARA TODOS, TRABALHANDO COM TODOS &#8211; SEJA UM FILIADO SITSESP E PARTICIPE DA LUTA<\/strong><\/div>\n","protected":false},"excerpt":{"rendered":"<p>A Gest\u00e3o Reconstru\u00e7\u00e3o e Luta SITSESP continua com a maratona de visitas aos Centros da Funda\u00e7\u00e3o CASA. Na segunda-feira (07) os&hellip;<\/p>\n","protected":false},"author":5,"featured_media":12145,"comment_status":"open","ping_status":"open","sticky":false,"template":"","format":"standard","meta":{"cybocfi_hide_featured_image":"","footnotes":""},"categories":[27,22],"tags":[],"yoast_head":"<!-- This site is optimized with the Yoast SEO plugin v22.8 - https:\/\/yoast.com\/wordpress\/plugins\/seo\/ -->\n<title>SITSESP EM MOVIMENTO | SITSESP CONTINUA COM MARATONA DE VISITAS AOS CENTROS - SITSESP<\/title>\n<meta name=\"robots\" content=\"index, follow, max-snippet:-1, max-image-preview:large, max-video-preview:-1\" \/>\n<link rel=\"canonical\" href=\"https:\/\/www.sitsesp.org.br\/novo\/sitsesp-em-movimento-sitsesp-continua-com-maratona-de-visitas-aos-centros\/\" \/>\n<meta property=\"og:locale\" content=\"pt_BR\" \/>\n<meta property=\"og:type\" content=\"article\" \/>\n<meta property=\"og:title\" content=\"SITSESP EM MOVIMENTO | SITSESP CONTINUA COM MARATONA DE VISITAS AOS CENTROS - SITSESP\" \/>\n<meta property=\"og:description\" content=\"A Gest\u00e3o Reconstru\u00e7\u00e3o e Luta SITSESP continua com a maratona de visitas aos Centros da Funda\u00e7\u00e3o CASA. Na segunda-feira (07) os&hellip;\" \/>\n<meta property=\"og:url\" content=\"https:\/\/www.sitsesp.org.br\/novo\/sitsesp-em-movimento-sitsesp-continua-com-maratona-de-visitas-aos-centros\/\" \/>\n<meta property=\"og:site_name\" content=\"SITSESP\" \/>\n<meta property=\"article:published_time\" content=\"2023-08-09T11:05:14+00:00\" \/>\n<meta property=\"article:modified_time\" content=\"2023-08-11T21:41:07+00:00\" \/>\n<meta property=\"og:image\" content=\"https:\/\/www.sitsesp.org.br\/novo\/wp-content\/uploads\/2023\/08\/WhatsApp-Image-2023-08-08-at-14.14.59.jpeg\" \/>\n\t<meta property=\"og:image:width\" content=\"800\" \/>\n\t<meta property=\"og:image:height\" content=\"450\" \/>\n\t<meta property=\"og:image:type\" content=\"image\/jpeg\" \/>\n<meta name=\"author\" content=\"imprensa\" \/>\n<meta name=\"twitter:card\" content=\"summary_large_image\" \/>\n<meta name=\"twitter:label1\" content=\"Escrito por\" \/>\n\t<meta name=\"twitter:data1\" content=\"imprensa\" \/>\n\t<meta name=\"twitter:label2\" content=\"Est. tempo de leitura\" \/>\n\t<meta name=\"twitter:data2\" content=\"1 minuto\" \/>\n<script type=\"application\/ld+json\" class=\"yoast-schema-graph\">{\"@context\":\"https:\/\/schema.org\",\"@graph\":[{\"@type\":\"Article\",\"@id\":\"https:\/\/www.sitsesp.org.br\/novo\/sitsesp-em-movimento-sitsesp-continua-com-maratona-de-visitas-aos-centros\/#article\",\"isPartOf\":{\"@id\":\"https:\/\/www.sitsesp.org.br\/novo\/sitsesp-em-movimento-sitsesp-continua-com-maratona-de-visitas-aos-centros\/\"},\"author\":{\"name\":\"imprensa\",\"@id\":\"https:\/\/www.sitsesp.org.br\/novo\/#\/schema\/person\/28e42eec160f373e81d0183b3643edbf\"},\"headline\":\"SITSESP EM MOVIMENTO | SITSESP CONTINUA COM MARATONA DE VISITAS AOS CENTROS\",\"datePublished\":\"2023-08-09T11:05:14+00:00\",\"dateModified\":\"2023-08-11T21:41:07+00:00\",\"mainEntityOfPage\":{\"@id\":\"https:\/\/www.sitsesp.org.br\/novo\/sitsesp-em-movimento-sitsesp-continua-com-maratona-de-visitas-aos-centros\/\"},\"wordCount\":128,\"commentCount\":0,\"publisher\":{\"@id\":\"https:\/\/www.sitsesp.org.br\/novo\/#organization\"},\"image\":{\"@id\":\"https:\/\/www.sitsesp.org.br\/novo\/sitsesp-em-movimento-sitsesp-continua-com-maratona-de-visitas-aos-centros\/#primaryimage\"},\"thumbnailUrl\":\"https:\/\/www.sitsesp.org.br\/novo\/wp-content\/uploads\/2023\/08\/WhatsApp-Image-2023-08-08-at-14.14.59.jpeg\",\"articleSection\":[\"Destaque\",\"Noticias\"],\"inLanguage\":\"pt-BR\",\"potentialAction\":[{\"@type\":\"CommentAction\",\"name\":\"Comment\",\"target\":[\"https:\/\/www.sitsesp.org.br\/novo\/sitsesp-em-movimento-sitsesp-continua-com-maratona-de-visitas-aos-centros\/#respond\"]}]},{\"@type\":\"WebPage\",\"@id\":\"https:\/\/www.sitsesp.org.br\/novo\/sitsesp-em-movimento-sitsesp-continua-com-maratona-de-visitas-aos-centros\/\",\"url\":\"https:\/\/www.sitsesp.org.br\/novo\/sitsesp-em-movimento-sitsesp-continua-com-maratona-de-visitas-aos-centros\/\",\"name\":\"SITSESP EM MOVIMENTO | SITSESP CONTINUA COM MARATONA DE VISITAS AOS CENTROS - SITSESP\",\"isPartOf\":{\"@id\":\"https:\/\/www.sitsesp.org.br\/novo\/#website\"},\"primaryImageOfPage\":{\"@id\":\"https:\/\/www.sitsesp.org.br\/novo\/sitsesp-em-movimento-sitsesp-continua-com-maratona-de-visitas-aos-centros\/#primaryimage\"},\"image\":{\"@id\":\"https:\/\/www.sitsesp.org.br\/novo\/sitsesp-em-movimento-sitsesp-continua-com-maratona-de-visitas-aos-centros\/#primaryimage\"},\"thumbnailUrl\":\"https:\/\/www.sitsesp.org.br\/novo\/wp-content\/uploads\/2023\/08\/WhatsApp-Image-2023-08-08-at-14.14.59.jpeg\",\"datePublished\":\"2023-08-09T11:05:14+00:00\",\"dateModified\":\"2023-08-11T21:41:07+00:00\",\"breadcrumb\":{\"@id\":\"https:\/\/www.sitsesp.org.br\/novo\/sitsesp-em-movimento-sitsesp-continua-com-maratona-de-visitas-aos-centros\/#breadcrumb\"},\"inLanguage\":\"pt-BR\",\"potentialAction\":[{\"@type\":\"ReadAction\",\"target\":[\"https:\/\/www.sitsesp.org.br\/novo\/sitsesp-em-movimento-sitsesp-continua-com-maratona-de-visitas-aos-centros\/\"]}]},{\"@type\":\"ImageObject\",\"inLanguage\":\"pt-BR\",\"@id\":\"https:\/\/www.sitsesp.org.br\/novo\/sitsesp-em-movimento-sitsesp-continua-com-maratona-de-visitas-aos-centros\/#primaryimage\",\"url\":\"https:\/\/www.sitsesp.org.br\/novo\/wp-content\/uploads\/2023\/08\/WhatsApp-Image-2023-08-08-at-14.14.59.jpeg\",\"contentUrl\":\"https:\/\/www.sitsesp.org.br\/novo\/wp-content\/uploads\/2023\/08\/WhatsApp-Image-2023-08-08-at-14.14.59.jpeg\",\"width\":800,\"height\":450},{\"@type\":\"BreadcrumbList\",\"@id\":\"https:\/\/www.sitsesp.org.br\/novo\/sitsesp-em-movimento-sitsesp-continua-com-maratona-de-visitas-aos-centros\/#breadcrumb\",\"itemListElement\":[{\"@type\":\"ListItem\",\"position\":1,\"name\":\"In\u00edcio\",\"item\":\"https:\/\/www.sitsesp.org.br\/novo\/\"},{\"@type\":\"ListItem\",\"position\":2,\"name\":\"SITSESP EM MOVIMENTO | SITSESP CONTINUA COM MARATONA DE VISITAS AOS CENTROS\"}]},{\"@type\":\"WebSite\",\"@id\":\"https:\/\/www.sitsesp.org.br\/novo\/#website\",\"url\":\"https:\/\/www.sitsesp.org.br\/novo\/\",\"name\":\"Sitsesp\",\"description\":\"SIndicato da Socioeduca\u00e7\u00e3o do Estado de S\u00e3o Paulo\",\"publisher\":{\"@id\":\"https:\/\/www.sitsesp.org.br\/novo\/#organization\"},\"potentialAction\":[{\"@type\":\"SearchAction\",\"target\":{\"@type\":\"EntryPoint\",\"urlTemplate\":\"https:\/\/www.sitsesp.org.br\/novo\/?s={search_term_string}\"},\"query-input\":\"required name=search_term_string\"}],\"inLanguage\":\"pt-BR\"},{\"@type\":\"Organization\",\"@id\":\"https:\/\/www.sitsesp.org.br\/novo\/#organization\",\"name\":\"Sitsesp\",\"url\":\"https:\/\/www.sitsesp.org.br\/novo\/\",\"logo\":{\"@type\":\"ImageObject\",\"inLanguage\":\"pt-BR\",\"@id\":\"https:\/\/www.sitsesp.org.br\/novo\/#\/schema\/logo\/image\/\",\"url\":\"https:\/\/www.sitsesp.org.br\/novo\/wp-content\/uploads\/2020\/09\/Design-sem-nome-1.jpg\",\"contentUrl\":\"https:\/\/www.sitsesp.org.br\/novo\/wp-content\/uploads\/2020\/09\/Design-sem-nome-1.jpg\",\"width\":300,\"height\":300,\"caption\":\"Sitsesp\"},\"image\":{\"@id\":\"https:\/\/www.sitsesp.org.br\/novo\/#\/schema\/logo\/image\/\"}},{\"@type\":\"Person\",\"@id\":\"https:\/\/www.sitsesp.org.br\/novo\/#\/schema\/person\/28e42eec160f373e81d0183b3643edbf\",\"name\":\"imprensa\",\"image\":{\"@type\":\"ImageObject\",\"inLanguage\":\"pt-BR\",\"@id\":\"https:\/\/www.sitsesp.org.br\/novo\/#\/schema\/person\/image\/\",\"url\":\"https:\/\/secure.gravatar.com\/avatar\/8d6ccd8d7d52b8959f34154e87d3fa29?s=96&d=mm&r=g\",\"contentUrl\":\"https:\/\/secure.gravatar.com\/avatar\/8d6ccd8d7d52b8959f34154e87d3fa29?s=96&d=mm&r=g\",\"caption\":\"imprensa\"}}]}<\/script>\n<!-- \/ Yoast SEO plugin. -->","yoast_head_json":{"title":"SITSESP EM MOVIMENTO | SITSESP CONTINUA COM MARATONA DE VISITAS AOS CENTROS - SITSESP","robots":{"index":"index","follow":"follow","max-snippet":"max-snippet:-1","max-image-preview":"max-image-preview:large","max-video-preview":"max-video-preview:-1"},"canonical":"https:\/\/www.sitsesp.org.br\/novo\/sitsesp-em-movimento-sitsesp-continua-com-maratona-de-visitas-aos-centros\/","og_locale":"pt_BR","og_type":"article","og_title":"SITSESP EM MOVIMENTO | SITSESP CONTINUA COM MARATONA DE VISITAS AOS CENTROS - SITSESP","og_description":"A Gest\u00e3o Reconstru\u00e7\u00e3o e Luta SITSESP continua com a maratona de visitas aos Centros da Funda\u00e7\u00e3o CASA. Na segunda-feira (07) os&hellip;","og_url":"https:\/\/www.sitsesp.org.br\/novo\/sitsesp-em-movimento-sitsesp-continua-com-maratona-de-visitas-aos-centros\/","og_site_name":"SITSESP","article_published_time":"2023-08-09T11:05:14+00:00","article_modified_time":"2023-08-11T21:41:07+00:00","og_image":[{"width":800,"height":450,"url":"https:\/\/www.sitsesp.org.br\/novo\/wp-content\/uploads\/2023\/08\/WhatsApp-Image-2023-08-08-at-14.14.59.jpeg","type":"image\/jpeg"}],"author":"imprensa","twitter_card":"summary_large_image","twitter_misc":{"Escrito por":"imprensa","Est. tempo de leitura":"1 minuto"},"schema":{"@context":"https:\/\/schema.org","@graph":[{"@type":"Article","@id":"https:\/\/www.sitsesp.org.br\/novo\/sitsesp-em-movimento-sitsesp-continua-com-maratona-de-visitas-aos-centros\/#article","isPartOf":{"@id":"https:\/\/www.sitsesp.org.br\/novo\/sitsesp-em-movimento-sitsesp-continua-com-maratona-de-visitas-aos-centros\/"},"author":{"name":"imprensa","@id":"https:\/\/www.sitsesp.org.br\/novo\/#\/schema\/person\/28e42eec160f373e81d0183b3643edbf"},"headline":"SITSESP EM MOVIMENTO | SITSESP CONTINUA COM MARATONA DE VISITAS AOS CENTROS","datePublished":"2023-08-09T11:05:14+00:00","dateModified":"2023-08-11T21:41:07+00:00","mainEntityOfPage":{"@id":"https:\/\/www.sitsesp.org.br\/novo\/sitsesp-em-movimento-sitsesp-continua-com-maratona-de-visitas-aos-centros\/"},"wordCount":128,"commentCount":0,"publisher":{"@id":"https:\/\/www.sitsesp.org.br\/novo\/#organization"},"image":{"@id":"https:\/\/www.sitsesp.org.br\/novo\/sitsesp-em-movimento-sitsesp-continua-com-maratona-de-visitas-aos-centros\/#primaryimage"},"thumbnailUrl":"https:\/\/www.sitsesp.org.br\/novo\/wp-content\/uploads\/2023\/08\/WhatsApp-Image-2023-08-08-at-14.14.59.jpeg","articleSection":["Destaque","Noticias"],"inLanguage":"pt-BR","potentialAction":[{"@type":"CommentAction","name":"Comment","target":["https:\/\/www.sitsesp.org.br\/novo\/sitsesp-em-movimento-sitsesp-continua-com-maratona-de-visitas-aos-centros\/#respond"]}]},{"@type":"WebPage","@id":"https:\/\/www.sitsesp.org.br\/novo\/sitsesp-em-movimento-sitsesp-continua-com-maratona-de-visitas-aos-centros\/","url":"https:\/\/www.sitsesp.org.br\/novo\/sitsesp-em-movimento-sitsesp-continua-com-maratona-de-visitas-aos-centros\/","name":"SITSESP EM MOVIMENTO | SITSESP CONTINUA COM MARATONA DE VISITAS AOS CENTROS - SITSESP","isPartOf":{"@id":"https:\/\/www.sitsesp.org.br\/novo\/#website"},"primaryImageOfPage":{"@id":"https:\/\/www.sitsesp.org.br\/novo\/sitsesp-em-movimento-sitsesp-continua-com-maratona-de-visitas-aos-centros\/#primaryimage"},"image":{"@id":"https:\/\/www.sitsesp.org.br\/novo\/sitsesp-em-movimento-sitsesp-continua-com-maratona-de-visitas-aos-centros\/#primaryimage"},"thumbnailUrl":"https:\/\/www.sitsesp.org.br\/novo\/wp-content\/uploads\/2023\/08\/WhatsApp-Image-2023-08-08-at-14.14.59.jpeg","datePublished":"2023-08-09T11:05:14+00:00","dateModified":"2023-08-11T21:41:07+00:00","breadcrumb":{"@id":"https:\/\/www.sitsesp.org.br\/novo\/sitsesp-em-movimento-sitsesp-continua-com-maratona-de-visitas-aos-centros\/#breadcrumb"},"inLanguage":"pt-BR","potentialAction":[{"@type":"ReadAction","target":["https:\/\/www.sitsesp.org.br\/novo\/sitsesp-em-movimento-sitsesp-continua-com-maratona-de-visitas-aos-centros\/"]}]},{"@type":"ImageObject","inLanguage":"pt-BR","@id":"https:\/\/www.sitsesp.org.br\/novo\/sitsesp-em-movimento-sitsesp-continua-com-maratona-de-visitas-aos-centros\/#primaryimage","url":"https:\/\/www.sitsesp.org.br\/novo\/wp-content\/uploads\/2023\/08\/WhatsApp-Image-2023-08-08-at-14.14.59.jpeg","contentUrl":"https:\/\/www.sitsesp.org.br\/novo\/wp-content\/uploads\/2023\/08\/WhatsApp-Image-2023-08-08-at-14.14.59.jpeg","width":800,"height":450},{"@type":"BreadcrumbList","@id":"https:\/\/www.sitsesp.org.br\/novo\/sitsesp-em-movimento-sitsesp-continua-com-maratona-de-visitas-aos-centros\/#breadcrumb","itemListElement":[{"@type":"ListItem","position":1,"name":"In\u00edcio","item":"https:\/\/www.sitsesp.org.br\/novo\/"},{"@type":"ListItem","position":2,"name":"SITSESP EM MOVIMENTO | SITSESP CONTINUA COM MARATONA DE VISITAS AOS CENTROS"}]},{"@type":"WebSite","@id":"https:\/\/www.sitsesp.org.br\/novo\/#website","url":"https:\/\/www.sitsesp.org.br\/novo\/","name":"Sitsesp","description":"SIndicato da Socioeduca\u00e7\u00e3o do Estado de S\u00e3o Paulo","publisher":{"@id":"https:\/\/www.sitsesp.org.br\/novo\/#organization"},"potentialAction":[{"@type":"SearchAction","target":{"@type":"EntryPoint","urlTemplate":"https:\/\/www.sitsesp.org.br\/novo\/?s={search_term_string}"},"query-input":"required name=search_term_string"}],"inLanguage":"pt-BR"},{"@type":"Organization","@id":"https:\/\/www.sitsesp.org.br\/novo\/#organization","name":"Sitsesp","url":"https:\/\/www.sitsesp.org.br\/novo\/","logo":{"@type":"ImageObject","inLanguage":"pt-BR","@id":"https:\/\/www.sitsesp.org.br\/novo\/#\/schema\/logo\/image\/","url":"https:\/\/www.sitsesp.org.br\/novo\/wp-content\/uploads\/2020\/09\/Design-sem-nome-1.jpg","contentUrl":"https:\/\/www.sitsesp.org.br\/novo\/wp-content\/uploads\/2020\/09\/Design-sem-nome-1.jpg","width":300,"height":300,"caption":"Sitsesp"},"image":{"@id":"https:\/\/www.sitsesp.org.br\/novo\/#\/schema\/logo\/image\/"}},{"@type":"Person","@id":"https:\/\/www.sitsesp.org.br\/novo\/#\/schema\/person\/28e42eec160f373e81d0183b3643edbf","name":"imprensa","image":{"@type":"ImageObject","inLanguage":"pt-BR","@id":"https:\/\/www.sitsesp.org.br\/novo\/#\/schema\/person\/image\/","url":"https:\/\/secure.gravatar.com\/avatar\/8d6ccd8d7d52b8959f34154e87d3fa29?s=96&d=mm&r=g","contentUrl":"https:\/\/secure.gravatar.com\/avatar\/8d6ccd8d7d52b8959f34154e87d3fa29?s=96&d=mm&r=g","caption":"imprensa"}}]}},"_links":{"self":[{"href":"https:\/\/www.sitsesp.org.br\/novo\/wp-json\/wp\/v2\/posts\/12142"}],"collection":[{"href":"https:\/\/www.sitsesp.org.br\/novo\/wp-json\/wp\/v2\/posts"}],"about":[{"href":"https:\/\/www.sitsesp.org.br\/novo\/wp-json\/wp\/v2\/types\/post"}],"author":[{"embeddable":true,"href":"https:\/\/www.sitsesp.org.br\/novo\/wp-json\/wp\/v2\/users\/5"}],"replies":[{"embeddable":true,"href":"https:\/\/www.sitsesp.org.br\/novo\/wp-json\/wp\/v2\/comments?post=12142"}],"version-history":[{"count":3,"href":"https:\/\/www.sitsesp.org.br\/novo\/wp-json\/wp\/v2\/posts\/12142\/revisions"}],"predecessor-version":[{"id":12183,"href":"https:\/\/www.sitsesp.org.br\/novo\/wp-json\/wp\/v2\/posts\/12142\/revisions\/12183"}],"wp:featuredmedia":[{"embeddable":true,"href":"https:\/\/www.sitsesp.org.br\/novo\/wp-json\/wp\/v2\/media\/12145"}],"wp:attachment":[{"href":"https:\/\/www.sitsesp.org.br\/novo\/wp-json\/wp\/v2\/media?parent=12142"}],"wp:term":[{"taxonomy":"category","embeddable":true,"href":"https:\/\/www.sitsesp.org.br\/novo\/wp-json\/wp\/v2\/categories?post=12142"},{"taxonomy":"post_tag","embeddable":true,"href":"https:\/\/www.sitsesp.org.br\/novo\/wp-json\/wp\/v2\/tags?post=12142"}],"curies":[{"name":"wp","href":"https:\/\/api.w.org\/{rel}","templated":true}]}}