{"id":12159,"date":"2023-08-11T18:35:50","date_gmt":"2023-08-11T21:35:50","guid":{"rendered":"https:\/\/sitsesp.org.br\/novo\/?p=12159"},"modified":"2023-08-12T08:21:12","modified_gmt":"2023-08-12T11:21:12","slug":"sitsesp-em-movimento-diretores-visitam-drs-e-dro","status":"publish","type":"post","link":"https:\/\/www.sitsesp.org.br\/novo\/sitsesp-em-movimento-diretores-visitam-drs-e-dro\/","title":{"rendered":"SITSESP EM MOVIMENTO | DIRETORES VISITAM DRS e DRO"},"content":{"rendered":"<p><!-- VideographyWP Plugin Message: Automatic video embedding prevented by plugin options. --><\/p>\n<div>Continuando com o mutir\u00e3o de visitas do SITSESP, a presidente Claudia Maria e os diretores sindicais Cesar Horta, Israel Leal e Ata\u00edde de Assis, apoiados pelos delegados(as) sindicais Luciene, Juarez, Aline Alonso, Beto Lopes, Gildo, e Jos\u00e9 Boff, visitaram v\u00e1rios Centros dentro das Divis\u00f5es Regionais DRS e DRO com o objetivo de levar informa\u00e7\u00f5es sobre o diss\u00eddio coletivo, tirar d\u00favidas dos trabalhadores, entregar os informativos sindicais, captar as demandas dos servidores e realizar v\u00e1rias filia\u00e7\u00f5es para a entidade sindical.<\/div>\n<div><\/div>\n<div>Foi uma semana de visitas bastante produtivas e as conversas com os servidores foram muito participativas, o que nos deixa convencidos de que estamos no caminho certo e gratificados pelo reconhecimento que os trabalhadores est\u00e3o manifestando pelo trabalho \u00e1rduo em prol da categoria que a Gest\u00e3o Reconstru\u00e7\u00e3o e Luta SITSESP vem realizando.<\/div>\n<div><\/div>\n<div>Muitos trabalhadores(as) apresentaram d\u00favidas sobre a validade do diss\u00eddio e das cl\u00e1usulas acordadas com a Funda\u00e7\u00e3o CASA. O fato \u00e9 que houveram embargos pela Funda\u00e7\u00e3o CASA e tamb\u00e9m pela entidade sindical, mas todas as 45 cl\u00e1usulas consolidadas no diss\u00eddio est\u00e3o valendo desde o dia 03\/08 e ficaremos no aguardo do julgamento dos embargos pelo TRT (assim que houver a data do julgamento dos embargos a imprensa sindical comunicar\u00e1 oficialmente a categoria).<\/div>\n<div><\/div>\n<div>Foi orientado aos servidores que solicitem suas demandas (por exemplo, a quarta folga da enfermagem, o hor\u00e1rio de banco, a portaria 356\/21 escala\/rod\u00edzio, etc.) junto aos administrativos por escrito, em e-mail, dando prazo de 48 horas para a resposta. Caso a Funda\u00e7\u00e3o CASA negue o pedido ou n\u00e3o se manifeste, a orienta\u00e7\u00e3o \u00e9 entrar em contato com o sindicato para que se fa\u00e7a cumprir a cl\u00e1usula 44. O sindicato, ent\u00e3o, marcar\u00e1 uma reuni\u00e3o, em 48 horas, para discutir o assunto e cobrar o cumprimento do diss\u00eddio com pena de multa em favor do trabalhador(a).<\/div>\n<div><\/div>\n<div>A equipe de dirigentes sindicais esteve em visitas desde o in\u00edcio da semana nos Centros do Complexo Cerqueira C\u00e9sar, Iaras, Botucatu, Mar\u00edlia, Bauru, Complexo Lins, Ara\u00e7atuba, Irapuru, Presidente Bernardes, Mirassol e Semiliberdade S\u00e3o Jos\u00e9 do Rio Preto.<\/div>\n<div><\/div>\n<div>O SITSESP tem uma grande gratid\u00e3o aos seus diretores e delegados sindicais que deixam, por dias, suas fam\u00edlias para realizar um trabalho junto \u00e0 categoria voluntariamente dentro da gest\u00e3o sindical.<\/div>\n<div>\n<div id=\"penci-post-gallery__7308\" class=\"penci-post-gallery-container justified column-3\" data-height=\"150\" data-margin=\"3\"><a class=\"item-gallery-justified\" href=\"https:\/\/www.sitsesp.org.br\/novo\/wp-content\/uploads\/2023\/08\/WhatsApp-Image-2023-08-11-at-10.09.28.jpeg\"><img decoding=\"async\" src=\"https:\/\/www.sitsesp.org.br\/novo\/wp-content\/uploads\/2023\/08\/WhatsApp-Image-2023-08-11-at-10.09.28-585x329.jpeg\" alt=\"\" title=\"WhatsApp Image 2023-08-11 at 10.09.28\"><\/a><a class=\"item-gallery-justified\" href=\"https:\/\/www.sitsesp.org.br\/novo\/wp-content\/uploads\/2023\/08\/WhatsApp-Image-2023-08-11-at-08.48.59.jpeg\"><img decoding=\"async\" src=\"https:\/\/www.sitsesp.org.br\/novo\/wp-content\/uploads\/2023\/08\/WhatsApp-Image-2023-08-11-at-08.48.59-585x329.jpeg\" alt=\"\" title=\"WhatsApp Image 2023-08-11 at 08.48.59\"><\/a><a class=\"item-gallery-justified\" href=\"https:\/\/www.sitsesp.org.br\/novo\/wp-content\/uploads\/2023\/08\/WhatsApp-Image-2023-08-11-at-08.48.40.jpeg\"><img decoding=\"async\" src=\"https:\/\/www.sitsesp.org.br\/novo\/wp-content\/uploads\/2023\/08\/WhatsApp-Image-2023-08-11-at-08.48.40-585x263.jpeg\" alt=\"\" title=\"WhatsApp Image 2023-08-11 at 08.48.40\"><\/a><a class=\"item-gallery-justified\" href=\"https:\/\/www.sitsesp.org.br\/novo\/wp-content\/uploads\/2023\/08\/WhatsApp-Image-2023-08-11-at-08.48.52.jpeg\"><img decoding=\"async\" src=\"https:\/\/www.sitsesp.org.br\/novo\/wp-content\/uploads\/2023\/08\/WhatsApp-Image-2023-08-11-at-08.48.52-585x329.jpeg\" alt=\"\" title=\"WhatsApp Image 2023-08-11 at 08.48.52\"><\/a><a class=\"item-gallery-justified\" href=\"https:\/\/www.sitsesp.org.br\/novo\/wp-content\/uploads\/2023\/08\/WhatsApp-Image-2023-08-11-at-08.49.04.jpeg\"><img decoding=\"async\" src=\"https:\/\/www.sitsesp.org.br\/novo\/wp-content\/uploads\/2023\/08\/WhatsApp-Image-2023-08-11-at-08.49.04-585x329.jpeg\" alt=\"\" title=\"WhatsApp Image 2023-08-11 at 08.49.04\"><\/a><a class=\"item-gallery-justified\" href=\"https:\/\/www.sitsesp.org.br\/novo\/wp-content\/uploads\/2023\/08\/WhatsApp-Image-2023-08-11-at-08.49.32.jpeg\"><img decoding=\"async\" src=\"https:\/\/www.sitsesp.org.br\/novo\/wp-content\/uploads\/2023\/08\/WhatsApp-Image-2023-08-11-at-08.49.32-585x439.jpeg\" alt=\"\" title=\"WhatsApp Image 2023-08-11 at 08.49.32\"><\/a><a class=\"item-gallery-justified\" href=\"https:\/\/www.sitsesp.org.br\/novo\/wp-content\/uploads\/2023\/08\/WhatsApp-Image-2023-08-11-at-08.49.10.jpeg\"><img decoding=\"async\" src=\"https:\/\/www.sitsesp.org.br\/novo\/wp-content\/uploads\/2023\/08\/WhatsApp-Image-2023-08-11-at-08.49.10-585x329.jpeg\" alt=\"\" title=\"WhatsApp Image 2023-08-11 at 08.49.10\"><\/a><a class=\"item-gallery-justified\" href=\"https:\/\/www.sitsesp.org.br\/novo\/wp-content\/uploads\/2023\/08\/WhatsApp-Image-2023-08-11-at-08.49.08.jpeg\"><img decoding=\"async\" src=\"https:\/\/www.sitsesp.org.br\/novo\/wp-content\/uploads\/2023\/08\/WhatsApp-Image-2023-08-11-at-08.49.08-585x329.jpeg\" alt=\"\" title=\"WhatsApp Image 2023-08-11 at 08.49.08\"><\/a><a class=\"item-gallery-justified\" href=\"https:\/\/www.sitsesp.org.br\/novo\/wp-content\/uploads\/2023\/08\/WhatsApp-Image-2023-08-11-at-08.49.07.jpeg\"><img decoding=\"async\" src=\"https:\/\/www.sitsesp.org.br\/novo\/wp-content\/uploads\/2023\/08\/WhatsApp-Image-2023-08-11-at-08.49.07-585x329.jpeg\" alt=\"\" title=\"WhatsApp Image 2023-08-11 at 08.49.07\"><\/a><a class=\"item-gallery-justified\" href=\"https:\/\/www.sitsesp.org.br\/novo\/wp-content\/uploads\/2023\/08\/WhatsApp-Image-2023-08-11-at-08.49.06.jpeg\"><img decoding=\"async\" src=\"https:\/\/www.sitsesp.org.br\/novo\/wp-content\/uploads\/2023\/08\/WhatsApp-Image-2023-08-11-at-08.49.06-585x329.jpeg\" alt=\"\" title=\"WhatsApp Image 2023-08-11 at 08.49.06\"><\/a><a class=\"item-gallery-justified\" href=\"https:\/\/www.sitsesp.org.br\/novo\/wp-content\/uploads\/2023\/08\/WhatsApp-Image-2023-08-11-at-08.49.04-1.jpeg\"><img decoding=\"async\" src=\"https:\/\/www.sitsesp.org.br\/novo\/wp-content\/uploads\/2023\/08\/WhatsApp-Image-2023-08-11-at-08.49.04-1-585x329.jpeg\" alt=\"\" title=\"WhatsApp Image 2023-08-11 at 08.49.04 (1)\"><\/a><a class=\"item-gallery-justified\" href=\"https:\/\/www.sitsesp.org.br\/novo\/wp-content\/uploads\/2023\/08\/WhatsApp-Image-2023-08-11-at-08.49.01-1.jpeg\"><img decoding=\"async\" src=\"https:\/\/www.sitsesp.org.br\/novo\/wp-content\/uploads\/2023\/08\/WhatsApp-Image-2023-08-11-at-08.49.01-1-585x329.jpeg\" alt=\"\" title=\"WhatsApp Image 2023-08-11 at 08.49.01 (1)\"><\/a><a class=\"item-gallery-justified\" href=\"https:\/\/www.sitsesp.org.br\/novo\/wp-content\/uploads\/2023\/08\/WhatsApp-Image-2023-08-11-at-08.49.00.jpeg\"><img decoding=\"async\" src=\"https:\/\/www.sitsesp.org.br\/novo\/wp-content\/uploads\/2023\/08\/WhatsApp-Image-2023-08-11-at-08.49.00-585x329.jpeg\" alt=\"\" title=\"WhatsApp Image 2023-08-11 at 08.49.00\"><\/a><a class=\"item-gallery-justified\" href=\"https:\/\/www.sitsesp.org.br\/novo\/wp-content\/uploads\/2023\/08\/WhatsApp-Image-2023-08-11-at-08.48.58.jpeg\"><img decoding=\"async\" src=\"https:\/\/www.sitsesp.org.br\/novo\/wp-content\/uploads\/2023\/08\/WhatsApp-Image-2023-08-11-at-08.48.58-585x329.jpeg\" alt=\"\" title=\"WhatsApp Image 2023-08-11 at 08.48.58\"><\/a><a class=\"item-gallery-justified\" href=\"https:\/\/www.sitsesp.org.br\/novo\/wp-content\/uploads\/2023\/08\/WhatsApp-Image-2023-08-11-at-08.48.57.jpeg\"><img decoding=\"async\" src=\"https:\/\/www.sitsesp.org.br\/novo\/wp-content\/uploads\/2023\/08\/WhatsApp-Image-2023-08-11-at-08.48.57-585x329.jpeg\" alt=\"\" title=\"WhatsApp Image 2023-08-11 at 08.48.57\"><\/a><a class=\"item-gallery-justified\" href=\"https:\/\/www.sitsesp.org.br\/novo\/wp-content\/uploads\/2023\/08\/WhatsApp-Image-2023-08-11-at-08.48.53.jpeg\"><img decoding=\"async\" src=\"https:\/\/www.sitsesp.org.br\/novo\/wp-content\/uploads\/2023\/08\/WhatsApp-Image-2023-08-11-at-08.48.53-585x329.jpeg\" alt=\"\" title=\"WhatsApp Image 2023-08-11 at 08.48.53\"><\/a><a class=\"item-gallery-justified\" href=\"https:\/\/www.sitsesp.org.br\/novo\/wp-content\/uploads\/2023\/08\/WhatsApp-Image-2023-08-11-at-08.48.48.jpeg\"><img decoding=\"async\" src=\"https:\/\/www.sitsesp.org.br\/novo\/wp-content\/uploads\/2023\/08\/WhatsApp-Image-2023-08-11-at-08.48.48-585x329.jpeg\" alt=\"\" title=\"WhatsApp Image 2023-08-11 at 08.48.48\"><\/a><a class=\"item-gallery-justified\" href=\"https:\/\/www.sitsesp.org.br\/novo\/wp-content\/uploads\/2023\/08\/WhatsApp-Image-2023-08-11-at-08.48.47.jpeg\"><img decoding=\"async\" src=\"https:\/\/www.sitsesp.org.br\/novo\/wp-content\/uploads\/2023\/08\/WhatsApp-Image-2023-08-11-at-08.48.47-585x263.jpeg\" alt=\"\" title=\"WhatsApp Image 2023-08-11 at 08.48.47\"><\/a><a class=\"item-gallery-justified\" href=\"https:\/\/www.sitsesp.org.br\/novo\/wp-content\/uploads\/2023\/08\/WhatsApp-Image-2023-08-12-at-07.35.36.jpeg\"><img decoding=\"async\" src=\"https:\/\/www.sitsesp.org.br\/novo\/wp-content\/uploads\/2023\/08\/WhatsApp-Image-2023-08-12-at-07.35.36-585x439.jpeg\" alt=\"\"><\/a><\/div>\n<\/div>\n<div><\/div>\n<div><strong>O SITSESP \u00c9 DE TODOS, PARA TODOS, TRABALHANDO COM TODOS &#8211; SEJA UM FILIADO SITSESP E PARTICIPE DA LUTA<\/strong><\/div>\n","protected":false},"excerpt":{"rendered":"<p>Continuando com o mutir\u00e3o de visitas do SITSESP, a presidente Claudia Maria e os diretores sindicais Cesar Horta, Israel Leal e&hellip;<\/p>\n","protected":false},"author":5,"featured_media":12179,"comment_status":"open","ping_status":"open","sticky":false,"template":"","format":"standard","meta":{"cybocfi_hide_featured_image":"","footnotes":""},"categories":[27,22],"tags":[],"yoast_head":"<!-- This site is optimized with the Yoast SEO plugin v22.8 - https:\/\/yoast.com\/wordpress\/plugins\/seo\/ -->\n<title>SITSESP EM MOVIMENTO | DIRETORES VISITAM DRS e DRO - SITSESP<\/title>\n<meta name=\"robots\" content=\"index, follow, max-snippet:-1, max-image-preview:large, max-video-preview:-1\" \/>\n<link rel=\"canonical\" href=\"https:\/\/www.sitsesp.org.br\/novo\/sitsesp-em-movimento-diretores-visitam-drs-e-dro\/\" \/>\n<meta property=\"og:locale\" content=\"pt_BR\" \/>\n<meta property=\"og:type\" content=\"article\" \/>\n<meta property=\"og:title\" content=\"SITSESP EM MOVIMENTO | DIRETORES VISITAM DRS e DRO - SITSESP\" \/>\n<meta property=\"og:description\" content=\"Continuando com o mutir\u00e3o de visitas do SITSESP, a presidente Claudia Maria e os diretores sindicais Cesar Horta, Israel Leal e&hellip;\" \/>\n<meta property=\"og:url\" content=\"https:\/\/www.sitsesp.org.br\/novo\/sitsesp-em-movimento-diretores-visitam-drs-e-dro\/\" \/>\n<meta property=\"og:site_name\" content=\"SITSESP\" \/>\n<meta property=\"article:published_time\" content=\"2023-08-11T21:35:50+00:00\" \/>\n<meta property=\"article:modified_time\" content=\"2023-08-12T11:21:12+00:00\" \/>\n<meta property=\"og:image\" content=\"https:\/\/www.sitsesp.org.br\/novo\/wp-content\/uploads\/2023\/08\/sitsesp1108.jpg\" \/>\n\t<meta property=\"og:image:width\" content=\"800\" \/>\n\t<meta property=\"og:image:height\" content=\"800\" \/>\n\t<meta property=\"og:image:type\" content=\"image\/jpeg\" \/>\n<meta name=\"author\" content=\"imprensa\" \/>\n<meta name=\"twitter:card\" content=\"summary_large_image\" \/>\n<meta name=\"twitter:label1\" content=\"Escrito por\" \/>\n\t<meta name=\"twitter:data1\" content=\"imprensa\" \/>\n\t<meta name=\"twitter:label2\" content=\"Est. tempo de leitura\" \/>\n\t<meta name=\"twitter:data2\" content=\"3 minutos\" \/>\n<script type=\"application\/ld+json\" class=\"yoast-schema-graph\">{\"@context\":\"https:\/\/schema.org\",\"@graph\":[{\"@type\":\"Article\",\"@id\":\"https:\/\/www.sitsesp.org.br\/novo\/sitsesp-em-movimento-diretores-visitam-drs-e-dro\/#article\",\"isPartOf\":{\"@id\":\"https:\/\/www.sitsesp.org.br\/novo\/sitsesp-em-movimento-diretores-visitam-drs-e-dro\/\"},\"author\":{\"name\":\"imprensa\",\"@id\":\"https:\/\/www.sitsesp.org.br\/novo\/#\/schema\/person\/28e42eec160f373e81d0183b3643edbf\"},\"headline\":\"SITSESP EM MOVIMENTO | DIRETORES VISITAM DRS e DRO\",\"datePublished\":\"2023-08-11T21:35:50+00:00\",\"dateModified\":\"2023-08-12T11:21:12+00:00\",\"mainEntityOfPage\":{\"@id\":\"https:\/\/www.sitsesp.org.br\/novo\/sitsesp-em-movimento-diretores-visitam-drs-e-dro\/\"},\"wordCount\":427,\"commentCount\":0,\"publisher\":{\"@id\":\"https:\/\/www.sitsesp.org.br\/novo\/#organization\"},\"image\":{\"@id\":\"https:\/\/www.sitsesp.org.br\/novo\/sitsesp-em-movimento-diretores-visitam-drs-e-dro\/#primaryimage\"},\"thumbnailUrl\":\"https:\/\/www.sitsesp.org.br\/novo\/wp-content\/uploads\/2023\/08\/sitsesp1108.jpg\",\"articleSection\":[\"Destaque\",\"Noticias\"],\"inLanguage\":\"pt-BR\",\"potentialAction\":[{\"@type\":\"CommentAction\",\"name\":\"Comment\",\"target\":[\"https:\/\/www.sitsesp.org.br\/novo\/sitsesp-em-movimento-diretores-visitam-drs-e-dro\/#respond\"]}]},{\"@type\":\"WebPage\",\"@id\":\"https:\/\/www.sitsesp.org.br\/novo\/sitsesp-em-movimento-diretores-visitam-drs-e-dro\/\",\"url\":\"https:\/\/www.sitsesp.org.br\/novo\/sitsesp-em-movimento-diretores-visitam-drs-e-dro\/\",\"name\":\"SITSESP EM MOVIMENTO | DIRETORES VISITAM DRS e DRO - SITSESP\",\"isPartOf\":{\"@id\":\"https:\/\/www.sitsesp.org.br\/novo\/#website\"},\"primaryImageOfPage\":{\"@id\":\"https:\/\/www.sitsesp.org.br\/novo\/sitsesp-em-movimento-diretores-visitam-drs-e-dro\/#primaryimage\"},\"image\":{\"@id\":\"https:\/\/www.sitsesp.org.br\/novo\/sitsesp-em-movimento-diretores-visitam-drs-e-dro\/#primaryimage\"},\"thumbnailUrl\":\"https:\/\/www.sitsesp.org.br\/novo\/wp-content\/uploads\/2023\/08\/sitsesp1108.jpg\",\"datePublished\":\"2023-08-11T21:35:50+00:00\",\"dateModified\":\"2023-08-12T11:21:12+00:00\",\"breadcrumb\":{\"@id\":\"https:\/\/www.sitsesp.org.br\/novo\/sitsesp-em-movimento-diretores-visitam-drs-e-dro\/#breadcrumb\"},\"inLanguage\":\"pt-BR\",\"potentialAction\":[{\"@type\":\"ReadAction\",\"target\":[\"https:\/\/www.sitsesp.org.br\/novo\/sitsesp-em-movimento-diretores-visitam-drs-e-dro\/\"]}]},{\"@type\":\"ImageObject\",\"inLanguage\":\"pt-BR\",\"@id\":\"https:\/\/www.sitsesp.org.br\/novo\/sitsesp-em-movimento-diretores-visitam-drs-e-dro\/#primaryimage\",\"url\":\"https:\/\/www.sitsesp.org.br\/novo\/wp-content\/uploads\/2023\/08\/sitsesp1108.jpg\",\"contentUrl\":\"https:\/\/www.sitsesp.org.br\/novo\/wp-content\/uploads\/2023\/08\/sitsesp1108.jpg\",\"width\":800,\"height\":800},{\"@type\":\"BreadcrumbList\",\"@id\":\"https:\/\/www.sitsesp.org.br\/novo\/sitsesp-em-movimento-diretores-visitam-drs-e-dro\/#breadcrumb\",\"itemListElement\":[{\"@type\":\"ListItem\",\"position\":1,\"name\":\"In\u00edcio\",\"item\":\"https:\/\/www.sitsesp.org.br\/novo\/\"},{\"@type\":\"ListItem\",\"position\":2,\"name\":\"SITSESP EM MOVIMENTO | DIRETORES VISITAM DRS e DRO\"}]},{\"@type\":\"WebSite\",\"@id\":\"https:\/\/www.sitsesp.org.br\/novo\/#website\",\"url\":\"https:\/\/www.sitsesp.org.br\/novo\/\",\"name\":\"Sitsesp\",\"description\":\"SIndicato da Socioeduca\u00e7\u00e3o do Estado de S\u00e3o Paulo\",\"publisher\":{\"@id\":\"https:\/\/www.sitsesp.org.br\/novo\/#organization\"},\"potentialAction\":[{\"@type\":\"SearchAction\",\"target\":{\"@type\":\"EntryPoint\",\"urlTemplate\":\"https:\/\/www.sitsesp.org.br\/novo\/?s={search_term_string}\"},\"query-input\":\"required name=search_term_string\"}],\"inLanguage\":\"pt-BR\"},{\"@type\":\"Organization\",\"@id\":\"https:\/\/www.sitsesp.org.br\/novo\/#organization\",\"name\":\"Sitsesp\",\"url\":\"https:\/\/www.sitsesp.org.br\/novo\/\",\"logo\":{\"@type\":\"ImageObject\",\"inLanguage\":\"pt-BR\",\"@id\":\"https:\/\/www.sitsesp.org.br\/novo\/#\/schema\/logo\/image\/\",\"url\":\"https:\/\/www.sitsesp.org.br\/novo\/wp-content\/uploads\/2020\/09\/Design-sem-nome-1.jpg\",\"contentUrl\":\"https:\/\/www.sitsesp.org.br\/novo\/wp-content\/uploads\/2020\/09\/Design-sem-nome-1.jpg\",\"width\":300,\"height\":300,\"caption\":\"Sitsesp\"},\"image\":{\"@id\":\"https:\/\/www.sitsesp.org.br\/novo\/#\/schema\/logo\/image\/\"}},{\"@type\":\"Person\",\"@id\":\"https:\/\/www.sitsesp.org.br\/novo\/#\/schema\/person\/28e42eec160f373e81d0183b3643edbf\",\"name\":\"imprensa\",\"image\":{\"@type\":\"ImageObject\",\"inLanguage\":\"pt-BR\",\"@id\":\"https:\/\/www.sitsesp.org.br\/novo\/#\/schema\/person\/image\/\",\"url\":\"https:\/\/secure.gravatar.com\/avatar\/8d6ccd8d7d52b8959f34154e87d3fa29?s=96&d=mm&r=g\",\"contentUrl\":\"https:\/\/secure.gravatar.com\/avatar\/8d6ccd8d7d52b8959f34154e87d3fa29?s=96&d=mm&r=g\",\"caption\":\"imprensa\"}}]}<\/script>\n<!-- \/ Yoast SEO plugin. -->","yoast_head_json":{"title":"SITSESP EM MOVIMENTO | DIRETORES VISITAM DRS e DRO - SITSESP","robots":{"index":"index","follow":"follow","max-snippet":"max-snippet:-1","max-image-preview":"max-image-preview:large","max-video-preview":"max-video-preview:-1"},"canonical":"https:\/\/www.sitsesp.org.br\/novo\/sitsesp-em-movimento-diretores-visitam-drs-e-dro\/","og_locale":"pt_BR","og_type":"article","og_title":"SITSESP EM MOVIMENTO | DIRETORES VISITAM DRS e DRO - SITSESP","og_description":"Continuando com o mutir\u00e3o de visitas do SITSESP, a presidente Claudia Maria e os diretores sindicais Cesar Horta, Israel Leal e&hellip;","og_url":"https:\/\/www.sitsesp.org.br\/novo\/sitsesp-em-movimento-diretores-visitam-drs-e-dro\/","og_site_name":"SITSESP","article_published_time":"2023-08-11T21:35:50+00:00","article_modified_time":"2023-08-12T11:21:12+00:00","og_image":[{"width":800,"height":800,"url":"https:\/\/www.sitsesp.org.br\/novo\/wp-content\/uploads\/2023\/08\/sitsesp1108.jpg","type":"image\/jpeg"}],"author":"imprensa","twitter_card":"summary_large_image","twitter_misc":{"Escrito por":"imprensa","Est. tempo de leitura":"3 minutos"},"schema":{"@context":"https:\/\/schema.org","@graph":[{"@type":"Article","@id":"https:\/\/www.sitsesp.org.br\/novo\/sitsesp-em-movimento-diretores-visitam-drs-e-dro\/#article","isPartOf":{"@id":"https:\/\/www.sitsesp.org.br\/novo\/sitsesp-em-movimento-diretores-visitam-drs-e-dro\/"},"author":{"name":"imprensa","@id":"https:\/\/www.sitsesp.org.br\/novo\/#\/schema\/person\/28e42eec160f373e81d0183b3643edbf"},"headline":"SITSESP EM MOVIMENTO | DIRETORES VISITAM DRS e DRO","datePublished":"2023-08-11T21:35:50+00:00","dateModified":"2023-08-12T11:21:12+00:00","mainEntityOfPage":{"@id":"https:\/\/www.sitsesp.org.br\/novo\/sitsesp-em-movimento-diretores-visitam-drs-e-dro\/"},"wordCount":427,"commentCount":0,"publisher":{"@id":"https:\/\/www.sitsesp.org.br\/novo\/#organization"},"image":{"@id":"https:\/\/www.sitsesp.org.br\/novo\/sitsesp-em-movimento-diretores-visitam-drs-e-dro\/#primaryimage"},"thumbnailUrl":"https:\/\/www.sitsesp.org.br\/novo\/wp-content\/uploads\/2023\/08\/sitsesp1108.jpg","articleSection":["Destaque","Noticias"],"inLanguage":"pt-BR","potentialAction":[{"@type":"CommentAction","name":"Comment","target":["https:\/\/www.sitsesp.org.br\/novo\/sitsesp-em-movimento-diretores-visitam-drs-e-dro\/#respond"]}]},{"@type":"WebPage","@id":"https:\/\/www.sitsesp.org.br\/novo\/sitsesp-em-movimento-diretores-visitam-drs-e-dro\/","url":"https:\/\/www.sitsesp.org.br\/novo\/sitsesp-em-movimento-diretores-visitam-drs-e-dro\/","name":"SITSESP EM MOVIMENTO | DIRETORES VISITAM DRS e DRO - SITSESP","isPartOf":{"@id":"https:\/\/www.sitsesp.org.br\/novo\/#website"},"primaryImageOfPage":{"@id":"https:\/\/www.sitsesp.org.br\/novo\/sitsesp-em-movimento-diretores-visitam-drs-e-dro\/#primaryimage"},"image":{"@id":"https:\/\/www.sitsesp.org.br\/novo\/sitsesp-em-movimento-diretores-visitam-drs-e-dro\/#primaryimage"},"thumbnailUrl":"https:\/\/www.sitsesp.org.br\/novo\/wp-content\/uploads\/2023\/08\/sitsesp1108.jpg","datePublished":"2023-08-11T21:35:50+00:00","dateModified":"2023-08-12T11:21:12+00:00","breadcrumb":{"@id":"https:\/\/www.sitsesp.org.br\/novo\/sitsesp-em-movimento-diretores-visitam-drs-e-dro\/#breadcrumb"},"inLanguage":"pt-BR","potentialAction":[{"@type":"ReadAction","target":["https:\/\/www.sitsesp.org.br\/novo\/sitsesp-em-movimento-diretores-visitam-drs-e-dro\/"]}]},{"@type":"ImageObject","inLanguage":"pt-BR","@id":"https:\/\/www.sitsesp.org.br\/novo\/sitsesp-em-movimento-diretores-visitam-drs-e-dro\/#primaryimage","url":"https:\/\/www.sitsesp.org.br\/novo\/wp-content\/uploads\/2023\/08\/sitsesp1108.jpg","contentUrl":"https:\/\/www.sitsesp.org.br\/novo\/wp-content\/uploads\/2023\/08\/sitsesp1108.jpg","width":800,"height":800},{"@type":"BreadcrumbList","@id":"https:\/\/www.sitsesp.org.br\/novo\/sitsesp-em-movimento-diretores-visitam-drs-e-dro\/#breadcrumb","itemListElement":[{"@type":"ListItem","position":1,"name":"In\u00edcio","item":"https:\/\/www.sitsesp.org.br\/novo\/"},{"@type":"ListItem","position":2,"name":"SITSESP EM MOVIMENTO | DIRETORES VISITAM DRS e DRO"}]},{"@type":"WebSite","@id":"https:\/\/www.sitsesp.org.br\/novo\/#website","url":"https:\/\/www.sitsesp.org.br\/novo\/","name":"Sitsesp","description":"SIndicato da Socioeduca\u00e7\u00e3o do Estado de S\u00e3o Paulo","publisher":{"@id":"https:\/\/www.sitsesp.org.br\/novo\/#organization"},"potentialAction":[{"@type":"SearchAction","target":{"@type":"EntryPoint","urlTemplate":"https:\/\/www.sitsesp.org.br\/novo\/?s={search_term_string}"},"query-input":"required name=search_term_string"}],"inLanguage":"pt-BR"},{"@type":"Organization","@id":"https:\/\/www.sitsesp.org.br\/novo\/#organization","name":"Sitsesp","url":"https:\/\/www.sitsesp.org.br\/novo\/","logo":{"@type":"ImageObject","inLanguage":"pt-BR","@id":"https:\/\/www.sitsesp.org.br\/novo\/#\/schema\/logo\/image\/","url":"https:\/\/www.sitsesp.org.br\/novo\/wp-content\/uploads\/2020\/09\/Design-sem-nome-1.jpg","contentUrl":"https:\/\/www.sitsesp.org.br\/novo\/wp-content\/uploads\/2020\/09\/Design-sem-nome-1.jpg","width":300,"height":300,"caption":"Sitsesp"},"image":{"@id":"https:\/\/www.sitsesp.org.br\/novo\/#\/schema\/logo\/image\/"}},{"@type":"Person","@id":"https:\/\/www.sitsesp.org.br\/novo\/#\/schema\/person\/28e42eec160f373e81d0183b3643edbf","name":"imprensa","image":{"@type":"ImageObject","inLanguage":"pt-BR","@id":"https:\/\/www.sitsesp.org.br\/novo\/#\/schema\/person\/image\/","url":"https:\/\/secure.gravatar.com\/avatar\/8d6ccd8d7d52b8959f34154e87d3fa29?s=96&d=mm&r=g","contentUrl":"https:\/\/secure.gravatar.com\/avatar\/8d6ccd8d7d52b8959f34154e87d3fa29?s=96&d=mm&r=g","caption":"imprensa"}}]}},"_links":{"self":[{"href":"https:\/\/www.sitsesp.org.br\/novo\/wp-json\/wp\/v2\/posts\/12159"}],"collection":[{"href":"https:\/\/www.sitsesp.org.br\/novo\/wp-json\/wp\/v2\/posts"}],"about":[{"href":"https:\/\/www.sitsesp.org.br\/novo\/wp-json\/wp\/v2\/types\/post"}],"author":[{"embeddable":true,"href":"https:\/\/www.sitsesp.org.br\/novo\/wp-json\/wp\/v2\/users\/5"}],"replies":[{"embeddable":true,"href":"https:\/\/www.sitsesp.org.br\/novo\/wp-json\/wp\/v2\/comments?post=12159"}],"version-history":[{"count":3,"href":"https:\/\/www.sitsesp.org.br\/novo\/wp-json\/wp\/v2\/posts\/12159\/revisions"}],"predecessor-version":[{"id":12186,"href":"https:\/\/www.sitsesp.org.br\/novo\/wp-json\/wp\/v2\/posts\/12159\/revisions\/12186"}],"wp:featuredmedia":[{"embeddable":true,"href":"https:\/\/www.sitsesp.org.br\/novo\/wp-json\/wp\/v2\/media\/12179"}],"wp:attachment":[{"href":"https:\/\/www.sitsesp.org.br\/novo\/wp-json\/wp\/v2\/media?parent=12159"}],"wp:term":[{"taxonomy":"category","embeddable":true,"href":"https:\/\/www.sitsesp.org.br\/novo\/wp-json\/wp\/v2\/categories?post=12159"},{"taxonomy":"post_tag","embeddable":true,"href":"https:\/\/www.sitsesp.org.br\/novo\/wp-json\/wp\/v2\/tags?post=12159"}],"curies":[{"name":"wp","href":"https:\/\/api.w.org\/{rel}","templated":true}]}}