{"id":12434,"date":"2023-10-10T11:23:53","date_gmt":"2023-10-10T14:23:53","guid":{"rendered":"https:\/\/sitsesp.org.br\/novo\/?p=12434"},"modified":"2023-10-10T11:24:41","modified_gmt":"2023-10-10T14:24:41","slug":"sitsesp-em-brasilia-reuniao-com-ministerio-dos-direitos-humanos-e-cidadania","status":"publish","type":"post","link":"https:\/\/www.sitsesp.org.br\/novo\/sitsesp-em-brasilia-reuniao-com-ministerio-dos-direitos-humanos-e-cidadania\/","title":{"rendered":"SITSESP EM BRAS\u00cdLIA | REUNI\u00c3O COM MINIST\u00c9RIO DOS DIREITOS HUMANOS E CIDADANIA\u00a0"},"content":{"rendered":"<p><!-- VideographyWP Plugin Message: Automatic video embedding prevented by plugin options. --><\/p>\n<div><\/div>\n<div>Na segunda-feira, 09 de outubro, o SITSESP, representado por sua presidente Cl\u00e1udia Maria e pelos diretores Cesar Horta e Renata Michelim juntamente com o diretores sindicais Jo\u00e3o Rodrigues (RJ) e Wagner Sim\u00f5es (MG),\u00a0 estiveram com o Minist\u00e9rio dos Direitos Humanos e Cidadania para buscar apoio contra o projeto do desgoverno de Tarc\u00edsio que quer uma PPP para Funda\u00e7\u00e3o CASA. Que oferece uma precariza\u00e7\u00e3o da nossa carreira atrav\u00e9s do cumprimento do decreto presidencial das PPP\u2019s das gest\u00f5es anteriores.<\/div>\n<div><\/div>\n<div>Nesta oportunidade fomos recebidos pela Coordenadora-Geral do Sistema Nacional de Atendimento Socioeducativo \u2013 SINASE,\u00a0 Mayara Silva de Souza, e pelo Secret\u00e1rio Nacional de Atendimento Socioeducativo \u2013 SINASE, Claudio Vieira, que afirmou\u00a0 que o Governo Federal n\u00e3o \u00e9 favor\u00e1vel \u00e0 privatiza\u00e7\u00e3o do Sistema Socioeducativo. Que no momento ir\u00e3o cumprir apenas o contrato vigente, observando que todos os crit\u00e9rios do SINASE sejam cumpridos.<\/div>\n<div><\/div>\n<div>Tamb\u00e9m foi discutido o ingresso do Sistema Socioeducativo no SUSP e fomos informados que h\u00e1 a inten\u00e7\u00e3o do Governo em\u00a0 Regulamentar a Carreira Nacional da profiss\u00e3o, desta forma, segundo o Secret\u00e1rio Cl\u00e1udio Vieira, isso valorizar\u00e1 todo o corpo funcional do Sistema Socioeducativo.<\/div>\n<div><\/div>\n<div><strong>O SITSESP \u00c9 DE TODOS, PARA TODOS, TRABALHANDO COM TODOS \u2013 SEJA UM FILIADO SITSESP E PARTICIPE DA LUTA<\/strong><\/div>\n","protected":false},"excerpt":{"rendered":"<p>Na segunda-feira, 09 de outubro, o SITSESP, representado por sua presidente Cl\u00e1udia Maria e pelos diretores Cesar Horta e Renata Michelim&hellip;<\/p>\n","protected":false},"author":5,"featured_media":12435,"comment_status":"open","ping_status":"open","sticky":false,"template":"","format":"standard","meta":{"cybocfi_hide_featured_image":"","footnotes":""},"categories":[27,22],"tags":[],"yoast_head":"<!-- This site is optimized with the Yoast SEO plugin v22.8 - https:\/\/yoast.com\/wordpress\/plugins\/seo\/ -->\n<title>SITSESP EM BRAS\u00cdLIA | REUNI\u00c3O COM MINIST\u00c9RIO DOS DIREITOS HUMANOS E CIDADANIA\u00a0 - SITSESP<\/title>\n<meta name=\"robots\" content=\"index, follow, max-snippet:-1, max-image-preview:large, max-video-preview:-1\" \/>\n<link rel=\"canonical\" href=\"https:\/\/www.sitsesp.org.br\/novo\/sitsesp-em-brasilia-reuniao-com-ministerio-dos-direitos-humanos-e-cidadania\/\" \/>\n<meta property=\"og:locale\" content=\"pt_BR\" \/>\n<meta property=\"og:type\" content=\"article\" \/>\n<meta property=\"og:title\" content=\"SITSESP EM BRAS\u00cdLIA | REUNI\u00c3O COM MINIST\u00c9RIO DOS DIREITOS HUMANOS E CIDADANIA\u00a0 - SITSESP\" \/>\n<meta property=\"og:description\" content=\"Na segunda-feira, 09 de outubro, o SITSESP, representado por sua presidente Cl\u00e1udia Maria e pelos diretores Cesar Horta e Renata Michelim&hellip;\" \/>\n<meta property=\"og:url\" content=\"https:\/\/www.sitsesp.org.br\/novo\/sitsesp-em-brasilia-reuniao-com-ministerio-dos-direitos-humanos-e-cidadania\/\" \/>\n<meta property=\"og:site_name\" content=\"SITSESP\" \/>\n<meta property=\"article:published_time\" content=\"2023-10-10T14:23:53+00:00\" \/>\n<meta property=\"article:modified_time\" content=\"2023-10-10T14:24:41+00:00\" \/>\n<meta property=\"og:image\" content=\"https:\/\/www.sitsesp.org.br\/novo\/wp-content\/uploads\/2023\/10\/WhatsApp-Image-2023-10-10-at-11.10.56.jpeg\" \/>\n\t<meta property=\"og:image:width\" content=\"800\" \/>\n\t<meta property=\"og:image:height\" content=\"440\" \/>\n\t<meta property=\"og:image:type\" content=\"image\/jpeg\" \/>\n<meta name=\"author\" content=\"imprensa\" \/>\n<meta name=\"twitter:card\" content=\"summary_large_image\" \/>\n<meta name=\"twitter:label1\" content=\"Escrito por\" \/>\n\t<meta name=\"twitter:data1\" content=\"imprensa\" \/>\n\t<meta name=\"twitter:label2\" content=\"Est. tempo de leitura\" \/>\n\t<meta name=\"twitter:data2\" content=\"2 minutos\" \/>\n<script type=\"application\/ld+json\" class=\"yoast-schema-graph\">{\"@context\":\"https:\/\/schema.org\",\"@graph\":[{\"@type\":\"Article\",\"@id\":\"https:\/\/www.sitsesp.org.br\/novo\/sitsesp-em-brasilia-reuniao-com-ministerio-dos-direitos-humanos-e-cidadania\/#article\",\"isPartOf\":{\"@id\":\"https:\/\/www.sitsesp.org.br\/novo\/sitsesp-em-brasilia-reuniao-com-ministerio-dos-direitos-humanos-e-cidadania\/\"},\"author\":{\"name\":\"imprensa\",\"@id\":\"https:\/\/www.sitsesp.org.br\/novo\/#\/schema\/person\/28e42eec160f373e81d0183b3643edbf\"},\"headline\":\"SITSESP EM BRAS\u00cdLIA | REUNI\u00c3O COM MINIST\u00c9RIO DOS DIREITOS HUMANOS E CIDADANIA\u00a0\",\"datePublished\":\"2023-10-10T14:23:53+00:00\",\"dateModified\":\"2023-10-10T14:24:41+00:00\",\"mainEntityOfPage\":{\"@id\":\"https:\/\/www.sitsesp.org.br\/novo\/sitsesp-em-brasilia-reuniao-com-ministerio-dos-direitos-humanos-e-cidadania\/\"},\"wordCount\":227,\"commentCount\":0,\"publisher\":{\"@id\":\"https:\/\/www.sitsesp.org.br\/novo\/#organization\"},\"image\":{\"@id\":\"https:\/\/www.sitsesp.org.br\/novo\/sitsesp-em-brasilia-reuniao-com-ministerio-dos-direitos-humanos-e-cidadania\/#primaryimage\"},\"thumbnailUrl\":\"https:\/\/www.sitsesp.org.br\/novo\/wp-content\/uploads\/2023\/10\/WhatsApp-Image-2023-10-10-at-11.10.56.jpeg\",\"articleSection\":[\"Destaque\",\"Noticias\"],\"inLanguage\":\"pt-BR\",\"potentialAction\":[{\"@type\":\"CommentAction\",\"name\":\"Comment\",\"target\":[\"https:\/\/www.sitsesp.org.br\/novo\/sitsesp-em-brasilia-reuniao-com-ministerio-dos-direitos-humanos-e-cidadania\/#respond\"]}]},{\"@type\":\"WebPage\",\"@id\":\"https:\/\/www.sitsesp.org.br\/novo\/sitsesp-em-brasilia-reuniao-com-ministerio-dos-direitos-humanos-e-cidadania\/\",\"url\":\"https:\/\/www.sitsesp.org.br\/novo\/sitsesp-em-brasilia-reuniao-com-ministerio-dos-direitos-humanos-e-cidadania\/\",\"name\":\"SITSESP EM BRAS\u00cdLIA | REUNI\u00c3O COM MINIST\u00c9RIO DOS DIREITOS HUMANOS E CIDADANIA\u00a0 - SITSESP\",\"isPartOf\":{\"@id\":\"https:\/\/www.sitsesp.org.br\/novo\/#website\"},\"primaryImageOfPage\":{\"@id\":\"https:\/\/www.sitsesp.org.br\/novo\/sitsesp-em-brasilia-reuniao-com-ministerio-dos-direitos-humanos-e-cidadania\/#primaryimage\"},\"image\":{\"@id\":\"https:\/\/www.sitsesp.org.br\/novo\/sitsesp-em-brasilia-reuniao-com-ministerio-dos-direitos-humanos-e-cidadania\/#primaryimage\"},\"thumbnailUrl\":\"https:\/\/www.sitsesp.org.br\/novo\/wp-content\/uploads\/2023\/10\/WhatsApp-Image-2023-10-10-at-11.10.56.jpeg\",\"datePublished\":\"2023-10-10T14:23:53+00:00\",\"dateModified\":\"2023-10-10T14:24:41+00:00\",\"breadcrumb\":{\"@id\":\"https:\/\/www.sitsesp.org.br\/novo\/sitsesp-em-brasilia-reuniao-com-ministerio-dos-direitos-humanos-e-cidadania\/#breadcrumb\"},\"inLanguage\":\"pt-BR\",\"potentialAction\":[{\"@type\":\"ReadAction\",\"target\":[\"https:\/\/www.sitsesp.org.br\/novo\/sitsesp-em-brasilia-reuniao-com-ministerio-dos-direitos-humanos-e-cidadania\/\"]}]},{\"@type\":\"ImageObject\",\"inLanguage\":\"pt-BR\",\"@id\":\"https:\/\/www.sitsesp.org.br\/novo\/sitsesp-em-brasilia-reuniao-com-ministerio-dos-direitos-humanos-e-cidadania\/#primaryimage\",\"url\":\"https:\/\/www.sitsesp.org.br\/novo\/wp-content\/uploads\/2023\/10\/WhatsApp-Image-2023-10-10-at-11.10.56.jpeg\",\"contentUrl\":\"https:\/\/www.sitsesp.org.br\/novo\/wp-content\/uploads\/2023\/10\/WhatsApp-Image-2023-10-10-at-11.10.56.jpeg\",\"width\":800,\"height\":440},{\"@type\":\"BreadcrumbList\",\"@id\":\"https:\/\/www.sitsesp.org.br\/novo\/sitsesp-em-brasilia-reuniao-com-ministerio-dos-direitos-humanos-e-cidadania\/#breadcrumb\",\"itemListElement\":[{\"@type\":\"ListItem\",\"position\":1,\"name\":\"In\u00edcio\",\"item\":\"https:\/\/www.sitsesp.org.br\/novo\/\"},{\"@type\":\"ListItem\",\"position\":2,\"name\":\"SITSESP EM BRAS\u00cdLIA | REUNI\u00c3O COM MINIST\u00c9RIO DOS DIREITOS HUMANOS E CIDADANIA\u00a0\"}]},{\"@type\":\"WebSite\",\"@id\":\"https:\/\/www.sitsesp.org.br\/novo\/#website\",\"url\":\"https:\/\/www.sitsesp.org.br\/novo\/\",\"name\":\"Sitsesp\",\"description\":\"SIndicato da Socioeduca\u00e7\u00e3o do Estado de S\u00e3o Paulo\",\"publisher\":{\"@id\":\"https:\/\/www.sitsesp.org.br\/novo\/#organization\"},\"potentialAction\":[{\"@type\":\"SearchAction\",\"target\":{\"@type\":\"EntryPoint\",\"urlTemplate\":\"https:\/\/www.sitsesp.org.br\/novo\/?s={search_term_string}\"},\"query-input\":\"required name=search_term_string\"}],\"inLanguage\":\"pt-BR\"},{\"@type\":\"Organization\",\"@id\":\"https:\/\/www.sitsesp.org.br\/novo\/#organization\",\"name\":\"Sitsesp\",\"url\":\"https:\/\/www.sitsesp.org.br\/novo\/\",\"logo\":{\"@type\":\"ImageObject\",\"inLanguage\":\"pt-BR\",\"@id\":\"https:\/\/www.sitsesp.org.br\/novo\/#\/schema\/logo\/image\/\",\"url\":\"https:\/\/www.sitsesp.org.br\/novo\/wp-content\/uploads\/2020\/09\/Design-sem-nome-1.jpg\",\"contentUrl\":\"https:\/\/www.sitsesp.org.br\/novo\/wp-content\/uploads\/2020\/09\/Design-sem-nome-1.jpg\",\"width\":300,\"height\":300,\"caption\":\"Sitsesp\"},\"image\":{\"@id\":\"https:\/\/www.sitsesp.org.br\/novo\/#\/schema\/logo\/image\/\"}},{\"@type\":\"Person\",\"@id\":\"https:\/\/www.sitsesp.org.br\/novo\/#\/schema\/person\/28e42eec160f373e81d0183b3643edbf\",\"name\":\"imprensa\",\"image\":{\"@type\":\"ImageObject\",\"inLanguage\":\"pt-BR\",\"@id\":\"https:\/\/www.sitsesp.org.br\/novo\/#\/schema\/person\/image\/\",\"url\":\"https:\/\/secure.gravatar.com\/avatar\/8d6ccd8d7d52b8959f34154e87d3fa29?s=96&d=mm&r=g\",\"contentUrl\":\"https:\/\/secure.gravatar.com\/avatar\/8d6ccd8d7d52b8959f34154e87d3fa29?s=96&d=mm&r=g\",\"caption\":\"imprensa\"}}]}<\/script>\n<!-- \/ Yoast SEO plugin. -->","yoast_head_json":{"title":"SITSESP EM BRAS\u00cdLIA | REUNI\u00c3O COM MINIST\u00c9RIO DOS DIREITOS HUMANOS E CIDADANIA\u00a0 - SITSESP","robots":{"index":"index","follow":"follow","max-snippet":"max-snippet:-1","max-image-preview":"max-image-preview:large","max-video-preview":"max-video-preview:-1"},"canonical":"https:\/\/www.sitsesp.org.br\/novo\/sitsesp-em-brasilia-reuniao-com-ministerio-dos-direitos-humanos-e-cidadania\/","og_locale":"pt_BR","og_type":"article","og_title":"SITSESP EM BRAS\u00cdLIA | REUNI\u00c3O COM MINIST\u00c9RIO DOS DIREITOS HUMANOS E CIDADANIA\u00a0 - SITSESP","og_description":"Na segunda-feira, 09 de outubro, o SITSESP, representado por sua presidente Cl\u00e1udia Maria e pelos diretores Cesar Horta e Renata Michelim&hellip;","og_url":"https:\/\/www.sitsesp.org.br\/novo\/sitsesp-em-brasilia-reuniao-com-ministerio-dos-direitos-humanos-e-cidadania\/","og_site_name":"SITSESP","article_published_time":"2023-10-10T14:23:53+00:00","article_modified_time":"2023-10-10T14:24:41+00:00","og_image":[{"width":800,"height":440,"url":"https:\/\/www.sitsesp.org.br\/novo\/wp-content\/uploads\/2023\/10\/WhatsApp-Image-2023-10-10-at-11.10.56.jpeg","type":"image\/jpeg"}],"author":"imprensa","twitter_card":"summary_large_image","twitter_misc":{"Escrito por":"imprensa","Est. tempo de leitura":"2 minutos"},"schema":{"@context":"https:\/\/schema.org","@graph":[{"@type":"Article","@id":"https:\/\/www.sitsesp.org.br\/novo\/sitsesp-em-brasilia-reuniao-com-ministerio-dos-direitos-humanos-e-cidadania\/#article","isPartOf":{"@id":"https:\/\/www.sitsesp.org.br\/novo\/sitsesp-em-brasilia-reuniao-com-ministerio-dos-direitos-humanos-e-cidadania\/"},"author":{"name":"imprensa","@id":"https:\/\/www.sitsesp.org.br\/novo\/#\/schema\/person\/28e42eec160f373e81d0183b3643edbf"},"headline":"SITSESP EM BRAS\u00cdLIA | REUNI\u00c3O COM MINIST\u00c9RIO DOS DIREITOS HUMANOS E CIDADANIA\u00a0","datePublished":"2023-10-10T14:23:53+00:00","dateModified":"2023-10-10T14:24:41+00:00","mainEntityOfPage":{"@id":"https:\/\/www.sitsesp.org.br\/novo\/sitsesp-em-brasilia-reuniao-com-ministerio-dos-direitos-humanos-e-cidadania\/"},"wordCount":227,"commentCount":0,"publisher":{"@id":"https:\/\/www.sitsesp.org.br\/novo\/#organization"},"image":{"@id":"https:\/\/www.sitsesp.org.br\/novo\/sitsesp-em-brasilia-reuniao-com-ministerio-dos-direitos-humanos-e-cidadania\/#primaryimage"},"thumbnailUrl":"https:\/\/www.sitsesp.org.br\/novo\/wp-content\/uploads\/2023\/10\/WhatsApp-Image-2023-10-10-at-11.10.56.jpeg","articleSection":["Destaque","Noticias"],"inLanguage":"pt-BR","potentialAction":[{"@type":"CommentAction","name":"Comment","target":["https:\/\/www.sitsesp.org.br\/novo\/sitsesp-em-brasilia-reuniao-com-ministerio-dos-direitos-humanos-e-cidadania\/#respond"]}]},{"@type":"WebPage","@id":"https:\/\/www.sitsesp.org.br\/novo\/sitsesp-em-brasilia-reuniao-com-ministerio-dos-direitos-humanos-e-cidadania\/","url":"https:\/\/www.sitsesp.org.br\/novo\/sitsesp-em-brasilia-reuniao-com-ministerio-dos-direitos-humanos-e-cidadania\/","name":"SITSESP EM BRAS\u00cdLIA | REUNI\u00c3O COM MINIST\u00c9RIO DOS DIREITOS HUMANOS E CIDADANIA\u00a0 - SITSESP","isPartOf":{"@id":"https:\/\/www.sitsesp.org.br\/novo\/#website"},"primaryImageOfPage":{"@id":"https:\/\/www.sitsesp.org.br\/novo\/sitsesp-em-brasilia-reuniao-com-ministerio-dos-direitos-humanos-e-cidadania\/#primaryimage"},"image":{"@id":"https:\/\/www.sitsesp.org.br\/novo\/sitsesp-em-brasilia-reuniao-com-ministerio-dos-direitos-humanos-e-cidadania\/#primaryimage"},"thumbnailUrl":"https:\/\/www.sitsesp.org.br\/novo\/wp-content\/uploads\/2023\/10\/WhatsApp-Image-2023-10-10-at-11.10.56.jpeg","datePublished":"2023-10-10T14:23:53+00:00","dateModified":"2023-10-10T14:24:41+00:00","breadcrumb":{"@id":"https:\/\/www.sitsesp.org.br\/novo\/sitsesp-em-brasilia-reuniao-com-ministerio-dos-direitos-humanos-e-cidadania\/#breadcrumb"},"inLanguage":"pt-BR","potentialAction":[{"@type":"ReadAction","target":["https:\/\/www.sitsesp.org.br\/novo\/sitsesp-em-brasilia-reuniao-com-ministerio-dos-direitos-humanos-e-cidadania\/"]}]},{"@type":"ImageObject","inLanguage":"pt-BR","@id":"https:\/\/www.sitsesp.org.br\/novo\/sitsesp-em-brasilia-reuniao-com-ministerio-dos-direitos-humanos-e-cidadania\/#primaryimage","url":"https:\/\/www.sitsesp.org.br\/novo\/wp-content\/uploads\/2023\/10\/WhatsApp-Image-2023-10-10-at-11.10.56.jpeg","contentUrl":"https:\/\/www.sitsesp.org.br\/novo\/wp-content\/uploads\/2023\/10\/WhatsApp-Image-2023-10-10-at-11.10.56.jpeg","width":800,"height":440},{"@type":"BreadcrumbList","@id":"https:\/\/www.sitsesp.org.br\/novo\/sitsesp-em-brasilia-reuniao-com-ministerio-dos-direitos-humanos-e-cidadania\/#breadcrumb","itemListElement":[{"@type":"ListItem","position":1,"name":"In\u00edcio","item":"https:\/\/www.sitsesp.org.br\/novo\/"},{"@type":"ListItem","position":2,"name":"SITSESP EM BRAS\u00cdLIA | REUNI\u00c3O COM MINIST\u00c9RIO DOS DIREITOS HUMANOS E CIDADANIA\u00a0"}]},{"@type":"WebSite","@id":"https:\/\/www.sitsesp.org.br\/novo\/#website","url":"https:\/\/www.sitsesp.org.br\/novo\/","name":"Sitsesp","description":"SIndicato da Socioeduca\u00e7\u00e3o do Estado de S\u00e3o Paulo","publisher":{"@id":"https:\/\/www.sitsesp.org.br\/novo\/#organization"},"potentialAction":[{"@type":"SearchAction","target":{"@type":"EntryPoint","urlTemplate":"https:\/\/www.sitsesp.org.br\/novo\/?s={search_term_string}"},"query-input":"required name=search_term_string"}],"inLanguage":"pt-BR"},{"@type":"Organization","@id":"https:\/\/www.sitsesp.org.br\/novo\/#organization","name":"Sitsesp","url":"https:\/\/www.sitsesp.org.br\/novo\/","logo":{"@type":"ImageObject","inLanguage":"pt-BR","@id":"https:\/\/www.sitsesp.org.br\/novo\/#\/schema\/logo\/image\/","url":"https:\/\/www.sitsesp.org.br\/novo\/wp-content\/uploads\/2020\/09\/Design-sem-nome-1.jpg","contentUrl":"https:\/\/www.sitsesp.org.br\/novo\/wp-content\/uploads\/2020\/09\/Design-sem-nome-1.jpg","width":300,"height":300,"caption":"Sitsesp"},"image":{"@id":"https:\/\/www.sitsesp.org.br\/novo\/#\/schema\/logo\/image\/"}},{"@type":"Person","@id":"https:\/\/www.sitsesp.org.br\/novo\/#\/schema\/person\/28e42eec160f373e81d0183b3643edbf","name":"imprensa","image":{"@type":"ImageObject","inLanguage":"pt-BR","@id":"https:\/\/www.sitsesp.org.br\/novo\/#\/schema\/person\/image\/","url":"https:\/\/secure.gravatar.com\/avatar\/8d6ccd8d7d52b8959f34154e87d3fa29?s=96&d=mm&r=g","contentUrl":"https:\/\/secure.gravatar.com\/avatar\/8d6ccd8d7d52b8959f34154e87d3fa29?s=96&d=mm&r=g","caption":"imprensa"}}]}},"_links":{"self":[{"href":"https:\/\/www.sitsesp.org.br\/novo\/wp-json\/wp\/v2\/posts\/12434"}],"collection":[{"href":"https:\/\/www.sitsesp.org.br\/novo\/wp-json\/wp\/v2\/posts"}],"about":[{"href":"https:\/\/www.sitsesp.org.br\/novo\/wp-json\/wp\/v2\/types\/post"}],"author":[{"embeddable":true,"href":"https:\/\/www.sitsesp.org.br\/novo\/wp-json\/wp\/v2\/users\/5"}],"replies":[{"embeddable":true,"href":"https:\/\/www.sitsesp.org.br\/novo\/wp-json\/wp\/v2\/comments?post=12434"}],"version-history":[{"count":2,"href":"https:\/\/www.sitsesp.org.br\/novo\/wp-json\/wp\/v2\/posts\/12434\/revisions"}],"predecessor-version":[{"id":12437,"href":"https:\/\/www.sitsesp.org.br\/novo\/wp-json\/wp\/v2\/posts\/12434\/revisions\/12437"}],"wp:featuredmedia":[{"embeddable":true,"href":"https:\/\/www.sitsesp.org.br\/novo\/wp-json\/wp\/v2\/media\/12435"}],"wp:attachment":[{"href":"https:\/\/www.sitsesp.org.br\/novo\/wp-json\/wp\/v2\/media?parent=12434"}],"wp:term":[{"taxonomy":"category","embeddable":true,"href":"https:\/\/www.sitsesp.org.br\/novo\/wp-json\/wp\/v2\/categories?post=12434"},{"taxonomy":"post_tag","embeddable":true,"href":"https:\/\/www.sitsesp.org.br\/novo\/wp-json\/wp\/v2\/tags?post=12434"}],"curies":[{"name":"wp","href":"https:\/\/api.w.org\/{rel}","templated":true}]}}