{"id":12516,"date":"2023-10-28T12:07:47","date_gmt":"2023-10-28T15:07:47","guid":{"rendered":"https:\/\/sitsesp.org.br\/novo\/?p=12516"},"modified":"2023-10-28T12:38:48","modified_gmt":"2023-10-28T15:38:48","slug":"chegou-a-grande-final-para-valentynna-nascimento","status":"publish","type":"post","link":"https:\/\/www.sitsesp.org.br\/novo\/chegou-a-grande-final-para-valentynna-nascimento\/","title":{"rendered":"CHEGOU A GRANDE FINAL PARA VALENTYNNA NASCIMENTO"},"content":{"rendered":"<p><!-- VideographyWP Plugin Message: Automatic video embedding prevented by plugin options. --><\/p>\n<div>Em agosto o SITSESP fez uma a\u00e7\u00e3o social publicit\u00e1ria para divulgar a participa\u00e7\u00e3o de uma adolescente, filha do nosso colega de trabalho Josevan do Centro CASA Onix, no intuito de conseguir recursos para sua viagem \u00e0 Argentina, para participar de uma final de dan\u00e7a.<\/div>\n<div><\/div>\n<div>Pois esta final ser\u00e1 hoje (28), \u00e0s 19h00, transmitida pelo YouTube e Instagram da Valentynna.<\/div>\n<div><\/div>\n<div>\n<p>Ao nosso colega Josevan, a categoria socioeducativa, seus colegas de trabalho e a Gest\u00e3o Reconstru\u00e7\u00e3o e Luta\u00a0 SITSESP, ir\u00e3o torcer para que a Valentynna realize seus sonhos e tenha sucesso na sua escolha.<\/p>\n<p>Youtube:<a href=\"https:\/\/www.youtube.com\/watch?v=08oPsY275fY\"> https:\/\/www.youtube.com\/watch?v=08oPsY275fY<\/a><\/p>\n<\/div>\n<div>Instagram:<a href=\"https:\/\/www.instagram.com\/valen_danceofc\/\"> https:\/\/www.instagram.com\/valen_danceofc\/<\/a><\/div>\n<div><\/div>\n<div>Acompanhe pelos links anexos a mat\u00e9ria a grande final para Valentynna.<\/div>\n<div><\/div>\n<div>\n<div id=\"penci-post-gallery__85871\" class=\"penci-post-gallery-container justified column-2\" data-height=\"150\" data-margin=\"3\"><a class=\"item-gallery-justified\" href=\"https:\/\/www.sitsesp.org.br\/novo\/wp-content\/uploads\/2023\/10\/WhatsApp-Image-2023-10-28-at-12.34.39-1.jpeg\"><img decoding=\"async\" src=\"https:\/\/www.sitsesp.org.br\/novo\/wp-content\/uploads\/2023\/10\/WhatsApp-Image-2023-10-28-at-12.34.39-1.jpeg\" alt=\"\"><\/a><a class=\"item-gallery-justified\" href=\"https:\/\/www.sitsesp.org.br\/novo\/wp-content\/uploads\/2023\/10\/WhatsApp-Image-2023-10-28-at-12.34.39.jpeg\"><img decoding=\"async\" src=\"https:\/\/www.sitsesp.org.br\/novo\/wp-content\/uploads\/2023\/10\/WhatsApp-Image-2023-10-28-at-12.34.39.jpeg\" alt=\"\"><\/a><\/div>\n<\/div>\n<div><\/div>\n<div><strong>O SITSESP \u00c9 DE TODOS, PARA TODOS, TRABALHANDO COM TODOS \u2013 SEJA UM FILIADO SITSESP E PARTICIPE DA LUTA<\/strong><\/div>\n","protected":false},"excerpt":{"rendered":"<p>Em agosto o SITSESP fez uma a\u00e7\u00e3o social publicit\u00e1ria para divulgar a participa\u00e7\u00e3o de uma adolescente, filha do nosso colega de&hellip;<\/p>\n","protected":false},"author":5,"featured_media":12519,"comment_status":"open","ping_status":"open","sticky":false,"template":"","format":"standard","meta":{"cybocfi_hide_featured_image":"","footnotes":""},"categories":[22],"tags":[],"yoast_head":"<!-- This site is optimized with the Yoast SEO plugin v22.8 - https:\/\/yoast.com\/wordpress\/plugins\/seo\/ -->\n<title>CHEGOU A GRANDE FINAL PARA VALENTYNNA NASCIMENTO - SITSESP<\/title>\n<meta name=\"robots\" content=\"index, follow, max-snippet:-1, max-image-preview:large, max-video-preview:-1\" \/>\n<link rel=\"canonical\" href=\"https:\/\/www.sitsesp.org.br\/novo\/chegou-a-grande-final-para-valentynna-nascimento\/\" \/>\n<meta property=\"og:locale\" content=\"pt_BR\" \/>\n<meta property=\"og:type\" content=\"article\" \/>\n<meta property=\"og:title\" content=\"CHEGOU A GRANDE FINAL PARA VALENTYNNA NASCIMENTO - SITSESP\" \/>\n<meta property=\"og:description\" content=\"Em agosto o SITSESP fez uma a\u00e7\u00e3o social publicit\u00e1ria para divulgar a participa\u00e7\u00e3o de uma adolescente, filha do nosso colega de&hellip;\" \/>\n<meta property=\"og:url\" content=\"https:\/\/www.sitsesp.org.br\/novo\/chegou-a-grande-final-para-valentynna-nascimento\/\" \/>\n<meta property=\"og:site_name\" content=\"SITSESP\" \/>\n<meta property=\"article:published_time\" content=\"2023-10-28T15:07:47+00:00\" \/>\n<meta property=\"article:modified_time\" content=\"2023-10-28T15:38:48+00:00\" \/>\n<meta property=\"og:image\" content=\"https:\/\/www.sitsesp.org.br\/novo\/wp-content\/uploads\/2023\/10\/Finales-Matrix-Argentina-2023-DIA-I-1.jpg\" \/>\n\t<meta property=\"og:image:width\" content=\"800\" \/>\n\t<meta property=\"og:image:height\" content=\"450\" \/>\n\t<meta property=\"og:image:type\" content=\"image\/jpeg\" \/>\n<meta name=\"author\" content=\"imprensa\" \/>\n<meta name=\"twitter:card\" content=\"summary_large_image\" \/>\n<meta name=\"twitter:label1\" content=\"Escrito por\" \/>\n\t<meta name=\"twitter:data1\" content=\"imprensa\" \/>\n\t<meta name=\"twitter:label2\" content=\"Est. tempo de leitura\" \/>\n\t<meta name=\"twitter:data2\" content=\"1 minuto\" \/>\n<script type=\"application\/ld+json\" class=\"yoast-schema-graph\">{\"@context\":\"https:\/\/schema.org\",\"@graph\":[{\"@type\":\"Article\",\"@id\":\"https:\/\/www.sitsesp.org.br\/novo\/chegou-a-grande-final-para-valentynna-nascimento\/#article\",\"isPartOf\":{\"@id\":\"https:\/\/www.sitsesp.org.br\/novo\/chegou-a-grande-final-para-valentynna-nascimento\/\"},\"author\":{\"name\":\"imprensa\",\"@id\":\"https:\/\/www.sitsesp.org.br\/novo\/#\/schema\/person\/28e42eec160f373e81d0183b3643edbf\"},\"headline\":\"CHEGOU A GRANDE FINAL PARA VALENTYNNA NASCIMENTO\",\"datePublished\":\"2023-10-28T15:07:47+00:00\",\"dateModified\":\"2023-10-28T15:38:48+00:00\",\"mainEntityOfPage\":{\"@id\":\"https:\/\/www.sitsesp.org.br\/novo\/chegou-a-grande-final-para-valentynna-nascimento\/\"},\"wordCount\":154,\"commentCount\":0,\"publisher\":{\"@id\":\"https:\/\/www.sitsesp.org.br\/novo\/#organization\"},\"image\":{\"@id\":\"https:\/\/www.sitsesp.org.br\/novo\/chegou-a-grande-final-para-valentynna-nascimento\/#primaryimage\"},\"thumbnailUrl\":\"https:\/\/www.sitsesp.org.br\/novo\/wp-content\/uploads\/2023\/10\/Finales-Matrix-Argentina-2023-DIA-I-1.jpg\",\"articleSection\":[\"Noticias\"],\"inLanguage\":\"pt-BR\",\"potentialAction\":[{\"@type\":\"CommentAction\",\"name\":\"Comment\",\"target\":[\"https:\/\/www.sitsesp.org.br\/novo\/chegou-a-grande-final-para-valentynna-nascimento\/#respond\"]}]},{\"@type\":\"WebPage\",\"@id\":\"https:\/\/www.sitsesp.org.br\/novo\/chegou-a-grande-final-para-valentynna-nascimento\/\",\"url\":\"https:\/\/www.sitsesp.org.br\/novo\/chegou-a-grande-final-para-valentynna-nascimento\/\",\"name\":\"CHEGOU A GRANDE FINAL PARA VALENTYNNA NASCIMENTO - SITSESP\",\"isPartOf\":{\"@id\":\"https:\/\/www.sitsesp.org.br\/novo\/#website\"},\"primaryImageOfPage\":{\"@id\":\"https:\/\/www.sitsesp.org.br\/novo\/chegou-a-grande-final-para-valentynna-nascimento\/#primaryimage\"},\"image\":{\"@id\":\"https:\/\/www.sitsesp.org.br\/novo\/chegou-a-grande-final-para-valentynna-nascimento\/#primaryimage\"},\"thumbnailUrl\":\"https:\/\/www.sitsesp.org.br\/novo\/wp-content\/uploads\/2023\/10\/Finales-Matrix-Argentina-2023-DIA-I-1.jpg\",\"datePublished\":\"2023-10-28T15:07:47+00:00\",\"dateModified\":\"2023-10-28T15:38:48+00:00\",\"breadcrumb\":{\"@id\":\"https:\/\/www.sitsesp.org.br\/novo\/chegou-a-grande-final-para-valentynna-nascimento\/#breadcrumb\"},\"inLanguage\":\"pt-BR\",\"potentialAction\":[{\"@type\":\"ReadAction\",\"target\":[\"https:\/\/www.sitsesp.org.br\/novo\/chegou-a-grande-final-para-valentynna-nascimento\/\"]}]},{\"@type\":\"ImageObject\",\"inLanguage\":\"pt-BR\",\"@id\":\"https:\/\/www.sitsesp.org.br\/novo\/chegou-a-grande-final-para-valentynna-nascimento\/#primaryimage\",\"url\":\"https:\/\/www.sitsesp.org.br\/novo\/wp-content\/uploads\/2023\/10\/Finales-Matrix-Argentina-2023-DIA-I-1.jpg\",\"contentUrl\":\"https:\/\/www.sitsesp.org.br\/novo\/wp-content\/uploads\/2023\/10\/Finales-Matrix-Argentina-2023-DIA-I-1.jpg\",\"width\":800,\"height\":450},{\"@type\":\"BreadcrumbList\",\"@id\":\"https:\/\/www.sitsesp.org.br\/novo\/chegou-a-grande-final-para-valentynna-nascimento\/#breadcrumb\",\"itemListElement\":[{\"@type\":\"ListItem\",\"position\":1,\"name\":\"In\u00edcio\",\"item\":\"https:\/\/www.sitsesp.org.br\/novo\/\"},{\"@type\":\"ListItem\",\"position\":2,\"name\":\"CHEGOU A GRANDE FINAL PARA VALENTYNNA NASCIMENTO\"}]},{\"@type\":\"WebSite\",\"@id\":\"https:\/\/www.sitsesp.org.br\/novo\/#website\",\"url\":\"https:\/\/www.sitsesp.org.br\/novo\/\",\"name\":\"Sitsesp\",\"description\":\"SIndicato da Socioeduca\u00e7\u00e3o do Estado de S\u00e3o Paulo\",\"publisher\":{\"@id\":\"https:\/\/www.sitsesp.org.br\/novo\/#organization\"},\"potentialAction\":[{\"@type\":\"SearchAction\",\"target\":{\"@type\":\"EntryPoint\",\"urlTemplate\":\"https:\/\/www.sitsesp.org.br\/novo\/?s={search_term_string}\"},\"query-input\":\"required name=search_term_string\"}],\"inLanguage\":\"pt-BR\"},{\"@type\":\"Organization\",\"@id\":\"https:\/\/www.sitsesp.org.br\/novo\/#organization\",\"name\":\"Sitsesp\",\"url\":\"https:\/\/www.sitsesp.org.br\/novo\/\",\"logo\":{\"@type\":\"ImageObject\",\"inLanguage\":\"pt-BR\",\"@id\":\"https:\/\/www.sitsesp.org.br\/novo\/#\/schema\/logo\/image\/\",\"url\":\"https:\/\/www.sitsesp.org.br\/novo\/wp-content\/uploads\/2020\/09\/Design-sem-nome-1.jpg\",\"contentUrl\":\"https:\/\/www.sitsesp.org.br\/novo\/wp-content\/uploads\/2020\/09\/Design-sem-nome-1.jpg\",\"width\":300,\"height\":300,\"caption\":\"Sitsesp\"},\"image\":{\"@id\":\"https:\/\/www.sitsesp.org.br\/novo\/#\/schema\/logo\/image\/\"}},{\"@type\":\"Person\",\"@id\":\"https:\/\/www.sitsesp.org.br\/novo\/#\/schema\/person\/28e42eec160f373e81d0183b3643edbf\",\"name\":\"imprensa\",\"image\":{\"@type\":\"ImageObject\",\"inLanguage\":\"pt-BR\",\"@id\":\"https:\/\/www.sitsesp.org.br\/novo\/#\/schema\/person\/image\/\",\"url\":\"https:\/\/secure.gravatar.com\/avatar\/8d6ccd8d7d52b8959f34154e87d3fa29?s=96&d=mm&r=g\",\"contentUrl\":\"https:\/\/secure.gravatar.com\/avatar\/8d6ccd8d7d52b8959f34154e87d3fa29?s=96&d=mm&r=g\",\"caption\":\"imprensa\"}}]}<\/script>\n<!-- \/ Yoast SEO plugin. -->","yoast_head_json":{"title":"CHEGOU A GRANDE FINAL PARA VALENTYNNA NASCIMENTO - SITSESP","robots":{"index":"index","follow":"follow","max-snippet":"max-snippet:-1","max-image-preview":"max-image-preview:large","max-video-preview":"max-video-preview:-1"},"canonical":"https:\/\/www.sitsesp.org.br\/novo\/chegou-a-grande-final-para-valentynna-nascimento\/","og_locale":"pt_BR","og_type":"article","og_title":"CHEGOU A GRANDE FINAL PARA VALENTYNNA NASCIMENTO - SITSESP","og_description":"Em agosto o SITSESP fez uma a\u00e7\u00e3o social publicit\u00e1ria para divulgar a participa\u00e7\u00e3o de uma adolescente, filha do nosso colega de&hellip;","og_url":"https:\/\/www.sitsesp.org.br\/novo\/chegou-a-grande-final-para-valentynna-nascimento\/","og_site_name":"SITSESP","article_published_time":"2023-10-28T15:07:47+00:00","article_modified_time":"2023-10-28T15:38:48+00:00","og_image":[{"width":800,"height":450,"url":"https:\/\/www.sitsesp.org.br\/novo\/wp-content\/uploads\/2023\/10\/Finales-Matrix-Argentina-2023-DIA-I-1.jpg","type":"image\/jpeg"}],"author":"imprensa","twitter_card":"summary_large_image","twitter_misc":{"Escrito por":"imprensa","Est. tempo de leitura":"1 minuto"},"schema":{"@context":"https:\/\/schema.org","@graph":[{"@type":"Article","@id":"https:\/\/www.sitsesp.org.br\/novo\/chegou-a-grande-final-para-valentynna-nascimento\/#article","isPartOf":{"@id":"https:\/\/www.sitsesp.org.br\/novo\/chegou-a-grande-final-para-valentynna-nascimento\/"},"author":{"name":"imprensa","@id":"https:\/\/www.sitsesp.org.br\/novo\/#\/schema\/person\/28e42eec160f373e81d0183b3643edbf"},"headline":"CHEGOU A GRANDE FINAL PARA VALENTYNNA NASCIMENTO","datePublished":"2023-10-28T15:07:47+00:00","dateModified":"2023-10-28T15:38:48+00:00","mainEntityOfPage":{"@id":"https:\/\/www.sitsesp.org.br\/novo\/chegou-a-grande-final-para-valentynna-nascimento\/"},"wordCount":154,"commentCount":0,"publisher":{"@id":"https:\/\/www.sitsesp.org.br\/novo\/#organization"},"image":{"@id":"https:\/\/www.sitsesp.org.br\/novo\/chegou-a-grande-final-para-valentynna-nascimento\/#primaryimage"},"thumbnailUrl":"https:\/\/www.sitsesp.org.br\/novo\/wp-content\/uploads\/2023\/10\/Finales-Matrix-Argentina-2023-DIA-I-1.jpg","articleSection":["Noticias"],"inLanguage":"pt-BR","potentialAction":[{"@type":"CommentAction","name":"Comment","target":["https:\/\/www.sitsesp.org.br\/novo\/chegou-a-grande-final-para-valentynna-nascimento\/#respond"]}]},{"@type":"WebPage","@id":"https:\/\/www.sitsesp.org.br\/novo\/chegou-a-grande-final-para-valentynna-nascimento\/","url":"https:\/\/www.sitsesp.org.br\/novo\/chegou-a-grande-final-para-valentynna-nascimento\/","name":"CHEGOU A GRANDE FINAL PARA VALENTYNNA NASCIMENTO - SITSESP","isPartOf":{"@id":"https:\/\/www.sitsesp.org.br\/novo\/#website"},"primaryImageOfPage":{"@id":"https:\/\/www.sitsesp.org.br\/novo\/chegou-a-grande-final-para-valentynna-nascimento\/#primaryimage"},"image":{"@id":"https:\/\/www.sitsesp.org.br\/novo\/chegou-a-grande-final-para-valentynna-nascimento\/#primaryimage"},"thumbnailUrl":"https:\/\/www.sitsesp.org.br\/novo\/wp-content\/uploads\/2023\/10\/Finales-Matrix-Argentina-2023-DIA-I-1.jpg","datePublished":"2023-10-28T15:07:47+00:00","dateModified":"2023-10-28T15:38:48+00:00","breadcrumb":{"@id":"https:\/\/www.sitsesp.org.br\/novo\/chegou-a-grande-final-para-valentynna-nascimento\/#breadcrumb"},"inLanguage":"pt-BR","potentialAction":[{"@type":"ReadAction","target":["https:\/\/www.sitsesp.org.br\/novo\/chegou-a-grande-final-para-valentynna-nascimento\/"]}]},{"@type":"ImageObject","inLanguage":"pt-BR","@id":"https:\/\/www.sitsesp.org.br\/novo\/chegou-a-grande-final-para-valentynna-nascimento\/#primaryimage","url":"https:\/\/www.sitsesp.org.br\/novo\/wp-content\/uploads\/2023\/10\/Finales-Matrix-Argentina-2023-DIA-I-1.jpg","contentUrl":"https:\/\/www.sitsesp.org.br\/novo\/wp-content\/uploads\/2023\/10\/Finales-Matrix-Argentina-2023-DIA-I-1.jpg","width":800,"height":450},{"@type":"BreadcrumbList","@id":"https:\/\/www.sitsesp.org.br\/novo\/chegou-a-grande-final-para-valentynna-nascimento\/#breadcrumb","itemListElement":[{"@type":"ListItem","position":1,"name":"In\u00edcio","item":"https:\/\/www.sitsesp.org.br\/novo\/"},{"@type":"ListItem","position":2,"name":"CHEGOU A GRANDE FINAL PARA VALENTYNNA NASCIMENTO"}]},{"@type":"WebSite","@id":"https:\/\/www.sitsesp.org.br\/novo\/#website","url":"https:\/\/www.sitsesp.org.br\/novo\/","name":"Sitsesp","description":"SIndicato da Socioeduca\u00e7\u00e3o do Estado de S\u00e3o Paulo","publisher":{"@id":"https:\/\/www.sitsesp.org.br\/novo\/#organization"},"potentialAction":[{"@type":"SearchAction","target":{"@type":"EntryPoint","urlTemplate":"https:\/\/www.sitsesp.org.br\/novo\/?s={search_term_string}"},"query-input":"required name=search_term_string"}],"inLanguage":"pt-BR"},{"@type":"Organization","@id":"https:\/\/www.sitsesp.org.br\/novo\/#organization","name":"Sitsesp","url":"https:\/\/www.sitsesp.org.br\/novo\/","logo":{"@type":"ImageObject","inLanguage":"pt-BR","@id":"https:\/\/www.sitsesp.org.br\/novo\/#\/schema\/logo\/image\/","url":"https:\/\/www.sitsesp.org.br\/novo\/wp-content\/uploads\/2020\/09\/Design-sem-nome-1.jpg","contentUrl":"https:\/\/www.sitsesp.org.br\/novo\/wp-content\/uploads\/2020\/09\/Design-sem-nome-1.jpg","width":300,"height":300,"caption":"Sitsesp"},"image":{"@id":"https:\/\/www.sitsesp.org.br\/novo\/#\/schema\/logo\/image\/"}},{"@type":"Person","@id":"https:\/\/www.sitsesp.org.br\/novo\/#\/schema\/person\/28e42eec160f373e81d0183b3643edbf","name":"imprensa","image":{"@type":"ImageObject","inLanguage":"pt-BR","@id":"https:\/\/www.sitsesp.org.br\/novo\/#\/schema\/person\/image\/","url":"https:\/\/secure.gravatar.com\/avatar\/8d6ccd8d7d52b8959f34154e87d3fa29?s=96&d=mm&r=g","contentUrl":"https:\/\/secure.gravatar.com\/avatar\/8d6ccd8d7d52b8959f34154e87d3fa29?s=96&d=mm&r=g","caption":"imprensa"}}]}},"_links":{"self":[{"href":"https:\/\/www.sitsesp.org.br\/novo\/wp-json\/wp\/v2\/posts\/12516"}],"collection":[{"href":"https:\/\/www.sitsesp.org.br\/novo\/wp-json\/wp\/v2\/posts"}],"about":[{"href":"https:\/\/www.sitsesp.org.br\/novo\/wp-json\/wp\/v2\/types\/post"}],"author":[{"embeddable":true,"href":"https:\/\/www.sitsesp.org.br\/novo\/wp-json\/wp\/v2\/users\/5"}],"replies":[{"embeddable":true,"href":"https:\/\/www.sitsesp.org.br\/novo\/wp-json\/wp\/v2\/comments?post=12516"}],"version-history":[{"count":4,"href":"https:\/\/www.sitsesp.org.br\/novo\/wp-json\/wp\/v2\/posts\/12516\/revisions"}],"predecessor-version":[{"id":12524,"href":"https:\/\/www.sitsesp.org.br\/novo\/wp-json\/wp\/v2\/posts\/12516\/revisions\/12524"}],"wp:featuredmedia":[{"embeddable":true,"href":"https:\/\/www.sitsesp.org.br\/novo\/wp-json\/wp\/v2\/media\/12519"}],"wp:attachment":[{"href":"https:\/\/www.sitsesp.org.br\/novo\/wp-json\/wp\/v2\/media?parent=12516"}],"wp:term":[{"taxonomy":"category","embeddable":true,"href":"https:\/\/www.sitsesp.org.br\/novo\/wp-json\/wp\/v2\/categories?post=12516"},{"taxonomy":"post_tag","embeddable":true,"href":"https:\/\/www.sitsesp.org.br\/novo\/wp-json\/wp\/v2\/tags?post=12516"}],"curies":[{"name":"wp","href":"https:\/\/api.w.org\/{rel}","templated":true}]}}