{"id":12525,"date":"2023-10-30T11:52:19","date_gmt":"2023-10-30T14:52:19","guid":{"rendered":"https:\/\/sitsesp.org.br\/novo\/?p=12525"},"modified":"2023-10-30T11:52:19","modified_gmt":"2023-10-30T14:52:19","slug":"governo-federal-estuda-suspender-contrato-de-parceria-publico-privada-no-sistema-socioeducativo-de-minas-gerais","status":"publish","type":"post","link":"https:\/\/www.sitsesp.org.br\/novo\/governo-federal-estuda-suspender-contrato-de-parceria-publico-privada-no-sistema-socioeducativo-de-minas-gerais\/","title":{"rendered":"GOVERNO FEDERAL ESTUDA SUSPENDER CONTRATO DE PARCERIA P\u00daBLICO-PRIVADA NO SISTEMA SOCIOEDUCATIVO DE MINAS GERAIS"},"content":{"rendered":"<p><!-- VideographyWP Plugin Message: Automatic video embedding prevented by plugin options. --><\/p>\n<div>O governo federal, por meio do Minist\u00e9rio dos Direitos Humanos, estuda suspender o contrato de Parceria P\u00fablico-Privada, firmado em 2019, que passou a gest\u00e3o de duas unidades do sistema socioeducativo para a iniciativa privada no estado de Minas Gerais.<\/div>\n<div><\/div>\n<div>A consultoria jur\u00eddica do Minist\u00e9rio de Direitos Humanos afirmou ser poss\u00edvel rescindir o contrato da PPP pois seria inconstitucional transferir o cuidado socioeducativo de menores para a iniciativa privada.<\/div>\n<div><\/div>\n<div>O SITSESP esteve no in\u00edcio de outubro em Bras\u00edlia, onde se reuniu com o Minist\u00e9rio dos Direitos Humanos e solicitou que este barrasse o projeto do governador de S\u00e3o Paulo Tarc\u00edsio de implantar a PPP nas unidades da Funda\u00e7\u00e3o CASA de S\u00e3o Paulo.<\/div>\n<div><\/div>\n<div>O SITSESP \u00e9 contra toda iniciativa de privatiza\u00e7\u00e3o dos servi\u00e7os p\u00fablicos e continuar\u00e1 lutando por nossos direitos.<\/div>\n<div><\/div>\n<div><strong>Veja a mat\u00e9ria informando sobre a reuni\u00e3o do SITSESP ocorrida em Bras\u00edlia:<\/strong><\/div>\n<div><a href=\"https:\/\/sitsesp.org.br\/novo\/sitsesp-em-brasilia-reuniao-com-ministerio-dos-direitos-humanos-e-cidadania\/\">https:\/\/sitsesp.org.br\/novo\/sitsesp-em-brasilia-reuniao-com-ministerio-dos-direitos-humanos-e-cidadania\/\u00a0<\/a><\/div>\n<div><\/div>\n<div><strong>Veja a mat\u00e9ria informando sobre os estudos do governo federal para barrar a PPP dentro do sistema socioeducativo:<\/strong><\/div>\n<div><a href=\"https:\/\/terrabrasilnoticias.com\/2023\/10\/gestao-privada-de-sistema-socioeducativo-de-mg-na-mira-do-governo-lula\">https:\/\/terrabrasilnoticias.com\/2023\/10\/gestao-privada-de-sistema-socioeducativo-de-mg-na-mira-do-governo-lula<\/a><\/div>\n<div><\/div>\n<div><strong>O SITSESP \u00c9 DE TODOS, PARA TODOS, TRABALHANDO COM TODOS &#8211; SEJA UM FILIADO SITSESP E PARTICIPE DA LUTA<\/strong><\/div>\n","protected":false},"excerpt":{"rendered":"<p>O governo federal, por meio do Minist\u00e9rio dos Direitos Humanos, estuda suspender o contrato de Parceria P\u00fablico-Privada, firmado em 2019, que&hellip;<\/p>\n","protected":false},"author":5,"featured_media":12526,"comment_status":"open","ping_status":"open","sticky":false,"template":"","format":"standard","meta":{"cybocfi_hide_featured_image":"","footnotes":""},"categories":[27,22],"tags":[],"yoast_head":"<!-- This site is optimized with the Yoast SEO plugin v22.8 - https:\/\/yoast.com\/wordpress\/plugins\/seo\/ -->\n<title>GOVERNO FEDERAL ESTUDA SUSPENDER CONTRATO DE PARCERIA P\u00daBLICO-PRIVADA NO SISTEMA SOCIOEDUCATIVO DE MINAS GERAIS - SITSESP<\/title>\n<meta name=\"robots\" content=\"index, follow, max-snippet:-1, max-image-preview:large, max-video-preview:-1\" \/>\n<link rel=\"canonical\" href=\"https:\/\/www.sitsesp.org.br\/novo\/governo-federal-estuda-suspender-contrato-de-parceria-publico-privada-no-sistema-socioeducativo-de-minas-gerais\/\" \/>\n<meta property=\"og:locale\" content=\"pt_BR\" \/>\n<meta property=\"og:type\" content=\"article\" \/>\n<meta property=\"og:title\" content=\"GOVERNO FEDERAL ESTUDA SUSPENDER CONTRATO DE PARCERIA P\u00daBLICO-PRIVADA NO SISTEMA SOCIOEDUCATIVO DE MINAS GERAIS - SITSESP\" \/>\n<meta property=\"og:description\" content=\"O governo federal, por meio do Minist\u00e9rio dos Direitos Humanos, estuda suspender o contrato de Parceria P\u00fablico-Privada, firmado em 2019, que&hellip;\" \/>\n<meta property=\"og:url\" content=\"https:\/\/www.sitsesp.org.br\/novo\/governo-federal-estuda-suspender-contrato-de-parceria-publico-privada-no-sistema-socioeducativo-de-minas-gerais\/\" \/>\n<meta property=\"og:site_name\" content=\"SITSESP\" \/>\n<meta property=\"article:published_time\" content=\"2023-10-30T14:52:19+00:00\" \/>\n<meta property=\"og:image\" content=\"https:\/\/www.sitsesp.org.br\/novo\/wp-content\/uploads\/2023\/10\/3010.jpg\" \/>\n\t<meta property=\"og:image:width\" content=\"800\" \/>\n\t<meta property=\"og:image:height\" content=\"800\" \/>\n\t<meta property=\"og:image:type\" content=\"image\/jpeg\" \/>\n<meta name=\"author\" content=\"imprensa\" \/>\n<meta name=\"twitter:card\" content=\"summary_large_image\" \/>\n<meta name=\"twitter:label1\" content=\"Escrito por\" \/>\n\t<meta name=\"twitter:data1\" content=\"imprensa\" \/>\n\t<meta name=\"twitter:label2\" content=\"Est. tempo de leitura\" \/>\n\t<meta name=\"twitter:data2\" content=\"1 minuto\" \/>\n<script type=\"application\/ld+json\" class=\"yoast-schema-graph\">{\"@context\":\"https:\/\/schema.org\",\"@graph\":[{\"@type\":\"Article\",\"@id\":\"https:\/\/www.sitsesp.org.br\/novo\/governo-federal-estuda-suspender-contrato-de-parceria-publico-privada-no-sistema-socioeducativo-de-minas-gerais\/#article\",\"isPartOf\":{\"@id\":\"https:\/\/www.sitsesp.org.br\/novo\/governo-federal-estuda-suspender-contrato-de-parceria-publico-privada-no-sistema-socioeducativo-de-minas-gerais\/\"},\"author\":{\"name\":\"imprensa\",\"@id\":\"https:\/\/www.sitsesp.org.br\/novo\/#\/schema\/person\/28e42eec160f373e81d0183b3643edbf\"},\"headline\":\"GOVERNO FEDERAL ESTUDA SUSPENDER CONTRATO DE PARCERIA P\u00daBLICO-PRIVADA NO SISTEMA SOCIOEDUCATIVO DE MINAS GERAIS\",\"datePublished\":\"2023-10-30T14:52:19+00:00\",\"dateModified\":\"2023-10-30T14:52:19+00:00\",\"mainEntityOfPage\":{\"@id\":\"https:\/\/www.sitsesp.org.br\/novo\/governo-federal-estuda-suspender-contrato-de-parceria-publico-privada-no-sistema-socioeducativo-de-minas-gerais\/\"},\"wordCount\":219,\"commentCount\":0,\"publisher\":{\"@id\":\"https:\/\/www.sitsesp.org.br\/novo\/#organization\"},\"image\":{\"@id\":\"https:\/\/www.sitsesp.org.br\/novo\/governo-federal-estuda-suspender-contrato-de-parceria-publico-privada-no-sistema-socioeducativo-de-minas-gerais\/#primaryimage\"},\"thumbnailUrl\":\"https:\/\/www.sitsesp.org.br\/novo\/wp-content\/uploads\/2023\/10\/3010.jpg\",\"articleSection\":[\"Destaque\",\"Noticias\"],\"inLanguage\":\"pt-BR\",\"potentialAction\":[{\"@type\":\"CommentAction\",\"name\":\"Comment\",\"target\":[\"https:\/\/www.sitsesp.org.br\/novo\/governo-federal-estuda-suspender-contrato-de-parceria-publico-privada-no-sistema-socioeducativo-de-minas-gerais\/#respond\"]}]},{\"@type\":\"WebPage\",\"@id\":\"https:\/\/www.sitsesp.org.br\/novo\/governo-federal-estuda-suspender-contrato-de-parceria-publico-privada-no-sistema-socioeducativo-de-minas-gerais\/\",\"url\":\"https:\/\/www.sitsesp.org.br\/novo\/governo-federal-estuda-suspender-contrato-de-parceria-publico-privada-no-sistema-socioeducativo-de-minas-gerais\/\",\"name\":\"GOVERNO FEDERAL ESTUDA SUSPENDER CONTRATO DE PARCERIA P\u00daBLICO-PRIVADA NO SISTEMA SOCIOEDUCATIVO DE MINAS GERAIS - SITSESP\",\"isPartOf\":{\"@id\":\"https:\/\/www.sitsesp.org.br\/novo\/#website\"},\"primaryImageOfPage\":{\"@id\":\"https:\/\/www.sitsesp.org.br\/novo\/governo-federal-estuda-suspender-contrato-de-parceria-publico-privada-no-sistema-socioeducativo-de-minas-gerais\/#primaryimage\"},\"image\":{\"@id\":\"https:\/\/www.sitsesp.org.br\/novo\/governo-federal-estuda-suspender-contrato-de-parceria-publico-privada-no-sistema-socioeducativo-de-minas-gerais\/#primaryimage\"},\"thumbnailUrl\":\"https:\/\/www.sitsesp.org.br\/novo\/wp-content\/uploads\/2023\/10\/3010.jpg\",\"datePublished\":\"2023-10-30T14:52:19+00:00\",\"dateModified\":\"2023-10-30T14:52:19+00:00\",\"breadcrumb\":{\"@id\":\"https:\/\/www.sitsesp.org.br\/novo\/governo-federal-estuda-suspender-contrato-de-parceria-publico-privada-no-sistema-socioeducativo-de-minas-gerais\/#breadcrumb\"},\"inLanguage\":\"pt-BR\",\"potentialAction\":[{\"@type\":\"ReadAction\",\"target\":[\"https:\/\/www.sitsesp.org.br\/novo\/governo-federal-estuda-suspender-contrato-de-parceria-publico-privada-no-sistema-socioeducativo-de-minas-gerais\/\"]}]},{\"@type\":\"ImageObject\",\"inLanguage\":\"pt-BR\",\"@id\":\"https:\/\/www.sitsesp.org.br\/novo\/governo-federal-estuda-suspender-contrato-de-parceria-publico-privada-no-sistema-socioeducativo-de-minas-gerais\/#primaryimage\",\"url\":\"https:\/\/www.sitsesp.org.br\/novo\/wp-content\/uploads\/2023\/10\/3010.jpg\",\"contentUrl\":\"https:\/\/www.sitsesp.org.br\/novo\/wp-content\/uploads\/2023\/10\/3010.jpg\",\"width\":800,\"height\":800},{\"@type\":\"BreadcrumbList\",\"@id\":\"https:\/\/www.sitsesp.org.br\/novo\/governo-federal-estuda-suspender-contrato-de-parceria-publico-privada-no-sistema-socioeducativo-de-minas-gerais\/#breadcrumb\",\"itemListElement\":[{\"@type\":\"ListItem\",\"position\":1,\"name\":\"In\u00edcio\",\"item\":\"https:\/\/www.sitsesp.org.br\/novo\/\"},{\"@type\":\"ListItem\",\"position\":2,\"name\":\"GOVERNO FEDERAL ESTUDA SUSPENDER CONTRATO DE PARCERIA P\u00daBLICO-PRIVADA NO SISTEMA SOCIOEDUCATIVO DE MINAS GERAIS\"}]},{\"@type\":\"WebSite\",\"@id\":\"https:\/\/www.sitsesp.org.br\/novo\/#website\",\"url\":\"https:\/\/www.sitsesp.org.br\/novo\/\",\"name\":\"Sitsesp\",\"description\":\"SIndicato da Socioeduca\u00e7\u00e3o do Estado de S\u00e3o Paulo\",\"publisher\":{\"@id\":\"https:\/\/www.sitsesp.org.br\/novo\/#organization\"},\"potentialAction\":[{\"@type\":\"SearchAction\",\"target\":{\"@type\":\"EntryPoint\",\"urlTemplate\":\"https:\/\/www.sitsesp.org.br\/novo\/?s={search_term_string}\"},\"query-input\":\"required name=search_term_string\"}],\"inLanguage\":\"pt-BR\"},{\"@type\":\"Organization\",\"@id\":\"https:\/\/www.sitsesp.org.br\/novo\/#organization\",\"name\":\"Sitsesp\",\"url\":\"https:\/\/www.sitsesp.org.br\/novo\/\",\"logo\":{\"@type\":\"ImageObject\",\"inLanguage\":\"pt-BR\",\"@id\":\"https:\/\/www.sitsesp.org.br\/novo\/#\/schema\/logo\/image\/\",\"url\":\"https:\/\/www.sitsesp.org.br\/novo\/wp-content\/uploads\/2020\/09\/Design-sem-nome-1.jpg\",\"contentUrl\":\"https:\/\/www.sitsesp.org.br\/novo\/wp-content\/uploads\/2020\/09\/Design-sem-nome-1.jpg\",\"width\":300,\"height\":300,\"caption\":\"Sitsesp\"},\"image\":{\"@id\":\"https:\/\/www.sitsesp.org.br\/novo\/#\/schema\/logo\/image\/\"}},{\"@type\":\"Person\",\"@id\":\"https:\/\/www.sitsesp.org.br\/novo\/#\/schema\/person\/28e42eec160f373e81d0183b3643edbf\",\"name\":\"imprensa\",\"image\":{\"@type\":\"ImageObject\",\"inLanguage\":\"pt-BR\",\"@id\":\"https:\/\/www.sitsesp.org.br\/novo\/#\/schema\/person\/image\/\",\"url\":\"https:\/\/secure.gravatar.com\/avatar\/8d6ccd8d7d52b8959f34154e87d3fa29?s=96&d=mm&r=g\",\"contentUrl\":\"https:\/\/secure.gravatar.com\/avatar\/8d6ccd8d7d52b8959f34154e87d3fa29?s=96&d=mm&r=g\",\"caption\":\"imprensa\"}}]}<\/script>\n<!-- \/ Yoast SEO plugin. -->","yoast_head_json":{"title":"GOVERNO FEDERAL ESTUDA SUSPENDER CONTRATO DE PARCERIA P\u00daBLICO-PRIVADA NO SISTEMA SOCIOEDUCATIVO DE MINAS GERAIS - SITSESP","robots":{"index":"index","follow":"follow","max-snippet":"max-snippet:-1","max-image-preview":"max-image-preview:large","max-video-preview":"max-video-preview:-1"},"canonical":"https:\/\/www.sitsesp.org.br\/novo\/governo-federal-estuda-suspender-contrato-de-parceria-publico-privada-no-sistema-socioeducativo-de-minas-gerais\/","og_locale":"pt_BR","og_type":"article","og_title":"GOVERNO FEDERAL ESTUDA SUSPENDER CONTRATO DE PARCERIA P\u00daBLICO-PRIVADA NO SISTEMA SOCIOEDUCATIVO DE MINAS GERAIS - SITSESP","og_description":"O governo federal, por meio do Minist\u00e9rio dos Direitos Humanos, estuda suspender o contrato de Parceria P\u00fablico-Privada, firmado em 2019, que&hellip;","og_url":"https:\/\/www.sitsesp.org.br\/novo\/governo-federal-estuda-suspender-contrato-de-parceria-publico-privada-no-sistema-socioeducativo-de-minas-gerais\/","og_site_name":"SITSESP","article_published_time":"2023-10-30T14:52:19+00:00","og_image":[{"width":800,"height":800,"url":"https:\/\/www.sitsesp.org.br\/novo\/wp-content\/uploads\/2023\/10\/3010.jpg","type":"image\/jpeg"}],"author":"imprensa","twitter_card":"summary_large_image","twitter_misc":{"Escrito por":"imprensa","Est. tempo de leitura":"1 minuto"},"schema":{"@context":"https:\/\/schema.org","@graph":[{"@type":"Article","@id":"https:\/\/www.sitsesp.org.br\/novo\/governo-federal-estuda-suspender-contrato-de-parceria-publico-privada-no-sistema-socioeducativo-de-minas-gerais\/#article","isPartOf":{"@id":"https:\/\/www.sitsesp.org.br\/novo\/governo-federal-estuda-suspender-contrato-de-parceria-publico-privada-no-sistema-socioeducativo-de-minas-gerais\/"},"author":{"name":"imprensa","@id":"https:\/\/www.sitsesp.org.br\/novo\/#\/schema\/person\/28e42eec160f373e81d0183b3643edbf"},"headline":"GOVERNO FEDERAL ESTUDA SUSPENDER CONTRATO DE PARCERIA P\u00daBLICO-PRIVADA NO SISTEMA SOCIOEDUCATIVO DE MINAS GERAIS","datePublished":"2023-10-30T14:52:19+00:00","dateModified":"2023-10-30T14:52:19+00:00","mainEntityOfPage":{"@id":"https:\/\/www.sitsesp.org.br\/novo\/governo-federal-estuda-suspender-contrato-de-parceria-publico-privada-no-sistema-socioeducativo-de-minas-gerais\/"},"wordCount":219,"commentCount":0,"publisher":{"@id":"https:\/\/www.sitsesp.org.br\/novo\/#organization"},"image":{"@id":"https:\/\/www.sitsesp.org.br\/novo\/governo-federal-estuda-suspender-contrato-de-parceria-publico-privada-no-sistema-socioeducativo-de-minas-gerais\/#primaryimage"},"thumbnailUrl":"https:\/\/www.sitsesp.org.br\/novo\/wp-content\/uploads\/2023\/10\/3010.jpg","articleSection":["Destaque","Noticias"],"inLanguage":"pt-BR","potentialAction":[{"@type":"CommentAction","name":"Comment","target":["https:\/\/www.sitsesp.org.br\/novo\/governo-federal-estuda-suspender-contrato-de-parceria-publico-privada-no-sistema-socioeducativo-de-minas-gerais\/#respond"]}]},{"@type":"WebPage","@id":"https:\/\/www.sitsesp.org.br\/novo\/governo-federal-estuda-suspender-contrato-de-parceria-publico-privada-no-sistema-socioeducativo-de-minas-gerais\/","url":"https:\/\/www.sitsesp.org.br\/novo\/governo-federal-estuda-suspender-contrato-de-parceria-publico-privada-no-sistema-socioeducativo-de-minas-gerais\/","name":"GOVERNO FEDERAL ESTUDA SUSPENDER CONTRATO DE PARCERIA P\u00daBLICO-PRIVADA NO SISTEMA SOCIOEDUCATIVO DE MINAS GERAIS - SITSESP","isPartOf":{"@id":"https:\/\/www.sitsesp.org.br\/novo\/#website"},"primaryImageOfPage":{"@id":"https:\/\/www.sitsesp.org.br\/novo\/governo-federal-estuda-suspender-contrato-de-parceria-publico-privada-no-sistema-socioeducativo-de-minas-gerais\/#primaryimage"},"image":{"@id":"https:\/\/www.sitsesp.org.br\/novo\/governo-federal-estuda-suspender-contrato-de-parceria-publico-privada-no-sistema-socioeducativo-de-minas-gerais\/#primaryimage"},"thumbnailUrl":"https:\/\/www.sitsesp.org.br\/novo\/wp-content\/uploads\/2023\/10\/3010.jpg","datePublished":"2023-10-30T14:52:19+00:00","dateModified":"2023-10-30T14:52:19+00:00","breadcrumb":{"@id":"https:\/\/www.sitsesp.org.br\/novo\/governo-federal-estuda-suspender-contrato-de-parceria-publico-privada-no-sistema-socioeducativo-de-minas-gerais\/#breadcrumb"},"inLanguage":"pt-BR","potentialAction":[{"@type":"ReadAction","target":["https:\/\/www.sitsesp.org.br\/novo\/governo-federal-estuda-suspender-contrato-de-parceria-publico-privada-no-sistema-socioeducativo-de-minas-gerais\/"]}]},{"@type":"ImageObject","inLanguage":"pt-BR","@id":"https:\/\/www.sitsesp.org.br\/novo\/governo-federal-estuda-suspender-contrato-de-parceria-publico-privada-no-sistema-socioeducativo-de-minas-gerais\/#primaryimage","url":"https:\/\/www.sitsesp.org.br\/novo\/wp-content\/uploads\/2023\/10\/3010.jpg","contentUrl":"https:\/\/www.sitsesp.org.br\/novo\/wp-content\/uploads\/2023\/10\/3010.jpg","width":800,"height":800},{"@type":"BreadcrumbList","@id":"https:\/\/www.sitsesp.org.br\/novo\/governo-federal-estuda-suspender-contrato-de-parceria-publico-privada-no-sistema-socioeducativo-de-minas-gerais\/#breadcrumb","itemListElement":[{"@type":"ListItem","position":1,"name":"In\u00edcio","item":"https:\/\/www.sitsesp.org.br\/novo\/"},{"@type":"ListItem","position":2,"name":"GOVERNO FEDERAL ESTUDA SUSPENDER CONTRATO DE PARCERIA P\u00daBLICO-PRIVADA NO SISTEMA SOCIOEDUCATIVO DE MINAS GERAIS"}]},{"@type":"WebSite","@id":"https:\/\/www.sitsesp.org.br\/novo\/#website","url":"https:\/\/www.sitsesp.org.br\/novo\/","name":"Sitsesp","description":"SIndicato da Socioeduca\u00e7\u00e3o do Estado de S\u00e3o Paulo","publisher":{"@id":"https:\/\/www.sitsesp.org.br\/novo\/#organization"},"potentialAction":[{"@type":"SearchAction","target":{"@type":"EntryPoint","urlTemplate":"https:\/\/www.sitsesp.org.br\/novo\/?s={search_term_string}"},"query-input":"required name=search_term_string"}],"inLanguage":"pt-BR"},{"@type":"Organization","@id":"https:\/\/www.sitsesp.org.br\/novo\/#organization","name":"Sitsesp","url":"https:\/\/www.sitsesp.org.br\/novo\/","logo":{"@type":"ImageObject","inLanguage":"pt-BR","@id":"https:\/\/www.sitsesp.org.br\/novo\/#\/schema\/logo\/image\/","url":"https:\/\/www.sitsesp.org.br\/novo\/wp-content\/uploads\/2020\/09\/Design-sem-nome-1.jpg","contentUrl":"https:\/\/www.sitsesp.org.br\/novo\/wp-content\/uploads\/2020\/09\/Design-sem-nome-1.jpg","width":300,"height":300,"caption":"Sitsesp"},"image":{"@id":"https:\/\/www.sitsesp.org.br\/novo\/#\/schema\/logo\/image\/"}},{"@type":"Person","@id":"https:\/\/www.sitsesp.org.br\/novo\/#\/schema\/person\/28e42eec160f373e81d0183b3643edbf","name":"imprensa","image":{"@type":"ImageObject","inLanguage":"pt-BR","@id":"https:\/\/www.sitsesp.org.br\/novo\/#\/schema\/person\/image\/","url":"https:\/\/secure.gravatar.com\/avatar\/8d6ccd8d7d52b8959f34154e87d3fa29?s=96&d=mm&r=g","contentUrl":"https:\/\/secure.gravatar.com\/avatar\/8d6ccd8d7d52b8959f34154e87d3fa29?s=96&d=mm&r=g","caption":"imprensa"}}]}},"_links":{"self":[{"href":"https:\/\/www.sitsesp.org.br\/novo\/wp-json\/wp\/v2\/posts\/12525"}],"collection":[{"href":"https:\/\/www.sitsesp.org.br\/novo\/wp-json\/wp\/v2\/posts"}],"about":[{"href":"https:\/\/www.sitsesp.org.br\/novo\/wp-json\/wp\/v2\/types\/post"}],"author":[{"embeddable":true,"href":"https:\/\/www.sitsesp.org.br\/novo\/wp-json\/wp\/v2\/users\/5"}],"replies":[{"embeddable":true,"href":"https:\/\/www.sitsesp.org.br\/novo\/wp-json\/wp\/v2\/comments?post=12525"}],"version-history":[{"count":1,"href":"https:\/\/www.sitsesp.org.br\/novo\/wp-json\/wp\/v2\/posts\/12525\/revisions"}],"predecessor-version":[{"id":12527,"href":"https:\/\/www.sitsesp.org.br\/novo\/wp-json\/wp\/v2\/posts\/12525\/revisions\/12527"}],"wp:featuredmedia":[{"embeddable":true,"href":"https:\/\/www.sitsesp.org.br\/novo\/wp-json\/wp\/v2\/media\/12526"}],"wp:attachment":[{"href":"https:\/\/www.sitsesp.org.br\/novo\/wp-json\/wp\/v2\/media?parent=12525"}],"wp:term":[{"taxonomy":"category","embeddable":true,"href":"https:\/\/www.sitsesp.org.br\/novo\/wp-json\/wp\/v2\/categories?post=12525"},{"taxonomy":"post_tag","embeddable":true,"href":"https:\/\/www.sitsesp.org.br\/novo\/wp-json\/wp\/v2\/tags?post=12525"}],"curies":[{"name":"wp","href":"https:\/\/api.w.org\/{rel}","templated":true}]}}