{"id":12594,"date":"2023-11-08T08:00:18","date_gmt":"2023-11-08T11:00:18","guid":{"rendered":"https:\/\/sitsesp.org.br\/novo\/?p=12594"},"modified":"2023-11-07T10:21:32","modified_gmt":"2023-11-07T13:21:32","slug":"carta-capital-martelo-furioso-por-mariana-serafini","status":"publish","type":"post","link":"https:\/\/www.sitsesp.org.br\/novo\/carta-capital-martelo-furioso-por-mariana-serafini\/","title":{"rendered":"CARTA CAPITAL | Martelo furioso (Por Mariana Serafini)"},"content":{"rendered":"<p><!-- VideographyWP Plugin Message: Automatic video embedding prevented by plugin options. --><br \/>\nDepois de enviar \u00e0 Assembleia Legislativa o projeto de privatiza\u00e7\u00e3o da Sabesp, a companhia paulista de saneamento, e prometer fazer o mesmo com linhas de trem da CPTM e do Metr\u00f4, o governador Tarc\u00edsio de Freitas anunciou que ser\u00e1 realizado um estudo para estabelecer uma parceria p\u00fablico-privada na Funda\u00e7\u00e3o Casa, respons\u00e1vel pelo cumprimento das medidas socioeducativas aplicadas aos adolescentes em conflito com a lei.<\/p>\n<p>Em 18 de outubro, Freitas reuniu no Pal\u00e1cio dos Bandeirantes uma for\u00e7a-tarefa para viabilizar a PPP. Entre os presentes estavam o vice-governador Fel\u00edcio Ramuth, que tamb\u00e9m preside o Conselho Diretor do Programa Estadual de Desestatiza\u00e7\u00e3o, e o secret\u00e1rio de Parcerias em Investimentos, Rafael Antonio Cren Benini. Ao entregar a gest\u00e3o da Funda\u00e7\u00e3o Casa para a iniciativa privada, o governo pretende \u201cmelhorar a efici\u00eancia do gasto p\u00fablico\u201d, afirma Andr\u00e9 Isper Rodrigues Barnab\u00e9, secret\u00e1rio-executivo do Comit\u00ea Estadual de Desestatiza\u00e7\u00e3o. O modelo adotado seria o de concess\u00e3o administrativa para presta\u00e7\u00e3o de servi\u00e7os.<\/p>\n<p>Os servidores da Funda\u00e7\u00e3o Casa queixam-se, por\u00e9m, da falta de transpar\u00eancia do governo, que nem sequer se preocupou em consult\u00e1-los a respeito da iniciativa. Como h\u00e1 tempos o governo n\u00e3o rep\u00f5e profissionais da \u00e1rea nem investe na estrutura das unidades, eles j\u00e1 imaginavam que o Executivo preparava alguma surpresa. Dois dias antes da reuni\u00e3o no Pal\u00e1cio dos Bandeirantes, trabalhadores do sistema socioeducativo e representantes da sociedade civil organizada participaram de uma audi\u00eancia p\u00fablica na Assembleia Legislativa de S\u00e3o Paulo para denunciar a privatiza\u00e7\u00e3o em curso e preparar a categoria para o que est\u00e1 por vir.<\/p>\n<blockquote><p>Os servidores da rede socioeducativa queixam-se da falta de transpar\u00eancia do governo paulista<\/p><\/blockquote>\n<p>De acordo com o deputado Carlos Giannazzi, do PSOL, ainda n\u00e3o existe uma proposta formal apresentada ao Legislativo, mas os parlamentares da oposi\u00e7\u00e3o se mobilizam para resistir a qualquer iniciativa privatista.<\/p>\n<p>\u201cComo o governador publicou no Di\u00e1rio Oficial que ser\u00e3o iniciados estudos para uma PPP na Funda\u00e7\u00e3o Casa, achamos que era o caso de fazer uma audi\u00eancia e antecipar a an\u00e1lise do tema.\u201d No Brasil, existem dois projetos piloto de PPP em institui\u00e7\u00f5es socioeducativas, um em Minas Gerais, sob a gest\u00e3o de Romeu Zema, do Novo, e outra em Santa Catarina, estado governado por Jorginho Mello, do PL de Jair Bolsonaro.<\/p>\n<p>O diagn\u00f3stico apresentado pela servidora Cl\u00e1udia Maria de Jesus, atual presidente do Sindicato da Socioeduca\u00e7\u00e3o de S\u00e3o Paulo, o Sitsesp, \u00e9 preocupante. V\u00e1rios setores da Funda\u00e7\u00e3o Casa j\u00e1 foram confiados \u00e0 iniciativa privada, com a terceiriza\u00e7\u00e3o dos servi\u00e7os de transporte, vigil\u00e2ncia, lavanderia e parte da cozinha. Desde 2014 n\u00e3o s\u00e3o realizado concursos para repor os servidores que se aposentam ou pedem exonera\u00e7\u00e3o. Ou seja, o funcion\u00e1rio mais novo da institui\u00e7\u00e3o tem pelo menos dez anos de casa. \u201cS\u00f3 soubemos da exist\u00eancia de um projeto de parceria p\u00fablico-privada ap\u00f3s a m\u00eddia noticiar. At\u00e9 o momento, nada chegou at\u00e9 n\u00f3s de forma clara, nos sentimos inseguros e descartados.\u201d<\/p>\n<p>Segundo a dirigente sindical, os servidores da Funda\u00e7\u00e3o Casa, mesmo com as condi\u00e7\u00f5es de trabalho cada vez mais prec\u00e1rias, prezam pelo bom relacionamento com os jovens internos e t\u00eam dedica\u00e7\u00e3o exclusiva. \u201cNos \u00faltimos anos, a situa\u00e7\u00e3o piorou muito. Passamos por dois programas de demiss\u00e3o incentivada, e isso reduziu drasticamente o quadro de pessoal.<\/p>\n<p>Trabalhamos muito desfalcados.\u201d O Decreto Estadual n\u00ba 60.609, de 3 de julho de 2014, prev\u00ea 14,4 mil funcion\u00e1rios no quadro de cargos permanentes da institui\u00e7\u00e3o, mas atualmente o total gira em torno de 10,7 mil. Dos 157 centros de interna\u00e7\u00e3o, somente 110 continuam ativos \u2013 segundo o governo paulista, devido \u00e0 baixa lota\u00e7\u00e3o das unidades. \u201cNos grupos de WhatsApp, muitos temem que sua unidade ser\u00e1 a pr\u00f3xima aser fechada, mas nada disso chega oficialmente para n\u00f3s. Estamos no escuro.\u201d<\/p>\n<p><img fetchpriority=\"high\" decoding=\"async\" class=\"alignnone size-full wp-image-12595\" src=\"https:\/\/sitsesp.org.br\/novo\/wp-content\/uploads\/2023\/11\/leiaisso1.png\" alt=\"\" width=\"475\" height=\"532\" srcset=\"https:\/\/www.sitsesp.org.br\/novo\/wp-content\/uploads\/2023\/11\/leiaisso1.png 475w, https:\/\/www.sitsesp.org.br\/novo\/wp-content\/uploads\/2023\/11\/leiaisso1-268x300.png 268w\" sizes=\"(max-width: 475px) 100vw, 475px\" \/><\/p>\n<p><strong>Alerta. Proposta fere autonomia dos profissionais, avalia Alves \u2013<\/strong><br \/>\nImagem: Vin\u00edcius Loures\/Ag. C\u00e2mara<\/p>\n<p>Diante do cen\u00e1rio de sucateamento, os servidores da Funda\u00e7\u00e3o Casa fizeram uma greve recentemente, que durou 38 dias. O principal item da pauta de reivindica\u00e7\u00f5es era a reposi\u00e7\u00e3o salarial de acordo com a infla\u00e7\u00e3o, mas eles tamb\u00e9m denunciaram a falta de pessoal. \u201cHoje, \u00e9 comum ter apenas dois profissionais de plant\u00e3o para cuidar de dezenas de jovens, a\u00ed surgem as ocorr\u00eancias contra os funcion\u00e1rios ou entre os pr\u00f3prios adolescentes\u201d, lamenta C\u00e9sar Horta, que trabalha no sistema socioeducativo h\u00e1 25 anos. Ele recorda que, somente no ano passado, dois colegas foram assassinados durante o expediente, em conflitos com os internos. \u201cEstamos em contato permanente com deputados estaduais do campo progressista, mas talvez eles n\u00e3o tenham for\u00e7a para barrar o avan\u00e7o da PPP. Por isso, tivemos algumas audi\u00eancias tamb\u00e9m em Bras\u00edlia, para alertar o governo federal sobre os riscos dessa proposta.\u201d<\/p>\n<p>Defensora p\u00fablica e integrante da Coaliz\u00e3o pela Socioeduca\u00e7\u00e3o, que re\u00fane 57 entidades da sociedade civil, L\u00edgia Mafei Guidi lamenta a transfer\u00eancia da responsabilidade para a iniciativa privada.<\/p>\n<p>\u201cNormalmente, um jovem que chega \u00e0 Funda\u00e7\u00e3o Casa teve uma s\u00e9rie de direitos violados e de pol\u00edticas p\u00fablicas negadas a ele. \u00c9 uma obriga\u00e7\u00e3o do Estado cuidar desse adolescente de forma adequada, ele n\u00e3o pode ser visto como problema.\u201d Guidi lembra que j\u00e1 existiram tentativas de \u201ccogest\u00e3o\u201d com organiza\u00e7\u00f5es sociais em S\u00e3o Paulo, sob o governo do tucano Jo\u00e3o Doria, e ainda hoje h\u00e1 entidades conveniadas atuando no regime semiaberto.<\/p>\n<p>\u201cEssas entidades precisam manter um n\u00famero m\u00ednimo de atendimentos para justificar o conv\u00eanio com o Poder P\u00fablico, o que parece ser incompat\u00edvel com a l\u00f3gica de um sistema socioeducacional que precisa ser breve e excepcional\u201d, avalia a defensora p\u00fablica. Ela observa que, nos \u00faltimos anos, houve redu\u00e7\u00e3o do n\u00famero de internos, algo que deve ser celebrado. \u201cIsto seria poss\u00edvel se o objetivo do servi\u00e7o fosse obter lucro?\u201d<\/p>\n<blockquote><p>\u201cO encarceramento em massa pode ser bastante lucrativo\u201d, alerta especialista<\/p><\/blockquote>\n<p>Ex-secret\u00e1rio nacional dos Direitos da Crian\u00e7a e do Adolescente, Ariel de Castro Alves acredita que estabelecer uma parceria p\u00fablico-privada no sistema socioeducativo pode gerar situa\u00e7\u00f5es de conflito de interesses.<br \/>\n\u201cQuem defende esse tipo de parceria s\u00e3o os mesmos setores conservadores que pregam a redu\u00e7\u00e3o da maioridade penal e o aumento do per\u00edodo de interna\u00e7\u00e3o. \u00c9 importante lembrar, por\u00e9m, que existem empres\u00e1rios interessados em lucrar com o encarceramento em massa\u201d, alerta o advogado, que foi presidente do Conselho Nacional dos Direitos da Crian\u00e7a e do Adolescente, o Conanda. O especialista alerta, ainda, para o risco de grupos empresariais intensificarem o lobby no Congresso \u201cpara recrudescer a legisla\u00e7\u00e3o destinada aos envolvidos em atos infracionais\u201d.<\/p>\n<p>A privatiza\u00e7\u00e3o da Funda\u00e7\u00e3o Casa tamb\u00e9m pode tolher a autonomia dos profissionais que atuam no sistema socioeducativo, acrescenta Alves. \u201cHoje, os assistentes sociais e os psic\u00f3logos s\u00e3o funcion\u00e1rios p\u00fablicos. Uma vez contratados pela iniciativa privada, n\u00e3o sabemos se poder\u00e3o atuar com independ\u00eancia ou se ser\u00e3o pressionados a ampliar o tempo de interna\u00e7\u00e3o dos jovens, se ser\u00e3o direcionados a executar um trabalho para favorecer a empresa contratante, mas contr\u00e1rio ao interesse p\u00fablico. \u00c9 muito grave.\u201d<\/p>\n<p>Professora titular de Direito Constitucional da Faculdade de Direito de S\u00e3o Bernardo do Campo, Denise Auad refor\u00e7a as preocupa\u00e7\u00f5es de Alves com a PPP. \u201cComo teremos garantias de que os pilares que baseiam o sistema socioeducativo hoje ser\u00e3o respeitados pela iniciativa privada?\u201d, questiona. Coordenadora da p\u00f3s-gradua\u00e7\u00e3o em Direito das Diversidades e Inclus\u00e3o Social da FDSBC, a especialista lembra que o Sistema Nacional de Atendimento Socioeducativo, conhecido pela sigla Sinase, est\u00e1 articulado com um conjunto de pol\u00edticas p\u00fablicas voltadas \u00e0 cidadania plena das crian\u00e7as e dos adolescentes. \u201cQuem vai fiscalizar a rela\u00e7\u00e3o do Sinase com os gestores privados da Funda\u00e7\u00e3o Casa?\u201d \u2022<\/p>\n<p>Publicado na edi\u00e7\u00e3o n\u00b0 1284 de CartaCapital, em 08 de novembro de 2023.<br \/>\nEste texto aparece na edi\u00e7\u00e3o impressa de CartaCapital sob o t\u00edtulo \u2018Martelo furioso\u2019<\/p>\n<p><a href=\"https:\/\/sitsesp.org.br\/novo\/wp-content\/uploads\/2023\/11\/CARTACAPITALMARTELOFURIOSO.pdf\" class=\"pdfemb-viewer\" style=\"\" data-width=\"max\" data-height=\"max\" data-toolbar=\"bottom\" data-toolbar-fixed=\"off\">CARTACAPITALMARTELOFURIOSO<\/a><br \/>\n<a href=\"https:\/\/sitsesp.org.br\/novo\/wp-content\/uploads\/2023\/11\/CARTACAPITALMARTELOFURIOSO.pdf\">BAIXE AQUI<\/a><\/p>\n","protected":false},"excerpt":{"rendered":"<p>Depois de enviar \u00e0 Assembleia Legislativa o projeto de privatiza\u00e7\u00e3o da Sabesp, a companhia paulista de saneamento, e prometer fazer o&hellip;<\/p>\n","protected":false},"author":5,"featured_media":12596,"comment_status":"open","ping_status":"open","sticky":false,"template":"","format":"standard","meta":{"cybocfi_hide_featured_image":"","footnotes":""},"categories":[27,22],"tags":[],"yoast_head":"<!-- This site is optimized with the Yoast SEO plugin v22.8 - https:\/\/yoast.com\/wordpress\/plugins\/seo\/ -->\n<title>CARTA CAPITAL | Martelo furioso (Por Mariana Serafini) - SITSESP<\/title>\n<meta name=\"robots\" content=\"index, follow, max-snippet:-1, max-image-preview:large, max-video-preview:-1\" \/>\n<link rel=\"canonical\" href=\"https:\/\/www.sitsesp.org.br\/novo\/carta-capital-martelo-furioso-por-mariana-serafini\/\" \/>\n<meta property=\"og:locale\" content=\"pt_BR\" \/>\n<meta property=\"og:type\" content=\"article\" \/>\n<meta property=\"og:title\" content=\"CARTA CAPITAL | Martelo furioso (Por Mariana Serafini) - SITSESP\" \/>\n<meta property=\"og:description\" content=\"Depois de enviar \u00e0 Assembleia Legislativa o projeto de privatiza\u00e7\u00e3o da Sabesp, a companhia paulista de saneamento, e prometer fazer o&hellip;\" \/>\n<meta property=\"og:url\" content=\"https:\/\/www.sitsesp.org.br\/novo\/carta-capital-martelo-furioso-por-mariana-serafini\/\" \/>\n<meta property=\"og:site_name\" content=\"SITSESP\" \/>\n<meta property=\"article:published_time\" content=\"2023-11-08T11:00:18+00:00\" \/>\n<meta property=\"article:modified_time\" content=\"2023-11-07T13:21:32+00:00\" \/>\n<meta property=\"og:image\" content=\"https:\/\/www.sitsesp.org.br\/novo\/wp-content\/uploads\/2023\/11\/leiaisso2.jpg\" \/>\n\t<meta property=\"og:image:width\" content=\"659\" \/>\n\t<meta property=\"og:image:height\" content=\"401\" \/>\n\t<meta property=\"og:image:type\" content=\"image\/jpeg\" \/>\n<meta name=\"author\" content=\"imprensa\" \/>\n<meta name=\"twitter:card\" content=\"summary_large_image\" \/>\n<meta name=\"twitter:label1\" content=\"Escrito por\" \/>\n\t<meta name=\"twitter:data1\" content=\"imprensa\" \/>\n\t<meta name=\"twitter:label2\" content=\"Est. tempo de leitura\" \/>\n\t<meta name=\"twitter:data2\" content=\"7 minutos\" \/>\n<script type=\"application\/ld+json\" class=\"yoast-schema-graph\">{\"@context\":\"https:\/\/schema.org\",\"@graph\":[{\"@type\":\"Article\",\"@id\":\"https:\/\/www.sitsesp.org.br\/novo\/carta-capital-martelo-furioso-por-mariana-serafini\/#article\",\"isPartOf\":{\"@id\":\"https:\/\/www.sitsesp.org.br\/novo\/carta-capital-martelo-furioso-por-mariana-serafini\/\"},\"author\":{\"name\":\"imprensa\",\"@id\":\"https:\/\/www.sitsesp.org.br\/novo\/#\/schema\/person\/28e42eec160f373e81d0183b3643edbf\"},\"headline\":\"CARTA CAPITAL | Martelo furioso (Por Mariana Serafini)\",\"datePublished\":\"2023-11-08T11:00:18+00:00\",\"dateModified\":\"2023-11-07T13:21:32+00:00\",\"mainEntityOfPage\":{\"@id\":\"https:\/\/www.sitsesp.org.br\/novo\/carta-capital-martelo-furioso-por-mariana-serafini\/\"},\"wordCount\":1394,\"commentCount\":0,\"publisher\":{\"@id\":\"https:\/\/www.sitsesp.org.br\/novo\/#organization\"},\"image\":{\"@id\":\"https:\/\/www.sitsesp.org.br\/novo\/carta-capital-martelo-furioso-por-mariana-serafini\/#primaryimage\"},\"thumbnailUrl\":\"https:\/\/www.sitsesp.org.br\/novo\/wp-content\/uploads\/2023\/11\/leiaisso2.jpg\",\"articleSection\":[\"Destaque\",\"Noticias\"],\"inLanguage\":\"pt-BR\",\"potentialAction\":[{\"@type\":\"CommentAction\",\"name\":\"Comment\",\"target\":[\"https:\/\/www.sitsesp.org.br\/novo\/carta-capital-martelo-furioso-por-mariana-serafini\/#respond\"]}]},{\"@type\":\"WebPage\",\"@id\":\"https:\/\/www.sitsesp.org.br\/novo\/carta-capital-martelo-furioso-por-mariana-serafini\/\",\"url\":\"https:\/\/www.sitsesp.org.br\/novo\/carta-capital-martelo-furioso-por-mariana-serafini\/\",\"name\":\"CARTA CAPITAL | Martelo furioso (Por Mariana Serafini) - SITSESP\",\"isPartOf\":{\"@id\":\"https:\/\/www.sitsesp.org.br\/novo\/#website\"},\"primaryImageOfPage\":{\"@id\":\"https:\/\/www.sitsesp.org.br\/novo\/carta-capital-martelo-furioso-por-mariana-serafini\/#primaryimage\"},\"image\":{\"@id\":\"https:\/\/www.sitsesp.org.br\/novo\/carta-capital-martelo-furioso-por-mariana-serafini\/#primaryimage\"},\"thumbnailUrl\":\"https:\/\/www.sitsesp.org.br\/novo\/wp-content\/uploads\/2023\/11\/leiaisso2.jpg\",\"datePublished\":\"2023-11-08T11:00:18+00:00\",\"dateModified\":\"2023-11-07T13:21:32+00:00\",\"breadcrumb\":{\"@id\":\"https:\/\/www.sitsesp.org.br\/novo\/carta-capital-martelo-furioso-por-mariana-serafini\/#breadcrumb\"},\"inLanguage\":\"pt-BR\",\"potentialAction\":[{\"@type\":\"ReadAction\",\"target\":[\"https:\/\/www.sitsesp.org.br\/novo\/carta-capital-martelo-furioso-por-mariana-serafini\/\"]}]},{\"@type\":\"ImageObject\",\"inLanguage\":\"pt-BR\",\"@id\":\"https:\/\/www.sitsesp.org.br\/novo\/carta-capital-martelo-furioso-por-mariana-serafini\/#primaryimage\",\"url\":\"https:\/\/www.sitsesp.org.br\/novo\/wp-content\/uploads\/2023\/11\/leiaisso2.jpg\",\"contentUrl\":\"https:\/\/www.sitsesp.org.br\/novo\/wp-content\/uploads\/2023\/11\/leiaisso2.jpg\",\"width\":659,\"height\":401},{\"@type\":\"BreadcrumbList\",\"@id\":\"https:\/\/www.sitsesp.org.br\/novo\/carta-capital-martelo-furioso-por-mariana-serafini\/#breadcrumb\",\"itemListElement\":[{\"@type\":\"ListItem\",\"position\":1,\"name\":\"In\u00edcio\",\"item\":\"https:\/\/www.sitsesp.org.br\/novo\/\"},{\"@type\":\"ListItem\",\"position\":2,\"name\":\"CARTA CAPITAL | Martelo furioso (Por Mariana Serafini)\"}]},{\"@type\":\"WebSite\",\"@id\":\"https:\/\/www.sitsesp.org.br\/novo\/#website\",\"url\":\"https:\/\/www.sitsesp.org.br\/novo\/\",\"name\":\"Sitsesp\",\"description\":\"SIndicato da Socioeduca\u00e7\u00e3o do Estado de S\u00e3o Paulo\",\"publisher\":{\"@id\":\"https:\/\/www.sitsesp.org.br\/novo\/#organization\"},\"potentialAction\":[{\"@type\":\"SearchAction\",\"target\":{\"@type\":\"EntryPoint\",\"urlTemplate\":\"https:\/\/www.sitsesp.org.br\/novo\/?s={search_term_string}\"},\"query-input\":\"required name=search_term_string\"}],\"inLanguage\":\"pt-BR\"},{\"@type\":\"Organization\",\"@id\":\"https:\/\/www.sitsesp.org.br\/novo\/#organization\",\"name\":\"Sitsesp\",\"url\":\"https:\/\/www.sitsesp.org.br\/novo\/\",\"logo\":{\"@type\":\"ImageObject\",\"inLanguage\":\"pt-BR\",\"@id\":\"https:\/\/www.sitsesp.org.br\/novo\/#\/schema\/logo\/image\/\",\"url\":\"https:\/\/www.sitsesp.org.br\/novo\/wp-content\/uploads\/2020\/09\/Design-sem-nome-1.jpg\",\"contentUrl\":\"https:\/\/www.sitsesp.org.br\/novo\/wp-content\/uploads\/2020\/09\/Design-sem-nome-1.jpg\",\"width\":300,\"height\":300,\"caption\":\"Sitsesp\"},\"image\":{\"@id\":\"https:\/\/www.sitsesp.org.br\/novo\/#\/schema\/logo\/image\/\"}},{\"@type\":\"Person\",\"@id\":\"https:\/\/www.sitsesp.org.br\/novo\/#\/schema\/person\/28e42eec160f373e81d0183b3643edbf\",\"name\":\"imprensa\",\"image\":{\"@type\":\"ImageObject\",\"inLanguage\":\"pt-BR\",\"@id\":\"https:\/\/www.sitsesp.org.br\/novo\/#\/schema\/person\/image\/\",\"url\":\"https:\/\/secure.gravatar.com\/avatar\/8d6ccd8d7d52b8959f34154e87d3fa29?s=96&d=mm&r=g\",\"contentUrl\":\"https:\/\/secure.gravatar.com\/avatar\/8d6ccd8d7d52b8959f34154e87d3fa29?s=96&d=mm&r=g\",\"caption\":\"imprensa\"}}]}<\/script>\n<!-- \/ Yoast SEO plugin. -->","yoast_head_json":{"title":"CARTA CAPITAL | Martelo furioso (Por Mariana Serafini) - SITSESP","robots":{"index":"index","follow":"follow","max-snippet":"max-snippet:-1","max-image-preview":"max-image-preview:large","max-video-preview":"max-video-preview:-1"},"canonical":"https:\/\/www.sitsesp.org.br\/novo\/carta-capital-martelo-furioso-por-mariana-serafini\/","og_locale":"pt_BR","og_type":"article","og_title":"CARTA CAPITAL | Martelo furioso (Por Mariana Serafini) - SITSESP","og_description":"Depois de enviar \u00e0 Assembleia Legislativa o projeto de privatiza\u00e7\u00e3o da Sabesp, a companhia paulista de saneamento, e prometer fazer o&hellip;","og_url":"https:\/\/www.sitsesp.org.br\/novo\/carta-capital-martelo-furioso-por-mariana-serafini\/","og_site_name":"SITSESP","article_published_time":"2023-11-08T11:00:18+00:00","article_modified_time":"2023-11-07T13:21:32+00:00","og_image":[{"width":659,"height":401,"url":"https:\/\/www.sitsesp.org.br\/novo\/wp-content\/uploads\/2023\/11\/leiaisso2.jpg","type":"image\/jpeg"}],"author":"imprensa","twitter_card":"summary_large_image","twitter_misc":{"Escrito por":"imprensa","Est. tempo de leitura":"7 minutos"},"schema":{"@context":"https:\/\/schema.org","@graph":[{"@type":"Article","@id":"https:\/\/www.sitsesp.org.br\/novo\/carta-capital-martelo-furioso-por-mariana-serafini\/#article","isPartOf":{"@id":"https:\/\/www.sitsesp.org.br\/novo\/carta-capital-martelo-furioso-por-mariana-serafini\/"},"author":{"name":"imprensa","@id":"https:\/\/www.sitsesp.org.br\/novo\/#\/schema\/person\/28e42eec160f373e81d0183b3643edbf"},"headline":"CARTA CAPITAL | Martelo furioso (Por Mariana Serafini)","datePublished":"2023-11-08T11:00:18+00:00","dateModified":"2023-11-07T13:21:32+00:00","mainEntityOfPage":{"@id":"https:\/\/www.sitsesp.org.br\/novo\/carta-capital-martelo-furioso-por-mariana-serafini\/"},"wordCount":1394,"commentCount":0,"publisher":{"@id":"https:\/\/www.sitsesp.org.br\/novo\/#organization"},"image":{"@id":"https:\/\/www.sitsesp.org.br\/novo\/carta-capital-martelo-furioso-por-mariana-serafini\/#primaryimage"},"thumbnailUrl":"https:\/\/www.sitsesp.org.br\/novo\/wp-content\/uploads\/2023\/11\/leiaisso2.jpg","articleSection":["Destaque","Noticias"],"inLanguage":"pt-BR","potentialAction":[{"@type":"CommentAction","name":"Comment","target":["https:\/\/www.sitsesp.org.br\/novo\/carta-capital-martelo-furioso-por-mariana-serafini\/#respond"]}]},{"@type":"WebPage","@id":"https:\/\/www.sitsesp.org.br\/novo\/carta-capital-martelo-furioso-por-mariana-serafini\/","url":"https:\/\/www.sitsesp.org.br\/novo\/carta-capital-martelo-furioso-por-mariana-serafini\/","name":"CARTA CAPITAL | Martelo furioso (Por Mariana Serafini) - SITSESP","isPartOf":{"@id":"https:\/\/www.sitsesp.org.br\/novo\/#website"},"primaryImageOfPage":{"@id":"https:\/\/www.sitsesp.org.br\/novo\/carta-capital-martelo-furioso-por-mariana-serafini\/#primaryimage"},"image":{"@id":"https:\/\/www.sitsesp.org.br\/novo\/carta-capital-martelo-furioso-por-mariana-serafini\/#primaryimage"},"thumbnailUrl":"https:\/\/www.sitsesp.org.br\/novo\/wp-content\/uploads\/2023\/11\/leiaisso2.jpg","datePublished":"2023-11-08T11:00:18+00:00","dateModified":"2023-11-07T13:21:32+00:00","breadcrumb":{"@id":"https:\/\/www.sitsesp.org.br\/novo\/carta-capital-martelo-furioso-por-mariana-serafini\/#breadcrumb"},"inLanguage":"pt-BR","potentialAction":[{"@type":"ReadAction","target":["https:\/\/www.sitsesp.org.br\/novo\/carta-capital-martelo-furioso-por-mariana-serafini\/"]}]},{"@type":"ImageObject","inLanguage":"pt-BR","@id":"https:\/\/www.sitsesp.org.br\/novo\/carta-capital-martelo-furioso-por-mariana-serafini\/#primaryimage","url":"https:\/\/www.sitsesp.org.br\/novo\/wp-content\/uploads\/2023\/11\/leiaisso2.jpg","contentUrl":"https:\/\/www.sitsesp.org.br\/novo\/wp-content\/uploads\/2023\/11\/leiaisso2.jpg","width":659,"height":401},{"@type":"BreadcrumbList","@id":"https:\/\/www.sitsesp.org.br\/novo\/carta-capital-martelo-furioso-por-mariana-serafini\/#breadcrumb","itemListElement":[{"@type":"ListItem","position":1,"name":"In\u00edcio","item":"https:\/\/www.sitsesp.org.br\/novo\/"},{"@type":"ListItem","position":2,"name":"CARTA CAPITAL | Martelo furioso (Por Mariana Serafini)"}]},{"@type":"WebSite","@id":"https:\/\/www.sitsesp.org.br\/novo\/#website","url":"https:\/\/www.sitsesp.org.br\/novo\/","name":"Sitsesp","description":"SIndicato da Socioeduca\u00e7\u00e3o do Estado de S\u00e3o Paulo","publisher":{"@id":"https:\/\/www.sitsesp.org.br\/novo\/#organization"},"potentialAction":[{"@type":"SearchAction","target":{"@type":"EntryPoint","urlTemplate":"https:\/\/www.sitsesp.org.br\/novo\/?s={search_term_string}"},"query-input":"required name=search_term_string"}],"inLanguage":"pt-BR"},{"@type":"Organization","@id":"https:\/\/www.sitsesp.org.br\/novo\/#organization","name":"Sitsesp","url":"https:\/\/www.sitsesp.org.br\/novo\/","logo":{"@type":"ImageObject","inLanguage":"pt-BR","@id":"https:\/\/www.sitsesp.org.br\/novo\/#\/schema\/logo\/image\/","url":"https:\/\/www.sitsesp.org.br\/novo\/wp-content\/uploads\/2020\/09\/Design-sem-nome-1.jpg","contentUrl":"https:\/\/www.sitsesp.org.br\/novo\/wp-content\/uploads\/2020\/09\/Design-sem-nome-1.jpg","width":300,"height":300,"caption":"Sitsesp"},"image":{"@id":"https:\/\/www.sitsesp.org.br\/novo\/#\/schema\/logo\/image\/"}},{"@type":"Person","@id":"https:\/\/www.sitsesp.org.br\/novo\/#\/schema\/person\/28e42eec160f373e81d0183b3643edbf","name":"imprensa","image":{"@type":"ImageObject","inLanguage":"pt-BR","@id":"https:\/\/www.sitsesp.org.br\/novo\/#\/schema\/person\/image\/","url":"https:\/\/secure.gravatar.com\/avatar\/8d6ccd8d7d52b8959f34154e87d3fa29?s=96&d=mm&r=g","contentUrl":"https:\/\/secure.gravatar.com\/avatar\/8d6ccd8d7d52b8959f34154e87d3fa29?s=96&d=mm&r=g","caption":"imprensa"}}]}},"_links":{"self":[{"href":"https:\/\/www.sitsesp.org.br\/novo\/wp-json\/wp\/v2\/posts\/12594"}],"collection":[{"href":"https:\/\/www.sitsesp.org.br\/novo\/wp-json\/wp\/v2\/posts"}],"about":[{"href":"https:\/\/www.sitsesp.org.br\/novo\/wp-json\/wp\/v2\/types\/post"}],"author":[{"embeddable":true,"href":"https:\/\/www.sitsesp.org.br\/novo\/wp-json\/wp\/v2\/users\/5"}],"replies":[{"embeddable":true,"href":"https:\/\/www.sitsesp.org.br\/novo\/wp-json\/wp\/v2\/comments?post=12594"}],"version-history":[{"count":3,"href":"https:\/\/www.sitsesp.org.br\/novo\/wp-json\/wp\/v2\/posts\/12594\/revisions"}],"predecessor-version":[{"id":12600,"href":"https:\/\/www.sitsesp.org.br\/novo\/wp-json\/wp\/v2\/posts\/12594\/revisions\/12600"}],"wp:featuredmedia":[{"embeddable":true,"href":"https:\/\/www.sitsesp.org.br\/novo\/wp-json\/wp\/v2\/media\/12596"}],"wp:attachment":[{"href":"https:\/\/www.sitsesp.org.br\/novo\/wp-json\/wp\/v2\/media?parent=12594"}],"wp:term":[{"taxonomy":"category","embeddable":true,"href":"https:\/\/www.sitsesp.org.br\/novo\/wp-json\/wp\/v2\/categories?post=12594"},{"taxonomy":"post_tag","embeddable":true,"href":"https:\/\/www.sitsesp.org.br\/novo\/wp-json\/wp\/v2\/tags?post=12594"}],"curies":[{"name":"wp","href":"https:\/\/api.w.org\/{rel}","templated":true}]}}