{"id":12608,"date":"2023-11-10T08:47:40","date_gmt":"2023-11-10T11:47:40","guid":{"rendered":"https:\/\/sitsesp.org.br\/novo\/?p=12608"},"modified":"2023-11-10T08:47:40","modified_gmt":"2023-11-10T11:47:40","slug":"especializacao-em-economia-do-trabalho-e-sindicalismo","status":"publish","type":"post","link":"https:\/\/www.sitsesp.org.br\/novo\/especializacao-em-economia-do-trabalho-e-sindicalismo\/","title":{"rendered":"ESPECIALIZA\u00c7\u00c3O EM ECONOMIA DO TRABALHO E SINDICALISMO"},"content":{"rendered":"<p><!-- VideographyWP Plugin Message: Automatic video embedding prevented by plugin options. --><\/p>\n<div>O diretor do SITSESP Iure Teixeira da pasta de Pol\u00edtica Sindical e Forma\u00e7\u00e3o avisa que o Instituto de Economia da UNICAMP abriu inscri\u00e7\u00f5es para curso de especializa\u00e7\u00e3o em Economia do Trabalho e Sindicalismo totalmente gratuito.<\/div>\n<div><\/div>\n<div>Essa especializa\u00e7\u00e3o ser\u00e1 um \u00f3timo meio de obter novas informa\u00e7\u00f5es e expandir os conhecimentos para vencer na luta por nossos direitos.<\/div>\n<div><\/div>\n<div>As inscri\u00e7\u00f5es est\u00e3o abertas at\u00e9 o dia 13 de novembro. O curso, na modalidade lato sensu, ter\u00e1 dura\u00e7\u00e3o de 24 meses com aulas \u00e0s sextas-feiras das 08h \u00e0s 18h.<\/div>\n<div><\/div>\n<div>Mais informa\u00e7\u00f5es e inscri\u00e7\u00f5es est\u00e3o dispon\u00edveis atrav\u00e9s do link:<a href=\"https:\/\/www.eco.unicamp.br\/ensino\/pos-graduacao\/processos-seletivos\/processo-seletivo-curso-de-especializacao-em-economia-do-trabalho-e-sindicalismo\"> https:\/\/www.eco.unicamp.br\/ensino\/pos-graduacao\/processos-seletivos\/processo-seletivo-curso-de-especializacao-em-economia-do-trabalho-e-sindicalismo<\/a><\/div>\n","protected":false},"excerpt":{"rendered":"<p>O diretor do SITSESP Iure Teixeira da pasta de Pol\u00edtica Sindical e Forma\u00e7\u00e3o avisa que o Instituto de Economia da UNICAMP&hellip;<\/p>\n","protected":false},"author":5,"featured_media":12609,"comment_status":"open","ping_status":"open","sticky":false,"template":"","format":"standard","meta":{"cybocfi_hide_featured_image":"","footnotes":""},"categories":[22],"tags":[],"yoast_head":"<!-- This site is optimized with the Yoast SEO plugin v22.8 - https:\/\/yoast.com\/wordpress\/plugins\/seo\/ -->\n<title>ESPECIALIZA\u00c7\u00c3O EM ECONOMIA DO TRABALHO E SINDICALISMO - SITSESP<\/title>\n<meta name=\"robots\" content=\"index, follow, max-snippet:-1, max-image-preview:large, max-video-preview:-1\" \/>\n<link rel=\"canonical\" href=\"https:\/\/www.sitsesp.org.br\/novo\/especializacao-em-economia-do-trabalho-e-sindicalismo\/\" \/>\n<meta property=\"og:locale\" content=\"pt_BR\" \/>\n<meta property=\"og:type\" content=\"article\" \/>\n<meta property=\"og:title\" content=\"ESPECIALIZA\u00c7\u00c3O EM ECONOMIA DO TRABALHO E SINDICALISMO - SITSESP\" \/>\n<meta property=\"og:description\" content=\"O diretor do SITSESP Iure Teixeira da pasta de Pol\u00edtica Sindical e Forma\u00e7\u00e3o avisa que o Instituto de Economia da UNICAMP&hellip;\" \/>\n<meta property=\"og:url\" content=\"https:\/\/www.sitsesp.org.br\/novo\/especializacao-em-economia-do-trabalho-e-sindicalismo\/\" \/>\n<meta property=\"og:site_name\" content=\"SITSESP\" \/>\n<meta property=\"article:published_time\" content=\"2023-11-10T11:47:40+00:00\" \/>\n<meta property=\"og:image\" content=\"https:\/\/www.sitsesp.org.br\/novo\/wp-content\/uploads\/2023\/11\/1011.jpg\" \/>\n\t<meta property=\"og:image:width\" content=\"800\" \/>\n\t<meta property=\"og:image:height\" content=\"800\" \/>\n\t<meta property=\"og:image:type\" content=\"image\/jpeg\" \/>\n<meta name=\"author\" content=\"imprensa\" \/>\n<meta name=\"twitter:card\" content=\"summary_large_image\" \/>\n<meta name=\"twitter:label1\" content=\"Escrito por\" \/>\n\t<meta name=\"twitter:data1\" content=\"imprensa\" \/>\n\t<meta name=\"twitter:label2\" content=\"Est. tempo de leitura\" \/>\n\t<meta name=\"twitter:data2\" content=\"1 minuto\" \/>\n<script type=\"application\/ld+json\" class=\"yoast-schema-graph\">{\"@context\":\"https:\/\/schema.org\",\"@graph\":[{\"@type\":\"Article\",\"@id\":\"https:\/\/www.sitsesp.org.br\/novo\/especializacao-em-economia-do-trabalho-e-sindicalismo\/#article\",\"isPartOf\":{\"@id\":\"https:\/\/www.sitsesp.org.br\/novo\/especializacao-em-economia-do-trabalho-e-sindicalismo\/\"},\"author\":{\"name\":\"imprensa\",\"@id\":\"https:\/\/www.sitsesp.org.br\/novo\/#\/schema\/person\/28e42eec160f373e81d0183b3643edbf\"},\"headline\":\"ESPECIALIZA\u00c7\u00c3O EM ECONOMIA DO TRABALHO E SINDICALISMO\",\"datePublished\":\"2023-11-10T11:47:40+00:00\",\"dateModified\":\"2023-11-10T11:47:40+00:00\",\"mainEntityOfPage\":{\"@id\":\"https:\/\/www.sitsesp.org.br\/novo\/especializacao-em-economia-do-trabalho-e-sindicalismo\/\"},\"wordCount\":123,\"commentCount\":0,\"publisher\":{\"@id\":\"https:\/\/www.sitsesp.org.br\/novo\/#organization\"},\"image\":{\"@id\":\"https:\/\/www.sitsesp.org.br\/novo\/especializacao-em-economia-do-trabalho-e-sindicalismo\/#primaryimage\"},\"thumbnailUrl\":\"https:\/\/www.sitsesp.org.br\/novo\/wp-content\/uploads\/2023\/11\/1011.jpg\",\"articleSection\":[\"Noticias\"],\"inLanguage\":\"pt-BR\",\"potentialAction\":[{\"@type\":\"CommentAction\",\"name\":\"Comment\",\"target\":[\"https:\/\/www.sitsesp.org.br\/novo\/especializacao-em-economia-do-trabalho-e-sindicalismo\/#respond\"]}]},{\"@type\":\"WebPage\",\"@id\":\"https:\/\/www.sitsesp.org.br\/novo\/especializacao-em-economia-do-trabalho-e-sindicalismo\/\",\"url\":\"https:\/\/www.sitsesp.org.br\/novo\/especializacao-em-economia-do-trabalho-e-sindicalismo\/\",\"name\":\"ESPECIALIZA\u00c7\u00c3O EM ECONOMIA DO TRABALHO E SINDICALISMO - SITSESP\",\"isPartOf\":{\"@id\":\"https:\/\/www.sitsesp.org.br\/novo\/#website\"},\"primaryImageOfPage\":{\"@id\":\"https:\/\/www.sitsesp.org.br\/novo\/especializacao-em-economia-do-trabalho-e-sindicalismo\/#primaryimage\"},\"image\":{\"@id\":\"https:\/\/www.sitsesp.org.br\/novo\/especializacao-em-economia-do-trabalho-e-sindicalismo\/#primaryimage\"},\"thumbnailUrl\":\"https:\/\/www.sitsesp.org.br\/novo\/wp-content\/uploads\/2023\/11\/1011.jpg\",\"datePublished\":\"2023-11-10T11:47:40+00:00\",\"dateModified\":\"2023-11-10T11:47:40+00:00\",\"breadcrumb\":{\"@id\":\"https:\/\/www.sitsesp.org.br\/novo\/especializacao-em-economia-do-trabalho-e-sindicalismo\/#breadcrumb\"},\"inLanguage\":\"pt-BR\",\"potentialAction\":[{\"@type\":\"ReadAction\",\"target\":[\"https:\/\/www.sitsesp.org.br\/novo\/especializacao-em-economia-do-trabalho-e-sindicalismo\/\"]}]},{\"@type\":\"ImageObject\",\"inLanguage\":\"pt-BR\",\"@id\":\"https:\/\/www.sitsesp.org.br\/novo\/especializacao-em-economia-do-trabalho-e-sindicalismo\/#primaryimage\",\"url\":\"https:\/\/www.sitsesp.org.br\/novo\/wp-content\/uploads\/2023\/11\/1011.jpg\",\"contentUrl\":\"https:\/\/www.sitsesp.org.br\/novo\/wp-content\/uploads\/2023\/11\/1011.jpg\",\"width\":800,\"height\":800},{\"@type\":\"BreadcrumbList\",\"@id\":\"https:\/\/www.sitsesp.org.br\/novo\/especializacao-em-economia-do-trabalho-e-sindicalismo\/#breadcrumb\",\"itemListElement\":[{\"@type\":\"ListItem\",\"position\":1,\"name\":\"In\u00edcio\",\"item\":\"https:\/\/www.sitsesp.org.br\/novo\/\"},{\"@type\":\"ListItem\",\"position\":2,\"name\":\"ESPECIALIZA\u00c7\u00c3O EM ECONOMIA DO TRABALHO E SINDICALISMO\"}]},{\"@type\":\"WebSite\",\"@id\":\"https:\/\/www.sitsesp.org.br\/novo\/#website\",\"url\":\"https:\/\/www.sitsesp.org.br\/novo\/\",\"name\":\"Sitsesp\",\"description\":\"SIndicato da Socioeduca\u00e7\u00e3o do Estado de S\u00e3o Paulo\",\"publisher\":{\"@id\":\"https:\/\/www.sitsesp.org.br\/novo\/#organization\"},\"potentialAction\":[{\"@type\":\"SearchAction\",\"target\":{\"@type\":\"EntryPoint\",\"urlTemplate\":\"https:\/\/www.sitsesp.org.br\/novo\/?s={search_term_string}\"},\"query-input\":\"required name=search_term_string\"}],\"inLanguage\":\"pt-BR\"},{\"@type\":\"Organization\",\"@id\":\"https:\/\/www.sitsesp.org.br\/novo\/#organization\",\"name\":\"Sitsesp\",\"url\":\"https:\/\/www.sitsesp.org.br\/novo\/\",\"logo\":{\"@type\":\"ImageObject\",\"inLanguage\":\"pt-BR\",\"@id\":\"https:\/\/www.sitsesp.org.br\/novo\/#\/schema\/logo\/image\/\",\"url\":\"https:\/\/www.sitsesp.org.br\/novo\/wp-content\/uploads\/2020\/09\/Design-sem-nome-1.jpg\",\"contentUrl\":\"https:\/\/www.sitsesp.org.br\/novo\/wp-content\/uploads\/2020\/09\/Design-sem-nome-1.jpg\",\"width\":300,\"height\":300,\"caption\":\"Sitsesp\"},\"image\":{\"@id\":\"https:\/\/www.sitsesp.org.br\/novo\/#\/schema\/logo\/image\/\"}},{\"@type\":\"Person\",\"@id\":\"https:\/\/www.sitsesp.org.br\/novo\/#\/schema\/person\/28e42eec160f373e81d0183b3643edbf\",\"name\":\"imprensa\",\"image\":{\"@type\":\"ImageObject\",\"inLanguage\":\"pt-BR\",\"@id\":\"https:\/\/www.sitsesp.org.br\/novo\/#\/schema\/person\/image\/\",\"url\":\"https:\/\/secure.gravatar.com\/avatar\/8d6ccd8d7d52b8959f34154e87d3fa29?s=96&d=mm&r=g\",\"contentUrl\":\"https:\/\/secure.gravatar.com\/avatar\/8d6ccd8d7d52b8959f34154e87d3fa29?s=96&d=mm&r=g\",\"caption\":\"imprensa\"}}]}<\/script>\n<!-- \/ Yoast SEO plugin. -->","yoast_head_json":{"title":"ESPECIALIZA\u00c7\u00c3O EM ECONOMIA DO TRABALHO E SINDICALISMO - SITSESP","robots":{"index":"index","follow":"follow","max-snippet":"max-snippet:-1","max-image-preview":"max-image-preview:large","max-video-preview":"max-video-preview:-1"},"canonical":"https:\/\/www.sitsesp.org.br\/novo\/especializacao-em-economia-do-trabalho-e-sindicalismo\/","og_locale":"pt_BR","og_type":"article","og_title":"ESPECIALIZA\u00c7\u00c3O EM ECONOMIA DO TRABALHO E SINDICALISMO - SITSESP","og_description":"O diretor do SITSESP Iure Teixeira da pasta de Pol\u00edtica Sindical e Forma\u00e7\u00e3o avisa que o Instituto de Economia da UNICAMP&hellip;","og_url":"https:\/\/www.sitsesp.org.br\/novo\/especializacao-em-economia-do-trabalho-e-sindicalismo\/","og_site_name":"SITSESP","article_published_time":"2023-11-10T11:47:40+00:00","og_image":[{"width":800,"height":800,"url":"https:\/\/www.sitsesp.org.br\/novo\/wp-content\/uploads\/2023\/11\/1011.jpg","type":"image\/jpeg"}],"author":"imprensa","twitter_card":"summary_large_image","twitter_misc":{"Escrito por":"imprensa","Est. tempo de leitura":"1 minuto"},"schema":{"@context":"https:\/\/schema.org","@graph":[{"@type":"Article","@id":"https:\/\/www.sitsesp.org.br\/novo\/especializacao-em-economia-do-trabalho-e-sindicalismo\/#article","isPartOf":{"@id":"https:\/\/www.sitsesp.org.br\/novo\/especializacao-em-economia-do-trabalho-e-sindicalismo\/"},"author":{"name":"imprensa","@id":"https:\/\/www.sitsesp.org.br\/novo\/#\/schema\/person\/28e42eec160f373e81d0183b3643edbf"},"headline":"ESPECIALIZA\u00c7\u00c3O EM ECONOMIA DO TRABALHO E SINDICALISMO","datePublished":"2023-11-10T11:47:40+00:00","dateModified":"2023-11-10T11:47:40+00:00","mainEntityOfPage":{"@id":"https:\/\/www.sitsesp.org.br\/novo\/especializacao-em-economia-do-trabalho-e-sindicalismo\/"},"wordCount":123,"commentCount":0,"publisher":{"@id":"https:\/\/www.sitsesp.org.br\/novo\/#organization"},"image":{"@id":"https:\/\/www.sitsesp.org.br\/novo\/especializacao-em-economia-do-trabalho-e-sindicalismo\/#primaryimage"},"thumbnailUrl":"https:\/\/www.sitsesp.org.br\/novo\/wp-content\/uploads\/2023\/11\/1011.jpg","articleSection":["Noticias"],"inLanguage":"pt-BR","potentialAction":[{"@type":"CommentAction","name":"Comment","target":["https:\/\/www.sitsesp.org.br\/novo\/especializacao-em-economia-do-trabalho-e-sindicalismo\/#respond"]}]},{"@type":"WebPage","@id":"https:\/\/www.sitsesp.org.br\/novo\/especializacao-em-economia-do-trabalho-e-sindicalismo\/","url":"https:\/\/www.sitsesp.org.br\/novo\/especializacao-em-economia-do-trabalho-e-sindicalismo\/","name":"ESPECIALIZA\u00c7\u00c3O EM ECONOMIA DO TRABALHO E SINDICALISMO - SITSESP","isPartOf":{"@id":"https:\/\/www.sitsesp.org.br\/novo\/#website"},"primaryImageOfPage":{"@id":"https:\/\/www.sitsesp.org.br\/novo\/especializacao-em-economia-do-trabalho-e-sindicalismo\/#primaryimage"},"image":{"@id":"https:\/\/www.sitsesp.org.br\/novo\/especializacao-em-economia-do-trabalho-e-sindicalismo\/#primaryimage"},"thumbnailUrl":"https:\/\/www.sitsesp.org.br\/novo\/wp-content\/uploads\/2023\/11\/1011.jpg","datePublished":"2023-11-10T11:47:40+00:00","dateModified":"2023-11-10T11:47:40+00:00","breadcrumb":{"@id":"https:\/\/www.sitsesp.org.br\/novo\/especializacao-em-economia-do-trabalho-e-sindicalismo\/#breadcrumb"},"inLanguage":"pt-BR","potentialAction":[{"@type":"ReadAction","target":["https:\/\/www.sitsesp.org.br\/novo\/especializacao-em-economia-do-trabalho-e-sindicalismo\/"]}]},{"@type":"ImageObject","inLanguage":"pt-BR","@id":"https:\/\/www.sitsesp.org.br\/novo\/especializacao-em-economia-do-trabalho-e-sindicalismo\/#primaryimage","url":"https:\/\/www.sitsesp.org.br\/novo\/wp-content\/uploads\/2023\/11\/1011.jpg","contentUrl":"https:\/\/www.sitsesp.org.br\/novo\/wp-content\/uploads\/2023\/11\/1011.jpg","width":800,"height":800},{"@type":"BreadcrumbList","@id":"https:\/\/www.sitsesp.org.br\/novo\/especializacao-em-economia-do-trabalho-e-sindicalismo\/#breadcrumb","itemListElement":[{"@type":"ListItem","position":1,"name":"In\u00edcio","item":"https:\/\/www.sitsesp.org.br\/novo\/"},{"@type":"ListItem","position":2,"name":"ESPECIALIZA\u00c7\u00c3O EM ECONOMIA DO TRABALHO E SINDICALISMO"}]},{"@type":"WebSite","@id":"https:\/\/www.sitsesp.org.br\/novo\/#website","url":"https:\/\/www.sitsesp.org.br\/novo\/","name":"Sitsesp","description":"SIndicato da Socioeduca\u00e7\u00e3o do Estado de S\u00e3o Paulo","publisher":{"@id":"https:\/\/www.sitsesp.org.br\/novo\/#organization"},"potentialAction":[{"@type":"SearchAction","target":{"@type":"EntryPoint","urlTemplate":"https:\/\/www.sitsesp.org.br\/novo\/?s={search_term_string}"},"query-input":"required name=search_term_string"}],"inLanguage":"pt-BR"},{"@type":"Organization","@id":"https:\/\/www.sitsesp.org.br\/novo\/#organization","name":"Sitsesp","url":"https:\/\/www.sitsesp.org.br\/novo\/","logo":{"@type":"ImageObject","inLanguage":"pt-BR","@id":"https:\/\/www.sitsesp.org.br\/novo\/#\/schema\/logo\/image\/","url":"https:\/\/www.sitsesp.org.br\/novo\/wp-content\/uploads\/2020\/09\/Design-sem-nome-1.jpg","contentUrl":"https:\/\/www.sitsesp.org.br\/novo\/wp-content\/uploads\/2020\/09\/Design-sem-nome-1.jpg","width":300,"height":300,"caption":"Sitsesp"},"image":{"@id":"https:\/\/www.sitsesp.org.br\/novo\/#\/schema\/logo\/image\/"}},{"@type":"Person","@id":"https:\/\/www.sitsesp.org.br\/novo\/#\/schema\/person\/28e42eec160f373e81d0183b3643edbf","name":"imprensa","image":{"@type":"ImageObject","inLanguage":"pt-BR","@id":"https:\/\/www.sitsesp.org.br\/novo\/#\/schema\/person\/image\/","url":"https:\/\/secure.gravatar.com\/avatar\/8d6ccd8d7d52b8959f34154e87d3fa29?s=96&d=mm&r=g","contentUrl":"https:\/\/secure.gravatar.com\/avatar\/8d6ccd8d7d52b8959f34154e87d3fa29?s=96&d=mm&r=g","caption":"imprensa"}}]}},"_links":{"self":[{"href":"https:\/\/www.sitsesp.org.br\/novo\/wp-json\/wp\/v2\/posts\/12608"}],"collection":[{"href":"https:\/\/www.sitsesp.org.br\/novo\/wp-json\/wp\/v2\/posts"}],"about":[{"href":"https:\/\/www.sitsesp.org.br\/novo\/wp-json\/wp\/v2\/types\/post"}],"author":[{"embeddable":true,"href":"https:\/\/www.sitsesp.org.br\/novo\/wp-json\/wp\/v2\/users\/5"}],"replies":[{"embeddable":true,"href":"https:\/\/www.sitsesp.org.br\/novo\/wp-json\/wp\/v2\/comments?post=12608"}],"version-history":[{"count":1,"href":"https:\/\/www.sitsesp.org.br\/novo\/wp-json\/wp\/v2\/posts\/12608\/revisions"}],"predecessor-version":[{"id":12610,"href":"https:\/\/www.sitsesp.org.br\/novo\/wp-json\/wp\/v2\/posts\/12608\/revisions\/12610"}],"wp:featuredmedia":[{"embeddable":true,"href":"https:\/\/www.sitsesp.org.br\/novo\/wp-json\/wp\/v2\/media\/12609"}],"wp:attachment":[{"href":"https:\/\/www.sitsesp.org.br\/novo\/wp-json\/wp\/v2\/media?parent=12608"}],"wp:term":[{"taxonomy":"category","embeddable":true,"href":"https:\/\/www.sitsesp.org.br\/novo\/wp-json\/wp\/v2\/categories?post=12608"},{"taxonomy":"post_tag","embeddable":true,"href":"https:\/\/www.sitsesp.org.br\/novo\/wp-json\/wp\/v2\/tags?post=12608"}],"curies":[{"name":"wp","href":"https:\/\/api.w.org\/{rel}","templated":true}]}}