{"id":12618,"date":"2023-11-14T12:26:05","date_gmt":"2023-11-14T15:26:05","guid":{"rendered":"https:\/\/sitsesp.org.br\/novo\/?p=12618"},"modified":"2023-11-14T13:50:02","modified_gmt":"2023-11-14T16:50:02","slug":"grupos-de-adolescentes-rivais-entram-em-confronto-e-tentam-se-rebelar-em-aracatuba-centro-casa-araca","status":"publish","type":"post","link":"https:\/\/www.sitsesp.org.br\/novo\/grupos-de-adolescentes-rivais-entram-em-confronto-e-tentam-se-rebelar-em-aracatuba-centro-casa-araca\/","title":{"rendered":"GRUPOS DE ADOLESCENTES RIVAIS ENTRAM EM CONFRONTO E TENTAM SE REBELAR EM ARA\u00c7ATUBA, CENTRO CASA ARA\u00c7\u00c1"},"content":{"rendered":"<p><!-- VideographyWP Plugin Message: Automatic video embedding prevented by plugin options. --><\/p>\n<div>Depois de levantar oficialmente os motivos e detalhes do que aconteceu neste \u00faltimo domingo (12) no Complexo Ara\u00e7atuba, especificamente no Centro CASA Ara\u00e7\u00e1, nossos delegados Beto Lopes e Vanessa fizeram o levantamento da real situa\u00e7\u00e3o do evento ocorrido, ouvindo os trabalhadores daquele Centro para, com isso, evitar as especula\u00e7\u00f5es que infelizmente, com interesse \u00fanico de promo\u00e7\u00e3o publicit\u00e1ria, s\u00e3o divulgadas para a categoria, causando tumultos.<\/div>\n<div><\/div>\n<div><strong>OS FATOS<\/strong><\/div>\n<div>No s\u00e1bado (11), dia de visitas naquele Centro, adolescentes de Ara\u00e7atuba, Andradina e da regi\u00e3o envolvidos em v\u00e1rios tipos de delitos come\u00e7aram a se desentender verbalmente, houveram as devidas interven\u00e7\u00f5es da equipe de seguran\u00e7a e tudo se acalmou naquele momento.<\/div>\n<div><\/div>\n<div>No domingo (12) pela manh\u00e3 os adolescentes, aguardando algum tipo de atividade que \u00e9 feita pela equipe de seguran\u00e7a, voltaram a se estranhar e foi necess\u00e1rio a interven\u00e7\u00e3o, mais uma vez, da equipe de seguran\u00e7a. Desta vez, os adolescentes de Ara\u00e7atuba, em n\u00famero aproximado de 10, e um n\u00famero maior de adolescentes de Andradina e regi\u00e3o, se posicionaram cada grupo de um dos lados do p\u00e1tio e come\u00e7aram a se enfrentar verbalmente sem agress\u00f5es f\u00edsicas, a seguir come\u00e7aram a arremessar objetos, um grupo contra o outro, atingindo alguns trabalhadores e causando danos ao patrim\u00f4nio\u00a0 p\u00fablico, come\u00e7ando ent\u00e3o um verdadeiro tumulto, todos os servidores no plant\u00e3o estiveram no posto para auxiliar aqueles que estavam diretamente envolvidos na ocorr\u00eancia, contando ainda, com o apoio de servidores do Centro CASA Ara\u00e7atuba.<\/div>\n<div><\/div>\n<div>Foram aproximadamente 30 minutos de tumulto, com destrui\u00e7\u00e3o de cadeiras e o que encontraram pela frente dentro da sala de artesanato e panifica\u00e7\u00e3o, jogando grande parte no p\u00e1tio.<\/div>\n<div>Gra\u00e7as a capacidade t\u00e9cnica\u00a0 e de argumenta\u00e7\u00e3o em situa\u00e7\u00e3o de risco dos agentes da equipe de seguran\u00e7a nada de mais grave aconteceu.<\/div>\n<div>Neste per\u00edodo de tumulto foi acionada a pol\u00edcia militar local e, logo ap\u00f3s o in\u00edcio da tarde, esteve no Centro, com escolta, o Juiz da inf\u00e2ncia daquela cidade para vistoriar a situa\u00e7\u00e3o e ouvir os envolvidos, saindo do Centro j\u00e1 no finalzinho da tarde.<\/div>\n<div><\/div>\n<div><strong>A DESPROPOR\u00c7\u00c3O<\/strong><\/div>\n<div>Os trabalhadores reclamam que o efetivo \u00e9 ineficiente, com idade j\u00e1 avan\u00e7ada e os adolescentes s\u00e3o bem estruturados e de propor\u00e7\u00e3o f\u00edsica bem avantajada comparada com as de alguns servidores daquele Centro, sendo que, alguns est\u00e3o envolvidos nos mais diversos delitos hediondos, fato que n\u00e3o \u00e9 corriqueiro apenas naquele Centro, mas sim, em todos os Centros que comp\u00f5em a estrutura da Funda\u00e7\u00e3o CASA.<\/div>\n<div><\/div>\n<div><strong>AS ORIENTA\u00c7\u00d5ES<\/strong><\/div>\n<div>Os representantes do SITSESP, Beto Lopes e Vanessa, orientaram os trabalhadores que tiveram alguma les\u00e3o, mesmo que n\u00e3o grave, a tomar as provid\u00eancias iniciais, CAT e Boletim de Ocorr\u00eancia.<\/div>\n<div>Nossos delegados estar\u00e3o monitorando e informando \u00e0 entidade sindical o andamento da situa\u00e7\u00e3o no Complexo, em especial, no Centro CASA Ara\u00e7\u00e1.<\/div>\n<div>\n<div id=\"penci-post-gallery__16312\" class=\"penci-post-gallery-container justified column-2\" data-height=\"150\" data-margin=\"3\"><a class=\"item-gallery-justified\" href=\"https:\/\/www.sitsesp.org.br\/novo\/wp-content\/uploads\/2023\/11\/WhatsApp-Image-2023-11-14-at-12.01.57-1.jpeg\"><img decoding=\"async\" src=\"https:\/\/www.sitsesp.org.br\/novo\/wp-content\/uploads\/2023\/11\/WhatsApp-Image-2023-11-14-at-12.01.57-1-585x438.jpeg\" alt=\"\"><\/a><a class=\"item-gallery-justified\" href=\"https:\/\/www.sitsesp.org.br\/novo\/wp-content\/uploads\/2023\/11\/WhatsApp-Image-2023-11-14-at-12.01.57.jpeg\"><img decoding=\"async\" src=\"https:\/\/www.sitsesp.org.br\/novo\/wp-content\/uploads\/2023\/11\/WhatsApp-Image-2023-11-14-at-12.01.57-585x438.jpeg\" alt=\"\"><\/a><\/div>\n<\/div>\n<div><strong>O SITSESP \u00c9 DE TODOS, PARA TODOS, TRABALHANDO COM TODOS \u2013 SEJA UM FILIADO SITSESP E PARTICIPE DA LUTA<\/strong><\/div>\n","protected":false},"excerpt":{"rendered":"<p>Depois de levantar oficialmente os motivos e detalhes do que aconteceu neste \u00faltimo domingo (12) no Complexo Ara\u00e7atuba, especificamente no Centro&hellip;<\/p>\n","protected":false},"author":5,"featured_media":12621,"comment_status":"open","ping_status":"open","sticky":false,"template":"","format":"standard","meta":{"cybocfi_hide_featured_image":"","footnotes":""},"categories":[27,22],"tags":[],"yoast_head":"<!-- This site is optimized with the Yoast SEO plugin v22.8 - https:\/\/yoast.com\/wordpress\/plugins\/seo\/ -->\n<title>GRUPOS DE ADOLESCENTES RIVAIS ENTRAM EM CONFRONTO E TENTAM SE REBELAR EM ARA\u00c7ATUBA, CENTRO CASA ARA\u00c7\u00c1 - SITSESP<\/title>\n<meta name=\"robots\" content=\"index, follow, max-snippet:-1, max-image-preview:large, max-video-preview:-1\" \/>\n<link rel=\"canonical\" href=\"https:\/\/www.sitsesp.org.br\/novo\/grupos-de-adolescentes-rivais-entram-em-confronto-e-tentam-se-rebelar-em-aracatuba-centro-casa-araca\/\" \/>\n<meta property=\"og:locale\" content=\"pt_BR\" \/>\n<meta property=\"og:type\" content=\"article\" \/>\n<meta property=\"og:title\" content=\"GRUPOS DE ADOLESCENTES RIVAIS ENTRAM EM CONFRONTO E TENTAM SE REBELAR EM ARA\u00c7ATUBA, CENTRO CASA ARA\u00c7\u00c1 - SITSESP\" \/>\n<meta property=\"og:description\" content=\"Depois de levantar oficialmente os motivos e detalhes do que aconteceu neste \u00faltimo domingo (12) no Complexo Ara\u00e7atuba, especificamente no Centro&hellip;\" \/>\n<meta property=\"og:url\" content=\"https:\/\/www.sitsesp.org.br\/novo\/grupos-de-adolescentes-rivais-entram-em-confronto-e-tentam-se-rebelar-em-aracatuba-centro-casa-araca\/\" \/>\n<meta property=\"og:site_name\" content=\"SITSESP\" \/>\n<meta property=\"article:published_time\" content=\"2023-11-14T15:26:05+00:00\" \/>\n<meta property=\"article:modified_time\" content=\"2023-11-14T16:50:02+00:00\" \/>\n<meta property=\"og:image\" content=\"https:\/\/www.sitsesp.org.br\/novo\/wp-content\/uploads\/2023\/11\/WhatsApp-Image-2023-11-14-at-12.01.56.jpeg\" \/>\n\t<meta property=\"og:image:width\" content=\"800\" \/>\n\t<meta property=\"og:image:height\" content=\"400\" \/>\n\t<meta property=\"og:image:type\" content=\"image\/jpeg\" \/>\n<meta name=\"author\" content=\"imprensa\" \/>\n<meta name=\"twitter:card\" content=\"summary_large_image\" \/>\n<meta name=\"twitter:label1\" content=\"Escrito por\" \/>\n\t<meta name=\"twitter:data1\" content=\"imprensa\" \/>\n\t<meta name=\"twitter:label2\" content=\"Est. tempo de leitura\" \/>\n\t<meta name=\"twitter:data2\" content=\"3 minutos\" \/>\n<script type=\"application\/ld+json\" class=\"yoast-schema-graph\">{\"@context\":\"https:\/\/schema.org\",\"@graph\":[{\"@type\":\"Article\",\"@id\":\"https:\/\/www.sitsesp.org.br\/novo\/grupos-de-adolescentes-rivais-entram-em-confronto-e-tentam-se-rebelar-em-aracatuba-centro-casa-araca\/#article\",\"isPartOf\":{\"@id\":\"https:\/\/www.sitsesp.org.br\/novo\/grupos-de-adolescentes-rivais-entram-em-confronto-e-tentam-se-rebelar-em-aracatuba-centro-casa-araca\/\"},\"author\":{\"name\":\"imprensa\",\"@id\":\"https:\/\/www.sitsesp.org.br\/novo\/#\/schema\/person\/28e42eec160f373e81d0183b3643edbf\"},\"headline\":\"GRUPOS DE ADOLESCENTES RIVAIS ENTRAM EM CONFRONTO E TENTAM SE REBELAR EM ARA\u00c7ATUBA, CENTRO CASA ARA\u00c7\u00c1\",\"datePublished\":\"2023-11-14T15:26:05+00:00\",\"dateModified\":\"2023-11-14T16:50:02+00:00\",\"mainEntityOfPage\":{\"@id\":\"https:\/\/www.sitsesp.org.br\/novo\/grupos-de-adolescentes-rivais-entram-em-confronto-e-tentam-se-rebelar-em-aracatuba-centro-casa-araca\/\"},\"wordCount\":538,\"commentCount\":0,\"publisher\":{\"@id\":\"https:\/\/www.sitsesp.org.br\/novo\/#organization\"},\"image\":{\"@id\":\"https:\/\/www.sitsesp.org.br\/novo\/grupos-de-adolescentes-rivais-entram-em-confronto-e-tentam-se-rebelar-em-aracatuba-centro-casa-araca\/#primaryimage\"},\"thumbnailUrl\":\"https:\/\/www.sitsesp.org.br\/novo\/wp-content\/uploads\/2023\/11\/WhatsApp-Image-2023-11-14-at-12.01.56.jpeg\",\"articleSection\":[\"Destaque\",\"Noticias\"],\"inLanguage\":\"pt-BR\",\"potentialAction\":[{\"@type\":\"CommentAction\",\"name\":\"Comment\",\"target\":[\"https:\/\/www.sitsesp.org.br\/novo\/grupos-de-adolescentes-rivais-entram-em-confronto-e-tentam-se-rebelar-em-aracatuba-centro-casa-araca\/#respond\"]}]},{\"@type\":\"WebPage\",\"@id\":\"https:\/\/www.sitsesp.org.br\/novo\/grupos-de-adolescentes-rivais-entram-em-confronto-e-tentam-se-rebelar-em-aracatuba-centro-casa-araca\/\",\"url\":\"https:\/\/www.sitsesp.org.br\/novo\/grupos-de-adolescentes-rivais-entram-em-confronto-e-tentam-se-rebelar-em-aracatuba-centro-casa-araca\/\",\"name\":\"GRUPOS DE ADOLESCENTES RIVAIS ENTRAM EM CONFRONTO E TENTAM SE REBELAR EM ARA\u00c7ATUBA, CENTRO CASA ARA\u00c7\u00c1 - SITSESP\",\"isPartOf\":{\"@id\":\"https:\/\/www.sitsesp.org.br\/novo\/#website\"},\"primaryImageOfPage\":{\"@id\":\"https:\/\/www.sitsesp.org.br\/novo\/grupos-de-adolescentes-rivais-entram-em-confronto-e-tentam-se-rebelar-em-aracatuba-centro-casa-araca\/#primaryimage\"},\"image\":{\"@id\":\"https:\/\/www.sitsesp.org.br\/novo\/grupos-de-adolescentes-rivais-entram-em-confronto-e-tentam-se-rebelar-em-aracatuba-centro-casa-araca\/#primaryimage\"},\"thumbnailUrl\":\"https:\/\/www.sitsesp.org.br\/novo\/wp-content\/uploads\/2023\/11\/WhatsApp-Image-2023-11-14-at-12.01.56.jpeg\",\"datePublished\":\"2023-11-14T15:26:05+00:00\",\"dateModified\":\"2023-11-14T16:50:02+00:00\",\"breadcrumb\":{\"@id\":\"https:\/\/www.sitsesp.org.br\/novo\/grupos-de-adolescentes-rivais-entram-em-confronto-e-tentam-se-rebelar-em-aracatuba-centro-casa-araca\/#breadcrumb\"},\"inLanguage\":\"pt-BR\",\"potentialAction\":[{\"@type\":\"ReadAction\",\"target\":[\"https:\/\/www.sitsesp.org.br\/novo\/grupos-de-adolescentes-rivais-entram-em-confronto-e-tentam-se-rebelar-em-aracatuba-centro-casa-araca\/\"]}]},{\"@type\":\"ImageObject\",\"inLanguage\":\"pt-BR\",\"@id\":\"https:\/\/www.sitsesp.org.br\/novo\/grupos-de-adolescentes-rivais-entram-em-confronto-e-tentam-se-rebelar-em-aracatuba-centro-casa-araca\/#primaryimage\",\"url\":\"https:\/\/www.sitsesp.org.br\/novo\/wp-content\/uploads\/2023\/11\/WhatsApp-Image-2023-11-14-at-12.01.56.jpeg\",\"contentUrl\":\"https:\/\/www.sitsesp.org.br\/novo\/wp-content\/uploads\/2023\/11\/WhatsApp-Image-2023-11-14-at-12.01.56.jpeg\",\"width\":800,\"height\":400},{\"@type\":\"BreadcrumbList\",\"@id\":\"https:\/\/www.sitsesp.org.br\/novo\/grupos-de-adolescentes-rivais-entram-em-confronto-e-tentam-se-rebelar-em-aracatuba-centro-casa-araca\/#breadcrumb\",\"itemListElement\":[{\"@type\":\"ListItem\",\"position\":1,\"name\":\"In\u00edcio\",\"item\":\"https:\/\/www.sitsesp.org.br\/novo\/\"},{\"@type\":\"ListItem\",\"position\":2,\"name\":\"GRUPOS DE ADOLESCENTES RIVAIS ENTRAM EM CONFRONTO E TENTAM SE REBELAR EM ARA\u00c7ATUBA, CENTRO CASA ARA\u00c7\u00c1\"}]},{\"@type\":\"WebSite\",\"@id\":\"https:\/\/www.sitsesp.org.br\/novo\/#website\",\"url\":\"https:\/\/www.sitsesp.org.br\/novo\/\",\"name\":\"Sitsesp\",\"description\":\"SIndicato da Socioeduca\u00e7\u00e3o do Estado de S\u00e3o Paulo\",\"publisher\":{\"@id\":\"https:\/\/www.sitsesp.org.br\/novo\/#organization\"},\"potentialAction\":[{\"@type\":\"SearchAction\",\"target\":{\"@type\":\"EntryPoint\",\"urlTemplate\":\"https:\/\/www.sitsesp.org.br\/novo\/?s={search_term_string}\"},\"query-input\":\"required name=search_term_string\"}],\"inLanguage\":\"pt-BR\"},{\"@type\":\"Organization\",\"@id\":\"https:\/\/www.sitsesp.org.br\/novo\/#organization\",\"name\":\"Sitsesp\",\"url\":\"https:\/\/www.sitsesp.org.br\/novo\/\",\"logo\":{\"@type\":\"ImageObject\",\"inLanguage\":\"pt-BR\",\"@id\":\"https:\/\/www.sitsesp.org.br\/novo\/#\/schema\/logo\/image\/\",\"url\":\"https:\/\/www.sitsesp.org.br\/novo\/wp-content\/uploads\/2020\/09\/Design-sem-nome-1.jpg\",\"contentUrl\":\"https:\/\/www.sitsesp.org.br\/novo\/wp-content\/uploads\/2020\/09\/Design-sem-nome-1.jpg\",\"width\":300,\"height\":300,\"caption\":\"Sitsesp\"},\"image\":{\"@id\":\"https:\/\/www.sitsesp.org.br\/novo\/#\/schema\/logo\/image\/\"}},{\"@type\":\"Person\",\"@id\":\"https:\/\/www.sitsesp.org.br\/novo\/#\/schema\/person\/28e42eec160f373e81d0183b3643edbf\",\"name\":\"imprensa\",\"image\":{\"@type\":\"ImageObject\",\"inLanguage\":\"pt-BR\",\"@id\":\"https:\/\/www.sitsesp.org.br\/novo\/#\/schema\/person\/image\/\",\"url\":\"https:\/\/secure.gravatar.com\/avatar\/8d6ccd8d7d52b8959f34154e87d3fa29?s=96&d=mm&r=g\",\"contentUrl\":\"https:\/\/secure.gravatar.com\/avatar\/8d6ccd8d7d52b8959f34154e87d3fa29?s=96&d=mm&r=g\",\"caption\":\"imprensa\"}}]}<\/script>\n<!-- \/ Yoast SEO plugin. -->","yoast_head_json":{"title":"GRUPOS DE ADOLESCENTES RIVAIS ENTRAM EM CONFRONTO E TENTAM SE REBELAR EM ARA\u00c7ATUBA, CENTRO CASA ARA\u00c7\u00c1 - SITSESP","robots":{"index":"index","follow":"follow","max-snippet":"max-snippet:-1","max-image-preview":"max-image-preview:large","max-video-preview":"max-video-preview:-1"},"canonical":"https:\/\/www.sitsesp.org.br\/novo\/grupos-de-adolescentes-rivais-entram-em-confronto-e-tentam-se-rebelar-em-aracatuba-centro-casa-araca\/","og_locale":"pt_BR","og_type":"article","og_title":"GRUPOS DE ADOLESCENTES RIVAIS ENTRAM EM CONFRONTO E TENTAM SE REBELAR EM ARA\u00c7ATUBA, CENTRO CASA ARA\u00c7\u00c1 - SITSESP","og_description":"Depois de levantar oficialmente os motivos e detalhes do que aconteceu neste \u00faltimo domingo (12) no Complexo Ara\u00e7atuba, especificamente no Centro&hellip;","og_url":"https:\/\/www.sitsesp.org.br\/novo\/grupos-de-adolescentes-rivais-entram-em-confronto-e-tentam-se-rebelar-em-aracatuba-centro-casa-araca\/","og_site_name":"SITSESP","article_published_time":"2023-11-14T15:26:05+00:00","article_modified_time":"2023-11-14T16:50:02+00:00","og_image":[{"width":800,"height":400,"url":"https:\/\/www.sitsesp.org.br\/novo\/wp-content\/uploads\/2023\/11\/WhatsApp-Image-2023-11-14-at-12.01.56.jpeg","type":"image\/jpeg"}],"author":"imprensa","twitter_card":"summary_large_image","twitter_misc":{"Escrito por":"imprensa","Est. tempo de leitura":"3 minutos"},"schema":{"@context":"https:\/\/schema.org","@graph":[{"@type":"Article","@id":"https:\/\/www.sitsesp.org.br\/novo\/grupos-de-adolescentes-rivais-entram-em-confronto-e-tentam-se-rebelar-em-aracatuba-centro-casa-araca\/#article","isPartOf":{"@id":"https:\/\/www.sitsesp.org.br\/novo\/grupos-de-adolescentes-rivais-entram-em-confronto-e-tentam-se-rebelar-em-aracatuba-centro-casa-araca\/"},"author":{"name":"imprensa","@id":"https:\/\/www.sitsesp.org.br\/novo\/#\/schema\/person\/28e42eec160f373e81d0183b3643edbf"},"headline":"GRUPOS DE ADOLESCENTES RIVAIS ENTRAM EM CONFRONTO E TENTAM SE REBELAR EM ARA\u00c7ATUBA, CENTRO CASA ARA\u00c7\u00c1","datePublished":"2023-11-14T15:26:05+00:00","dateModified":"2023-11-14T16:50:02+00:00","mainEntityOfPage":{"@id":"https:\/\/www.sitsesp.org.br\/novo\/grupos-de-adolescentes-rivais-entram-em-confronto-e-tentam-se-rebelar-em-aracatuba-centro-casa-araca\/"},"wordCount":538,"commentCount":0,"publisher":{"@id":"https:\/\/www.sitsesp.org.br\/novo\/#organization"},"image":{"@id":"https:\/\/www.sitsesp.org.br\/novo\/grupos-de-adolescentes-rivais-entram-em-confronto-e-tentam-se-rebelar-em-aracatuba-centro-casa-araca\/#primaryimage"},"thumbnailUrl":"https:\/\/www.sitsesp.org.br\/novo\/wp-content\/uploads\/2023\/11\/WhatsApp-Image-2023-11-14-at-12.01.56.jpeg","articleSection":["Destaque","Noticias"],"inLanguage":"pt-BR","potentialAction":[{"@type":"CommentAction","name":"Comment","target":["https:\/\/www.sitsesp.org.br\/novo\/grupos-de-adolescentes-rivais-entram-em-confronto-e-tentam-se-rebelar-em-aracatuba-centro-casa-araca\/#respond"]}]},{"@type":"WebPage","@id":"https:\/\/www.sitsesp.org.br\/novo\/grupos-de-adolescentes-rivais-entram-em-confronto-e-tentam-se-rebelar-em-aracatuba-centro-casa-araca\/","url":"https:\/\/www.sitsesp.org.br\/novo\/grupos-de-adolescentes-rivais-entram-em-confronto-e-tentam-se-rebelar-em-aracatuba-centro-casa-araca\/","name":"GRUPOS DE ADOLESCENTES RIVAIS ENTRAM EM CONFRONTO E TENTAM SE REBELAR EM ARA\u00c7ATUBA, CENTRO CASA ARA\u00c7\u00c1 - SITSESP","isPartOf":{"@id":"https:\/\/www.sitsesp.org.br\/novo\/#website"},"primaryImageOfPage":{"@id":"https:\/\/www.sitsesp.org.br\/novo\/grupos-de-adolescentes-rivais-entram-em-confronto-e-tentam-se-rebelar-em-aracatuba-centro-casa-araca\/#primaryimage"},"image":{"@id":"https:\/\/www.sitsesp.org.br\/novo\/grupos-de-adolescentes-rivais-entram-em-confronto-e-tentam-se-rebelar-em-aracatuba-centro-casa-araca\/#primaryimage"},"thumbnailUrl":"https:\/\/www.sitsesp.org.br\/novo\/wp-content\/uploads\/2023\/11\/WhatsApp-Image-2023-11-14-at-12.01.56.jpeg","datePublished":"2023-11-14T15:26:05+00:00","dateModified":"2023-11-14T16:50:02+00:00","breadcrumb":{"@id":"https:\/\/www.sitsesp.org.br\/novo\/grupos-de-adolescentes-rivais-entram-em-confronto-e-tentam-se-rebelar-em-aracatuba-centro-casa-araca\/#breadcrumb"},"inLanguage":"pt-BR","potentialAction":[{"@type":"ReadAction","target":["https:\/\/www.sitsesp.org.br\/novo\/grupos-de-adolescentes-rivais-entram-em-confronto-e-tentam-se-rebelar-em-aracatuba-centro-casa-araca\/"]}]},{"@type":"ImageObject","inLanguage":"pt-BR","@id":"https:\/\/www.sitsesp.org.br\/novo\/grupos-de-adolescentes-rivais-entram-em-confronto-e-tentam-se-rebelar-em-aracatuba-centro-casa-araca\/#primaryimage","url":"https:\/\/www.sitsesp.org.br\/novo\/wp-content\/uploads\/2023\/11\/WhatsApp-Image-2023-11-14-at-12.01.56.jpeg","contentUrl":"https:\/\/www.sitsesp.org.br\/novo\/wp-content\/uploads\/2023\/11\/WhatsApp-Image-2023-11-14-at-12.01.56.jpeg","width":800,"height":400},{"@type":"BreadcrumbList","@id":"https:\/\/www.sitsesp.org.br\/novo\/grupos-de-adolescentes-rivais-entram-em-confronto-e-tentam-se-rebelar-em-aracatuba-centro-casa-araca\/#breadcrumb","itemListElement":[{"@type":"ListItem","position":1,"name":"In\u00edcio","item":"https:\/\/www.sitsesp.org.br\/novo\/"},{"@type":"ListItem","position":2,"name":"GRUPOS DE ADOLESCENTES RIVAIS ENTRAM EM CONFRONTO E TENTAM SE REBELAR EM ARA\u00c7ATUBA, CENTRO CASA ARA\u00c7\u00c1"}]},{"@type":"WebSite","@id":"https:\/\/www.sitsesp.org.br\/novo\/#website","url":"https:\/\/www.sitsesp.org.br\/novo\/","name":"Sitsesp","description":"SIndicato da Socioeduca\u00e7\u00e3o do Estado de S\u00e3o Paulo","publisher":{"@id":"https:\/\/www.sitsesp.org.br\/novo\/#organization"},"potentialAction":[{"@type":"SearchAction","target":{"@type":"EntryPoint","urlTemplate":"https:\/\/www.sitsesp.org.br\/novo\/?s={search_term_string}"},"query-input":"required name=search_term_string"}],"inLanguage":"pt-BR"},{"@type":"Organization","@id":"https:\/\/www.sitsesp.org.br\/novo\/#organization","name":"Sitsesp","url":"https:\/\/www.sitsesp.org.br\/novo\/","logo":{"@type":"ImageObject","inLanguage":"pt-BR","@id":"https:\/\/www.sitsesp.org.br\/novo\/#\/schema\/logo\/image\/","url":"https:\/\/www.sitsesp.org.br\/novo\/wp-content\/uploads\/2020\/09\/Design-sem-nome-1.jpg","contentUrl":"https:\/\/www.sitsesp.org.br\/novo\/wp-content\/uploads\/2020\/09\/Design-sem-nome-1.jpg","width":300,"height":300,"caption":"Sitsesp"},"image":{"@id":"https:\/\/www.sitsesp.org.br\/novo\/#\/schema\/logo\/image\/"}},{"@type":"Person","@id":"https:\/\/www.sitsesp.org.br\/novo\/#\/schema\/person\/28e42eec160f373e81d0183b3643edbf","name":"imprensa","image":{"@type":"ImageObject","inLanguage":"pt-BR","@id":"https:\/\/www.sitsesp.org.br\/novo\/#\/schema\/person\/image\/","url":"https:\/\/secure.gravatar.com\/avatar\/8d6ccd8d7d52b8959f34154e87d3fa29?s=96&d=mm&r=g","contentUrl":"https:\/\/secure.gravatar.com\/avatar\/8d6ccd8d7d52b8959f34154e87d3fa29?s=96&d=mm&r=g","caption":"imprensa"}}]}},"_links":{"self":[{"href":"https:\/\/www.sitsesp.org.br\/novo\/wp-json\/wp\/v2\/posts\/12618"}],"collection":[{"href":"https:\/\/www.sitsesp.org.br\/novo\/wp-json\/wp\/v2\/posts"}],"about":[{"href":"https:\/\/www.sitsesp.org.br\/novo\/wp-json\/wp\/v2\/types\/post"}],"author":[{"embeddable":true,"href":"https:\/\/www.sitsesp.org.br\/novo\/wp-json\/wp\/v2\/users\/5"}],"replies":[{"embeddable":true,"href":"https:\/\/www.sitsesp.org.br\/novo\/wp-json\/wp\/v2\/comments?post=12618"}],"version-history":[{"count":2,"href":"https:\/\/www.sitsesp.org.br\/novo\/wp-json\/wp\/v2\/posts\/12618\/revisions"}],"predecessor-version":[{"id":12623,"href":"https:\/\/www.sitsesp.org.br\/novo\/wp-json\/wp\/v2\/posts\/12618\/revisions\/12623"}],"wp:featuredmedia":[{"embeddable":true,"href":"https:\/\/www.sitsesp.org.br\/novo\/wp-json\/wp\/v2\/media\/12621"}],"wp:attachment":[{"href":"https:\/\/www.sitsesp.org.br\/novo\/wp-json\/wp\/v2\/media?parent=12618"}],"wp:term":[{"taxonomy":"category","embeddable":true,"href":"https:\/\/www.sitsesp.org.br\/novo\/wp-json\/wp\/v2\/categories?post=12618"},{"taxonomy":"post_tag","embeddable":true,"href":"https:\/\/www.sitsesp.org.br\/novo\/wp-json\/wp\/v2\/tags?post=12618"}],"curies":[{"name":"wp","href":"https:\/\/api.w.org\/{rel}","templated":true}]}}