{"id":12630,"date":"2023-11-17T14:12:33","date_gmt":"2023-11-17T17:12:33","guid":{"rendered":"https:\/\/sitsesp.org.br\/novo\/?p=12630"},"modified":"2023-11-17T14:12:33","modified_gmt":"2023-11-17T17:12:33","slug":"ato-contra-a-privatizacao-da-sabesp","status":"publish","type":"post","link":"https:\/\/www.sitsesp.org.br\/novo\/ato-contra-a-privatizacao-da-sabesp\/","title":{"rendered":"ATO CONTRA A PRIVATIZA\u00c7\u00c3O DA SABESP"},"content":{"rendered":"<p><!-- VideographyWP Plugin Message: Automatic video embedding prevented by plugin options. --><\/p>\n<div>O SITSESP esteve presente no ato e na plen\u00e1ria na ALESP nesta quinta-feira (16) que discutiu, em Audi\u00eancia P\u00fablica, o Projeto de Lei n\u00b0 1501\/2023.<\/div>\n<div><\/div>\n<div>A presidente Claudia Maria e os diretores Ata\u00edde Belo e Iuri Teixeira \u2013 Pol\u00edtica Sindical e Forma\u00e7\u00e3o \u2013 participaram do evento que visa informar a popula\u00e7\u00e3o o quanto \u00e9 perigosa a privatiza\u00e7\u00e3o de \u00f3rg\u00e3os p\u00fablicos que prestam servi\u00e7os \u00e0 popula\u00e7\u00e3o e quanto \u00e9 danosa para os servidores que nelas est\u00e3o laborando h\u00e1 anos atrav\u00e9s de concursos p\u00fablicos.<\/div>\n<div>Primeiro v\u00eam as demiss\u00f5es em massa, depois os aumentos nas tarifas e, por a\u00ed, vai.<\/div>\n<div><\/div>\n<div>O primeiro passo para o governo do estado \u00e9 o sucateamento dos \u00f3rg\u00e3os, assim como est\u00e3o fazendo com a Funda\u00e7\u00e3o CASA, falta de servidores, Centros insalubres, falta de manuten\u00e7\u00e3o, trabalhadores exercendo suas fun\u00e7\u00f5es em ambientes totalmente insalubres pela falta de manuten\u00e7\u00e3o, com s\u00e9rios riscos \u00e0 vida do trabalhador pela falta de efetivo. Com a abertura de um Plano de Demiss\u00e3o Individual \u2013 PDI \u2013 mas n\u00e3o acena e nem cogita a abertura de um concurso p\u00fablico para reposi\u00e7\u00e3o de postos de trabalho.<\/div>\n<div><\/div>\n<div>Isso tudo e mais alguns ingredientes danosos para o trabalhador, facilita o processo de privatiza\u00e7\u00e3o nos \u00f3rg\u00e3os p\u00fablicos com a promessa que, entregando o servi\u00e7o p\u00fablico para a iniciativa privada, seria a solu\u00e7\u00e3o.<\/div>\n<div><\/div>\n<div>Um p\u00e9ssimo exemplo est\u00e1 acontecendo neste exato momento com a distribui\u00e7\u00e3o de energia em S\u00e3o Paulo, entregue \u00e0s m\u00e3os da Enel, que demostrou a inefici\u00eancia em lidar com os \u00faltimos sinistros que aconteceram na cidade de S\u00e3o Paulo, o que est\u00e1 levando o governo municipal a pedir para a ag\u00eancia reguladora o cancelamento urgente do contrato da parceria.<\/div>\n<div>Quem conhece e sabe lidar com o servi\u00e7o p\u00fablico \u00e9 o trabalhador que prestou concurso p\u00fablico e foi treinado para isso, e n\u00e3o aventureiros que chegam de fora sem nada conhecer.<\/div>\n<div><\/div>\n<div>O SITSESP, junto com as mais diversas entidades sindicais e associa\u00e7\u00f5es representativas das empresas e trabalhadores no servi\u00e7o p\u00fablico, estar\u00e3o em sentinela total para n\u00e3o deixar este plano diab\u00f3lico do governo do estado de S\u00e3o Paulo ir em frente.<\/div>\n<div><\/div>\n<div id=\"penci-post-gallery__74663\" class=\"penci-post-gallery-container justified column-3\" data-height=\"150\" data-margin=\"3\"><a class=\"item-gallery-justified\" href=\"https:\/\/www.sitsesp.org.br\/novo\/wp-content\/uploads\/2023\/11\/WhatsApp-Image-2023-11-17-at-13.46.49-2.jpeg\"><img decoding=\"async\" src=\"https:\/\/www.sitsesp.org.br\/novo\/wp-content\/uploads\/2023\/11\/WhatsApp-Image-2023-11-17-at-13.46.49-2-585x439.jpeg\" alt=\"\"><\/a><a class=\"item-gallery-justified\" href=\"https:\/\/www.sitsesp.org.br\/novo\/wp-content\/uploads\/2023\/11\/WhatsApp-Image-2023-11-17-at-13.46.51.jpeg\"><img decoding=\"async\" src=\"https:\/\/www.sitsesp.org.br\/novo\/wp-content\/uploads\/2023\/11\/WhatsApp-Image-2023-11-17-at-13.46.51-585x439.jpeg\" alt=\"\"><\/a><a class=\"item-gallery-justified\" href=\"https:\/\/www.sitsesp.org.br\/novo\/wp-content\/uploads\/2023\/11\/WhatsApp-Image-2023-11-17-at-13.46.49-1.jpeg\"><img decoding=\"async\" src=\"https:\/\/www.sitsesp.org.br\/novo\/wp-content\/uploads\/2023\/11\/WhatsApp-Image-2023-11-17-at-13.46.49-1-585x440.jpeg\" alt=\"\"><\/a><a class=\"item-gallery-justified\" href=\"https:\/\/www.sitsesp.org.br\/novo\/wp-content\/uploads\/2023\/11\/WhatsApp-Image-2023-11-17-at-13.46.48.jpeg\"><img decoding=\"async\" src=\"https:\/\/www.sitsesp.org.br\/novo\/wp-content\/uploads\/2023\/11\/WhatsApp-Image-2023-11-17-at-13.46.48-585x399.jpeg\" alt=\"\"><\/a><a class=\"item-gallery-justified\" href=\"https:\/\/www.sitsesp.org.br\/novo\/wp-content\/uploads\/2023\/11\/WhatsApp-Image-2023-11-17-at-13.46.49.jpeg\"><img decoding=\"async\" src=\"https:\/\/www.sitsesp.org.br\/novo\/wp-content\/uploads\/2023\/11\/WhatsApp-Image-2023-11-17-at-13.46.49-585x440.jpeg\" alt=\"\"><\/a><a class=\"item-gallery-justified\" href=\"https:\/\/www.sitsesp.org.br\/novo\/wp-content\/uploads\/2023\/11\/WhatsApp-Image-2023-11-17-at-13.46.50.jpeg\"><img decoding=\"async\" src=\"https:\/\/www.sitsesp.org.br\/novo\/wp-content\/uploads\/2023\/11\/WhatsApp-Image-2023-11-17-at-13.46.50-585x440.jpeg\" alt=\"\"><\/a><a class=\"item-gallery-justified\" href=\"https:\/\/www.sitsesp.org.br\/novo\/wp-content\/uploads\/2023\/11\/WhatsApp-Image-2023-11-17-at-13.46.50-1.jpeg\"><img decoding=\"async\" src=\"https:\/\/www.sitsesp.org.br\/novo\/wp-content\/uploads\/2023\/11\/WhatsApp-Image-2023-11-17-at-13.46.50-1-585x440.jpeg\" alt=\"\"><\/a><a class=\"item-gallery-justified\" href=\"https:\/\/www.sitsesp.org.br\/novo\/wp-content\/uploads\/2023\/11\/WhatsApp-Image-2023-11-17-at-13.46.50-4.jpeg\"><img decoding=\"async\" src=\"https:\/\/www.sitsesp.org.br\/novo\/wp-content\/uploads\/2023\/11\/WhatsApp-Image-2023-11-17-at-13.46.50-4-585x440.jpeg\" alt=\"\"><\/a><a class=\"item-gallery-justified\" href=\"https:\/\/www.sitsesp.org.br\/novo\/wp-content\/uploads\/2023\/11\/WhatsApp-Image-2023-11-17-at-13.46.50-3.jpeg\"><img decoding=\"async\" src=\"https:\/\/www.sitsesp.org.br\/novo\/wp-content\/uploads\/2023\/11\/WhatsApp-Image-2023-11-17-at-13.46.50-3-585x780.jpeg\" alt=\"\"><\/a><a class=\"item-gallery-justified\" href=\"https:\/\/www.sitsesp.org.br\/novo\/wp-content\/uploads\/2023\/11\/WhatsApp-Image-2023-11-17-at-13.46.50-2.jpeg\"><img decoding=\"async\" src=\"https:\/\/www.sitsesp.org.br\/novo\/wp-content\/uploads\/2023\/11\/WhatsApp-Image-2023-11-17-at-13.46.50-2-585x440.jpeg\" alt=\"\"><\/a><a class=\"item-gallery-justified\" href=\"https:\/\/www.sitsesp.org.br\/novo\/wp-content\/uploads\/2023\/11\/WhatsApp-Image-2023-11-17-at-13.46.49-3.jpeg\"><img decoding=\"async\" src=\"https:\/\/www.sitsesp.org.br\/novo\/wp-content\/uploads\/2023\/11\/WhatsApp-Image-2023-11-17-at-13.46.49-3-585x440.jpeg\" alt=\"\"><\/a><\/div>\n<div><strong>O SITSESP \u00c9 DE TODOS, PARA TODOS, TRABALHANDO COM TODOS \u2013 SEJA UM FILIADO SITSESP E PARTICIPE DA LUTA<\/strong><\/div>\n","protected":false},"excerpt":{"rendered":"<p>O SITSESP esteve presente no ato e na plen\u00e1ria na ALESP nesta quinta-feira (16) que discutiu, em Audi\u00eancia P\u00fablica, o Projeto&hellip;<\/p>\n","protected":false},"author":5,"featured_media":12638,"comment_status":"open","ping_status":"open","sticky":false,"template":"","format":"standard","meta":{"cybocfi_hide_featured_image":"","footnotes":""},"categories":[27,22],"tags":[],"yoast_head":"<!-- This site is optimized with the Yoast SEO plugin v22.8 - https:\/\/yoast.com\/wordpress\/plugins\/seo\/ -->\n<title>ATO CONTRA A PRIVATIZA\u00c7\u00c3O DA SABESP - SITSESP<\/title>\n<meta name=\"robots\" content=\"index, follow, max-snippet:-1, max-image-preview:large, max-video-preview:-1\" \/>\n<link rel=\"canonical\" href=\"https:\/\/www.sitsesp.org.br\/novo\/ato-contra-a-privatizacao-da-sabesp\/\" \/>\n<meta property=\"og:locale\" content=\"pt_BR\" \/>\n<meta property=\"og:type\" content=\"article\" \/>\n<meta property=\"og:title\" content=\"ATO CONTRA A PRIVATIZA\u00c7\u00c3O DA SABESP - SITSESP\" \/>\n<meta property=\"og:description\" content=\"O SITSESP esteve presente no ato e na plen\u00e1ria na ALESP nesta quinta-feira (16) que discutiu, em Audi\u00eancia P\u00fablica, o Projeto&hellip;\" \/>\n<meta property=\"og:url\" content=\"https:\/\/www.sitsesp.org.br\/novo\/ato-contra-a-privatizacao-da-sabesp\/\" \/>\n<meta property=\"og:site_name\" content=\"SITSESP\" \/>\n<meta property=\"article:published_time\" content=\"2023-11-17T17:12:33+00:00\" \/>\n<meta property=\"og:image\" content=\"https:\/\/www.sitsesp.org.br\/novo\/wp-content\/uploads\/2023\/11\/WhatsApp-Image-2023-11-17-at-13.46.49-2.jpeg\" \/>\n\t<meta property=\"og:image:width\" content=\"800\" \/>\n\t<meta property=\"og:image:height\" content=\"600\" \/>\n\t<meta property=\"og:image:type\" content=\"image\/jpeg\" \/>\n<meta name=\"author\" content=\"imprensa\" \/>\n<meta name=\"twitter:card\" content=\"summary_large_image\" \/>\n<meta name=\"twitter:label1\" content=\"Escrito por\" \/>\n\t<meta name=\"twitter:data1\" content=\"imprensa\" \/>\n\t<meta name=\"twitter:label2\" content=\"Est. tempo de leitura\" \/>\n\t<meta name=\"twitter:data2\" content=\"2 minutos\" \/>\n<script type=\"application\/ld+json\" class=\"yoast-schema-graph\">{\"@context\":\"https:\/\/schema.org\",\"@graph\":[{\"@type\":\"Article\",\"@id\":\"https:\/\/www.sitsesp.org.br\/novo\/ato-contra-a-privatizacao-da-sabesp\/#article\",\"isPartOf\":{\"@id\":\"https:\/\/www.sitsesp.org.br\/novo\/ato-contra-a-privatizacao-da-sabesp\/\"},\"author\":{\"name\":\"imprensa\",\"@id\":\"https:\/\/www.sitsesp.org.br\/novo\/#\/schema\/person\/28e42eec160f373e81d0183b3643edbf\"},\"headline\":\"ATO CONTRA A PRIVATIZA\u00c7\u00c3O DA SABESP\",\"datePublished\":\"2023-11-17T17:12:33+00:00\",\"dateModified\":\"2023-11-17T17:12:33+00:00\",\"mainEntityOfPage\":{\"@id\":\"https:\/\/www.sitsesp.org.br\/novo\/ato-contra-a-privatizacao-da-sabesp\/\"},\"wordCount\":408,\"commentCount\":0,\"publisher\":{\"@id\":\"https:\/\/www.sitsesp.org.br\/novo\/#organization\"},\"image\":{\"@id\":\"https:\/\/www.sitsesp.org.br\/novo\/ato-contra-a-privatizacao-da-sabesp\/#primaryimage\"},\"thumbnailUrl\":\"https:\/\/www.sitsesp.org.br\/novo\/wp-content\/uploads\/2023\/11\/WhatsApp-Image-2023-11-17-at-13.46.49-2.jpeg\",\"articleSection\":[\"Destaque\",\"Noticias\"],\"inLanguage\":\"pt-BR\",\"potentialAction\":[{\"@type\":\"CommentAction\",\"name\":\"Comment\",\"target\":[\"https:\/\/www.sitsesp.org.br\/novo\/ato-contra-a-privatizacao-da-sabesp\/#respond\"]}]},{\"@type\":\"WebPage\",\"@id\":\"https:\/\/www.sitsesp.org.br\/novo\/ato-contra-a-privatizacao-da-sabesp\/\",\"url\":\"https:\/\/www.sitsesp.org.br\/novo\/ato-contra-a-privatizacao-da-sabesp\/\",\"name\":\"ATO CONTRA A PRIVATIZA\u00c7\u00c3O DA SABESP - SITSESP\",\"isPartOf\":{\"@id\":\"https:\/\/www.sitsesp.org.br\/novo\/#website\"},\"primaryImageOfPage\":{\"@id\":\"https:\/\/www.sitsesp.org.br\/novo\/ato-contra-a-privatizacao-da-sabesp\/#primaryimage\"},\"image\":{\"@id\":\"https:\/\/www.sitsesp.org.br\/novo\/ato-contra-a-privatizacao-da-sabesp\/#primaryimage\"},\"thumbnailUrl\":\"https:\/\/www.sitsesp.org.br\/novo\/wp-content\/uploads\/2023\/11\/WhatsApp-Image-2023-11-17-at-13.46.49-2.jpeg\",\"datePublished\":\"2023-11-17T17:12:33+00:00\",\"dateModified\":\"2023-11-17T17:12:33+00:00\",\"breadcrumb\":{\"@id\":\"https:\/\/www.sitsesp.org.br\/novo\/ato-contra-a-privatizacao-da-sabesp\/#breadcrumb\"},\"inLanguage\":\"pt-BR\",\"potentialAction\":[{\"@type\":\"ReadAction\",\"target\":[\"https:\/\/www.sitsesp.org.br\/novo\/ato-contra-a-privatizacao-da-sabesp\/\"]}]},{\"@type\":\"ImageObject\",\"inLanguage\":\"pt-BR\",\"@id\":\"https:\/\/www.sitsesp.org.br\/novo\/ato-contra-a-privatizacao-da-sabesp\/#primaryimage\",\"url\":\"https:\/\/www.sitsesp.org.br\/novo\/wp-content\/uploads\/2023\/11\/WhatsApp-Image-2023-11-17-at-13.46.49-2.jpeg\",\"contentUrl\":\"https:\/\/www.sitsesp.org.br\/novo\/wp-content\/uploads\/2023\/11\/WhatsApp-Image-2023-11-17-at-13.46.49-2.jpeg\",\"width\":800,\"height\":600},{\"@type\":\"BreadcrumbList\",\"@id\":\"https:\/\/www.sitsesp.org.br\/novo\/ato-contra-a-privatizacao-da-sabesp\/#breadcrumb\",\"itemListElement\":[{\"@type\":\"ListItem\",\"position\":1,\"name\":\"In\u00edcio\",\"item\":\"https:\/\/www.sitsesp.org.br\/novo\/\"},{\"@type\":\"ListItem\",\"position\":2,\"name\":\"ATO CONTRA A PRIVATIZA\u00c7\u00c3O DA SABESP\"}]},{\"@type\":\"WebSite\",\"@id\":\"https:\/\/www.sitsesp.org.br\/novo\/#website\",\"url\":\"https:\/\/www.sitsesp.org.br\/novo\/\",\"name\":\"Sitsesp\",\"description\":\"SIndicato da Socioeduca\u00e7\u00e3o do Estado de S\u00e3o Paulo\",\"publisher\":{\"@id\":\"https:\/\/www.sitsesp.org.br\/novo\/#organization\"},\"potentialAction\":[{\"@type\":\"SearchAction\",\"target\":{\"@type\":\"EntryPoint\",\"urlTemplate\":\"https:\/\/www.sitsesp.org.br\/novo\/?s={search_term_string}\"},\"query-input\":\"required name=search_term_string\"}],\"inLanguage\":\"pt-BR\"},{\"@type\":\"Organization\",\"@id\":\"https:\/\/www.sitsesp.org.br\/novo\/#organization\",\"name\":\"Sitsesp\",\"url\":\"https:\/\/www.sitsesp.org.br\/novo\/\",\"logo\":{\"@type\":\"ImageObject\",\"inLanguage\":\"pt-BR\",\"@id\":\"https:\/\/www.sitsesp.org.br\/novo\/#\/schema\/logo\/image\/\",\"url\":\"https:\/\/www.sitsesp.org.br\/novo\/wp-content\/uploads\/2020\/09\/Design-sem-nome-1.jpg\",\"contentUrl\":\"https:\/\/www.sitsesp.org.br\/novo\/wp-content\/uploads\/2020\/09\/Design-sem-nome-1.jpg\",\"width\":300,\"height\":300,\"caption\":\"Sitsesp\"},\"image\":{\"@id\":\"https:\/\/www.sitsesp.org.br\/novo\/#\/schema\/logo\/image\/\"}},{\"@type\":\"Person\",\"@id\":\"https:\/\/www.sitsesp.org.br\/novo\/#\/schema\/person\/28e42eec160f373e81d0183b3643edbf\",\"name\":\"imprensa\",\"image\":{\"@type\":\"ImageObject\",\"inLanguage\":\"pt-BR\",\"@id\":\"https:\/\/www.sitsesp.org.br\/novo\/#\/schema\/person\/image\/\",\"url\":\"https:\/\/secure.gravatar.com\/avatar\/8d6ccd8d7d52b8959f34154e87d3fa29?s=96&d=mm&r=g\",\"contentUrl\":\"https:\/\/secure.gravatar.com\/avatar\/8d6ccd8d7d52b8959f34154e87d3fa29?s=96&d=mm&r=g\",\"caption\":\"imprensa\"}}]}<\/script>\n<!-- \/ Yoast SEO plugin. -->","yoast_head_json":{"title":"ATO CONTRA A PRIVATIZA\u00c7\u00c3O DA SABESP - SITSESP","robots":{"index":"index","follow":"follow","max-snippet":"max-snippet:-1","max-image-preview":"max-image-preview:large","max-video-preview":"max-video-preview:-1"},"canonical":"https:\/\/www.sitsesp.org.br\/novo\/ato-contra-a-privatizacao-da-sabesp\/","og_locale":"pt_BR","og_type":"article","og_title":"ATO CONTRA A PRIVATIZA\u00c7\u00c3O DA SABESP - SITSESP","og_description":"O SITSESP esteve presente no ato e na plen\u00e1ria na ALESP nesta quinta-feira (16) que discutiu, em Audi\u00eancia P\u00fablica, o Projeto&hellip;","og_url":"https:\/\/www.sitsesp.org.br\/novo\/ato-contra-a-privatizacao-da-sabesp\/","og_site_name":"SITSESP","article_published_time":"2023-11-17T17:12:33+00:00","og_image":[{"width":800,"height":600,"url":"https:\/\/www.sitsesp.org.br\/novo\/wp-content\/uploads\/2023\/11\/WhatsApp-Image-2023-11-17-at-13.46.49-2.jpeg","type":"image\/jpeg"}],"author":"imprensa","twitter_card":"summary_large_image","twitter_misc":{"Escrito por":"imprensa","Est. tempo de leitura":"2 minutos"},"schema":{"@context":"https:\/\/schema.org","@graph":[{"@type":"Article","@id":"https:\/\/www.sitsesp.org.br\/novo\/ato-contra-a-privatizacao-da-sabesp\/#article","isPartOf":{"@id":"https:\/\/www.sitsesp.org.br\/novo\/ato-contra-a-privatizacao-da-sabesp\/"},"author":{"name":"imprensa","@id":"https:\/\/www.sitsesp.org.br\/novo\/#\/schema\/person\/28e42eec160f373e81d0183b3643edbf"},"headline":"ATO CONTRA A PRIVATIZA\u00c7\u00c3O DA SABESP","datePublished":"2023-11-17T17:12:33+00:00","dateModified":"2023-11-17T17:12:33+00:00","mainEntityOfPage":{"@id":"https:\/\/www.sitsesp.org.br\/novo\/ato-contra-a-privatizacao-da-sabesp\/"},"wordCount":408,"commentCount":0,"publisher":{"@id":"https:\/\/www.sitsesp.org.br\/novo\/#organization"},"image":{"@id":"https:\/\/www.sitsesp.org.br\/novo\/ato-contra-a-privatizacao-da-sabesp\/#primaryimage"},"thumbnailUrl":"https:\/\/www.sitsesp.org.br\/novo\/wp-content\/uploads\/2023\/11\/WhatsApp-Image-2023-11-17-at-13.46.49-2.jpeg","articleSection":["Destaque","Noticias"],"inLanguage":"pt-BR","potentialAction":[{"@type":"CommentAction","name":"Comment","target":["https:\/\/www.sitsesp.org.br\/novo\/ato-contra-a-privatizacao-da-sabesp\/#respond"]}]},{"@type":"WebPage","@id":"https:\/\/www.sitsesp.org.br\/novo\/ato-contra-a-privatizacao-da-sabesp\/","url":"https:\/\/www.sitsesp.org.br\/novo\/ato-contra-a-privatizacao-da-sabesp\/","name":"ATO CONTRA A PRIVATIZA\u00c7\u00c3O DA SABESP - SITSESP","isPartOf":{"@id":"https:\/\/www.sitsesp.org.br\/novo\/#website"},"primaryImageOfPage":{"@id":"https:\/\/www.sitsesp.org.br\/novo\/ato-contra-a-privatizacao-da-sabesp\/#primaryimage"},"image":{"@id":"https:\/\/www.sitsesp.org.br\/novo\/ato-contra-a-privatizacao-da-sabesp\/#primaryimage"},"thumbnailUrl":"https:\/\/www.sitsesp.org.br\/novo\/wp-content\/uploads\/2023\/11\/WhatsApp-Image-2023-11-17-at-13.46.49-2.jpeg","datePublished":"2023-11-17T17:12:33+00:00","dateModified":"2023-11-17T17:12:33+00:00","breadcrumb":{"@id":"https:\/\/www.sitsesp.org.br\/novo\/ato-contra-a-privatizacao-da-sabesp\/#breadcrumb"},"inLanguage":"pt-BR","potentialAction":[{"@type":"ReadAction","target":["https:\/\/www.sitsesp.org.br\/novo\/ato-contra-a-privatizacao-da-sabesp\/"]}]},{"@type":"ImageObject","inLanguage":"pt-BR","@id":"https:\/\/www.sitsesp.org.br\/novo\/ato-contra-a-privatizacao-da-sabesp\/#primaryimage","url":"https:\/\/www.sitsesp.org.br\/novo\/wp-content\/uploads\/2023\/11\/WhatsApp-Image-2023-11-17-at-13.46.49-2.jpeg","contentUrl":"https:\/\/www.sitsesp.org.br\/novo\/wp-content\/uploads\/2023\/11\/WhatsApp-Image-2023-11-17-at-13.46.49-2.jpeg","width":800,"height":600},{"@type":"BreadcrumbList","@id":"https:\/\/www.sitsesp.org.br\/novo\/ato-contra-a-privatizacao-da-sabesp\/#breadcrumb","itemListElement":[{"@type":"ListItem","position":1,"name":"In\u00edcio","item":"https:\/\/www.sitsesp.org.br\/novo\/"},{"@type":"ListItem","position":2,"name":"ATO CONTRA A PRIVATIZA\u00c7\u00c3O DA SABESP"}]},{"@type":"WebSite","@id":"https:\/\/www.sitsesp.org.br\/novo\/#website","url":"https:\/\/www.sitsesp.org.br\/novo\/","name":"Sitsesp","description":"SIndicato da Socioeduca\u00e7\u00e3o do Estado de S\u00e3o Paulo","publisher":{"@id":"https:\/\/www.sitsesp.org.br\/novo\/#organization"},"potentialAction":[{"@type":"SearchAction","target":{"@type":"EntryPoint","urlTemplate":"https:\/\/www.sitsesp.org.br\/novo\/?s={search_term_string}"},"query-input":"required name=search_term_string"}],"inLanguage":"pt-BR"},{"@type":"Organization","@id":"https:\/\/www.sitsesp.org.br\/novo\/#organization","name":"Sitsesp","url":"https:\/\/www.sitsesp.org.br\/novo\/","logo":{"@type":"ImageObject","inLanguage":"pt-BR","@id":"https:\/\/www.sitsesp.org.br\/novo\/#\/schema\/logo\/image\/","url":"https:\/\/www.sitsesp.org.br\/novo\/wp-content\/uploads\/2020\/09\/Design-sem-nome-1.jpg","contentUrl":"https:\/\/www.sitsesp.org.br\/novo\/wp-content\/uploads\/2020\/09\/Design-sem-nome-1.jpg","width":300,"height":300,"caption":"Sitsesp"},"image":{"@id":"https:\/\/www.sitsesp.org.br\/novo\/#\/schema\/logo\/image\/"}},{"@type":"Person","@id":"https:\/\/www.sitsesp.org.br\/novo\/#\/schema\/person\/28e42eec160f373e81d0183b3643edbf","name":"imprensa","image":{"@type":"ImageObject","inLanguage":"pt-BR","@id":"https:\/\/www.sitsesp.org.br\/novo\/#\/schema\/person\/image\/","url":"https:\/\/secure.gravatar.com\/avatar\/8d6ccd8d7d52b8959f34154e87d3fa29?s=96&d=mm&r=g","contentUrl":"https:\/\/secure.gravatar.com\/avatar\/8d6ccd8d7d52b8959f34154e87d3fa29?s=96&d=mm&r=g","caption":"imprensa"}}]}},"_links":{"self":[{"href":"https:\/\/www.sitsesp.org.br\/novo\/wp-json\/wp\/v2\/posts\/12630"}],"collection":[{"href":"https:\/\/www.sitsesp.org.br\/novo\/wp-json\/wp\/v2\/posts"}],"about":[{"href":"https:\/\/www.sitsesp.org.br\/novo\/wp-json\/wp\/v2\/types\/post"}],"author":[{"embeddable":true,"href":"https:\/\/www.sitsesp.org.br\/novo\/wp-json\/wp\/v2\/users\/5"}],"replies":[{"embeddable":true,"href":"https:\/\/www.sitsesp.org.br\/novo\/wp-json\/wp\/v2\/comments?post=12630"}],"version-history":[{"count":1,"href":"https:\/\/www.sitsesp.org.br\/novo\/wp-json\/wp\/v2\/posts\/12630\/revisions"}],"predecessor-version":[{"id":12642,"href":"https:\/\/www.sitsesp.org.br\/novo\/wp-json\/wp\/v2\/posts\/12630\/revisions\/12642"}],"wp:featuredmedia":[{"embeddable":true,"href":"https:\/\/www.sitsesp.org.br\/novo\/wp-json\/wp\/v2\/media\/12638"}],"wp:attachment":[{"href":"https:\/\/www.sitsesp.org.br\/novo\/wp-json\/wp\/v2\/media?parent=12630"}],"wp:term":[{"taxonomy":"category","embeddable":true,"href":"https:\/\/www.sitsesp.org.br\/novo\/wp-json\/wp\/v2\/categories?post=12630"},{"taxonomy":"post_tag","embeddable":true,"href":"https:\/\/www.sitsesp.org.br\/novo\/wp-json\/wp\/v2\/tags?post=12630"}],"curies":[{"name":"wp","href":"https:\/\/api.w.org\/{rel}","templated":true}]}}