{"id":12650,"date":"2023-11-18T12:28:10","date_gmt":"2023-11-18T15:28:10","guid":{"rendered":"https:\/\/sitsesp.org.br\/novo\/?p=12650"},"modified":"2023-11-18T12:45:39","modified_gmt":"2023-11-18T15:45:39","slug":"sitsesp-casa-osasco-i-mais-uma-saidinha-cultural-com-fuga-de-adolescentes","status":"publish","type":"post","link":"https:\/\/www.sitsesp.org.br\/novo\/sitsesp-casa-osasco-i-mais-uma-saidinha-cultural-com-fuga-de-adolescentes\/","title":{"rendered":"SITSESP \u2013 CASA OSASCO I \u2013 MAIS UMA SAIDINHA CULTURAL COM FUGA DE ADOLESCENTES"},"content":{"rendered":"<p><!-- VideographyWP Plugin Message: Automatic video embedding prevented by plugin options. --><\/p>\n<div>O SITSESP, atrav\u00e9s do dirigente sindical da pasta de Pol\u00edtica Sindical e Forma\u00e7\u00e3o Iuri Teixeira, em visita ao Centro CASA Osasco I nesta sexta-feira (17), averiguou uma den\u00fancia de fuga que chegou para a entidade sindical na quinta-feira (16).<\/div>\n<div>O fato, mais uma vez, aconteceu em uma destas sa\u00eddas culturais que acontecem aos finais de ano.<\/div>\n<div>Como sempre, quatro adolescentes na sa\u00edda com apenas um Agente de Apoio, ou seja, uma fuga anunciada, que a Funda\u00e7\u00e3o CASA insiste em deixar acontecer, com um agravante, colocando a vida do servidor em risco para o pior desfecho.<\/div>\n<div><\/div>\n<div><strong>A FUGA ANUNCIADA<\/strong><\/div>\n<div>Dois adolescentes no local do evento cultural e na sua comunidade, aproveitando a fragilidade, empreenderam fuga, os outros dois foram contidos.<\/div>\n<div>Se a Funda\u00e7\u00e3o CASA cumprisse com as determina\u00e7\u00f5es de seguran\u00e7a, \u201ctalvez\u201d isto poderia ter sido evitado.<\/div>\n<div>Fato \u00e9 que todo final de ano os adolescentes est\u00e3o ansiosos para estarem com seus familiares em suas casas, em sua maioria, imaginam que podem ter uma saidinha de final de ano como acontece no sistema penitenci\u00e1rio, mas quando descobrem que o sistema socioeducativo tem um modelo diferente, eles come\u00e7am a colocar em plano outros m\u00e9todos para tentar sua liberdade de qualquer forma, uma delas \u00e9 manipular o sistema (que \u00e9 fr\u00e1gil no sentido de efetivo) para poderem irem nessas sa\u00eddas e de l\u00e1, ganhar o \u201cmund\u00e3o\u201d, como eles mesmos colocam.<\/div>\n<div>\u00c9 lament\u00e1vel, mas a Funda\u00e7\u00e3o CASA, no intuito de sucatear o sistema socioeducativo para justificar uma eventual privatiza\u00e7\u00e3o, coloca a vida do trabalhador em risco, at\u00e9 mesmo, de morte.<\/div>\n<div>O servidor foi orientado a fazer o termo circunstanciado e o boletim de ocorr\u00eancia para se resguardar de qualquer problema, o que ele j\u00e1 providenciou.<\/div>\n<div><\/div>\n<div><strong>AS BRIGAS<\/strong><\/div>\n<div>Nosso diretor ainda averiguou que ocorreram duas brigas entre adolescentes, mas houve a interven\u00e7\u00e3o dos servidores e foi tudo controlado. Estas brigas acontecem sempre no per\u00edodo de almo\u00e7o onde o efetivo est\u00e1 ainda mais reduzido.<\/div>\n<div><\/div>\n<div><strong>CONVERSANDO COM TRABALHADORES<\/strong><\/div>\n<div>Aproveitando a visita, o diretor sindical esteve em contato com os servidores e servidoras, esclarecendo d\u00favidas e entregado o informativo sindical para os trabalhadores daquele Centro.<\/div>\n<div><\/div>\n<div>O SITSESP se mant\u00e9m \u00e0 disposi\u00e7\u00e3o dos trabalhadores e recebe as den\u00fancias que sempre s\u00e3o averiguadas pela dire\u00e7\u00e3o e delegados(as) sindicais.<\/div>\n<div>\n<div id=\"penci-post-gallery__25212\" class=\"penci-post-gallery-container justified column-3\" data-height=\"150\" data-margin=\"3\"><a class=\"item-gallery-justified\" href=\"https:\/\/www.sitsesp.org.br\/novo\/wp-content\/uploads\/2023\/11\/WhatsApp-Image-2023-11-18-at-12.04.13-2.jpeg\"><img decoding=\"async\" src=\"https:\/\/www.sitsesp.org.br\/novo\/wp-content\/uploads\/2023\/11\/WhatsApp-Image-2023-11-18-at-12.04.13-2-585x439.jpeg\" alt=\"\" title=\"WhatsApp Image 2023-11-18 at 12.04.13 (2)\"><\/a><a class=\"item-gallery-justified\" href=\"https:\/\/www.sitsesp.org.br\/novo\/wp-content\/uploads\/2023\/11\/WhatsApp-Image-2023-11-18-at-12.04.13.jpeg\"><img decoding=\"async\" src=\"https:\/\/www.sitsesp.org.br\/novo\/wp-content\/uploads\/2023\/11\/WhatsApp-Image-2023-11-18-at-12.04.13-585x440.jpeg\" alt=\"\" title=\"WhatsApp Image 2023-11-18 at 12.04.13\"><\/a><a class=\"item-gallery-justified\" href=\"https:\/\/www.sitsesp.org.br\/novo\/wp-content\/uploads\/2023\/11\/WhatsApp-Image-2023-11-18-at-12.04.12-1.jpeg\"><img decoding=\"async\" src=\"https:\/\/www.sitsesp.org.br\/novo\/wp-content\/uploads\/2023\/11\/WhatsApp-Image-2023-11-18-at-12.04.12-1-585x439.jpeg\" alt=\"\" title=\"WhatsApp Image 2023-11-18 at 12.04.12 (1)\"><\/a><\/div>\n<\/div>\n<div><\/div>\n<div><strong>O SITSESP \u00c9 DE TODOS, PARA TODOS, TRABALHANDO COM TODOS \u2013 SEJA UM FILIADO SITSESP E PARTICIPE DA LUTA<\/strong><\/div>\n","protected":false},"excerpt":{"rendered":"<p>O SITSESP, atrav\u00e9s do dirigente sindical da pasta de Pol\u00edtica Sindical e Forma\u00e7\u00e3o Iuri Teixeira, em visita ao Centro CASA Osasco&hellip;<\/p>\n","protected":false},"author":5,"featured_media":12651,"comment_status":"open","ping_status":"open","sticky":false,"template":"","format":"standard","meta":{"cybocfi_hide_featured_image":"","footnotes":""},"categories":[27,22],"tags":[],"yoast_head":"<!-- This site is optimized with the Yoast SEO plugin v22.8 - https:\/\/yoast.com\/wordpress\/plugins\/seo\/ -->\n<title>SITSESP \u2013 CASA OSASCO I \u2013 MAIS UMA SAIDINHA CULTURAL COM FUGA DE ADOLESCENTES - SITSESP<\/title>\n<meta name=\"robots\" content=\"index, follow, max-snippet:-1, max-image-preview:large, max-video-preview:-1\" \/>\n<link rel=\"canonical\" href=\"https:\/\/www.sitsesp.org.br\/novo\/sitsesp-casa-osasco-i-mais-uma-saidinha-cultural-com-fuga-de-adolescentes\/\" \/>\n<meta property=\"og:locale\" content=\"pt_BR\" \/>\n<meta property=\"og:type\" content=\"article\" \/>\n<meta property=\"og:title\" content=\"SITSESP \u2013 CASA OSASCO I \u2013 MAIS UMA SAIDINHA CULTURAL COM FUGA DE ADOLESCENTES - SITSESP\" \/>\n<meta property=\"og:description\" content=\"O SITSESP, atrav\u00e9s do dirigente sindical da pasta de Pol\u00edtica Sindical e Forma\u00e7\u00e3o Iuri Teixeira, em visita ao Centro CASA Osasco&hellip;\" \/>\n<meta property=\"og:url\" content=\"https:\/\/www.sitsesp.org.br\/novo\/sitsesp-casa-osasco-i-mais-uma-saidinha-cultural-com-fuga-de-adolescentes\/\" \/>\n<meta property=\"og:site_name\" content=\"SITSESP\" \/>\n<meta property=\"article:published_time\" content=\"2023-11-18T15:28:10+00:00\" \/>\n<meta property=\"article:modified_time\" content=\"2023-11-18T15:45:39+00:00\" \/>\n<meta property=\"og:image\" content=\"https:\/\/www.sitsesp.org.br\/novo\/wp-content\/uploads\/2023\/11\/WhatsApp-Image-2023-11-18-at-12.04.12.jpeg\" \/>\n\t<meta property=\"og:image:width\" content=\"800\" \/>\n\t<meta property=\"og:image:height\" content=\"600\" \/>\n\t<meta property=\"og:image:type\" content=\"image\/jpeg\" \/>\n<meta name=\"author\" content=\"imprensa\" \/>\n<meta name=\"twitter:card\" content=\"summary_large_image\" \/>\n<meta name=\"twitter:label1\" content=\"Escrito por\" \/>\n\t<meta name=\"twitter:data1\" content=\"imprensa\" \/>\n\t<meta name=\"twitter:label2\" content=\"Est. tempo de leitura\" \/>\n\t<meta name=\"twitter:data2\" content=\"3 minutos\" \/>\n<script type=\"application\/ld+json\" class=\"yoast-schema-graph\">{\"@context\":\"https:\/\/schema.org\",\"@graph\":[{\"@type\":\"Article\",\"@id\":\"https:\/\/www.sitsesp.org.br\/novo\/sitsesp-casa-osasco-i-mais-uma-saidinha-cultural-com-fuga-de-adolescentes\/#article\",\"isPartOf\":{\"@id\":\"https:\/\/www.sitsesp.org.br\/novo\/sitsesp-casa-osasco-i-mais-uma-saidinha-cultural-com-fuga-de-adolescentes\/\"},\"author\":{\"name\":\"imprensa\",\"@id\":\"https:\/\/www.sitsesp.org.br\/novo\/#\/schema\/person\/28e42eec160f373e81d0183b3643edbf\"},\"headline\":\"SITSESP \u2013 CASA OSASCO I \u2013 MAIS UMA SAIDINHA CULTURAL COM FUGA DE ADOLESCENTES\",\"datePublished\":\"2023-11-18T15:28:10+00:00\",\"dateModified\":\"2023-11-18T15:45:39+00:00\",\"mainEntityOfPage\":{\"@id\":\"https:\/\/www.sitsesp.org.br\/novo\/sitsesp-casa-osasco-i-mais-uma-saidinha-cultural-com-fuga-de-adolescentes\/\"},\"wordCount\":424,\"commentCount\":0,\"publisher\":{\"@id\":\"https:\/\/www.sitsesp.org.br\/novo\/#organization\"},\"image\":{\"@id\":\"https:\/\/www.sitsesp.org.br\/novo\/sitsesp-casa-osasco-i-mais-uma-saidinha-cultural-com-fuga-de-adolescentes\/#primaryimage\"},\"thumbnailUrl\":\"https:\/\/www.sitsesp.org.br\/novo\/wp-content\/uploads\/2023\/11\/WhatsApp-Image-2023-11-18-at-12.04.12.jpeg\",\"articleSection\":[\"Destaque\",\"Noticias\"],\"inLanguage\":\"pt-BR\",\"potentialAction\":[{\"@type\":\"CommentAction\",\"name\":\"Comment\",\"target\":[\"https:\/\/www.sitsesp.org.br\/novo\/sitsesp-casa-osasco-i-mais-uma-saidinha-cultural-com-fuga-de-adolescentes\/#respond\"]}]},{\"@type\":\"WebPage\",\"@id\":\"https:\/\/www.sitsesp.org.br\/novo\/sitsesp-casa-osasco-i-mais-uma-saidinha-cultural-com-fuga-de-adolescentes\/\",\"url\":\"https:\/\/www.sitsesp.org.br\/novo\/sitsesp-casa-osasco-i-mais-uma-saidinha-cultural-com-fuga-de-adolescentes\/\",\"name\":\"SITSESP \u2013 CASA OSASCO I \u2013 MAIS UMA SAIDINHA CULTURAL COM FUGA DE ADOLESCENTES - SITSESP\",\"isPartOf\":{\"@id\":\"https:\/\/www.sitsesp.org.br\/novo\/#website\"},\"primaryImageOfPage\":{\"@id\":\"https:\/\/www.sitsesp.org.br\/novo\/sitsesp-casa-osasco-i-mais-uma-saidinha-cultural-com-fuga-de-adolescentes\/#primaryimage\"},\"image\":{\"@id\":\"https:\/\/www.sitsesp.org.br\/novo\/sitsesp-casa-osasco-i-mais-uma-saidinha-cultural-com-fuga-de-adolescentes\/#primaryimage\"},\"thumbnailUrl\":\"https:\/\/www.sitsesp.org.br\/novo\/wp-content\/uploads\/2023\/11\/WhatsApp-Image-2023-11-18-at-12.04.12.jpeg\",\"datePublished\":\"2023-11-18T15:28:10+00:00\",\"dateModified\":\"2023-11-18T15:45:39+00:00\",\"breadcrumb\":{\"@id\":\"https:\/\/www.sitsesp.org.br\/novo\/sitsesp-casa-osasco-i-mais-uma-saidinha-cultural-com-fuga-de-adolescentes\/#breadcrumb\"},\"inLanguage\":\"pt-BR\",\"potentialAction\":[{\"@type\":\"ReadAction\",\"target\":[\"https:\/\/www.sitsesp.org.br\/novo\/sitsesp-casa-osasco-i-mais-uma-saidinha-cultural-com-fuga-de-adolescentes\/\"]}]},{\"@type\":\"ImageObject\",\"inLanguage\":\"pt-BR\",\"@id\":\"https:\/\/www.sitsesp.org.br\/novo\/sitsesp-casa-osasco-i-mais-uma-saidinha-cultural-com-fuga-de-adolescentes\/#primaryimage\",\"url\":\"https:\/\/www.sitsesp.org.br\/novo\/wp-content\/uploads\/2023\/11\/WhatsApp-Image-2023-11-18-at-12.04.12.jpeg\",\"contentUrl\":\"https:\/\/www.sitsesp.org.br\/novo\/wp-content\/uploads\/2023\/11\/WhatsApp-Image-2023-11-18-at-12.04.12.jpeg\",\"width\":800,\"height\":600},{\"@type\":\"BreadcrumbList\",\"@id\":\"https:\/\/www.sitsesp.org.br\/novo\/sitsesp-casa-osasco-i-mais-uma-saidinha-cultural-com-fuga-de-adolescentes\/#breadcrumb\",\"itemListElement\":[{\"@type\":\"ListItem\",\"position\":1,\"name\":\"In\u00edcio\",\"item\":\"https:\/\/www.sitsesp.org.br\/novo\/\"},{\"@type\":\"ListItem\",\"position\":2,\"name\":\"SITSESP \u2013 CASA OSASCO I \u2013 MAIS UMA SAIDINHA CULTURAL COM FUGA DE ADOLESCENTES\"}]},{\"@type\":\"WebSite\",\"@id\":\"https:\/\/www.sitsesp.org.br\/novo\/#website\",\"url\":\"https:\/\/www.sitsesp.org.br\/novo\/\",\"name\":\"Sitsesp\",\"description\":\"SIndicato da Socioeduca\u00e7\u00e3o do Estado de S\u00e3o Paulo\",\"publisher\":{\"@id\":\"https:\/\/www.sitsesp.org.br\/novo\/#organization\"},\"potentialAction\":[{\"@type\":\"SearchAction\",\"target\":{\"@type\":\"EntryPoint\",\"urlTemplate\":\"https:\/\/www.sitsesp.org.br\/novo\/?s={search_term_string}\"},\"query-input\":\"required name=search_term_string\"}],\"inLanguage\":\"pt-BR\"},{\"@type\":\"Organization\",\"@id\":\"https:\/\/www.sitsesp.org.br\/novo\/#organization\",\"name\":\"Sitsesp\",\"url\":\"https:\/\/www.sitsesp.org.br\/novo\/\",\"logo\":{\"@type\":\"ImageObject\",\"inLanguage\":\"pt-BR\",\"@id\":\"https:\/\/www.sitsesp.org.br\/novo\/#\/schema\/logo\/image\/\",\"url\":\"https:\/\/www.sitsesp.org.br\/novo\/wp-content\/uploads\/2020\/09\/Design-sem-nome-1.jpg\",\"contentUrl\":\"https:\/\/www.sitsesp.org.br\/novo\/wp-content\/uploads\/2020\/09\/Design-sem-nome-1.jpg\",\"width\":300,\"height\":300,\"caption\":\"Sitsesp\"},\"image\":{\"@id\":\"https:\/\/www.sitsesp.org.br\/novo\/#\/schema\/logo\/image\/\"}},{\"@type\":\"Person\",\"@id\":\"https:\/\/www.sitsesp.org.br\/novo\/#\/schema\/person\/28e42eec160f373e81d0183b3643edbf\",\"name\":\"imprensa\",\"image\":{\"@type\":\"ImageObject\",\"inLanguage\":\"pt-BR\",\"@id\":\"https:\/\/www.sitsesp.org.br\/novo\/#\/schema\/person\/image\/\",\"url\":\"https:\/\/secure.gravatar.com\/avatar\/8d6ccd8d7d52b8959f34154e87d3fa29?s=96&d=mm&r=g\",\"contentUrl\":\"https:\/\/secure.gravatar.com\/avatar\/8d6ccd8d7d52b8959f34154e87d3fa29?s=96&d=mm&r=g\",\"caption\":\"imprensa\"}}]}<\/script>\n<!-- \/ Yoast SEO plugin. -->","yoast_head_json":{"title":"SITSESP \u2013 CASA OSASCO I \u2013 MAIS UMA SAIDINHA CULTURAL COM FUGA DE ADOLESCENTES - SITSESP","robots":{"index":"index","follow":"follow","max-snippet":"max-snippet:-1","max-image-preview":"max-image-preview:large","max-video-preview":"max-video-preview:-1"},"canonical":"https:\/\/www.sitsesp.org.br\/novo\/sitsesp-casa-osasco-i-mais-uma-saidinha-cultural-com-fuga-de-adolescentes\/","og_locale":"pt_BR","og_type":"article","og_title":"SITSESP \u2013 CASA OSASCO I \u2013 MAIS UMA SAIDINHA CULTURAL COM FUGA DE ADOLESCENTES - SITSESP","og_description":"O SITSESP, atrav\u00e9s do dirigente sindical da pasta de Pol\u00edtica Sindical e Forma\u00e7\u00e3o Iuri Teixeira, em visita ao Centro CASA Osasco&hellip;","og_url":"https:\/\/www.sitsesp.org.br\/novo\/sitsesp-casa-osasco-i-mais-uma-saidinha-cultural-com-fuga-de-adolescentes\/","og_site_name":"SITSESP","article_published_time":"2023-11-18T15:28:10+00:00","article_modified_time":"2023-11-18T15:45:39+00:00","og_image":[{"width":800,"height":600,"url":"https:\/\/www.sitsesp.org.br\/novo\/wp-content\/uploads\/2023\/11\/WhatsApp-Image-2023-11-18-at-12.04.12.jpeg","type":"image\/jpeg"}],"author":"imprensa","twitter_card":"summary_large_image","twitter_misc":{"Escrito por":"imprensa","Est. tempo de leitura":"3 minutos"},"schema":{"@context":"https:\/\/schema.org","@graph":[{"@type":"Article","@id":"https:\/\/www.sitsesp.org.br\/novo\/sitsesp-casa-osasco-i-mais-uma-saidinha-cultural-com-fuga-de-adolescentes\/#article","isPartOf":{"@id":"https:\/\/www.sitsesp.org.br\/novo\/sitsesp-casa-osasco-i-mais-uma-saidinha-cultural-com-fuga-de-adolescentes\/"},"author":{"name":"imprensa","@id":"https:\/\/www.sitsesp.org.br\/novo\/#\/schema\/person\/28e42eec160f373e81d0183b3643edbf"},"headline":"SITSESP \u2013 CASA OSASCO I \u2013 MAIS UMA SAIDINHA CULTURAL COM FUGA DE ADOLESCENTES","datePublished":"2023-11-18T15:28:10+00:00","dateModified":"2023-11-18T15:45:39+00:00","mainEntityOfPage":{"@id":"https:\/\/www.sitsesp.org.br\/novo\/sitsesp-casa-osasco-i-mais-uma-saidinha-cultural-com-fuga-de-adolescentes\/"},"wordCount":424,"commentCount":0,"publisher":{"@id":"https:\/\/www.sitsesp.org.br\/novo\/#organization"},"image":{"@id":"https:\/\/www.sitsesp.org.br\/novo\/sitsesp-casa-osasco-i-mais-uma-saidinha-cultural-com-fuga-de-adolescentes\/#primaryimage"},"thumbnailUrl":"https:\/\/www.sitsesp.org.br\/novo\/wp-content\/uploads\/2023\/11\/WhatsApp-Image-2023-11-18-at-12.04.12.jpeg","articleSection":["Destaque","Noticias"],"inLanguage":"pt-BR","potentialAction":[{"@type":"CommentAction","name":"Comment","target":["https:\/\/www.sitsesp.org.br\/novo\/sitsesp-casa-osasco-i-mais-uma-saidinha-cultural-com-fuga-de-adolescentes\/#respond"]}]},{"@type":"WebPage","@id":"https:\/\/www.sitsesp.org.br\/novo\/sitsesp-casa-osasco-i-mais-uma-saidinha-cultural-com-fuga-de-adolescentes\/","url":"https:\/\/www.sitsesp.org.br\/novo\/sitsesp-casa-osasco-i-mais-uma-saidinha-cultural-com-fuga-de-adolescentes\/","name":"SITSESP \u2013 CASA OSASCO I \u2013 MAIS UMA SAIDINHA CULTURAL COM FUGA DE ADOLESCENTES - SITSESP","isPartOf":{"@id":"https:\/\/www.sitsesp.org.br\/novo\/#website"},"primaryImageOfPage":{"@id":"https:\/\/www.sitsesp.org.br\/novo\/sitsesp-casa-osasco-i-mais-uma-saidinha-cultural-com-fuga-de-adolescentes\/#primaryimage"},"image":{"@id":"https:\/\/www.sitsesp.org.br\/novo\/sitsesp-casa-osasco-i-mais-uma-saidinha-cultural-com-fuga-de-adolescentes\/#primaryimage"},"thumbnailUrl":"https:\/\/www.sitsesp.org.br\/novo\/wp-content\/uploads\/2023\/11\/WhatsApp-Image-2023-11-18-at-12.04.12.jpeg","datePublished":"2023-11-18T15:28:10+00:00","dateModified":"2023-11-18T15:45:39+00:00","breadcrumb":{"@id":"https:\/\/www.sitsesp.org.br\/novo\/sitsesp-casa-osasco-i-mais-uma-saidinha-cultural-com-fuga-de-adolescentes\/#breadcrumb"},"inLanguage":"pt-BR","potentialAction":[{"@type":"ReadAction","target":["https:\/\/www.sitsesp.org.br\/novo\/sitsesp-casa-osasco-i-mais-uma-saidinha-cultural-com-fuga-de-adolescentes\/"]}]},{"@type":"ImageObject","inLanguage":"pt-BR","@id":"https:\/\/www.sitsesp.org.br\/novo\/sitsesp-casa-osasco-i-mais-uma-saidinha-cultural-com-fuga-de-adolescentes\/#primaryimage","url":"https:\/\/www.sitsesp.org.br\/novo\/wp-content\/uploads\/2023\/11\/WhatsApp-Image-2023-11-18-at-12.04.12.jpeg","contentUrl":"https:\/\/www.sitsesp.org.br\/novo\/wp-content\/uploads\/2023\/11\/WhatsApp-Image-2023-11-18-at-12.04.12.jpeg","width":800,"height":600},{"@type":"BreadcrumbList","@id":"https:\/\/www.sitsesp.org.br\/novo\/sitsesp-casa-osasco-i-mais-uma-saidinha-cultural-com-fuga-de-adolescentes\/#breadcrumb","itemListElement":[{"@type":"ListItem","position":1,"name":"In\u00edcio","item":"https:\/\/www.sitsesp.org.br\/novo\/"},{"@type":"ListItem","position":2,"name":"SITSESP \u2013 CASA OSASCO I \u2013 MAIS UMA SAIDINHA CULTURAL COM FUGA DE ADOLESCENTES"}]},{"@type":"WebSite","@id":"https:\/\/www.sitsesp.org.br\/novo\/#website","url":"https:\/\/www.sitsesp.org.br\/novo\/","name":"Sitsesp","description":"SIndicato da Socioeduca\u00e7\u00e3o do Estado de S\u00e3o Paulo","publisher":{"@id":"https:\/\/www.sitsesp.org.br\/novo\/#organization"},"potentialAction":[{"@type":"SearchAction","target":{"@type":"EntryPoint","urlTemplate":"https:\/\/www.sitsesp.org.br\/novo\/?s={search_term_string}"},"query-input":"required name=search_term_string"}],"inLanguage":"pt-BR"},{"@type":"Organization","@id":"https:\/\/www.sitsesp.org.br\/novo\/#organization","name":"Sitsesp","url":"https:\/\/www.sitsesp.org.br\/novo\/","logo":{"@type":"ImageObject","inLanguage":"pt-BR","@id":"https:\/\/www.sitsesp.org.br\/novo\/#\/schema\/logo\/image\/","url":"https:\/\/www.sitsesp.org.br\/novo\/wp-content\/uploads\/2020\/09\/Design-sem-nome-1.jpg","contentUrl":"https:\/\/www.sitsesp.org.br\/novo\/wp-content\/uploads\/2020\/09\/Design-sem-nome-1.jpg","width":300,"height":300,"caption":"Sitsesp"},"image":{"@id":"https:\/\/www.sitsesp.org.br\/novo\/#\/schema\/logo\/image\/"}},{"@type":"Person","@id":"https:\/\/www.sitsesp.org.br\/novo\/#\/schema\/person\/28e42eec160f373e81d0183b3643edbf","name":"imprensa","image":{"@type":"ImageObject","inLanguage":"pt-BR","@id":"https:\/\/www.sitsesp.org.br\/novo\/#\/schema\/person\/image\/","url":"https:\/\/secure.gravatar.com\/avatar\/8d6ccd8d7d52b8959f34154e87d3fa29?s=96&d=mm&r=g","contentUrl":"https:\/\/secure.gravatar.com\/avatar\/8d6ccd8d7d52b8959f34154e87d3fa29?s=96&d=mm&r=g","caption":"imprensa"}}]}},"_links":{"self":[{"href":"https:\/\/www.sitsesp.org.br\/novo\/wp-json\/wp\/v2\/posts\/12650"}],"collection":[{"href":"https:\/\/www.sitsesp.org.br\/novo\/wp-json\/wp\/v2\/posts"}],"about":[{"href":"https:\/\/www.sitsesp.org.br\/novo\/wp-json\/wp\/v2\/types\/post"}],"author":[{"embeddable":true,"href":"https:\/\/www.sitsesp.org.br\/novo\/wp-json\/wp\/v2\/users\/5"}],"replies":[{"embeddable":true,"href":"https:\/\/www.sitsesp.org.br\/novo\/wp-json\/wp\/v2\/comments?post=12650"}],"version-history":[{"count":2,"href":"https:\/\/www.sitsesp.org.br\/novo\/wp-json\/wp\/v2\/posts\/12650\/revisions"}],"predecessor-version":[{"id":12656,"href":"https:\/\/www.sitsesp.org.br\/novo\/wp-json\/wp\/v2\/posts\/12650\/revisions\/12656"}],"wp:featuredmedia":[{"embeddable":true,"href":"https:\/\/www.sitsesp.org.br\/novo\/wp-json\/wp\/v2\/media\/12651"}],"wp:attachment":[{"href":"https:\/\/www.sitsesp.org.br\/novo\/wp-json\/wp\/v2\/media?parent=12650"}],"wp:term":[{"taxonomy":"category","embeddable":true,"href":"https:\/\/www.sitsesp.org.br\/novo\/wp-json\/wp\/v2\/categories?post=12650"},{"taxonomy":"post_tag","embeddable":true,"href":"https:\/\/www.sitsesp.org.br\/novo\/wp-json\/wp\/v2\/tags?post=12650"}],"curies":[{"name":"wp","href":"https:\/\/api.w.org\/{rel}","templated":true}]}}