{"id":12665,"date":"2023-11-20T09:30:30","date_gmt":"2023-11-20T12:30:30","guid":{"rendered":"https:\/\/sitsesp.org.br\/novo\/?p=12665"},"modified":"2023-11-20T09:30:30","modified_gmt":"2023-11-20T12:30:30","slug":"20-de-novembro-dia-da-consciencia-negra-4","status":"publish","type":"post","link":"https:\/\/www.sitsesp.org.br\/novo\/20-de-novembro-dia-da-consciencia-negra-4\/","title":{"rendered":"20 de Novembro &#8211; Dia da Consci\u00eancia Negra"},"content":{"rendered":"<p><!-- VideographyWP Plugin Message: Automatic video embedding prevented by plugin options. --><\/p>\n<div class=\"home\">\n<div id=\"t3-mainbody\" class=\"container t3-mainbody\">\n<div class=\"row\">\n<div id=\"t3-content\" class=\"t3-content col-xs-12\">\n<div class=\"item-page\">\n<article>\n<section class=\"article-content clearfix\">\n<div align=\"left\"><strong>Sou negro<\/strong><\/p>\n<p>Sou Negro<br \/>\nmeus av\u00f3s foram queimados<\/p><\/div>\n<div align=\"left\">pelo sol da \u00c1frica<br \/>\nminh&#8217;alma recebeu o batismo dos tambores<br \/>\natabaques, gongu\u00eas e agog\u00f4s<\/p>\n<p>Contaram-me que meus av\u00f3s<\/p><\/div>\n<div align=\"left\">vieram de Loanda<br \/>\ncomo mercadoria de baixo pre\u00e7o<br \/>\nplantaram cana pro senhor do engenho novo<br \/>\ne fundaram o primeiro Maracatu.<\/p>\n<p>Depois meu av\u00f4 brigou<br \/>\ncomo um danado nas terras de Zumbi<br \/>\nEra valente como qu\u00ea<br \/>\nNa capoeira ou na faca<br \/>\nescreveu n\u00e3o leu<\/p><\/div>\n<div align=\"left\">o pau comeu<br \/>\nN\u00e3o foi um pai Jo\u00e3o<\/div>\n<div align=\"left\">humilde e manso.<\/p>\n<p>Mesmo vov\u00f3<\/p><\/div>\n<div align=\"left\">n\u00e3o foi de brincadeira<br \/>\nNa guerra dos Mal\u00eas<\/div>\n<div align=\"left\">ela se destacou.<\/p>\n<p>Na minh&#8217;alma ficou<\/p><\/div>\n<div align=\"left\">o samba<br \/>\no batuque<\/div>\n<div align=\"left\">o bamboleio<br \/>\ne o desejo de liberta\u00e7\u00e3o.<\/div>\n<div align=\"left\"><\/div>\n<div align=\"left\">(Solano Trindade &#8211; <em>Cantares ao meu\u00a0povo<\/em>, 1961)<\/div>\n<\/section>\n<\/article>\n<\/div>\n<\/div>\n<\/div>\n<\/div>\n<\/div>\n<footer id=\"t3-footer\" class=\"wrap t3-footer\">\n<section class=\"t3-copyright\">\n<div class=\"container\">\n<div class=\"row\">\n<div class=\"col-md-12 copyright \">\n<div class=\"custom\"><\/div>\n<\/div>\n<\/div>\n<\/div>\n<\/section>\n<\/footer>\n","protected":false},"excerpt":{"rendered":"<p>Sou negro Sou Negro meus av\u00f3s foram queimados pelo sol da \u00c1frica minh&#8217;alma recebeu o batismo dos tambores atabaques, gongu\u00eas e&hellip;<\/p>\n","protected":false},"author":5,"featured_media":12666,"comment_status":"open","ping_status":"open","sticky":false,"template":"","format":"standard","meta":{"cybocfi_hide_featured_image":"","footnotes":""},"categories":[27,22],"tags":[],"yoast_head":"<!-- This site is optimized with the Yoast SEO plugin v22.8 - https:\/\/yoast.com\/wordpress\/plugins\/seo\/ -->\n<title>20 de Novembro - Dia da Consci\u00eancia Negra - SITSESP<\/title>\n<meta name=\"robots\" content=\"index, follow, max-snippet:-1, max-image-preview:large, max-video-preview:-1\" \/>\n<link rel=\"canonical\" href=\"https:\/\/www.sitsesp.org.br\/novo\/20-de-novembro-dia-da-consciencia-negra-4\/\" \/>\n<meta property=\"og:locale\" content=\"pt_BR\" \/>\n<meta property=\"og:type\" content=\"article\" \/>\n<meta property=\"og:title\" content=\"20 de Novembro - Dia da Consci\u00eancia Negra - SITSESP\" \/>\n<meta property=\"og:description\" content=\"Sou negro Sou Negro meus av\u00f3s foram queimados pelo sol da \u00c1frica minh&#8217;alma recebeu o batismo dos tambores atabaques, gongu\u00eas e&hellip;\" \/>\n<meta property=\"og:url\" content=\"https:\/\/www.sitsesp.org.br\/novo\/20-de-novembro-dia-da-consciencia-negra-4\/\" \/>\n<meta property=\"og:site_name\" content=\"SITSESP\" \/>\n<meta property=\"article:published_time\" content=\"2023-11-20T12:30:30+00:00\" \/>\n<meta property=\"og:image\" content=\"https:\/\/www.sitsesp.org.br\/novo\/wp-content\/uploads\/2023\/11\/20n.jpg\" \/>\n\t<meta property=\"og:image:width\" content=\"800\" \/>\n\t<meta property=\"og:image:height\" content=\"800\" \/>\n\t<meta property=\"og:image:type\" content=\"image\/jpeg\" \/>\n<meta name=\"author\" content=\"imprensa\" \/>\n<meta name=\"twitter:card\" content=\"summary_large_image\" \/>\n<meta name=\"twitter:label1\" content=\"Escrito por\" \/>\n\t<meta name=\"twitter:data1\" content=\"imprensa\" \/>\n\t<meta name=\"twitter:label2\" content=\"Est. tempo de leitura\" \/>\n\t<meta name=\"twitter:data2\" content=\"1 minuto\" \/>\n<script type=\"application\/ld+json\" class=\"yoast-schema-graph\">{\"@context\":\"https:\/\/schema.org\",\"@graph\":[{\"@type\":\"Article\",\"@id\":\"https:\/\/www.sitsesp.org.br\/novo\/20-de-novembro-dia-da-consciencia-negra-4\/#article\",\"isPartOf\":{\"@id\":\"https:\/\/www.sitsesp.org.br\/novo\/20-de-novembro-dia-da-consciencia-negra-4\/\"},\"author\":{\"name\":\"imprensa\",\"@id\":\"https:\/\/www.sitsesp.org.br\/novo\/#\/schema\/person\/28e42eec160f373e81d0183b3643edbf\"},\"headline\":\"20 de Novembro &#8211; Dia da Consci\u00eancia Negra\",\"datePublished\":\"2023-11-20T12:30:30+00:00\",\"dateModified\":\"2023-11-20T12:30:30+00:00\",\"mainEntityOfPage\":{\"@id\":\"https:\/\/www.sitsesp.org.br\/novo\/20-de-novembro-dia-da-consciencia-negra-4\/\"},\"wordCount\":133,\"commentCount\":0,\"publisher\":{\"@id\":\"https:\/\/www.sitsesp.org.br\/novo\/#organization\"},\"image\":{\"@id\":\"https:\/\/www.sitsesp.org.br\/novo\/20-de-novembro-dia-da-consciencia-negra-4\/#primaryimage\"},\"thumbnailUrl\":\"https:\/\/www.sitsesp.org.br\/novo\/wp-content\/uploads\/2023\/11\/20n.jpg\",\"articleSection\":[\"Destaque\",\"Noticias\"],\"inLanguage\":\"pt-BR\",\"potentialAction\":[{\"@type\":\"CommentAction\",\"name\":\"Comment\",\"target\":[\"https:\/\/www.sitsesp.org.br\/novo\/20-de-novembro-dia-da-consciencia-negra-4\/#respond\"]}]},{\"@type\":\"WebPage\",\"@id\":\"https:\/\/www.sitsesp.org.br\/novo\/20-de-novembro-dia-da-consciencia-negra-4\/\",\"url\":\"https:\/\/www.sitsesp.org.br\/novo\/20-de-novembro-dia-da-consciencia-negra-4\/\",\"name\":\"20 de Novembro - Dia da Consci\u00eancia Negra - SITSESP\",\"isPartOf\":{\"@id\":\"https:\/\/www.sitsesp.org.br\/novo\/#website\"},\"primaryImageOfPage\":{\"@id\":\"https:\/\/www.sitsesp.org.br\/novo\/20-de-novembro-dia-da-consciencia-negra-4\/#primaryimage\"},\"image\":{\"@id\":\"https:\/\/www.sitsesp.org.br\/novo\/20-de-novembro-dia-da-consciencia-negra-4\/#primaryimage\"},\"thumbnailUrl\":\"https:\/\/www.sitsesp.org.br\/novo\/wp-content\/uploads\/2023\/11\/20n.jpg\",\"datePublished\":\"2023-11-20T12:30:30+00:00\",\"dateModified\":\"2023-11-20T12:30:30+00:00\",\"breadcrumb\":{\"@id\":\"https:\/\/www.sitsesp.org.br\/novo\/20-de-novembro-dia-da-consciencia-negra-4\/#breadcrumb\"},\"inLanguage\":\"pt-BR\",\"potentialAction\":[{\"@type\":\"ReadAction\",\"target\":[\"https:\/\/www.sitsesp.org.br\/novo\/20-de-novembro-dia-da-consciencia-negra-4\/\"]}]},{\"@type\":\"ImageObject\",\"inLanguage\":\"pt-BR\",\"@id\":\"https:\/\/www.sitsesp.org.br\/novo\/20-de-novembro-dia-da-consciencia-negra-4\/#primaryimage\",\"url\":\"https:\/\/www.sitsesp.org.br\/novo\/wp-content\/uploads\/2023\/11\/20n.jpg\",\"contentUrl\":\"https:\/\/www.sitsesp.org.br\/novo\/wp-content\/uploads\/2023\/11\/20n.jpg\",\"width\":800,\"height\":800},{\"@type\":\"BreadcrumbList\",\"@id\":\"https:\/\/www.sitsesp.org.br\/novo\/20-de-novembro-dia-da-consciencia-negra-4\/#breadcrumb\",\"itemListElement\":[{\"@type\":\"ListItem\",\"position\":1,\"name\":\"In\u00edcio\",\"item\":\"https:\/\/www.sitsesp.org.br\/novo\/\"},{\"@type\":\"ListItem\",\"position\":2,\"name\":\"20 de Novembro &#8211; Dia da Consci\u00eancia Negra\"}]},{\"@type\":\"WebSite\",\"@id\":\"https:\/\/www.sitsesp.org.br\/novo\/#website\",\"url\":\"https:\/\/www.sitsesp.org.br\/novo\/\",\"name\":\"Sitsesp\",\"description\":\"SIndicato da Socioeduca\u00e7\u00e3o do Estado de S\u00e3o Paulo\",\"publisher\":{\"@id\":\"https:\/\/www.sitsesp.org.br\/novo\/#organization\"},\"potentialAction\":[{\"@type\":\"SearchAction\",\"target\":{\"@type\":\"EntryPoint\",\"urlTemplate\":\"https:\/\/www.sitsesp.org.br\/novo\/?s={search_term_string}\"},\"query-input\":\"required name=search_term_string\"}],\"inLanguage\":\"pt-BR\"},{\"@type\":\"Organization\",\"@id\":\"https:\/\/www.sitsesp.org.br\/novo\/#organization\",\"name\":\"Sitsesp\",\"url\":\"https:\/\/www.sitsesp.org.br\/novo\/\",\"logo\":{\"@type\":\"ImageObject\",\"inLanguage\":\"pt-BR\",\"@id\":\"https:\/\/www.sitsesp.org.br\/novo\/#\/schema\/logo\/image\/\",\"url\":\"https:\/\/www.sitsesp.org.br\/novo\/wp-content\/uploads\/2020\/09\/Design-sem-nome-1.jpg\",\"contentUrl\":\"https:\/\/www.sitsesp.org.br\/novo\/wp-content\/uploads\/2020\/09\/Design-sem-nome-1.jpg\",\"width\":300,\"height\":300,\"caption\":\"Sitsesp\"},\"image\":{\"@id\":\"https:\/\/www.sitsesp.org.br\/novo\/#\/schema\/logo\/image\/\"}},{\"@type\":\"Person\",\"@id\":\"https:\/\/www.sitsesp.org.br\/novo\/#\/schema\/person\/28e42eec160f373e81d0183b3643edbf\",\"name\":\"imprensa\",\"image\":{\"@type\":\"ImageObject\",\"inLanguage\":\"pt-BR\",\"@id\":\"https:\/\/www.sitsesp.org.br\/novo\/#\/schema\/person\/image\/\",\"url\":\"https:\/\/secure.gravatar.com\/avatar\/8d6ccd8d7d52b8959f34154e87d3fa29?s=96&d=mm&r=g\",\"contentUrl\":\"https:\/\/secure.gravatar.com\/avatar\/8d6ccd8d7d52b8959f34154e87d3fa29?s=96&d=mm&r=g\",\"caption\":\"imprensa\"}}]}<\/script>\n<!-- \/ Yoast SEO plugin. -->","yoast_head_json":{"title":"20 de Novembro - Dia da Consci\u00eancia Negra - SITSESP","robots":{"index":"index","follow":"follow","max-snippet":"max-snippet:-1","max-image-preview":"max-image-preview:large","max-video-preview":"max-video-preview:-1"},"canonical":"https:\/\/www.sitsesp.org.br\/novo\/20-de-novembro-dia-da-consciencia-negra-4\/","og_locale":"pt_BR","og_type":"article","og_title":"20 de Novembro - Dia da Consci\u00eancia Negra - SITSESP","og_description":"Sou negro Sou Negro meus av\u00f3s foram queimados pelo sol da \u00c1frica minh&#8217;alma recebeu o batismo dos tambores atabaques, gongu\u00eas e&hellip;","og_url":"https:\/\/www.sitsesp.org.br\/novo\/20-de-novembro-dia-da-consciencia-negra-4\/","og_site_name":"SITSESP","article_published_time":"2023-11-20T12:30:30+00:00","og_image":[{"width":800,"height":800,"url":"https:\/\/www.sitsesp.org.br\/novo\/wp-content\/uploads\/2023\/11\/20n.jpg","type":"image\/jpeg"}],"author":"imprensa","twitter_card":"summary_large_image","twitter_misc":{"Escrito por":"imprensa","Est. tempo de leitura":"1 minuto"},"schema":{"@context":"https:\/\/schema.org","@graph":[{"@type":"Article","@id":"https:\/\/www.sitsesp.org.br\/novo\/20-de-novembro-dia-da-consciencia-negra-4\/#article","isPartOf":{"@id":"https:\/\/www.sitsesp.org.br\/novo\/20-de-novembro-dia-da-consciencia-negra-4\/"},"author":{"name":"imprensa","@id":"https:\/\/www.sitsesp.org.br\/novo\/#\/schema\/person\/28e42eec160f373e81d0183b3643edbf"},"headline":"20 de Novembro &#8211; Dia da Consci\u00eancia Negra","datePublished":"2023-11-20T12:30:30+00:00","dateModified":"2023-11-20T12:30:30+00:00","mainEntityOfPage":{"@id":"https:\/\/www.sitsesp.org.br\/novo\/20-de-novembro-dia-da-consciencia-negra-4\/"},"wordCount":133,"commentCount":0,"publisher":{"@id":"https:\/\/www.sitsesp.org.br\/novo\/#organization"},"image":{"@id":"https:\/\/www.sitsesp.org.br\/novo\/20-de-novembro-dia-da-consciencia-negra-4\/#primaryimage"},"thumbnailUrl":"https:\/\/www.sitsesp.org.br\/novo\/wp-content\/uploads\/2023\/11\/20n.jpg","articleSection":["Destaque","Noticias"],"inLanguage":"pt-BR","potentialAction":[{"@type":"CommentAction","name":"Comment","target":["https:\/\/www.sitsesp.org.br\/novo\/20-de-novembro-dia-da-consciencia-negra-4\/#respond"]}]},{"@type":"WebPage","@id":"https:\/\/www.sitsesp.org.br\/novo\/20-de-novembro-dia-da-consciencia-negra-4\/","url":"https:\/\/www.sitsesp.org.br\/novo\/20-de-novembro-dia-da-consciencia-negra-4\/","name":"20 de Novembro - Dia da Consci\u00eancia Negra - SITSESP","isPartOf":{"@id":"https:\/\/www.sitsesp.org.br\/novo\/#website"},"primaryImageOfPage":{"@id":"https:\/\/www.sitsesp.org.br\/novo\/20-de-novembro-dia-da-consciencia-negra-4\/#primaryimage"},"image":{"@id":"https:\/\/www.sitsesp.org.br\/novo\/20-de-novembro-dia-da-consciencia-negra-4\/#primaryimage"},"thumbnailUrl":"https:\/\/www.sitsesp.org.br\/novo\/wp-content\/uploads\/2023\/11\/20n.jpg","datePublished":"2023-11-20T12:30:30+00:00","dateModified":"2023-11-20T12:30:30+00:00","breadcrumb":{"@id":"https:\/\/www.sitsesp.org.br\/novo\/20-de-novembro-dia-da-consciencia-negra-4\/#breadcrumb"},"inLanguage":"pt-BR","potentialAction":[{"@type":"ReadAction","target":["https:\/\/www.sitsesp.org.br\/novo\/20-de-novembro-dia-da-consciencia-negra-4\/"]}]},{"@type":"ImageObject","inLanguage":"pt-BR","@id":"https:\/\/www.sitsesp.org.br\/novo\/20-de-novembro-dia-da-consciencia-negra-4\/#primaryimage","url":"https:\/\/www.sitsesp.org.br\/novo\/wp-content\/uploads\/2023\/11\/20n.jpg","contentUrl":"https:\/\/www.sitsesp.org.br\/novo\/wp-content\/uploads\/2023\/11\/20n.jpg","width":800,"height":800},{"@type":"BreadcrumbList","@id":"https:\/\/www.sitsesp.org.br\/novo\/20-de-novembro-dia-da-consciencia-negra-4\/#breadcrumb","itemListElement":[{"@type":"ListItem","position":1,"name":"In\u00edcio","item":"https:\/\/www.sitsesp.org.br\/novo\/"},{"@type":"ListItem","position":2,"name":"20 de Novembro &#8211; Dia da Consci\u00eancia Negra"}]},{"@type":"WebSite","@id":"https:\/\/www.sitsesp.org.br\/novo\/#website","url":"https:\/\/www.sitsesp.org.br\/novo\/","name":"Sitsesp","description":"SIndicato da Socioeduca\u00e7\u00e3o do Estado de S\u00e3o Paulo","publisher":{"@id":"https:\/\/www.sitsesp.org.br\/novo\/#organization"},"potentialAction":[{"@type":"SearchAction","target":{"@type":"EntryPoint","urlTemplate":"https:\/\/www.sitsesp.org.br\/novo\/?s={search_term_string}"},"query-input":"required name=search_term_string"}],"inLanguage":"pt-BR"},{"@type":"Organization","@id":"https:\/\/www.sitsesp.org.br\/novo\/#organization","name":"Sitsesp","url":"https:\/\/www.sitsesp.org.br\/novo\/","logo":{"@type":"ImageObject","inLanguage":"pt-BR","@id":"https:\/\/www.sitsesp.org.br\/novo\/#\/schema\/logo\/image\/","url":"https:\/\/www.sitsesp.org.br\/novo\/wp-content\/uploads\/2020\/09\/Design-sem-nome-1.jpg","contentUrl":"https:\/\/www.sitsesp.org.br\/novo\/wp-content\/uploads\/2020\/09\/Design-sem-nome-1.jpg","width":300,"height":300,"caption":"Sitsesp"},"image":{"@id":"https:\/\/www.sitsesp.org.br\/novo\/#\/schema\/logo\/image\/"}},{"@type":"Person","@id":"https:\/\/www.sitsesp.org.br\/novo\/#\/schema\/person\/28e42eec160f373e81d0183b3643edbf","name":"imprensa","image":{"@type":"ImageObject","inLanguage":"pt-BR","@id":"https:\/\/www.sitsesp.org.br\/novo\/#\/schema\/person\/image\/","url":"https:\/\/secure.gravatar.com\/avatar\/8d6ccd8d7d52b8959f34154e87d3fa29?s=96&d=mm&r=g","contentUrl":"https:\/\/secure.gravatar.com\/avatar\/8d6ccd8d7d52b8959f34154e87d3fa29?s=96&d=mm&r=g","caption":"imprensa"}}]}},"_links":{"self":[{"href":"https:\/\/www.sitsesp.org.br\/novo\/wp-json\/wp\/v2\/posts\/12665"}],"collection":[{"href":"https:\/\/www.sitsesp.org.br\/novo\/wp-json\/wp\/v2\/posts"}],"about":[{"href":"https:\/\/www.sitsesp.org.br\/novo\/wp-json\/wp\/v2\/types\/post"}],"author":[{"embeddable":true,"href":"https:\/\/www.sitsesp.org.br\/novo\/wp-json\/wp\/v2\/users\/5"}],"replies":[{"embeddable":true,"href":"https:\/\/www.sitsesp.org.br\/novo\/wp-json\/wp\/v2\/comments?post=12665"}],"version-history":[{"count":1,"href":"https:\/\/www.sitsesp.org.br\/novo\/wp-json\/wp\/v2\/posts\/12665\/revisions"}],"predecessor-version":[{"id":12667,"href":"https:\/\/www.sitsesp.org.br\/novo\/wp-json\/wp\/v2\/posts\/12665\/revisions\/12667"}],"wp:featuredmedia":[{"embeddable":true,"href":"https:\/\/www.sitsesp.org.br\/novo\/wp-json\/wp\/v2\/media\/12666"}],"wp:attachment":[{"href":"https:\/\/www.sitsesp.org.br\/novo\/wp-json\/wp\/v2\/media?parent=12665"}],"wp:term":[{"taxonomy":"category","embeddable":true,"href":"https:\/\/www.sitsesp.org.br\/novo\/wp-json\/wp\/v2\/categories?post=12665"},{"taxonomy":"post_tag","embeddable":true,"href":"https:\/\/www.sitsesp.org.br\/novo\/wp-json\/wp\/v2\/tags?post=12665"}],"curies":[{"name":"wp","href":"https:\/\/api.w.org\/{rel}","templated":true}]}}