{"id":12674,"date":"2023-11-23T14:20:53","date_gmt":"2023-11-23T17:20:53","guid":{"rendered":"https:\/\/sitsesp.org.br\/novo\/?p=12674"},"modified":"2023-11-23T14:20:53","modified_gmt":"2023-11-23T17:20:53","slug":"movimento-contra-as-privatizacoes-e-terceirizacoes-promovidas-pelo-governador-tarcisio-de-freitas","status":"publish","type":"post","link":"https:\/\/www.sitsesp.org.br\/novo\/movimento-contra-as-privatizacoes-e-terceirizacoes-promovidas-pelo-governador-tarcisio-de-freitas\/","title":{"rendered":"MOVIMENTO CONTRA AS PRIVATIZA\u00c7\u00d5ES E TERCEIRIZA\u00c7\u00d5ES PROMOVIDAS PELO GOVERNADOR TARC\u00cdSIO DE FREITAS"},"content":{"rendered":"<p><!-- VideographyWP Plugin Message: Automatic video embedding prevented by plugin options. --><\/p>\n<div>Na pr\u00f3xima ter\u00e7a-feira (28) acontecer\u00e1 mais um grande movimento contra a onda de privatiza\u00e7\u00e3o promovida pelo governador Tarc\u00edsio de Freitas com concentra\u00e7\u00e3o \u00e0s 15h na ALESP.<\/div>\n<div><\/div>\n<div>Nesta quarta-feira (22), com aprova\u00e7\u00e3o de 93% dos trabalhadores(as) de todas as cidades que a SABESP opera, ficou decidida uma greve de 24 horas, a partir da 00h00 do dia 28 de novembro, ter\u00e7a-feira.<\/div>\n<div><\/div>\n<div>Esta paralisa\u00e7\u00e3o ser\u00e1 feita em conjunto com os trabalhadores(as) da CPTM, METR\u00d4 e educa\u00e7\u00e3o.<\/div>\n<div><\/div>\n<div>A privatiza\u00e7\u00e3o ser\u00e1 a ordem do dia e o governo tentar\u00e1 reprimir a luta dos trabalhadores.<\/div>\n<div>O SITSESP refor\u00e7a que os atos sindicais e pol\u00edticos s\u00e3o de relevante import\u00e2ncia neste momento.<\/div>\n<div>Os trabalhadores(as) da SABESP estar\u00e3o unificados com os ferrovi\u00e1rios, metrovi\u00e1rios e trabalhadores(as) da educa\u00e7\u00e3o para denunciar o projeto privatista do governador para os servi\u00e7os de saneamento, transporte e retirada de recursos da educa\u00e7\u00e3o.<\/div>\n<div><\/div>\n<div>O SITSESP estar\u00e1 apoiando o movimento e disponibilizando transporte, faixas, coletes e adesivos contra a PPP para os filiados e servidores da Funda\u00e7\u00e3o CASA que queiram participar do movimento.<\/div>\n<div><\/div>\n<div><strong>O SITSESP \u00c9 DE TODOS, PARA TODOS, TRABALHANDO COM TODOS \u2013 SEJA UM FILIADO SITSESP E PARTICIPE DA LUTA<\/strong><\/div>\n","protected":false},"excerpt":{"rendered":"<p>Na pr\u00f3xima ter\u00e7a-feira (28) acontecer\u00e1 mais um grande movimento contra a onda de privatiza\u00e7\u00e3o promovida pelo governador Tarc\u00edsio de Freitas com&hellip;<\/p>\n","protected":false},"author":5,"featured_media":12675,"comment_status":"open","ping_status":"open","sticky":false,"template":"","format":"standard","meta":{"cybocfi_hide_featured_image":"","footnotes":""},"categories":[27,22],"tags":[],"yoast_head":"<!-- This site is optimized with the Yoast SEO plugin v22.8 - https:\/\/yoast.com\/wordpress\/plugins\/seo\/ -->\n<title>MOVIMENTO CONTRA AS PRIVATIZA\u00c7\u00d5ES E TERCEIRIZA\u00c7\u00d5ES PROMOVIDAS PELO GOVERNADOR TARC\u00cdSIO DE FREITAS - SITSESP<\/title>\n<meta name=\"robots\" content=\"index, follow, max-snippet:-1, max-image-preview:large, max-video-preview:-1\" \/>\n<link rel=\"canonical\" href=\"https:\/\/www.sitsesp.org.br\/novo\/movimento-contra-as-privatizacoes-e-terceirizacoes-promovidas-pelo-governador-tarcisio-de-freitas\/\" \/>\n<meta property=\"og:locale\" content=\"pt_BR\" \/>\n<meta property=\"og:type\" content=\"article\" \/>\n<meta property=\"og:title\" content=\"MOVIMENTO CONTRA AS PRIVATIZA\u00c7\u00d5ES E TERCEIRIZA\u00c7\u00d5ES PROMOVIDAS PELO GOVERNADOR TARC\u00cdSIO DE FREITAS - SITSESP\" \/>\n<meta property=\"og:description\" content=\"Na pr\u00f3xima ter\u00e7a-feira (28) acontecer\u00e1 mais um grande movimento contra a onda de privatiza\u00e7\u00e3o promovida pelo governador Tarc\u00edsio de Freitas com&hellip;\" \/>\n<meta property=\"og:url\" content=\"https:\/\/www.sitsesp.org.br\/novo\/movimento-contra-as-privatizacoes-e-terceirizacoes-promovidas-pelo-governador-tarcisio-de-freitas\/\" \/>\n<meta property=\"og:site_name\" content=\"SITSESP\" \/>\n<meta property=\"article:published_time\" content=\"2023-11-23T17:20:53+00:00\" \/>\n<meta property=\"og:image\" content=\"https:\/\/www.sitsesp.org.br\/novo\/wp-content\/uploads\/2023\/11\/WhatsApp-Image-2023-11-23-at-13.59.23.jpeg\" \/>\n\t<meta property=\"og:image:width\" content=\"566\" \/>\n\t<meta property=\"og:image:height\" content=\"800\" \/>\n\t<meta property=\"og:image:type\" content=\"image\/jpeg\" \/>\n<meta name=\"author\" content=\"imprensa\" \/>\n<meta name=\"twitter:card\" content=\"summary_large_image\" \/>\n<meta name=\"twitter:label1\" content=\"Escrito por\" \/>\n\t<meta name=\"twitter:data1\" content=\"imprensa\" \/>\n\t<meta name=\"twitter:label2\" content=\"Est. tempo de leitura\" \/>\n\t<meta name=\"twitter:data2\" content=\"2 minutos\" \/>\n<script type=\"application\/ld+json\" class=\"yoast-schema-graph\">{\"@context\":\"https:\/\/schema.org\",\"@graph\":[{\"@type\":\"Article\",\"@id\":\"https:\/\/www.sitsesp.org.br\/novo\/movimento-contra-as-privatizacoes-e-terceirizacoes-promovidas-pelo-governador-tarcisio-de-freitas\/#article\",\"isPartOf\":{\"@id\":\"https:\/\/www.sitsesp.org.br\/novo\/movimento-contra-as-privatizacoes-e-terceirizacoes-promovidas-pelo-governador-tarcisio-de-freitas\/\"},\"author\":{\"name\":\"imprensa\",\"@id\":\"https:\/\/www.sitsesp.org.br\/novo\/#\/schema\/person\/28e42eec160f373e81d0183b3643edbf\"},\"headline\":\"MOVIMENTO CONTRA AS PRIVATIZA\u00c7\u00d5ES E TERCEIRIZA\u00c7\u00d5ES PROMOVIDAS PELO GOVERNADOR TARC\u00cdSIO DE FREITAS\",\"datePublished\":\"2023-11-23T17:20:53+00:00\",\"dateModified\":\"2023-11-23T17:20:53+00:00\",\"mainEntityOfPage\":{\"@id\":\"https:\/\/www.sitsesp.org.br\/novo\/movimento-contra-as-privatizacoes-e-terceirizacoes-promovidas-pelo-governador-tarcisio-de-freitas\/\"},\"wordCount\":219,\"commentCount\":0,\"publisher\":{\"@id\":\"https:\/\/www.sitsesp.org.br\/novo\/#organization\"},\"image\":{\"@id\":\"https:\/\/www.sitsesp.org.br\/novo\/movimento-contra-as-privatizacoes-e-terceirizacoes-promovidas-pelo-governador-tarcisio-de-freitas\/#primaryimage\"},\"thumbnailUrl\":\"https:\/\/www.sitsesp.org.br\/novo\/wp-content\/uploads\/2023\/11\/WhatsApp-Image-2023-11-23-at-13.59.23.jpeg\",\"articleSection\":[\"Destaque\",\"Noticias\"],\"inLanguage\":\"pt-BR\",\"potentialAction\":[{\"@type\":\"CommentAction\",\"name\":\"Comment\",\"target\":[\"https:\/\/www.sitsesp.org.br\/novo\/movimento-contra-as-privatizacoes-e-terceirizacoes-promovidas-pelo-governador-tarcisio-de-freitas\/#respond\"]}]},{\"@type\":\"WebPage\",\"@id\":\"https:\/\/www.sitsesp.org.br\/novo\/movimento-contra-as-privatizacoes-e-terceirizacoes-promovidas-pelo-governador-tarcisio-de-freitas\/\",\"url\":\"https:\/\/www.sitsesp.org.br\/novo\/movimento-contra-as-privatizacoes-e-terceirizacoes-promovidas-pelo-governador-tarcisio-de-freitas\/\",\"name\":\"MOVIMENTO CONTRA AS PRIVATIZA\u00c7\u00d5ES E TERCEIRIZA\u00c7\u00d5ES PROMOVIDAS PELO GOVERNADOR TARC\u00cdSIO DE FREITAS - SITSESP\",\"isPartOf\":{\"@id\":\"https:\/\/www.sitsesp.org.br\/novo\/#website\"},\"primaryImageOfPage\":{\"@id\":\"https:\/\/www.sitsesp.org.br\/novo\/movimento-contra-as-privatizacoes-e-terceirizacoes-promovidas-pelo-governador-tarcisio-de-freitas\/#primaryimage\"},\"image\":{\"@id\":\"https:\/\/www.sitsesp.org.br\/novo\/movimento-contra-as-privatizacoes-e-terceirizacoes-promovidas-pelo-governador-tarcisio-de-freitas\/#primaryimage\"},\"thumbnailUrl\":\"https:\/\/www.sitsesp.org.br\/novo\/wp-content\/uploads\/2023\/11\/WhatsApp-Image-2023-11-23-at-13.59.23.jpeg\",\"datePublished\":\"2023-11-23T17:20:53+00:00\",\"dateModified\":\"2023-11-23T17:20:53+00:00\",\"breadcrumb\":{\"@id\":\"https:\/\/www.sitsesp.org.br\/novo\/movimento-contra-as-privatizacoes-e-terceirizacoes-promovidas-pelo-governador-tarcisio-de-freitas\/#breadcrumb\"},\"inLanguage\":\"pt-BR\",\"potentialAction\":[{\"@type\":\"ReadAction\",\"target\":[\"https:\/\/www.sitsesp.org.br\/novo\/movimento-contra-as-privatizacoes-e-terceirizacoes-promovidas-pelo-governador-tarcisio-de-freitas\/\"]}]},{\"@type\":\"ImageObject\",\"inLanguage\":\"pt-BR\",\"@id\":\"https:\/\/www.sitsesp.org.br\/novo\/movimento-contra-as-privatizacoes-e-terceirizacoes-promovidas-pelo-governador-tarcisio-de-freitas\/#primaryimage\",\"url\":\"https:\/\/www.sitsesp.org.br\/novo\/wp-content\/uploads\/2023\/11\/WhatsApp-Image-2023-11-23-at-13.59.23.jpeg\",\"contentUrl\":\"https:\/\/www.sitsesp.org.br\/novo\/wp-content\/uploads\/2023\/11\/WhatsApp-Image-2023-11-23-at-13.59.23.jpeg\",\"width\":566,\"height\":800},{\"@type\":\"BreadcrumbList\",\"@id\":\"https:\/\/www.sitsesp.org.br\/novo\/movimento-contra-as-privatizacoes-e-terceirizacoes-promovidas-pelo-governador-tarcisio-de-freitas\/#breadcrumb\",\"itemListElement\":[{\"@type\":\"ListItem\",\"position\":1,\"name\":\"In\u00edcio\",\"item\":\"https:\/\/www.sitsesp.org.br\/novo\/\"},{\"@type\":\"ListItem\",\"position\":2,\"name\":\"MOVIMENTO CONTRA AS PRIVATIZA\u00c7\u00d5ES E TERCEIRIZA\u00c7\u00d5ES PROMOVIDAS PELO GOVERNADOR TARC\u00cdSIO DE FREITAS\"}]},{\"@type\":\"WebSite\",\"@id\":\"https:\/\/www.sitsesp.org.br\/novo\/#website\",\"url\":\"https:\/\/www.sitsesp.org.br\/novo\/\",\"name\":\"Sitsesp\",\"description\":\"SIndicato da Socioeduca\u00e7\u00e3o do Estado de S\u00e3o Paulo\",\"publisher\":{\"@id\":\"https:\/\/www.sitsesp.org.br\/novo\/#organization\"},\"potentialAction\":[{\"@type\":\"SearchAction\",\"target\":{\"@type\":\"EntryPoint\",\"urlTemplate\":\"https:\/\/www.sitsesp.org.br\/novo\/?s={search_term_string}\"},\"query-input\":\"required name=search_term_string\"}],\"inLanguage\":\"pt-BR\"},{\"@type\":\"Organization\",\"@id\":\"https:\/\/www.sitsesp.org.br\/novo\/#organization\",\"name\":\"Sitsesp\",\"url\":\"https:\/\/www.sitsesp.org.br\/novo\/\",\"logo\":{\"@type\":\"ImageObject\",\"inLanguage\":\"pt-BR\",\"@id\":\"https:\/\/www.sitsesp.org.br\/novo\/#\/schema\/logo\/image\/\",\"url\":\"https:\/\/www.sitsesp.org.br\/novo\/wp-content\/uploads\/2020\/09\/Design-sem-nome-1.jpg\",\"contentUrl\":\"https:\/\/www.sitsesp.org.br\/novo\/wp-content\/uploads\/2020\/09\/Design-sem-nome-1.jpg\",\"width\":300,\"height\":300,\"caption\":\"Sitsesp\"},\"image\":{\"@id\":\"https:\/\/www.sitsesp.org.br\/novo\/#\/schema\/logo\/image\/\"}},{\"@type\":\"Person\",\"@id\":\"https:\/\/www.sitsesp.org.br\/novo\/#\/schema\/person\/28e42eec160f373e81d0183b3643edbf\",\"name\":\"imprensa\",\"image\":{\"@type\":\"ImageObject\",\"inLanguage\":\"pt-BR\",\"@id\":\"https:\/\/www.sitsesp.org.br\/novo\/#\/schema\/person\/image\/\",\"url\":\"https:\/\/secure.gravatar.com\/avatar\/8d6ccd8d7d52b8959f34154e87d3fa29?s=96&d=mm&r=g\",\"contentUrl\":\"https:\/\/secure.gravatar.com\/avatar\/8d6ccd8d7d52b8959f34154e87d3fa29?s=96&d=mm&r=g\",\"caption\":\"imprensa\"}}]}<\/script>\n<!-- \/ Yoast SEO plugin. -->","yoast_head_json":{"title":"MOVIMENTO CONTRA AS PRIVATIZA\u00c7\u00d5ES E TERCEIRIZA\u00c7\u00d5ES PROMOVIDAS PELO GOVERNADOR TARC\u00cdSIO DE FREITAS - SITSESP","robots":{"index":"index","follow":"follow","max-snippet":"max-snippet:-1","max-image-preview":"max-image-preview:large","max-video-preview":"max-video-preview:-1"},"canonical":"https:\/\/www.sitsesp.org.br\/novo\/movimento-contra-as-privatizacoes-e-terceirizacoes-promovidas-pelo-governador-tarcisio-de-freitas\/","og_locale":"pt_BR","og_type":"article","og_title":"MOVIMENTO CONTRA AS PRIVATIZA\u00c7\u00d5ES E TERCEIRIZA\u00c7\u00d5ES PROMOVIDAS PELO GOVERNADOR TARC\u00cdSIO DE FREITAS - SITSESP","og_description":"Na pr\u00f3xima ter\u00e7a-feira (28) acontecer\u00e1 mais um grande movimento contra a onda de privatiza\u00e7\u00e3o promovida pelo governador Tarc\u00edsio de Freitas com&hellip;","og_url":"https:\/\/www.sitsesp.org.br\/novo\/movimento-contra-as-privatizacoes-e-terceirizacoes-promovidas-pelo-governador-tarcisio-de-freitas\/","og_site_name":"SITSESP","article_published_time":"2023-11-23T17:20:53+00:00","og_image":[{"width":566,"height":800,"url":"https:\/\/www.sitsesp.org.br\/novo\/wp-content\/uploads\/2023\/11\/WhatsApp-Image-2023-11-23-at-13.59.23.jpeg","type":"image\/jpeg"}],"author":"imprensa","twitter_card":"summary_large_image","twitter_misc":{"Escrito por":"imprensa","Est. tempo de leitura":"2 minutos"},"schema":{"@context":"https:\/\/schema.org","@graph":[{"@type":"Article","@id":"https:\/\/www.sitsesp.org.br\/novo\/movimento-contra-as-privatizacoes-e-terceirizacoes-promovidas-pelo-governador-tarcisio-de-freitas\/#article","isPartOf":{"@id":"https:\/\/www.sitsesp.org.br\/novo\/movimento-contra-as-privatizacoes-e-terceirizacoes-promovidas-pelo-governador-tarcisio-de-freitas\/"},"author":{"name":"imprensa","@id":"https:\/\/www.sitsesp.org.br\/novo\/#\/schema\/person\/28e42eec160f373e81d0183b3643edbf"},"headline":"MOVIMENTO CONTRA AS PRIVATIZA\u00c7\u00d5ES E TERCEIRIZA\u00c7\u00d5ES PROMOVIDAS PELO GOVERNADOR TARC\u00cdSIO DE FREITAS","datePublished":"2023-11-23T17:20:53+00:00","dateModified":"2023-11-23T17:20:53+00:00","mainEntityOfPage":{"@id":"https:\/\/www.sitsesp.org.br\/novo\/movimento-contra-as-privatizacoes-e-terceirizacoes-promovidas-pelo-governador-tarcisio-de-freitas\/"},"wordCount":219,"commentCount":0,"publisher":{"@id":"https:\/\/www.sitsesp.org.br\/novo\/#organization"},"image":{"@id":"https:\/\/www.sitsesp.org.br\/novo\/movimento-contra-as-privatizacoes-e-terceirizacoes-promovidas-pelo-governador-tarcisio-de-freitas\/#primaryimage"},"thumbnailUrl":"https:\/\/www.sitsesp.org.br\/novo\/wp-content\/uploads\/2023\/11\/WhatsApp-Image-2023-11-23-at-13.59.23.jpeg","articleSection":["Destaque","Noticias"],"inLanguage":"pt-BR","potentialAction":[{"@type":"CommentAction","name":"Comment","target":["https:\/\/www.sitsesp.org.br\/novo\/movimento-contra-as-privatizacoes-e-terceirizacoes-promovidas-pelo-governador-tarcisio-de-freitas\/#respond"]}]},{"@type":"WebPage","@id":"https:\/\/www.sitsesp.org.br\/novo\/movimento-contra-as-privatizacoes-e-terceirizacoes-promovidas-pelo-governador-tarcisio-de-freitas\/","url":"https:\/\/www.sitsesp.org.br\/novo\/movimento-contra-as-privatizacoes-e-terceirizacoes-promovidas-pelo-governador-tarcisio-de-freitas\/","name":"MOVIMENTO CONTRA AS PRIVATIZA\u00c7\u00d5ES E TERCEIRIZA\u00c7\u00d5ES PROMOVIDAS PELO GOVERNADOR TARC\u00cdSIO DE FREITAS - SITSESP","isPartOf":{"@id":"https:\/\/www.sitsesp.org.br\/novo\/#website"},"primaryImageOfPage":{"@id":"https:\/\/www.sitsesp.org.br\/novo\/movimento-contra-as-privatizacoes-e-terceirizacoes-promovidas-pelo-governador-tarcisio-de-freitas\/#primaryimage"},"image":{"@id":"https:\/\/www.sitsesp.org.br\/novo\/movimento-contra-as-privatizacoes-e-terceirizacoes-promovidas-pelo-governador-tarcisio-de-freitas\/#primaryimage"},"thumbnailUrl":"https:\/\/www.sitsesp.org.br\/novo\/wp-content\/uploads\/2023\/11\/WhatsApp-Image-2023-11-23-at-13.59.23.jpeg","datePublished":"2023-11-23T17:20:53+00:00","dateModified":"2023-11-23T17:20:53+00:00","breadcrumb":{"@id":"https:\/\/www.sitsesp.org.br\/novo\/movimento-contra-as-privatizacoes-e-terceirizacoes-promovidas-pelo-governador-tarcisio-de-freitas\/#breadcrumb"},"inLanguage":"pt-BR","potentialAction":[{"@type":"ReadAction","target":["https:\/\/www.sitsesp.org.br\/novo\/movimento-contra-as-privatizacoes-e-terceirizacoes-promovidas-pelo-governador-tarcisio-de-freitas\/"]}]},{"@type":"ImageObject","inLanguage":"pt-BR","@id":"https:\/\/www.sitsesp.org.br\/novo\/movimento-contra-as-privatizacoes-e-terceirizacoes-promovidas-pelo-governador-tarcisio-de-freitas\/#primaryimage","url":"https:\/\/www.sitsesp.org.br\/novo\/wp-content\/uploads\/2023\/11\/WhatsApp-Image-2023-11-23-at-13.59.23.jpeg","contentUrl":"https:\/\/www.sitsesp.org.br\/novo\/wp-content\/uploads\/2023\/11\/WhatsApp-Image-2023-11-23-at-13.59.23.jpeg","width":566,"height":800},{"@type":"BreadcrumbList","@id":"https:\/\/www.sitsesp.org.br\/novo\/movimento-contra-as-privatizacoes-e-terceirizacoes-promovidas-pelo-governador-tarcisio-de-freitas\/#breadcrumb","itemListElement":[{"@type":"ListItem","position":1,"name":"In\u00edcio","item":"https:\/\/www.sitsesp.org.br\/novo\/"},{"@type":"ListItem","position":2,"name":"MOVIMENTO CONTRA AS PRIVATIZA\u00c7\u00d5ES E TERCEIRIZA\u00c7\u00d5ES PROMOVIDAS PELO GOVERNADOR TARC\u00cdSIO DE FREITAS"}]},{"@type":"WebSite","@id":"https:\/\/www.sitsesp.org.br\/novo\/#website","url":"https:\/\/www.sitsesp.org.br\/novo\/","name":"Sitsesp","description":"SIndicato da Socioeduca\u00e7\u00e3o do Estado de S\u00e3o Paulo","publisher":{"@id":"https:\/\/www.sitsesp.org.br\/novo\/#organization"},"potentialAction":[{"@type":"SearchAction","target":{"@type":"EntryPoint","urlTemplate":"https:\/\/www.sitsesp.org.br\/novo\/?s={search_term_string}"},"query-input":"required name=search_term_string"}],"inLanguage":"pt-BR"},{"@type":"Organization","@id":"https:\/\/www.sitsesp.org.br\/novo\/#organization","name":"Sitsesp","url":"https:\/\/www.sitsesp.org.br\/novo\/","logo":{"@type":"ImageObject","inLanguage":"pt-BR","@id":"https:\/\/www.sitsesp.org.br\/novo\/#\/schema\/logo\/image\/","url":"https:\/\/www.sitsesp.org.br\/novo\/wp-content\/uploads\/2020\/09\/Design-sem-nome-1.jpg","contentUrl":"https:\/\/www.sitsesp.org.br\/novo\/wp-content\/uploads\/2020\/09\/Design-sem-nome-1.jpg","width":300,"height":300,"caption":"Sitsesp"},"image":{"@id":"https:\/\/www.sitsesp.org.br\/novo\/#\/schema\/logo\/image\/"}},{"@type":"Person","@id":"https:\/\/www.sitsesp.org.br\/novo\/#\/schema\/person\/28e42eec160f373e81d0183b3643edbf","name":"imprensa","image":{"@type":"ImageObject","inLanguage":"pt-BR","@id":"https:\/\/www.sitsesp.org.br\/novo\/#\/schema\/person\/image\/","url":"https:\/\/secure.gravatar.com\/avatar\/8d6ccd8d7d52b8959f34154e87d3fa29?s=96&d=mm&r=g","contentUrl":"https:\/\/secure.gravatar.com\/avatar\/8d6ccd8d7d52b8959f34154e87d3fa29?s=96&d=mm&r=g","caption":"imprensa"}}]}},"_links":{"self":[{"href":"https:\/\/www.sitsesp.org.br\/novo\/wp-json\/wp\/v2\/posts\/12674"}],"collection":[{"href":"https:\/\/www.sitsesp.org.br\/novo\/wp-json\/wp\/v2\/posts"}],"about":[{"href":"https:\/\/www.sitsesp.org.br\/novo\/wp-json\/wp\/v2\/types\/post"}],"author":[{"embeddable":true,"href":"https:\/\/www.sitsesp.org.br\/novo\/wp-json\/wp\/v2\/users\/5"}],"replies":[{"embeddable":true,"href":"https:\/\/www.sitsesp.org.br\/novo\/wp-json\/wp\/v2\/comments?post=12674"}],"version-history":[{"count":1,"href":"https:\/\/www.sitsesp.org.br\/novo\/wp-json\/wp\/v2\/posts\/12674\/revisions"}],"predecessor-version":[{"id":12676,"href":"https:\/\/www.sitsesp.org.br\/novo\/wp-json\/wp\/v2\/posts\/12674\/revisions\/12676"}],"wp:featuredmedia":[{"embeddable":true,"href":"https:\/\/www.sitsesp.org.br\/novo\/wp-json\/wp\/v2\/media\/12675"}],"wp:attachment":[{"href":"https:\/\/www.sitsesp.org.br\/novo\/wp-json\/wp\/v2\/media?parent=12674"}],"wp:term":[{"taxonomy":"category","embeddable":true,"href":"https:\/\/www.sitsesp.org.br\/novo\/wp-json\/wp\/v2\/categories?post=12674"},{"taxonomy":"post_tag","embeddable":true,"href":"https:\/\/www.sitsesp.org.br\/novo\/wp-json\/wp\/v2\/tags?post=12674"}],"curies":[{"name":"wp","href":"https:\/\/api.w.org\/{rel}","templated":true}]}}