{"id":12680,"date":"2023-11-24T11:49:53","date_gmt":"2023-11-24T14:49:53","guid":{"rendered":"https:\/\/sitsesp.org.br\/novo\/?p=12680"},"modified":"2023-11-24T11:49:53","modified_gmt":"2023-11-24T14:49:53","slug":"fundacao-casa-sendo-fundacao-casa-mais-uma-arbitrariedade-contra-os-trabalhadores","status":"publish","type":"post","link":"https:\/\/www.sitsesp.org.br\/novo\/fundacao-casa-sendo-fundacao-casa-mais-uma-arbitrariedade-contra-os-trabalhadores\/","title":{"rendered":"FUNDA\u00c7\u00c3O CASA SENDO FUNDA\u00c7\u00c3O CASA \u2013 MAIS UMA ARBITRARIEDADE CONTRA OS TRABALHADORES"},"content":{"rendered":"<p><!-- VideographyWP Plugin Message: Automatic video embedding prevented by plugin options. --><\/p>\n<div><strong>FA\u00c7A A DIFEREN\u00c7A. FA\u00c7A DIFERENTE.<\/strong><\/div>\n<div>Vamos come\u00e7ar esta mat\u00e9ria com o slogan que a Funda\u00e7\u00e3o CASA adotou para este projeto piloto e vamos incluir no contexto geral: \u201dFa\u00e7a a diferen\u00e7a. Fa\u00e7a diferente.\u201d<\/div>\n<div>Funda\u00e7\u00e3o CASA, qual \u00e9 a diferen\u00e7a que voc\u00ea tem feito nas vidas dos milhares de trabalhadores, que n\u00e3o seja prejudicar, adoecer, descumprir a senten\u00e7a normativa e tirar benef\u00edcios destes trabalhadores?<\/div>\n<div>Por que voc\u00eas n\u00e3o fazem diferente? Valorizem seus trabalhadores, cuidem da sa\u00fade f\u00edsica e psicol\u00f3gica destes colaboradores, cumpram com aquilo que \u00e9 direito dos servidores, usem da humaniza\u00e7\u00e3o para valorizar e incentivar cada vez mais estes sofridos e calejados servidores que, muitas vezes, d\u00e3o suas vidas para defender o seu trabalho!<\/div>\n<div><\/div>\n<div><strong>O PROGRAMA<\/strong><\/div>\n<div>O projeto faz parte do Programa de Enfrentamento ao Absente\u00edsmo e neste in\u00edcio ser\u00e1 testado em tr\u00eas Centros, CASA Vila Leopoldina, S\u00e3o Paulo e Paulista, a partir de\u00a0 27 de novembro de 2023 at\u00e9 26 de janeiro de 2024, j\u00e1 com a promessa de expandir, no primeiro trimestre de 2024, para todos os Centros do estado. Mas a Funda\u00e7\u00e3o CASA s\u00f3 veio a soltar o comunicado DRH n\u00b0 049\/2023, \u00e0s 18h08, j\u00e1 no in\u00edcio da noite, padronizando a entrega de atestados eletronicamente atrav\u00e9s do eCASA.<\/div>\n<div>Por enquanto, s\u00f3 estes tr\u00eas Centros, o restante continua como est\u00e1.<\/div>\n<div>O objetivo deste programa e fazer com que o trabalhador lance no sistema seus atestados, suas declara\u00e7\u00f5es de aus\u00eancia. Uma verdadeira forma de prejudicar aquele que n\u00e3o tem familiaridade com o sistema eletr\u00f4nico.<\/div>\n<div><\/div>\n<div><strong>O PODER DA PREVIS\u00c3O E ADIVINHA\u00c7\u00c3O<\/strong><\/div>\n<div>Este programa ainda quer que o trabalhador e trabalhadora que j\u00e1 est\u00e1, em sua grande maioria, com sequelas advindas do trabalho, das persegui\u00e7\u00f5es e ass\u00e9dios fa\u00e7a a previs\u00e3o ou adivinhe quando estar\u00e1 doente, mostrando passo a passo para a Funda\u00e7\u00e3o CASA, os motivos da sua aus\u00eancia no trabalho, mesmo antes de chegar a ficar ou n\u00e3o doente.<\/div>\n<div>Se o trabalhador passar mal durante a noite ou madrugada e resolver ir ao m\u00e9dico pela manh\u00e3, dever\u00e1 antes comunicar, por meio do sistema, os passos para justificar sua aus\u00eancia no trabalho.<\/div>\n<div>Sem falar que j\u00e1 constam reclama\u00e7\u00f5es que em alguns Centros gestores est\u00e3o ligando para servidores, perguntando se o servidor vai trabalhar no outro dia.<\/div>\n<div>Um absurdo sem precedentes.<\/div>\n<div>\u00c9 a Funda\u00e7\u00e3o CASA sendo diferente, como sempre, em detrimento do seus trabalhadores.<\/div>\n<div><\/div>\n<div><strong>TECNOLOGIA<\/strong><\/div>\n<div>A Funda\u00e7\u00e3o CASA esquece que grande parte de seus servidores e servidoras est\u00e3o com a idade avan\u00e7ada por conta da falta de concurso p\u00fablico, renova\u00e7\u00e3o do quadro funcional e est\u00e3o sobrecarregados com toda a in\u00e9rcia desta institui\u00e7\u00e3o.<\/div>\n<div>Muitos deles sequer tem um telefone celular, quando no m\u00e1ximo, tem aqueles modelos que fazem e recebem liga\u00e7\u00f5es, sem qualquer tecnologia avan\u00e7ada e redes sociais, muito menos um computador em suas casas.<\/div>\n<div>Al\u00e9m disso, n\u00e3o conseguem mais assimilar os avan\u00e7os que a tecnologia lan\u00e7a dia a dia.<\/div>\n<div>Ser\u00e1 um festival de constrangimentos causados por esta institui\u00e7\u00e3o.<\/div>\n<div>Para piorar, junto com o comunicado DRH 049\/2023, a Funda\u00e7\u00e3o CASA elaborou um Manual do Usu\u00e1rio com 24 p\u00e1ginas que mostra como fazer o procedimento da entrega do atestado no sistema.<\/div>\n<div>\u00c9 um verdadeiro objeto de investiga\u00e7\u00e3o na vida do adoecido, que ir\u00e1 cruzar informa\u00e7\u00f5es do paciente com o atendimento m\u00e9dico.<\/div>\n<div><\/div>\n<div>\u00c9 a Funda\u00e7\u00e3o CASA, agora, fazendo a diferen\u00e7a na vida dos servidores e servidoras para adoecer de vez esta categoria.<\/div>\n<div><\/div>\n<div>O SITSESP est\u00e1 tomando as devidas provid\u00eancias para que a Funda\u00e7\u00e3o CASA respeite os seus trabalhadores.<\/div>\n<div><\/div>\n<div><strong>O ABSENTE\u00cdSMO S\u00d3 EXISTE, PORQUE OS TRABALHADORES E TRABALHADORAS EST\u00c3O DOENTES E A FUNDA\u00c7\u00c3O CASA, CUIDA MAL DOS SEUS COLABORADORES<\/strong><\/div>\n<p><a href=\"https:\/\/sitsesp.org.br\/novo\/wp-content\/uploads\/2023\/11\/COMUNICADO-DRH-049-2023-Padroniza-a-forma-de-entrega-dos-Atestados-Medicos.pdf\" class=\"pdfemb-viewer\" style=\"\" data-width=\"max\" data-height=\"max\" data-toolbar=\"bottom\" data-toolbar-fixed=\"off\">COMUNICADO DRH 049-2023 - Padroniza a forma de entrega dos Atestados M\u00e9dicos<\/a><br \/>\n<a href=\"https:\/\/sitsesp.org.br\/novo\/wp-content\/uploads\/2023\/11\/COMUNICADO-DRH-049-2023-Padroniza-a-forma-de-entrega-dos-Atestados-Medicos.pdf\">BAIXE AQUI<\/a><\/p>\n<p><a href=\"https:\/\/sitsesp.org.br\/novo\/wp-content\/uploads\/2023\/11\/Manual-do-usuario-DRH-Atestados.pdf\" class=\"pdfemb-viewer\" style=\"\" data-width=\"max\" data-height=\"max\" data-toolbar=\"bottom\" data-toolbar-fixed=\"off\">Manual do usu\u00e1rio DRH Atestados<\/a><br \/>\n<a href=\"https:\/\/sitsesp.org.br\/novo\/wp-content\/uploads\/2023\/11\/Manual-do-usuario-DRH-Atestados.pdf\">BAIXE AQUI<\/a><\/p>\n<p><strong>O SITSESP \u00c9 DE TODOS, PARA TODOS, TRABALHANDO COM TODOS \u2013 SEJA UM FILIADO SITSESP E PARTICIPE DA LUTA<\/strong><\/p>\n<p>&nbsp;<\/p>\n","protected":false},"excerpt":{"rendered":"<p>FA\u00c7A A DIFEREN\u00c7A. FA\u00c7A DIFERENTE. Vamos come\u00e7ar esta mat\u00e9ria com o slogan que a Funda\u00e7\u00e3o CASA adotou para este projeto piloto&hellip;<\/p>\n","protected":false},"author":5,"featured_media":12682,"comment_status":"open","ping_status":"open","sticky":false,"template":"","format":"standard","meta":{"cybocfi_hide_featured_image":"","footnotes":""},"categories":[27,22],"tags":[],"yoast_head":"<!-- This site is optimized with the Yoast SEO plugin v22.8 - https:\/\/yoast.com\/wordpress\/plugins\/seo\/ -->\n<title>FUNDA\u00c7\u00c3O CASA SENDO FUNDA\u00c7\u00c3O CASA \u2013 MAIS UMA ARBITRARIEDADE CONTRA OS TRABALHADORES - SITSESP<\/title>\n<meta name=\"robots\" content=\"index, follow, max-snippet:-1, max-image-preview:large, max-video-preview:-1\" \/>\n<link rel=\"canonical\" href=\"https:\/\/www.sitsesp.org.br\/novo\/fundacao-casa-sendo-fundacao-casa-mais-uma-arbitrariedade-contra-os-trabalhadores\/\" \/>\n<meta property=\"og:locale\" content=\"pt_BR\" \/>\n<meta property=\"og:type\" content=\"article\" \/>\n<meta property=\"og:title\" content=\"FUNDA\u00c7\u00c3O CASA SENDO FUNDA\u00c7\u00c3O CASA \u2013 MAIS UMA ARBITRARIEDADE CONTRA OS TRABALHADORES - SITSESP\" \/>\n<meta property=\"og:description\" content=\"FA\u00c7A A DIFEREN\u00c7A. FA\u00c7A DIFERENTE. Vamos come\u00e7ar esta mat\u00e9ria com o slogan que a Funda\u00e7\u00e3o CASA adotou para este projeto piloto&hellip;\" \/>\n<meta property=\"og:url\" content=\"https:\/\/www.sitsesp.org.br\/novo\/fundacao-casa-sendo-fundacao-casa-mais-uma-arbitrariedade-contra-os-trabalhadores\/\" \/>\n<meta property=\"og:site_name\" content=\"SITSESP\" \/>\n<meta property=\"article:published_time\" content=\"2023-11-24T14:49:53+00:00\" \/>\n<meta property=\"og:image\" content=\"https:\/\/www.sitsesp.org.br\/novo\/wp-content\/uploads\/2023\/11\/2411.jpg\" \/>\n\t<meta property=\"og:image:width\" content=\"800\" \/>\n\t<meta property=\"og:image:height\" content=\"800\" \/>\n\t<meta property=\"og:image:type\" content=\"image\/jpeg\" \/>\n<meta name=\"author\" content=\"imprensa\" \/>\n<meta name=\"twitter:card\" content=\"summary_large_image\" \/>\n<meta name=\"twitter:label1\" content=\"Escrito por\" \/>\n\t<meta name=\"twitter:data1\" content=\"imprensa\" \/>\n\t<meta name=\"twitter:label2\" content=\"Est. tempo de leitura\" \/>\n\t<meta name=\"twitter:data2\" content=\"4 minutos\" \/>\n<script type=\"application\/ld+json\" class=\"yoast-schema-graph\">{\"@context\":\"https:\/\/schema.org\",\"@graph\":[{\"@type\":\"Article\",\"@id\":\"https:\/\/www.sitsesp.org.br\/novo\/fundacao-casa-sendo-fundacao-casa-mais-uma-arbitrariedade-contra-os-trabalhadores\/#article\",\"isPartOf\":{\"@id\":\"https:\/\/www.sitsesp.org.br\/novo\/fundacao-casa-sendo-fundacao-casa-mais-uma-arbitrariedade-contra-os-trabalhadores\/\"},\"author\":{\"name\":\"imprensa\",\"@id\":\"https:\/\/www.sitsesp.org.br\/novo\/#\/schema\/person\/28e42eec160f373e81d0183b3643edbf\"},\"headline\":\"FUNDA\u00c7\u00c3O CASA SENDO FUNDA\u00c7\u00c3O CASA \u2013 MAIS UMA ARBITRARIEDADE CONTRA OS TRABALHADORES\",\"datePublished\":\"2023-11-24T14:49:53+00:00\",\"dateModified\":\"2023-11-24T14:49:53+00:00\",\"mainEntityOfPage\":{\"@id\":\"https:\/\/www.sitsesp.org.br\/novo\/fundacao-casa-sendo-fundacao-casa-mais-uma-arbitrariedade-contra-os-trabalhadores\/\"},\"wordCount\":724,\"commentCount\":0,\"publisher\":{\"@id\":\"https:\/\/www.sitsesp.org.br\/novo\/#organization\"},\"image\":{\"@id\":\"https:\/\/www.sitsesp.org.br\/novo\/fundacao-casa-sendo-fundacao-casa-mais-uma-arbitrariedade-contra-os-trabalhadores\/#primaryimage\"},\"thumbnailUrl\":\"https:\/\/www.sitsesp.org.br\/novo\/wp-content\/uploads\/2023\/11\/2411.jpg\",\"articleSection\":[\"Destaque\",\"Noticias\"],\"inLanguage\":\"pt-BR\",\"potentialAction\":[{\"@type\":\"CommentAction\",\"name\":\"Comment\",\"target\":[\"https:\/\/www.sitsesp.org.br\/novo\/fundacao-casa-sendo-fundacao-casa-mais-uma-arbitrariedade-contra-os-trabalhadores\/#respond\"]}]},{\"@type\":\"WebPage\",\"@id\":\"https:\/\/www.sitsesp.org.br\/novo\/fundacao-casa-sendo-fundacao-casa-mais-uma-arbitrariedade-contra-os-trabalhadores\/\",\"url\":\"https:\/\/www.sitsesp.org.br\/novo\/fundacao-casa-sendo-fundacao-casa-mais-uma-arbitrariedade-contra-os-trabalhadores\/\",\"name\":\"FUNDA\u00c7\u00c3O CASA SENDO FUNDA\u00c7\u00c3O CASA \u2013 MAIS UMA ARBITRARIEDADE CONTRA OS TRABALHADORES - SITSESP\",\"isPartOf\":{\"@id\":\"https:\/\/www.sitsesp.org.br\/novo\/#website\"},\"primaryImageOfPage\":{\"@id\":\"https:\/\/www.sitsesp.org.br\/novo\/fundacao-casa-sendo-fundacao-casa-mais-uma-arbitrariedade-contra-os-trabalhadores\/#primaryimage\"},\"image\":{\"@id\":\"https:\/\/www.sitsesp.org.br\/novo\/fundacao-casa-sendo-fundacao-casa-mais-uma-arbitrariedade-contra-os-trabalhadores\/#primaryimage\"},\"thumbnailUrl\":\"https:\/\/www.sitsesp.org.br\/novo\/wp-content\/uploads\/2023\/11\/2411.jpg\",\"datePublished\":\"2023-11-24T14:49:53+00:00\",\"dateModified\":\"2023-11-24T14:49:53+00:00\",\"breadcrumb\":{\"@id\":\"https:\/\/www.sitsesp.org.br\/novo\/fundacao-casa-sendo-fundacao-casa-mais-uma-arbitrariedade-contra-os-trabalhadores\/#breadcrumb\"},\"inLanguage\":\"pt-BR\",\"potentialAction\":[{\"@type\":\"ReadAction\",\"target\":[\"https:\/\/www.sitsesp.org.br\/novo\/fundacao-casa-sendo-fundacao-casa-mais-uma-arbitrariedade-contra-os-trabalhadores\/\"]}]},{\"@type\":\"ImageObject\",\"inLanguage\":\"pt-BR\",\"@id\":\"https:\/\/www.sitsesp.org.br\/novo\/fundacao-casa-sendo-fundacao-casa-mais-uma-arbitrariedade-contra-os-trabalhadores\/#primaryimage\",\"url\":\"https:\/\/www.sitsesp.org.br\/novo\/wp-content\/uploads\/2023\/11\/2411.jpg\",\"contentUrl\":\"https:\/\/www.sitsesp.org.br\/novo\/wp-content\/uploads\/2023\/11\/2411.jpg\",\"width\":800,\"height\":800},{\"@type\":\"BreadcrumbList\",\"@id\":\"https:\/\/www.sitsesp.org.br\/novo\/fundacao-casa-sendo-fundacao-casa-mais-uma-arbitrariedade-contra-os-trabalhadores\/#breadcrumb\",\"itemListElement\":[{\"@type\":\"ListItem\",\"position\":1,\"name\":\"In\u00edcio\",\"item\":\"https:\/\/www.sitsesp.org.br\/novo\/\"},{\"@type\":\"ListItem\",\"position\":2,\"name\":\"FUNDA\u00c7\u00c3O CASA SENDO FUNDA\u00c7\u00c3O CASA \u2013 MAIS UMA ARBITRARIEDADE CONTRA OS TRABALHADORES\"}]},{\"@type\":\"WebSite\",\"@id\":\"https:\/\/www.sitsesp.org.br\/novo\/#website\",\"url\":\"https:\/\/www.sitsesp.org.br\/novo\/\",\"name\":\"Sitsesp\",\"description\":\"SIndicato da Socioeduca\u00e7\u00e3o do Estado de S\u00e3o Paulo\",\"publisher\":{\"@id\":\"https:\/\/www.sitsesp.org.br\/novo\/#organization\"},\"potentialAction\":[{\"@type\":\"SearchAction\",\"target\":{\"@type\":\"EntryPoint\",\"urlTemplate\":\"https:\/\/www.sitsesp.org.br\/novo\/?s={search_term_string}\"},\"query-input\":\"required name=search_term_string\"}],\"inLanguage\":\"pt-BR\"},{\"@type\":\"Organization\",\"@id\":\"https:\/\/www.sitsesp.org.br\/novo\/#organization\",\"name\":\"Sitsesp\",\"url\":\"https:\/\/www.sitsesp.org.br\/novo\/\",\"logo\":{\"@type\":\"ImageObject\",\"inLanguage\":\"pt-BR\",\"@id\":\"https:\/\/www.sitsesp.org.br\/novo\/#\/schema\/logo\/image\/\",\"url\":\"https:\/\/www.sitsesp.org.br\/novo\/wp-content\/uploads\/2020\/09\/Design-sem-nome-1.jpg\",\"contentUrl\":\"https:\/\/www.sitsesp.org.br\/novo\/wp-content\/uploads\/2020\/09\/Design-sem-nome-1.jpg\",\"width\":300,\"height\":300,\"caption\":\"Sitsesp\"},\"image\":{\"@id\":\"https:\/\/www.sitsesp.org.br\/novo\/#\/schema\/logo\/image\/\"}},{\"@type\":\"Person\",\"@id\":\"https:\/\/www.sitsesp.org.br\/novo\/#\/schema\/person\/28e42eec160f373e81d0183b3643edbf\",\"name\":\"imprensa\",\"image\":{\"@type\":\"ImageObject\",\"inLanguage\":\"pt-BR\",\"@id\":\"https:\/\/www.sitsesp.org.br\/novo\/#\/schema\/person\/image\/\",\"url\":\"https:\/\/secure.gravatar.com\/avatar\/8d6ccd8d7d52b8959f34154e87d3fa29?s=96&d=mm&r=g\",\"contentUrl\":\"https:\/\/secure.gravatar.com\/avatar\/8d6ccd8d7d52b8959f34154e87d3fa29?s=96&d=mm&r=g\",\"caption\":\"imprensa\"}}]}<\/script>\n<!-- \/ Yoast SEO plugin. -->","yoast_head_json":{"title":"FUNDA\u00c7\u00c3O CASA SENDO FUNDA\u00c7\u00c3O CASA \u2013 MAIS UMA ARBITRARIEDADE CONTRA OS TRABALHADORES - SITSESP","robots":{"index":"index","follow":"follow","max-snippet":"max-snippet:-1","max-image-preview":"max-image-preview:large","max-video-preview":"max-video-preview:-1"},"canonical":"https:\/\/www.sitsesp.org.br\/novo\/fundacao-casa-sendo-fundacao-casa-mais-uma-arbitrariedade-contra-os-trabalhadores\/","og_locale":"pt_BR","og_type":"article","og_title":"FUNDA\u00c7\u00c3O CASA SENDO FUNDA\u00c7\u00c3O CASA \u2013 MAIS UMA ARBITRARIEDADE CONTRA OS TRABALHADORES - SITSESP","og_description":"FA\u00c7A A DIFEREN\u00c7A. FA\u00c7A DIFERENTE. Vamos come\u00e7ar esta mat\u00e9ria com o slogan que a Funda\u00e7\u00e3o CASA adotou para este projeto piloto&hellip;","og_url":"https:\/\/www.sitsesp.org.br\/novo\/fundacao-casa-sendo-fundacao-casa-mais-uma-arbitrariedade-contra-os-trabalhadores\/","og_site_name":"SITSESP","article_published_time":"2023-11-24T14:49:53+00:00","og_image":[{"width":800,"height":800,"url":"https:\/\/www.sitsesp.org.br\/novo\/wp-content\/uploads\/2023\/11\/2411.jpg","type":"image\/jpeg"}],"author":"imprensa","twitter_card":"summary_large_image","twitter_misc":{"Escrito por":"imprensa","Est. tempo de leitura":"4 minutos"},"schema":{"@context":"https:\/\/schema.org","@graph":[{"@type":"Article","@id":"https:\/\/www.sitsesp.org.br\/novo\/fundacao-casa-sendo-fundacao-casa-mais-uma-arbitrariedade-contra-os-trabalhadores\/#article","isPartOf":{"@id":"https:\/\/www.sitsesp.org.br\/novo\/fundacao-casa-sendo-fundacao-casa-mais-uma-arbitrariedade-contra-os-trabalhadores\/"},"author":{"name":"imprensa","@id":"https:\/\/www.sitsesp.org.br\/novo\/#\/schema\/person\/28e42eec160f373e81d0183b3643edbf"},"headline":"FUNDA\u00c7\u00c3O CASA SENDO FUNDA\u00c7\u00c3O CASA \u2013 MAIS UMA ARBITRARIEDADE CONTRA OS TRABALHADORES","datePublished":"2023-11-24T14:49:53+00:00","dateModified":"2023-11-24T14:49:53+00:00","mainEntityOfPage":{"@id":"https:\/\/www.sitsesp.org.br\/novo\/fundacao-casa-sendo-fundacao-casa-mais-uma-arbitrariedade-contra-os-trabalhadores\/"},"wordCount":724,"commentCount":0,"publisher":{"@id":"https:\/\/www.sitsesp.org.br\/novo\/#organization"},"image":{"@id":"https:\/\/www.sitsesp.org.br\/novo\/fundacao-casa-sendo-fundacao-casa-mais-uma-arbitrariedade-contra-os-trabalhadores\/#primaryimage"},"thumbnailUrl":"https:\/\/www.sitsesp.org.br\/novo\/wp-content\/uploads\/2023\/11\/2411.jpg","articleSection":["Destaque","Noticias"],"inLanguage":"pt-BR","potentialAction":[{"@type":"CommentAction","name":"Comment","target":["https:\/\/www.sitsesp.org.br\/novo\/fundacao-casa-sendo-fundacao-casa-mais-uma-arbitrariedade-contra-os-trabalhadores\/#respond"]}]},{"@type":"WebPage","@id":"https:\/\/www.sitsesp.org.br\/novo\/fundacao-casa-sendo-fundacao-casa-mais-uma-arbitrariedade-contra-os-trabalhadores\/","url":"https:\/\/www.sitsesp.org.br\/novo\/fundacao-casa-sendo-fundacao-casa-mais-uma-arbitrariedade-contra-os-trabalhadores\/","name":"FUNDA\u00c7\u00c3O CASA SENDO FUNDA\u00c7\u00c3O CASA \u2013 MAIS UMA ARBITRARIEDADE CONTRA OS TRABALHADORES - SITSESP","isPartOf":{"@id":"https:\/\/www.sitsesp.org.br\/novo\/#website"},"primaryImageOfPage":{"@id":"https:\/\/www.sitsesp.org.br\/novo\/fundacao-casa-sendo-fundacao-casa-mais-uma-arbitrariedade-contra-os-trabalhadores\/#primaryimage"},"image":{"@id":"https:\/\/www.sitsesp.org.br\/novo\/fundacao-casa-sendo-fundacao-casa-mais-uma-arbitrariedade-contra-os-trabalhadores\/#primaryimage"},"thumbnailUrl":"https:\/\/www.sitsesp.org.br\/novo\/wp-content\/uploads\/2023\/11\/2411.jpg","datePublished":"2023-11-24T14:49:53+00:00","dateModified":"2023-11-24T14:49:53+00:00","breadcrumb":{"@id":"https:\/\/www.sitsesp.org.br\/novo\/fundacao-casa-sendo-fundacao-casa-mais-uma-arbitrariedade-contra-os-trabalhadores\/#breadcrumb"},"inLanguage":"pt-BR","potentialAction":[{"@type":"ReadAction","target":["https:\/\/www.sitsesp.org.br\/novo\/fundacao-casa-sendo-fundacao-casa-mais-uma-arbitrariedade-contra-os-trabalhadores\/"]}]},{"@type":"ImageObject","inLanguage":"pt-BR","@id":"https:\/\/www.sitsesp.org.br\/novo\/fundacao-casa-sendo-fundacao-casa-mais-uma-arbitrariedade-contra-os-trabalhadores\/#primaryimage","url":"https:\/\/www.sitsesp.org.br\/novo\/wp-content\/uploads\/2023\/11\/2411.jpg","contentUrl":"https:\/\/www.sitsesp.org.br\/novo\/wp-content\/uploads\/2023\/11\/2411.jpg","width":800,"height":800},{"@type":"BreadcrumbList","@id":"https:\/\/www.sitsesp.org.br\/novo\/fundacao-casa-sendo-fundacao-casa-mais-uma-arbitrariedade-contra-os-trabalhadores\/#breadcrumb","itemListElement":[{"@type":"ListItem","position":1,"name":"In\u00edcio","item":"https:\/\/www.sitsesp.org.br\/novo\/"},{"@type":"ListItem","position":2,"name":"FUNDA\u00c7\u00c3O CASA SENDO FUNDA\u00c7\u00c3O CASA \u2013 MAIS UMA ARBITRARIEDADE CONTRA OS TRABALHADORES"}]},{"@type":"WebSite","@id":"https:\/\/www.sitsesp.org.br\/novo\/#website","url":"https:\/\/www.sitsesp.org.br\/novo\/","name":"Sitsesp","description":"SIndicato da Socioeduca\u00e7\u00e3o do Estado de S\u00e3o Paulo","publisher":{"@id":"https:\/\/www.sitsesp.org.br\/novo\/#organization"},"potentialAction":[{"@type":"SearchAction","target":{"@type":"EntryPoint","urlTemplate":"https:\/\/www.sitsesp.org.br\/novo\/?s={search_term_string}"},"query-input":"required name=search_term_string"}],"inLanguage":"pt-BR"},{"@type":"Organization","@id":"https:\/\/www.sitsesp.org.br\/novo\/#organization","name":"Sitsesp","url":"https:\/\/www.sitsesp.org.br\/novo\/","logo":{"@type":"ImageObject","inLanguage":"pt-BR","@id":"https:\/\/www.sitsesp.org.br\/novo\/#\/schema\/logo\/image\/","url":"https:\/\/www.sitsesp.org.br\/novo\/wp-content\/uploads\/2020\/09\/Design-sem-nome-1.jpg","contentUrl":"https:\/\/www.sitsesp.org.br\/novo\/wp-content\/uploads\/2020\/09\/Design-sem-nome-1.jpg","width":300,"height":300,"caption":"Sitsesp"},"image":{"@id":"https:\/\/www.sitsesp.org.br\/novo\/#\/schema\/logo\/image\/"}},{"@type":"Person","@id":"https:\/\/www.sitsesp.org.br\/novo\/#\/schema\/person\/28e42eec160f373e81d0183b3643edbf","name":"imprensa","image":{"@type":"ImageObject","inLanguage":"pt-BR","@id":"https:\/\/www.sitsesp.org.br\/novo\/#\/schema\/person\/image\/","url":"https:\/\/secure.gravatar.com\/avatar\/8d6ccd8d7d52b8959f34154e87d3fa29?s=96&d=mm&r=g","contentUrl":"https:\/\/secure.gravatar.com\/avatar\/8d6ccd8d7d52b8959f34154e87d3fa29?s=96&d=mm&r=g","caption":"imprensa"}}]}},"_links":{"self":[{"href":"https:\/\/www.sitsesp.org.br\/novo\/wp-json\/wp\/v2\/posts\/12680"}],"collection":[{"href":"https:\/\/www.sitsesp.org.br\/novo\/wp-json\/wp\/v2\/posts"}],"about":[{"href":"https:\/\/www.sitsesp.org.br\/novo\/wp-json\/wp\/v2\/types\/post"}],"author":[{"embeddable":true,"href":"https:\/\/www.sitsesp.org.br\/novo\/wp-json\/wp\/v2\/users\/5"}],"replies":[{"embeddable":true,"href":"https:\/\/www.sitsesp.org.br\/novo\/wp-json\/wp\/v2\/comments?post=12680"}],"version-history":[{"count":1,"href":"https:\/\/www.sitsesp.org.br\/novo\/wp-json\/wp\/v2\/posts\/12680\/revisions"}],"predecessor-version":[{"id":12683,"href":"https:\/\/www.sitsesp.org.br\/novo\/wp-json\/wp\/v2\/posts\/12680\/revisions\/12683"}],"wp:featuredmedia":[{"embeddable":true,"href":"https:\/\/www.sitsesp.org.br\/novo\/wp-json\/wp\/v2\/media\/12682"}],"wp:attachment":[{"href":"https:\/\/www.sitsesp.org.br\/novo\/wp-json\/wp\/v2\/media?parent=12680"}],"wp:term":[{"taxonomy":"category","embeddable":true,"href":"https:\/\/www.sitsesp.org.br\/novo\/wp-json\/wp\/v2\/categories?post=12680"},{"taxonomy":"post_tag","embeddable":true,"href":"https:\/\/www.sitsesp.org.br\/novo\/wp-json\/wp\/v2\/tags?post=12680"}],"curies":[{"name":"wp","href":"https:\/\/api.w.org\/{rel}","templated":true}]}}