{"id":13559,"date":"2024-03-05T15:12:37","date_gmt":"2024-03-05T18:12:37","guid":{"rendered":"https:\/\/sitsesp.org.br\/novo\/?p=13559"},"modified":"2024-03-05T15:12:58","modified_gmt":"2024-03-05T18:12:58","slug":"aaspsi-brasil-sp-parceria-publico-privada-na-fundacao-casa-e-alvo-de-criticas-em-audiencia-publica","status":"publish","type":"post","link":"https:\/\/www.sitsesp.org.br\/novo\/aaspsi-brasil-sp-parceria-publico-privada-na-fundacao-casa-e-alvo-de-criticas-em-audiencia-publica\/","title":{"rendered":"AASPSI BRASIL | SP: Parceria P\u00fablico-Privada na Funda\u00e7\u00e3o Casa \u00e9 alvo de cr\u00edticas em audi\u00eancia p\u00fablica"},"content":{"rendered":"<p><!-- VideographyWP Plugin Message: Automatic video embedding prevented by plugin options. --><br \/>\n<em><strong>Fonte:<\/strong> <a href=\"https:\/\/aaspsibrasil.org.br\/sp-parceria-publico-privada-na-fundacao-casa-e-alvo-de-criticas-em-audiencia-publica\/\">https:\/\/aaspsibrasil.org.br\/sp-parceria-publico-privada-na-fundacao-casa-e-alvo-de-criticas-em-audiencia-publica\/<\/a><\/em><\/p>\n<p><em>Participantes apontam falta de clareza no projeto, representantes do Executivo n\u00e3o compareceram<\/em><\/p>\n<p><img fetchpriority=\"high\" decoding=\"async\" class=\"alignnone size-full wp-image-13533\" src=\"https:\/\/sitsesp.org.br\/novo\/wp-content\/uploads\/2024\/03\/WhatsApp-Image-2024-02-29-at-19.35.36.jpeg\" alt=\"\" width=\"800\" height=\"600\" srcset=\"https:\/\/www.sitsesp.org.br\/novo\/wp-content\/uploads\/2024\/03\/WhatsApp-Image-2024-02-29-at-19.35.36.jpeg 800w, https:\/\/www.sitsesp.org.br\/novo\/wp-content\/uploads\/2024\/03\/WhatsApp-Image-2024-02-29-at-19.35.36-300x225.jpeg 300w, https:\/\/www.sitsesp.org.br\/novo\/wp-content\/uploads\/2024\/03\/WhatsApp-Image-2024-02-29-at-19.35.36-768x576.jpeg 768w, https:\/\/www.sitsesp.org.br\/novo\/wp-content\/uploads\/2024\/03\/WhatsApp-Image-2024-02-29-at-19.35.36-585x439.jpeg 585w\" sizes=\"(max-width: 800px) 100vw, 800px\" \/><\/p>\n<p>Na \u00faltima quinta-feira (29\/02), ocorreu na Assembleia Legislativa de S\u00e3o Paulo uma audi\u00eancia p\u00fablica para debater a proposta do Executivo de transformar a gest\u00e3o da Funda\u00e7\u00e3o Casa em uma Parceria P\u00fablico-Privada (PPP). O debate, proposto pelo deputado estadual Eduardo Suplicy (PT) teve por objetivo cobrar do governo estadual detalhes sobre o que ir\u00e1 acontecer com as\/os.<\/p>\n<p>adolescentes ligadas\/os ao sistema e ouvir as\/os servidoras\/es da Funda\u00e7\u00e3o.<\/p>\n<p>Al\u00e9m do parlamentar proponente da audi\u00eancia, tamb\u00e9m participaram as\/os deputadas\/os do PSOL Guilherme Cortez, Monica Seixas e Carlos Giannazzi e o vereador Julio Cezar de Andrade, do Mandato Coletivo Quilombo Perif\u00e9rico. Trabalhadoras\/es e representantes de diversos setores da sociedade civil tamb\u00e9m compareceram.<\/p>\n<p>Suplicy lamentou a aus\u00eancia das\/os representantes da Secretaria da Justi\u00e7a e Cidadania do Estado de S\u00e3o Paulo, \u00e0 qual a Funda\u00e7\u00e3o Casa est\u00e1 subordinada. \u201cO di\u00e1logo \u00e9 imprescind\u00edvel para que a Funda\u00e7\u00e3o cumpra sua miss\u00e3o essencial de assegurar os direitos das\/os adolescentes em cumprimento de medidas de restri\u00e7\u00e3o ou priva\u00e7\u00e3o de liberdade, bem como um processo pedag\u00f3gico de qualidade e emancipador\u201d, exp\u00f4s.<\/p>\n<p><strong>Fechamento de unidades<\/strong><\/p>\n<p>Entre os pontos mais controversos do projeto, est\u00e3o os recentes fechamentos de unidades pelo interior e o programa de demiss\u00e3o volunt\u00e1ria que vem sendo proposto \u00e0s\/aos trabalhadoras\/es.<\/p>\n<p>\u201cSe for feita a Parceria P\u00fablico-Privada, qual ser\u00e1 a natureza e a responsabilidade do Governo do Estado em assegurar um melhor tratamento poss\u00edvel para a forma\u00e7\u00e3o dos jovens que est\u00e3o na Funda\u00e7\u00e3o Casa?\u201d, questionou Suplicy. \u201cA Assembleia Legislativa tem a responsabilidade de verificar o andamento de cada institui\u00e7\u00e3o governamental e a Funda\u00e7\u00e3o Casa \u00e9 uma das principais, aquela que \u00e9 respons\u00e1vel por cuidar dos jovens que, em algum momento da vida, cometeram uma infra\u00e7\u00e3o e precisam passar pela ressocializa\u00e7\u00e3o. Esta audi\u00eancia p\u00fablica tem o prop\u00f3sito de conhecer melhor como tudo est\u00e1 funcionando no momento\u201d, completou o deputado.<\/p>\n<p>\u201cEssa proposta, na verdade, \u00e9 a privatiza\u00e7\u00e3o da Funda\u00e7\u00e3o. Eles usam este eufemismo de PPP, mas \u00e9 a privatiza\u00e7\u00e3o. Faz parte de um programa de privatiza\u00e7\u00f5es e terceiriza\u00e7\u00f5es do governo Tarcisio que est\u00e1 privatizando tudo o que ele encontra pela frente\u201d, defendeu Giannazzi.<\/p>\n<p><strong>A vis\u00e3o das\/os servidoras\/es<\/strong><\/p>\n<p>Representando a categoria, a presidente do Sindicato dos Trabalhadores nas Funda\u00e7\u00f5es P\u00fablicas de Atendimento Socioeducativo ao Adolescente em Priva\u00e7\u00e3o de Liberdade do Estado de S\u00e3o Paulo (Sitsesp), Cla\u00fadia Maria Jesus, apontou que \u201co governo lan\u00e7ou no Di\u00e1rio Oficial a realiza\u00e7\u00e3o de um estudo para fazer uma Parceria P\u00fablico-Privada dentro da institui\u00e7\u00e3o, mas n\u00e3o existe uma clareza sobre o que se pretende fazer. Como os adolescentes ser\u00e3o tratados? E os servidores, como ser\u00e3o pagos?\u201d. Para ela, o programa de demiss\u00e3o volunt\u00e1ria e o fechamento de unidades tem por objetivo apenas \u201cenxugar o sistema\u201d.<\/p>\n<p><strong>Falta de clareza<\/strong><\/p>\n<p>A falta de clareza no projeto divulgado pelo governo n\u00e3o causou estranheza apenas \u00e0s\/aos parlamentares e servidoras\/es, mas tamb\u00e9m em outros setores, como por exemplo, a Defensoria P\u00fablica. Ligia Mafei Guidi, defensora p\u00fablica e coordenadora do N\u00facleo Especializado de Inf\u00e2ncia e Juventude (NEIJ), falou sobre as d\u00favidas que a not\u00edcia trouxe. \u201cPara n\u00f3s, ainda n\u00e3o ficou muito claro qual seria o objeto disso. Nossa preocupa\u00e7\u00e3o \u00e9 em rela\u00e7\u00e3o \u00e0 atividade final do sistema socioeducativo. N\u00f3s, enquanto Defensoria, entendemos que isso n\u00e3o pode ser concedido \u00e0 iniciativa privada\u201d, explicou. Ligia informou que a Defensoria P\u00fablica oficiou o governo, mas as respostas foram vagas e n\u00e3o esclareceram se apenas as atividades meio ser\u00e3o alvo da parceria ou se o projeto envolveria tamb\u00e9m as atividades fim.<\/p>\n<p>Cl\u00e1udio Augusto Vieira da Silva, secret\u00e1rio nacional dos Direitos da Crian\u00e7a e do Adolescente, na ocasi\u00e3o representando tamb\u00e9m o Minist\u00e9rio dos Direitos Humanos e Cidadania manifestou contrariedade ao projeto. \u201cEm nome do sistema de Garantia de Direitos, quero deixar bem claro aqui a nossa posi\u00e7\u00e3o absolutamente contr\u00e1ria \u00e0 uma pol\u00edtica de privatiza\u00e7\u00e3o das medidas socioeducativas. Temos a obriga\u00e7\u00e3o de estarmos juntas\/os para podermos enfrentar essa coisa muito maior que promove a vulnerabilidade das crian\u00e7as e adolescentes, al\u00e9m da precariza\u00e7\u00e3o do trabalho das\/os servidoras\/es\u201d, disse.<\/p>\n<p><strong>Posicionamento da AASPSI Brasil<\/strong><\/p>\n<p>A AASPSI Brasil, enquanto entidade que representa assistentes sociais e psic\u00f3logas\/os da \u00e1rea sociojur\u00eddica e que tem entre suas premissas a defesa do Servi\u00e7o P\u00fablico, das\/os servidoras\/es e dos Direitos Humanos, tamb\u00e9m manifesta sua preocupa\u00e7\u00e3o com o projeto pretendido pelo governo de S\u00e3o Paulo e com a falta de transpar\u00eancia com que a quest\u00e3o vem sendo tratada.<\/p>\n<p>Somos contr\u00e1rias\/os a qualquer tipo de terceiriza\u00e7\u00e3o e privatiza\u00e7\u00f5es na Funda\u00e7\u00e3o Casa, bem como ao fechamento de unidades e cortes nos recursos humanos na institui\u00e7\u00e3o. A aus\u00eancia de representantes do Executivo na audi\u00eancia p\u00fablica \u00e9 um desrespeito ao Legislativo que promoveu o evento, \u00e0s\/aos trabalhadoras\/es e \u00e0 sociedade.<\/p>\n","protected":false},"excerpt":{"rendered":"<p>Fonte: https:\/\/aaspsibrasil.org.br\/sp-parceria-publico-privada-na-fundacao-casa-e-alvo-de-criticas-em-audiencia-publica\/ Participantes apontam falta de clareza no projeto, representantes do Executivo n\u00e3o compareceram Na \u00faltima quinta-feira (29\/02), ocorreu na Assembleia&hellip;<\/p>\n","protected":false},"author":5,"featured_media":13539,"comment_status":"open","ping_status":"open","sticky":false,"template":"","format":"standard","meta":{"cybocfi_hide_featured_image":"","footnotes":""},"categories":[22],"tags":[],"yoast_head":"<!-- This site is optimized with the Yoast SEO plugin v22.8 - https:\/\/yoast.com\/wordpress\/plugins\/seo\/ -->\n<title>AASPSI BRASIL | SP: Parceria P\u00fablico-Privada na Funda\u00e7\u00e3o Casa \u00e9 alvo de cr\u00edticas em audi\u00eancia p\u00fablica - SITSESP<\/title>\n<meta name=\"robots\" content=\"index, follow, max-snippet:-1, max-image-preview:large, max-video-preview:-1\" \/>\n<link rel=\"canonical\" href=\"https:\/\/www.sitsesp.org.br\/novo\/aaspsi-brasil-sp-parceria-publico-privada-na-fundacao-casa-e-alvo-de-criticas-em-audiencia-publica\/\" \/>\n<meta property=\"og:locale\" content=\"pt_BR\" \/>\n<meta property=\"og:type\" content=\"article\" \/>\n<meta property=\"og:title\" content=\"AASPSI BRASIL | SP: Parceria P\u00fablico-Privada na Funda\u00e7\u00e3o Casa \u00e9 alvo de cr\u00edticas em audi\u00eancia p\u00fablica - SITSESP\" \/>\n<meta property=\"og:description\" content=\"Fonte: https:\/\/aaspsibrasil.org.br\/sp-parceria-publico-privada-na-fundacao-casa-e-alvo-de-criticas-em-audiencia-publica\/ Participantes apontam falta de clareza no projeto, representantes do Executivo n\u00e3o compareceram Na \u00faltima quinta-feira (29\/02), ocorreu na Assembleia&hellip;\" \/>\n<meta property=\"og:url\" content=\"https:\/\/www.sitsesp.org.br\/novo\/aaspsi-brasil-sp-parceria-publico-privada-na-fundacao-casa-e-alvo-de-criticas-em-audiencia-publica\/\" \/>\n<meta property=\"og:site_name\" content=\"SITSESP\" \/>\n<meta property=\"article:published_time\" content=\"2024-03-05T18:12:37+00:00\" \/>\n<meta property=\"article:modified_time\" content=\"2024-03-05T18:12:58+00:00\" \/>\n<meta property=\"og:image\" content=\"https:\/\/www.sitsesp.org.br\/novo\/wp-content\/uploads\/2024\/03\/WhatsApp-Image-2024-02-29-at-21.22.48-1.jpeg\" \/>\n\t<meta property=\"og:image:width\" content=\"800\" \/>\n\t<meta property=\"og:image:height\" content=\"450\" \/>\n\t<meta property=\"og:image:type\" content=\"image\/jpeg\" \/>\n<meta name=\"author\" content=\"imprensa\" \/>\n<meta name=\"twitter:card\" content=\"summary_large_image\" \/>\n<meta name=\"twitter:label1\" content=\"Escrito por\" \/>\n\t<meta name=\"twitter:data1\" content=\"imprensa\" \/>\n\t<meta name=\"twitter:label2\" content=\"Est. tempo de leitura\" \/>\n\t<meta name=\"twitter:data2\" content=\"4 minutos\" \/>\n<script type=\"application\/ld+json\" class=\"yoast-schema-graph\">{\"@context\":\"https:\/\/schema.org\",\"@graph\":[{\"@type\":\"Article\",\"@id\":\"https:\/\/www.sitsesp.org.br\/novo\/aaspsi-brasil-sp-parceria-publico-privada-na-fundacao-casa-e-alvo-de-criticas-em-audiencia-publica\/#article\",\"isPartOf\":{\"@id\":\"https:\/\/www.sitsesp.org.br\/novo\/aaspsi-brasil-sp-parceria-publico-privada-na-fundacao-casa-e-alvo-de-criticas-em-audiencia-publica\/\"},\"author\":{\"name\":\"imprensa\",\"@id\":\"https:\/\/www.sitsesp.org.br\/novo\/#\/schema\/person\/28e42eec160f373e81d0183b3643edbf\"},\"headline\":\"AASPSI BRASIL | SP: Parceria P\u00fablico-Privada na Funda\u00e7\u00e3o Casa \u00e9 alvo de cr\u00edticas em audi\u00eancia p\u00fablica\",\"datePublished\":\"2024-03-05T18:12:37+00:00\",\"dateModified\":\"2024-03-05T18:12:58+00:00\",\"mainEntityOfPage\":{\"@id\":\"https:\/\/www.sitsesp.org.br\/novo\/aaspsi-brasil-sp-parceria-publico-privada-na-fundacao-casa-e-alvo-de-criticas-em-audiencia-publica\/\"},\"wordCount\":914,\"commentCount\":0,\"publisher\":{\"@id\":\"https:\/\/www.sitsesp.org.br\/novo\/#organization\"},\"image\":{\"@id\":\"https:\/\/www.sitsesp.org.br\/novo\/aaspsi-brasil-sp-parceria-publico-privada-na-fundacao-casa-e-alvo-de-criticas-em-audiencia-publica\/#primaryimage\"},\"thumbnailUrl\":\"https:\/\/www.sitsesp.org.br\/novo\/wp-content\/uploads\/2024\/03\/WhatsApp-Image-2024-02-29-at-21.22.48-1.jpeg\",\"articleSection\":[\"Noticias\"],\"inLanguage\":\"pt-BR\",\"potentialAction\":[{\"@type\":\"CommentAction\",\"name\":\"Comment\",\"target\":[\"https:\/\/www.sitsesp.org.br\/novo\/aaspsi-brasil-sp-parceria-publico-privada-na-fundacao-casa-e-alvo-de-criticas-em-audiencia-publica\/#respond\"]}]},{\"@type\":\"WebPage\",\"@id\":\"https:\/\/www.sitsesp.org.br\/novo\/aaspsi-brasil-sp-parceria-publico-privada-na-fundacao-casa-e-alvo-de-criticas-em-audiencia-publica\/\",\"url\":\"https:\/\/www.sitsesp.org.br\/novo\/aaspsi-brasil-sp-parceria-publico-privada-na-fundacao-casa-e-alvo-de-criticas-em-audiencia-publica\/\",\"name\":\"AASPSI BRASIL | SP: Parceria P\u00fablico-Privada na Funda\u00e7\u00e3o Casa \u00e9 alvo de cr\u00edticas em audi\u00eancia p\u00fablica - SITSESP\",\"isPartOf\":{\"@id\":\"https:\/\/www.sitsesp.org.br\/novo\/#website\"},\"primaryImageOfPage\":{\"@id\":\"https:\/\/www.sitsesp.org.br\/novo\/aaspsi-brasil-sp-parceria-publico-privada-na-fundacao-casa-e-alvo-de-criticas-em-audiencia-publica\/#primaryimage\"},\"image\":{\"@id\":\"https:\/\/www.sitsesp.org.br\/novo\/aaspsi-brasil-sp-parceria-publico-privada-na-fundacao-casa-e-alvo-de-criticas-em-audiencia-publica\/#primaryimage\"},\"thumbnailUrl\":\"https:\/\/www.sitsesp.org.br\/novo\/wp-content\/uploads\/2024\/03\/WhatsApp-Image-2024-02-29-at-21.22.48-1.jpeg\",\"datePublished\":\"2024-03-05T18:12:37+00:00\",\"dateModified\":\"2024-03-05T18:12:58+00:00\",\"breadcrumb\":{\"@id\":\"https:\/\/www.sitsesp.org.br\/novo\/aaspsi-brasil-sp-parceria-publico-privada-na-fundacao-casa-e-alvo-de-criticas-em-audiencia-publica\/#breadcrumb\"},\"inLanguage\":\"pt-BR\",\"potentialAction\":[{\"@type\":\"ReadAction\",\"target\":[\"https:\/\/www.sitsesp.org.br\/novo\/aaspsi-brasil-sp-parceria-publico-privada-na-fundacao-casa-e-alvo-de-criticas-em-audiencia-publica\/\"]}]},{\"@type\":\"ImageObject\",\"inLanguage\":\"pt-BR\",\"@id\":\"https:\/\/www.sitsesp.org.br\/novo\/aaspsi-brasil-sp-parceria-publico-privada-na-fundacao-casa-e-alvo-de-criticas-em-audiencia-publica\/#primaryimage\",\"url\":\"https:\/\/www.sitsesp.org.br\/novo\/wp-content\/uploads\/2024\/03\/WhatsApp-Image-2024-02-29-at-21.22.48-1.jpeg\",\"contentUrl\":\"https:\/\/www.sitsesp.org.br\/novo\/wp-content\/uploads\/2024\/03\/WhatsApp-Image-2024-02-29-at-21.22.48-1.jpeg\",\"width\":800,\"height\":450},{\"@type\":\"BreadcrumbList\",\"@id\":\"https:\/\/www.sitsesp.org.br\/novo\/aaspsi-brasil-sp-parceria-publico-privada-na-fundacao-casa-e-alvo-de-criticas-em-audiencia-publica\/#breadcrumb\",\"itemListElement\":[{\"@type\":\"ListItem\",\"position\":1,\"name\":\"In\u00edcio\",\"item\":\"https:\/\/www.sitsesp.org.br\/novo\/\"},{\"@type\":\"ListItem\",\"position\":2,\"name\":\"AASPSI BRASIL | SP: Parceria P\u00fablico-Privada na Funda\u00e7\u00e3o Casa \u00e9 alvo de cr\u00edticas em audi\u00eancia p\u00fablica\"}]},{\"@type\":\"WebSite\",\"@id\":\"https:\/\/www.sitsesp.org.br\/novo\/#website\",\"url\":\"https:\/\/www.sitsesp.org.br\/novo\/\",\"name\":\"Sitsesp\",\"description\":\"SIndicato da Socioeduca\u00e7\u00e3o do Estado de S\u00e3o Paulo\",\"publisher\":{\"@id\":\"https:\/\/www.sitsesp.org.br\/novo\/#organization\"},\"potentialAction\":[{\"@type\":\"SearchAction\",\"target\":{\"@type\":\"EntryPoint\",\"urlTemplate\":\"https:\/\/www.sitsesp.org.br\/novo\/?s={search_term_string}\"},\"query-input\":\"required name=search_term_string\"}],\"inLanguage\":\"pt-BR\"},{\"@type\":\"Organization\",\"@id\":\"https:\/\/www.sitsesp.org.br\/novo\/#organization\",\"name\":\"Sitsesp\",\"url\":\"https:\/\/www.sitsesp.org.br\/novo\/\",\"logo\":{\"@type\":\"ImageObject\",\"inLanguage\":\"pt-BR\",\"@id\":\"https:\/\/www.sitsesp.org.br\/novo\/#\/schema\/logo\/image\/\",\"url\":\"https:\/\/www.sitsesp.org.br\/novo\/wp-content\/uploads\/2020\/09\/Design-sem-nome-1.jpg\",\"contentUrl\":\"https:\/\/www.sitsesp.org.br\/novo\/wp-content\/uploads\/2020\/09\/Design-sem-nome-1.jpg\",\"width\":300,\"height\":300,\"caption\":\"Sitsesp\"},\"image\":{\"@id\":\"https:\/\/www.sitsesp.org.br\/novo\/#\/schema\/logo\/image\/\"}},{\"@type\":\"Person\",\"@id\":\"https:\/\/www.sitsesp.org.br\/novo\/#\/schema\/person\/28e42eec160f373e81d0183b3643edbf\",\"name\":\"imprensa\",\"image\":{\"@type\":\"ImageObject\",\"inLanguage\":\"pt-BR\",\"@id\":\"https:\/\/www.sitsesp.org.br\/novo\/#\/schema\/person\/image\/\",\"url\":\"https:\/\/secure.gravatar.com\/avatar\/8d6ccd8d7d52b8959f34154e87d3fa29?s=96&d=mm&r=g\",\"contentUrl\":\"https:\/\/secure.gravatar.com\/avatar\/8d6ccd8d7d52b8959f34154e87d3fa29?s=96&d=mm&r=g\",\"caption\":\"imprensa\"}}]}<\/script>\n<!-- \/ Yoast SEO plugin. -->","yoast_head_json":{"title":"AASPSI BRASIL | SP: Parceria P\u00fablico-Privada na Funda\u00e7\u00e3o Casa \u00e9 alvo de cr\u00edticas em audi\u00eancia p\u00fablica - SITSESP","robots":{"index":"index","follow":"follow","max-snippet":"max-snippet:-1","max-image-preview":"max-image-preview:large","max-video-preview":"max-video-preview:-1"},"canonical":"https:\/\/www.sitsesp.org.br\/novo\/aaspsi-brasil-sp-parceria-publico-privada-na-fundacao-casa-e-alvo-de-criticas-em-audiencia-publica\/","og_locale":"pt_BR","og_type":"article","og_title":"AASPSI BRASIL | SP: Parceria P\u00fablico-Privada na Funda\u00e7\u00e3o Casa \u00e9 alvo de cr\u00edticas em audi\u00eancia p\u00fablica - SITSESP","og_description":"Fonte: https:\/\/aaspsibrasil.org.br\/sp-parceria-publico-privada-na-fundacao-casa-e-alvo-de-criticas-em-audiencia-publica\/ Participantes apontam falta de clareza no projeto, representantes do Executivo n\u00e3o compareceram Na \u00faltima quinta-feira (29\/02), ocorreu na Assembleia&hellip;","og_url":"https:\/\/www.sitsesp.org.br\/novo\/aaspsi-brasil-sp-parceria-publico-privada-na-fundacao-casa-e-alvo-de-criticas-em-audiencia-publica\/","og_site_name":"SITSESP","article_published_time":"2024-03-05T18:12:37+00:00","article_modified_time":"2024-03-05T18:12:58+00:00","og_image":[{"width":800,"height":450,"url":"https:\/\/www.sitsesp.org.br\/novo\/wp-content\/uploads\/2024\/03\/WhatsApp-Image-2024-02-29-at-21.22.48-1.jpeg","type":"image\/jpeg"}],"author":"imprensa","twitter_card":"summary_large_image","twitter_misc":{"Escrito por":"imprensa","Est. tempo de leitura":"4 minutos"},"schema":{"@context":"https:\/\/schema.org","@graph":[{"@type":"Article","@id":"https:\/\/www.sitsesp.org.br\/novo\/aaspsi-brasil-sp-parceria-publico-privada-na-fundacao-casa-e-alvo-de-criticas-em-audiencia-publica\/#article","isPartOf":{"@id":"https:\/\/www.sitsesp.org.br\/novo\/aaspsi-brasil-sp-parceria-publico-privada-na-fundacao-casa-e-alvo-de-criticas-em-audiencia-publica\/"},"author":{"name":"imprensa","@id":"https:\/\/www.sitsesp.org.br\/novo\/#\/schema\/person\/28e42eec160f373e81d0183b3643edbf"},"headline":"AASPSI BRASIL | SP: Parceria P\u00fablico-Privada na Funda\u00e7\u00e3o Casa \u00e9 alvo de cr\u00edticas em audi\u00eancia p\u00fablica","datePublished":"2024-03-05T18:12:37+00:00","dateModified":"2024-03-05T18:12:58+00:00","mainEntityOfPage":{"@id":"https:\/\/www.sitsesp.org.br\/novo\/aaspsi-brasil-sp-parceria-publico-privada-na-fundacao-casa-e-alvo-de-criticas-em-audiencia-publica\/"},"wordCount":914,"commentCount":0,"publisher":{"@id":"https:\/\/www.sitsesp.org.br\/novo\/#organization"},"image":{"@id":"https:\/\/www.sitsesp.org.br\/novo\/aaspsi-brasil-sp-parceria-publico-privada-na-fundacao-casa-e-alvo-de-criticas-em-audiencia-publica\/#primaryimage"},"thumbnailUrl":"https:\/\/www.sitsesp.org.br\/novo\/wp-content\/uploads\/2024\/03\/WhatsApp-Image-2024-02-29-at-21.22.48-1.jpeg","articleSection":["Noticias"],"inLanguage":"pt-BR","potentialAction":[{"@type":"CommentAction","name":"Comment","target":["https:\/\/www.sitsesp.org.br\/novo\/aaspsi-brasil-sp-parceria-publico-privada-na-fundacao-casa-e-alvo-de-criticas-em-audiencia-publica\/#respond"]}]},{"@type":"WebPage","@id":"https:\/\/www.sitsesp.org.br\/novo\/aaspsi-brasil-sp-parceria-publico-privada-na-fundacao-casa-e-alvo-de-criticas-em-audiencia-publica\/","url":"https:\/\/www.sitsesp.org.br\/novo\/aaspsi-brasil-sp-parceria-publico-privada-na-fundacao-casa-e-alvo-de-criticas-em-audiencia-publica\/","name":"AASPSI BRASIL | SP: Parceria P\u00fablico-Privada na Funda\u00e7\u00e3o Casa \u00e9 alvo de cr\u00edticas em audi\u00eancia p\u00fablica - SITSESP","isPartOf":{"@id":"https:\/\/www.sitsesp.org.br\/novo\/#website"},"primaryImageOfPage":{"@id":"https:\/\/www.sitsesp.org.br\/novo\/aaspsi-brasil-sp-parceria-publico-privada-na-fundacao-casa-e-alvo-de-criticas-em-audiencia-publica\/#primaryimage"},"image":{"@id":"https:\/\/www.sitsesp.org.br\/novo\/aaspsi-brasil-sp-parceria-publico-privada-na-fundacao-casa-e-alvo-de-criticas-em-audiencia-publica\/#primaryimage"},"thumbnailUrl":"https:\/\/www.sitsesp.org.br\/novo\/wp-content\/uploads\/2024\/03\/WhatsApp-Image-2024-02-29-at-21.22.48-1.jpeg","datePublished":"2024-03-05T18:12:37+00:00","dateModified":"2024-03-05T18:12:58+00:00","breadcrumb":{"@id":"https:\/\/www.sitsesp.org.br\/novo\/aaspsi-brasil-sp-parceria-publico-privada-na-fundacao-casa-e-alvo-de-criticas-em-audiencia-publica\/#breadcrumb"},"inLanguage":"pt-BR","potentialAction":[{"@type":"ReadAction","target":["https:\/\/www.sitsesp.org.br\/novo\/aaspsi-brasil-sp-parceria-publico-privada-na-fundacao-casa-e-alvo-de-criticas-em-audiencia-publica\/"]}]},{"@type":"ImageObject","inLanguage":"pt-BR","@id":"https:\/\/www.sitsesp.org.br\/novo\/aaspsi-brasil-sp-parceria-publico-privada-na-fundacao-casa-e-alvo-de-criticas-em-audiencia-publica\/#primaryimage","url":"https:\/\/www.sitsesp.org.br\/novo\/wp-content\/uploads\/2024\/03\/WhatsApp-Image-2024-02-29-at-21.22.48-1.jpeg","contentUrl":"https:\/\/www.sitsesp.org.br\/novo\/wp-content\/uploads\/2024\/03\/WhatsApp-Image-2024-02-29-at-21.22.48-1.jpeg","width":800,"height":450},{"@type":"BreadcrumbList","@id":"https:\/\/www.sitsesp.org.br\/novo\/aaspsi-brasil-sp-parceria-publico-privada-na-fundacao-casa-e-alvo-de-criticas-em-audiencia-publica\/#breadcrumb","itemListElement":[{"@type":"ListItem","position":1,"name":"In\u00edcio","item":"https:\/\/www.sitsesp.org.br\/novo\/"},{"@type":"ListItem","position":2,"name":"AASPSI BRASIL | SP: Parceria P\u00fablico-Privada na Funda\u00e7\u00e3o Casa \u00e9 alvo de cr\u00edticas em audi\u00eancia p\u00fablica"}]},{"@type":"WebSite","@id":"https:\/\/www.sitsesp.org.br\/novo\/#website","url":"https:\/\/www.sitsesp.org.br\/novo\/","name":"Sitsesp","description":"SIndicato da Socioeduca\u00e7\u00e3o do Estado de S\u00e3o Paulo","publisher":{"@id":"https:\/\/www.sitsesp.org.br\/novo\/#organization"},"potentialAction":[{"@type":"SearchAction","target":{"@type":"EntryPoint","urlTemplate":"https:\/\/www.sitsesp.org.br\/novo\/?s={search_term_string}"},"query-input":"required name=search_term_string"}],"inLanguage":"pt-BR"},{"@type":"Organization","@id":"https:\/\/www.sitsesp.org.br\/novo\/#organization","name":"Sitsesp","url":"https:\/\/www.sitsesp.org.br\/novo\/","logo":{"@type":"ImageObject","inLanguage":"pt-BR","@id":"https:\/\/www.sitsesp.org.br\/novo\/#\/schema\/logo\/image\/","url":"https:\/\/www.sitsesp.org.br\/novo\/wp-content\/uploads\/2020\/09\/Design-sem-nome-1.jpg","contentUrl":"https:\/\/www.sitsesp.org.br\/novo\/wp-content\/uploads\/2020\/09\/Design-sem-nome-1.jpg","width":300,"height":300,"caption":"Sitsesp"},"image":{"@id":"https:\/\/www.sitsesp.org.br\/novo\/#\/schema\/logo\/image\/"}},{"@type":"Person","@id":"https:\/\/www.sitsesp.org.br\/novo\/#\/schema\/person\/28e42eec160f373e81d0183b3643edbf","name":"imprensa","image":{"@type":"ImageObject","inLanguage":"pt-BR","@id":"https:\/\/www.sitsesp.org.br\/novo\/#\/schema\/person\/image\/","url":"https:\/\/secure.gravatar.com\/avatar\/8d6ccd8d7d52b8959f34154e87d3fa29?s=96&d=mm&r=g","contentUrl":"https:\/\/secure.gravatar.com\/avatar\/8d6ccd8d7d52b8959f34154e87d3fa29?s=96&d=mm&r=g","caption":"imprensa"}}]}},"_links":{"self":[{"href":"https:\/\/www.sitsesp.org.br\/novo\/wp-json\/wp\/v2\/posts\/13559"}],"collection":[{"href":"https:\/\/www.sitsesp.org.br\/novo\/wp-json\/wp\/v2\/posts"}],"about":[{"href":"https:\/\/www.sitsesp.org.br\/novo\/wp-json\/wp\/v2\/types\/post"}],"author":[{"embeddable":true,"href":"https:\/\/www.sitsesp.org.br\/novo\/wp-json\/wp\/v2\/users\/5"}],"replies":[{"embeddable":true,"href":"https:\/\/www.sitsesp.org.br\/novo\/wp-json\/wp\/v2\/comments?post=13559"}],"version-history":[{"count":1,"href":"https:\/\/www.sitsesp.org.br\/novo\/wp-json\/wp\/v2\/posts\/13559\/revisions"}],"predecessor-version":[{"id":13560,"href":"https:\/\/www.sitsesp.org.br\/novo\/wp-json\/wp\/v2\/posts\/13559\/revisions\/13560"}],"wp:featuredmedia":[{"embeddable":true,"href":"https:\/\/www.sitsesp.org.br\/novo\/wp-json\/wp\/v2\/media\/13539"}],"wp:attachment":[{"href":"https:\/\/www.sitsesp.org.br\/novo\/wp-json\/wp\/v2\/media?parent=13559"}],"wp:term":[{"taxonomy":"category","embeddable":true,"href":"https:\/\/www.sitsesp.org.br\/novo\/wp-json\/wp\/v2\/categories?post=13559"},{"taxonomy":"post_tag","embeddable":true,"href":"https:\/\/www.sitsesp.org.br\/novo\/wp-json\/wp\/v2\/tags?post=13559"}],"curies":[{"name":"wp","href":"https:\/\/api.w.org\/{rel}","templated":true}]}}