{"id":14252,"date":"2024-05-08T09:51:56","date_gmt":"2024-05-08T12:51:56","guid":{"rendered":"https:\/\/www.sitsesp.org.br\/novo\/?p=14252"},"modified":"2024-05-08T09:59:56","modified_gmt":"2024-05-08T12:59:56","slug":"nota-de-falecimento-6","status":"publish","type":"post","link":"https:\/\/www.sitsesp.org.br\/novo\/nota-de-falecimento-6\/","title":{"rendered":"NOTA DE FALECIMENTO"},"content":{"rendered":"<p><!-- VideographyWP Plugin Message: Automatic video embedding prevented by plugin options. --><br \/>\nO Sitsesp lamenta, com profundo pesar, o falecimento do ex-parlamentar Antonio Mentor, aos 74 anos. Ele estava em tratamento de um c\u00e2ncer e morreu ontem quarta-feira (7).<\/p>\n<p>Antonio Mentor foi deputado estadual na Alesp por quatro legislaturas (14\u00aa, 15\u00aa, 16\u00aa e 17\u00aa), atuando, principalmente, nas \u00e1reas de Transportes, Cidadania, Democratiza\u00e7\u00e3o do Estado e Desenvolvimento Sustent\u00e1vel. Foi grande apoiador da socioeduca\u00e7\u00e3o, sempre nos apoiando na defesa dos interesses da categoria,<\/p>\n<p>Paulistano de nascimento, foi um dos fundadores do Partido dos Trabalhadores, e vereador em Americana por tr\u00eas mandatos &#8211; cidade onde construiu grande parte de sua carreira pol\u00edtica.<\/p>\n<p>Na Assembleia, foi l\u00edder da bancada do PT e presidente da CPI da Eletropaulo. Em 2002, foi reeleito com a maior vota\u00e7\u00e3o da Regi\u00e3o Metropolitana de Campinas.<\/p>\n<p>Ainda na Alesp, Mentor foi autor da proposta que extinguiu o voto secreto dos deputados e de projetos que combatem o ass\u00e9dio moral no servi\u00e7o p\u00fablico. Trabalhou, ainda, pela garantia do transporte gratuito aos idosos e a regulamenta\u00e7\u00e3o dos comerciais de medicamentos.<\/p>\n<p>O vel\u00f3rio ser\u00e1 realizado no Hall Monumental da Alesp, no Pal\u00e1cio 9 de Julho, das 9h \u00e0s 16h desta ter\u00e7a. O sepultamento ser\u00e1 no Cemit\u00e9rio Congonhas, na Zona Sul da Capital, \u00e0s 17h.<\/p>\n<p>Antonio Mentor de Mello Sobrinho<\/p>\n<p>Deixa a esposa Maria Cleonice Coelho<\/p>\n<p>Filhos &#8211; Stephania Brisola de Mello de Miranda<\/p>\n<p>Nathalia Brisolla de Mello<\/p>\n<p>Diogo Mentor Brisolla de Mello<\/p>\n<p>Nora Juliana Consulin de Mello<\/p>\n<p>Netos &#8211; Theo Mentor, Thiago Mentor e Thomas Mentor<\/p>\n<p><img fetchpriority=\"high\" decoding=\"async\" class=\"alignnone size-full wp-image-14258\" src=\"https:\/\/www.sitsesp.org.br\/novo\/wp-content\/uploads\/2024\/05\/WhatsApp-Image-2024-05-08-at-09.57.58.jpeg\" alt=\"\" width=\"800\" height=\"528\" srcset=\"https:\/\/www.sitsesp.org.br\/novo\/wp-content\/uploads\/2024\/05\/WhatsApp-Image-2024-05-08-at-09.57.58.jpeg 800w, https:\/\/www.sitsesp.org.br\/novo\/wp-content\/uploads\/2024\/05\/WhatsApp-Image-2024-05-08-at-09.57.58-300x198.jpeg 300w, https:\/\/www.sitsesp.org.br\/novo\/wp-content\/uploads\/2024\/05\/WhatsApp-Image-2024-05-08-at-09.57.58-768x507.jpeg 768w, https:\/\/www.sitsesp.org.br\/novo\/wp-content\/uploads\/2024\/05\/WhatsApp-Image-2024-05-08-at-09.57.58-780x516.jpeg 780w, https:\/\/www.sitsesp.org.br\/novo\/wp-content\/uploads\/2024\/05\/WhatsApp-Image-2024-05-08-at-09.57.58-585x386.jpeg 585w, https:\/\/www.sitsesp.org.br\/novo\/wp-content\/uploads\/2024\/05\/WhatsApp-Image-2024-05-08-at-09.57.58-263x175.jpeg 263w\" sizes=\"(max-width: 800px) 100vw, 800px\" \/><\/p>\n","protected":false},"excerpt":{"rendered":"<p>O Sitsesp lamenta, com profundo pesar, o falecimento do ex-parlamentar Antonio Mentor, aos 74 anos. Ele estava em tratamento de um&hellip;<\/p>\n","protected":false},"author":7,"featured_media":14257,"comment_status":"open","ping_status":"open","sticky":false,"template":"","format":"standard","meta":{"cybocfi_hide_featured_image":"","footnotes":""},"categories":[22],"tags":[],"yoast_head":"<!-- This site is optimized with the Yoast SEO plugin v22.8 - https:\/\/yoast.com\/wordpress\/plugins\/seo\/ -->\n<title>NOTA DE FALECIMENTO - SITSESP<\/title>\n<meta name=\"robots\" content=\"index, follow, max-snippet:-1, max-image-preview:large, max-video-preview:-1\" \/>\n<link rel=\"canonical\" href=\"https:\/\/www.sitsesp.org.br\/novo\/nota-de-falecimento-6\/\" \/>\n<meta property=\"og:locale\" content=\"pt_BR\" \/>\n<meta property=\"og:type\" content=\"article\" \/>\n<meta property=\"og:title\" content=\"NOTA DE FALECIMENTO - SITSESP\" \/>\n<meta property=\"og:description\" content=\"O Sitsesp lamenta, com profundo pesar, o falecimento do ex-parlamentar Antonio Mentor, aos 74 anos. Ele estava em tratamento de um&hellip;\" \/>\n<meta property=\"og:url\" content=\"https:\/\/www.sitsesp.org.br\/novo\/nota-de-falecimento-6\/\" \/>\n<meta property=\"og:site_name\" content=\"SITSESP\" \/>\n<meta property=\"article:published_time\" content=\"2024-05-08T12:51:56+00:00\" \/>\n<meta property=\"article:modified_time\" content=\"2024-05-08T12:59:56+00:00\" \/>\n<meta property=\"og:image\" content=\"https:\/\/www.sitsesp.org.br\/novo\/wp-content\/uploads\/2024\/05\/WhatsApp-Image-2024-05-08-at-09.57.01.jpeg\" \/>\n\t<meta property=\"og:image:width\" content=\"802\" \/>\n\t<meta property=\"og:image:height\" content=\"544\" \/>\n\t<meta property=\"og:image:type\" content=\"image\/jpeg\" \/>\n<meta name=\"author\" content=\"2.8marcosaa\" \/>\n<meta name=\"twitter:card\" content=\"summary_large_image\" \/>\n<meta name=\"twitter:label1\" content=\"Escrito por\" \/>\n\t<meta name=\"twitter:data1\" content=\"2.8marcosaa\" \/>\n\t<meta name=\"twitter:label2\" content=\"Est. tempo de leitura\" \/>\n\t<meta name=\"twitter:data2\" content=\"2 minutos\" \/>\n<script type=\"application\/ld+json\" class=\"yoast-schema-graph\">{\"@context\":\"https:\/\/schema.org\",\"@graph\":[{\"@type\":\"Article\",\"@id\":\"https:\/\/www.sitsesp.org.br\/novo\/nota-de-falecimento-6\/#article\",\"isPartOf\":{\"@id\":\"https:\/\/www.sitsesp.org.br\/novo\/nota-de-falecimento-6\/\"},\"author\":{\"name\":\"2.8marcosaa\",\"@id\":\"https:\/\/www.sitsesp.org.br\/novo\/#\/schema\/person\/0410b37c20ab60fd51a7b8ae5983f8de\"},\"headline\":\"NOTA DE FALECIMENTO\",\"datePublished\":\"2024-05-08T12:51:56+00:00\",\"dateModified\":\"2024-05-08T12:59:56+00:00\",\"mainEntityOfPage\":{\"@id\":\"https:\/\/www.sitsesp.org.br\/novo\/nota-de-falecimento-6\/\"},\"wordCount\":253,\"commentCount\":0,\"publisher\":{\"@id\":\"https:\/\/www.sitsesp.org.br\/novo\/#organization\"},\"image\":{\"@id\":\"https:\/\/www.sitsesp.org.br\/novo\/nota-de-falecimento-6\/#primaryimage\"},\"thumbnailUrl\":\"https:\/\/www.sitsesp.org.br\/novo\/wp-content\/uploads\/2024\/05\/WhatsApp-Image-2024-05-08-at-09.57.01.jpeg\",\"articleSection\":[\"Noticias\"],\"inLanguage\":\"pt-BR\",\"potentialAction\":[{\"@type\":\"CommentAction\",\"name\":\"Comment\",\"target\":[\"https:\/\/www.sitsesp.org.br\/novo\/nota-de-falecimento-6\/#respond\"]}]},{\"@type\":\"WebPage\",\"@id\":\"https:\/\/www.sitsesp.org.br\/novo\/nota-de-falecimento-6\/\",\"url\":\"https:\/\/www.sitsesp.org.br\/novo\/nota-de-falecimento-6\/\",\"name\":\"NOTA DE FALECIMENTO - SITSESP\",\"isPartOf\":{\"@id\":\"https:\/\/www.sitsesp.org.br\/novo\/#website\"},\"primaryImageOfPage\":{\"@id\":\"https:\/\/www.sitsesp.org.br\/novo\/nota-de-falecimento-6\/#primaryimage\"},\"image\":{\"@id\":\"https:\/\/www.sitsesp.org.br\/novo\/nota-de-falecimento-6\/#primaryimage\"},\"thumbnailUrl\":\"https:\/\/www.sitsesp.org.br\/novo\/wp-content\/uploads\/2024\/05\/WhatsApp-Image-2024-05-08-at-09.57.01.jpeg\",\"datePublished\":\"2024-05-08T12:51:56+00:00\",\"dateModified\":\"2024-05-08T12:59:56+00:00\",\"breadcrumb\":{\"@id\":\"https:\/\/www.sitsesp.org.br\/novo\/nota-de-falecimento-6\/#breadcrumb\"},\"inLanguage\":\"pt-BR\",\"potentialAction\":[{\"@type\":\"ReadAction\",\"target\":[\"https:\/\/www.sitsesp.org.br\/novo\/nota-de-falecimento-6\/\"]}]},{\"@type\":\"ImageObject\",\"inLanguage\":\"pt-BR\",\"@id\":\"https:\/\/www.sitsesp.org.br\/novo\/nota-de-falecimento-6\/#primaryimage\",\"url\":\"https:\/\/www.sitsesp.org.br\/novo\/wp-content\/uploads\/2024\/05\/WhatsApp-Image-2024-05-08-at-09.57.01.jpeg\",\"contentUrl\":\"https:\/\/www.sitsesp.org.br\/novo\/wp-content\/uploads\/2024\/05\/WhatsApp-Image-2024-05-08-at-09.57.01.jpeg\",\"width\":802,\"height\":544},{\"@type\":\"BreadcrumbList\",\"@id\":\"https:\/\/www.sitsesp.org.br\/novo\/nota-de-falecimento-6\/#breadcrumb\",\"itemListElement\":[{\"@type\":\"ListItem\",\"position\":1,\"name\":\"In\u00edcio\",\"item\":\"https:\/\/www.sitsesp.org.br\/novo\/\"},{\"@type\":\"ListItem\",\"position\":2,\"name\":\"NOTA DE FALECIMENTO\"}]},{\"@type\":\"WebSite\",\"@id\":\"https:\/\/www.sitsesp.org.br\/novo\/#website\",\"url\":\"https:\/\/www.sitsesp.org.br\/novo\/\",\"name\":\"Sitsesp\",\"description\":\"SIndicato da Socioeduca\u00e7\u00e3o do Estado de S\u00e3o Paulo\",\"publisher\":{\"@id\":\"https:\/\/www.sitsesp.org.br\/novo\/#organization\"},\"potentialAction\":[{\"@type\":\"SearchAction\",\"target\":{\"@type\":\"EntryPoint\",\"urlTemplate\":\"https:\/\/www.sitsesp.org.br\/novo\/?s={search_term_string}\"},\"query-input\":\"required name=search_term_string\"}],\"inLanguage\":\"pt-BR\"},{\"@type\":\"Organization\",\"@id\":\"https:\/\/www.sitsesp.org.br\/novo\/#organization\",\"name\":\"Sitsesp\",\"url\":\"https:\/\/www.sitsesp.org.br\/novo\/\",\"logo\":{\"@type\":\"ImageObject\",\"inLanguage\":\"pt-BR\",\"@id\":\"https:\/\/www.sitsesp.org.br\/novo\/#\/schema\/logo\/image\/\",\"url\":\"https:\/\/www.sitsesp.org.br\/novo\/wp-content\/uploads\/2020\/09\/Design-sem-nome-1.jpg\",\"contentUrl\":\"https:\/\/www.sitsesp.org.br\/novo\/wp-content\/uploads\/2020\/09\/Design-sem-nome-1.jpg\",\"width\":300,\"height\":300,\"caption\":\"Sitsesp\"},\"image\":{\"@id\":\"https:\/\/www.sitsesp.org.br\/novo\/#\/schema\/logo\/image\/\"}},{\"@type\":\"Person\",\"@id\":\"https:\/\/www.sitsesp.org.br\/novo\/#\/schema\/person\/0410b37c20ab60fd51a7b8ae5983f8de\",\"name\":\"2.8marcosaa\",\"image\":{\"@type\":\"ImageObject\",\"inLanguage\":\"pt-BR\",\"@id\":\"https:\/\/www.sitsesp.org.br\/novo\/#\/schema\/person\/image\/\",\"url\":\"https:\/\/secure.gravatar.com\/avatar\/0273db62f5a16721adcf1f80ba308e7b?s=96&d=mm&r=g\",\"contentUrl\":\"https:\/\/secure.gravatar.com\/avatar\/0273db62f5a16721adcf1f80ba308e7b?s=96&d=mm&r=g\",\"caption\":\"2.8marcosaa\"},\"sameAs\":[\"http:\/\/www.362k.com.br\"]}]}<\/script>\n<!-- \/ Yoast SEO plugin. -->","yoast_head_json":{"title":"NOTA DE FALECIMENTO - SITSESP","robots":{"index":"index","follow":"follow","max-snippet":"max-snippet:-1","max-image-preview":"max-image-preview:large","max-video-preview":"max-video-preview:-1"},"canonical":"https:\/\/www.sitsesp.org.br\/novo\/nota-de-falecimento-6\/","og_locale":"pt_BR","og_type":"article","og_title":"NOTA DE FALECIMENTO - SITSESP","og_description":"O Sitsesp lamenta, com profundo pesar, o falecimento do ex-parlamentar Antonio Mentor, aos 74 anos. Ele estava em tratamento de um&hellip;","og_url":"https:\/\/www.sitsesp.org.br\/novo\/nota-de-falecimento-6\/","og_site_name":"SITSESP","article_published_time":"2024-05-08T12:51:56+00:00","article_modified_time":"2024-05-08T12:59:56+00:00","og_image":[{"width":802,"height":544,"url":"https:\/\/www.sitsesp.org.br\/novo\/wp-content\/uploads\/2024\/05\/WhatsApp-Image-2024-05-08-at-09.57.01.jpeg","type":"image\/jpeg"}],"author":"2.8marcosaa","twitter_card":"summary_large_image","twitter_misc":{"Escrito por":"2.8marcosaa","Est. tempo de leitura":"2 minutos"},"schema":{"@context":"https:\/\/schema.org","@graph":[{"@type":"Article","@id":"https:\/\/www.sitsesp.org.br\/novo\/nota-de-falecimento-6\/#article","isPartOf":{"@id":"https:\/\/www.sitsesp.org.br\/novo\/nota-de-falecimento-6\/"},"author":{"name":"2.8marcosaa","@id":"https:\/\/www.sitsesp.org.br\/novo\/#\/schema\/person\/0410b37c20ab60fd51a7b8ae5983f8de"},"headline":"NOTA DE FALECIMENTO","datePublished":"2024-05-08T12:51:56+00:00","dateModified":"2024-05-08T12:59:56+00:00","mainEntityOfPage":{"@id":"https:\/\/www.sitsesp.org.br\/novo\/nota-de-falecimento-6\/"},"wordCount":253,"commentCount":0,"publisher":{"@id":"https:\/\/www.sitsesp.org.br\/novo\/#organization"},"image":{"@id":"https:\/\/www.sitsesp.org.br\/novo\/nota-de-falecimento-6\/#primaryimage"},"thumbnailUrl":"https:\/\/www.sitsesp.org.br\/novo\/wp-content\/uploads\/2024\/05\/WhatsApp-Image-2024-05-08-at-09.57.01.jpeg","articleSection":["Noticias"],"inLanguage":"pt-BR","potentialAction":[{"@type":"CommentAction","name":"Comment","target":["https:\/\/www.sitsesp.org.br\/novo\/nota-de-falecimento-6\/#respond"]}]},{"@type":"WebPage","@id":"https:\/\/www.sitsesp.org.br\/novo\/nota-de-falecimento-6\/","url":"https:\/\/www.sitsesp.org.br\/novo\/nota-de-falecimento-6\/","name":"NOTA DE FALECIMENTO - SITSESP","isPartOf":{"@id":"https:\/\/www.sitsesp.org.br\/novo\/#website"},"primaryImageOfPage":{"@id":"https:\/\/www.sitsesp.org.br\/novo\/nota-de-falecimento-6\/#primaryimage"},"image":{"@id":"https:\/\/www.sitsesp.org.br\/novo\/nota-de-falecimento-6\/#primaryimage"},"thumbnailUrl":"https:\/\/www.sitsesp.org.br\/novo\/wp-content\/uploads\/2024\/05\/WhatsApp-Image-2024-05-08-at-09.57.01.jpeg","datePublished":"2024-05-08T12:51:56+00:00","dateModified":"2024-05-08T12:59:56+00:00","breadcrumb":{"@id":"https:\/\/www.sitsesp.org.br\/novo\/nota-de-falecimento-6\/#breadcrumb"},"inLanguage":"pt-BR","potentialAction":[{"@type":"ReadAction","target":["https:\/\/www.sitsesp.org.br\/novo\/nota-de-falecimento-6\/"]}]},{"@type":"ImageObject","inLanguage":"pt-BR","@id":"https:\/\/www.sitsesp.org.br\/novo\/nota-de-falecimento-6\/#primaryimage","url":"https:\/\/www.sitsesp.org.br\/novo\/wp-content\/uploads\/2024\/05\/WhatsApp-Image-2024-05-08-at-09.57.01.jpeg","contentUrl":"https:\/\/www.sitsesp.org.br\/novo\/wp-content\/uploads\/2024\/05\/WhatsApp-Image-2024-05-08-at-09.57.01.jpeg","width":802,"height":544},{"@type":"BreadcrumbList","@id":"https:\/\/www.sitsesp.org.br\/novo\/nota-de-falecimento-6\/#breadcrumb","itemListElement":[{"@type":"ListItem","position":1,"name":"In\u00edcio","item":"https:\/\/www.sitsesp.org.br\/novo\/"},{"@type":"ListItem","position":2,"name":"NOTA DE FALECIMENTO"}]},{"@type":"WebSite","@id":"https:\/\/www.sitsesp.org.br\/novo\/#website","url":"https:\/\/www.sitsesp.org.br\/novo\/","name":"Sitsesp","description":"SIndicato da Socioeduca\u00e7\u00e3o do Estado de S\u00e3o Paulo","publisher":{"@id":"https:\/\/www.sitsesp.org.br\/novo\/#organization"},"potentialAction":[{"@type":"SearchAction","target":{"@type":"EntryPoint","urlTemplate":"https:\/\/www.sitsesp.org.br\/novo\/?s={search_term_string}"},"query-input":"required name=search_term_string"}],"inLanguage":"pt-BR"},{"@type":"Organization","@id":"https:\/\/www.sitsesp.org.br\/novo\/#organization","name":"Sitsesp","url":"https:\/\/www.sitsesp.org.br\/novo\/","logo":{"@type":"ImageObject","inLanguage":"pt-BR","@id":"https:\/\/www.sitsesp.org.br\/novo\/#\/schema\/logo\/image\/","url":"https:\/\/www.sitsesp.org.br\/novo\/wp-content\/uploads\/2020\/09\/Design-sem-nome-1.jpg","contentUrl":"https:\/\/www.sitsesp.org.br\/novo\/wp-content\/uploads\/2020\/09\/Design-sem-nome-1.jpg","width":300,"height":300,"caption":"Sitsesp"},"image":{"@id":"https:\/\/www.sitsesp.org.br\/novo\/#\/schema\/logo\/image\/"}},{"@type":"Person","@id":"https:\/\/www.sitsesp.org.br\/novo\/#\/schema\/person\/0410b37c20ab60fd51a7b8ae5983f8de","name":"2.8marcosaa","image":{"@type":"ImageObject","inLanguage":"pt-BR","@id":"https:\/\/www.sitsesp.org.br\/novo\/#\/schema\/person\/image\/","url":"https:\/\/secure.gravatar.com\/avatar\/0273db62f5a16721adcf1f80ba308e7b?s=96&d=mm&r=g","contentUrl":"https:\/\/secure.gravatar.com\/avatar\/0273db62f5a16721adcf1f80ba308e7b?s=96&d=mm&r=g","caption":"2.8marcosaa"},"sameAs":["http:\/\/www.362k.com.br"]}]}},"_links":{"self":[{"href":"https:\/\/www.sitsesp.org.br\/novo\/wp-json\/wp\/v2\/posts\/14252"}],"collection":[{"href":"https:\/\/www.sitsesp.org.br\/novo\/wp-json\/wp\/v2\/posts"}],"about":[{"href":"https:\/\/www.sitsesp.org.br\/novo\/wp-json\/wp\/v2\/types\/post"}],"author":[{"embeddable":true,"href":"https:\/\/www.sitsesp.org.br\/novo\/wp-json\/wp\/v2\/users\/7"}],"replies":[{"embeddable":true,"href":"https:\/\/www.sitsesp.org.br\/novo\/wp-json\/wp\/v2\/comments?post=14252"}],"version-history":[{"count":3,"href":"https:\/\/www.sitsesp.org.br\/novo\/wp-json\/wp\/v2\/posts\/14252\/revisions"}],"predecessor-version":[{"id":14259,"href":"https:\/\/www.sitsesp.org.br\/novo\/wp-json\/wp\/v2\/posts\/14252\/revisions\/14259"}],"wp:featuredmedia":[{"embeddable":true,"href":"https:\/\/www.sitsesp.org.br\/novo\/wp-json\/wp\/v2\/media\/14257"}],"wp:attachment":[{"href":"https:\/\/www.sitsesp.org.br\/novo\/wp-json\/wp\/v2\/media?parent=14252"}],"wp:term":[{"taxonomy":"category","embeddable":true,"href":"https:\/\/www.sitsesp.org.br\/novo\/wp-json\/wp\/v2\/categories?post=14252"},{"taxonomy":"post_tag","embeddable":true,"href":"https:\/\/www.sitsesp.org.br\/novo\/wp-json\/wp\/v2\/tags?post=14252"}],"curies":[{"name":"wp","href":"https:\/\/api.w.org\/{rel}","templated":true}]}}