{"id":14262,"date":"2024-05-09T10:19:41","date_gmt":"2024-05-09T13:19:41","guid":{"rendered":"https:\/\/www.sitsesp.org.br\/novo\/?p=14262"},"modified":"2024-05-09T13:17:14","modified_gmt":"2024-05-09T16:17:14","slug":"sitsesp-mobiliza-apoio-juridico-para-servidores-afastados-em-franco-da-rocha","status":"publish","type":"post","link":"https:\/\/www.sitsesp.org.br\/novo\/sitsesp-mobiliza-apoio-juridico-para-servidores-afastados-em-franco-da-rocha\/","title":{"rendered":"Sitsesp mobiliza apoio jur\u00eddico para servidores afastados em Franco da Rocha."},"content":{"rendered":"<p><!-- VideographyWP Plugin Message: Automatic video embedding prevented by plugin options. --><\/p>\n<p style=\"text-align: justify;\">Os servidores de Franco da Rocha enfrentam atualmente momentos desafiadores, marcados por afastamentos compuls\u00f3rios determinados pela justi\u00e7a.<\/p>\n<p style=\"text-align: justify;\">A diretoria do Sitsesp tem se dedicado prioritariamente a esse assunto, oferecendo total apoio aos servidores.<\/p>\n<p style=\"text-align: justify;\">Na semana passada, nosso presidente, Neemias de Souza, participou de uma audi\u00eancia com representantes da Justi\u00e7a, Minist\u00e9rio P\u00fablico e Promotoria, onde destacou o impacto dos afastamentos e solicitou uma revis\u00e3o da conduta adotada.<\/p>\n<p style=\"text-align: justify;\">Na manh\u00e3 de 7 de maio, recebemos os servidores para uma reuni\u00e3o estrat\u00e9gica do setor jur\u00eddico, coordenado pelo secret\u00e1rio jur\u00eddico Edson Brito Cavalcante, juntamente com os profissionais da socioeduca\u00e7\u00e3o. Durante o encontro, foram coletadas informa\u00e7\u00f5es e documentos essenciais para a elabora\u00e7\u00e3o da defesa t\u00e9cnica contra os afastamentos compuls\u00f3rios determinados pela justi\u00e7a em Franco da Rocha.<\/p>\n","protected":false},"excerpt":{"rendered":"<p>Os servidores de Franco da Rocha enfrentam atualmente momentos desafiadores, marcados por afastamentos compuls\u00f3rios determinados pela justi\u00e7a. A diretoria do Sitsesp&hellip;<\/p>\n","protected":false},"author":7,"featured_media":14271,"comment_status":"open","ping_status":"open","sticky":false,"template":"","format":"standard","meta":{"cybocfi_hide_featured_image":"","footnotes":""},"categories":[27],"tags":[],"yoast_head":"<!-- This site is optimized with the Yoast SEO plugin v22.8 - https:\/\/yoast.com\/wordpress\/plugins\/seo\/ -->\n<title>Sitsesp mobiliza apoio jur\u00eddico para servidores afastados em Franco da Rocha. - SITSESP<\/title>\n<meta name=\"robots\" content=\"index, follow, max-snippet:-1, max-image-preview:large, max-video-preview:-1\" \/>\n<link rel=\"canonical\" href=\"https:\/\/www.sitsesp.org.br\/novo\/sitsesp-mobiliza-apoio-juridico-para-servidores-afastados-em-franco-da-rocha\/\" \/>\n<meta property=\"og:locale\" content=\"pt_BR\" \/>\n<meta property=\"og:type\" content=\"article\" \/>\n<meta property=\"og:title\" content=\"Sitsesp mobiliza apoio jur\u00eddico para servidores afastados em Franco da Rocha. - SITSESP\" \/>\n<meta property=\"og:description\" content=\"Os servidores de Franco da Rocha enfrentam atualmente momentos desafiadores, marcados por afastamentos compuls\u00f3rios determinados pela justi\u00e7a. A diretoria do Sitsesp&hellip;\" \/>\n<meta property=\"og:url\" content=\"https:\/\/www.sitsesp.org.br\/novo\/sitsesp-mobiliza-apoio-juridico-para-servidores-afastados-em-franco-da-rocha\/\" \/>\n<meta property=\"og:site_name\" content=\"SITSESP\" \/>\n<meta property=\"article:published_time\" content=\"2024-05-09T13:19:41+00:00\" \/>\n<meta property=\"article:modified_time\" content=\"2024-05-09T16:17:14+00:00\" \/>\n<meta property=\"og:image\" content=\"https:\/\/www.sitsesp.org.br\/novo\/wp-content\/uploads\/2024\/05\/IMG_20240509_115003-01.jpeg\" \/>\n\t<meta property=\"og:image:width\" content=\"800\" \/>\n\t<meta property=\"og:image:height\" content=\"600\" \/>\n\t<meta property=\"og:image:type\" content=\"image\/jpeg\" \/>\n<meta name=\"author\" content=\"2.8marcosaa\" \/>\n<meta name=\"twitter:card\" content=\"summary_large_image\" \/>\n<meta name=\"twitter:label1\" content=\"Escrito por\" \/>\n\t<meta name=\"twitter:data1\" content=\"2.8marcosaa\" \/>\n\t<meta name=\"twitter:label2\" content=\"Est. tempo de leitura\" \/>\n\t<meta name=\"twitter:data2\" content=\"1 minuto\" \/>\n<script type=\"application\/ld+json\" class=\"yoast-schema-graph\">{\"@context\":\"https:\/\/schema.org\",\"@graph\":[{\"@type\":\"Article\",\"@id\":\"https:\/\/www.sitsesp.org.br\/novo\/sitsesp-mobiliza-apoio-juridico-para-servidores-afastados-em-franco-da-rocha\/#article\",\"isPartOf\":{\"@id\":\"https:\/\/www.sitsesp.org.br\/novo\/sitsesp-mobiliza-apoio-juridico-para-servidores-afastados-em-franco-da-rocha\/\"},\"author\":{\"name\":\"2.8marcosaa\",\"@id\":\"https:\/\/www.sitsesp.org.br\/novo\/#\/schema\/person\/0410b37c20ab60fd51a7b8ae5983f8de\"},\"headline\":\"Sitsesp mobiliza apoio jur\u00eddico para servidores afastados em Franco da Rocha.\",\"datePublished\":\"2024-05-09T13:19:41+00:00\",\"dateModified\":\"2024-05-09T16:17:14+00:00\",\"mainEntityOfPage\":{\"@id\":\"https:\/\/www.sitsesp.org.br\/novo\/sitsesp-mobiliza-apoio-juridico-para-servidores-afastados-em-franco-da-rocha\/\"},\"wordCount\":150,\"commentCount\":0,\"publisher\":{\"@id\":\"https:\/\/www.sitsesp.org.br\/novo\/#organization\"},\"image\":{\"@id\":\"https:\/\/www.sitsesp.org.br\/novo\/sitsesp-mobiliza-apoio-juridico-para-servidores-afastados-em-franco-da-rocha\/#primaryimage\"},\"thumbnailUrl\":\"https:\/\/www.sitsesp.org.br\/novo\/wp-content\/uploads\/2024\/05\/IMG_20240509_115003-01.jpeg\",\"articleSection\":[\"Destaque\"],\"inLanguage\":\"pt-BR\",\"potentialAction\":[{\"@type\":\"CommentAction\",\"name\":\"Comment\",\"target\":[\"https:\/\/www.sitsesp.org.br\/novo\/sitsesp-mobiliza-apoio-juridico-para-servidores-afastados-em-franco-da-rocha\/#respond\"]}]},{\"@type\":\"WebPage\",\"@id\":\"https:\/\/www.sitsesp.org.br\/novo\/sitsesp-mobiliza-apoio-juridico-para-servidores-afastados-em-franco-da-rocha\/\",\"url\":\"https:\/\/www.sitsesp.org.br\/novo\/sitsesp-mobiliza-apoio-juridico-para-servidores-afastados-em-franco-da-rocha\/\",\"name\":\"Sitsesp mobiliza apoio jur\u00eddico para servidores afastados em Franco da Rocha. - SITSESP\",\"isPartOf\":{\"@id\":\"https:\/\/www.sitsesp.org.br\/novo\/#website\"},\"primaryImageOfPage\":{\"@id\":\"https:\/\/www.sitsesp.org.br\/novo\/sitsesp-mobiliza-apoio-juridico-para-servidores-afastados-em-franco-da-rocha\/#primaryimage\"},\"image\":{\"@id\":\"https:\/\/www.sitsesp.org.br\/novo\/sitsesp-mobiliza-apoio-juridico-para-servidores-afastados-em-franco-da-rocha\/#primaryimage\"},\"thumbnailUrl\":\"https:\/\/www.sitsesp.org.br\/novo\/wp-content\/uploads\/2024\/05\/IMG_20240509_115003-01.jpeg\",\"datePublished\":\"2024-05-09T13:19:41+00:00\",\"dateModified\":\"2024-05-09T16:17:14+00:00\",\"breadcrumb\":{\"@id\":\"https:\/\/www.sitsesp.org.br\/novo\/sitsesp-mobiliza-apoio-juridico-para-servidores-afastados-em-franco-da-rocha\/#breadcrumb\"},\"inLanguage\":\"pt-BR\",\"potentialAction\":[{\"@type\":\"ReadAction\",\"target\":[\"https:\/\/www.sitsesp.org.br\/novo\/sitsesp-mobiliza-apoio-juridico-para-servidores-afastados-em-franco-da-rocha\/\"]}]},{\"@type\":\"ImageObject\",\"inLanguage\":\"pt-BR\",\"@id\":\"https:\/\/www.sitsesp.org.br\/novo\/sitsesp-mobiliza-apoio-juridico-para-servidores-afastados-em-franco-da-rocha\/#primaryimage\",\"url\":\"https:\/\/www.sitsesp.org.br\/novo\/wp-content\/uploads\/2024\/05\/IMG_20240509_115003-01.jpeg\",\"contentUrl\":\"https:\/\/www.sitsesp.org.br\/novo\/wp-content\/uploads\/2024\/05\/IMG_20240509_115003-01.jpeg\",\"width\":800,\"height\":600},{\"@type\":\"BreadcrumbList\",\"@id\":\"https:\/\/www.sitsesp.org.br\/novo\/sitsesp-mobiliza-apoio-juridico-para-servidores-afastados-em-franco-da-rocha\/#breadcrumb\",\"itemListElement\":[{\"@type\":\"ListItem\",\"position\":1,\"name\":\"In\u00edcio\",\"item\":\"https:\/\/www.sitsesp.org.br\/novo\/\"},{\"@type\":\"ListItem\",\"position\":2,\"name\":\"Sitsesp mobiliza apoio jur\u00eddico para servidores afastados em Franco da Rocha.\"}]},{\"@type\":\"WebSite\",\"@id\":\"https:\/\/www.sitsesp.org.br\/novo\/#website\",\"url\":\"https:\/\/www.sitsesp.org.br\/novo\/\",\"name\":\"Sitsesp\",\"description\":\"SIndicato da Socioeduca\u00e7\u00e3o do Estado de S\u00e3o Paulo\",\"publisher\":{\"@id\":\"https:\/\/www.sitsesp.org.br\/novo\/#organization\"},\"potentialAction\":[{\"@type\":\"SearchAction\",\"target\":{\"@type\":\"EntryPoint\",\"urlTemplate\":\"https:\/\/www.sitsesp.org.br\/novo\/?s={search_term_string}\"},\"query-input\":\"required name=search_term_string\"}],\"inLanguage\":\"pt-BR\"},{\"@type\":\"Organization\",\"@id\":\"https:\/\/www.sitsesp.org.br\/novo\/#organization\",\"name\":\"Sitsesp\",\"url\":\"https:\/\/www.sitsesp.org.br\/novo\/\",\"logo\":{\"@type\":\"ImageObject\",\"inLanguage\":\"pt-BR\",\"@id\":\"https:\/\/www.sitsesp.org.br\/novo\/#\/schema\/logo\/image\/\",\"url\":\"https:\/\/www.sitsesp.org.br\/novo\/wp-content\/uploads\/2020\/09\/Design-sem-nome-1.jpg\",\"contentUrl\":\"https:\/\/www.sitsesp.org.br\/novo\/wp-content\/uploads\/2020\/09\/Design-sem-nome-1.jpg\",\"width\":300,\"height\":300,\"caption\":\"Sitsesp\"},\"image\":{\"@id\":\"https:\/\/www.sitsesp.org.br\/novo\/#\/schema\/logo\/image\/\"}},{\"@type\":\"Person\",\"@id\":\"https:\/\/www.sitsesp.org.br\/novo\/#\/schema\/person\/0410b37c20ab60fd51a7b8ae5983f8de\",\"name\":\"2.8marcosaa\",\"image\":{\"@type\":\"ImageObject\",\"inLanguage\":\"pt-BR\",\"@id\":\"https:\/\/www.sitsesp.org.br\/novo\/#\/schema\/person\/image\/\",\"url\":\"https:\/\/secure.gravatar.com\/avatar\/0273db62f5a16721adcf1f80ba308e7b?s=96&d=mm&r=g\",\"contentUrl\":\"https:\/\/secure.gravatar.com\/avatar\/0273db62f5a16721adcf1f80ba308e7b?s=96&d=mm&r=g\",\"caption\":\"2.8marcosaa\"},\"sameAs\":[\"http:\/\/www.362k.com.br\"]}]}<\/script>\n<!-- \/ Yoast SEO plugin. -->","yoast_head_json":{"title":"Sitsesp mobiliza apoio jur\u00eddico para servidores afastados em Franco da Rocha. - SITSESP","robots":{"index":"index","follow":"follow","max-snippet":"max-snippet:-1","max-image-preview":"max-image-preview:large","max-video-preview":"max-video-preview:-1"},"canonical":"https:\/\/www.sitsesp.org.br\/novo\/sitsesp-mobiliza-apoio-juridico-para-servidores-afastados-em-franco-da-rocha\/","og_locale":"pt_BR","og_type":"article","og_title":"Sitsesp mobiliza apoio jur\u00eddico para servidores afastados em Franco da Rocha. - SITSESP","og_description":"Os servidores de Franco da Rocha enfrentam atualmente momentos desafiadores, marcados por afastamentos compuls\u00f3rios determinados pela justi\u00e7a. A diretoria do Sitsesp&hellip;","og_url":"https:\/\/www.sitsesp.org.br\/novo\/sitsesp-mobiliza-apoio-juridico-para-servidores-afastados-em-franco-da-rocha\/","og_site_name":"SITSESP","article_published_time":"2024-05-09T13:19:41+00:00","article_modified_time":"2024-05-09T16:17:14+00:00","og_image":[{"width":800,"height":600,"url":"https:\/\/www.sitsesp.org.br\/novo\/wp-content\/uploads\/2024\/05\/IMG_20240509_115003-01.jpeg","type":"image\/jpeg"}],"author":"2.8marcosaa","twitter_card":"summary_large_image","twitter_misc":{"Escrito por":"2.8marcosaa","Est. tempo de leitura":"1 minuto"},"schema":{"@context":"https:\/\/schema.org","@graph":[{"@type":"Article","@id":"https:\/\/www.sitsesp.org.br\/novo\/sitsesp-mobiliza-apoio-juridico-para-servidores-afastados-em-franco-da-rocha\/#article","isPartOf":{"@id":"https:\/\/www.sitsesp.org.br\/novo\/sitsesp-mobiliza-apoio-juridico-para-servidores-afastados-em-franco-da-rocha\/"},"author":{"name":"2.8marcosaa","@id":"https:\/\/www.sitsesp.org.br\/novo\/#\/schema\/person\/0410b37c20ab60fd51a7b8ae5983f8de"},"headline":"Sitsesp mobiliza apoio jur\u00eddico para servidores afastados em Franco da Rocha.","datePublished":"2024-05-09T13:19:41+00:00","dateModified":"2024-05-09T16:17:14+00:00","mainEntityOfPage":{"@id":"https:\/\/www.sitsesp.org.br\/novo\/sitsesp-mobiliza-apoio-juridico-para-servidores-afastados-em-franco-da-rocha\/"},"wordCount":150,"commentCount":0,"publisher":{"@id":"https:\/\/www.sitsesp.org.br\/novo\/#organization"},"image":{"@id":"https:\/\/www.sitsesp.org.br\/novo\/sitsesp-mobiliza-apoio-juridico-para-servidores-afastados-em-franco-da-rocha\/#primaryimage"},"thumbnailUrl":"https:\/\/www.sitsesp.org.br\/novo\/wp-content\/uploads\/2024\/05\/IMG_20240509_115003-01.jpeg","articleSection":["Destaque"],"inLanguage":"pt-BR","potentialAction":[{"@type":"CommentAction","name":"Comment","target":["https:\/\/www.sitsesp.org.br\/novo\/sitsesp-mobiliza-apoio-juridico-para-servidores-afastados-em-franco-da-rocha\/#respond"]}]},{"@type":"WebPage","@id":"https:\/\/www.sitsesp.org.br\/novo\/sitsesp-mobiliza-apoio-juridico-para-servidores-afastados-em-franco-da-rocha\/","url":"https:\/\/www.sitsesp.org.br\/novo\/sitsesp-mobiliza-apoio-juridico-para-servidores-afastados-em-franco-da-rocha\/","name":"Sitsesp mobiliza apoio jur\u00eddico para servidores afastados em Franco da Rocha. - SITSESP","isPartOf":{"@id":"https:\/\/www.sitsesp.org.br\/novo\/#website"},"primaryImageOfPage":{"@id":"https:\/\/www.sitsesp.org.br\/novo\/sitsesp-mobiliza-apoio-juridico-para-servidores-afastados-em-franco-da-rocha\/#primaryimage"},"image":{"@id":"https:\/\/www.sitsesp.org.br\/novo\/sitsesp-mobiliza-apoio-juridico-para-servidores-afastados-em-franco-da-rocha\/#primaryimage"},"thumbnailUrl":"https:\/\/www.sitsesp.org.br\/novo\/wp-content\/uploads\/2024\/05\/IMG_20240509_115003-01.jpeg","datePublished":"2024-05-09T13:19:41+00:00","dateModified":"2024-05-09T16:17:14+00:00","breadcrumb":{"@id":"https:\/\/www.sitsesp.org.br\/novo\/sitsesp-mobiliza-apoio-juridico-para-servidores-afastados-em-franco-da-rocha\/#breadcrumb"},"inLanguage":"pt-BR","potentialAction":[{"@type":"ReadAction","target":["https:\/\/www.sitsesp.org.br\/novo\/sitsesp-mobiliza-apoio-juridico-para-servidores-afastados-em-franco-da-rocha\/"]}]},{"@type":"ImageObject","inLanguage":"pt-BR","@id":"https:\/\/www.sitsesp.org.br\/novo\/sitsesp-mobiliza-apoio-juridico-para-servidores-afastados-em-franco-da-rocha\/#primaryimage","url":"https:\/\/www.sitsesp.org.br\/novo\/wp-content\/uploads\/2024\/05\/IMG_20240509_115003-01.jpeg","contentUrl":"https:\/\/www.sitsesp.org.br\/novo\/wp-content\/uploads\/2024\/05\/IMG_20240509_115003-01.jpeg","width":800,"height":600},{"@type":"BreadcrumbList","@id":"https:\/\/www.sitsesp.org.br\/novo\/sitsesp-mobiliza-apoio-juridico-para-servidores-afastados-em-franco-da-rocha\/#breadcrumb","itemListElement":[{"@type":"ListItem","position":1,"name":"In\u00edcio","item":"https:\/\/www.sitsesp.org.br\/novo\/"},{"@type":"ListItem","position":2,"name":"Sitsesp mobiliza apoio jur\u00eddico para servidores afastados em Franco da Rocha."}]},{"@type":"WebSite","@id":"https:\/\/www.sitsesp.org.br\/novo\/#website","url":"https:\/\/www.sitsesp.org.br\/novo\/","name":"Sitsesp","description":"SIndicato da Socioeduca\u00e7\u00e3o do Estado de S\u00e3o Paulo","publisher":{"@id":"https:\/\/www.sitsesp.org.br\/novo\/#organization"},"potentialAction":[{"@type":"SearchAction","target":{"@type":"EntryPoint","urlTemplate":"https:\/\/www.sitsesp.org.br\/novo\/?s={search_term_string}"},"query-input":"required name=search_term_string"}],"inLanguage":"pt-BR"},{"@type":"Organization","@id":"https:\/\/www.sitsesp.org.br\/novo\/#organization","name":"Sitsesp","url":"https:\/\/www.sitsesp.org.br\/novo\/","logo":{"@type":"ImageObject","inLanguage":"pt-BR","@id":"https:\/\/www.sitsesp.org.br\/novo\/#\/schema\/logo\/image\/","url":"https:\/\/www.sitsesp.org.br\/novo\/wp-content\/uploads\/2020\/09\/Design-sem-nome-1.jpg","contentUrl":"https:\/\/www.sitsesp.org.br\/novo\/wp-content\/uploads\/2020\/09\/Design-sem-nome-1.jpg","width":300,"height":300,"caption":"Sitsesp"},"image":{"@id":"https:\/\/www.sitsesp.org.br\/novo\/#\/schema\/logo\/image\/"}},{"@type":"Person","@id":"https:\/\/www.sitsesp.org.br\/novo\/#\/schema\/person\/0410b37c20ab60fd51a7b8ae5983f8de","name":"2.8marcosaa","image":{"@type":"ImageObject","inLanguage":"pt-BR","@id":"https:\/\/www.sitsesp.org.br\/novo\/#\/schema\/person\/image\/","url":"https:\/\/secure.gravatar.com\/avatar\/0273db62f5a16721adcf1f80ba308e7b?s=96&d=mm&r=g","contentUrl":"https:\/\/secure.gravatar.com\/avatar\/0273db62f5a16721adcf1f80ba308e7b?s=96&d=mm&r=g","caption":"2.8marcosaa"},"sameAs":["http:\/\/www.362k.com.br"]}]}},"_links":{"self":[{"href":"https:\/\/www.sitsesp.org.br\/novo\/wp-json\/wp\/v2\/posts\/14262"}],"collection":[{"href":"https:\/\/www.sitsesp.org.br\/novo\/wp-json\/wp\/v2\/posts"}],"about":[{"href":"https:\/\/www.sitsesp.org.br\/novo\/wp-json\/wp\/v2\/types\/post"}],"author":[{"embeddable":true,"href":"https:\/\/www.sitsesp.org.br\/novo\/wp-json\/wp\/v2\/users\/7"}],"replies":[{"embeddable":true,"href":"https:\/\/www.sitsesp.org.br\/novo\/wp-json\/wp\/v2\/comments?post=14262"}],"version-history":[{"count":2,"href":"https:\/\/www.sitsesp.org.br\/novo\/wp-json\/wp\/v2\/posts\/14262\/revisions"}],"predecessor-version":[{"id":14270,"href":"https:\/\/www.sitsesp.org.br\/novo\/wp-json\/wp\/v2\/posts\/14262\/revisions\/14270"}],"wp:featuredmedia":[{"embeddable":true,"href":"https:\/\/www.sitsesp.org.br\/novo\/wp-json\/wp\/v2\/media\/14271"}],"wp:attachment":[{"href":"https:\/\/www.sitsesp.org.br\/novo\/wp-json\/wp\/v2\/media?parent=14262"}],"wp:term":[{"taxonomy":"category","embeddable":true,"href":"https:\/\/www.sitsesp.org.br\/novo\/wp-json\/wp\/v2\/categories?post=14262"},{"taxonomy":"post_tag","embeddable":true,"href":"https:\/\/www.sitsesp.org.br\/novo\/wp-json\/wp\/v2\/tags?post=14262"}],"curies":[{"name":"wp","href":"https:\/\/api.w.org\/{rel}","templated":true}]}}