{"id":14276,"date":"2024-05-09T17:36:56","date_gmt":"2024-05-09T20:36:56","guid":{"rendered":"https:\/\/www.sitsesp.org.br\/novo\/?p=14276"},"modified":"2024-05-09T17:47:56","modified_gmt":"2024-05-09T20:47:56","slug":"enchentes-no-rio-grande-do-sul-a-luta-contra-a-natureza","status":"publish","type":"post","link":"https:\/\/www.sitsesp.org.br\/novo\/enchentes-no-rio-grande-do-sul-a-luta-contra-a-natureza\/","title":{"rendered":"Enchentes no Rio Grande do Sul: A Luta contra a Natureza"},"content":{"rendered":"<p><!-- VideographyWP Plugin Message: Automatic video embedding prevented by plugin options. --><\/p>\n<p style=\"text-align: justify;\">No estado do Rio Grande do Sul, o cen\u00e1rio das enchentes \u00e9 uma batalha constante entre a for\u00e7a da natureza e a resili\u00eancia das comunidades. Anualmente, durante os per\u00edodos de chuvas intensas, \u00e1reas ribeirinhas e urbanas enfrentam os desafios das inunda\u00e7\u00f5es, deixando um rastro de destrui\u00e7\u00e3o e desalojamento.<\/p>\n<p style=\"text-align: justify;\">No \u00faltimo per\u00edodo chuvoso, as enchentes atingiram n\u00edveis alarmantes em v\u00e1rias regi\u00f5es do estado. Cidades como Porto Alegre, Caxias do Sul e Rio Grande foram duramente afetadas, com rios transbordando de seus leitos e inundando \u00e1reas residenciais e comerciais. As imagens dram\u00e1ticas de casas submersas, estradas interrompidas e fam\u00edlias desabrigadas destacam a gravidade da situa\u00e7\u00e3o.<\/p>\n<p style=\"text-align: justify;\">As enchentes n\u00e3o apenas causam danos materiais, mas tamb\u00e9m t\u00eam um impacto significativo na vida das pessoas. Milhares de fam\u00edlias s\u00e3o for\u00e7adas a deixar suas casas em busca de abrigo tempor\u00e1rio, enfrentando incertezas quanto ao futuro de suas propriedades e meios de subsist\u00eancia. Al\u00e9m disso, as enchentes prejudicam a infraestrutura b\u00e1sica, como sistemas de transporte, redes de abastecimento de \u00e1gua e energia el\u00e9trica, complicando ainda mais os esfor\u00e7os de recupera\u00e7\u00e3o.<\/p>\n<p style=\"text-align: justify;\">Diante desses desafios, as comunidades do Rio Grande do Sul demonstram uma not\u00e1vel resili\u00eancia. Volunt\u00e1rios se mobilizam para prestar assist\u00eancia \u00e0s v\u00edtimas, distribuindo alimentos, roupas e outros itens essenciais. As autoridades locais e \u00f3rg\u00e3os de defesa civil trabalham incansavelmente para coordenar os esfor\u00e7os de resgate e garantir a seguran\u00e7a da popula\u00e7\u00e3o.<\/p>\n<p style=\"text-align: justify;\">Enquanto o estado se recupera das enchentes atuais, surgem preocupa\u00e7\u00f5es sobre como prevenir e mitigar futuros desastres. A necessidade de investimentos em infraestrutura resiliente e sistemas de alerta precoce se torna ainda mais evidente. Al\u00e9m disso, a conscientiza\u00e7\u00e3o sobre o impacto das mudan\u00e7as clim\u00e1ticas na frequ\u00eancia e intensidade das enchentes \u00e9 essencial para orientar pol\u00edticas p\u00fablicas eficazes de adapta\u00e7\u00e3o e mitiga\u00e7\u00e3o.<\/p>\n<p style=\"text-align: justify;\">As enchentes no Rio Grande do Sul representam um desafio complexo e multifacetado, que exige uma resposta integrada e de longo prazo. \u00c0 medida que as comunidades se unem para enfrentar essa crise, \u00e9 fundamental aprender com as experi\u00eancias passadas e trabalhar juntos na constru\u00e7\u00e3o de um futuro mais resiliente e seguro para todos.<\/p>\n<p style=\"text-align: justify;\">Com o cora\u00e7\u00e3o pesado ao ver as imagens das enchentes no Rio Grande do Sul. Nossos pensamentos est\u00e3o com todos os afetados por essa trag\u00e9dia. \ud83d\ude4f Unidos, somos fortes e vamos superar juntos.<\/p>\n<p style=\"text-align: justify;\">Nossos companheiros do sindicato dos socioeducadores do Rio Grande do Sul (SEMAPI) est\u00e3o servindo refei\u00e7\u00f5es aos desabrigados pelas enchentes. Quem desejar contribuir segue o PIX: tesouraria@semapirs.com.br.<\/p>\n<p><img fetchpriority=\"high\" decoding=\"async\" class=\"alignnone size-full wp-image-14278\" src=\"https:\/\/www.sitsesp.org.br\/novo\/wp-content\/uploads\/2024\/05\/441296671_951513300313543_790890745221261961_n.jpeg\" alt=\"\" width=\"640\" height=\"800\" srcset=\"https:\/\/www.sitsesp.org.br\/novo\/wp-content\/uploads\/2024\/05\/441296671_951513300313543_790890745221261961_n.jpeg 640w, https:\/\/www.sitsesp.org.br\/novo\/wp-content\/uploads\/2024\/05\/441296671_951513300313543_790890745221261961_n-240x300.jpeg 240w, https:\/\/www.sitsesp.org.br\/novo\/wp-content\/uploads\/2024\/05\/441296671_951513300313543_790890745221261961_n-585x731.jpeg 585w\" sizes=\"(max-width: 640px) 100vw, 640px\" \/><\/p>\n<p>&nbsp;<\/p>\n<p>&nbsp;<\/p>\n<p>\ud83d\udc99 #For\u00e7aRS #Solidariedade #Enchentes&#8221;<\/p>\n","protected":false},"excerpt":{"rendered":"<p>No estado do Rio Grande do Sul, o cen\u00e1rio das enchentes \u00e9 uma batalha constante entre a for\u00e7a da natureza e&hellip;<\/p>\n","protected":false},"author":7,"featured_media":14277,"comment_status":"open","ping_status":"open","sticky":false,"template":"","format":"standard","meta":{"cybocfi_hide_featured_image":"","footnotes":""},"categories":[22],"tags":[],"yoast_head":"<!-- This site is optimized with the Yoast SEO plugin v22.8 - https:\/\/yoast.com\/wordpress\/plugins\/seo\/ -->\n<title>Enchentes no Rio Grande do Sul: A Luta contra a Natureza - SITSESP<\/title>\n<meta name=\"robots\" content=\"index, follow, max-snippet:-1, max-image-preview:large, max-video-preview:-1\" \/>\n<link rel=\"canonical\" href=\"https:\/\/www.sitsesp.org.br\/novo\/enchentes-no-rio-grande-do-sul-a-luta-contra-a-natureza\/\" \/>\n<meta property=\"og:locale\" content=\"pt_BR\" \/>\n<meta property=\"og:type\" content=\"article\" \/>\n<meta property=\"og:title\" content=\"Enchentes no Rio Grande do Sul: A Luta contra a Natureza - SITSESP\" \/>\n<meta property=\"og:description\" content=\"No estado do Rio Grande do Sul, o cen\u00e1rio das enchentes \u00e9 uma batalha constante entre a for\u00e7a da natureza e&hellip;\" \/>\n<meta property=\"og:url\" content=\"https:\/\/www.sitsesp.org.br\/novo\/enchentes-no-rio-grande-do-sul-a-luta-contra-a-natureza\/\" \/>\n<meta property=\"og:site_name\" content=\"SITSESP\" \/>\n<meta property=\"article:published_time\" content=\"2024-05-09T20:36:56+00:00\" \/>\n<meta property=\"article:modified_time\" content=\"2024-05-09T20:47:56+00:00\" \/>\n<meta property=\"og:image\" content=\"https:\/\/www.sitsesp.org.br\/novo\/wp-content\/uploads\/2024\/05\/a6d4ae09-de3f-468a-928c-c98a582245c9.jpg\" \/>\n\t<meta property=\"og:image:width\" content=\"800\" \/>\n\t<meta property=\"og:image:height\" content=\"493\" \/>\n\t<meta property=\"og:image:type\" content=\"image\/jpeg\" \/>\n<meta name=\"author\" content=\"2.8marcosaa\" \/>\n<meta name=\"twitter:card\" content=\"summary_large_image\" \/>\n<meta name=\"twitter:label1\" content=\"Escrito por\" \/>\n\t<meta name=\"twitter:data1\" content=\"2.8marcosaa\" \/>\n\t<meta name=\"twitter:label2\" content=\"Est. tempo de leitura\" \/>\n\t<meta name=\"twitter:data2\" content=\"3 minutos\" \/>\n<script type=\"application\/ld+json\" class=\"yoast-schema-graph\">{\"@context\":\"https:\/\/schema.org\",\"@graph\":[{\"@type\":\"Article\",\"@id\":\"https:\/\/www.sitsesp.org.br\/novo\/enchentes-no-rio-grande-do-sul-a-luta-contra-a-natureza\/#article\",\"isPartOf\":{\"@id\":\"https:\/\/www.sitsesp.org.br\/novo\/enchentes-no-rio-grande-do-sul-a-luta-contra-a-natureza\/\"},\"author\":{\"name\":\"2.8marcosaa\",\"@id\":\"https:\/\/www.sitsesp.org.br\/novo\/#\/schema\/person\/0410b37c20ab60fd51a7b8ae5983f8de\"},\"headline\":\"Enchentes no Rio Grande do Sul: A Luta contra a Natureza\",\"datePublished\":\"2024-05-09T20:36:56+00:00\",\"dateModified\":\"2024-05-09T20:47:56+00:00\",\"mainEntityOfPage\":{\"@id\":\"https:\/\/www.sitsesp.org.br\/novo\/enchentes-no-rio-grande-do-sul-a-luta-contra-a-natureza\/\"},\"wordCount\":465,\"commentCount\":1,\"publisher\":{\"@id\":\"https:\/\/www.sitsesp.org.br\/novo\/#organization\"},\"image\":{\"@id\":\"https:\/\/www.sitsesp.org.br\/novo\/enchentes-no-rio-grande-do-sul-a-luta-contra-a-natureza\/#primaryimage\"},\"thumbnailUrl\":\"https:\/\/www.sitsesp.org.br\/novo\/wp-content\/uploads\/2024\/05\/a6d4ae09-de3f-468a-928c-c98a582245c9.jpg\",\"articleSection\":[\"Noticias\"],\"inLanguage\":\"pt-BR\",\"potentialAction\":[{\"@type\":\"CommentAction\",\"name\":\"Comment\",\"target\":[\"https:\/\/www.sitsesp.org.br\/novo\/enchentes-no-rio-grande-do-sul-a-luta-contra-a-natureza\/#respond\"]}]},{\"@type\":\"WebPage\",\"@id\":\"https:\/\/www.sitsesp.org.br\/novo\/enchentes-no-rio-grande-do-sul-a-luta-contra-a-natureza\/\",\"url\":\"https:\/\/www.sitsesp.org.br\/novo\/enchentes-no-rio-grande-do-sul-a-luta-contra-a-natureza\/\",\"name\":\"Enchentes no Rio Grande do Sul: A Luta contra a Natureza - SITSESP\",\"isPartOf\":{\"@id\":\"https:\/\/www.sitsesp.org.br\/novo\/#website\"},\"primaryImageOfPage\":{\"@id\":\"https:\/\/www.sitsesp.org.br\/novo\/enchentes-no-rio-grande-do-sul-a-luta-contra-a-natureza\/#primaryimage\"},\"image\":{\"@id\":\"https:\/\/www.sitsesp.org.br\/novo\/enchentes-no-rio-grande-do-sul-a-luta-contra-a-natureza\/#primaryimage\"},\"thumbnailUrl\":\"https:\/\/www.sitsesp.org.br\/novo\/wp-content\/uploads\/2024\/05\/a6d4ae09-de3f-468a-928c-c98a582245c9.jpg\",\"datePublished\":\"2024-05-09T20:36:56+00:00\",\"dateModified\":\"2024-05-09T20:47:56+00:00\",\"breadcrumb\":{\"@id\":\"https:\/\/www.sitsesp.org.br\/novo\/enchentes-no-rio-grande-do-sul-a-luta-contra-a-natureza\/#breadcrumb\"},\"inLanguage\":\"pt-BR\",\"potentialAction\":[{\"@type\":\"ReadAction\",\"target\":[\"https:\/\/www.sitsesp.org.br\/novo\/enchentes-no-rio-grande-do-sul-a-luta-contra-a-natureza\/\"]}]},{\"@type\":\"ImageObject\",\"inLanguage\":\"pt-BR\",\"@id\":\"https:\/\/www.sitsesp.org.br\/novo\/enchentes-no-rio-grande-do-sul-a-luta-contra-a-natureza\/#primaryimage\",\"url\":\"https:\/\/www.sitsesp.org.br\/novo\/wp-content\/uploads\/2024\/05\/a6d4ae09-de3f-468a-928c-c98a582245c9.jpg\",\"contentUrl\":\"https:\/\/www.sitsesp.org.br\/novo\/wp-content\/uploads\/2024\/05\/a6d4ae09-de3f-468a-928c-c98a582245c9.jpg\",\"width\":800,\"height\":493},{\"@type\":\"BreadcrumbList\",\"@id\":\"https:\/\/www.sitsesp.org.br\/novo\/enchentes-no-rio-grande-do-sul-a-luta-contra-a-natureza\/#breadcrumb\",\"itemListElement\":[{\"@type\":\"ListItem\",\"position\":1,\"name\":\"In\u00edcio\",\"item\":\"https:\/\/www.sitsesp.org.br\/novo\/\"},{\"@type\":\"ListItem\",\"position\":2,\"name\":\"Enchentes no Rio Grande do Sul: A Luta contra a Natureza\"}]},{\"@type\":\"WebSite\",\"@id\":\"https:\/\/www.sitsesp.org.br\/novo\/#website\",\"url\":\"https:\/\/www.sitsesp.org.br\/novo\/\",\"name\":\"Sitsesp\",\"description\":\"SIndicato da Socioeduca\u00e7\u00e3o do Estado de S\u00e3o Paulo\",\"publisher\":{\"@id\":\"https:\/\/www.sitsesp.org.br\/novo\/#organization\"},\"potentialAction\":[{\"@type\":\"SearchAction\",\"target\":{\"@type\":\"EntryPoint\",\"urlTemplate\":\"https:\/\/www.sitsesp.org.br\/novo\/?s={search_term_string}\"},\"query-input\":\"required name=search_term_string\"}],\"inLanguage\":\"pt-BR\"},{\"@type\":\"Organization\",\"@id\":\"https:\/\/www.sitsesp.org.br\/novo\/#organization\",\"name\":\"Sitsesp\",\"url\":\"https:\/\/www.sitsesp.org.br\/novo\/\",\"logo\":{\"@type\":\"ImageObject\",\"inLanguage\":\"pt-BR\",\"@id\":\"https:\/\/www.sitsesp.org.br\/novo\/#\/schema\/logo\/image\/\",\"url\":\"https:\/\/www.sitsesp.org.br\/novo\/wp-content\/uploads\/2020\/09\/Design-sem-nome-1.jpg\",\"contentUrl\":\"https:\/\/www.sitsesp.org.br\/novo\/wp-content\/uploads\/2020\/09\/Design-sem-nome-1.jpg\",\"width\":300,\"height\":300,\"caption\":\"Sitsesp\"},\"image\":{\"@id\":\"https:\/\/www.sitsesp.org.br\/novo\/#\/schema\/logo\/image\/\"}},{\"@type\":\"Person\",\"@id\":\"https:\/\/www.sitsesp.org.br\/novo\/#\/schema\/person\/0410b37c20ab60fd51a7b8ae5983f8de\",\"name\":\"2.8marcosaa\",\"image\":{\"@type\":\"ImageObject\",\"inLanguage\":\"pt-BR\",\"@id\":\"https:\/\/www.sitsesp.org.br\/novo\/#\/schema\/person\/image\/\",\"url\":\"https:\/\/secure.gravatar.com\/avatar\/0273db62f5a16721adcf1f80ba308e7b?s=96&d=mm&r=g\",\"contentUrl\":\"https:\/\/secure.gravatar.com\/avatar\/0273db62f5a16721adcf1f80ba308e7b?s=96&d=mm&r=g\",\"caption\":\"2.8marcosaa\"},\"sameAs\":[\"http:\/\/www.362k.com.br\"]}]}<\/script>\n<!-- \/ Yoast SEO plugin. -->","yoast_head_json":{"title":"Enchentes no Rio Grande do Sul: A Luta contra a Natureza - SITSESP","robots":{"index":"index","follow":"follow","max-snippet":"max-snippet:-1","max-image-preview":"max-image-preview:large","max-video-preview":"max-video-preview:-1"},"canonical":"https:\/\/www.sitsesp.org.br\/novo\/enchentes-no-rio-grande-do-sul-a-luta-contra-a-natureza\/","og_locale":"pt_BR","og_type":"article","og_title":"Enchentes no Rio Grande do Sul: A Luta contra a Natureza - SITSESP","og_description":"No estado do Rio Grande do Sul, o cen\u00e1rio das enchentes \u00e9 uma batalha constante entre a for\u00e7a da natureza e&hellip;","og_url":"https:\/\/www.sitsesp.org.br\/novo\/enchentes-no-rio-grande-do-sul-a-luta-contra-a-natureza\/","og_site_name":"SITSESP","article_published_time":"2024-05-09T20:36:56+00:00","article_modified_time":"2024-05-09T20:47:56+00:00","og_image":[{"width":800,"height":493,"url":"https:\/\/www.sitsesp.org.br\/novo\/wp-content\/uploads\/2024\/05\/a6d4ae09-de3f-468a-928c-c98a582245c9.jpg","type":"image\/jpeg"}],"author":"2.8marcosaa","twitter_card":"summary_large_image","twitter_misc":{"Escrito por":"2.8marcosaa","Est. tempo de leitura":"3 minutos"},"schema":{"@context":"https:\/\/schema.org","@graph":[{"@type":"Article","@id":"https:\/\/www.sitsesp.org.br\/novo\/enchentes-no-rio-grande-do-sul-a-luta-contra-a-natureza\/#article","isPartOf":{"@id":"https:\/\/www.sitsesp.org.br\/novo\/enchentes-no-rio-grande-do-sul-a-luta-contra-a-natureza\/"},"author":{"name":"2.8marcosaa","@id":"https:\/\/www.sitsesp.org.br\/novo\/#\/schema\/person\/0410b37c20ab60fd51a7b8ae5983f8de"},"headline":"Enchentes no Rio Grande do Sul: A Luta contra a Natureza","datePublished":"2024-05-09T20:36:56+00:00","dateModified":"2024-05-09T20:47:56+00:00","mainEntityOfPage":{"@id":"https:\/\/www.sitsesp.org.br\/novo\/enchentes-no-rio-grande-do-sul-a-luta-contra-a-natureza\/"},"wordCount":465,"commentCount":1,"publisher":{"@id":"https:\/\/www.sitsesp.org.br\/novo\/#organization"},"image":{"@id":"https:\/\/www.sitsesp.org.br\/novo\/enchentes-no-rio-grande-do-sul-a-luta-contra-a-natureza\/#primaryimage"},"thumbnailUrl":"https:\/\/www.sitsesp.org.br\/novo\/wp-content\/uploads\/2024\/05\/a6d4ae09-de3f-468a-928c-c98a582245c9.jpg","articleSection":["Noticias"],"inLanguage":"pt-BR","potentialAction":[{"@type":"CommentAction","name":"Comment","target":["https:\/\/www.sitsesp.org.br\/novo\/enchentes-no-rio-grande-do-sul-a-luta-contra-a-natureza\/#respond"]}]},{"@type":"WebPage","@id":"https:\/\/www.sitsesp.org.br\/novo\/enchentes-no-rio-grande-do-sul-a-luta-contra-a-natureza\/","url":"https:\/\/www.sitsesp.org.br\/novo\/enchentes-no-rio-grande-do-sul-a-luta-contra-a-natureza\/","name":"Enchentes no Rio Grande do Sul: A Luta contra a Natureza - SITSESP","isPartOf":{"@id":"https:\/\/www.sitsesp.org.br\/novo\/#website"},"primaryImageOfPage":{"@id":"https:\/\/www.sitsesp.org.br\/novo\/enchentes-no-rio-grande-do-sul-a-luta-contra-a-natureza\/#primaryimage"},"image":{"@id":"https:\/\/www.sitsesp.org.br\/novo\/enchentes-no-rio-grande-do-sul-a-luta-contra-a-natureza\/#primaryimage"},"thumbnailUrl":"https:\/\/www.sitsesp.org.br\/novo\/wp-content\/uploads\/2024\/05\/a6d4ae09-de3f-468a-928c-c98a582245c9.jpg","datePublished":"2024-05-09T20:36:56+00:00","dateModified":"2024-05-09T20:47:56+00:00","breadcrumb":{"@id":"https:\/\/www.sitsesp.org.br\/novo\/enchentes-no-rio-grande-do-sul-a-luta-contra-a-natureza\/#breadcrumb"},"inLanguage":"pt-BR","potentialAction":[{"@type":"ReadAction","target":["https:\/\/www.sitsesp.org.br\/novo\/enchentes-no-rio-grande-do-sul-a-luta-contra-a-natureza\/"]}]},{"@type":"ImageObject","inLanguage":"pt-BR","@id":"https:\/\/www.sitsesp.org.br\/novo\/enchentes-no-rio-grande-do-sul-a-luta-contra-a-natureza\/#primaryimage","url":"https:\/\/www.sitsesp.org.br\/novo\/wp-content\/uploads\/2024\/05\/a6d4ae09-de3f-468a-928c-c98a582245c9.jpg","contentUrl":"https:\/\/www.sitsesp.org.br\/novo\/wp-content\/uploads\/2024\/05\/a6d4ae09-de3f-468a-928c-c98a582245c9.jpg","width":800,"height":493},{"@type":"BreadcrumbList","@id":"https:\/\/www.sitsesp.org.br\/novo\/enchentes-no-rio-grande-do-sul-a-luta-contra-a-natureza\/#breadcrumb","itemListElement":[{"@type":"ListItem","position":1,"name":"In\u00edcio","item":"https:\/\/www.sitsesp.org.br\/novo\/"},{"@type":"ListItem","position":2,"name":"Enchentes no Rio Grande do Sul: A Luta contra a Natureza"}]},{"@type":"WebSite","@id":"https:\/\/www.sitsesp.org.br\/novo\/#website","url":"https:\/\/www.sitsesp.org.br\/novo\/","name":"Sitsesp","description":"SIndicato da Socioeduca\u00e7\u00e3o do Estado de S\u00e3o Paulo","publisher":{"@id":"https:\/\/www.sitsesp.org.br\/novo\/#organization"},"potentialAction":[{"@type":"SearchAction","target":{"@type":"EntryPoint","urlTemplate":"https:\/\/www.sitsesp.org.br\/novo\/?s={search_term_string}"},"query-input":"required name=search_term_string"}],"inLanguage":"pt-BR"},{"@type":"Organization","@id":"https:\/\/www.sitsesp.org.br\/novo\/#organization","name":"Sitsesp","url":"https:\/\/www.sitsesp.org.br\/novo\/","logo":{"@type":"ImageObject","inLanguage":"pt-BR","@id":"https:\/\/www.sitsesp.org.br\/novo\/#\/schema\/logo\/image\/","url":"https:\/\/www.sitsesp.org.br\/novo\/wp-content\/uploads\/2020\/09\/Design-sem-nome-1.jpg","contentUrl":"https:\/\/www.sitsesp.org.br\/novo\/wp-content\/uploads\/2020\/09\/Design-sem-nome-1.jpg","width":300,"height":300,"caption":"Sitsesp"},"image":{"@id":"https:\/\/www.sitsesp.org.br\/novo\/#\/schema\/logo\/image\/"}},{"@type":"Person","@id":"https:\/\/www.sitsesp.org.br\/novo\/#\/schema\/person\/0410b37c20ab60fd51a7b8ae5983f8de","name":"2.8marcosaa","image":{"@type":"ImageObject","inLanguage":"pt-BR","@id":"https:\/\/www.sitsesp.org.br\/novo\/#\/schema\/person\/image\/","url":"https:\/\/secure.gravatar.com\/avatar\/0273db62f5a16721adcf1f80ba308e7b?s=96&d=mm&r=g","contentUrl":"https:\/\/secure.gravatar.com\/avatar\/0273db62f5a16721adcf1f80ba308e7b?s=96&d=mm&r=g","caption":"2.8marcosaa"},"sameAs":["http:\/\/www.362k.com.br"]}]}},"_links":{"self":[{"href":"https:\/\/www.sitsesp.org.br\/novo\/wp-json\/wp\/v2\/posts\/14276"}],"collection":[{"href":"https:\/\/www.sitsesp.org.br\/novo\/wp-json\/wp\/v2\/posts"}],"about":[{"href":"https:\/\/www.sitsesp.org.br\/novo\/wp-json\/wp\/v2\/types\/post"}],"author":[{"embeddable":true,"href":"https:\/\/www.sitsesp.org.br\/novo\/wp-json\/wp\/v2\/users\/7"}],"replies":[{"embeddable":true,"href":"https:\/\/www.sitsesp.org.br\/novo\/wp-json\/wp\/v2\/comments?post=14276"}],"version-history":[{"count":3,"href":"https:\/\/www.sitsesp.org.br\/novo\/wp-json\/wp\/v2\/posts\/14276\/revisions"}],"predecessor-version":[{"id":14281,"href":"https:\/\/www.sitsesp.org.br\/novo\/wp-json\/wp\/v2\/posts\/14276\/revisions\/14281"}],"wp:featuredmedia":[{"embeddable":true,"href":"https:\/\/www.sitsesp.org.br\/novo\/wp-json\/wp\/v2\/media\/14277"}],"wp:attachment":[{"href":"https:\/\/www.sitsesp.org.br\/novo\/wp-json\/wp\/v2\/media?parent=14276"}],"wp:term":[{"taxonomy":"category","embeddable":true,"href":"https:\/\/www.sitsesp.org.br\/novo\/wp-json\/wp\/v2\/categories?post=14276"},{"taxonomy":"post_tag","embeddable":true,"href":"https:\/\/www.sitsesp.org.br\/novo\/wp-json\/wp\/v2\/tags?post=14276"}],"curies":[{"name":"wp","href":"https:\/\/api.w.org\/{rel}","templated":true}]}}