{"id":14282,"date":"2024-05-10T08:04:55","date_gmt":"2024-05-10T11:04:55","guid":{"rendered":"https:\/\/www.sitsesp.org.br\/novo\/?p=14282"},"modified":"2024-05-10T08:05:58","modified_gmt":"2024-05-10T11:05:58","slug":"campanha-incentiva-participacao-de-jovens-em-movimentos-sindicais","status":"publish","type":"post","link":"https:\/\/www.sitsesp.org.br\/novo\/campanha-incentiva-participacao-de-jovens-em-movimentos-sindicais\/","title":{"rendered":"Campanha incentiva participa\u00e7\u00e3o de jovens em movimentos sindicais"},"content":{"rendered":"<p><!-- VideographyWP Plugin Message: Automatic video embedding prevented by plugin options. --><\/p>\n<div class=\"post-item-wrap\">\n<p style=\"text-align: justify;\">O Minist\u00e9rio P\u00fablico do Trabalho (MPT) realiza, durante este m\u00eas, a campanha Maio Lil\u00e1s, que busca estimular a participa\u00e7\u00e3o dos jovens nos sindicatos de trabalhadores. A campanha faz parte de um conjunto de a\u00e7\u00f5es previstas no projeto estrat\u00e9gico da Coordenadoria Nacional de Promo\u00e7\u00e3o da Liberdade Sindical e do Di\u00e1logo Social (Conalis) do MPT, denominado Sindicalismo e Juventude, que ser\u00e1 desenvolvido como piloto nas procuradorias regionais do Trabalho da 1\u00aa Regi\u00e3o (Rio de Janeiro), 2\u00aa Regi\u00e3o (S\u00e3o Paulo), 4\u00aa Regi\u00e3o (Rio Grande do Sul), 17\u00aa Regi\u00e3o (Esp\u00edrito Santo) e 20\u00aa Regi\u00e3o (Sergipe).<\/p>\n<p style=\"text-align: justify;\">Segundo a procuradora regional do Trabalho Viviann Brito Mattos, titular da Conalis, no \u00e2mbito do\u00a0projeto, foi feita uma an\u00e1lise da diversidade nos sindicatos. \u201cA gente percebeu que os sindicatos, al\u00e9m de nem todos terem uma participa\u00e7\u00e3o da juventude dentro da sua pr\u00f3pria estrutura, n\u00e3o havia uma aproxima\u00e7\u00e3o em rela\u00e7\u00e3o \u00e0s lutas da juventude trabalhadora, que \u00e9 mais suscet\u00edvel, no momento atual, ao subemprego, \u00e0 precariza\u00e7\u00e3o\u201d,\u00a0disse ela\u00a0nesta segunda-feira (6) em entrevista \u00e0\u00a0<strong>Ag\u00eancia Brasil<\/strong>.<\/p>\n<p style=\"text-align: justify;\">O projeto\u00a0buscar abrir espa\u00e7o e di\u00e1logo social, aproximando dois atores sociais, que s\u00e3o a juventude trabalhadora e o movimento sindical. \u201cPorque, a partir do momento em que os jovens n\u00e3o t\u00eam voz, n\u00e3o s\u00e3o ouvidos e acompanhados, isso d\u00e1 uma perda em termos de negocia\u00e7\u00e3o coletiva, na prote\u00e7\u00e3o dos direitos dos trabalhadores e, sobretudo, contribui, inclusive, para a precariza\u00e7\u00e3o dos direitos. E o sindicato, por sua vez, quando n\u00e3o se aproxima da juventude, ele deixa de conhecer a realidade daquele momento, daquele jovem\u201d, ressaltou.<\/p>\n<h2 style=\"text-align: justify;\">Formas de trabalho<\/h2>\n<p style=\"text-align: justify;\">Viviann Brito Mattos destacou o surgimento de novas formas de trabalho, que &#8220;amea\u00e7am o futuro do pr\u00f3prio emprego e precisam ser debatidas&#8221;. &#8220;Todos os atores envolvidos ser\u00e3o afetados e, no caso, a juventude \u00e9 aquela que vai ser a mais afetada no primeiro momento.\u201d\u00a0Por isso, a procuradora defende\u00a0o di\u00e1logo entre a juventude trabalhadora e os sindicatos, visando tornar o pa\u00eds mais justo para toda a popula\u00e7\u00e3o.<\/p>\n<p style=\"text-align: justify;\">Dados do Instituto de Pesquisa Econ\u00f4mica Aplicada (Ipea) revelam que o n\u00famero\u00a0de filiados em sindicatos com idade entre 16 e 29 anos caiu de 3 milh\u00f5es para 1,3 milh\u00e3o no Brasil, entre 2012 e 2022, o que representa perda de 55%.\u00a0A procuradora observou\u00a0que esse \u00e9 um fen\u00f4meno que ocorre tamb\u00e9m em outros pa\u00edses. Para Viviann, a n\u00e3o filia\u00e7\u00e3o tem uma s\u00e9rie de raz\u00f5es. Uma delas tem a ver com mitos ou representa\u00e7\u00f5es sociais negativas.<\/p>\n<p style=\"text-align: justify;\">Na avalia\u00e7\u00e3o da procuradora, o jovem est\u00e1 mais suscet\u00edvel a press\u00f5es externas, porque est\u00e1 em uma faixa de idade em que muitas vezes n\u00e3o consegue nem trabalhar, nem estudar.\u00a0\u00c9 a chamada\u00a0<a href=\"https:\/\/agenciabrasil.ebc.com.br\/educacao\/noticia\/2024-03\/um-em-cinco-jovens-brasileiros-de-15-29-anos-nao-estuda-nem-trabalha\" target=\"_blank\" rel=\"noopener\">gera\u00e7\u00e3o nem-nem<\/a>. Al\u00e9m de sofrer com o desemprego, h\u00e1 o problema da precariza\u00e7\u00e3o, ou seja, da informalidade.<\/p>\n<h2 style=\"text-align: justify;\">Ganho duplo<\/h2>\n<p style=\"text-align: justify;\">A coordenadora da Conalis argumentou que, com a filia\u00e7\u00e3o aos sindicatos, ganham os dois lados: jovens e os pr\u00f3prios movimentos sindicais. \u201cPorque hoje o que n\u00f3s temos \u00e9 um sindicato que precisa se revitalizar e ele s\u00f3 se revitaliza a partir do momento em que traz a juventude, dialoga com a juventude. E esta precisa da prote\u00e7\u00e3o de direitos. E para a prote\u00e7\u00e3o desses direitos, o sindicato \u00e9 o caminho. S\u00f3 uma a\u00e7\u00e3o coletiva de direitos tem condi\u00e7\u00e3o de melhorar as condi\u00e7\u00f5es de trabalho.\u201d<\/p>\n<p style=\"text-align: justify;\">A campanha Maio Lil\u00e1s segue\u00a0at\u00e9 o final deste m\u00eas. O MPT tem o papel de\u00a0aproximar as partes, para que elas possam dialogar. Viviann deixou claro que esse di\u00e1logo n\u00e3o significa que as duas partes precisam concordar com tudo, \u201cporque pode-se chegar ao um mesmo resultado tendo opini\u00f5es diversas, mas com um centro de converg\u00eancia e aquilo pelo qual se luta&#8221;.<\/p>\n<p style=\"text-align: justify;\">A campanha \u00e9 promovida pelo MPT desde 2017. A escolha do m\u00eas tem como base a greve geral organizada pelos trabalhadores de Chicago, nos Estados Unidos, no final do s\u00e9culo XIX, muitos dos quais foram mortos ou presos por lutarem por valoriza\u00e7\u00e3o e por melhores condi\u00e7\u00f5es de trabalho. J\u00e1 a cor lil\u00e1s \u00e9 uma homenagem \u00e0s 129 mulheres trabalhadoras, que foram trancadas e queimadas vivas em um inc\u00eandio criminoso numa f\u00e1brica de tecidos, em Nova York, em 8 de mar\u00e7o de 1857, por reivindicarem um sal\u00e1rio justo e redu\u00e7\u00e3o da jornada de trabalho. No momento do inc\u00eandio, a f\u00e1brica confeccionava um tecido de cor lil\u00e1s.<\/p>\n<p>Fonte: Ag\u00eancia Brasil<\/p>\n<\/div>\n","protected":false},"excerpt":{"rendered":"<p>O Minist\u00e9rio P\u00fablico do Trabalho (MPT) realiza, durante este m\u00eas, a campanha Maio Lil\u00e1s, que busca estimular a participa\u00e7\u00e3o dos jovens&hellip;<\/p>\n","protected":false},"author":7,"featured_media":14283,"comment_status":"open","ping_status":"open","sticky":false,"template":"","format":"standard","meta":{"cybocfi_hide_featured_image":"","footnotes":""},"categories":[22],"tags":[],"yoast_head":"<!-- This site is optimized with the Yoast SEO plugin v22.8 - https:\/\/yoast.com\/wordpress\/plugins\/seo\/ -->\n<title>Campanha incentiva participa\u00e7\u00e3o de jovens em movimentos sindicais - SITSESP<\/title>\n<meta name=\"robots\" content=\"index, follow, max-snippet:-1, max-image-preview:large, max-video-preview:-1\" \/>\n<link rel=\"canonical\" href=\"https:\/\/www.sitsesp.org.br\/novo\/campanha-incentiva-participacao-de-jovens-em-movimentos-sindicais\/\" \/>\n<meta property=\"og:locale\" content=\"pt_BR\" \/>\n<meta property=\"og:type\" content=\"article\" \/>\n<meta property=\"og:title\" content=\"Campanha incentiva participa\u00e7\u00e3o de jovens em movimentos sindicais - SITSESP\" \/>\n<meta property=\"og:description\" content=\"O Minist\u00e9rio P\u00fablico do Trabalho (MPT) realiza, durante este m\u00eas, a campanha Maio Lil\u00e1s, que busca estimular a participa\u00e7\u00e3o dos jovens&hellip;\" \/>\n<meta property=\"og:url\" content=\"https:\/\/www.sitsesp.org.br\/novo\/campanha-incentiva-participacao-de-jovens-em-movimentos-sindicais\/\" \/>\n<meta property=\"og:site_name\" content=\"SITSESP\" \/>\n<meta property=\"article:published_time\" content=\"2024-05-10T11:04:55+00:00\" \/>\n<meta property=\"article:modified_time\" content=\"2024-05-10T11:05:58+00:00\" \/>\n<meta property=\"og:image\" content=\"https:\/\/www.sitsesp.org.br\/novo\/wp-content\/uploads\/2024\/05\/people-having-protest-world-environment-day.jpg\" \/>\n\t<meta property=\"og:image:width\" content=\"800\" \/>\n\t<meta property=\"og:image:height\" content=\"533\" \/>\n\t<meta property=\"og:image:type\" content=\"image\/jpeg\" \/>\n<meta name=\"author\" content=\"2.8marcosaa\" \/>\n<meta name=\"twitter:card\" content=\"summary_large_image\" \/>\n<meta name=\"twitter:label1\" content=\"Escrito por\" \/>\n\t<meta name=\"twitter:data1\" content=\"2.8marcosaa\" \/>\n\t<meta name=\"twitter:label2\" content=\"Est. tempo de leitura\" \/>\n\t<meta name=\"twitter:data2\" content=\"4 minutos\" \/>\n<script type=\"application\/ld+json\" class=\"yoast-schema-graph\">{\"@context\":\"https:\/\/schema.org\",\"@graph\":[{\"@type\":\"Article\",\"@id\":\"https:\/\/www.sitsesp.org.br\/novo\/campanha-incentiva-participacao-de-jovens-em-movimentos-sindicais\/#article\",\"isPartOf\":{\"@id\":\"https:\/\/www.sitsesp.org.br\/novo\/campanha-incentiva-participacao-de-jovens-em-movimentos-sindicais\/\"},\"author\":{\"name\":\"2.8marcosaa\",\"@id\":\"https:\/\/www.sitsesp.org.br\/novo\/#\/schema\/person\/0410b37c20ab60fd51a7b8ae5983f8de\"},\"headline\":\"Campanha incentiva participa\u00e7\u00e3o de jovens em movimentos sindicais\",\"datePublished\":\"2024-05-10T11:04:55+00:00\",\"dateModified\":\"2024-05-10T11:05:58+00:00\",\"mainEntityOfPage\":{\"@id\":\"https:\/\/www.sitsesp.org.br\/novo\/campanha-incentiva-participacao-de-jovens-em-movimentos-sindicais\/\"},\"wordCount\":777,\"commentCount\":0,\"publisher\":{\"@id\":\"https:\/\/www.sitsesp.org.br\/novo\/#organization\"},\"image\":{\"@id\":\"https:\/\/www.sitsesp.org.br\/novo\/campanha-incentiva-participacao-de-jovens-em-movimentos-sindicais\/#primaryimage\"},\"thumbnailUrl\":\"https:\/\/www.sitsesp.org.br\/novo\/wp-content\/uploads\/2024\/05\/people-having-protest-world-environment-day.jpg\",\"articleSection\":[\"Noticias\"],\"inLanguage\":\"pt-BR\",\"potentialAction\":[{\"@type\":\"CommentAction\",\"name\":\"Comment\",\"target\":[\"https:\/\/www.sitsesp.org.br\/novo\/campanha-incentiva-participacao-de-jovens-em-movimentos-sindicais\/#respond\"]}]},{\"@type\":\"WebPage\",\"@id\":\"https:\/\/www.sitsesp.org.br\/novo\/campanha-incentiva-participacao-de-jovens-em-movimentos-sindicais\/\",\"url\":\"https:\/\/www.sitsesp.org.br\/novo\/campanha-incentiva-participacao-de-jovens-em-movimentos-sindicais\/\",\"name\":\"Campanha incentiva participa\u00e7\u00e3o de jovens em movimentos sindicais - SITSESP\",\"isPartOf\":{\"@id\":\"https:\/\/www.sitsesp.org.br\/novo\/#website\"},\"primaryImageOfPage\":{\"@id\":\"https:\/\/www.sitsesp.org.br\/novo\/campanha-incentiva-participacao-de-jovens-em-movimentos-sindicais\/#primaryimage\"},\"image\":{\"@id\":\"https:\/\/www.sitsesp.org.br\/novo\/campanha-incentiva-participacao-de-jovens-em-movimentos-sindicais\/#primaryimage\"},\"thumbnailUrl\":\"https:\/\/www.sitsesp.org.br\/novo\/wp-content\/uploads\/2024\/05\/people-having-protest-world-environment-day.jpg\",\"datePublished\":\"2024-05-10T11:04:55+00:00\",\"dateModified\":\"2024-05-10T11:05:58+00:00\",\"breadcrumb\":{\"@id\":\"https:\/\/www.sitsesp.org.br\/novo\/campanha-incentiva-participacao-de-jovens-em-movimentos-sindicais\/#breadcrumb\"},\"inLanguage\":\"pt-BR\",\"potentialAction\":[{\"@type\":\"ReadAction\",\"target\":[\"https:\/\/www.sitsesp.org.br\/novo\/campanha-incentiva-participacao-de-jovens-em-movimentos-sindicais\/\"]}]},{\"@type\":\"ImageObject\",\"inLanguage\":\"pt-BR\",\"@id\":\"https:\/\/www.sitsesp.org.br\/novo\/campanha-incentiva-participacao-de-jovens-em-movimentos-sindicais\/#primaryimage\",\"url\":\"https:\/\/www.sitsesp.org.br\/novo\/wp-content\/uploads\/2024\/05\/people-having-protest-world-environment-day.jpg\",\"contentUrl\":\"https:\/\/www.sitsesp.org.br\/novo\/wp-content\/uploads\/2024\/05\/people-having-protest-world-environment-day.jpg\",\"width\":800,\"height\":533},{\"@type\":\"BreadcrumbList\",\"@id\":\"https:\/\/www.sitsesp.org.br\/novo\/campanha-incentiva-participacao-de-jovens-em-movimentos-sindicais\/#breadcrumb\",\"itemListElement\":[{\"@type\":\"ListItem\",\"position\":1,\"name\":\"In\u00edcio\",\"item\":\"https:\/\/www.sitsesp.org.br\/novo\/\"},{\"@type\":\"ListItem\",\"position\":2,\"name\":\"Campanha incentiva participa\u00e7\u00e3o de jovens em movimentos sindicais\"}]},{\"@type\":\"WebSite\",\"@id\":\"https:\/\/www.sitsesp.org.br\/novo\/#website\",\"url\":\"https:\/\/www.sitsesp.org.br\/novo\/\",\"name\":\"Sitsesp\",\"description\":\"SIndicato da Socioeduca\u00e7\u00e3o do Estado de S\u00e3o Paulo\",\"publisher\":{\"@id\":\"https:\/\/www.sitsesp.org.br\/novo\/#organization\"},\"potentialAction\":[{\"@type\":\"SearchAction\",\"target\":{\"@type\":\"EntryPoint\",\"urlTemplate\":\"https:\/\/www.sitsesp.org.br\/novo\/?s={search_term_string}\"},\"query-input\":\"required name=search_term_string\"}],\"inLanguage\":\"pt-BR\"},{\"@type\":\"Organization\",\"@id\":\"https:\/\/www.sitsesp.org.br\/novo\/#organization\",\"name\":\"Sitsesp\",\"url\":\"https:\/\/www.sitsesp.org.br\/novo\/\",\"logo\":{\"@type\":\"ImageObject\",\"inLanguage\":\"pt-BR\",\"@id\":\"https:\/\/www.sitsesp.org.br\/novo\/#\/schema\/logo\/image\/\",\"url\":\"https:\/\/www.sitsesp.org.br\/novo\/wp-content\/uploads\/2020\/09\/Design-sem-nome-1.jpg\",\"contentUrl\":\"https:\/\/www.sitsesp.org.br\/novo\/wp-content\/uploads\/2020\/09\/Design-sem-nome-1.jpg\",\"width\":300,\"height\":300,\"caption\":\"Sitsesp\"},\"image\":{\"@id\":\"https:\/\/www.sitsesp.org.br\/novo\/#\/schema\/logo\/image\/\"}},{\"@type\":\"Person\",\"@id\":\"https:\/\/www.sitsesp.org.br\/novo\/#\/schema\/person\/0410b37c20ab60fd51a7b8ae5983f8de\",\"name\":\"2.8marcosaa\",\"image\":{\"@type\":\"ImageObject\",\"inLanguage\":\"pt-BR\",\"@id\":\"https:\/\/www.sitsesp.org.br\/novo\/#\/schema\/person\/image\/\",\"url\":\"https:\/\/secure.gravatar.com\/avatar\/0273db62f5a16721adcf1f80ba308e7b?s=96&d=mm&r=g\",\"contentUrl\":\"https:\/\/secure.gravatar.com\/avatar\/0273db62f5a16721adcf1f80ba308e7b?s=96&d=mm&r=g\",\"caption\":\"2.8marcosaa\"},\"sameAs\":[\"http:\/\/www.362k.com.br\"]}]}<\/script>\n<!-- \/ Yoast SEO plugin. -->","yoast_head_json":{"title":"Campanha incentiva participa\u00e7\u00e3o de jovens em movimentos sindicais - SITSESP","robots":{"index":"index","follow":"follow","max-snippet":"max-snippet:-1","max-image-preview":"max-image-preview:large","max-video-preview":"max-video-preview:-1"},"canonical":"https:\/\/www.sitsesp.org.br\/novo\/campanha-incentiva-participacao-de-jovens-em-movimentos-sindicais\/","og_locale":"pt_BR","og_type":"article","og_title":"Campanha incentiva participa\u00e7\u00e3o de jovens em movimentos sindicais - SITSESP","og_description":"O Minist\u00e9rio P\u00fablico do Trabalho (MPT) realiza, durante este m\u00eas, a campanha Maio Lil\u00e1s, que busca estimular a participa\u00e7\u00e3o dos jovens&hellip;","og_url":"https:\/\/www.sitsesp.org.br\/novo\/campanha-incentiva-participacao-de-jovens-em-movimentos-sindicais\/","og_site_name":"SITSESP","article_published_time":"2024-05-10T11:04:55+00:00","article_modified_time":"2024-05-10T11:05:58+00:00","og_image":[{"width":800,"height":533,"url":"https:\/\/www.sitsesp.org.br\/novo\/wp-content\/uploads\/2024\/05\/people-having-protest-world-environment-day.jpg","type":"image\/jpeg"}],"author":"2.8marcosaa","twitter_card":"summary_large_image","twitter_misc":{"Escrito por":"2.8marcosaa","Est. tempo de leitura":"4 minutos"},"schema":{"@context":"https:\/\/schema.org","@graph":[{"@type":"Article","@id":"https:\/\/www.sitsesp.org.br\/novo\/campanha-incentiva-participacao-de-jovens-em-movimentos-sindicais\/#article","isPartOf":{"@id":"https:\/\/www.sitsesp.org.br\/novo\/campanha-incentiva-participacao-de-jovens-em-movimentos-sindicais\/"},"author":{"name":"2.8marcosaa","@id":"https:\/\/www.sitsesp.org.br\/novo\/#\/schema\/person\/0410b37c20ab60fd51a7b8ae5983f8de"},"headline":"Campanha incentiva participa\u00e7\u00e3o de jovens em movimentos sindicais","datePublished":"2024-05-10T11:04:55+00:00","dateModified":"2024-05-10T11:05:58+00:00","mainEntityOfPage":{"@id":"https:\/\/www.sitsesp.org.br\/novo\/campanha-incentiva-participacao-de-jovens-em-movimentos-sindicais\/"},"wordCount":777,"commentCount":0,"publisher":{"@id":"https:\/\/www.sitsesp.org.br\/novo\/#organization"},"image":{"@id":"https:\/\/www.sitsesp.org.br\/novo\/campanha-incentiva-participacao-de-jovens-em-movimentos-sindicais\/#primaryimage"},"thumbnailUrl":"https:\/\/www.sitsesp.org.br\/novo\/wp-content\/uploads\/2024\/05\/people-having-protest-world-environment-day.jpg","articleSection":["Noticias"],"inLanguage":"pt-BR","potentialAction":[{"@type":"CommentAction","name":"Comment","target":["https:\/\/www.sitsesp.org.br\/novo\/campanha-incentiva-participacao-de-jovens-em-movimentos-sindicais\/#respond"]}]},{"@type":"WebPage","@id":"https:\/\/www.sitsesp.org.br\/novo\/campanha-incentiva-participacao-de-jovens-em-movimentos-sindicais\/","url":"https:\/\/www.sitsesp.org.br\/novo\/campanha-incentiva-participacao-de-jovens-em-movimentos-sindicais\/","name":"Campanha incentiva participa\u00e7\u00e3o de jovens em movimentos sindicais - SITSESP","isPartOf":{"@id":"https:\/\/www.sitsesp.org.br\/novo\/#website"},"primaryImageOfPage":{"@id":"https:\/\/www.sitsesp.org.br\/novo\/campanha-incentiva-participacao-de-jovens-em-movimentos-sindicais\/#primaryimage"},"image":{"@id":"https:\/\/www.sitsesp.org.br\/novo\/campanha-incentiva-participacao-de-jovens-em-movimentos-sindicais\/#primaryimage"},"thumbnailUrl":"https:\/\/www.sitsesp.org.br\/novo\/wp-content\/uploads\/2024\/05\/people-having-protest-world-environment-day.jpg","datePublished":"2024-05-10T11:04:55+00:00","dateModified":"2024-05-10T11:05:58+00:00","breadcrumb":{"@id":"https:\/\/www.sitsesp.org.br\/novo\/campanha-incentiva-participacao-de-jovens-em-movimentos-sindicais\/#breadcrumb"},"inLanguage":"pt-BR","potentialAction":[{"@type":"ReadAction","target":["https:\/\/www.sitsesp.org.br\/novo\/campanha-incentiva-participacao-de-jovens-em-movimentos-sindicais\/"]}]},{"@type":"ImageObject","inLanguage":"pt-BR","@id":"https:\/\/www.sitsesp.org.br\/novo\/campanha-incentiva-participacao-de-jovens-em-movimentos-sindicais\/#primaryimage","url":"https:\/\/www.sitsesp.org.br\/novo\/wp-content\/uploads\/2024\/05\/people-having-protest-world-environment-day.jpg","contentUrl":"https:\/\/www.sitsesp.org.br\/novo\/wp-content\/uploads\/2024\/05\/people-having-protest-world-environment-day.jpg","width":800,"height":533},{"@type":"BreadcrumbList","@id":"https:\/\/www.sitsesp.org.br\/novo\/campanha-incentiva-participacao-de-jovens-em-movimentos-sindicais\/#breadcrumb","itemListElement":[{"@type":"ListItem","position":1,"name":"In\u00edcio","item":"https:\/\/www.sitsesp.org.br\/novo\/"},{"@type":"ListItem","position":2,"name":"Campanha incentiva participa\u00e7\u00e3o de jovens em movimentos sindicais"}]},{"@type":"WebSite","@id":"https:\/\/www.sitsesp.org.br\/novo\/#website","url":"https:\/\/www.sitsesp.org.br\/novo\/","name":"Sitsesp","description":"SIndicato da Socioeduca\u00e7\u00e3o do Estado de S\u00e3o Paulo","publisher":{"@id":"https:\/\/www.sitsesp.org.br\/novo\/#organization"},"potentialAction":[{"@type":"SearchAction","target":{"@type":"EntryPoint","urlTemplate":"https:\/\/www.sitsesp.org.br\/novo\/?s={search_term_string}"},"query-input":"required name=search_term_string"}],"inLanguage":"pt-BR"},{"@type":"Organization","@id":"https:\/\/www.sitsesp.org.br\/novo\/#organization","name":"Sitsesp","url":"https:\/\/www.sitsesp.org.br\/novo\/","logo":{"@type":"ImageObject","inLanguage":"pt-BR","@id":"https:\/\/www.sitsesp.org.br\/novo\/#\/schema\/logo\/image\/","url":"https:\/\/www.sitsesp.org.br\/novo\/wp-content\/uploads\/2020\/09\/Design-sem-nome-1.jpg","contentUrl":"https:\/\/www.sitsesp.org.br\/novo\/wp-content\/uploads\/2020\/09\/Design-sem-nome-1.jpg","width":300,"height":300,"caption":"Sitsesp"},"image":{"@id":"https:\/\/www.sitsesp.org.br\/novo\/#\/schema\/logo\/image\/"}},{"@type":"Person","@id":"https:\/\/www.sitsesp.org.br\/novo\/#\/schema\/person\/0410b37c20ab60fd51a7b8ae5983f8de","name":"2.8marcosaa","image":{"@type":"ImageObject","inLanguage":"pt-BR","@id":"https:\/\/www.sitsesp.org.br\/novo\/#\/schema\/person\/image\/","url":"https:\/\/secure.gravatar.com\/avatar\/0273db62f5a16721adcf1f80ba308e7b?s=96&d=mm&r=g","contentUrl":"https:\/\/secure.gravatar.com\/avatar\/0273db62f5a16721adcf1f80ba308e7b?s=96&d=mm&r=g","caption":"2.8marcosaa"},"sameAs":["http:\/\/www.362k.com.br"]}]}},"_links":{"self":[{"href":"https:\/\/www.sitsesp.org.br\/novo\/wp-json\/wp\/v2\/posts\/14282"}],"collection":[{"href":"https:\/\/www.sitsesp.org.br\/novo\/wp-json\/wp\/v2\/posts"}],"about":[{"href":"https:\/\/www.sitsesp.org.br\/novo\/wp-json\/wp\/v2\/types\/post"}],"author":[{"embeddable":true,"href":"https:\/\/www.sitsesp.org.br\/novo\/wp-json\/wp\/v2\/users\/7"}],"replies":[{"embeddable":true,"href":"https:\/\/www.sitsesp.org.br\/novo\/wp-json\/wp\/v2\/comments?post=14282"}],"version-history":[{"count":2,"href":"https:\/\/www.sitsesp.org.br\/novo\/wp-json\/wp\/v2\/posts\/14282\/revisions"}],"predecessor-version":[{"id":14285,"href":"https:\/\/www.sitsesp.org.br\/novo\/wp-json\/wp\/v2\/posts\/14282\/revisions\/14285"}],"wp:featuredmedia":[{"embeddable":true,"href":"https:\/\/www.sitsesp.org.br\/novo\/wp-json\/wp\/v2\/media\/14283"}],"wp:attachment":[{"href":"https:\/\/www.sitsesp.org.br\/novo\/wp-json\/wp\/v2\/media?parent=14282"}],"wp:term":[{"taxonomy":"category","embeddable":true,"href":"https:\/\/www.sitsesp.org.br\/novo\/wp-json\/wp\/v2\/categories?post=14282"},{"taxonomy":"post_tag","embeddable":true,"href":"https:\/\/www.sitsesp.org.br\/novo\/wp-json\/wp\/v2\/tags?post=14282"}],"curies":[{"name":"wp","href":"https:\/\/api.w.org\/{rel}","templated":true}]}}