{"id":14290,"date":"2024-05-10T18:39:01","date_gmt":"2024-05-10T21:39:01","guid":{"rendered":"https:\/\/www.sitsesp.org.br\/novo\/?p=14290"},"modified":"2024-05-16T16:14:44","modified_gmt":"2024-05-16T19:14:44","slug":"sitsesp-debate-estrategias-em-meio-a-impasse-no-dissidio-2024","status":"publish","type":"post","link":"https:\/\/www.sitsesp.org.br\/novo\/sitsesp-debate-estrategias-em-meio-a-impasse-no-dissidio-2024\/","title":{"rendered":"Sitsesp debate estrat\u00e9gias em meio a impasse no Diss\u00eddio 2024."},"content":{"rendered":"<p><!-- VideographyWP Plugin Message: Automatic video embedding prevented by plugin options. --><\/p>\n<p style=\"text-align: justify;\">Diss\u00eddio 2024.<\/p>\n<p style=\"text-align: justify;\">A diretoria do Sitsesp reuniu a comiss\u00e3o de negocia\u00e7\u00e3o para discutir as quest\u00f5es relativas ao diss\u00eddio de 2024. A reuni\u00e3o aconteceu na manh\u00e3 desta sexta-feira, dia 10 de maio, em formato h\u00edbrido, presencial e remoto, e contou com a participa\u00e7\u00e3o do presidente Neemias de Souza, dos advogados Dr. Ronaldo Pagotto e Silmar Dutra, e membros da diretoria.<\/p>\n<p style=\"text-align: justify;\">O encontro de hoje teve como objetivo o alinhamento de informa\u00e7\u00f5es e estrat\u00e9gias para o andamento das negocia\u00e7\u00f5es do Diss\u00eddio 2024. O presidente Neemias de Souza abriu a reuni\u00e3o fazendo uma an\u00e1lise, contextualizando o andamento das negocia\u00e7\u00f5es e sinalizou novamente o impacto do processo eleitoral realizado pr\u00f3ximo ao per\u00edodo de negocia\u00e7\u00e3o do Diss\u00eddio 2024, paralisando as negocia\u00e7\u00f5es, sendo necess\u00e1rio aguardar a realiza\u00e7\u00e3o do pleito para dar continuidade. Isso gerou atraso, \u00e9 preciso dar agilidade no processo.<\/p>\n<p style=\"text-align: justify;\">O sindicato aguarda resposta de dois of\u00edcios solicitando agenda urgente para retomada de negocia\u00e7\u00e3o. A \u00faltima comunica\u00e7\u00e3o oficial da Funda\u00e7\u00e3o Casa sinalizou submeter \u00e0 CPS, comiss\u00e3o de pol\u00edtica salarial do governo do estado, reajuste de 3%, valor muito abaixo dos \u00edndices de infla\u00e7\u00e3o, gerando descontentamento da categoria.<\/p>\n<p style=\"text-align: justify;\">O presidente Neemias apresentou an\u00e1lise detalhada com os \u00edndices de reajustes nos \u00faltimos anos, dando a dimens\u00e3o da defasagem no reajuste.<\/p>\n<p style=\"text-align: justify;\">Os advogados foram bastante acionados pela comiss\u00e3o, fornecendo ampla informa\u00e7\u00e3o sob o olhar jur\u00eddico que envolve o processo.<\/p>\n<p style=\"text-align: justify;\">O secret\u00e1rio Jur\u00eddico Brito destacou a import\u00e2ncia da ampla representa\u00e7\u00e3o do sindicato no \u00e2mbito Pol\u00edtico e Legal. Assumimos o sindicato com 3 atas relativas \u00e0 gest\u00e3o anterior, em andamento no cart\u00f3rio. Isso est\u00e1 trazendo atraso no registro das atas de posse, comprometendo a representa\u00e7\u00e3o legal da entidade. Destacou ainda a necessidade de empenho por parte da antiga diretoria, j\u00e1 que dependemos das assinaturas dos ex-diretores para regularizar o processo.<\/p>\n<p>Texto \u00a9 Marcos Alves | MTB.24497<\/p>\n","protected":false},"excerpt":{"rendered":"<p>Diss\u00eddio 2024. A diretoria do Sitsesp reuniu a comiss\u00e3o de negocia\u00e7\u00e3o para discutir as quest\u00f5es relativas ao diss\u00eddio de 2024. A&hellip;<\/p>\n","protected":false},"author":7,"featured_media":14291,"comment_status":"open","ping_status":"open","sticky":false,"template":"","format":"standard","meta":{"cybocfi_hide_featured_image":"","footnotes":""},"categories":[78,22],"tags":[],"yoast_head":"<!-- This site is optimized with the Yoast SEO plugin v22.8 - https:\/\/yoast.com\/wordpress\/plugins\/seo\/ -->\n<title>Sitsesp debate estrat\u00e9gias em meio a impasse no Diss\u00eddio 2024. - SITSESP<\/title>\n<meta name=\"robots\" content=\"index, follow, max-snippet:-1, max-image-preview:large, max-video-preview:-1\" \/>\n<link rel=\"canonical\" href=\"https:\/\/www.sitsesp.org.br\/novo\/sitsesp-debate-estrategias-em-meio-a-impasse-no-dissidio-2024\/\" \/>\n<meta property=\"og:locale\" content=\"pt_BR\" \/>\n<meta property=\"og:type\" content=\"article\" \/>\n<meta property=\"og:title\" content=\"Sitsesp debate estrat\u00e9gias em meio a impasse no Diss\u00eddio 2024. - SITSESP\" \/>\n<meta property=\"og:description\" content=\"Diss\u00eddio 2024. A diretoria do Sitsesp reuniu a comiss\u00e3o de negocia\u00e7\u00e3o para discutir as quest\u00f5es relativas ao diss\u00eddio de 2024. A&hellip;\" \/>\n<meta property=\"og:url\" content=\"https:\/\/www.sitsesp.org.br\/novo\/sitsesp-debate-estrategias-em-meio-a-impasse-no-dissidio-2024\/\" \/>\n<meta property=\"og:site_name\" content=\"SITSESP\" \/>\n<meta property=\"article:published_time\" content=\"2024-05-10T21:39:01+00:00\" \/>\n<meta property=\"article:modified_time\" content=\"2024-05-16T19:14:44+00:00\" \/>\n<meta property=\"og:image\" content=\"https:\/\/www.sitsesp.org.br\/novo\/wp-content\/uploads\/2024\/05\/IMG_20240510_105237-01.jpeg\" \/>\n\t<meta property=\"og:image:width\" content=\"800\" \/>\n\t<meta property=\"og:image:height\" content=\"607\" \/>\n\t<meta property=\"og:image:type\" content=\"image\/jpeg\" \/>\n<meta name=\"author\" content=\"2.8marcosaa\" \/>\n<meta name=\"twitter:card\" content=\"summary_large_image\" \/>\n<meta name=\"twitter:label1\" content=\"Escrito por\" \/>\n\t<meta name=\"twitter:data1\" content=\"2.8marcosaa\" \/>\n\t<meta name=\"twitter:label2\" content=\"Est. tempo de leitura\" \/>\n\t<meta name=\"twitter:data2\" content=\"2 minutos\" \/>\n<script type=\"application\/ld+json\" class=\"yoast-schema-graph\">{\"@context\":\"https:\/\/schema.org\",\"@graph\":[{\"@type\":\"Article\",\"@id\":\"https:\/\/www.sitsesp.org.br\/novo\/sitsesp-debate-estrategias-em-meio-a-impasse-no-dissidio-2024\/#article\",\"isPartOf\":{\"@id\":\"https:\/\/www.sitsesp.org.br\/novo\/sitsesp-debate-estrategias-em-meio-a-impasse-no-dissidio-2024\/\"},\"author\":{\"name\":\"2.8marcosaa\",\"@id\":\"https:\/\/www.sitsesp.org.br\/novo\/#\/schema\/person\/0410b37c20ab60fd51a7b8ae5983f8de\"},\"headline\":\"Sitsesp debate estrat\u00e9gias em meio a impasse no Diss\u00eddio 2024.\",\"datePublished\":\"2024-05-10T21:39:01+00:00\",\"dateModified\":\"2024-05-16T19:14:44+00:00\",\"mainEntityOfPage\":{\"@id\":\"https:\/\/www.sitsesp.org.br\/novo\/sitsesp-debate-estrategias-em-meio-a-impasse-no-dissidio-2024\/\"},\"wordCount\":337,\"commentCount\":0,\"publisher\":{\"@id\":\"https:\/\/www.sitsesp.org.br\/novo\/#organization\"},\"image\":{\"@id\":\"https:\/\/www.sitsesp.org.br\/novo\/sitsesp-debate-estrategias-em-meio-a-impasse-no-dissidio-2024\/#primaryimage\"},\"thumbnailUrl\":\"https:\/\/www.sitsesp.org.br\/novo\/wp-content\/uploads\/2024\/05\/IMG_20240510_105237-01.jpeg\",\"articleSection\":[\"manchete\",\"Noticias\"],\"inLanguage\":\"pt-BR\",\"potentialAction\":[{\"@type\":\"CommentAction\",\"name\":\"Comment\",\"target\":[\"https:\/\/www.sitsesp.org.br\/novo\/sitsesp-debate-estrategias-em-meio-a-impasse-no-dissidio-2024\/#respond\"]}]},{\"@type\":\"WebPage\",\"@id\":\"https:\/\/www.sitsesp.org.br\/novo\/sitsesp-debate-estrategias-em-meio-a-impasse-no-dissidio-2024\/\",\"url\":\"https:\/\/www.sitsesp.org.br\/novo\/sitsesp-debate-estrategias-em-meio-a-impasse-no-dissidio-2024\/\",\"name\":\"Sitsesp debate estrat\u00e9gias em meio a impasse no Diss\u00eddio 2024. - SITSESP\",\"isPartOf\":{\"@id\":\"https:\/\/www.sitsesp.org.br\/novo\/#website\"},\"primaryImageOfPage\":{\"@id\":\"https:\/\/www.sitsesp.org.br\/novo\/sitsesp-debate-estrategias-em-meio-a-impasse-no-dissidio-2024\/#primaryimage\"},\"image\":{\"@id\":\"https:\/\/www.sitsesp.org.br\/novo\/sitsesp-debate-estrategias-em-meio-a-impasse-no-dissidio-2024\/#primaryimage\"},\"thumbnailUrl\":\"https:\/\/www.sitsesp.org.br\/novo\/wp-content\/uploads\/2024\/05\/IMG_20240510_105237-01.jpeg\",\"datePublished\":\"2024-05-10T21:39:01+00:00\",\"dateModified\":\"2024-05-16T19:14:44+00:00\",\"breadcrumb\":{\"@id\":\"https:\/\/www.sitsesp.org.br\/novo\/sitsesp-debate-estrategias-em-meio-a-impasse-no-dissidio-2024\/#breadcrumb\"},\"inLanguage\":\"pt-BR\",\"potentialAction\":[{\"@type\":\"ReadAction\",\"target\":[\"https:\/\/www.sitsesp.org.br\/novo\/sitsesp-debate-estrategias-em-meio-a-impasse-no-dissidio-2024\/\"]}]},{\"@type\":\"ImageObject\",\"inLanguage\":\"pt-BR\",\"@id\":\"https:\/\/www.sitsesp.org.br\/novo\/sitsesp-debate-estrategias-em-meio-a-impasse-no-dissidio-2024\/#primaryimage\",\"url\":\"https:\/\/www.sitsesp.org.br\/novo\/wp-content\/uploads\/2024\/05\/IMG_20240510_105237-01.jpeg\",\"contentUrl\":\"https:\/\/www.sitsesp.org.br\/novo\/wp-content\/uploads\/2024\/05\/IMG_20240510_105237-01.jpeg\",\"width\":800,\"height\":607},{\"@type\":\"BreadcrumbList\",\"@id\":\"https:\/\/www.sitsesp.org.br\/novo\/sitsesp-debate-estrategias-em-meio-a-impasse-no-dissidio-2024\/#breadcrumb\",\"itemListElement\":[{\"@type\":\"ListItem\",\"position\":1,\"name\":\"In\u00edcio\",\"item\":\"https:\/\/www.sitsesp.org.br\/novo\/\"},{\"@type\":\"ListItem\",\"position\":2,\"name\":\"Sitsesp debate estrat\u00e9gias em meio a impasse no Diss\u00eddio 2024.\"}]},{\"@type\":\"WebSite\",\"@id\":\"https:\/\/www.sitsesp.org.br\/novo\/#website\",\"url\":\"https:\/\/www.sitsesp.org.br\/novo\/\",\"name\":\"Sitsesp\",\"description\":\"SIndicato da Socioeduca\u00e7\u00e3o do Estado de S\u00e3o Paulo\",\"publisher\":{\"@id\":\"https:\/\/www.sitsesp.org.br\/novo\/#organization\"},\"potentialAction\":[{\"@type\":\"SearchAction\",\"target\":{\"@type\":\"EntryPoint\",\"urlTemplate\":\"https:\/\/www.sitsesp.org.br\/novo\/?s={search_term_string}\"},\"query-input\":\"required name=search_term_string\"}],\"inLanguage\":\"pt-BR\"},{\"@type\":\"Organization\",\"@id\":\"https:\/\/www.sitsesp.org.br\/novo\/#organization\",\"name\":\"Sitsesp\",\"url\":\"https:\/\/www.sitsesp.org.br\/novo\/\",\"logo\":{\"@type\":\"ImageObject\",\"inLanguage\":\"pt-BR\",\"@id\":\"https:\/\/www.sitsesp.org.br\/novo\/#\/schema\/logo\/image\/\",\"url\":\"https:\/\/www.sitsesp.org.br\/novo\/wp-content\/uploads\/2020\/09\/Design-sem-nome-1.jpg\",\"contentUrl\":\"https:\/\/www.sitsesp.org.br\/novo\/wp-content\/uploads\/2020\/09\/Design-sem-nome-1.jpg\",\"width\":300,\"height\":300,\"caption\":\"Sitsesp\"},\"image\":{\"@id\":\"https:\/\/www.sitsesp.org.br\/novo\/#\/schema\/logo\/image\/\"}},{\"@type\":\"Person\",\"@id\":\"https:\/\/www.sitsesp.org.br\/novo\/#\/schema\/person\/0410b37c20ab60fd51a7b8ae5983f8de\",\"name\":\"2.8marcosaa\",\"image\":{\"@type\":\"ImageObject\",\"inLanguage\":\"pt-BR\",\"@id\":\"https:\/\/www.sitsesp.org.br\/novo\/#\/schema\/person\/image\/\",\"url\":\"https:\/\/secure.gravatar.com\/avatar\/0273db62f5a16721adcf1f80ba308e7b?s=96&d=mm&r=g\",\"contentUrl\":\"https:\/\/secure.gravatar.com\/avatar\/0273db62f5a16721adcf1f80ba308e7b?s=96&d=mm&r=g\",\"caption\":\"2.8marcosaa\"},\"sameAs\":[\"http:\/\/www.362k.com.br\"]}]}<\/script>\n<!-- \/ Yoast SEO plugin. -->","yoast_head_json":{"title":"Sitsesp debate estrat\u00e9gias em meio a impasse no Diss\u00eddio 2024. - SITSESP","robots":{"index":"index","follow":"follow","max-snippet":"max-snippet:-1","max-image-preview":"max-image-preview:large","max-video-preview":"max-video-preview:-1"},"canonical":"https:\/\/www.sitsesp.org.br\/novo\/sitsesp-debate-estrategias-em-meio-a-impasse-no-dissidio-2024\/","og_locale":"pt_BR","og_type":"article","og_title":"Sitsesp debate estrat\u00e9gias em meio a impasse no Diss\u00eddio 2024. - SITSESP","og_description":"Diss\u00eddio 2024. A diretoria do Sitsesp reuniu a comiss\u00e3o de negocia\u00e7\u00e3o para discutir as quest\u00f5es relativas ao diss\u00eddio de 2024. A&hellip;","og_url":"https:\/\/www.sitsesp.org.br\/novo\/sitsesp-debate-estrategias-em-meio-a-impasse-no-dissidio-2024\/","og_site_name":"SITSESP","article_published_time":"2024-05-10T21:39:01+00:00","article_modified_time":"2024-05-16T19:14:44+00:00","og_image":[{"width":800,"height":607,"url":"https:\/\/www.sitsesp.org.br\/novo\/wp-content\/uploads\/2024\/05\/IMG_20240510_105237-01.jpeg","type":"image\/jpeg"}],"author":"2.8marcosaa","twitter_card":"summary_large_image","twitter_misc":{"Escrito por":"2.8marcosaa","Est. tempo de leitura":"2 minutos"},"schema":{"@context":"https:\/\/schema.org","@graph":[{"@type":"Article","@id":"https:\/\/www.sitsesp.org.br\/novo\/sitsesp-debate-estrategias-em-meio-a-impasse-no-dissidio-2024\/#article","isPartOf":{"@id":"https:\/\/www.sitsesp.org.br\/novo\/sitsesp-debate-estrategias-em-meio-a-impasse-no-dissidio-2024\/"},"author":{"name":"2.8marcosaa","@id":"https:\/\/www.sitsesp.org.br\/novo\/#\/schema\/person\/0410b37c20ab60fd51a7b8ae5983f8de"},"headline":"Sitsesp debate estrat\u00e9gias em meio a impasse no Diss\u00eddio 2024.","datePublished":"2024-05-10T21:39:01+00:00","dateModified":"2024-05-16T19:14:44+00:00","mainEntityOfPage":{"@id":"https:\/\/www.sitsesp.org.br\/novo\/sitsesp-debate-estrategias-em-meio-a-impasse-no-dissidio-2024\/"},"wordCount":337,"commentCount":0,"publisher":{"@id":"https:\/\/www.sitsesp.org.br\/novo\/#organization"},"image":{"@id":"https:\/\/www.sitsesp.org.br\/novo\/sitsesp-debate-estrategias-em-meio-a-impasse-no-dissidio-2024\/#primaryimage"},"thumbnailUrl":"https:\/\/www.sitsesp.org.br\/novo\/wp-content\/uploads\/2024\/05\/IMG_20240510_105237-01.jpeg","articleSection":["manchete","Noticias"],"inLanguage":"pt-BR","potentialAction":[{"@type":"CommentAction","name":"Comment","target":["https:\/\/www.sitsesp.org.br\/novo\/sitsesp-debate-estrategias-em-meio-a-impasse-no-dissidio-2024\/#respond"]}]},{"@type":"WebPage","@id":"https:\/\/www.sitsesp.org.br\/novo\/sitsesp-debate-estrategias-em-meio-a-impasse-no-dissidio-2024\/","url":"https:\/\/www.sitsesp.org.br\/novo\/sitsesp-debate-estrategias-em-meio-a-impasse-no-dissidio-2024\/","name":"Sitsesp debate estrat\u00e9gias em meio a impasse no Diss\u00eddio 2024. - SITSESP","isPartOf":{"@id":"https:\/\/www.sitsesp.org.br\/novo\/#website"},"primaryImageOfPage":{"@id":"https:\/\/www.sitsesp.org.br\/novo\/sitsesp-debate-estrategias-em-meio-a-impasse-no-dissidio-2024\/#primaryimage"},"image":{"@id":"https:\/\/www.sitsesp.org.br\/novo\/sitsesp-debate-estrategias-em-meio-a-impasse-no-dissidio-2024\/#primaryimage"},"thumbnailUrl":"https:\/\/www.sitsesp.org.br\/novo\/wp-content\/uploads\/2024\/05\/IMG_20240510_105237-01.jpeg","datePublished":"2024-05-10T21:39:01+00:00","dateModified":"2024-05-16T19:14:44+00:00","breadcrumb":{"@id":"https:\/\/www.sitsesp.org.br\/novo\/sitsesp-debate-estrategias-em-meio-a-impasse-no-dissidio-2024\/#breadcrumb"},"inLanguage":"pt-BR","potentialAction":[{"@type":"ReadAction","target":["https:\/\/www.sitsesp.org.br\/novo\/sitsesp-debate-estrategias-em-meio-a-impasse-no-dissidio-2024\/"]}]},{"@type":"ImageObject","inLanguage":"pt-BR","@id":"https:\/\/www.sitsesp.org.br\/novo\/sitsesp-debate-estrategias-em-meio-a-impasse-no-dissidio-2024\/#primaryimage","url":"https:\/\/www.sitsesp.org.br\/novo\/wp-content\/uploads\/2024\/05\/IMG_20240510_105237-01.jpeg","contentUrl":"https:\/\/www.sitsesp.org.br\/novo\/wp-content\/uploads\/2024\/05\/IMG_20240510_105237-01.jpeg","width":800,"height":607},{"@type":"BreadcrumbList","@id":"https:\/\/www.sitsesp.org.br\/novo\/sitsesp-debate-estrategias-em-meio-a-impasse-no-dissidio-2024\/#breadcrumb","itemListElement":[{"@type":"ListItem","position":1,"name":"In\u00edcio","item":"https:\/\/www.sitsesp.org.br\/novo\/"},{"@type":"ListItem","position":2,"name":"Sitsesp debate estrat\u00e9gias em meio a impasse no Diss\u00eddio 2024."}]},{"@type":"WebSite","@id":"https:\/\/www.sitsesp.org.br\/novo\/#website","url":"https:\/\/www.sitsesp.org.br\/novo\/","name":"Sitsesp","description":"SIndicato da Socioeduca\u00e7\u00e3o do Estado de S\u00e3o Paulo","publisher":{"@id":"https:\/\/www.sitsesp.org.br\/novo\/#organization"},"potentialAction":[{"@type":"SearchAction","target":{"@type":"EntryPoint","urlTemplate":"https:\/\/www.sitsesp.org.br\/novo\/?s={search_term_string}"},"query-input":"required name=search_term_string"}],"inLanguage":"pt-BR"},{"@type":"Organization","@id":"https:\/\/www.sitsesp.org.br\/novo\/#organization","name":"Sitsesp","url":"https:\/\/www.sitsesp.org.br\/novo\/","logo":{"@type":"ImageObject","inLanguage":"pt-BR","@id":"https:\/\/www.sitsesp.org.br\/novo\/#\/schema\/logo\/image\/","url":"https:\/\/www.sitsesp.org.br\/novo\/wp-content\/uploads\/2020\/09\/Design-sem-nome-1.jpg","contentUrl":"https:\/\/www.sitsesp.org.br\/novo\/wp-content\/uploads\/2020\/09\/Design-sem-nome-1.jpg","width":300,"height":300,"caption":"Sitsesp"},"image":{"@id":"https:\/\/www.sitsesp.org.br\/novo\/#\/schema\/logo\/image\/"}},{"@type":"Person","@id":"https:\/\/www.sitsesp.org.br\/novo\/#\/schema\/person\/0410b37c20ab60fd51a7b8ae5983f8de","name":"2.8marcosaa","image":{"@type":"ImageObject","inLanguage":"pt-BR","@id":"https:\/\/www.sitsesp.org.br\/novo\/#\/schema\/person\/image\/","url":"https:\/\/secure.gravatar.com\/avatar\/0273db62f5a16721adcf1f80ba308e7b?s=96&d=mm&r=g","contentUrl":"https:\/\/secure.gravatar.com\/avatar\/0273db62f5a16721adcf1f80ba308e7b?s=96&d=mm&r=g","caption":"2.8marcosaa"},"sameAs":["http:\/\/www.362k.com.br"]}]}},"_links":{"self":[{"href":"https:\/\/www.sitsesp.org.br\/novo\/wp-json\/wp\/v2\/posts\/14290"}],"collection":[{"href":"https:\/\/www.sitsesp.org.br\/novo\/wp-json\/wp\/v2\/posts"}],"about":[{"href":"https:\/\/www.sitsesp.org.br\/novo\/wp-json\/wp\/v2\/types\/post"}],"author":[{"embeddable":true,"href":"https:\/\/www.sitsesp.org.br\/novo\/wp-json\/wp\/v2\/users\/7"}],"replies":[{"embeddable":true,"href":"https:\/\/www.sitsesp.org.br\/novo\/wp-json\/wp\/v2\/comments?post=14290"}],"version-history":[{"count":5,"href":"https:\/\/www.sitsesp.org.br\/novo\/wp-json\/wp\/v2\/posts\/14290\/revisions"}],"predecessor-version":[{"id":14318,"href":"https:\/\/www.sitsesp.org.br\/novo\/wp-json\/wp\/v2\/posts\/14290\/revisions\/14318"}],"wp:featuredmedia":[{"embeddable":true,"href":"https:\/\/www.sitsesp.org.br\/novo\/wp-json\/wp\/v2\/media\/14291"}],"wp:attachment":[{"href":"https:\/\/www.sitsesp.org.br\/novo\/wp-json\/wp\/v2\/media?parent=14290"}],"wp:term":[{"taxonomy":"category","embeddable":true,"href":"https:\/\/www.sitsesp.org.br\/novo\/wp-json\/wp\/v2\/categories?post=14290"},{"taxonomy":"post_tag","embeddable":true,"href":"https:\/\/www.sitsesp.org.br\/novo\/wp-json\/wp\/v2\/tags?post=14290"}],"curies":[{"name":"wp","href":"https:\/\/api.w.org\/{rel}","templated":true}]}}