{"id":14818,"date":"2024-07-25T12:58:11","date_gmt":"2024-07-25T15:58:11","guid":{"rendered":"https:\/\/www.sitsesp.org.br\/novo\/?p=14818"},"modified":"2024-07-26T15:42:07","modified_gmt":"2024-07-26T18:42:07","slug":"sitsesp-investe-em-qualificacao-e-promove-encontro-de-formacao-sindical-para-diretoria","status":"publish","type":"post","link":"https:\/\/www.sitsesp.org.br\/novo\/sitsesp-investe-em-qualificacao-e-promove-encontro-de-formacao-sindical-para-diretoria\/","title":{"rendered":"SITSESP Investe em Qualifica\u00e7\u00e3o e Promove Encontro de Forma\u00e7\u00e3o Sindical para Diretoria"},"content":{"rendered":"<p><!-- VideographyWP Plugin Message: Automatic video embedding prevented by plugin options. --><\/p>\n<p style=\"text-align: justify;\">O Sindicato dos Trabalhadores e Trabalhadoras da Socioeduca\u00e7\u00e3o do Estado de S\u00e3o Paulo (SITSESP) continua firme no compromisso com a excel\u00eancia na gest\u00e3o sindical ao promover um importante encontro para a forma\u00e7\u00e3o de sua diretoria. Com o objetivo de qualificar e aprimorar a gest\u00e3o, o SITSESP investe continuamente na capacita\u00e7\u00e3o de seus l\u00edderes e membros.<\/p>\n<p style=\"text-align: justify;\">Entre os dias 26 e 28 de julho, a diretoria do sindicato se reunir\u00e1 para participar de um curso intensivo de forma\u00e7\u00e3o sindical. Este evento, al\u00e9m de promover a uni\u00e3o e a troca de experi\u00eancias entre os dirigentes, abordar\u00e1 temas cruciais para o fortalecimento e a efici\u00eancia da atua\u00e7\u00e3o sindical.<\/p>\n<p style=\"text-align: justify;\">Durante os tr\u00eas dias de curso, ser\u00e3o discutidos, entre outros t\u00f3picos essenciais, o papel do dirigente sindical. Este\u00a0tema busca aprofundar a compreens\u00e3o dos dirigentes sobre suas responsabilidades e desafios. Ser\u00e3o abordadas estrat\u00e9gias para uma lideran\u00e7a eficaz, formas de representar os interesses dos trabalhadores de maneira mais assertiva e m\u00e9todos para negociar melhorias nas condi\u00e7\u00f5es de trabalho.\u00a0A comunica\u00e7\u00e3o e intera\u00e7\u00e3o atrav\u00e9s das redes sociais.Com a crescente import\u00e2ncia das m\u00eddias digitais, o curso tamb\u00e9m focar\u00e1 na utiliza\u00e7\u00e3o das redes sociais como ferramentas poderosas para a comunica\u00e7\u00e3o sindical. Os participantes aprender\u00e3o a criar conte\u00fado relevante, engajar-se com a comunidade e utilizar as plataformas digitais para ampliar a visibilidade e o impacto das a\u00e7\u00f5es sindicais.<\/p>\n<p style=\"text-align: justify;\">O principal objetivo deste encontro \u00e9 fortalecer a capacidade de lideran\u00e7a da diretoria do SITSESP, garantindo que seus dirigentes estejam bem preparados para enfrentar os desafios do movimento sindical contempor\u00e2neo. A qualifica\u00e7\u00e3o cont\u00ednua \u00e9 vista como um elemento chave para a efic\u00e1cia do sindicato na defesa dos direitos dos trabalhadores.<\/p>\n<p style=\"text-align: justify;\">O presidente Neemias de Souza destacou a import\u00e2ncia deste investimento na forma\u00e7\u00e3o dos dirigentes. &#8220;Acreditamos que uma gest\u00e3o qualificada e bem preparada \u00e9 fundamental para a nossa miss\u00e3o de representar e defender os trabalhadores da socioeduca\u00e7\u00e3o. Este curso \u00e9 uma oportunidade de aprimorarmos nossas habilidades e de nos alinharmos \u00e0s melhores pr\u00e1ticas sindicais&#8221;, afirmou.<\/p>\n<p style=\"text-align: justify;\">Este encontro promete ser um marco significativo para o SITSESP e os servidores da Funda\u00e7\u00e3o Casa, refletindo seu compromisso com a excel\u00eancia e com a busca constante por melhorias na gest\u00e3o sindical. O pr\u00f3ximo passo ser\u00e1 formar os delegados sindicais. Os frutos deste investimento ser\u00e3o certamente colhidos na forma de uma representa\u00e7\u00e3o mais forte e eficaz para todos.<\/p>\n","protected":false},"excerpt":{"rendered":"<p>O Sindicato dos Trabalhadores e Trabalhadoras da Socioeduca\u00e7\u00e3o do Estado de S\u00e3o Paulo (SITSESP) continua firme no compromisso com a excel\u00eancia&hellip;<\/p>\n","protected":false},"author":7,"featured_media":14825,"comment_status":"open","ping_status":"open","sticky":false,"template":"","format":"standard","meta":{"cybocfi_hide_featured_image":"","footnotes":""},"categories":[27],"tags":[],"yoast_head":"<!-- This site is optimized with the Yoast SEO plugin v22.8 - https:\/\/yoast.com\/wordpress\/plugins\/seo\/ -->\n<title>SITSESP Investe em Qualifica\u00e7\u00e3o e Promove Encontro de Forma\u00e7\u00e3o Sindical para Diretoria - SITSESP<\/title>\n<meta name=\"robots\" content=\"index, follow, max-snippet:-1, max-image-preview:large, max-video-preview:-1\" \/>\n<link rel=\"canonical\" href=\"https:\/\/www.sitsesp.org.br\/novo\/sitsesp-investe-em-qualificacao-e-promove-encontro-de-formacao-sindical-para-diretoria\/\" \/>\n<meta property=\"og:locale\" content=\"pt_BR\" \/>\n<meta property=\"og:type\" content=\"article\" \/>\n<meta property=\"og:title\" content=\"SITSESP Investe em Qualifica\u00e7\u00e3o e Promove Encontro de Forma\u00e7\u00e3o Sindical para Diretoria - SITSESP\" \/>\n<meta property=\"og:description\" content=\"O Sindicato dos Trabalhadores e Trabalhadoras da Socioeduca\u00e7\u00e3o do Estado de S\u00e3o Paulo (SITSESP) continua firme no compromisso com a excel\u00eancia&hellip;\" \/>\n<meta property=\"og:url\" content=\"https:\/\/www.sitsesp.org.br\/novo\/sitsesp-investe-em-qualificacao-e-promove-encontro-de-formacao-sindical-para-diretoria\/\" \/>\n<meta property=\"og:site_name\" content=\"SITSESP\" \/>\n<meta property=\"article:published_time\" content=\"2024-07-25T15:58:11+00:00\" \/>\n<meta property=\"article:modified_time\" content=\"2024-07-26T18:42:07+00:00\" \/>\n<meta property=\"og:image\" content=\"https:\/\/www.sitsesp.org.br\/novo\/wp-content\/uploads\/2024\/07\/WhatsApp-Image-2024-07-26-at-14.41.14.jpeg\" \/>\n\t<meta property=\"og:image:width\" content=\"1600\" \/>\n\t<meta property=\"og:image:height\" content=\"1204\" \/>\n\t<meta property=\"og:image:type\" content=\"image\/jpeg\" \/>\n<meta name=\"author\" content=\"2.8marcosaa\" \/>\n<meta name=\"twitter:card\" content=\"summary_large_image\" \/>\n<meta name=\"twitter:label1\" content=\"Escrito por\" \/>\n\t<meta name=\"twitter:data1\" content=\"2.8marcosaa\" \/>\n\t<meta name=\"twitter:label2\" content=\"Est. tempo de leitura\" \/>\n\t<meta name=\"twitter:data2\" content=\"3 minutos\" \/>\n<script type=\"application\/ld+json\" class=\"yoast-schema-graph\">{\"@context\":\"https:\/\/schema.org\",\"@graph\":[{\"@type\":\"Article\",\"@id\":\"https:\/\/www.sitsesp.org.br\/novo\/sitsesp-investe-em-qualificacao-e-promove-encontro-de-formacao-sindical-para-diretoria\/#article\",\"isPartOf\":{\"@id\":\"https:\/\/www.sitsesp.org.br\/novo\/sitsesp-investe-em-qualificacao-e-promove-encontro-de-formacao-sindical-para-diretoria\/\"},\"author\":{\"name\":\"2.8marcosaa\",\"@id\":\"https:\/\/www.sitsesp.org.br\/novo\/#\/schema\/person\/0410b37c20ab60fd51a7b8ae5983f8de\"},\"headline\":\"SITSESP Investe em Qualifica\u00e7\u00e3o e Promove Encontro de Forma\u00e7\u00e3o Sindical para Diretoria\",\"datePublished\":\"2024-07-25T15:58:11+00:00\",\"dateModified\":\"2024-07-26T18:42:07+00:00\",\"mainEntityOfPage\":{\"@id\":\"https:\/\/www.sitsesp.org.br\/novo\/sitsesp-investe-em-qualificacao-e-promove-encontro-de-formacao-sindical-para-diretoria\/\"},\"wordCount\":440,\"commentCount\":0,\"publisher\":{\"@id\":\"https:\/\/www.sitsesp.org.br\/novo\/#organization\"},\"image\":{\"@id\":\"https:\/\/www.sitsesp.org.br\/novo\/sitsesp-investe-em-qualificacao-e-promove-encontro-de-formacao-sindical-para-diretoria\/#primaryimage\"},\"thumbnailUrl\":\"https:\/\/www.sitsesp.org.br\/novo\/wp-content\/uploads\/2024\/07\/WhatsApp-Image-2024-07-26-at-14.41.14.jpeg\",\"articleSection\":[\"Destaque\"],\"inLanguage\":\"pt-BR\",\"potentialAction\":[{\"@type\":\"CommentAction\",\"name\":\"Comment\",\"target\":[\"https:\/\/www.sitsesp.org.br\/novo\/sitsesp-investe-em-qualificacao-e-promove-encontro-de-formacao-sindical-para-diretoria\/#respond\"]}]},{\"@type\":\"WebPage\",\"@id\":\"https:\/\/www.sitsesp.org.br\/novo\/sitsesp-investe-em-qualificacao-e-promove-encontro-de-formacao-sindical-para-diretoria\/\",\"url\":\"https:\/\/www.sitsesp.org.br\/novo\/sitsesp-investe-em-qualificacao-e-promove-encontro-de-formacao-sindical-para-diretoria\/\",\"name\":\"SITSESP Investe em Qualifica\u00e7\u00e3o e Promove Encontro de Forma\u00e7\u00e3o Sindical para Diretoria - SITSESP\",\"isPartOf\":{\"@id\":\"https:\/\/www.sitsesp.org.br\/novo\/#website\"},\"primaryImageOfPage\":{\"@id\":\"https:\/\/www.sitsesp.org.br\/novo\/sitsesp-investe-em-qualificacao-e-promove-encontro-de-formacao-sindical-para-diretoria\/#primaryimage\"},\"image\":{\"@id\":\"https:\/\/www.sitsesp.org.br\/novo\/sitsesp-investe-em-qualificacao-e-promove-encontro-de-formacao-sindical-para-diretoria\/#primaryimage\"},\"thumbnailUrl\":\"https:\/\/www.sitsesp.org.br\/novo\/wp-content\/uploads\/2024\/07\/WhatsApp-Image-2024-07-26-at-14.41.14.jpeg\",\"datePublished\":\"2024-07-25T15:58:11+00:00\",\"dateModified\":\"2024-07-26T18:42:07+00:00\",\"breadcrumb\":{\"@id\":\"https:\/\/www.sitsesp.org.br\/novo\/sitsesp-investe-em-qualificacao-e-promove-encontro-de-formacao-sindical-para-diretoria\/#breadcrumb\"},\"inLanguage\":\"pt-BR\",\"potentialAction\":[{\"@type\":\"ReadAction\",\"target\":[\"https:\/\/www.sitsesp.org.br\/novo\/sitsesp-investe-em-qualificacao-e-promove-encontro-de-formacao-sindical-para-diretoria\/\"]}]},{\"@type\":\"ImageObject\",\"inLanguage\":\"pt-BR\",\"@id\":\"https:\/\/www.sitsesp.org.br\/novo\/sitsesp-investe-em-qualificacao-e-promove-encontro-de-formacao-sindical-para-diretoria\/#primaryimage\",\"url\":\"https:\/\/www.sitsesp.org.br\/novo\/wp-content\/uploads\/2024\/07\/WhatsApp-Image-2024-07-26-at-14.41.14.jpeg\",\"contentUrl\":\"https:\/\/www.sitsesp.org.br\/novo\/wp-content\/uploads\/2024\/07\/WhatsApp-Image-2024-07-26-at-14.41.14.jpeg\",\"width\":1600,\"height\":1204},{\"@type\":\"BreadcrumbList\",\"@id\":\"https:\/\/www.sitsesp.org.br\/novo\/sitsesp-investe-em-qualificacao-e-promove-encontro-de-formacao-sindical-para-diretoria\/#breadcrumb\",\"itemListElement\":[{\"@type\":\"ListItem\",\"position\":1,\"name\":\"In\u00edcio\",\"item\":\"https:\/\/www.sitsesp.org.br\/novo\/\"},{\"@type\":\"ListItem\",\"position\":2,\"name\":\"SITSESP Investe em Qualifica\u00e7\u00e3o e Promove Encontro de Forma\u00e7\u00e3o Sindical para Diretoria\"}]},{\"@type\":\"WebSite\",\"@id\":\"https:\/\/www.sitsesp.org.br\/novo\/#website\",\"url\":\"https:\/\/www.sitsesp.org.br\/novo\/\",\"name\":\"Sitsesp\",\"description\":\"SIndicato da Socioeduca\u00e7\u00e3o do Estado de S\u00e3o Paulo\",\"publisher\":{\"@id\":\"https:\/\/www.sitsesp.org.br\/novo\/#organization\"},\"potentialAction\":[{\"@type\":\"SearchAction\",\"target\":{\"@type\":\"EntryPoint\",\"urlTemplate\":\"https:\/\/www.sitsesp.org.br\/novo\/?s={search_term_string}\"},\"query-input\":\"required name=search_term_string\"}],\"inLanguage\":\"pt-BR\"},{\"@type\":\"Organization\",\"@id\":\"https:\/\/www.sitsesp.org.br\/novo\/#organization\",\"name\":\"Sitsesp\",\"url\":\"https:\/\/www.sitsesp.org.br\/novo\/\",\"logo\":{\"@type\":\"ImageObject\",\"inLanguage\":\"pt-BR\",\"@id\":\"https:\/\/www.sitsesp.org.br\/novo\/#\/schema\/logo\/image\/\",\"url\":\"https:\/\/www.sitsesp.org.br\/novo\/wp-content\/uploads\/2020\/09\/Design-sem-nome-1.jpg\",\"contentUrl\":\"https:\/\/www.sitsesp.org.br\/novo\/wp-content\/uploads\/2020\/09\/Design-sem-nome-1.jpg\",\"width\":300,\"height\":300,\"caption\":\"Sitsesp\"},\"image\":{\"@id\":\"https:\/\/www.sitsesp.org.br\/novo\/#\/schema\/logo\/image\/\"}},{\"@type\":\"Person\",\"@id\":\"https:\/\/www.sitsesp.org.br\/novo\/#\/schema\/person\/0410b37c20ab60fd51a7b8ae5983f8de\",\"name\":\"2.8marcosaa\",\"image\":{\"@type\":\"ImageObject\",\"inLanguage\":\"pt-BR\",\"@id\":\"https:\/\/www.sitsesp.org.br\/novo\/#\/schema\/person\/image\/\",\"url\":\"https:\/\/secure.gravatar.com\/avatar\/0273db62f5a16721adcf1f80ba308e7b?s=96&d=mm&r=g\",\"contentUrl\":\"https:\/\/secure.gravatar.com\/avatar\/0273db62f5a16721adcf1f80ba308e7b?s=96&d=mm&r=g\",\"caption\":\"2.8marcosaa\"},\"sameAs\":[\"http:\/\/www.362k.com.br\"]}]}<\/script>\n<!-- \/ Yoast SEO plugin. -->","yoast_head_json":{"title":"SITSESP Investe em Qualifica\u00e7\u00e3o e Promove Encontro de Forma\u00e7\u00e3o Sindical para Diretoria - SITSESP","robots":{"index":"index","follow":"follow","max-snippet":"max-snippet:-1","max-image-preview":"max-image-preview:large","max-video-preview":"max-video-preview:-1"},"canonical":"https:\/\/www.sitsesp.org.br\/novo\/sitsesp-investe-em-qualificacao-e-promove-encontro-de-formacao-sindical-para-diretoria\/","og_locale":"pt_BR","og_type":"article","og_title":"SITSESP Investe em Qualifica\u00e7\u00e3o e Promove Encontro de Forma\u00e7\u00e3o Sindical para Diretoria - SITSESP","og_description":"O Sindicato dos Trabalhadores e Trabalhadoras da Socioeduca\u00e7\u00e3o do Estado de S\u00e3o Paulo (SITSESP) continua firme no compromisso com a excel\u00eancia&hellip;","og_url":"https:\/\/www.sitsesp.org.br\/novo\/sitsesp-investe-em-qualificacao-e-promove-encontro-de-formacao-sindical-para-diretoria\/","og_site_name":"SITSESP","article_published_time":"2024-07-25T15:58:11+00:00","article_modified_time":"2024-07-26T18:42:07+00:00","og_image":[{"width":1600,"height":1204,"url":"https:\/\/www.sitsesp.org.br\/novo\/wp-content\/uploads\/2024\/07\/WhatsApp-Image-2024-07-26-at-14.41.14.jpeg","type":"image\/jpeg"}],"author":"2.8marcosaa","twitter_card":"summary_large_image","twitter_misc":{"Escrito por":"2.8marcosaa","Est. tempo de leitura":"3 minutos"},"schema":{"@context":"https:\/\/schema.org","@graph":[{"@type":"Article","@id":"https:\/\/www.sitsesp.org.br\/novo\/sitsesp-investe-em-qualificacao-e-promove-encontro-de-formacao-sindical-para-diretoria\/#article","isPartOf":{"@id":"https:\/\/www.sitsesp.org.br\/novo\/sitsesp-investe-em-qualificacao-e-promove-encontro-de-formacao-sindical-para-diretoria\/"},"author":{"name":"2.8marcosaa","@id":"https:\/\/www.sitsesp.org.br\/novo\/#\/schema\/person\/0410b37c20ab60fd51a7b8ae5983f8de"},"headline":"SITSESP Investe em Qualifica\u00e7\u00e3o e Promove Encontro de Forma\u00e7\u00e3o Sindical para Diretoria","datePublished":"2024-07-25T15:58:11+00:00","dateModified":"2024-07-26T18:42:07+00:00","mainEntityOfPage":{"@id":"https:\/\/www.sitsesp.org.br\/novo\/sitsesp-investe-em-qualificacao-e-promove-encontro-de-formacao-sindical-para-diretoria\/"},"wordCount":440,"commentCount":0,"publisher":{"@id":"https:\/\/www.sitsesp.org.br\/novo\/#organization"},"image":{"@id":"https:\/\/www.sitsesp.org.br\/novo\/sitsesp-investe-em-qualificacao-e-promove-encontro-de-formacao-sindical-para-diretoria\/#primaryimage"},"thumbnailUrl":"https:\/\/www.sitsesp.org.br\/novo\/wp-content\/uploads\/2024\/07\/WhatsApp-Image-2024-07-26-at-14.41.14.jpeg","articleSection":["Destaque"],"inLanguage":"pt-BR","potentialAction":[{"@type":"CommentAction","name":"Comment","target":["https:\/\/www.sitsesp.org.br\/novo\/sitsesp-investe-em-qualificacao-e-promove-encontro-de-formacao-sindical-para-diretoria\/#respond"]}]},{"@type":"WebPage","@id":"https:\/\/www.sitsesp.org.br\/novo\/sitsesp-investe-em-qualificacao-e-promove-encontro-de-formacao-sindical-para-diretoria\/","url":"https:\/\/www.sitsesp.org.br\/novo\/sitsesp-investe-em-qualificacao-e-promove-encontro-de-formacao-sindical-para-diretoria\/","name":"SITSESP Investe em Qualifica\u00e7\u00e3o e Promove Encontro de Forma\u00e7\u00e3o Sindical para Diretoria - SITSESP","isPartOf":{"@id":"https:\/\/www.sitsesp.org.br\/novo\/#website"},"primaryImageOfPage":{"@id":"https:\/\/www.sitsesp.org.br\/novo\/sitsesp-investe-em-qualificacao-e-promove-encontro-de-formacao-sindical-para-diretoria\/#primaryimage"},"image":{"@id":"https:\/\/www.sitsesp.org.br\/novo\/sitsesp-investe-em-qualificacao-e-promove-encontro-de-formacao-sindical-para-diretoria\/#primaryimage"},"thumbnailUrl":"https:\/\/www.sitsesp.org.br\/novo\/wp-content\/uploads\/2024\/07\/WhatsApp-Image-2024-07-26-at-14.41.14.jpeg","datePublished":"2024-07-25T15:58:11+00:00","dateModified":"2024-07-26T18:42:07+00:00","breadcrumb":{"@id":"https:\/\/www.sitsesp.org.br\/novo\/sitsesp-investe-em-qualificacao-e-promove-encontro-de-formacao-sindical-para-diretoria\/#breadcrumb"},"inLanguage":"pt-BR","potentialAction":[{"@type":"ReadAction","target":["https:\/\/www.sitsesp.org.br\/novo\/sitsesp-investe-em-qualificacao-e-promove-encontro-de-formacao-sindical-para-diretoria\/"]}]},{"@type":"ImageObject","inLanguage":"pt-BR","@id":"https:\/\/www.sitsesp.org.br\/novo\/sitsesp-investe-em-qualificacao-e-promove-encontro-de-formacao-sindical-para-diretoria\/#primaryimage","url":"https:\/\/www.sitsesp.org.br\/novo\/wp-content\/uploads\/2024\/07\/WhatsApp-Image-2024-07-26-at-14.41.14.jpeg","contentUrl":"https:\/\/www.sitsesp.org.br\/novo\/wp-content\/uploads\/2024\/07\/WhatsApp-Image-2024-07-26-at-14.41.14.jpeg","width":1600,"height":1204},{"@type":"BreadcrumbList","@id":"https:\/\/www.sitsesp.org.br\/novo\/sitsesp-investe-em-qualificacao-e-promove-encontro-de-formacao-sindical-para-diretoria\/#breadcrumb","itemListElement":[{"@type":"ListItem","position":1,"name":"In\u00edcio","item":"https:\/\/www.sitsesp.org.br\/novo\/"},{"@type":"ListItem","position":2,"name":"SITSESP Investe em Qualifica\u00e7\u00e3o e Promove Encontro de Forma\u00e7\u00e3o Sindical para Diretoria"}]},{"@type":"WebSite","@id":"https:\/\/www.sitsesp.org.br\/novo\/#website","url":"https:\/\/www.sitsesp.org.br\/novo\/","name":"Sitsesp","description":"SIndicato da Socioeduca\u00e7\u00e3o do Estado de S\u00e3o Paulo","publisher":{"@id":"https:\/\/www.sitsesp.org.br\/novo\/#organization"},"potentialAction":[{"@type":"SearchAction","target":{"@type":"EntryPoint","urlTemplate":"https:\/\/www.sitsesp.org.br\/novo\/?s={search_term_string}"},"query-input":"required name=search_term_string"}],"inLanguage":"pt-BR"},{"@type":"Organization","@id":"https:\/\/www.sitsesp.org.br\/novo\/#organization","name":"Sitsesp","url":"https:\/\/www.sitsesp.org.br\/novo\/","logo":{"@type":"ImageObject","inLanguage":"pt-BR","@id":"https:\/\/www.sitsesp.org.br\/novo\/#\/schema\/logo\/image\/","url":"https:\/\/www.sitsesp.org.br\/novo\/wp-content\/uploads\/2020\/09\/Design-sem-nome-1.jpg","contentUrl":"https:\/\/www.sitsesp.org.br\/novo\/wp-content\/uploads\/2020\/09\/Design-sem-nome-1.jpg","width":300,"height":300,"caption":"Sitsesp"},"image":{"@id":"https:\/\/www.sitsesp.org.br\/novo\/#\/schema\/logo\/image\/"}},{"@type":"Person","@id":"https:\/\/www.sitsesp.org.br\/novo\/#\/schema\/person\/0410b37c20ab60fd51a7b8ae5983f8de","name":"2.8marcosaa","image":{"@type":"ImageObject","inLanguage":"pt-BR","@id":"https:\/\/www.sitsesp.org.br\/novo\/#\/schema\/person\/image\/","url":"https:\/\/secure.gravatar.com\/avatar\/0273db62f5a16721adcf1f80ba308e7b?s=96&d=mm&r=g","contentUrl":"https:\/\/secure.gravatar.com\/avatar\/0273db62f5a16721adcf1f80ba308e7b?s=96&d=mm&r=g","caption":"2.8marcosaa"},"sameAs":["http:\/\/www.362k.com.br"]}]}},"_links":{"self":[{"href":"https:\/\/www.sitsesp.org.br\/novo\/wp-json\/wp\/v2\/posts\/14818"}],"collection":[{"href":"https:\/\/www.sitsesp.org.br\/novo\/wp-json\/wp\/v2\/posts"}],"about":[{"href":"https:\/\/www.sitsesp.org.br\/novo\/wp-json\/wp\/v2\/types\/post"}],"author":[{"embeddable":true,"href":"https:\/\/www.sitsesp.org.br\/novo\/wp-json\/wp\/v2\/users\/7"}],"replies":[{"embeddable":true,"href":"https:\/\/www.sitsesp.org.br\/novo\/wp-json\/wp\/v2\/comments?post=14818"}],"version-history":[{"count":3,"href":"https:\/\/www.sitsesp.org.br\/novo\/wp-json\/wp\/v2\/posts\/14818\/revisions"}],"predecessor-version":[{"id":14822,"href":"https:\/\/www.sitsesp.org.br\/novo\/wp-json\/wp\/v2\/posts\/14818\/revisions\/14822"}],"wp:featuredmedia":[{"embeddable":true,"href":"https:\/\/www.sitsesp.org.br\/novo\/wp-json\/wp\/v2\/media\/14825"}],"wp:attachment":[{"href":"https:\/\/www.sitsesp.org.br\/novo\/wp-json\/wp\/v2\/media?parent=14818"}],"wp:term":[{"taxonomy":"category","embeddable":true,"href":"https:\/\/www.sitsesp.org.br\/novo\/wp-json\/wp\/v2\/categories?post=14818"},{"taxonomy":"post_tag","embeddable":true,"href":"https:\/\/www.sitsesp.org.br\/novo\/wp-json\/wp\/v2\/tags?post=14818"}],"curies":[{"name":"wp","href":"https:\/\/api.w.org\/{rel}","templated":true}]}}