{"id":14826,"date":"2024-07-29T11:51:46","date_gmt":"2024-07-29T14:51:46","guid":{"rendered":"https:\/\/www.sitsesp.org.br\/novo\/?p=14826"},"modified":"2024-07-29T11:55:43","modified_gmt":"2024-07-29T14:55:43","slug":"sitsesp-realiza-curso-de-formacao-sindical-com-exito-e-planeja-novas-acoes","status":"publish","type":"post","link":"https:\/\/www.sitsesp.org.br\/novo\/sitsesp-realiza-curso-de-formacao-sindical-com-exito-e-planeja-novas-acoes\/","title":{"rendered":"SITSESP Realiza Curso de Forma\u00e7\u00e3o Sindical com \u00caxito e Planeja Novas A\u00e7\u00f5es"},"content":{"rendered":"<p><!-- VideographyWP Plugin Message: Automatic video embedding prevented by plugin options. --><br \/>\n<img fetchpriority=\"high\" decoding=\"async\" class=\"alignnone size-full wp-image-14834\" src=\"https:\/\/www.sitsesp.org.br\/novo\/wp-content\/uploads\/2024\/07\/IMG-20240728-WA0012.jpg\" alt=\"\" width=\"1600\" height=\"1200\" \/><\/p>\n<p style=\"text-align: justify;\">O Sindicato dos Trabalhadores da Socioeduca\u00e7\u00e3o do Estado de S\u00e3o Paulo (SITSESP) reafirmou seu compromisso com a excel\u00eancia na gest\u00e3o sindical ao concluir com sucesso um importante encontro de forma\u00e7\u00e3o para sua diretoria. O evento, realizado entre os dias 26 e 28 de julho na Praia Grande, foi um marco significativo para a qualifica\u00e7\u00e3o e o aprimoramento da gest\u00e3o sindical.<\/p>\n<p style=\"text-align: justify;\">A diretoria do SITSESP participou de palestras e workshops promovidos pela secret\u00e1ria de Forma\u00e7\u00e3o da CUT-SP, liderada por Telma Victor, e o formador F\u00e1bio Godoy. Que abordaram temas essenciais para o fortalecimento e a efici\u00eancia da atua\u00e7\u00e3o sindical. Entre os principais t\u00f3picos discutidos, foi o\u00a0<strong>Papel do Dirigente Sindical:<\/strong> Os participantes aprofundaram sua compreens\u00e3o sobre as responsabilidades e desafios dos dirigentes sindicais. Foram exploradas estrat\u00e9gias para uma lideran\u00e7a eficaz, formas assertivas de representar os interesses dos trabalhadores e m\u00e9todos para negociar melhorias nas condi\u00e7\u00f5es de trabalho.<\/p>\n<div style=\"text-align: justify;\">O objetivo \u00e9 promover a uni\u00e3o e a troca de experi\u00eancias entre os dirigentes do Sindicato, e discutir temas cruciais para o fortalecimento da atua\u00e7\u00e3o sindical. Garantindo que seus dirigentes estejam bem preparados para enfrentar os desafios do movimento sindical contempor\u00e2neo. A qualifica\u00e7\u00e3o cont\u00ednua \u00e9 vista como um elemento-chave para a efic\u00e1cia do sindicato na defesa dos direitos dos trabalhadores.<\/div>\n<div><img decoding=\"async\" class=\"alignnone size-full wp-image-14833\" src=\"https:\/\/www.sitsesp.org.br\/novo\/wp-content\/uploads\/2024\/07\/WhatsApp-Image-2024-07-29-at-11.45.48.jpeg\" alt=\"\" width=\"1600\" height=\"1204\" \/><\/div>\n<p style=\"text-align: justify;\">Neemias de Souza, presidente do SITSESP destacou a import\u00e2ncia deste investimento na forma\u00e7\u00e3o dos dirigentes. &#8220;Acreditamos que uma gest\u00e3o qualificada e bem preparada \u00e9 fundamental para a nossa miss\u00e3o de representar e defender os trabalhadores da socioeduca\u00e7\u00e3o. Este curso foi uma oportunidade de aprimorarmos nossas habilidades e de nos alinharmos \u00e0s melhores pr\u00e1ticas sindicais&#8221;, afirmou.<\/p>\n<p style=\"text-align: justify;\">Os dirigentes sindicais expressaram satisfa\u00e7\u00e3o com o conte\u00fado e a organiza\u00e7\u00e3o do curso. &#8220;Foi uma experi\u00eancia enriquecedora que nos proporcionou novas perspectivas e ferramentas para melhorar nossa atua\u00e7\u00e3o sindical&#8221;, comentou Aline Alonso, vice-presidente do Sitsesp.<\/p>\n<p style=\"text-align: justify;\">Com o sucesso deste curso de forma\u00e7\u00e3o, o SITSESP j\u00e1 planeja novas a\u00e7\u00f5es, como a forma\u00e7\u00e3o dos delegados sindicais, para continuar investindo na capacita\u00e7\u00e3o das lideran\u00e7as sindicais. A diretoria est\u00e1 comprometida em aplicar o conhecimento adquirido para fortalecer a representa\u00e7\u00e3o e ampliar as conquistas para todos os associados.<\/p>\n<p style=\"text-align: justify;\">Este encontro simboliza o compromisso cont\u00ednuo do SITSESP com a excel\u00eancia e a busca constante por melhorias na gest\u00e3o sindical.<\/p>\n<p><img decoding=\"async\" class=\"alignnone size-full wp-image-14832\" src=\"https:\/\/www.sitsesp.org.br\/novo\/wp-content\/uploads\/2024\/07\/WhatsApp-Image-2024-07-29-at-11.45.48-1.jpeg\" alt=\"\" width=\"1539\" height=\"1187\" \/> <img loading=\"lazy\" decoding=\"async\" class=\"alignnone size-full wp-image-14830\" src=\"https:\/\/www.sitsesp.org.br\/novo\/wp-content\/uploads\/2024\/07\/WhatsApp-Image-2024-07-29-at-11.45.47-2.jpeg\" alt=\"\" width=\"1477\" height=\"1103\" \/> <img loading=\"lazy\" decoding=\"async\" class=\"alignnone size-full wp-image-14829\" src=\"https:\/\/www.sitsesp.org.br\/novo\/wp-content\/uploads\/2024\/07\/WhatsApp-Image-2024-07-29-at-11.45.47-1.jpeg\" alt=\"\" width=\"1600\" height=\"1200\" \/><\/p>\n<p><img loading=\"lazy\" decoding=\"async\" class=\"alignnone size-full wp-image-14837\" src=\"https:\/\/www.sitsesp.org.br\/novo\/wp-content\/uploads\/2024\/07\/IMG-20240728-WA0033.jpg\" alt=\"\" width=\"1599\" height=\"899\" \/> <img loading=\"lazy\" decoding=\"async\" class=\"alignnone size-full wp-image-14838\" src=\"https:\/\/www.sitsesp.org.br\/novo\/wp-content\/uploads\/2024\/07\/IMG-20240728-WA0031.jpg\" alt=\"\" width=\"1599\" height=\"899\" \/> <img loading=\"lazy\" decoding=\"async\" class=\"alignnone size-full wp-image-14839\" src=\"https:\/\/www.sitsesp.org.br\/novo\/wp-content\/uploads\/2024\/07\/IMG_20240728_112210.jpg\" alt=\"\" width=\"4080\" height=\"3072\" \/> <img loading=\"lazy\" decoding=\"async\" class=\"alignnone size-full wp-image-14840\" src=\"https:\/\/www.sitsesp.org.br\/novo\/wp-content\/uploads\/2024\/07\/IMG_20240728_112154.jpg\" alt=\"\" width=\"4080\" height=\"3072\" \/> <img loading=\"lazy\" decoding=\"async\" class=\"alignnone size-full wp-image-14841\" src=\"https:\/\/www.sitsesp.org.br\/novo\/wp-content\/uploads\/2024\/07\/IMG_20240728_111820.jpg\" alt=\"\" width=\"4080\" height=\"3072\" \/> <img loading=\"lazy\" decoding=\"async\" class=\"alignnone size-full wp-image-14842\" src=\"https:\/\/www.sitsesp.org.br\/novo\/wp-content\/uploads\/2024\/07\/IMG_20240728_111610.jpg\" alt=\"\" width=\"4080\" height=\"3072\" \/> <img loading=\"lazy\" decoding=\"async\" class=\"alignnone size-full wp-image-14843\" src=\"https:\/\/www.sitsesp.org.br\/novo\/wp-content\/uploads\/2024\/07\/IMG_20240728_111303.jpg\" alt=\"\" width=\"3264\" height=\"2448\" \/> <img loading=\"lazy\" decoding=\"async\" class=\"alignnone size-full wp-image-14844\" src=\"https:\/\/www.sitsesp.org.br\/novo\/wp-content\/uploads\/2024\/07\/IMG_20240728_101432.jpg\" alt=\"\" width=\"3264\" height=\"2448\" \/> <img loading=\"lazy\" decoding=\"async\" class=\"alignnone size-full wp-image-14845\" src=\"https:\/\/www.sitsesp.org.br\/novo\/wp-content\/uploads\/2024\/07\/IMG_20240728_110637.jpg\" alt=\"\" width=\"4080\" height=\"3072\" \/><\/p>\n","protected":false},"excerpt":{"rendered":"<p>O Sindicato dos Trabalhadores da Socioeduca\u00e7\u00e3o do Estado de S\u00e3o Paulo (SITSESP) reafirmou seu compromisso com a excel\u00eancia na gest\u00e3o sindical&hellip;<\/p>\n","protected":false},"author":7,"featured_media":14828,"comment_status":"open","ping_status":"open","sticky":false,"template":"","format":"standard","meta":{"cybocfi_hide_featured_image":"yes","footnotes":""},"categories":[27],"tags":[],"yoast_head":"<!-- This site is optimized with the Yoast SEO plugin v22.8 - https:\/\/yoast.com\/wordpress\/plugins\/seo\/ -->\n<title>SITSESP Realiza Curso de Forma\u00e7\u00e3o Sindical com \u00caxito e Planeja Novas A\u00e7\u00f5es - SITSESP<\/title>\n<meta name=\"robots\" content=\"index, follow, max-snippet:-1, max-image-preview:large, max-video-preview:-1\" \/>\n<link rel=\"canonical\" href=\"https:\/\/www.sitsesp.org.br\/novo\/sitsesp-realiza-curso-de-formacao-sindical-com-exito-e-planeja-novas-acoes\/\" \/>\n<meta property=\"og:locale\" content=\"pt_BR\" \/>\n<meta property=\"og:type\" content=\"article\" \/>\n<meta property=\"og:title\" content=\"SITSESP Realiza Curso de Forma\u00e7\u00e3o Sindical com \u00caxito e Planeja Novas A\u00e7\u00f5es - SITSESP\" \/>\n<meta property=\"og:description\" content=\"O Sindicato dos Trabalhadores da Socioeduca\u00e7\u00e3o do Estado de S\u00e3o Paulo (SITSESP) reafirmou seu compromisso com a excel\u00eancia na gest\u00e3o sindical&hellip;\" \/>\n<meta property=\"og:url\" content=\"https:\/\/www.sitsesp.org.br\/novo\/sitsesp-realiza-curso-de-formacao-sindical-com-exito-e-planeja-novas-acoes\/\" \/>\n<meta property=\"og:site_name\" content=\"SITSESP\" \/>\n<meta property=\"article:published_time\" content=\"2024-07-29T14:51:46+00:00\" \/>\n<meta property=\"article:modified_time\" content=\"2024-07-29T14:55:43+00:00\" \/>\n<meta property=\"og:image\" content=\"https:\/\/www.sitsesp.org.br\/novo\/wp-content\/uploads\/2024\/07\/WhatsApp-Image-2024-07-29-at-11.45.48-2.jpeg\" \/>\n\t<meta property=\"og:image:width\" content=\"1600\" \/>\n\t<meta property=\"og:image:height\" content=\"1204\" \/>\n\t<meta property=\"og:image:type\" content=\"image\/jpeg\" \/>\n<meta name=\"author\" content=\"2.8marcosaa\" \/>\n<meta name=\"twitter:card\" content=\"summary_large_image\" \/>\n<meta name=\"twitter:label1\" content=\"Escrito por\" \/>\n\t<meta name=\"twitter:data1\" content=\"2.8marcosaa\" \/>\n\t<meta name=\"twitter:label2\" content=\"Est. tempo de leitura\" \/>\n\t<meta name=\"twitter:data2\" content=\"6 minutos\" \/>\n<script type=\"application\/ld+json\" class=\"yoast-schema-graph\">{\"@context\":\"https:\/\/schema.org\",\"@graph\":[{\"@type\":\"Article\",\"@id\":\"https:\/\/www.sitsesp.org.br\/novo\/sitsesp-realiza-curso-de-formacao-sindical-com-exito-e-planeja-novas-acoes\/#article\",\"isPartOf\":{\"@id\":\"https:\/\/www.sitsesp.org.br\/novo\/sitsesp-realiza-curso-de-formacao-sindical-com-exito-e-planeja-novas-acoes\/\"},\"author\":{\"name\":\"2.8marcosaa\",\"@id\":\"https:\/\/www.sitsesp.org.br\/novo\/#\/schema\/person\/0410b37c20ab60fd51a7b8ae5983f8de\"},\"headline\":\"SITSESP Realiza Curso de Forma\u00e7\u00e3o Sindical com \u00caxito e Planeja Novas A\u00e7\u00f5es\",\"datePublished\":\"2024-07-29T14:51:46+00:00\",\"dateModified\":\"2024-07-29T14:55:43+00:00\",\"mainEntityOfPage\":{\"@id\":\"https:\/\/www.sitsesp.org.br\/novo\/sitsesp-realiza-curso-de-formacao-sindical-com-exito-e-planeja-novas-acoes\/\"},\"wordCount\":418,\"commentCount\":0,\"publisher\":{\"@id\":\"https:\/\/www.sitsesp.org.br\/novo\/#organization\"},\"image\":{\"@id\":\"https:\/\/www.sitsesp.org.br\/novo\/sitsesp-realiza-curso-de-formacao-sindical-com-exito-e-planeja-novas-acoes\/#primaryimage\"},\"thumbnailUrl\":\"https:\/\/www.sitsesp.org.br\/novo\/wp-content\/uploads\/2024\/07\/WhatsApp-Image-2024-07-29-at-11.45.48-2.jpeg\",\"articleSection\":[\"Destaque\"],\"inLanguage\":\"pt-BR\",\"potentialAction\":[{\"@type\":\"CommentAction\",\"name\":\"Comment\",\"target\":[\"https:\/\/www.sitsesp.org.br\/novo\/sitsesp-realiza-curso-de-formacao-sindical-com-exito-e-planeja-novas-acoes\/#respond\"]}]},{\"@type\":\"WebPage\",\"@id\":\"https:\/\/www.sitsesp.org.br\/novo\/sitsesp-realiza-curso-de-formacao-sindical-com-exito-e-planeja-novas-acoes\/\",\"url\":\"https:\/\/www.sitsesp.org.br\/novo\/sitsesp-realiza-curso-de-formacao-sindical-com-exito-e-planeja-novas-acoes\/\",\"name\":\"SITSESP Realiza Curso de Forma\u00e7\u00e3o Sindical com \u00caxito e Planeja Novas A\u00e7\u00f5es - SITSESP\",\"isPartOf\":{\"@id\":\"https:\/\/www.sitsesp.org.br\/novo\/#website\"},\"primaryImageOfPage\":{\"@id\":\"https:\/\/www.sitsesp.org.br\/novo\/sitsesp-realiza-curso-de-formacao-sindical-com-exito-e-planeja-novas-acoes\/#primaryimage\"},\"image\":{\"@id\":\"https:\/\/www.sitsesp.org.br\/novo\/sitsesp-realiza-curso-de-formacao-sindical-com-exito-e-planeja-novas-acoes\/#primaryimage\"},\"thumbnailUrl\":\"https:\/\/www.sitsesp.org.br\/novo\/wp-content\/uploads\/2024\/07\/WhatsApp-Image-2024-07-29-at-11.45.48-2.jpeg\",\"datePublished\":\"2024-07-29T14:51:46+00:00\",\"dateModified\":\"2024-07-29T14:55:43+00:00\",\"breadcrumb\":{\"@id\":\"https:\/\/www.sitsesp.org.br\/novo\/sitsesp-realiza-curso-de-formacao-sindical-com-exito-e-planeja-novas-acoes\/#breadcrumb\"},\"inLanguage\":\"pt-BR\",\"potentialAction\":[{\"@type\":\"ReadAction\",\"target\":[\"https:\/\/www.sitsesp.org.br\/novo\/sitsesp-realiza-curso-de-formacao-sindical-com-exito-e-planeja-novas-acoes\/\"]}]},{\"@type\":\"BreadcrumbList\",\"@id\":\"https:\/\/www.sitsesp.org.br\/novo\/sitsesp-realiza-curso-de-formacao-sindical-com-exito-e-planeja-novas-acoes\/#breadcrumb\",\"itemListElement\":[{\"@type\":\"ListItem\",\"position\":1,\"name\":\"In\u00edcio\",\"item\":\"https:\/\/www.sitsesp.org.br\/novo\/\"},{\"@type\":\"ListItem\",\"position\":2,\"name\":\"SITSESP Realiza Curso de Forma\u00e7\u00e3o Sindical com \u00caxito e Planeja Novas A\u00e7\u00f5es\"}]},{\"@type\":\"WebSite\",\"@id\":\"https:\/\/www.sitsesp.org.br\/novo\/#website\",\"url\":\"https:\/\/www.sitsesp.org.br\/novo\/\",\"name\":\"Sitsesp\",\"description\":\"SIndicato da Socioeduca\u00e7\u00e3o do Estado de S\u00e3o Paulo\",\"publisher\":{\"@id\":\"https:\/\/www.sitsesp.org.br\/novo\/#organization\"},\"potentialAction\":[{\"@type\":\"SearchAction\",\"target\":{\"@type\":\"EntryPoint\",\"urlTemplate\":\"https:\/\/www.sitsesp.org.br\/novo\/?s={search_term_string}\"},\"query-input\":\"required name=search_term_string\"}],\"inLanguage\":\"pt-BR\"},{\"@type\":\"Organization\",\"@id\":\"https:\/\/www.sitsesp.org.br\/novo\/#organization\",\"name\":\"Sitsesp\",\"url\":\"https:\/\/www.sitsesp.org.br\/novo\/\",\"logo\":{\"@type\":\"ImageObject\",\"inLanguage\":\"pt-BR\",\"@id\":\"https:\/\/www.sitsesp.org.br\/novo\/#\/schema\/logo\/image\/\",\"url\":\"https:\/\/www.sitsesp.org.br\/novo\/wp-content\/uploads\/2020\/09\/Design-sem-nome-1.jpg\",\"contentUrl\":\"https:\/\/www.sitsesp.org.br\/novo\/wp-content\/uploads\/2020\/09\/Design-sem-nome-1.jpg\",\"width\":300,\"height\":300,\"caption\":\"Sitsesp\"},\"image\":{\"@id\":\"https:\/\/www.sitsesp.org.br\/novo\/#\/schema\/logo\/image\/\"}},{\"@type\":\"Person\",\"@id\":\"https:\/\/www.sitsesp.org.br\/novo\/#\/schema\/person\/0410b37c20ab60fd51a7b8ae5983f8de\",\"name\":\"2.8marcosaa\",\"image\":{\"@type\":\"ImageObject\",\"inLanguage\":\"pt-BR\",\"@id\":\"https:\/\/www.sitsesp.org.br\/novo\/#\/schema\/person\/image\/\",\"url\":\"https:\/\/secure.gravatar.com\/avatar\/0273db62f5a16721adcf1f80ba308e7b?s=96&d=mm&r=g\",\"contentUrl\":\"https:\/\/secure.gravatar.com\/avatar\/0273db62f5a16721adcf1f80ba308e7b?s=96&d=mm&r=g\",\"caption\":\"2.8marcosaa\"},\"sameAs\":[\"http:\/\/www.362k.com.br\"]}]}<\/script>\n<!-- \/ Yoast SEO plugin. -->","yoast_head_json":{"title":"SITSESP Realiza Curso de Forma\u00e7\u00e3o Sindical com \u00caxito e Planeja Novas A\u00e7\u00f5es - SITSESP","robots":{"index":"index","follow":"follow","max-snippet":"max-snippet:-1","max-image-preview":"max-image-preview:large","max-video-preview":"max-video-preview:-1"},"canonical":"https:\/\/www.sitsesp.org.br\/novo\/sitsesp-realiza-curso-de-formacao-sindical-com-exito-e-planeja-novas-acoes\/","og_locale":"pt_BR","og_type":"article","og_title":"SITSESP Realiza Curso de Forma\u00e7\u00e3o Sindical com \u00caxito e Planeja Novas A\u00e7\u00f5es - SITSESP","og_description":"O Sindicato dos Trabalhadores da Socioeduca\u00e7\u00e3o do Estado de S\u00e3o Paulo (SITSESP) reafirmou seu compromisso com a excel\u00eancia na gest\u00e3o sindical&hellip;","og_url":"https:\/\/www.sitsesp.org.br\/novo\/sitsesp-realiza-curso-de-formacao-sindical-com-exito-e-planeja-novas-acoes\/","og_site_name":"SITSESP","article_published_time":"2024-07-29T14:51:46+00:00","article_modified_time":"2024-07-29T14:55:43+00:00","og_image":[{"width":1600,"height":1204,"url":"https:\/\/www.sitsesp.org.br\/novo\/wp-content\/uploads\/2024\/07\/WhatsApp-Image-2024-07-29-at-11.45.48-2.jpeg","type":"image\/jpeg"}],"author":"2.8marcosaa","twitter_card":"summary_large_image","twitter_misc":{"Escrito por":"2.8marcosaa","Est. tempo de leitura":"6 minutos"},"schema":{"@context":"https:\/\/schema.org","@graph":[{"@type":"Article","@id":"https:\/\/www.sitsesp.org.br\/novo\/sitsesp-realiza-curso-de-formacao-sindical-com-exito-e-planeja-novas-acoes\/#article","isPartOf":{"@id":"https:\/\/www.sitsesp.org.br\/novo\/sitsesp-realiza-curso-de-formacao-sindical-com-exito-e-planeja-novas-acoes\/"},"author":{"name":"2.8marcosaa","@id":"https:\/\/www.sitsesp.org.br\/novo\/#\/schema\/person\/0410b37c20ab60fd51a7b8ae5983f8de"},"headline":"SITSESP Realiza Curso de Forma\u00e7\u00e3o Sindical com \u00caxito e Planeja Novas A\u00e7\u00f5es","datePublished":"2024-07-29T14:51:46+00:00","dateModified":"2024-07-29T14:55:43+00:00","mainEntityOfPage":{"@id":"https:\/\/www.sitsesp.org.br\/novo\/sitsesp-realiza-curso-de-formacao-sindical-com-exito-e-planeja-novas-acoes\/"},"wordCount":418,"commentCount":0,"publisher":{"@id":"https:\/\/www.sitsesp.org.br\/novo\/#organization"},"image":{"@id":"https:\/\/www.sitsesp.org.br\/novo\/sitsesp-realiza-curso-de-formacao-sindical-com-exito-e-planeja-novas-acoes\/#primaryimage"},"thumbnailUrl":"https:\/\/www.sitsesp.org.br\/novo\/wp-content\/uploads\/2024\/07\/WhatsApp-Image-2024-07-29-at-11.45.48-2.jpeg","articleSection":["Destaque"],"inLanguage":"pt-BR","potentialAction":[{"@type":"CommentAction","name":"Comment","target":["https:\/\/www.sitsesp.org.br\/novo\/sitsesp-realiza-curso-de-formacao-sindical-com-exito-e-planeja-novas-acoes\/#respond"]}]},{"@type":"WebPage","@id":"https:\/\/www.sitsesp.org.br\/novo\/sitsesp-realiza-curso-de-formacao-sindical-com-exito-e-planeja-novas-acoes\/","url":"https:\/\/www.sitsesp.org.br\/novo\/sitsesp-realiza-curso-de-formacao-sindical-com-exito-e-planeja-novas-acoes\/","name":"SITSESP Realiza Curso de Forma\u00e7\u00e3o Sindical com \u00caxito e Planeja Novas A\u00e7\u00f5es - SITSESP","isPartOf":{"@id":"https:\/\/www.sitsesp.org.br\/novo\/#website"},"primaryImageOfPage":{"@id":"https:\/\/www.sitsesp.org.br\/novo\/sitsesp-realiza-curso-de-formacao-sindical-com-exito-e-planeja-novas-acoes\/#primaryimage"},"image":{"@id":"https:\/\/www.sitsesp.org.br\/novo\/sitsesp-realiza-curso-de-formacao-sindical-com-exito-e-planeja-novas-acoes\/#primaryimage"},"thumbnailUrl":"https:\/\/www.sitsesp.org.br\/novo\/wp-content\/uploads\/2024\/07\/WhatsApp-Image-2024-07-29-at-11.45.48-2.jpeg","datePublished":"2024-07-29T14:51:46+00:00","dateModified":"2024-07-29T14:55:43+00:00","breadcrumb":{"@id":"https:\/\/www.sitsesp.org.br\/novo\/sitsesp-realiza-curso-de-formacao-sindical-com-exito-e-planeja-novas-acoes\/#breadcrumb"},"inLanguage":"pt-BR","potentialAction":[{"@type":"ReadAction","target":["https:\/\/www.sitsesp.org.br\/novo\/sitsesp-realiza-curso-de-formacao-sindical-com-exito-e-planeja-novas-acoes\/"]}]},{"@type":"BreadcrumbList","@id":"https:\/\/www.sitsesp.org.br\/novo\/sitsesp-realiza-curso-de-formacao-sindical-com-exito-e-planeja-novas-acoes\/#breadcrumb","itemListElement":[{"@type":"ListItem","position":1,"name":"In\u00edcio","item":"https:\/\/www.sitsesp.org.br\/novo\/"},{"@type":"ListItem","position":2,"name":"SITSESP Realiza Curso de Forma\u00e7\u00e3o Sindical com \u00caxito e Planeja Novas A\u00e7\u00f5es"}]},{"@type":"WebSite","@id":"https:\/\/www.sitsesp.org.br\/novo\/#website","url":"https:\/\/www.sitsesp.org.br\/novo\/","name":"Sitsesp","description":"SIndicato da Socioeduca\u00e7\u00e3o do Estado de S\u00e3o Paulo","publisher":{"@id":"https:\/\/www.sitsesp.org.br\/novo\/#organization"},"potentialAction":[{"@type":"SearchAction","target":{"@type":"EntryPoint","urlTemplate":"https:\/\/www.sitsesp.org.br\/novo\/?s={search_term_string}"},"query-input":"required name=search_term_string"}],"inLanguage":"pt-BR"},{"@type":"Organization","@id":"https:\/\/www.sitsesp.org.br\/novo\/#organization","name":"Sitsesp","url":"https:\/\/www.sitsesp.org.br\/novo\/","logo":{"@type":"ImageObject","inLanguage":"pt-BR","@id":"https:\/\/www.sitsesp.org.br\/novo\/#\/schema\/logo\/image\/","url":"https:\/\/www.sitsesp.org.br\/novo\/wp-content\/uploads\/2020\/09\/Design-sem-nome-1.jpg","contentUrl":"https:\/\/www.sitsesp.org.br\/novo\/wp-content\/uploads\/2020\/09\/Design-sem-nome-1.jpg","width":300,"height":300,"caption":"Sitsesp"},"image":{"@id":"https:\/\/www.sitsesp.org.br\/novo\/#\/schema\/logo\/image\/"}},{"@type":"Person","@id":"https:\/\/www.sitsesp.org.br\/novo\/#\/schema\/person\/0410b37c20ab60fd51a7b8ae5983f8de","name":"2.8marcosaa","image":{"@type":"ImageObject","inLanguage":"pt-BR","@id":"https:\/\/www.sitsesp.org.br\/novo\/#\/schema\/person\/image\/","url":"https:\/\/secure.gravatar.com\/avatar\/0273db62f5a16721adcf1f80ba308e7b?s=96&d=mm&r=g","contentUrl":"https:\/\/secure.gravatar.com\/avatar\/0273db62f5a16721adcf1f80ba308e7b?s=96&d=mm&r=g","caption":"2.8marcosaa"},"sameAs":["http:\/\/www.362k.com.br"]}]}},"_links":{"self":[{"href":"https:\/\/www.sitsesp.org.br\/novo\/wp-json\/wp\/v2\/posts\/14826"}],"collection":[{"href":"https:\/\/www.sitsesp.org.br\/novo\/wp-json\/wp\/v2\/posts"}],"about":[{"href":"https:\/\/www.sitsesp.org.br\/novo\/wp-json\/wp\/v2\/types\/post"}],"author":[{"embeddable":true,"href":"https:\/\/www.sitsesp.org.br\/novo\/wp-json\/wp\/v2\/users\/7"}],"replies":[{"embeddable":true,"href":"https:\/\/www.sitsesp.org.br\/novo\/wp-json\/wp\/v2\/comments?post=14826"}],"version-history":[{"count":3,"href":"https:\/\/www.sitsesp.org.br\/novo\/wp-json\/wp\/v2\/posts\/14826\/revisions"}],"predecessor-version":[{"id":14846,"href":"https:\/\/www.sitsesp.org.br\/novo\/wp-json\/wp\/v2\/posts\/14826\/revisions\/14846"}],"wp:featuredmedia":[{"embeddable":true,"href":"https:\/\/www.sitsesp.org.br\/novo\/wp-json\/wp\/v2\/media\/14828"}],"wp:attachment":[{"href":"https:\/\/www.sitsesp.org.br\/novo\/wp-json\/wp\/v2\/media?parent=14826"}],"wp:term":[{"taxonomy":"category","embeddable":true,"href":"https:\/\/www.sitsesp.org.br\/novo\/wp-json\/wp\/v2\/categories?post=14826"},{"taxonomy":"post_tag","embeddable":true,"href":"https:\/\/www.sitsesp.org.br\/novo\/wp-json\/wp\/v2\/tags?post=14826"}],"curies":[{"name":"wp","href":"https:\/\/api.w.org\/{rel}","templated":true}]}}