{"id":14882,"date":"2024-08-06T08:35:46","date_gmt":"2024-08-06T11:35:46","guid":{"rendered":"https:\/\/www.sitsesp.org.br\/novo\/?p=14882"},"modified":"2024-08-06T16:30:15","modified_gmt":"2024-08-06T19:30:15","slug":"juiza-mantem-servidor-em-escala-noturna-para-cuidar-de-filha-autista","status":"publish","type":"post","link":"https:\/\/www.sitsesp.org.br\/novo\/juiza-mantem-servidor-em-escala-noturna-para-cuidar-de-filha-autista\/","title":{"rendered":"Ju\u00edza mant\u00e9m servidor em escala noturna para cuidar de filha autista"},"content":{"rendered":"<p><!-- VideographyWP Plugin Message: Automatic video embedding prevented by plugin options. --><\/p>\n<p style=\"text-align: justify;\">A ju\u00edza Rosa Fatorelli Tinti Neta, da 25\u00aa Vara do Trabalho de S\u00e3o Paulo, deferiu a tutela de urg\u00eancia pedida por um agente de apoio socioeducativo que pleiteou a manuten\u00e7\u00e3o do hor\u00e1rio noturno de expediente para cuidar da filha autista.<\/p>\n<p style=\"text-align: justify;\">Conforme os autos, a empresa empregadora aplicou nova pol\u00edtica de escalas alternadas, nos dois per\u00edodos, o que prejudica os cuidados necess\u00e1rios \u00e0 filha do servidor, que tem tr\u00eas anos e foi diagnosticada com transtorno do espectro autista (TEA).<\/p>\n<p style=\"text-align: justify;\">Segundo o servidor, at\u00e9 julho de 2021 ele atuava de forma fixa \u00e0 noite, e, a partir daquela data, passou a fazer as atividades em revezamento de turno, sendo quatro meses \u00e0 noite e quatro meses durante o dia.<\/p>\n<p style=\"text-align: justify;\">A decis\u00e3o se fundamentou em documentos m\u00e9dicos que registram o diagn\u00f3stico da crian\u00e7a e no enquadramento como pessoa com defici\u00eancia, conforme o artigo 1\u00ba da Lei 12.764\/2012, que instituiu a Pol\u00edtica Nacional de Prote\u00e7\u00e3o dos Direitos da Pessoa com TEA. A julgadora considerou ainda a necessidade da menina de tratamento cont\u00ednuo e multidisciplinar quatro vezes na semana.<\/p>\n<p style=\"text-align: justify;\">Hor\u00e1rio mais adequado<\/p>\n<p style=\"text-align: justify;\">Para a ju\u00edza, o trabalho no turno da noite \u00e9 o \u201cque melhor se adequa \u00e0 espec\u00edfica organiza\u00e7\u00e3o familiar para os cuidados necess\u00e1rios \u00e0 referida crian\u00e7a\u201d. Ela ressaltou que a manuten\u00e7\u00e3o do profissional nessa escala n\u00e3o evid\u00eancia preju\u00edzos \u00e0 reclamada e se encontra amparada por analogia no artigo 98 da Lei 8112\/90 e nos princ\u00edpios constitucionais do valor social do trabalho e fun\u00e7\u00e3o social da empresa.<\/p>\n<p style=\"text-align: justify;\">Por fim, a julgadora pontuou que \u201ca altera\u00e7\u00e3o do plant\u00e3o noturno para turno de revezamento (diurno e noturno) se amolda, ao menos em cogni\u00e7\u00e3o sum\u00e1ria, \u00e0 veda\u00e7\u00e3o constante no artigo 468 da CLT, porquanto unilateral e em preju\u00edzo do trabalhador\u201d.<\/p>\n<p style=\"text-align: justify;\">Assim, at\u00e9 a an\u00e1lise do m\u00e9rito em car\u00e1ter definitivo, a institui\u00e7\u00e3o deve manter o profissional trabalhando apenas no plant\u00e3o noturno, sob pena de incid\u00eancia de multa di\u00e1ria no valor de R$ 500, a ser revertida em favor da parte autora. Com informa\u00e7\u00f5es do TRT-2.<\/p>\n<p style=\"text-align: justify;\">Fonte: Consultor Jur\u00eddico.<\/p>\n","protected":false},"excerpt":{"rendered":"<p>A ju\u00edza Rosa Fatorelli Tinti Neta, da 25\u00aa Vara do Trabalho de S\u00e3o Paulo, deferiu a tutela de urg\u00eancia pedida por&hellip;<\/p>\n","protected":false},"author":7,"featured_media":14883,"comment_status":"open","ping_status":"open","sticky":false,"template":"","format":"standard","meta":{"cybocfi_hide_featured_image":"","footnotes":""},"categories":[22],"tags":[],"yoast_head":"<!-- This site is optimized with the Yoast SEO plugin v22.8 - https:\/\/yoast.com\/wordpress\/plugins\/seo\/ -->\n<title>Ju\u00edza mant\u00e9m servidor em escala noturna para cuidar de filha autista - SITSESP<\/title>\n<meta name=\"robots\" content=\"index, follow, max-snippet:-1, max-image-preview:large, max-video-preview:-1\" \/>\n<link rel=\"canonical\" href=\"https:\/\/www.sitsesp.org.br\/novo\/juiza-mantem-servidor-em-escala-noturna-para-cuidar-de-filha-autista\/\" \/>\n<meta property=\"og:locale\" content=\"pt_BR\" \/>\n<meta property=\"og:type\" content=\"article\" \/>\n<meta property=\"og:title\" content=\"Ju\u00edza mant\u00e9m servidor em escala noturna para cuidar de filha autista - SITSESP\" \/>\n<meta property=\"og:description\" content=\"A ju\u00edza Rosa Fatorelli Tinti Neta, da 25\u00aa Vara do Trabalho de S\u00e3o Paulo, deferiu a tutela de urg\u00eancia pedida por&hellip;\" \/>\n<meta property=\"og:url\" content=\"https:\/\/www.sitsesp.org.br\/novo\/juiza-mantem-servidor-em-escala-noturna-para-cuidar-de-filha-autista\/\" \/>\n<meta property=\"og:site_name\" content=\"SITSESP\" \/>\n<meta property=\"article:published_time\" content=\"2024-08-06T11:35:46+00:00\" \/>\n<meta property=\"article:modified_time\" content=\"2024-08-06T19:30:15+00:00\" \/>\n<meta property=\"og:image\" content=\"https:\/\/www.sitsesp.org.br\/novo\/wp-content\/uploads\/2024\/08\/autism-day-awareness-with-colourful-portrait.jpg\" \/>\n\t<meta property=\"og:image:width\" content=\"1024\" \/>\n\t<meta property=\"og:image:height\" content=\"683\" \/>\n\t<meta property=\"og:image:type\" content=\"image\/jpeg\" \/>\n<meta name=\"author\" content=\"2.8marcosaa\" \/>\n<meta name=\"twitter:card\" content=\"summary_large_image\" \/>\n<meta name=\"twitter:label1\" content=\"Escrito por\" \/>\n\t<meta name=\"twitter:data1\" content=\"2.8marcosaa\" \/>\n\t<meta name=\"twitter:label2\" content=\"Est. tempo de leitura\" \/>\n\t<meta name=\"twitter:data2\" content=\"3 minutos\" \/>\n<script type=\"application\/ld+json\" class=\"yoast-schema-graph\">{\"@context\":\"https:\/\/schema.org\",\"@graph\":[{\"@type\":\"Article\",\"@id\":\"https:\/\/www.sitsesp.org.br\/novo\/juiza-mantem-servidor-em-escala-noturna-para-cuidar-de-filha-autista\/#article\",\"isPartOf\":{\"@id\":\"https:\/\/www.sitsesp.org.br\/novo\/juiza-mantem-servidor-em-escala-noturna-para-cuidar-de-filha-autista\/\"},\"author\":{\"name\":\"2.8marcosaa\",\"@id\":\"https:\/\/www.sitsesp.org.br\/novo\/#\/schema\/person\/0410b37c20ab60fd51a7b8ae5983f8de\"},\"headline\":\"Ju\u00edza mant\u00e9m servidor em escala noturna para cuidar de filha autista\",\"datePublished\":\"2024-08-06T11:35:46+00:00\",\"dateModified\":\"2024-08-06T19:30:15+00:00\",\"mainEntityOfPage\":{\"@id\":\"https:\/\/www.sitsesp.org.br\/novo\/juiza-mantem-servidor-em-escala-noturna-para-cuidar-de-filha-autista\/\"},\"wordCount\":371,\"commentCount\":0,\"publisher\":{\"@id\":\"https:\/\/www.sitsesp.org.br\/novo\/#organization\"},\"image\":{\"@id\":\"https:\/\/www.sitsesp.org.br\/novo\/juiza-mantem-servidor-em-escala-noturna-para-cuidar-de-filha-autista\/#primaryimage\"},\"thumbnailUrl\":\"https:\/\/www.sitsesp.org.br\/novo\/wp-content\/uploads\/2024\/08\/autism-day-awareness-with-colourful-portrait.jpg\",\"articleSection\":[\"Noticias\"],\"inLanguage\":\"pt-BR\",\"potentialAction\":[{\"@type\":\"CommentAction\",\"name\":\"Comment\",\"target\":[\"https:\/\/www.sitsesp.org.br\/novo\/juiza-mantem-servidor-em-escala-noturna-para-cuidar-de-filha-autista\/#respond\"]}]},{\"@type\":\"WebPage\",\"@id\":\"https:\/\/www.sitsesp.org.br\/novo\/juiza-mantem-servidor-em-escala-noturna-para-cuidar-de-filha-autista\/\",\"url\":\"https:\/\/www.sitsesp.org.br\/novo\/juiza-mantem-servidor-em-escala-noturna-para-cuidar-de-filha-autista\/\",\"name\":\"Ju\u00edza mant\u00e9m servidor em escala noturna para cuidar de filha autista - SITSESP\",\"isPartOf\":{\"@id\":\"https:\/\/www.sitsesp.org.br\/novo\/#website\"},\"primaryImageOfPage\":{\"@id\":\"https:\/\/www.sitsesp.org.br\/novo\/juiza-mantem-servidor-em-escala-noturna-para-cuidar-de-filha-autista\/#primaryimage\"},\"image\":{\"@id\":\"https:\/\/www.sitsesp.org.br\/novo\/juiza-mantem-servidor-em-escala-noturna-para-cuidar-de-filha-autista\/#primaryimage\"},\"thumbnailUrl\":\"https:\/\/www.sitsesp.org.br\/novo\/wp-content\/uploads\/2024\/08\/autism-day-awareness-with-colourful-portrait.jpg\",\"datePublished\":\"2024-08-06T11:35:46+00:00\",\"dateModified\":\"2024-08-06T19:30:15+00:00\",\"breadcrumb\":{\"@id\":\"https:\/\/www.sitsesp.org.br\/novo\/juiza-mantem-servidor-em-escala-noturna-para-cuidar-de-filha-autista\/#breadcrumb\"},\"inLanguage\":\"pt-BR\",\"potentialAction\":[{\"@type\":\"ReadAction\",\"target\":[\"https:\/\/www.sitsesp.org.br\/novo\/juiza-mantem-servidor-em-escala-noturna-para-cuidar-de-filha-autista\/\"]}]},{\"@type\":\"ImageObject\",\"inLanguage\":\"pt-BR\",\"@id\":\"https:\/\/www.sitsesp.org.br\/novo\/juiza-mantem-servidor-em-escala-noturna-para-cuidar-de-filha-autista\/#primaryimage\",\"url\":\"https:\/\/www.sitsesp.org.br\/novo\/wp-content\/uploads\/2024\/08\/autism-day-awareness-with-colourful-portrait.jpg\",\"contentUrl\":\"https:\/\/www.sitsesp.org.br\/novo\/wp-content\/uploads\/2024\/08\/autism-day-awareness-with-colourful-portrait.jpg\",\"width\":5376,\"height\":3584},{\"@type\":\"BreadcrumbList\",\"@id\":\"https:\/\/www.sitsesp.org.br\/novo\/juiza-mantem-servidor-em-escala-noturna-para-cuidar-de-filha-autista\/#breadcrumb\",\"itemListElement\":[{\"@type\":\"ListItem\",\"position\":1,\"name\":\"In\u00edcio\",\"item\":\"https:\/\/www.sitsesp.org.br\/novo\/\"},{\"@type\":\"ListItem\",\"position\":2,\"name\":\"Ju\u00edza mant\u00e9m servidor em escala noturna para cuidar de filha autista\"}]},{\"@type\":\"WebSite\",\"@id\":\"https:\/\/www.sitsesp.org.br\/novo\/#website\",\"url\":\"https:\/\/www.sitsesp.org.br\/novo\/\",\"name\":\"Sitsesp\",\"description\":\"SIndicato da Socioeduca\u00e7\u00e3o do Estado de S\u00e3o Paulo\",\"publisher\":{\"@id\":\"https:\/\/www.sitsesp.org.br\/novo\/#organization\"},\"potentialAction\":[{\"@type\":\"SearchAction\",\"target\":{\"@type\":\"EntryPoint\",\"urlTemplate\":\"https:\/\/www.sitsesp.org.br\/novo\/?s={search_term_string}\"},\"query-input\":\"required name=search_term_string\"}],\"inLanguage\":\"pt-BR\"},{\"@type\":\"Organization\",\"@id\":\"https:\/\/www.sitsesp.org.br\/novo\/#organization\",\"name\":\"Sitsesp\",\"url\":\"https:\/\/www.sitsesp.org.br\/novo\/\",\"logo\":{\"@type\":\"ImageObject\",\"inLanguage\":\"pt-BR\",\"@id\":\"https:\/\/www.sitsesp.org.br\/novo\/#\/schema\/logo\/image\/\",\"url\":\"https:\/\/www.sitsesp.org.br\/novo\/wp-content\/uploads\/2020\/09\/Design-sem-nome-1.jpg\",\"contentUrl\":\"https:\/\/www.sitsesp.org.br\/novo\/wp-content\/uploads\/2020\/09\/Design-sem-nome-1.jpg\",\"width\":300,\"height\":300,\"caption\":\"Sitsesp\"},\"image\":{\"@id\":\"https:\/\/www.sitsesp.org.br\/novo\/#\/schema\/logo\/image\/\"}},{\"@type\":\"Person\",\"@id\":\"https:\/\/www.sitsesp.org.br\/novo\/#\/schema\/person\/0410b37c20ab60fd51a7b8ae5983f8de\",\"name\":\"2.8marcosaa\",\"image\":{\"@type\":\"ImageObject\",\"inLanguage\":\"pt-BR\",\"@id\":\"https:\/\/www.sitsesp.org.br\/novo\/#\/schema\/person\/image\/\",\"url\":\"https:\/\/secure.gravatar.com\/avatar\/0273db62f5a16721adcf1f80ba308e7b?s=96&d=mm&r=g\",\"contentUrl\":\"https:\/\/secure.gravatar.com\/avatar\/0273db62f5a16721adcf1f80ba308e7b?s=96&d=mm&r=g\",\"caption\":\"2.8marcosaa\"},\"sameAs\":[\"http:\/\/www.362k.com.br\"]}]}<\/script>\n<!-- \/ Yoast SEO plugin. -->","yoast_head_json":{"title":"Ju\u00edza mant\u00e9m servidor em escala noturna para cuidar de filha autista - SITSESP","robots":{"index":"index","follow":"follow","max-snippet":"max-snippet:-1","max-image-preview":"max-image-preview:large","max-video-preview":"max-video-preview:-1"},"canonical":"https:\/\/www.sitsesp.org.br\/novo\/juiza-mantem-servidor-em-escala-noturna-para-cuidar-de-filha-autista\/","og_locale":"pt_BR","og_type":"article","og_title":"Ju\u00edza mant\u00e9m servidor em escala noturna para cuidar de filha autista - SITSESP","og_description":"A ju\u00edza Rosa Fatorelli Tinti Neta, da 25\u00aa Vara do Trabalho de S\u00e3o Paulo, deferiu a tutela de urg\u00eancia pedida por&hellip;","og_url":"https:\/\/www.sitsesp.org.br\/novo\/juiza-mantem-servidor-em-escala-noturna-para-cuidar-de-filha-autista\/","og_site_name":"SITSESP","article_published_time":"2024-08-06T11:35:46+00:00","article_modified_time":"2024-08-06T19:30:15+00:00","og_image":[{"url":"https:\/\/www.sitsesp.org.br\/novo\/wp-content\/uploads\/2024\/08\/autism-day-awareness-with-colourful-portrait.jpg","width":1024,"height":683,"type":"image\/jpeg"}],"author":"2.8marcosaa","twitter_card":"summary_large_image","twitter_misc":{"Escrito por":"2.8marcosaa","Est. tempo de leitura":"3 minutos"},"schema":{"@context":"https:\/\/schema.org","@graph":[{"@type":"Article","@id":"https:\/\/www.sitsesp.org.br\/novo\/juiza-mantem-servidor-em-escala-noturna-para-cuidar-de-filha-autista\/#article","isPartOf":{"@id":"https:\/\/www.sitsesp.org.br\/novo\/juiza-mantem-servidor-em-escala-noturna-para-cuidar-de-filha-autista\/"},"author":{"name":"2.8marcosaa","@id":"https:\/\/www.sitsesp.org.br\/novo\/#\/schema\/person\/0410b37c20ab60fd51a7b8ae5983f8de"},"headline":"Ju\u00edza mant\u00e9m servidor em escala noturna para cuidar de filha autista","datePublished":"2024-08-06T11:35:46+00:00","dateModified":"2024-08-06T19:30:15+00:00","mainEntityOfPage":{"@id":"https:\/\/www.sitsesp.org.br\/novo\/juiza-mantem-servidor-em-escala-noturna-para-cuidar-de-filha-autista\/"},"wordCount":371,"commentCount":0,"publisher":{"@id":"https:\/\/www.sitsesp.org.br\/novo\/#organization"},"image":{"@id":"https:\/\/www.sitsesp.org.br\/novo\/juiza-mantem-servidor-em-escala-noturna-para-cuidar-de-filha-autista\/#primaryimage"},"thumbnailUrl":"https:\/\/www.sitsesp.org.br\/novo\/wp-content\/uploads\/2024\/08\/autism-day-awareness-with-colourful-portrait.jpg","articleSection":["Noticias"],"inLanguage":"pt-BR","potentialAction":[{"@type":"CommentAction","name":"Comment","target":["https:\/\/www.sitsesp.org.br\/novo\/juiza-mantem-servidor-em-escala-noturna-para-cuidar-de-filha-autista\/#respond"]}]},{"@type":"WebPage","@id":"https:\/\/www.sitsesp.org.br\/novo\/juiza-mantem-servidor-em-escala-noturna-para-cuidar-de-filha-autista\/","url":"https:\/\/www.sitsesp.org.br\/novo\/juiza-mantem-servidor-em-escala-noturna-para-cuidar-de-filha-autista\/","name":"Ju\u00edza mant\u00e9m servidor em escala noturna para cuidar de filha autista - SITSESP","isPartOf":{"@id":"https:\/\/www.sitsesp.org.br\/novo\/#website"},"primaryImageOfPage":{"@id":"https:\/\/www.sitsesp.org.br\/novo\/juiza-mantem-servidor-em-escala-noturna-para-cuidar-de-filha-autista\/#primaryimage"},"image":{"@id":"https:\/\/www.sitsesp.org.br\/novo\/juiza-mantem-servidor-em-escala-noturna-para-cuidar-de-filha-autista\/#primaryimage"},"thumbnailUrl":"https:\/\/www.sitsesp.org.br\/novo\/wp-content\/uploads\/2024\/08\/autism-day-awareness-with-colourful-portrait.jpg","datePublished":"2024-08-06T11:35:46+00:00","dateModified":"2024-08-06T19:30:15+00:00","breadcrumb":{"@id":"https:\/\/www.sitsesp.org.br\/novo\/juiza-mantem-servidor-em-escala-noturna-para-cuidar-de-filha-autista\/#breadcrumb"},"inLanguage":"pt-BR","potentialAction":[{"@type":"ReadAction","target":["https:\/\/www.sitsesp.org.br\/novo\/juiza-mantem-servidor-em-escala-noturna-para-cuidar-de-filha-autista\/"]}]},{"@type":"ImageObject","inLanguage":"pt-BR","@id":"https:\/\/www.sitsesp.org.br\/novo\/juiza-mantem-servidor-em-escala-noturna-para-cuidar-de-filha-autista\/#primaryimage","url":"https:\/\/www.sitsesp.org.br\/novo\/wp-content\/uploads\/2024\/08\/autism-day-awareness-with-colourful-portrait.jpg","contentUrl":"https:\/\/www.sitsesp.org.br\/novo\/wp-content\/uploads\/2024\/08\/autism-day-awareness-with-colourful-portrait.jpg","width":5376,"height":3584},{"@type":"BreadcrumbList","@id":"https:\/\/www.sitsesp.org.br\/novo\/juiza-mantem-servidor-em-escala-noturna-para-cuidar-de-filha-autista\/#breadcrumb","itemListElement":[{"@type":"ListItem","position":1,"name":"In\u00edcio","item":"https:\/\/www.sitsesp.org.br\/novo\/"},{"@type":"ListItem","position":2,"name":"Ju\u00edza mant\u00e9m servidor em escala noturna para cuidar de filha autista"}]},{"@type":"WebSite","@id":"https:\/\/www.sitsesp.org.br\/novo\/#website","url":"https:\/\/www.sitsesp.org.br\/novo\/","name":"Sitsesp","description":"SIndicato da Socioeduca\u00e7\u00e3o do Estado de S\u00e3o Paulo","publisher":{"@id":"https:\/\/www.sitsesp.org.br\/novo\/#organization"},"potentialAction":[{"@type":"SearchAction","target":{"@type":"EntryPoint","urlTemplate":"https:\/\/www.sitsesp.org.br\/novo\/?s={search_term_string}"},"query-input":"required name=search_term_string"}],"inLanguage":"pt-BR"},{"@type":"Organization","@id":"https:\/\/www.sitsesp.org.br\/novo\/#organization","name":"Sitsesp","url":"https:\/\/www.sitsesp.org.br\/novo\/","logo":{"@type":"ImageObject","inLanguage":"pt-BR","@id":"https:\/\/www.sitsesp.org.br\/novo\/#\/schema\/logo\/image\/","url":"https:\/\/www.sitsesp.org.br\/novo\/wp-content\/uploads\/2020\/09\/Design-sem-nome-1.jpg","contentUrl":"https:\/\/www.sitsesp.org.br\/novo\/wp-content\/uploads\/2020\/09\/Design-sem-nome-1.jpg","width":300,"height":300,"caption":"Sitsesp"},"image":{"@id":"https:\/\/www.sitsesp.org.br\/novo\/#\/schema\/logo\/image\/"}},{"@type":"Person","@id":"https:\/\/www.sitsesp.org.br\/novo\/#\/schema\/person\/0410b37c20ab60fd51a7b8ae5983f8de","name":"2.8marcosaa","image":{"@type":"ImageObject","inLanguage":"pt-BR","@id":"https:\/\/www.sitsesp.org.br\/novo\/#\/schema\/person\/image\/","url":"https:\/\/secure.gravatar.com\/avatar\/0273db62f5a16721adcf1f80ba308e7b?s=96&d=mm&r=g","contentUrl":"https:\/\/secure.gravatar.com\/avatar\/0273db62f5a16721adcf1f80ba308e7b?s=96&d=mm&r=g","caption":"2.8marcosaa"},"sameAs":["http:\/\/www.362k.com.br"]}]}},"_links":{"self":[{"href":"https:\/\/www.sitsesp.org.br\/novo\/wp-json\/wp\/v2\/posts\/14882"}],"collection":[{"href":"https:\/\/www.sitsesp.org.br\/novo\/wp-json\/wp\/v2\/posts"}],"about":[{"href":"https:\/\/www.sitsesp.org.br\/novo\/wp-json\/wp\/v2\/types\/post"}],"author":[{"embeddable":true,"href":"https:\/\/www.sitsesp.org.br\/novo\/wp-json\/wp\/v2\/users\/7"}],"replies":[{"embeddable":true,"href":"https:\/\/www.sitsesp.org.br\/novo\/wp-json\/wp\/v2\/comments?post=14882"}],"version-history":[{"count":1,"href":"https:\/\/www.sitsesp.org.br\/novo\/wp-json\/wp\/v2\/posts\/14882\/revisions"}],"predecessor-version":[{"id":14885,"href":"https:\/\/www.sitsesp.org.br\/novo\/wp-json\/wp\/v2\/posts\/14882\/revisions\/14885"}],"wp:featuredmedia":[{"embeddable":true,"href":"https:\/\/www.sitsesp.org.br\/novo\/wp-json\/wp\/v2\/media\/14883"}],"wp:attachment":[{"href":"https:\/\/www.sitsesp.org.br\/novo\/wp-json\/wp\/v2\/media?parent=14882"}],"wp:term":[{"taxonomy":"category","embeddable":true,"href":"https:\/\/www.sitsesp.org.br\/novo\/wp-json\/wp\/v2\/categories?post=14882"},{"taxonomy":"post_tag","embeddable":true,"href":"https:\/\/www.sitsesp.org.br\/novo\/wp-json\/wp\/v2\/tags?post=14882"}],"curies":[{"name":"wp","href":"https:\/\/api.w.org\/{rel}","templated":true}]}}