{"id":14886,"date":"2024-08-06T16:21:39","date_gmt":"2024-08-06T19:21:39","guid":{"rendered":"https:\/\/www.sitsesp.org.br\/novo\/?p=14886"},"modified":"2024-08-06T16:28:14","modified_gmt":"2024-08-06T19:28:14","slug":"senadores-criam-dia-nacional-do-agente-de-seguranca-socioeducativo","status":"publish","type":"post","link":"https:\/\/www.sitsesp.org.br\/novo\/senadores-criam-dia-nacional-do-agente-de-seguranca-socioeducativo\/","title":{"rendered":"Senadores criam Dia Nacional do Agente de Seguran\u00e7a Socioeducativo a data ser\u00e1 celebrada dia 4 de outubro"},"content":{"rendered":"<p><!-- VideographyWP Plugin Message: Automatic video embedding prevented by plugin options. --><\/p>\n<p style=\"text-align: justify;\">A Comiss\u00e3o de Seguran\u00e7a P\u00fablica aprovou nesta ter\u00e7a-feira (6), em decis\u00e3o final, a cria\u00e7\u00e3o do Dia Nacional do Agente de Seguran\u00e7a Socioeducativo (PL 6279\/2019). O texto estabelece 4 de outubro, dia da morte do agente Francisco Calixto, morto a golpes de cabo de vassora, em 2016, ao tentar impedir a fuga de cinco rebelados na Unidade da Funda\u00e7\u00e3o Casa, em Mar\u00edlia\u2013SP. A proposta deve seguir para san\u00e7\u00e3o do presidente da Rep\u00fablica.<\/p>\n<p style=\"text-align: justify;\">A COMISS\u00c3O DE SEGURAN\u00c7A P\u00daBLICA APROVOU A CRIA\u00c7\u00c3O DO DIA NACIONAL DO AGENTE DE SEGURAN\u00c7A SOCIOEDUCATIVO.<\/p>\n<p style=\"text-align: justify;\">De autoria do deputado federal Sanderson, do PL do Rio Grande do Sul, o projeto aprovado pela Comiss\u00e3o de Seguran\u00e7a P\u00fablica estabelece 4 de outubro como o Dia Nacional do Agente de Seguran\u00e7a Socioeducativo. A data \u00e9 uma refer\u00eancia \u00e0 morte do agente de seguran\u00e7a socioeducativo Francisco Calixto, que em 2016, foi rendido, agredido e executado por cinco internos, com um cabo de vassoura, enquanto tentava impedir a fuga de rebelados na Unidade da Funda\u00e7\u00e3o Casa em Mar\u00edlia, no estado de S\u00e3o Paulo.<br \/>\nA relatora, senadora Damares Alves, do republicanos do Distrito Federal, destacou que os agentes de seguran\u00e7a socioeducativos desempenham um papel fundamental, sendo respons\u00e1veis por garantir a seguran\u00e7a e a disciplina nas unidades destinadas a adolescentes que cumprem medidas socioeducativas. Segundo ela, esses profissionais, que trabalham na reabilita\u00e7\u00e3o e na reintegra\u00e7\u00e3o dos jovens \u00e0 sociedade, contribuem para a redu\u00e7\u00e3o da reincid\u00eancia e para a constru\u00e7\u00e3o de um futuro mais promissor para esses adolescentes.<\/p>\n<p style=\"text-align: justify;\">(senadora Damares Alves) &#8221;Esses profissionais enfrentam desafios di\u00e1rios, lidando com situa\u00e7\u00f5es de risco e estresse, muitas vezes em ambientes adversos. Ao instituir um dia nacional, estamos n\u00e3o apenas valorizando o trabalho desses agentes, mas tamb\u00e9m promovendo uma reflex\u00e3o sobre as condi\u00e7\u00f5es de trabalho, a necessidade de forma\u00e7\u00e3o cont\u00ednua e o apoio psicol\u00f3gico e social que esses profissionais precisam para desempenhar suas fun\u00e7\u00f5es de maneira eficiente e segura.&#8221;<\/p>\n<p style=\"text-align: justify;\">Aprovado em car\u00e1ter terminativo na Comiss\u00e3o de Seguran\u00e7a P\u00fablica, o projeto poder\u00e1 seguir para a san\u00e7\u00e3o presidencial se n\u00e3o houver recurso para vota\u00e7\u00e3o em Plen\u00e1rio.<\/p>\n<p style=\"text-align: justify;\">Fonte: R\u00e1dio Senado, Cesar Mendes.<\/p>\n","protected":false},"excerpt":{"rendered":"<p>A Comiss\u00e3o de Seguran\u00e7a P\u00fablica aprovou nesta ter\u00e7a-feira (6), em decis\u00e3o final, a cria\u00e7\u00e3o do Dia Nacional do Agente de Seguran\u00e7a&hellip;<\/p>\n","protected":false},"author":7,"featured_media":14887,"comment_status":"open","ping_status":"open","sticky":false,"template":"","format":"standard","meta":{"cybocfi_hide_featured_image":"","footnotes":""},"categories":[78],"tags":[],"yoast_head":"<!-- This site is optimized with the Yoast SEO plugin v22.8 - https:\/\/yoast.com\/wordpress\/plugins\/seo\/ -->\n<title>Senadores criam Dia Nacional do Agente de Seguran\u00e7a Socioeducativo a data ser\u00e1 celebrada dia 4 de outubro - SITSESP<\/title>\n<meta name=\"robots\" content=\"index, follow, max-snippet:-1, max-image-preview:large, max-video-preview:-1\" \/>\n<link rel=\"canonical\" href=\"https:\/\/www.sitsesp.org.br\/novo\/senadores-criam-dia-nacional-do-agente-de-seguranca-socioeducativo\/\" \/>\n<meta property=\"og:locale\" content=\"pt_BR\" \/>\n<meta property=\"og:type\" content=\"article\" \/>\n<meta property=\"og:title\" content=\"Senadores criam Dia Nacional do Agente de Seguran\u00e7a Socioeducativo a data ser\u00e1 celebrada dia 4 de outubro - SITSESP\" \/>\n<meta property=\"og:description\" content=\"A Comiss\u00e3o de Seguran\u00e7a P\u00fablica aprovou nesta ter\u00e7a-feira (6), em decis\u00e3o final, a cria\u00e7\u00e3o do Dia Nacional do Agente de Seguran\u00e7a&hellip;\" \/>\n<meta property=\"og:url\" content=\"https:\/\/www.sitsesp.org.br\/novo\/senadores-criam-dia-nacional-do-agente-de-seguranca-socioeducativo\/\" \/>\n<meta property=\"og:site_name\" content=\"SITSESP\" \/>\n<meta property=\"article:published_time\" content=\"2024-08-06T19:21:39+00:00\" \/>\n<meta property=\"article:modified_time\" content=\"2024-08-06T19:28:14+00:00\" \/>\n<meta property=\"og:image\" content=\"https:\/\/www.sitsesp.org.br\/novo\/wp-content\/uploads\/2024\/08\/Centro_FCASA_T40_home-800x445-1.jpeg\" \/>\n\t<meta property=\"og:image:width\" content=\"800\" \/>\n\t<meta property=\"og:image:height\" content=\"445\" \/>\n\t<meta property=\"og:image:type\" content=\"image\/jpeg\" \/>\n<meta name=\"author\" content=\"2.8marcosaa\" \/>\n<meta name=\"twitter:card\" content=\"summary_large_image\" \/>\n<meta name=\"twitter:label1\" content=\"Escrito por\" \/>\n\t<meta name=\"twitter:data1\" content=\"2.8marcosaa\" \/>\n\t<meta name=\"twitter:label2\" content=\"Est. tempo de leitura\" \/>\n\t<meta name=\"twitter:data2\" content=\"3 minutos\" \/>\n<script type=\"application\/ld+json\" class=\"yoast-schema-graph\">{\"@context\":\"https:\/\/schema.org\",\"@graph\":[{\"@type\":\"Article\",\"@id\":\"https:\/\/www.sitsesp.org.br\/novo\/senadores-criam-dia-nacional-do-agente-de-seguranca-socioeducativo\/#article\",\"isPartOf\":{\"@id\":\"https:\/\/www.sitsesp.org.br\/novo\/senadores-criam-dia-nacional-do-agente-de-seguranca-socioeducativo\/\"},\"author\":{\"name\":\"2.8marcosaa\",\"@id\":\"https:\/\/www.sitsesp.org.br\/novo\/#\/schema\/person\/0410b37c20ab60fd51a7b8ae5983f8de\"},\"headline\":\"Senadores criam Dia Nacional do Agente de Seguran\u00e7a Socioeducativo a data ser\u00e1 celebrada dia 4 de outubro\",\"datePublished\":\"2024-08-06T19:21:39+00:00\",\"dateModified\":\"2024-08-06T19:28:14+00:00\",\"mainEntityOfPage\":{\"@id\":\"https:\/\/www.sitsesp.org.br\/novo\/senadores-criam-dia-nacional-do-agente-de-seguranca-socioeducativo\/\"},\"wordCount\":401,\"commentCount\":0,\"publisher\":{\"@id\":\"https:\/\/www.sitsesp.org.br\/novo\/#organization\"},\"image\":{\"@id\":\"https:\/\/www.sitsesp.org.br\/novo\/senadores-criam-dia-nacional-do-agente-de-seguranca-socioeducativo\/#primaryimage\"},\"thumbnailUrl\":\"https:\/\/www.sitsesp.org.br\/novo\/wp-content\/uploads\/2024\/08\/Centro_FCASA_T40_home-800x445-1.jpeg\",\"articleSection\":[\"manchete\"],\"inLanguage\":\"pt-BR\",\"potentialAction\":[{\"@type\":\"CommentAction\",\"name\":\"Comment\",\"target\":[\"https:\/\/www.sitsesp.org.br\/novo\/senadores-criam-dia-nacional-do-agente-de-seguranca-socioeducativo\/#respond\"]}]},{\"@type\":\"WebPage\",\"@id\":\"https:\/\/www.sitsesp.org.br\/novo\/senadores-criam-dia-nacional-do-agente-de-seguranca-socioeducativo\/\",\"url\":\"https:\/\/www.sitsesp.org.br\/novo\/senadores-criam-dia-nacional-do-agente-de-seguranca-socioeducativo\/\",\"name\":\"Senadores criam Dia Nacional do Agente de Seguran\u00e7a Socioeducativo a data ser\u00e1 celebrada dia 4 de outubro - SITSESP\",\"isPartOf\":{\"@id\":\"https:\/\/www.sitsesp.org.br\/novo\/#website\"},\"primaryImageOfPage\":{\"@id\":\"https:\/\/www.sitsesp.org.br\/novo\/senadores-criam-dia-nacional-do-agente-de-seguranca-socioeducativo\/#primaryimage\"},\"image\":{\"@id\":\"https:\/\/www.sitsesp.org.br\/novo\/senadores-criam-dia-nacional-do-agente-de-seguranca-socioeducativo\/#primaryimage\"},\"thumbnailUrl\":\"https:\/\/www.sitsesp.org.br\/novo\/wp-content\/uploads\/2024\/08\/Centro_FCASA_T40_home-800x445-1.jpeg\",\"datePublished\":\"2024-08-06T19:21:39+00:00\",\"dateModified\":\"2024-08-06T19:28:14+00:00\",\"breadcrumb\":{\"@id\":\"https:\/\/www.sitsesp.org.br\/novo\/senadores-criam-dia-nacional-do-agente-de-seguranca-socioeducativo\/#breadcrumb\"},\"inLanguage\":\"pt-BR\",\"potentialAction\":[{\"@type\":\"ReadAction\",\"target\":[\"https:\/\/www.sitsesp.org.br\/novo\/senadores-criam-dia-nacional-do-agente-de-seguranca-socioeducativo\/\"]}]},{\"@type\":\"ImageObject\",\"inLanguage\":\"pt-BR\",\"@id\":\"https:\/\/www.sitsesp.org.br\/novo\/senadores-criam-dia-nacional-do-agente-de-seguranca-socioeducativo\/#primaryimage\",\"url\":\"https:\/\/www.sitsesp.org.br\/novo\/wp-content\/uploads\/2024\/08\/Centro_FCASA_T40_home-800x445-1.jpeg\",\"contentUrl\":\"https:\/\/www.sitsesp.org.br\/novo\/wp-content\/uploads\/2024\/08\/Centro_FCASA_T40_home-800x445-1.jpeg\",\"width\":800,\"height\":445},{\"@type\":\"BreadcrumbList\",\"@id\":\"https:\/\/www.sitsesp.org.br\/novo\/senadores-criam-dia-nacional-do-agente-de-seguranca-socioeducativo\/#breadcrumb\",\"itemListElement\":[{\"@type\":\"ListItem\",\"position\":1,\"name\":\"In\u00edcio\",\"item\":\"https:\/\/www.sitsesp.org.br\/novo\/\"},{\"@type\":\"ListItem\",\"position\":2,\"name\":\"Senadores criam Dia Nacional do Agente de Seguran\u00e7a Socioeducativo a data ser\u00e1 celebrada dia 4 de outubro\"}]},{\"@type\":\"WebSite\",\"@id\":\"https:\/\/www.sitsesp.org.br\/novo\/#website\",\"url\":\"https:\/\/www.sitsesp.org.br\/novo\/\",\"name\":\"Sitsesp\",\"description\":\"SIndicato da Socioeduca\u00e7\u00e3o do Estado de S\u00e3o Paulo\",\"publisher\":{\"@id\":\"https:\/\/www.sitsesp.org.br\/novo\/#organization\"},\"potentialAction\":[{\"@type\":\"SearchAction\",\"target\":{\"@type\":\"EntryPoint\",\"urlTemplate\":\"https:\/\/www.sitsesp.org.br\/novo\/?s={search_term_string}\"},\"query-input\":\"required name=search_term_string\"}],\"inLanguage\":\"pt-BR\"},{\"@type\":\"Organization\",\"@id\":\"https:\/\/www.sitsesp.org.br\/novo\/#organization\",\"name\":\"Sitsesp\",\"url\":\"https:\/\/www.sitsesp.org.br\/novo\/\",\"logo\":{\"@type\":\"ImageObject\",\"inLanguage\":\"pt-BR\",\"@id\":\"https:\/\/www.sitsesp.org.br\/novo\/#\/schema\/logo\/image\/\",\"url\":\"https:\/\/www.sitsesp.org.br\/novo\/wp-content\/uploads\/2020\/09\/Design-sem-nome-1.jpg\",\"contentUrl\":\"https:\/\/www.sitsesp.org.br\/novo\/wp-content\/uploads\/2020\/09\/Design-sem-nome-1.jpg\",\"width\":300,\"height\":300,\"caption\":\"Sitsesp\"},\"image\":{\"@id\":\"https:\/\/www.sitsesp.org.br\/novo\/#\/schema\/logo\/image\/\"}},{\"@type\":\"Person\",\"@id\":\"https:\/\/www.sitsesp.org.br\/novo\/#\/schema\/person\/0410b37c20ab60fd51a7b8ae5983f8de\",\"name\":\"2.8marcosaa\",\"image\":{\"@type\":\"ImageObject\",\"inLanguage\":\"pt-BR\",\"@id\":\"https:\/\/www.sitsesp.org.br\/novo\/#\/schema\/person\/image\/\",\"url\":\"https:\/\/secure.gravatar.com\/avatar\/0273db62f5a16721adcf1f80ba308e7b?s=96&d=mm&r=g\",\"contentUrl\":\"https:\/\/secure.gravatar.com\/avatar\/0273db62f5a16721adcf1f80ba308e7b?s=96&d=mm&r=g\",\"caption\":\"2.8marcosaa\"},\"sameAs\":[\"http:\/\/www.362k.com.br\"]}]}<\/script>\n<!-- \/ Yoast SEO plugin. -->","yoast_head_json":{"title":"Senadores criam Dia Nacional do Agente de Seguran\u00e7a Socioeducativo a data ser\u00e1 celebrada dia 4 de outubro - SITSESP","robots":{"index":"index","follow":"follow","max-snippet":"max-snippet:-1","max-image-preview":"max-image-preview:large","max-video-preview":"max-video-preview:-1"},"canonical":"https:\/\/www.sitsesp.org.br\/novo\/senadores-criam-dia-nacional-do-agente-de-seguranca-socioeducativo\/","og_locale":"pt_BR","og_type":"article","og_title":"Senadores criam Dia Nacional do Agente de Seguran\u00e7a Socioeducativo a data ser\u00e1 celebrada dia 4 de outubro - SITSESP","og_description":"A Comiss\u00e3o de Seguran\u00e7a P\u00fablica aprovou nesta ter\u00e7a-feira (6), em decis\u00e3o final, a cria\u00e7\u00e3o do Dia Nacional do Agente de Seguran\u00e7a&hellip;","og_url":"https:\/\/www.sitsesp.org.br\/novo\/senadores-criam-dia-nacional-do-agente-de-seguranca-socioeducativo\/","og_site_name":"SITSESP","article_published_time":"2024-08-06T19:21:39+00:00","article_modified_time":"2024-08-06T19:28:14+00:00","og_image":[{"width":800,"height":445,"url":"https:\/\/www.sitsesp.org.br\/novo\/wp-content\/uploads\/2024\/08\/Centro_FCASA_T40_home-800x445-1.jpeg","type":"image\/jpeg"}],"author":"2.8marcosaa","twitter_card":"summary_large_image","twitter_misc":{"Escrito por":"2.8marcosaa","Est. tempo de leitura":"3 minutos"},"schema":{"@context":"https:\/\/schema.org","@graph":[{"@type":"Article","@id":"https:\/\/www.sitsesp.org.br\/novo\/senadores-criam-dia-nacional-do-agente-de-seguranca-socioeducativo\/#article","isPartOf":{"@id":"https:\/\/www.sitsesp.org.br\/novo\/senadores-criam-dia-nacional-do-agente-de-seguranca-socioeducativo\/"},"author":{"name":"2.8marcosaa","@id":"https:\/\/www.sitsesp.org.br\/novo\/#\/schema\/person\/0410b37c20ab60fd51a7b8ae5983f8de"},"headline":"Senadores criam Dia Nacional do Agente de Seguran\u00e7a Socioeducativo a data ser\u00e1 celebrada dia 4 de outubro","datePublished":"2024-08-06T19:21:39+00:00","dateModified":"2024-08-06T19:28:14+00:00","mainEntityOfPage":{"@id":"https:\/\/www.sitsesp.org.br\/novo\/senadores-criam-dia-nacional-do-agente-de-seguranca-socioeducativo\/"},"wordCount":401,"commentCount":0,"publisher":{"@id":"https:\/\/www.sitsesp.org.br\/novo\/#organization"},"image":{"@id":"https:\/\/www.sitsesp.org.br\/novo\/senadores-criam-dia-nacional-do-agente-de-seguranca-socioeducativo\/#primaryimage"},"thumbnailUrl":"https:\/\/www.sitsesp.org.br\/novo\/wp-content\/uploads\/2024\/08\/Centro_FCASA_T40_home-800x445-1.jpeg","articleSection":["manchete"],"inLanguage":"pt-BR","potentialAction":[{"@type":"CommentAction","name":"Comment","target":["https:\/\/www.sitsesp.org.br\/novo\/senadores-criam-dia-nacional-do-agente-de-seguranca-socioeducativo\/#respond"]}]},{"@type":"WebPage","@id":"https:\/\/www.sitsesp.org.br\/novo\/senadores-criam-dia-nacional-do-agente-de-seguranca-socioeducativo\/","url":"https:\/\/www.sitsesp.org.br\/novo\/senadores-criam-dia-nacional-do-agente-de-seguranca-socioeducativo\/","name":"Senadores criam Dia Nacional do Agente de Seguran\u00e7a Socioeducativo a data ser\u00e1 celebrada dia 4 de outubro - SITSESP","isPartOf":{"@id":"https:\/\/www.sitsesp.org.br\/novo\/#website"},"primaryImageOfPage":{"@id":"https:\/\/www.sitsesp.org.br\/novo\/senadores-criam-dia-nacional-do-agente-de-seguranca-socioeducativo\/#primaryimage"},"image":{"@id":"https:\/\/www.sitsesp.org.br\/novo\/senadores-criam-dia-nacional-do-agente-de-seguranca-socioeducativo\/#primaryimage"},"thumbnailUrl":"https:\/\/www.sitsesp.org.br\/novo\/wp-content\/uploads\/2024\/08\/Centro_FCASA_T40_home-800x445-1.jpeg","datePublished":"2024-08-06T19:21:39+00:00","dateModified":"2024-08-06T19:28:14+00:00","breadcrumb":{"@id":"https:\/\/www.sitsesp.org.br\/novo\/senadores-criam-dia-nacional-do-agente-de-seguranca-socioeducativo\/#breadcrumb"},"inLanguage":"pt-BR","potentialAction":[{"@type":"ReadAction","target":["https:\/\/www.sitsesp.org.br\/novo\/senadores-criam-dia-nacional-do-agente-de-seguranca-socioeducativo\/"]}]},{"@type":"ImageObject","inLanguage":"pt-BR","@id":"https:\/\/www.sitsesp.org.br\/novo\/senadores-criam-dia-nacional-do-agente-de-seguranca-socioeducativo\/#primaryimage","url":"https:\/\/www.sitsesp.org.br\/novo\/wp-content\/uploads\/2024\/08\/Centro_FCASA_T40_home-800x445-1.jpeg","contentUrl":"https:\/\/www.sitsesp.org.br\/novo\/wp-content\/uploads\/2024\/08\/Centro_FCASA_T40_home-800x445-1.jpeg","width":800,"height":445},{"@type":"BreadcrumbList","@id":"https:\/\/www.sitsesp.org.br\/novo\/senadores-criam-dia-nacional-do-agente-de-seguranca-socioeducativo\/#breadcrumb","itemListElement":[{"@type":"ListItem","position":1,"name":"In\u00edcio","item":"https:\/\/www.sitsesp.org.br\/novo\/"},{"@type":"ListItem","position":2,"name":"Senadores criam Dia Nacional do Agente de Seguran\u00e7a Socioeducativo a data ser\u00e1 celebrada dia 4 de outubro"}]},{"@type":"WebSite","@id":"https:\/\/www.sitsesp.org.br\/novo\/#website","url":"https:\/\/www.sitsesp.org.br\/novo\/","name":"Sitsesp","description":"SIndicato da Socioeduca\u00e7\u00e3o do Estado de S\u00e3o Paulo","publisher":{"@id":"https:\/\/www.sitsesp.org.br\/novo\/#organization"},"potentialAction":[{"@type":"SearchAction","target":{"@type":"EntryPoint","urlTemplate":"https:\/\/www.sitsesp.org.br\/novo\/?s={search_term_string}"},"query-input":"required name=search_term_string"}],"inLanguage":"pt-BR"},{"@type":"Organization","@id":"https:\/\/www.sitsesp.org.br\/novo\/#organization","name":"Sitsesp","url":"https:\/\/www.sitsesp.org.br\/novo\/","logo":{"@type":"ImageObject","inLanguage":"pt-BR","@id":"https:\/\/www.sitsesp.org.br\/novo\/#\/schema\/logo\/image\/","url":"https:\/\/www.sitsesp.org.br\/novo\/wp-content\/uploads\/2020\/09\/Design-sem-nome-1.jpg","contentUrl":"https:\/\/www.sitsesp.org.br\/novo\/wp-content\/uploads\/2020\/09\/Design-sem-nome-1.jpg","width":300,"height":300,"caption":"Sitsesp"},"image":{"@id":"https:\/\/www.sitsesp.org.br\/novo\/#\/schema\/logo\/image\/"}},{"@type":"Person","@id":"https:\/\/www.sitsesp.org.br\/novo\/#\/schema\/person\/0410b37c20ab60fd51a7b8ae5983f8de","name":"2.8marcosaa","image":{"@type":"ImageObject","inLanguage":"pt-BR","@id":"https:\/\/www.sitsesp.org.br\/novo\/#\/schema\/person\/image\/","url":"https:\/\/secure.gravatar.com\/avatar\/0273db62f5a16721adcf1f80ba308e7b?s=96&d=mm&r=g","contentUrl":"https:\/\/secure.gravatar.com\/avatar\/0273db62f5a16721adcf1f80ba308e7b?s=96&d=mm&r=g","caption":"2.8marcosaa"},"sameAs":["http:\/\/www.362k.com.br"]}]}},"_links":{"self":[{"href":"https:\/\/www.sitsesp.org.br\/novo\/wp-json\/wp\/v2\/posts\/14886"}],"collection":[{"href":"https:\/\/www.sitsesp.org.br\/novo\/wp-json\/wp\/v2\/posts"}],"about":[{"href":"https:\/\/www.sitsesp.org.br\/novo\/wp-json\/wp\/v2\/types\/post"}],"author":[{"embeddable":true,"href":"https:\/\/www.sitsesp.org.br\/novo\/wp-json\/wp\/v2\/users\/7"}],"replies":[{"embeddable":true,"href":"https:\/\/www.sitsesp.org.br\/novo\/wp-json\/wp\/v2\/comments?post=14886"}],"version-history":[{"count":4,"href":"https:\/\/www.sitsesp.org.br\/novo\/wp-json\/wp\/v2\/posts\/14886\/revisions"}],"predecessor-version":[{"id":14891,"href":"https:\/\/www.sitsesp.org.br\/novo\/wp-json\/wp\/v2\/posts\/14886\/revisions\/14891"}],"wp:featuredmedia":[{"embeddable":true,"href":"https:\/\/www.sitsesp.org.br\/novo\/wp-json\/wp\/v2\/media\/14887"}],"wp:attachment":[{"href":"https:\/\/www.sitsesp.org.br\/novo\/wp-json\/wp\/v2\/media?parent=14886"}],"wp:term":[{"taxonomy":"category","embeddable":true,"href":"https:\/\/www.sitsesp.org.br\/novo\/wp-json\/wp\/v2\/categories?post=14886"},{"taxonomy":"post_tag","embeddable":true,"href":"https:\/\/www.sitsesp.org.br\/novo\/wp-json\/wp\/v2\/tags?post=14886"}],"curies":[{"name":"wp","href":"https:\/\/api.w.org\/{rel}","templated":true}]}}