{"id":15026,"date":"2024-09-04T16:31:25","date_gmt":"2024-09-04T19:31:25","guid":{"rendered":"https:\/\/www.sitsesp.org.br\/novo\/?p=15026"},"modified":"2024-09-04T16:32:38","modified_gmt":"2024-09-04T19:32:38","slug":"sitsesp-e-direcao-da-fundacao-casa-discutem-propostas-para-melhorar-a-seguranca-e-as-condicoes-de-trabalho-nas-unidades","status":"publish","type":"post","link":"https:\/\/www.sitsesp.org.br\/novo\/sitsesp-e-direcao-da-fundacao-casa-discutem-propostas-para-melhorar-a-seguranca-e-as-condicoes-de-trabalho-nas-unidades\/","title":{"rendered":"SITSESP e a Dire\u00e7\u00e3o da Funda\u00e7\u00e3o CASA  Discutem Propostas Para Melhorar a Seguran\u00e7a e as Condi\u00e7\u00f5es de Trabalho nas Unidades"},"content":{"rendered":"<p><!-- VideographyWP Plugin Message: Automatic video embedding prevented by plugin options. --><\/p>\n<p style=\"text-align: justify;\">Em uma reuni\u00e3o no \u00faltimo dia 03 setembro, entre\u00a0 o SITSESP e a dire\u00e7\u00e3o da Funda\u00e7\u00e3o CASA, com foco principal na quest\u00e3o de seguran\u00e7a, diversas propostas foram discutidas para enfrentar os desafios atuais nas unidades socioeducativas. Entre os temas abordados, destaca-se a necessidade de mapeamento do efetivo nos centros. A funda\u00e7\u00e3o trabalha com n\u00famero total de 9 mil funcion\u00e1rios, o n\u00famero espec\u00edfico de agentes fica na casa de 4.539. O SITSESP entende que estes n\u00fameros precisam ser reavaliados de acordo com a realidade de cada unidade, sendo necess\u00e1ria uma melhor distribui\u00e7\u00e3o do efetivo.\u00a0 Uma vez que em algumas unidades o efetivo fica comprometido.<\/p>\n<p style=\"text-align: justify;\">O SITSESP est\u00e1 preparando um documento para aferir a quantidade de servidores em cada plant\u00e3o para buscar uma solu\u00e7\u00e3o efetiva.<\/p>\n<p style=\"text-align: justify;\">Outros temas tamb\u00e9m foram discutidos, tais como:<\/p>\n<p style=\"text-align: justify;\">Autoriza\u00e7\u00e3o para filmagens com celulares em casos espec\u00edficos, a digitaliza\u00e7\u00e3o de registros, a regulamenta\u00e7\u00e3o das atribui\u00e7\u00f5es dos agentes socioeducativos, e a adequa\u00e7\u00e3o da infraestrutura e pessoal.<\/p>\n<p style=\"text-align: justify;\">Filmagem em Casos Espec\u00edficos<br \/>\nUma das propostas discutidas foi a autoriza\u00e7\u00e3o para que coordenadores utilizem seus celulares para filmar situa\u00e7\u00f5es espec\u00edficas, como casos de alto flagelo e drogadi\u00e7\u00e3o entre os adolescentes. Essa medida seria uma forma de documentar e gerenciar incidentes cr\u00edticos de maneira mais eficaz.<\/p>\n<p style=\"text-align: justify;\">Digitaliza\u00e7\u00e3o de Registros<br \/>\nOutra quest\u00e3o levantada foi a necessidade de digitalizar o livro de coordena\u00e7\u00e3o, utilizado diariamente pelos agentes. A repeti\u00e7\u00e3o constante das mesmas informa\u00e7\u00f5es nesse registro f\u00edsico tem sido vista como uma pr\u00e1tica ineficaz, e a digitaliza\u00e7\u00e3o foi proposta como uma solu\u00e7\u00e3o para otimizar o processo e reduzir a carga administrativa.<\/p>\n<p style=\"text-align: justify;\">Regulamenta\u00e7\u00e3o das Atribui\u00e7\u00f5es dos Agentes Socioeducativos<br \/>\nTamb\u00e9m foi discutida a import\u00e2ncia de regulamentar as atribui\u00e7\u00f5es dos agentes socioeducativos, especialmente em situa\u00e7\u00f5es onde outros profissionais, como professores de educa\u00e7\u00e3o f\u00edsica, est\u00e3o ausentes. A proposta visa normatizar essas responsabilidades, garantindo que os agentes possam continuar suas atividades com seguran\u00e7a e dentro dos limites legais.<\/p>\n<p style=\"text-align: justify;\">Adequa\u00e7\u00e3o de Pessoal e Infraestrutura<br \/>\nA manuten\u00e7\u00e3o de um n\u00famero m\u00ednimo de servidores nas unidades foi outra preocupa\u00e7\u00e3o destacada. Atualmente, o grupo de suporte n\u00e3o tem atendido de maneira eficaz \u00e0s necessidades dos centros, o que prejudica a continuidade das rotinas di\u00e1rias. A dire\u00e7\u00e3o foi instada a rever essa situa\u00e7\u00e3o para garantir que as unidades funcionem adequadamente.<\/p>\n<p style=\"text-align: justify;\">Realoca\u00e7\u00e3o de Servidores da Semi-Liberdade<br \/>\nFoi discutida tamb\u00e9m a situa\u00e7\u00e3o dos servidores da semi-liberdade, que t\u00eam sido realocados para complexos nos fins de semana. A pr\u00e1tica foi questionada, pois compromete o funcionamento efetivo das unidades de semi-liberdade.<\/p>\n<p style=\"text-align: justify;\">Preocupa\u00e7\u00f5es com a Seguran\u00e7a e a Sa\u00fade dos Agentes<br \/>\nA reuni\u00e3o tamb\u00e9m abordou as preocupa\u00e7\u00f5es com a queda nas interna\u00e7\u00f5es de adolescentes, o que tem impactado a gest\u00e3o da Funda\u00e7\u00e3o CASA. A dire\u00e7\u00e3o expressou preocupa\u00e7\u00e3o com o envelhecimento e adoecimento dos agentes de seguran\u00e7a, e ressaltou que a capacita\u00e7\u00e3o de novos agentes \u00e9 um processo demorado. Al\u00e9m disso, o uso de Equipamentos de Prote\u00e7\u00e3o Individual (EPIs) e materiais de carga foi debatido, destacando a necessidade de regulamenta\u00e7\u00e3o espec\u00edfica para esses itens no Estado de S\u00e3o Paulo.<\/p>\n<p style=\"text-align: justify;\">Uso de Celulares pelos Adolescentes<br \/>\nA quest\u00e3o do uso de celulares pelos adolescentes para realizar chamadas de v\u00eddeo com suas fam\u00edlias tamb\u00e9m foi tema de discuss\u00e3o. A dire\u00e7\u00e3o da Funda\u00e7\u00e3o CASA considerou os benef\u00edcios e desafios dessa pr\u00e1tica, em um esfor\u00e7o para equilibrar a seguran\u00e7a e o bem-estar dos jovens. Por\u00e9m, o SITSESP entende que \u00e9 preciso planejar a a\u00e7\u00e3o com cuidado, estabelecendo processos e definindo a melhor maneira de implantar. Num primeiro momento, traz preocupa\u00e7\u00e3o, devido \u00e0 falta de efetivo.<\/p>\n<p style=\"text-align: justify;\">Protocolo de Seguran\u00e7a<br \/>\nPor fim, o protocolo de seguran\u00e7a foi abordado, especialmente a falta de procedimentos claros para lidar com situa\u00e7\u00f5es conflituosas, como tumultos e rebeli\u00f5es. A Funda\u00e7\u00e3o CASA reiterou que sua abordagem \u00e0 seguran\u00e7a \u00e9 preventiva, com a\u00e7\u00f5es repressivas sendo consideradas excepcionais. O SITSESP defende envolver o policiamento ostensivo do Estado quando necess\u00e1rio em casos de maior gravidade.<\/p>\n","protected":false},"excerpt":{"rendered":"<p>Em uma reuni\u00e3o no \u00faltimo dia 03 setembro, entre\u00a0 o SITSESP e a dire\u00e7\u00e3o da Funda\u00e7\u00e3o CASA, com foco principal na&hellip;<\/p>\n","protected":false},"author":7,"featured_media":15027,"comment_status":"open","ping_status":"open","sticky":false,"template":"","format":"standard","meta":{"cybocfi_hide_featured_image":"","footnotes":""},"categories":[27],"tags":[],"yoast_head":"<!-- This site is optimized with the Yoast SEO plugin v22.8 - https:\/\/yoast.com\/wordpress\/plugins\/seo\/ -->\n<title>SITSESP e a Dire\u00e7\u00e3o da Funda\u00e7\u00e3o CASA Discutem Propostas Para Melhorar a Seguran\u00e7a e as Condi\u00e7\u00f5es de Trabalho nas Unidades - SITSESP<\/title>\n<meta name=\"robots\" content=\"index, follow, max-snippet:-1, max-image-preview:large, max-video-preview:-1\" \/>\n<link rel=\"canonical\" href=\"https:\/\/www.sitsesp.org.br\/novo\/sitsesp-e-direcao-da-fundacao-casa-discutem-propostas-para-melhorar-a-seguranca-e-as-condicoes-de-trabalho-nas-unidades\/\" \/>\n<meta property=\"og:locale\" content=\"pt_BR\" \/>\n<meta property=\"og:type\" content=\"article\" \/>\n<meta property=\"og:title\" content=\"SITSESP e a Dire\u00e7\u00e3o da Funda\u00e7\u00e3o CASA Discutem Propostas Para Melhorar a Seguran\u00e7a e as Condi\u00e7\u00f5es de Trabalho nas Unidades - SITSESP\" \/>\n<meta property=\"og:description\" content=\"Em uma reuni\u00e3o no \u00faltimo dia 03 setembro, entre\u00a0 o SITSESP e a dire\u00e7\u00e3o da Funda\u00e7\u00e3o CASA, com foco principal na&hellip;\" \/>\n<meta property=\"og:url\" content=\"https:\/\/www.sitsesp.org.br\/novo\/sitsesp-e-direcao-da-fundacao-casa-discutem-propostas-para-melhorar-a-seguranca-e-as-condicoes-de-trabalho-nas-unidades\/\" \/>\n<meta property=\"og:site_name\" content=\"SITSESP\" \/>\n<meta property=\"article:published_time\" content=\"2024-09-04T19:31:25+00:00\" \/>\n<meta property=\"article:modified_time\" content=\"2024-09-04T19:32:38+00:00\" \/>\n<meta property=\"og:image\" content=\"https:\/\/www.sitsesp.org.br\/novo\/wp-content\/uploads\/2024\/09\/WhatsApp-Image-2024-09-03-at-12.06.20.jpeg\" \/>\n\t<meta property=\"og:image:width\" content=\"1280\" \/>\n\t<meta property=\"og:image:height\" content=\"963\" \/>\n\t<meta property=\"og:image:type\" content=\"image\/jpeg\" \/>\n<meta name=\"author\" content=\"2.8marcosaa\" \/>\n<meta name=\"twitter:card\" content=\"summary_large_image\" \/>\n<meta name=\"twitter:label1\" content=\"Escrito por\" \/>\n\t<meta name=\"twitter:data1\" content=\"2.8marcosaa\" \/>\n\t<meta name=\"twitter:label2\" content=\"Est. tempo de leitura\" \/>\n\t<meta name=\"twitter:data2\" content=\"4 minutos\" \/>\n<script type=\"application\/ld+json\" class=\"yoast-schema-graph\">{\"@context\":\"https:\/\/schema.org\",\"@graph\":[{\"@type\":\"Article\",\"@id\":\"https:\/\/www.sitsesp.org.br\/novo\/sitsesp-e-direcao-da-fundacao-casa-discutem-propostas-para-melhorar-a-seguranca-e-as-condicoes-de-trabalho-nas-unidades\/#article\",\"isPartOf\":{\"@id\":\"https:\/\/www.sitsesp.org.br\/novo\/sitsesp-e-direcao-da-fundacao-casa-discutem-propostas-para-melhorar-a-seguranca-e-as-condicoes-de-trabalho-nas-unidades\/\"},\"author\":{\"name\":\"2.8marcosaa\",\"@id\":\"https:\/\/www.sitsesp.org.br\/novo\/#\/schema\/person\/0410b37c20ab60fd51a7b8ae5983f8de\"},\"headline\":\"SITSESP e a Dire\u00e7\u00e3o da Funda\u00e7\u00e3o CASA Discutem Propostas Para Melhorar a Seguran\u00e7a e as Condi\u00e7\u00f5es de Trabalho nas Unidades\",\"datePublished\":\"2024-09-04T19:31:25+00:00\",\"dateModified\":\"2024-09-04T19:32:38+00:00\",\"mainEntityOfPage\":{\"@id\":\"https:\/\/www.sitsesp.org.br\/novo\/sitsesp-e-direcao-da-fundacao-casa-discutem-propostas-para-melhorar-a-seguranca-e-as-condicoes-de-trabalho-nas-unidades\/\"},\"wordCount\":743,\"commentCount\":0,\"publisher\":{\"@id\":\"https:\/\/www.sitsesp.org.br\/novo\/#organization\"},\"image\":{\"@id\":\"https:\/\/www.sitsesp.org.br\/novo\/sitsesp-e-direcao-da-fundacao-casa-discutem-propostas-para-melhorar-a-seguranca-e-as-condicoes-de-trabalho-nas-unidades\/#primaryimage\"},\"thumbnailUrl\":\"https:\/\/www.sitsesp.org.br\/novo\/wp-content\/uploads\/2024\/09\/WhatsApp-Image-2024-09-03-at-12.06.20.jpeg\",\"articleSection\":[\"Destaque\"],\"inLanguage\":\"pt-BR\",\"potentialAction\":[{\"@type\":\"CommentAction\",\"name\":\"Comment\",\"target\":[\"https:\/\/www.sitsesp.org.br\/novo\/sitsesp-e-direcao-da-fundacao-casa-discutem-propostas-para-melhorar-a-seguranca-e-as-condicoes-de-trabalho-nas-unidades\/#respond\"]}]},{\"@type\":\"WebPage\",\"@id\":\"https:\/\/www.sitsesp.org.br\/novo\/sitsesp-e-direcao-da-fundacao-casa-discutem-propostas-para-melhorar-a-seguranca-e-as-condicoes-de-trabalho-nas-unidades\/\",\"url\":\"https:\/\/www.sitsesp.org.br\/novo\/sitsesp-e-direcao-da-fundacao-casa-discutem-propostas-para-melhorar-a-seguranca-e-as-condicoes-de-trabalho-nas-unidades\/\",\"name\":\"SITSESP e a Dire\u00e7\u00e3o da Funda\u00e7\u00e3o CASA Discutem Propostas Para Melhorar a Seguran\u00e7a e as Condi\u00e7\u00f5es de Trabalho nas Unidades - SITSESP\",\"isPartOf\":{\"@id\":\"https:\/\/www.sitsesp.org.br\/novo\/#website\"},\"primaryImageOfPage\":{\"@id\":\"https:\/\/www.sitsesp.org.br\/novo\/sitsesp-e-direcao-da-fundacao-casa-discutem-propostas-para-melhorar-a-seguranca-e-as-condicoes-de-trabalho-nas-unidades\/#primaryimage\"},\"image\":{\"@id\":\"https:\/\/www.sitsesp.org.br\/novo\/sitsesp-e-direcao-da-fundacao-casa-discutem-propostas-para-melhorar-a-seguranca-e-as-condicoes-de-trabalho-nas-unidades\/#primaryimage\"},\"thumbnailUrl\":\"https:\/\/www.sitsesp.org.br\/novo\/wp-content\/uploads\/2024\/09\/WhatsApp-Image-2024-09-03-at-12.06.20.jpeg\",\"datePublished\":\"2024-09-04T19:31:25+00:00\",\"dateModified\":\"2024-09-04T19:32:38+00:00\",\"breadcrumb\":{\"@id\":\"https:\/\/www.sitsesp.org.br\/novo\/sitsesp-e-direcao-da-fundacao-casa-discutem-propostas-para-melhorar-a-seguranca-e-as-condicoes-de-trabalho-nas-unidades\/#breadcrumb\"},\"inLanguage\":\"pt-BR\",\"potentialAction\":[{\"@type\":\"ReadAction\",\"target\":[\"https:\/\/www.sitsesp.org.br\/novo\/sitsesp-e-direcao-da-fundacao-casa-discutem-propostas-para-melhorar-a-seguranca-e-as-condicoes-de-trabalho-nas-unidades\/\"]}]},{\"@type\":\"ImageObject\",\"inLanguage\":\"pt-BR\",\"@id\":\"https:\/\/www.sitsesp.org.br\/novo\/sitsesp-e-direcao-da-fundacao-casa-discutem-propostas-para-melhorar-a-seguranca-e-as-condicoes-de-trabalho-nas-unidades\/#primaryimage\",\"url\":\"https:\/\/www.sitsesp.org.br\/novo\/wp-content\/uploads\/2024\/09\/WhatsApp-Image-2024-09-03-at-12.06.20.jpeg\",\"contentUrl\":\"https:\/\/www.sitsesp.org.br\/novo\/wp-content\/uploads\/2024\/09\/WhatsApp-Image-2024-09-03-at-12.06.20.jpeg\",\"width\":1280,\"height\":963},{\"@type\":\"BreadcrumbList\",\"@id\":\"https:\/\/www.sitsesp.org.br\/novo\/sitsesp-e-direcao-da-fundacao-casa-discutem-propostas-para-melhorar-a-seguranca-e-as-condicoes-de-trabalho-nas-unidades\/#breadcrumb\",\"itemListElement\":[{\"@type\":\"ListItem\",\"position\":1,\"name\":\"In\u00edcio\",\"item\":\"https:\/\/www.sitsesp.org.br\/novo\/\"},{\"@type\":\"ListItem\",\"position\":2,\"name\":\"SITSESP e a Dire\u00e7\u00e3o da Funda\u00e7\u00e3o CASA Discutem Propostas Para Melhorar a Seguran\u00e7a e as Condi\u00e7\u00f5es de Trabalho nas Unidades\"}]},{\"@type\":\"WebSite\",\"@id\":\"https:\/\/www.sitsesp.org.br\/novo\/#website\",\"url\":\"https:\/\/www.sitsesp.org.br\/novo\/\",\"name\":\"Sitsesp\",\"description\":\"SIndicato da Socioeduca\u00e7\u00e3o do Estado de S\u00e3o Paulo\",\"publisher\":{\"@id\":\"https:\/\/www.sitsesp.org.br\/novo\/#organization\"},\"potentialAction\":[{\"@type\":\"SearchAction\",\"target\":{\"@type\":\"EntryPoint\",\"urlTemplate\":\"https:\/\/www.sitsesp.org.br\/novo\/?s={search_term_string}\"},\"query-input\":\"required name=search_term_string\"}],\"inLanguage\":\"pt-BR\"},{\"@type\":\"Organization\",\"@id\":\"https:\/\/www.sitsesp.org.br\/novo\/#organization\",\"name\":\"Sitsesp\",\"url\":\"https:\/\/www.sitsesp.org.br\/novo\/\",\"logo\":{\"@type\":\"ImageObject\",\"inLanguage\":\"pt-BR\",\"@id\":\"https:\/\/www.sitsesp.org.br\/novo\/#\/schema\/logo\/image\/\",\"url\":\"https:\/\/www.sitsesp.org.br\/novo\/wp-content\/uploads\/2020\/09\/Design-sem-nome-1.jpg\",\"contentUrl\":\"https:\/\/www.sitsesp.org.br\/novo\/wp-content\/uploads\/2020\/09\/Design-sem-nome-1.jpg\",\"width\":300,\"height\":300,\"caption\":\"Sitsesp\"},\"image\":{\"@id\":\"https:\/\/www.sitsesp.org.br\/novo\/#\/schema\/logo\/image\/\"}},{\"@type\":\"Person\",\"@id\":\"https:\/\/www.sitsesp.org.br\/novo\/#\/schema\/person\/0410b37c20ab60fd51a7b8ae5983f8de\",\"name\":\"2.8marcosaa\",\"image\":{\"@type\":\"ImageObject\",\"inLanguage\":\"pt-BR\",\"@id\":\"https:\/\/www.sitsesp.org.br\/novo\/#\/schema\/person\/image\/\",\"url\":\"https:\/\/secure.gravatar.com\/avatar\/0273db62f5a16721adcf1f80ba308e7b?s=96&d=mm&r=g\",\"contentUrl\":\"https:\/\/secure.gravatar.com\/avatar\/0273db62f5a16721adcf1f80ba308e7b?s=96&d=mm&r=g\",\"caption\":\"2.8marcosaa\"},\"sameAs\":[\"http:\/\/www.362k.com.br\"]}]}<\/script>\n<!-- \/ Yoast SEO plugin. -->","yoast_head_json":{"title":"SITSESP e a Dire\u00e7\u00e3o da Funda\u00e7\u00e3o CASA Discutem Propostas Para Melhorar a Seguran\u00e7a e as Condi\u00e7\u00f5es de Trabalho nas Unidades - SITSESP","robots":{"index":"index","follow":"follow","max-snippet":"max-snippet:-1","max-image-preview":"max-image-preview:large","max-video-preview":"max-video-preview:-1"},"canonical":"https:\/\/www.sitsesp.org.br\/novo\/sitsesp-e-direcao-da-fundacao-casa-discutem-propostas-para-melhorar-a-seguranca-e-as-condicoes-de-trabalho-nas-unidades\/","og_locale":"pt_BR","og_type":"article","og_title":"SITSESP e a Dire\u00e7\u00e3o da Funda\u00e7\u00e3o CASA Discutem Propostas Para Melhorar a Seguran\u00e7a e as Condi\u00e7\u00f5es de Trabalho nas Unidades - SITSESP","og_description":"Em uma reuni\u00e3o no \u00faltimo dia 03 setembro, entre\u00a0 o SITSESP e a dire\u00e7\u00e3o da Funda\u00e7\u00e3o CASA, com foco principal na&hellip;","og_url":"https:\/\/www.sitsesp.org.br\/novo\/sitsesp-e-direcao-da-fundacao-casa-discutem-propostas-para-melhorar-a-seguranca-e-as-condicoes-de-trabalho-nas-unidades\/","og_site_name":"SITSESP","article_published_time":"2024-09-04T19:31:25+00:00","article_modified_time":"2024-09-04T19:32:38+00:00","og_image":[{"width":1280,"height":963,"url":"https:\/\/www.sitsesp.org.br\/novo\/wp-content\/uploads\/2024\/09\/WhatsApp-Image-2024-09-03-at-12.06.20.jpeg","type":"image\/jpeg"}],"author":"2.8marcosaa","twitter_card":"summary_large_image","twitter_misc":{"Escrito por":"2.8marcosaa","Est. tempo de leitura":"4 minutos"},"schema":{"@context":"https:\/\/schema.org","@graph":[{"@type":"Article","@id":"https:\/\/www.sitsesp.org.br\/novo\/sitsesp-e-direcao-da-fundacao-casa-discutem-propostas-para-melhorar-a-seguranca-e-as-condicoes-de-trabalho-nas-unidades\/#article","isPartOf":{"@id":"https:\/\/www.sitsesp.org.br\/novo\/sitsesp-e-direcao-da-fundacao-casa-discutem-propostas-para-melhorar-a-seguranca-e-as-condicoes-de-trabalho-nas-unidades\/"},"author":{"name":"2.8marcosaa","@id":"https:\/\/www.sitsesp.org.br\/novo\/#\/schema\/person\/0410b37c20ab60fd51a7b8ae5983f8de"},"headline":"SITSESP e a Dire\u00e7\u00e3o da Funda\u00e7\u00e3o CASA Discutem Propostas Para Melhorar a Seguran\u00e7a e as Condi\u00e7\u00f5es de Trabalho nas Unidades","datePublished":"2024-09-04T19:31:25+00:00","dateModified":"2024-09-04T19:32:38+00:00","mainEntityOfPage":{"@id":"https:\/\/www.sitsesp.org.br\/novo\/sitsesp-e-direcao-da-fundacao-casa-discutem-propostas-para-melhorar-a-seguranca-e-as-condicoes-de-trabalho-nas-unidades\/"},"wordCount":743,"commentCount":0,"publisher":{"@id":"https:\/\/www.sitsesp.org.br\/novo\/#organization"},"image":{"@id":"https:\/\/www.sitsesp.org.br\/novo\/sitsesp-e-direcao-da-fundacao-casa-discutem-propostas-para-melhorar-a-seguranca-e-as-condicoes-de-trabalho-nas-unidades\/#primaryimage"},"thumbnailUrl":"https:\/\/www.sitsesp.org.br\/novo\/wp-content\/uploads\/2024\/09\/WhatsApp-Image-2024-09-03-at-12.06.20.jpeg","articleSection":["Destaque"],"inLanguage":"pt-BR","potentialAction":[{"@type":"CommentAction","name":"Comment","target":["https:\/\/www.sitsesp.org.br\/novo\/sitsesp-e-direcao-da-fundacao-casa-discutem-propostas-para-melhorar-a-seguranca-e-as-condicoes-de-trabalho-nas-unidades\/#respond"]}]},{"@type":"WebPage","@id":"https:\/\/www.sitsesp.org.br\/novo\/sitsesp-e-direcao-da-fundacao-casa-discutem-propostas-para-melhorar-a-seguranca-e-as-condicoes-de-trabalho-nas-unidades\/","url":"https:\/\/www.sitsesp.org.br\/novo\/sitsesp-e-direcao-da-fundacao-casa-discutem-propostas-para-melhorar-a-seguranca-e-as-condicoes-de-trabalho-nas-unidades\/","name":"SITSESP e a Dire\u00e7\u00e3o da Funda\u00e7\u00e3o CASA Discutem Propostas Para Melhorar a Seguran\u00e7a e as Condi\u00e7\u00f5es de Trabalho nas Unidades - SITSESP","isPartOf":{"@id":"https:\/\/www.sitsesp.org.br\/novo\/#website"},"primaryImageOfPage":{"@id":"https:\/\/www.sitsesp.org.br\/novo\/sitsesp-e-direcao-da-fundacao-casa-discutem-propostas-para-melhorar-a-seguranca-e-as-condicoes-de-trabalho-nas-unidades\/#primaryimage"},"image":{"@id":"https:\/\/www.sitsesp.org.br\/novo\/sitsesp-e-direcao-da-fundacao-casa-discutem-propostas-para-melhorar-a-seguranca-e-as-condicoes-de-trabalho-nas-unidades\/#primaryimage"},"thumbnailUrl":"https:\/\/www.sitsesp.org.br\/novo\/wp-content\/uploads\/2024\/09\/WhatsApp-Image-2024-09-03-at-12.06.20.jpeg","datePublished":"2024-09-04T19:31:25+00:00","dateModified":"2024-09-04T19:32:38+00:00","breadcrumb":{"@id":"https:\/\/www.sitsesp.org.br\/novo\/sitsesp-e-direcao-da-fundacao-casa-discutem-propostas-para-melhorar-a-seguranca-e-as-condicoes-de-trabalho-nas-unidades\/#breadcrumb"},"inLanguage":"pt-BR","potentialAction":[{"@type":"ReadAction","target":["https:\/\/www.sitsesp.org.br\/novo\/sitsesp-e-direcao-da-fundacao-casa-discutem-propostas-para-melhorar-a-seguranca-e-as-condicoes-de-trabalho-nas-unidades\/"]}]},{"@type":"ImageObject","inLanguage":"pt-BR","@id":"https:\/\/www.sitsesp.org.br\/novo\/sitsesp-e-direcao-da-fundacao-casa-discutem-propostas-para-melhorar-a-seguranca-e-as-condicoes-de-trabalho-nas-unidades\/#primaryimage","url":"https:\/\/www.sitsesp.org.br\/novo\/wp-content\/uploads\/2024\/09\/WhatsApp-Image-2024-09-03-at-12.06.20.jpeg","contentUrl":"https:\/\/www.sitsesp.org.br\/novo\/wp-content\/uploads\/2024\/09\/WhatsApp-Image-2024-09-03-at-12.06.20.jpeg","width":1280,"height":963},{"@type":"BreadcrumbList","@id":"https:\/\/www.sitsesp.org.br\/novo\/sitsesp-e-direcao-da-fundacao-casa-discutem-propostas-para-melhorar-a-seguranca-e-as-condicoes-de-trabalho-nas-unidades\/#breadcrumb","itemListElement":[{"@type":"ListItem","position":1,"name":"In\u00edcio","item":"https:\/\/www.sitsesp.org.br\/novo\/"},{"@type":"ListItem","position":2,"name":"SITSESP e a Dire\u00e7\u00e3o da Funda\u00e7\u00e3o CASA Discutem Propostas Para Melhorar a Seguran\u00e7a e as Condi\u00e7\u00f5es de Trabalho nas Unidades"}]},{"@type":"WebSite","@id":"https:\/\/www.sitsesp.org.br\/novo\/#website","url":"https:\/\/www.sitsesp.org.br\/novo\/","name":"Sitsesp","description":"SIndicato da Socioeduca\u00e7\u00e3o do Estado de S\u00e3o Paulo","publisher":{"@id":"https:\/\/www.sitsesp.org.br\/novo\/#organization"},"potentialAction":[{"@type":"SearchAction","target":{"@type":"EntryPoint","urlTemplate":"https:\/\/www.sitsesp.org.br\/novo\/?s={search_term_string}"},"query-input":"required name=search_term_string"}],"inLanguage":"pt-BR"},{"@type":"Organization","@id":"https:\/\/www.sitsesp.org.br\/novo\/#organization","name":"Sitsesp","url":"https:\/\/www.sitsesp.org.br\/novo\/","logo":{"@type":"ImageObject","inLanguage":"pt-BR","@id":"https:\/\/www.sitsesp.org.br\/novo\/#\/schema\/logo\/image\/","url":"https:\/\/www.sitsesp.org.br\/novo\/wp-content\/uploads\/2020\/09\/Design-sem-nome-1.jpg","contentUrl":"https:\/\/www.sitsesp.org.br\/novo\/wp-content\/uploads\/2020\/09\/Design-sem-nome-1.jpg","width":300,"height":300,"caption":"Sitsesp"},"image":{"@id":"https:\/\/www.sitsesp.org.br\/novo\/#\/schema\/logo\/image\/"}},{"@type":"Person","@id":"https:\/\/www.sitsesp.org.br\/novo\/#\/schema\/person\/0410b37c20ab60fd51a7b8ae5983f8de","name":"2.8marcosaa","image":{"@type":"ImageObject","inLanguage":"pt-BR","@id":"https:\/\/www.sitsesp.org.br\/novo\/#\/schema\/person\/image\/","url":"https:\/\/secure.gravatar.com\/avatar\/0273db62f5a16721adcf1f80ba308e7b?s=96&d=mm&r=g","contentUrl":"https:\/\/secure.gravatar.com\/avatar\/0273db62f5a16721adcf1f80ba308e7b?s=96&d=mm&r=g","caption":"2.8marcosaa"},"sameAs":["http:\/\/www.362k.com.br"]}]}},"_links":{"self":[{"href":"https:\/\/www.sitsesp.org.br\/novo\/wp-json\/wp\/v2\/posts\/15026"}],"collection":[{"href":"https:\/\/www.sitsesp.org.br\/novo\/wp-json\/wp\/v2\/posts"}],"about":[{"href":"https:\/\/www.sitsesp.org.br\/novo\/wp-json\/wp\/v2\/types\/post"}],"author":[{"embeddable":true,"href":"https:\/\/www.sitsesp.org.br\/novo\/wp-json\/wp\/v2\/users\/7"}],"replies":[{"embeddable":true,"href":"https:\/\/www.sitsesp.org.br\/novo\/wp-json\/wp\/v2\/comments?post=15026"}],"version-history":[{"count":3,"href":"https:\/\/www.sitsesp.org.br\/novo\/wp-json\/wp\/v2\/posts\/15026\/revisions"}],"predecessor-version":[{"id":15030,"href":"https:\/\/www.sitsesp.org.br\/novo\/wp-json\/wp\/v2\/posts\/15026\/revisions\/15030"}],"wp:featuredmedia":[{"embeddable":true,"href":"https:\/\/www.sitsesp.org.br\/novo\/wp-json\/wp\/v2\/media\/15027"}],"wp:attachment":[{"href":"https:\/\/www.sitsesp.org.br\/novo\/wp-json\/wp\/v2\/media?parent=15026"}],"wp:term":[{"taxonomy":"category","embeddable":true,"href":"https:\/\/www.sitsesp.org.br\/novo\/wp-json\/wp\/v2\/categories?post=15026"},{"taxonomy":"post_tag","embeddable":true,"href":"https:\/\/www.sitsesp.org.br\/novo\/wp-json\/wp\/v2\/tags?post=15026"}],"curies":[{"name":"wp","href":"https:\/\/api.w.org\/{rel}","templated":true}]}}