{"id":15036,"date":"2024-09-10T08:53:26","date_gmt":"2024-09-10T11:53:26","guid":{"rendered":"https:\/\/www.sitsesp.org.br\/novo\/?p=15036"},"modified":"2024-09-24T13:50:26","modified_gmt":"2024-09-24T16:50:26","slug":"sancionada-lei-que-institui-o-dia-nacional-do-agente-de-seguranca-socioeducativo","status":"publish","type":"post","link":"https:\/\/www.sitsesp.org.br\/novo\/sancionada-lei-que-institui-o-dia-nacional-do-agente-de-seguranca-socioeducativo\/","title":{"rendered":"Sancionada Lei que Institui o Dia Nacional do Agente de Seguran\u00e7a Socioeducativo a ser celebrado anualmente no dia 4 de outubro."},"content":{"rendered":"<p><!-- VideographyWP Plugin Message: Automatic video embedding prevented by plugin options. --><\/p>\n<p style=\"text-align: justify;\">No dia 9 de setembro de 2024, o Presidente Luiz In\u00e1cio Lula da Silva sancionou a Lei n.\u00ba 14.966, que institui o Dia Nacional do Agente de Seguran\u00e7a Socioeducativo, a ser celebrado anualmente no dia 4 de outubro. A cria\u00e7\u00e3o desta data representa um importante marco no reconhecimento da import\u00e2ncia desses profissionais no sistema de socioeduca\u00e7\u00e3o, que desempenham um papel essencial na reabilita\u00e7\u00e3o de jovens em conflito com a lei.<\/p>\n<p style=\"text-align: justify;\">A escolha do dia 4 de outubro tem um significado profundo e tr\u00e1gico para a categoria. A data remete a um grave incidente ocorrido em um centro socioeducativo da Funda\u00e7\u00e3o CASA em S\u00e3o Paulo, onde um agente de seguran\u00e7a socioeducativo foi brutalmente assassinado durante uma rebeli\u00e3o. Na ocasi\u00e3o, o servidor foi morto de forma cruel, tendo um cabo de vassoura atravessado em sua garganta, e seu sangue foi usado para escrever siglas de uma fac\u00e7\u00e3o criminosa nas paredes da unidade.<\/p>\n<p style=\"text-align: justify;\">Esse acontecimento tr\u00e1gico \u00e9 lembrado como um s\u00edmbolo do risco di\u00e1rio a que esses profissionais est\u00e3o expostos e da necessidade de melhores condi\u00e7\u00f5es de trabalho e seguran\u00e7a. A institui\u00e7\u00e3o do Dia Nacional do Agente de Seguran\u00e7a Socioeducativo visa, portanto, n\u00e3o s\u00f3 homenagear os profissionais que atuam nesta \u00e1rea, mas tamb\u00e9m refor\u00e7ar a import\u00e2ncia de seu trabalho e a luta constante por mais dignidade e valoriza\u00e7\u00e3o profissional.<\/p>\n<p style=\"text-align: justify;\">O reconhecimento oficial de uma data no calend\u00e1rio nacional \u00e9 um avan\u00e7o significativo para os agentes de seguran\u00e7a socioeducativa, que enfrentam muitas vezes desafios extremos em seu ambiente de trabalho. Al\u00e9m de garantir a seguran\u00e7a dentro das unidades socioeducativas, esses profissionais tamb\u00e9m exercem um papel importante na ressocializa\u00e7\u00e3o de adolescentes em cumprimento de medidas socioeducativas, buscando, por meio de uma abordagem humanit\u00e1ria, promover a reintegra\u00e7\u00e3o social dos jovens.<\/p>\n<p style=\"text-align: justify;\">A cria\u00e7\u00e3o desta data tamb\u00e9m refor\u00e7a a necessidade de debates mais amplos sobre as condi\u00e7\u00f5es salariais, a forma\u00e7\u00e3o cont\u00ednua e a valoriza\u00e7\u00e3o dos agentes, temas que frequentemente s\u00e3o pautados pelas entidades representativas da categoria.<\/p>\n<p style=\"text-align: justify;\">A institui\u00e7\u00e3o do Dia Nacional do Agente de Seguran\u00e7a Socioeducativo \u00e9 uma oportunidade para que a sociedade reflita sobre os desafios enfrentados por esses profissionais. Al\u00e9m disso, \u00e9 um momento de lembrar daqueles que morreram no exerc\u00edcio de sua fun\u00e7\u00e3o, como no tr\u00e1gico incidente de S\u00e3o Paulo.<\/p>\n<p style=\"text-align: justify;\">A luta por melhores condi\u00e7\u00f5es de trabalho e maior reconhecimento n\u00e3o termina com a cria\u00e7\u00e3o da data. Pelo contr\u00e1rio, este ser\u00e1 um lembrete anual da import\u00e2ncia de continuar a buscar melhorias no sistema socioeducativo, tanto para os profissionais quanto para os adolescentes que est\u00e3o em processo de ressocializa\u00e7\u00e3o.<\/p>\n","protected":false},"excerpt":{"rendered":"<p>No dia 9 de setembro de 2024, o Presidente Luiz In\u00e1cio Lula da Silva sancionou a Lei n.\u00ba 14.966, que institui&hellip;<\/p>\n","protected":false},"author":7,"featured_media":15037,"comment_status":"open","ping_status":"open","sticky":false,"template":"","format":"standard","meta":{"cybocfi_hide_featured_image":"","footnotes":""},"categories":[78,22],"tags":[],"yoast_head":"<!-- This site is optimized with the Yoast SEO plugin v22.8 - https:\/\/yoast.com\/wordpress\/plugins\/seo\/ -->\n<title>Sancionada Lei que Institui o Dia Nacional do Agente de Seguran\u00e7a Socioeducativo a ser celebrado anualmente no dia 4 de outubro. - SITSESP<\/title>\n<meta name=\"robots\" content=\"index, follow, max-snippet:-1, max-image-preview:large, max-video-preview:-1\" \/>\n<link rel=\"canonical\" href=\"https:\/\/www.sitsesp.org.br\/novo\/sancionada-lei-que-institui-o-dia-nacional-do-agente-de-seguranca-socioeducativo\/\" \/>\n<meta property=\"og:locale\" content=\"pt_BR\" \/>\n<meta property=\"og:type\" content=\"article\" \/>\n<meta property=\"og:title\" content=\"Sancionada Lei que Institui o Dia Nacional do Agente de Seguran\u00e7a Socioeducativo a ser celebrado anualmente no dia 4 de outubro. - SITSESP\" \/>\n<meta property=\"og:description\" content=\"No dia 9 de setembro de 2024, o Presidente Luiz In\u00e1cio Lula da Silva sancionou a Lei n.\u00ba 14.966, que institui&hellip;\" \/>\n<meta property=\"og:url\" content=\"https:\/\/www.sitsesp.org.br\/novo\/sancionada-lei-que-institui-o-dia-nacional-do-agente-de-seguranca-socioeducativo\/\" \/>\n<meta property=\"og:site_name\" content=\"SITSESP\" \/>\n<meta property=\"article:published_time\" content=\"2024-09-10T11:53:26+00:00\" \/>\n<meta property=\"article:modified_time\" content=\"2024-09-24T16:50:26+00:00\" \/>\n<meta property=\"og:image\" content=\"https:\/\/www.sitsesp.org.br\/novo\/wp-content\/uploads\/2024\/09\/Planner-Planejador-Capa-Abstrato-Horizontal-A4-13.jpg\" \/>\n\t<meta property=\"og:image:width\" content=\"2000\" \/>\n\t<meta property=\"og:image:height\" content=\"1414\" \/>\n\t<meta property=\"og:image:type\" content=\"image\/jpeg\" \/>\n<meta name=\"author\" content=\"2.8marcosaa\" \/>\n<meta name=\"twitter:card\" content=\"summary_large_image\" \/>\n<meta name=\"twitter:label1\" content=\"Escrito por\" \/>\n\t<meta name=\"twitter:data1\" content=\"2.8marcosaa\" \/>\n\t<meta name=\"twitter:label2\" content=\"Est. tempo de leitura\" \/>\n\t<meta name=\"twitter:data2\" content=\"3 minutos\" \/>\n<script type=\"application\/ld+json\" class=\"yoast-schema-graph\">{\"@context\":\"https:\/\/schema.org\",\"@graph\":[{\"@type\":\"Article\",\"@id\":\"https:\/\/www.sitsesp.org.br\/novo\/sancionada-lei-que-institui-o-dia-nacional-do-agente-de-seguranca-socioeducativo\/#article\",\"isPartOf\":{\"@id\":\"https:\/\/www.sitsesp.org.br\/novo\/sancionada-lei-que-institui-o-dia-nacional-do-agente-de-seguranca-socioeducativo\/\"},\"author\":{\"name\":\"2.8marcosaa\",\"@id\":\"https:\/\/www.sitsesp.org.br\/novo\/#\/schema\/person\/0410b37c20ab60fd51a7b8ae5983f8de\"},\"headline\":\"Sancionada Lei que Institui o Dia Nacional do Agente de Seguran\u00e7a Socioeducativo a ser celebrado anualmente no dia 4 de outubro.\",\"datePublished\":\"2024-09-10T11:53:26+00:00\",\"dateModified\":\"2024-09-24T16:50:26+00:00\",\"mainEntityOfPage\":{\"@id\":\"https:\/\/www.sitsesp.org.br\/novo\/sancionada-lei-que-institui-o-dia-nacional-do-agente-de-seguranca-socioeducativo\/\"},\"wordCount\":482,\"commentCount\":0,\"publisher\":{\"@id\":\"https:\/\/www.sitsesp.org.br\/novo\/#organization\"},\"image\":{\"@id\":\"https:\/\/www.sitsesp.org.br\/novo\/sancionada-lei-que-institui-o-dia-nacional-do-agente-de-seguranca-socioeducativo\/#primaryimage\"},\"thumbnailUrl\":\"https:\/\/www.sitsesp.org.br\/novo\/wp-content\/uploads\/2024\/09\/Planner-Planejador-Capa-Abstrato-Horizontal-A4-13.jpg\",\"articleSection\":[\"manchete\",\"Noticias\"],\"inLanguage\":\"pt-BR\",\"potentialAction\":[{\"@type\":\"CommentAction\",\"name\":\"Comment\",\"target\":[\"https:\/\/www.sitsesp.org.br\/novo\/sancionada-lei-que-institui-o-dia-nacional-do-agente-de-seguranca-socioeducativo\/#respond\"]}]},{\"@type\":\"WebPage\",\"@id\":\"https:\/\/www.sitsesp.org.br\/novo\/sancionada-lei-que-institui-o-dia-nacional-do-agente-de-seguranca-socioeducativo\/\",\"url\":\"https:\/\/www.sitsesp.org.br\/novo\/sancionada-lei-que-institui-o-dia-nacional-do-agente-de-seguranca-socioeducativo\/\",\"name\":\"Sancionada Lei que Institui o Dia Nacional do Agente de Seguran\u00e7a Socioeducativo a ser celebrado anualmente no dia 4 de outubro. - SITSESP\",\"isPartOf\":{\"@id\":\"https:\/\/www.sitsesp.org.br\/novo\/#website\"},\"primaryImageOfPage\":{\"@id\":\"https:\/\/www.sitsesp.org.br\/novo\/sancionada-lei-que-institui-o-dia-nacional-do-agente-de-seguranca-socioeducativo\/#primaryimage\"},\"image\":{\"@id\":\"https:\/\/www.sitsesp.org.br\/novo\/sancionada-lei-que-institui-o-dia-nacional-do-agente-de-seguranca-socioeducativo\/#primaryimage\"},\"thumbnailUrl\":\"https:\/\/www.sitsesp.org.br\/novo\/wp-content\/uploads\/2024\/09\/Planner-Planejador-Capa-Abstrato-Horizontal-A4-13.jpg\",\"datePublished\":\"2024-09-10T11:53:26+00:00\",\"dateModified\":\"2024-09-24T16:50:26+00:00\",\"breadcrumb\":{\"@id\":\"https:\/\/www.sitsesp.org.br\/novo\/sancionada-lei-que-institui-o-dia-nacional-do-agente-de-seguranca-socioeducativo\/#breadcrumb\"},\"inLanguage\":\"pt-BR\",\"potentialAction\":[{\"@type\":\"ReadAction\",\"target\":[\"https:\/\/www.sitsesp.org.br\/novo\/sancionada-lei-que-institui-o-dia-nacional-do-agente-de-seguranca-socioeducativo\/\"]}]},{\"@type\":\"ImageObject\",\"inLanguage\":\"pt-BR\",\"@id\":\"https:\/\/www.sitsesp.org.br\/novo\/sancionada-lei-que-institui-o-dia-nacional-do-agente-de-seguranca-socioeducativo\/#primaryimage\",\"url\":\"https:\/\/www.sitsesp.org.br\/novo\/wp-content\/uploads\/2024\/09\/Planner-Planejador-Capa-Abstrato-Horizontal-A4-13.jpg\",\"contentUrl\":\"https:\/\/www.sitsesp.org.br\/novo\/wp-content\/uploads\/2024\/09\/Planner-Planejador-Capa-Abstrato-Horizontal-A4-13.jpg\",\"width\":2000,\"height\":1414},{\"@type\":\"BreadcrumbList\",\"@id\":\"https:\/\/www.sitsesp.org.br\/novo\/sancionada-lei-que-institui-o-dia-nacional-do-agente-de-seguranca-socioeducativo\/#breadcrumb\",\"itemListElement\":[{\"@type\":\"ListItem\",\"position\":1,\"name\":\"In\u00edcio\",\"item\":\"https:\/\/www.sitsesp.org.br\/novo\/\"},{\"@type\":\"ListItem\",\"position\":2,\"name\":\"Sancionada Lei que Institui o Dia Nacional do Agente de Seguran\u00e7a Socioeducativo a ser celebrado anualmente no dia 4 de outubro.\"}]},{\"@type\":\"WebSite\",\"@id\":\"https:\/\/www.sitsesp.org.br\/novo\/#website\",\"url\":\"https:\/\/www.sitsesp.org.br\/novo\/\",\"name\":\"Sitsesp\",\"description\":\"SIndicato da Socioeduca\u00e7\u00e3o do Estado de S\u00e3o Paulo\",\"publisher\":{\"@id\":\"https:\/\/www.sitsesp.org.br\/novo\/#organization\"},\"potentialAction\":[{\"@type\":\"SearchAction\",\"target\":{\"@type\":\"EntryPoint\",\"urlTemplate\":\"https:\/\/www.sitsesp.org.br\/novo\/?s={search_term_string}\"},\"query-input\":\"required name=search_term_string\"}],\"inLanguage\":\"pt-BR\"},{\"@type\":\"Organization\",\"@id\":\"https:\/\/www.sitsesp.org.br\/novo\/#organization\",\"name\":\"Sitsesp\",\"url\":\"https:\/\/www.sitsesp.org.br\/novo\/\",\"logo\":{\"@type\":\"ImageObject\",\"inLanguage\":\"pt-BR\",\"@id\":\"https:\/\/www.sitsesp.org.br\/novo\/#\/schema\/logo\/image\/\",\"url\":\"https:\/\/www.sitsesp.org.br\/novo\/wp-content\/uploads\/2020\/09\/Design-sem-nome-1.jpg\",\"contentUrl\":\"https:\/\/www.sitsesp.org.br\/novo\/wp-content\/uploads\/2020\/09\/Design-sem-nome-1.jpg\",\"width\":300,\"height\":300,\"caption\":\"Sitsesp\"},\"image\":{\"@id\":\"https:\/\/www.sitsesp.org.br\/novo\/#\/schema\/logo\/image\/\"}},{\"@type\":\"Person\",\"@id\":\"https:\/\/www.sitsesp.org.br\/novo\/#\/schema\/person\/0410b37c20ab60fd51a7b8ae5983f8de\",\"name\":\"2.8marcosaa\",\"image\":{\"@type\":\"ImageObject\",\"inLanguage\":\"pt-BR\",\"@id\":\"https:\/\/www.sitsesp.org.br\/novo\/#\/schema\/person\/image\/\",\"url\":\"https:\/\/secure.gravatar.com\/avatar\/0273db62f5a16721adcf1f80ba308e7b?s=96&d=mm&r=g\",\"contentUrl\":\"https:\/\/secure.gravatar.com\/avatar\/0273db62f5a16721adcf1f80ba308e7b?s=96&d=mm&r=g\",\"caption\":\"2.8marcosaa\"},\"sameAs\":[\"http:\/\/www.362k.com.br\"]}]}<\/script>\n<!-- \/ Yoast SEO plugin. -->","yoast_head_json":{"title":"Sancionada Lei que Institui o Dia Nacional do Agente de Seguran\u00e7a Socioeducativo a ser celebrado anualmente no dia 4 de outubro. - SITSESP","robots":{"index":"index","follow":"follow","max-snippet":"max-snippet:-1","max-image-preview":"max-image-preview:large","max-video-preview":"max-video-preview:-1"},"canonical":"https:\/\/www.sitsesp.org.br\/novo\/sancionada-lei-que-institui-o-dia-nacional-do-agente-de-seguranca-socioeducativo\/","og_locale":"pt_BR","og_type":"article","og_title":"Sancionada Lei que Institui o Dia Nacional do Agente de Seguran\u00e7a Socioeducativo a ser celebrado anualmente no dia 4 de outubro. - SITSESP","og_description":"No dia 9 de setembro de 2024, o Presidente Luiz In\u00e1cio Lula da Silva sancionou a Lei n.\u00ba 14.966, que institui&hellip;","og_url":"https:\/\/www.sitsesp.org.br\/novo\/sancionada-lei-que-institui-o-dia-nacional-do-agente-de-seguranca-socioeducativo\/","og_site_name":"SITSESP","article_published_time":"2024-09-10T11:53:26+00:00","article_modified_time":"2024-09-24T16:50:26+00:00","og_image":[{"width":2000,"height":1414,"url":"https:\/\/www.sitsesp.org.br\/novo\/wp-content\/uploads\/2024\/09\/Planner-Planejador-Capa-Abstrato-Horizontal-A4-13.jpg","type":"image\/jpeg"}],"author":"2.8marcosaa","twitter_card":"summary_large_image","twitter_misc":{"Escrito por":"2.8marcosaa","Est. tempo de leitura":"3 minutos"},"schema":{"@context":"https:\/\/schema.org","@graph":[{"@type":"Article","@id":"https:\/\/www.sitsesp.org.br\/novo\/sancionada-lei-que-institui-o-dia-nacional-do-agente-de-seguranca-socioeducativo\/#article","isPartOf":{"@id":"https:\/\/www.sitsesp.org.br\/novo\/sancionada-lei-que-institui-o-dia-nacional-do-agente-de-seguranca-socioeducativo\/"},"author":{"name":"2.8marcosaa","@id":"https:\/\/www.sitsesp.org.br\/novo\/#\/schema\/person\/0410b37c20ab60fd51a7b8ae5983f8de"},"headline":"Sancionada Lei que Institui o Dia Nacional do Agente de Seguran\u00e7a Socioeducativo a ser celebrado anualmente no dia 4 de outubro.","datePublished":"2024-09-10T11:53:26+00:00","dateModified":"2024-09-24T16:50:26+00:00","mainEntityOfPage":{"@id":"https:\/\/www.sitsesp.org.br\/novo\/sancionada-lei-que-institui-o-dia-nacional-do-agente-de-seguranca-socioeducativo\/"},"wordCount":482,"commentCount":0,"publisher":{"@id":"https:\/\/www.sitsesp.org.br\/novo\/#organization"},"image":{"@id":"https:\/\/www.sitsesp.org.br\/novo\/sancionada-lei-que-institui-o-dia-nacional-do-agente-de-seguranca-socioeducativo\/#primaryimage"},"thumbnailUrl":"https:\/\/www.sitsesp.org.br\/novo\/wp-content\/uploads\/2024\/09\/Planner-Planejador-Capa-Abstrato-Horizontal-A4-13.jpg","articleSection":["manchete","Noticias"],"inLanguage":"pt-BR","potentialAction":[{"@type":"CommentAction","name":"Comment","target":["https:\/\/www.sitsesp.org.br\/novo\/sancionada-lei-que-institui-o-dia-nacional-do-agente-de-seguranca-socioeducativo\/#respond"]}]},{"@type":"WebPage","@id":"https:\/\/www.sitsesp.org.br\/novo\/sancionada-lei-que-institui-o-dia-nacional-do-agente-de-seguranca-socioeducativo\/","url":"https:\/\/www.sitsesp.org.br\/novo\/sancionada-lei-que-institui-o-dia-nacional-do-agente-de-seguranca-socioeducativo\/","name":"Sancionada Lei que Institui o Dia Nacional do Agente de Seguran\u00e7a Socioeducativo a ser celebrado anualmente no dia 4 de outubro. - SITSESP","isPartOf":{"@id":"https:\/\/www.sitsesp.org.br\/novo\/#website"},"primaryImageOfPage":{"@id":"https:\/\/www.sitsesp.org.br\/novo\/sancionada-lei-que-institui-o-dia-nacional-do-agente-de-seguranca-socioeducativo\/#primaryimage"},"image":{"@id":"https:\/\/www.sitsesp.org.br\/novo\/sancionada-lei-que-institui-o-dia-nacional-do-agente-de-seguranca-socioeducativo\/#primaryimage"},"thumbnailUrl":"https:\/\/www.sitsesp.org.br\/novo\/wp-content\/uploads\/2024\/09\/Planner-Planejador-Capa-Abstrato-Horizontal-A4-13.jpg","datePublished":"2024-09-10T11:53:26+00:00","dateModified":"2024-09-24T16:50:26+00:00","breadcrumb":{"@id":"https:\/\/www.sitsesp.org.br\/novo\/sancionada-lei-que-institui-o-dia-nacional-do-agente-de-seguranca-socioeducativo\/#breadcrumb"},"inLanguage":"pt-BR","potentialAction":[{"@type":"ReadAction","target":["https:\/\/www.sitsesp.org.br\/novo\/sancionada-lei-que-institui-o-dia-nacional-do-agente-de-seguranca-socioeducativo\/"]}]},{"@type":"ImageObject","inLanguage":"pt-BR","@id":"https:\/\/www.sitsesp.org.br\/novo\/sancionada-lei-que-institui-o-dia-nacional-do-agente-de-seguranca-socioeducativo\/#primaryimage","url":"https:\/\/www.sitsesp.org.br\/novo\/wp-content\/uploads\/2024\/09\/Planner-Planejador-Capa-Abstrato-Horizontal-A4-13.jpg","contentUrl":"https:\/\/www.sitsesp.org.br\/novo\/wp-content\/uploads\/2024\/09\/Planner-Planejador-Capa-Abstrato-Horizontal-A4-13.jpg","width":2000,"height":1414},{"@type":"BreadcrumbList","@id":"https:\/\/www.sitsesp.org.br\/novo\/sancionada-lei-que-institui-o-dia-nacional-do-agente-de-seguranca-socioeducativo\/#breadcrumb","itemListElement":[{"@type":"ListItem","position":1,"name":"In\u00edcio","item":"https:\/\/www.sitsesp.org.br\/novo\/"},{"@type":"ListItem","position":2,"name":"Sancionada Lei que Institui o Dia Nacional do Agente de Seguran\u00e7a Socioeducativo a ser celebrado anualmente no dia 4 de outubro."}]},{"@type":"WebSite","@id":"https:\/\/www.sitsesp.org.br\/novo\/#website","url":"https:\/\/www.sitsesp.org.br\/novo\/","name":"Sitsesp","description":"SIndicato da Socioeduca\u00e7\u00e3o do Estado de S\u00e3o Paulo","publisher":{"@id":"https:\/\/www.sitsesp.org.br\/novo\/#organization"},"potentialAction":[{"@type":"SearchAction","target":{"@type":"EntryPoint","urlTemplate":"https:\/\/www.sitsesp.org.br\/novo\/?s={search_term_string}"},"query-input":"required name=search_term_string"}],"inLanguage":"pt-BR"},{"@type":"Organization","@id":"https:\/\/www.sitsesp.org.br\/novo\/#organization","name":"Sitsesp","url":"https:\/\/www.sitsesp.org.br\/novo\/","logo":{"@type":"ImageObject","inLanguage":"pt-BR","@id":"https:\/\/www.sitsesp.org.br\/novo\/#\/schema\/logo\/image\/","url":"https:\/\/www.sitsesp.org.br\/novo\/wp-content\/uploads\/2020\/09\/Design-sem-nome-1.jpg","contentUrl":"https:\/\/www.sitsesp.org.br\/novo\/wp-content\/uploads\/2020\/09\/Design-sem-nome-1.jpg","width":300,"height":300,"caption":"Sitsesp"},"image":{"@id":"https:\/\/www.sitsesp.org.br\/novo\/#\/schema\/logo\/image\/"}},{"@type":"Person","@id":"https:\/\/www.sitsesp.org.br\/novo\/#\/schema\/person\/0410b37c20ab60fd51a7b8ae5983f8de","name":"2.8marcosaa","image":{"@type":"ImageObject","inLanguage":"pt-BR","@id":"https:\/\/www.sitsesp.org.br\/novo\/#\/schema\/person\/image\/","url":"https:\/\/secure.gravatar.com\/avatar\/0273db62f5a16721adcf1f80ba308e7b?s=96&d=mm&r=g","contentUrl":"https:\/\/secure.gravatar.com\/avatar\/0273db62f5a16721adcf1f80ba308e7b?s=96&d=mm&r=g","caption":"2.8marcosaa"},"sameAs":["http:\/\/www.362k.com.br"]}]}},"_links":{"self":[{"href":"https:\/\/www.sitsesp.org.br\/novo\/wp-json\/wp\/v2\/posts\/15036"}],"collection":[{"href":"https:\/\/www.sitsesp.org.br\/novo\/wp-json\/wp\/v2\/posts"}],"about":[{"href":"https:\/\/www.sitsesp.org.br\/novo\/wp-json\/wp\/v2\/types\/post"}],"author":[{"embeddable":true,"href":"https:\/\/www.sitsesp.org.br\/novo\/wp-json\/wp\/v2\/users\/7"}],"replies":[{"embeddable":true,"href":"https:\/\/www.sitsesp.org.br\/novo\/wp-json\/wp\/v2\/comments?post=15036"}],"version-history":[{"count":3,"href":"https:\/\/www.sitsesp.org.br\/novo\/wp-json\/wp\/v2\/posts\/15036\/revisions"}],"predecessor-version":[{"id":15040,"href":"https:\/\/www.sitsesp.org.br\/novo\/wp-json\/wp\/v2\/posts\/15036\/revisions\/15040"}],"wp:featuredmedia":[{"embeddable":true,"href":"https:\/\/www.sitsesp.org.br\/novo\/wp-json\/wp\/v2\/media\/15037"}],"wp:attachment":[{"href":"https:\/\/www.sitsesp.org.br\/novo\/wp-json\/wp\/v2\/media?parent=15036"}],"wp:term":[{"taxonomy":"category","embeddable":true,"href":"https:\/\/www.sitsesp.org.br\/novo\/wp-json\/wp\/v2\/categories?post=15036"},{"taxonomy":"post_tag","embeddable":true,"href":"https:\/\/www.sitsesp.org.br\/novo\/wp-json\/wp\/v2\/tags?post=15036"}],"curies":[{"name":"wp","href":"https:\/\/api.w.org\/{rel}","templated":true}]}}