{"id":15091,"date":"2024-09-20T11:31:21","date_gmt":"2024-09-20T14:31:21","guid":{"rendered":"https:\/\/www.sitsesp.org.br\/novo\/?p=15091"},"modified":"2024-09-23T17:04:35","modified_gmt":"2024-09-23T20:04:35","slug":"fundacao-casa-realiza-i-sipat-integrada-drcap-e-promove-conscientizacao-sobre-seguranca-no-trabalho","status":"publish","type":"post","link":"https:\/\/www.sitsesp.org.br\/novo\/fundacao-casa-realiza-i-sipat-integrada-drcap-e-promove-conscientizacao-sobre-seguranca-no-trabalho\/","title":{"rendered":"Funda\u00e7\u00e3o CASA Realiza I SIPAT Integrada DRCAP e Promove Conscientiza\u00e7\u00e3o Sobre Seguran\u00e7a no Trabalho"},"content":{"rendered":"<p><!-- VideographyWP Plugin Message: Automatic video embedding prevented by plugin options. --><\/p>\n<div class=\"xdj266r x11i5rnm xat24cr x1mh8g0r x1vvkbs x126k92a\">\n<div dir=\"auto\" style=\"text-align: justify;\">Entre os dias 16 e 20 de setembro, a Funda\u00e7\u00e3o CASA realizou a I SIPAT Integrada DRCAP. Semana de Preven\u00e7\u00e3o de Acidentes no Trabalho visando conscientizar servidores sobre a import\u00e2ncia de evitar acidentes e doen\u00e7as no ambiente de trabalho.<\/div>\n<div dir=\"auto\"><\/div>\n<\/div>\n<div class=\"x11i5rnm xat24cr x1mh8g0r x1vvkbs xtlvy1s x126k92a\" style=\"text-align: justify;\">\n<div dir=\"auto\">Organizado pela regional DRCAP, o evento abrangeu 30 centros socioeducativos na cidade de S\u00e3o Paulo e contou com palestras, treinamentos e atividades voltadas \u00e0 sa\u00fade e seguran\u00e7a no ambiente de trabalho.<\/div>\n<div dir=\"auto\"><\/div>\n<\/div>\n<div class=\"x11i5rnm xat24cr x1mh8g0r x1vvkbs xtlvy1s x126k92a\" style=\"text-align: justify;\">\n<div dir=\"auto\">A SIPAT tem um papel fundamental na preven\u00e7\u00e3o de acidentes e no fomento de uma cultura de seguran\u00e7a entre os servidores. Durante os cinco dias de evento, foram abordados temas como viol\u00eancia dom\u00e9stica, cultura, o uso correto de EPIs (Equipamentos de Prote\u00e7\u00e3o Individual), pr\u00e1ticas de preven\u00e7\u00e3o a doen\u00e7as ocupacionais, al\u00e9m de orienta\u00e7\u00f5es sobre sa\u00fade mental e f\u00edsica no trabalho.<\/div>\n<div dir=\"auto\"><\/div>\n<\/div>\n<div class=\"x11i5rnm xat24cr x1mh8g0r x1vvkbs xtlvy1s x126k92a\" style=\"text-align: justify;\">\n<div dir=\"auto\">A diretora Jessita Camargo, Angela Santos e Alexandre Fernandes participaram do evento representando o SITSESP<\/div>\n<\/div>\n<div class=\"x11i5rnm xat24cr x1mh8g0r x1vvkbs xtlvy1s x126k92a\">\n<div dir=\"auto\" style=\"text-align: justify;\">Os participantes tiveram a oportunidade de interagir com especialistas em seguran\u00e7a do trabalho, sa\u00fade ocupacional e psicologia, al\u00e9m de trocar experi\u00eancias sobre situa\u00e7\u00f5es vivenciadas no cotidiano dos centros da Funda\u00e7\u00e3o CASA.<\/div>\n<\/div>\n<p>&nbsp;<\/p>\n<p style=\"text-align: justify;\"><img fetchpriority=\"high\" decoding=\"async\" class=\"alignnone size-full wp-image-15102\" src=\"https:\/\/www.sitsesp.org.br\/novo\/wp-content\/uploads\/2024\/09\/WhatsApp-Image-2024-09-20-at-09.02.16.jpeg\" alt=\"\" width=\"1600\" height=\"1200\" \/><img decoding=\"async\" class=\"alignnone size-full wp-image-15103\" src=\"https:\/\/www.sitsesp.org.br\/novo\/wp-content\/uploads\/2024\/09\/WhatsApp-Image-2024-09-20-at-09.02.16-1.jpeg\" alt=\"\" width=\"1600\" height=\"1200\" \/> <img decoding=\"async\" class=\"alignnone size-full wp-image-15104\" src=\"https:\/\/www.sitsesp.org.br\/novo\/wp-content\/uploads\/2024\/09\/WhatsApp-Image-2024-09-20-at-11.27.12.jpeg\" alt=\"\" width=\"1600\" height=\"1200\" \/><\/p>\n<p><img loading=\"lazy\" decoding=\"async\" class=\"alignnone size-full wp-image-15096\" src=\"https:\/\/www.sitsesp.org.br\/novo\/wp-content\/uploads\/2024\/09\/WhatsApp-Image-2024-09-20-at-09.02.21-3.jpeg\" alt=\"\" width=\"1600\" height=\"1200\" \/><\/p>\n<p><img loading=\"lazy\" decoding=\"async\" class=\"alignnone size-full wp-image-15098\" src=\"https:\/\/www.sitsesp.org.br\/novo\/wp-content\/uploads\/2024\/09\/WhatsApp-Image-2024-09-20-at-09.02.24-1.jpeg\" alt=\"\" width=\"1600\" height=\"1200\" \/><\/p>\n<p style=\"text-align: justify;\">\n","protected":false},"excerpt":{"rendered":"<p>Entre os dias 16 e 20 de setembro, a Funda\u00e7\u00e3o CASA realizou a I SIPAT Integrada DRCAP. Semana de Preven\u00e7\u00e3o de&hellip;<\/p>\n","protected":false},"author":7,"featured_media":15093,"comment_status":"open","ping_status":"open","sticky":false,"template":"","format":"standard","meta":{"cybocfi_hide_featured_image":"","footnotes":""},"categories":[22],"tags":[],"yoast_head":"<!-- This site is optimized with the Yoast SEO plugin v22.8 - https:\/\/yoast.com\/wordpress\/plugins\/seo\/ -->\n<title>Funda\u00e7\u00e3o CASA Realiza I SIPAT Integrada DRCAP e Promove Conscientiza\u00e7\u00e3o Sobre Seguran\u00e7a no Trabalho - SITSESP<\/title>\n<meta name=\"robots\" content=\"index, follow, max-snippet:-1, max-image-preview:large, max-video-preview:-1\" \/>\n<link rel=\"canonical\" href=\"https:\/\/www.sitsesp.org.br\/novo\/fundacao-casa-realiza-i-sipat-integrada-drcap-e-promove-conscientizacao-sobre-seguranca-no-trabalho\/\" \/>\n<meta property=\"og:locale\" content=\"pt_BR\" \/>\n<meta property=\"og:type\" content=\"article\" \/>\n<meta property=\"og:title\" content=\"Funda\u00e7\u00e3o CASA Realiza I SIPAT Integrada DRCAP e Promove Conscientiza\u00e7\u00e3o Sobre Seguran\u00e7a no Trabalho - SITSESP\" \/>\n<meta property=\"og:description\" content=\"Entre os dias 16 e 20 de setembro, a Funda\u00e7\u00e3o CASA realizou a I SIPAT Integrada DRCAP. Semana de Preven\u00e7\u00e3o de&hellip;\" \/>\n<meta property=\"og:url\" content=\"https:\/\/www.sitsesp.org.br\/novo\/fundacao-casa-realiza-i-sipat-integrada-drcap-e-promove-conscientizacao-sobre-seguranca-no-trabalho\/\" \/>\n<meta property=\"og:site_name\" content=\"SITSESP\" \/>\n<meta property=\"article:published_time\" content=\"2024-09-20T14:31:21+00:00\" \/>\n<meta property=\"article:modified_time\" content=\"2024-09-23T20:04:35+00:00\" \/>\n<meta property=\"og:image\" content=\"https:\/\/www.sitsesp.org.br\/novo\/wp-content\/uploads\/2024\/09\/WhatsApp-Image-2024-09-20-at-09.02.13.jpeg\" \/>\n\t<meta property=\"og:image:width\" content=\"1280\" \/>\n\t<meta property=\"og:image:height\" content=\"716\" \/>\n\t<meta property=\"og:image:type\" content=\"image\/jpeg\" \/>\n<meta name=\"author\" content=\"2.8marcosaa\" \/>\n<meta name=\"twitter:card\" content=\"summary_large_image\" \/>\n<meta name=\"twitter:label1\" content=\"Escrito por\" \/>\n\t<meta name=\"twitter:data1\" content=\"2.8marcosaa\" \/>\n\t<meta name=\"twitter:label2\" content=\"Est. tempo de leitura\" \/>\n\t<meta name=\"twitter:data2\" content=\"3 minutos\" \/>\n<script type=\"application\/ld+json\" class=\"yoast-schema-graph\">{\"@context\":\"https:\/\/schema.org\",\"@graph\":[{\"@type\":\"Article\",\"@id\":\"https:\/\/www.sitsesp.org.br\/novo\/fundacao-casa-realiza-i-sipat-integrada-drcap-e-promove-conscientizacao-sobre-seguranca-no-trabalho\/#article\",\"isPartOf\":{\"@id\":\"https:\/\/www.sitsesp.org.br\/novo\/fundacao-casa-realiza-i-sipat-integrada-drcap-e-promove-conscientizacao-sobre-seguranca-no-trabalho\/\"},\"author\":{\"name\":\"2.8marcosaa\",\"@id\":\"https:\/\/www.sitsesp.org.br\/novo\/#\/schema\/person\/0410b37c20ab60fd51a7b8ae5983f8de\"},\"headline\":\"Funda\u00e7\u00e3o CASA Realiza I SIPAT Integrada DRCAP e Promove Conscientiza\u00e7\u00e3o Sobre Seguran\u00e7a no Trabalho\",\"datePublished\":\"2024-09-20T14:31:21+00:00\",\"dateModified\":\"2024-09-23T20:04:35+00:00\",\"mainEntityOfPage\":{\"@id\":\"https:\/\/www.sitsesp.org.br\/novo\/fundacao-casa-realiza-i-sipat-integrada-drcap-e-promove-conscientizacao-sobre-seguranca-no-trabalho\/\"},\"wordCount\":214,\"commentCount\":1,\"publisher\":{\"@id\":\"https:\/\/www.sitsesp.org.br\/novo\/#organization\"},\"image\":{\"@id\":\"https:\/\/www.sitsesp.org.br\/novo\/fundacao-casa-realiza-i-sipat-integrada-drcap-e-promove-conscientizacao-sobre-seguranca-no-trabalho\/#primaryimage\"},\"thumbnailUrl\":\"https:\/\/www.sitsesp.org.br\/novo\/wp-content\/uploads\/2024\/09\/WhatsApp-Image-2024-09-20-at-09.02.13.jpeg\",\"articleSection\":[\"Noticias\"],\"inLanguage\":\"pt-BR\",\"potentialAction\":[{\"@type\":\"CommentAction\",\"name\":\"Comment\",\"target\":[\"https:\/\/www.sitsesp.org.br\/novo\/fundacao-casa-realiza-i-sipat-integrada-drcap-e-promove-conscientizacao-sobre-seguranca-no-trabalho\/#respond\"]}]},{\"@type\":\"WebPage\",\"@id\":\"https:\/\/www.sitsesp.org.br\/novo\/fundacao-casa-realiza-i-sipat-integrada-drcap-e-promove-conscientizacao-sobre-seguranca-no-trabalho\/\",\"url\":\"https:\/\/www.sitsesp.org.br\/novo\/fundacao-casa-realiza-i-sipat-integrada-drcap-e-promove-conscientizacao-sobre-seguranca-no-trabalho\/\",\"name\":\"Funda\u00e7\u00e3o CASA Realiza I SIPAT Integrada DRCAP e Promove Conscientiza\u00e7\u00e3o Sobre Seguran\u00e7a no Trabalho - SITSESP\",\"isPartOf\":{\"@id\":\"https:\/\/www.sitsesp.org.br\/novo\/#website\"},\"primaryImageOfPage\":{\"@id\":\"https:\/\/www.sitsesp.org.br\/novo\/fundacao-casa-realiza-i-sipat-integrada-drcap-e-promove-conscientizacao-sobre-seguranca-no-trabalho\/#primaryimage\"},\"image\":{\"@id\":\"https:\/\/www.sitsesp.org.br\/novo\/fundacao-casa-realiza-i-sipat-integrada-drcap-e-promove-conscientizacao-sobre-seguranca-no-trabalho\/#primaryimage\"},\"thumbnailUrl\":\"https:\/\/www.sitsesp.org.br\/novo\/wp-content\/uploads\/2024\/09\/WhatsApp-Image-2024-09-20-at-09.02.13.jpeg\",\"datePublished\":\"2024-09-20T14:31:21+00:00\",\"dateModified\":\"2024-09-23T20:04:35+00:00\",\"breadcrumb\":{\"@id\":\"https:\/\/www.sitsesp.org.br\/novo\/fundacao-casa-realiza-i-sipat-integrada-drcap-e-promove-conscientizacao-sobre-seguranca-no-trabalho\/#breadcrumb\"},\"inLanguage\":\"pt-BR\",\"potentialAction\":[{\"@type\":\"ReadAction\",\"target\":[\"https:\/\/www.sitsesp.org.br\/novo\/fundacao-casa-realiza-i-sipat-integrada-drcap-e-promove-conscientizacao-sobre-seguranca-no-trabalho\/\"]}]},{\"@type\":\"ImageObject\",\"inLanguage\":\"pt-BR\",\"@id\":\"https:\/\/www.sitsesp.org.br\/novo\/fundacao-casa-realiza-i-sipat-integrada-drcap-e-promove-conscientizacao-sobre-seguranca-no-trabalho\/#primaryimage\",\"url\":\"https:\/\/www.sitsesp.org.br\/novo\/wp-content\/uploads\/2024\/09\/WhatsApp-Image-2024-09-20-at-09.02.13.jpeg\",\"contentUrl\":\"https:\/\/www.sitsesp.org.br\/novo\/wp-content\/uploads\/2024\/09\/WhatsApp-Image-2024-09-20-at-09.02.13.jpeg\",\"width\":1280,\"height\":716},{\"@type\":\"BreadcrumbList\",\"@id\":\"https:\/\/www.sitsesp.org.br\/novo\/fundacao-casa-realiza-i-sipat-integrada-drcap-e-promove-conscientizacao-sobre-seguranca-no-trabalho\/#breadcrumb\",\"itemListElement\":[{\"@type\":\"ListItem\",\"position\":1,\"name\":\"In\u00edcio\",\"item\":\"https:\/\/www.sitsesp.org.br\/novo\/\"},{\"@type\":\"ListItem\",\"position\":2,\"name\":\"Funda\u00e7\u00e3o CASA Realiza I SIPAT Integrada DRCAP e Promove Conscientiza\u00e7\u00e3o Sobre Seguran\u00e7a no Trabalho\"}]},{\"@type\":\"WebSite\",\"@id\":\"https:\/\/www.sitsesp.org.br\/novo\/#website\",\"url\":\"https:\/\/www.sitsesp.org.br\/novo\/\",\"name\":\"Sitsesp\",\"description\":\"SIndicato da Socioeduca\u00e7\u00e3o do Estado de S\u00e3o Paulo\",\"publisher\":{\"@id\":\"https:\/\/www.sitsesp.org.br\/novo\/#organization\"},\"potentialAction\":[{\"@type\":\"SearchAction\",\"target\":{\"@type\":\"EntryPoint\",\"urlTemplate\":\"https:\/\/www.sitsesp.org.br\/novo\/?s={search_term_string}\"},\"query-input\":\"required name=search_term_string\"}],\"inLanguage\":\"pt-BR\"},{\"@type\":\"Organization\",\"@id\":\"https:\/\/www.sitsesp.org.br\/novo\/#organization\",\"name\":\"Sitsesp\",\"url\":\"https:\/\/www.sitsesp.org.br\/novo\/\",\"logo\":{\"@type\":\"ImageObject\",\"inLanguage\":\"pt-BR\",\"@id\":\"https:\/\/www.sitsesp.org.br\/novo\/#\/schema\/logo\/image\/\",\"url\":\"https:\/\/www.sitsesp.org.br\/novo\/wp-content\/uploads\/2020\/09\/Design-sem-nome-1.jpg\",\"contentUrl\":\"https:\/\/www.sitsesp.org.br\/novo\/wp-content\/uploads\/2020\/09\/Design-sem-nome-1.jpg\",\"width\":300,\"height\":300,\"caption\":\"Sitsesp\"},\"image\":{\"@id\":\"https:\/\/www.sitsesp.org.br\/novo\/#\/schema\/logo\/image\/\"}},{\"@type\":\"Person\",\"@id\":\"https:\/\/www.sitsesp.org.br\/novo\/#\/schema\/person\/0410b37c20ab60fd51a7b8ae5983f8de\",\"name\":\"2.8marcosaa\",\"image\":{\"@type\":\"ImageObject\",\"inLanguage\":\"pt-BR\",\"@id\":\"https:\/\/www.sitsesp.org.br\/novo\/#\/schema\/person\/image\/\",\"url\":\"https:\/\/secure.gravatar.com\/avatar\/0273db62f5a16721adcf1f80ba308e7b?s=96&d=mm&r=g\",\"contentUrl\":\"https:\/\/secure.gravatar.com\/avatar\/0273db62f5a16721adcf1f80ba308e7b?s=96&d=mm&r=g\",\"caption\":\"2.8marcosaa\"},\"sameAs\":[\"http:\/\/www.362k.com.br\"]}]}<\/script>\n<!-- \/ Yoast SEO plugin. -->","yoast_head_json":{"title":"Funda\u00e7\u00e3o CASA Realiza I SIPAT Integrada DRCAP e Promove Conscientiza\u00e7\u00e3o Sobre Seguran\u00e7a no Trabalho - SITSESP","robots":{"index":"index","follow":"follow","max-snippet":"max-snippet:-1","max-image-preview":"max-image-preview:large","max-video-preview":"max-video-preview:-1"},"canonical":"https:\/\/www.sitsesp.org.br\/novo\/fundacao-casa-realiza-i-sipat-integrada-drcap-e-promove-conscientizacao-sobre-seguranca-no-trabalho\/","og_locale":"pt_BR","og_type":"article","og_title":"Funda\u00e7\u00e3o CASA Realiza I SIPAT Integrada DRCAP e Promove Conscientiza\u00e7\u00e3o Sobre Seguran\u00e7a no Trabalho - SITSESP","og_description":"Entre os dias 16 e 20 de setembro, a Funda\u00e7\u00e3o CASA realizou a I SIPAT Integrada DRCAP. Semana de Preven\u00e7\u00e3o de&hellip;","og_url":"https:\/\/www.sitsesp.org.br\/novo\/fundacao-casa-realiza-i-sipat-integrada-drcap-e-promove-conscientizacao-sobre-seguranca-no-trabalho\/","og_site_name":"SITSESP","article_published_time":"2024-09-20T14:31:21+00:00","article_modified_time":"2024-09-23T20:04:35+00:00","og_image":[{"width":1280,"height":716,"url":"https:\/\/www.sitsesp.org.br\/novo\/wp-content\/uploads\/2024\/09\/WhatsApp-Image-2024-09-20-at-09.02.13.jpeg","type":"image\/jpeg"}],"author":"2.8marcosaa","twitter_card":"summary_large_image","twitter_misc":{"Escrito por":"2.8marcosaa","Est. tempo de leitura":"3 minutos"},"schema":{"@context":"https:\/\/schema.org","@graph":[{"@type":"Article","@id":"https:\/\/www.sitsesp.org.br\/novo\/fundacao-casa-realiza-i-sipat-integrada-drcap-e-promove-conscientizacao-sobre-seguranca-no-trabalho\/#article","isPartOf":{"@id":"https:\/\/www.sitsesp.org.br\/novo\/fundacao-casa-realiza-i-sipat-integrada-drcap-e-promove-conscientizacao-sobre-seguranca-no-trabalho\/"},"author":{"name":"2.8marcosaa","@id":"https:\/\/www.sitsesp.org.br\/novo\/#\/schema\/person\/0410b37c20ab60fd51a7b8ae5983f8de"},"headline":"Funda\u00e7\u00e3o CASA Realiza I SIPAT Integrada DRCAP e Promove Conscientiza\u00e7\u00e3o Sobre Seguran\u00e7a no Trabalho","datePublished":"2024-09-20T14:31:21+00:00","dateModified":"2024-09-23T20:04:35+00:00","mainEntityOfPage":{"@id":"https:\/\/www.sitsesp.org.br\/novo\/fundacao-casa-realiza-i-sipat-integrada-drcap-e-promove-conscientizacao-sobre-seguranca-no-trabalho\/"},"wordCount":214,"commentCount":1,"publisher":{"@id":"https:\/\/www.sitsesp.org.br\/novo\/#organization"},"image":{"@id":"https:\/\/www.sitsesp.org.br\/novo\/fundacao-casa-realiza-i-sipat-integrada-drcap-e-promove-conscientizacao-sobre-seguranca-no-trabalho\/#primaryimage"},"thumbnailUrl":"https:\/\/www.sitsesp.org.br\/novo\/wp-content\/uploads\/2024\/09\/WhatsApp-Image-2024-09-20-at-09.02.13.jpeg","articleSection":["Noticias"],"inLanguage":"pt-BR","potentialAction":[{"@type":"CommentAction","name":"Comment","target":["https:\/\/www.sitsesp.org.br\/novo\/fundacao-casa-realiza-i-sipat-integrada-drcap-e-promove-conscientizacao-sobre-seguranca-no-trabalho\/#respond"]}]},{"@type":"WebPage","@id":"https:\/\/www.sitsesp.org.br\/novo\/fundacao-casa-realiza-i-sipat-integrada-drcap-e-promove-conscientizacao-sobre-seguranca-no-trabalho\/","url":"https:\/\/www.sitsesp.org.br\/novo\/fundacao-casa-realiza-i-sipat-integrada-drcap-e-promove-conscientizacao-sobre-seguranca-no-trabalho\/","name":"Funda\u00e7\u00e3o CASA Realiza I SIPAT Integrada DRCAP e Promove Conscientiza\u00e7\u00e3o Sobre Seguran\u00e7a no Trabalho - SITSESP","isPartOf":{"@id":"https:\/\/www.sitsesp.org.br\/novo\/#website"},"primaryImageOfPage":{"@id":"https:\/\/www.sitsesp.org.br\/novo\/fundacao-casa-realiza-i-sipat-integrada-drcap-e-promove-conscientizacao-sobre-seguranca-no-trabalho\/#primaryimage"},"image":{"@id":"https:\/\/www.sitsesp.org.br\/novo\/fundacao-casa-realiza-i-sipat-integrada-drcap-e-promove-conscientizacao-sobre-seguranca-no-trabalho\/#primaryimage"},"thumbnailUrl":"https:\/\/www.sitsesp.org.br\/novo\/wp-content\/uploads\/2024\/09\/WhatsApp-Image-2024-09-20-at-09.02.13.jpeg","datePublished":"2024-09-20T14:31:21+00:00","dateModified":"2024-09-23T20:04:35+00:00","breadcrumb":{"@id":"https:\/\/www.sitsesp.org.br\/novo\/fundacao-casa-realiza-i-sipat-integrada-drcap-e-promove-conscientizacao-sobre-seguranca-no-trabalho\/#breadcrumb"},"inLanguage":"pt-BR","potentialAction":[{"@type":"ReadAction","target":["https:\/\/www.sitsesp.org.br\/novo\/fundacao-casa-realiza-i-sipat-integrada-drcap-e-promove-conscientizacao-sobre-seguranca-no-trabalho\/"]}]},{"@type":"ImageObject","inLanguage":"pt-BR","@id":"https:\/\/www.sitsesp.org.br\/novo\/fundacao-casa-realiza-i-sipat-integrada-drcap-e-promove-conscientizacao-sobre-seguranca-no-trabalho\/#primaryimage","url":"https:\/\/www.sitsesp.org.br\/novo\/wp-content\/uploads\/2024\/09\/WhatsApp-Image-2024-09-20-at-09.02.13.jpeg","contentUrl":"https:\/\/www.sitsesp.org.br\/novo\/wp-content\/uploads\/2024\/09\/WhatsApp-Image-2024-09-20-at-09.02.13.jpeg","width":1280,"height":716},{"@type":"BreadcrumbList","@id":"https:\/\/www.sitsesp.org.br\/novo\/fundacao-casa-realiza-i-sipat-integrada-drcap-e-promove-conscientizacao-sobre-seguranca-no-trabalho\/#breadcrumb","itemListElement":[{"@type":"ListItem","position":1,"name":"In\u00edcio","item":"https:\/\/www.sitsesp.org.br\/novo\/"},{"@type":"ListItem","position":2,"name":"Funda\u00e7\u00e3o CASA Realiza I SIPAT Integrada DRCAP e Promove Conscientiza\u00e7\u00e3o Sobre Seguran\u00e7a no Trabalho"}]},{"@type":"WebSite","@id":"https:\/\/www.sitsesp.org.br\/novo\/#website","url":"https:\/\/www.sitsesp.org.br\/novo\/","name":"Sitsesp","description":"SIndicato da Socioeduca\u00e7\u00e3o do Estado de S\u00e3o Paulo","publisher":{"@id":"https:\/\/www.sitsesp.org.br\/novo\/#organization"},"potentialAction":[{"@type":"SearchAction","target":{"@type":"EntryPoint","urlTemplate":"https:\/\/www.sitsesp.org.br\/novo\/?s={search_term_string}"},"query-input":"required name=search_term_string"}],"inLanguage":"pt-BR"},{"@type":"Organization","@id":"https:\/\/www.sitsesp.org.br\/novo\/#organization","name":"Sitsesp","url":"https:\/\/www.sitsesp.org.br\/novo\/","logo":{"@type":"ImageObject","inLanguage":"pt-BR","@id":"https:\/\/www.sitsesp.org.br\/novo\/#\/schema\/logo\/image\/","url":"https:\/\/www.sitsesp.org.br\/novo\/wp-content\/uploads\/2020\/09\/Design-sem-nome-1.jpg","contentUrl":"https:\/\/www.sitsesp.org.br\/novo\/wp-content\/uploads\/2020\/09\/Design-sem-nome-1.jpg","width":300,"height":300,"caption":"Sitsesp"},"image":{"@id":"https:\/\/www.sitsesp.org.br\/novo\/#\/schema\/logo\/image\/"}},{"@type":"Person","@id":"https:\/\/www.sitsesp.org.br\/novo\/#\/schema\/person\/0410b37c20ab60fd51a7b8ae5983f8de","name":"2.8marcosaa","image":{"@type":"ImageObject","inLanguage":"pt-BR","@id":"https:\/\/www.sitsesp.org.br\/novo\/#\/schema\/person\/image\/","url":"https:\/\/secure.gravatar.com\/avatar\/0273db62f5a16721adcf1f80ba308e7b?s=96&d=mm&r=g","contentUrl":"https:\/\/secure.gravatar.com\/avatar\/0273db62f5a16721adcf1f80ba308e7b?s=96&d=mm&r=g","caption":"2.8marcosaa"},"sameAs":["http:\/\/www.362k.com.br"]}]}},"_links":{"self":[{"href":"https:\/\/www.sitsesp.org.br\/novo\/wp-json\/wp\/v2\/posts\/15091"}],"collection":[{"href":"https:\/\/www.sitsesp.org.br\/novo\/wp-json\/wp\/v2\/posts"}],"about":[{"href":"https:\/\/www.sitsesp.org.br\/novo\/wp-json\/wp\/v2\/types\/post"}],"author":[{"embeddable":true,"href":"https:\/\/www.sitsesp.org.br\/novo\/wp-json\/wp\/v2\/users\/7"}],"replies":[{"embeddable":true,"href":"https:\/\/www.sitsesp.org.br\/novo\/wp-json\/wp\/v2\/comments?post=15091"}],"version-history":[{"count":5,"href":"https:\/\/www.sitsesp.org.br\/novo\/wp-json\/wp\/v2\/posts\/15091\/revisions"}],"predecessor-version":[{"id":15101,"href":"https:\/\/www.sitsesp.org.br\/novo\/wp-json\/wp\/v2\/posts\/15091\/revisions\/15101"}],"wp:featuredmedia":[{"embeddable":true,"href":"https:\/\/www.sitsesp.org.br\/novo\/wp-json\/wp\/v2\/media\/15093"}],"wp:attachment":[{"href":"https:\/\/www.sitsesp.org.br\/novo\/wp-json\/wp\/v2\/media?parent=15091"}],"wp:term":[{"taxonomy":"category","embeddable":true,"href":"https:\/\/www.sitsesp.org.br\/novo\/wp-json\/wp\/v2\/categories?post=15091"},{"taxonomy":"post_tag","embeddable":true,"href":"https:\/\/www.sitsesp.org.br\/novo\/wp-json\/wp\/v2\/tags?post=15091"}],"curies":[{"name":"wp","href":"https:\/\/api.w.org\/{rel}","templated":true}]}}