{"id":15110,"date":"2024-09-24T10:54:08","date_gmt":"2024-09-24T13:54:08","guid":{"rendered":"https:\/\/www.sitsesp.org.br\/novo\/?p=15110"},"modified":"2024-09-24T13:46:27","modified_gmt":"2024-09-24T16:46:27","slug":"sitsesp-intensifica-mobilizacao-contra-a-privatizacao-da-fundacao-casa-e-defende-direitos-dos-servidores","status":"publish","type":"post","link":"https:\/\/www.sitsesp.org.br\/novo\/sitsesp-intensifica-mobilizacao-contra-a-privatizacao-da-fundacao-casa-e-defende-direitos-dos-servidores\/","title":{"rendered":"SITSESP intensifica mobiliza\u00e7\u00e3o contra a privatiza\u00e7\u00e3o da Funda\u00e7\u00e3o CASA e defende direitos dos servidores"},"content":{"rendered":"<p><!-- VideographyWP Plugin Message: Automatic video embedding prevented by plugin options. --><\/p>\n<div>\n<p style=\"text-align: justify;\">SITSESP intensifica mobiliza\u00e7\u00e3o contra a amea\u00e7a de privatiza\u00e7\u00e3o da Funda\u00e7\u00e3o CASA, defendendo os direitos dos servidores e rejeitando qualquer tentativa de precariza\u00e7\u00e3o do sistema socioeducativo.<\/p>\n<p style=\"text-align: justify;\">O sindicato tem atuado intensamente dialogando com for\u00e7as pol\u00edticas, mantendo contato permanente com deputados estaduais e federais, vereadores e representantes da sociedade civil, al\u00e9m de promover reuni\u00f5es, debates e manifesta\u00e7\u00f5es\u00a0 unindo for\u00e7as e buscando apoios para enfrentar essa grave amea\u00e7a.<\/p>\n<p style=\"text-align: justify;\">O corpo jur\u00eddico do SITSESP est\u00e1 avaliando poss\u00edveis a\u00e7\u00f5es legais para garantir que os direitos dos trabalhadores sejam preservados diante da poss\u00edvel privatiza\u00e7\u00e3o.<\/p>\n<p style=\"text-align: justify;\">A sociedade exige di\u00e1logo e um estudo detalhado dos impactos antes de qualquer decis\u00e3o. O objetivo \u00e9 evitar a precariza\u00e7\u00e3o das condi\u00e7\u00f5es de trabalho, demiss\u00f5es em massa e a perda de direitos conquistados ao longo dos anos. \u00c9 essencial que o governo apresente n\u00fameros concretos e um estudo sobre os efeitos da privatiza\u00e7\u00e3o, para permitir um debate honesto sobre as consequ\u00eancias para trabalhadores, internos e suas fam\u00edlias.<\/p>\n<p style=\"text-align: justify;\">A falta de transpar\u00eancia no processo de privatiza\u00e7\u00e3o prejudica a an\u00e1lise dos riscos e benef\u00edcios envolvidos, comprometendo a confian\u00e7a da sociedade nas pol\u00edticas p\u00fablicas. Sem esses dados claros, impossibilita-se avaliar com responsabilidade o impacto dessa decis\u00e3o.<\/p>\n<p style=\"text-align: justify;\">O compromisso do SITSESP \u00e9 proteger os servidores e garantir um sistema socioeducativo de qualidade. A gest\u00e3o atual tem atuado no combate a precariedade do sistema, tais como,\u00a0 fechamento de centros, falta de reposi\u00e7\u00e3o de funcion\u00e1rios e arrocho salarial, agravando a situa\u00e7\u00e3o.<\/p>\n<p style=\"text-align: justify;\">A inclus\u00e3o da Funda\u00e7\u00e3o CASA na lista de privatiza\u00e7\u00f5es, por meio de\u00a0Parcerias P\u00fablico-Privadas (PPP), gerou grande desconforto entre os servidores e rea\u00e7\u00f5es negativas da sociedade civil, entidades sindicais e especialistas em direitos humanos.<\/p>\n<p style=\"text-align: justify;\">O SITSESP, liderado pelo presidente Neemias de Souza, j\u00e1 manifestou preocupa\u00e7\u00e3o com o impacto nas condi\u00e7\u00f5es de trabalho e o risco de demiss\u00f5es em massa, refor\u00e7ando sua oposi\u00e7\u00e3o \u00e0 medida.<\/p>\n<p style=\"text-align: justify;\">Outra quest\u00e3o alarmante \u00e9 a poss\u00edvel perda de qualidade no atendimento socioeducativo. Cr\u00edticos argumentam que, sob gest\u00e3o privada, o foco no lucro pode comprometer a ressocializa\u00e7\u00e3o dos adolescentes, reduzindo investimentos em educa\u00e7\u00e3o, sa\u00fade mental e reintegra\u00e7\u00e3o social, \u00e1reas fundamentais para a miss\u00e3o da Funda\u00e7\u00e3o.<\/p>\n<p style=\"text-align: justify;\">A privatiza\u00e7\u00e3o de servi\u00e7os p\u00fablicos essenciais levanta s\u00e9rias d\u00favidas sobre a qualidade e o acesso, especialmente em \u00e1reas sens\u00edveis como a socioeduca\u00e7\u00e3o. Muitos acreditam que cabe ao Estado garantir um processo de ressocializa\u00e7\u00e3o humanizado, focado na recupera\u00e7\u00e3o dos adolescentes e sua reintegra\u00e7\u00e3o \u00e0 sociedade, algo que pode ser comprometido em um modelo privatizado.<\/p>\n<p style=\"text-align: justify;\">Especialistas em direitos da crian\u00e7a e do adolescente expressam preocupa\u00e7\u00e3o de que a privatiza\u00e7\u00e3o resulte em um tratamento mais punitivo e menos pedag\u00f3gico, contrariando os princ\u00edpios fundamentais da Funda\u00e7\u00e3o CASA, que priorizam o atendimento humanizado.<\/p>\n<p style=\"text-align: justify;\">Alterar a gest\u00e3o para a iniciativa privada pode trazer mudan\u00e7as dr\u00e1sticas na abordagem adotada, com consequ\u00eancias graves para o futuro dos adolescentes e a miss\u00e3o da Funda\u00e7\u00e3o.<\/p>\n<p style=\"text-align: justify;\">O SITSESP discorda do argumento do governo de que a privatiza\u00e7\u00e3o traria economia e efici\u00eancia. Para o sindicato, essa n\u00e3o \u00e9 a solu\u00e7\u00e3o ideal, especialmente quando os trabalhadores e a qualidade do sistema socioeducativo est\u00e3o em risco.<\/p>\n<p style=\"text-align: justify;\">Reafirmamos nosso compromisso de defender e representar os servidores da socioeduca\u00e7\u00e3o no Estado de S\u00e3o Paulo.<\/p>\n<\/div>\n","protected":false},"excerpt":{"rendered":"<p>SITSESP intensifica mobiliza\u00e7\u00e3o contra a amea\u00e7a de privatiza\u00e7\u00e3o da Funda\u00e7\u00e3o CASA, defendendo os direitos dos servidores e rejeitando qualquer tentativa de&hellip;<\/p>\n","protected":false},"author":7,"featured_media":15111,"comment_status":"open","ping_status":"open","sticky":false,"template":"","format":"standard","meta":{"cybocfi_hide_featured_image":"","footnotes":""},"categories":[78],"tags":[],"yoast_head":"<!-- This site is optimized with the Yoast SEO plugin v22.8 - https:\/\/yoast.com\/wordpress\/plugins\/seo\/ -->\n<title>SITSESP intensifica mobiliza\u00e7\u00e3o contra a privatiza\u00e7\u00e3o da Funda\u00e7\u00e3o CASA e defende direitos dos servidores - SITSESP<\/title>\n<meta name=\"robots\" content=\"index, follow, max-snippet:-1, max-image-preview:large, max-video-preview:-1\" \/>\n<link rel=\"canonical\" href=\"https:\/\/www.sitsesp.org.br\/novo\/sitsesp-intensifica-mobilizacao-contra-a-privatizacao-da-fundacao-casa-e-defende-direitos-dos-servidores\/\" \/>\n<meta property=\"og:locale\" content=\"pt_BR\" \/>\n<meta property=\"og:type\" content=\"article\" \/>\n<meta property=\"og:title\" content=\"SITSESP intensifica mobiliza\u00e7\u00e3o contra a privatiza\u00e7\u00e3o da Funda\u00e7\u00e3o CASA e defende direitos dos servidores - SITSESP\" \/>\n<meta property=\"og:description\" content=\"SITSESP intensifica mobiliza\u00e7\u00e3o contra a amea\u00e7a de privatiza\u00e7\u00e3o da Funda\u00e7\u00e3o CASA, defendendo os direitos dos servidores e rejeitando qualquer tentativa de&hellip;\" \/>\n<meta property=\"og:url\" content=\"https:\/\/www.sitsesp.org.br\/novo\/sitsesp-intensifica-mobilizacao-contra-a-privatizacao-da-fundacao-casa-e-defende-direitos-dos-servidores\/\" \/>\n<meta property=\"og:site_name\" content=\"SITSESP\" \/>\n<meta property=\"article:published_time\" content=\"2024-09-24T13:54:08+00:00\" \/>\n<meta property=\"article:modified_time\" content=\"2024-09-24T16:46:27+00:00\" \/>\n<meta property=\"og:image\" content=\"https:\/\/www.sitsesp.org.br\/novo\/wp-content\/uploads\/2024\/09\/Planner-Planejador-Capa-Abstrato-Horizontal-A4-11-1.jpg\" \/>\n\t<meta property=\"og:image:width\" content=\"2000\" \/>\n\t<meta property=\"og:image:height\" content=\"1414\" \/>\n\t<meta property=\"og:image:type\" content=\"image\/jpeg\" \/>\n<meta name=\"author\" content=\"2.8marcosaa\" \/>\n<meta name=\"twitter:card\" content=\"summary_large_image\" \/>\n<meta name=\"twitter:label1\" content=\"Escrito por\" \/>\n\t<meta name=\"twitter:data1\" content=\"2.8marcosaa\" \/>\n\t<meta name=\"twitter:label2\" content=\"Est. tempo de leitura\" \/>\n\t<meta name=\"twitter:data2\" content=\"4 minutos\" \/>\n<script type=\"application\/ld+json\" class=\"yoast-schema-graph\">{\"@context\":\"https:\/\/schema.org\",\"@graph\":[{\"@type\":\"Article\",\"@id\":\"https:\/\/www.sitsesp.org.br\/novo\/sitsesp-intensifica-mobilizacao-contra-a-privatizacao-da-fundacao-casa-e-defende-direitos-dos-servidores\/#article\",\"isPartOf\":{\"@id\":\"https:\/\/www.sitsesp.org.br\/novo\/sitsesp-intensifica-mobilizacao-contra-a-privatizacao-da-fundacao-casa-e-defende-direitos-dos-servidores\/\"},\"author\":{\"name\":\"2.8marcosaa\",\"@id\":\"https:\/\/www.sitsesp.org.br\/novo\/#\/schema\/person\/0410b37c20ab60fd51a7b8ae5983f8de\"},\"headline\":\"SITSESP intensifica mobiliza\u00e7\u00e3o contra a privatiza\u00e7\u00e3o da Funda\u00e7\u00e3o CASA e defende direitos dos servidores\",\"datePublished\":\"2024-09-24T13:54:08+00:00\",\"dateModified\":\"2024-09-24T16:46:27+00:00\",\"mainEntityOfPage\":{\"@id\":\"https:\/\/www.sitsesp.org.br\/novo\/sitsesp-intensifica-mobilizacao-contra-a-privatizacao-da-fundacao-casa-e-defende-direitos-dos-servidores\/\"},\"wordCount\":606,\"commentCount\":0,\"publisher\":{\"@id\":\"https:\/\/www.sitsesp.org.br\/novo\/#organization\"},\"image\":{\"@id\":\"https:\/\/www.sitsesp.org.br\/novo\/sitsesp-intensifica-mobilizacao-contra-a-privatizacao-da-fundacao-casa-e-defende-direitos-dos-servidores\/#primaryimage\"},\"thumbnailUrl\":\"https:\/\/www.sitsesp.org.br\/novo\/wp-content\/uploads\/2024\/09\/Planner-Planejador-Capa-Abstrato-Horizontal-A4-11-1.jpg\",\"articleSection\":[\"manchete\"],\"inLanguage\":\"pt-BR\",\"potentialAction\":[{\"@type\":\"CommentAction\",\"name\":\"Comment\",\"target\":[\"https:\/\/www.sitsesp.org.br\/novo\/sitsesp-intensifica-mobilizacao-contra-a-privatizacao-da-fundacao-casa-e-defende-direitos-dos-servidores\/#respond\"]}]},{\"@type\":\"WebPage\",\"@id\":\"https:\/\/www.sitsesp.org.br\/novo\/sitsesp-intensifica-mobilizacao-contra-a-privatizacao-da-fundacao-casa-e-defende-direitos-dos-servidores\/\",\"url\":\"https:\/\/www.sitsesp.org.br\/novo\/sitsesp-intensifica-mobilizacao-contra-a-privatizacao-da-fundacao-casa-e-defende-direitos-dos-servidores\/\",\"name\":\"SITSESP intensifica mobiliza\u00e7\u00e3o contra a privatiza\u00e7\u00e3o da Funda\u00e7\u00e3o CASA e defende direitos dos servidores - SITSESP\",\"isPartOf\":{\"@id\":\"https:\/\/www.sitsesp.org.br\/novo\/#website\"},\"primaryImageOfPage\":{\"@id\":\"https:\/\/www.sitsesp.org.br\/novo\/sitsesp-intensifica-mobilizacao-contra-a-privatizacao-da-fundacao-casa-e-defende-direitos-dos-servidores\/#primaryimage\"},\"image\":{\"@id\":\"https:\/\/www.sitsesp.org.br\/novo\/sitsesp-intensifica-mobilizacao-contra-a-privatizacao-da-fundacao-casa-e-defende-direitos-dos-servidores\/#primaryimage\"},\"thumbnailUrl\":\"https:\/\/www.sitsesp.org.br\/novo\/wp-content\/uploads\/2024\/09\/Planner-Planejador-Capa-Abstrato-Horizontal-A4-11-1.jpg\",\"datePublished\":\"2024-09-24T13:54:08+00:00\",\"dateModified\":\"2024-09-24T16:46:27+00:00\",\"breadcrumb\":{\"@id\":\"https:\/\/www.sitsesp.org.br\/novo\/sitsesp-intensifica-mobilizacao-contra-a-privatizacao-da-fundacao-casa-e-defende-direitos-dos-servidores\/#breadcrumb\"},\"inLanguage\":\"pt-BR\",\"potentialAction\":[{\"@type\":\"ReadAction\",\"target\":[\"https:\/\/www.sitsesp.org.br\/novo\/sitsesp-intensifica-mobilizacao-contra-a-privatizacao-da-fundacao-casa-e-defende-direitos-dos-servidores\/\"]}]},{\"@type\":\"ImageObject\",\"inLanguage\":\"pt-BR\",\"@id\":\"https:\/\/www.sitsesp.org.br\/novo\/sitsesp-intensifica-mobilizacao-contra-a-privatizacao-da-fundacao-casa-e-defende-direitos-dos-servidores\/#primaryimage\",\"url\":\"https:\/\/www.sitsesp.org.br\/novo\/wp-content\/uploads\/2024\/09\/Planner-Planejador-Capa-Abstrato-Horizontal-A4-11-1.jpg\",\"contentUrl\":\"https:\/\/www.sitsesp.org.br\/novo\/wp-content\/uploads\/2024\/09\/Planner-Planejador-Capa-Abstrato-Horizontal-A4-11-1.jpg\",\"width\":2000,\"height\":1414},{\"@type\":\"BreadcrumbList\",\"@id\":\"https:\/\/www.sitsesp.org.br\/novo\/sitsesp-intensifica-mobilizacao-contra-a-privatizacao-da-fundacao-casa-e-defende-direitos-dos-servidores\/#breadcrumb\",\"itemListElement\":[{\"@type\":\"ListItem\",\"position\":1,\"name\":\"In\u00edcio\",\"item\":\"https:\/\/www.sitsesp.org.br\/novo\/\"},{\"@type\":\"ListItem\",\"position\":2,\"name\":\"SITSESP intensifica mobiliza\u00e7\u00e3o contra a privatiza\u00e7\u00e3o da Funda\u00e7\u00e3o CASA e defende direitos dos servidores\"}]},{\"@type\":\"WebSite\",\"@id\":\"https:\/\/www.sitsesp.org.br\/novo\/#website\",\"url\":\"https:\/\/www.sitsesp.org.br\/novo\/\",\"name\":\"Sitsesp\",\"description\":\"SIndicato da Socioeduca\u00e7\u00e3o do Estado de S\u00e3o Paulo\",\"publisher\":{\"@id\":\"https:\/\/www.sitsesp.org.br\/novo\/#organization\"},\"potentialAction\":[{\"@type\":\"SearchAction\",\"target\":{\"@type\":\"EntryPoint\",\"urlTemplate\":\"https:\/\/www.sitsesp.org.br\/novo\/?s={search_term_string}\"},\"query-input\":\"required name=search_term_string\"}],\"inLanguage\":\"pt-BR\"},{\"@type\":\"Organization\",\"@id\":\"https:\/\/www.sitsesp.org.br\/novo\/#organization\",\"name\":\"Sitsesp\",\"url\":\"https:\/\/www.sitsesp.org.br\/novo\/\",\"logo\":{\"@type\":\"ImageObject\",\"inLanguage\":\"pt-BR\",\"@id\":\"https:\/\/www.sitsesp.org.br\/novo\/#\/schema\/logo\/image\/\",\"url\":\"https:\/\/www.sitsesp.org.br\/novo\/wp-content\/uploads\/2020\/09\/Design-sem-nome-1.jpg\",\"contentUrl\":\"https:\/\/www.sitsesp.org.br\/novo\/wp-content\/uploads\/2020\/09\/Design-sem-nome-1.jpg\",\"width\":300,\"height\":300,\"caption\":\"Sitsesp\"},\"image\":{\"@id\":\"https:\/\/www.sitsesp.org.br\/novo\/#\/schema\/logo\/image\/\"}},{\"@type\":\"Person\",\"@id\":\"https:\/\/www.sitsesp.org.br\/novo\/#\/schema\/person\/0410b37c20ab60fd51a7b8ae5983f8de\",\"name\":\"2.8marcosaa\",\"image\":{\"@type\":\"ImageObject\",\"inLanguage\":\"pt-BR\",\"@id\":\"https:\/\/www.sitsesp.org.br\/novo\/#\/schema\/person\/image\/\",\"url\":\"https:\/\/secure.gravatar.com\/avatar\/0273db62f5a16721adcf1f80ba308e7b?s=96&d=mm&r=g\",\"contentUrl\":\"https:\/\/secure.gravatar.com\/avatar\/0273db62f5a16721adcf1f80ba308e7b?s=96&d=mm&r=g\",\"caption\":\"2.8marcosaa\"},\"sameAs\":[\"http:\/\/www.362k.com.br\"]}]}<\/script>\n<!-- \/ Yoast SEO plugin. -->","yoast_head_json":{"title":"SITSESP intensifica mobiliza\u00e7\u00e3o contra a privatiza\u00e7\u00e3o da Funda\u00e7\u00e3o CASA e defende direitos dos servidores - SITSESP","robots":{"index":"index","follow":"follow","max-snippet":"max-snippet:-1","max-image-preview":"max-image-preview:large","max-video-preview":"max-video-preview:-1"},"canonical":"https:\/\/www.sitsesp.org.br\/novo\/sitsesp-intensifica-mobilizacao-contra-a-privatizacao-da-fundacao-casa-e-defende-direitos-dos-servidores\/","og_locale":"pt_BR","og_type":"article","og_title":"SITSESP intensifica mobiliza\u00e7\u00e3o contra a privatiza\u00e7\u00e3o da Funda\u00e7\u00e3o CASA e defende direitos dos servidores - SITSESP","og_description":"SITSESP intensifica mobiliza\u00e7\u00e3o contra a amea\u00e7a de privatiza\u00e7\u00e3o da Funda\u00e7\u00e3o CASA, defendendo os direitos dos servidores e rejeitando qualquer tentativa de&hellip;","og_url":"https:\/\/www.sitsesp.org.br\/novo\/sitsesp-intensifica-mobilizacao-contra-a-privatizacao-da-fundacao-casa-e-defende-direitos-dos-servidores\/","og_site_name":"SITSESP","article_published_time":"2024-09-24T13:54:08+00:00","article_modified_time":"2024-09-24T16:46:27+00:00","og_image":[{"width":2000,"height":1414,"url":"https:\/\/www.sitsesp.org.br\/novo\/wp-content\/uploads\/2024\/09\/Planner-Planejador-Capa-Abstrato-Horizontal-A4-11-1.jpg","type":"image\/jpeg"}],"author":"2.8marcosaa","twitter_card":"summary_large_image","twitter_misc":{"Escrito por":"2.8marcosaa","Est. tempo de leitura":"4 minutos"},"schema":{"@context":"https:\/\/schema.org","@graph":[{"@type":"Article","@id":"https:\/\/www.sitsesp.org.br\/novo\/sitsesp-intensifica-mobilizacao-contra-a-privatizacao-da-fundacao-casa-e-defende-direitos-dos-servidores\/#article","isPartOf":{"@id":"https:\/\/www.sitsesp.org.br\/novo\/sitsesp-intensifica-mobilizacao-contra-a-privatizacao-da-fundacao-casa-e-defende-direitos-dos-servidores\/"},"author":{"name":"2.8marcosaa","@id":"https:\/\/www.sitsesp.org.br\/novo\/#\/schema\/person\/0410b37c20ab60fd51a7b8ae5983f8de"},"headline":"SITSESP intensifica mobiliza\u00e7\u00e3o contra a privatiza\u00e7\u00e3o da Funda\u00e7\u00e3o CASA e defende direitos dos servidores","datePublished":"2024-09-24T13:54:08+00:00","dateModified":"2024-09-24T16:46:27+00:00","mainEntityOfPage":{"@id":"https:\/\/www.sitsesp.org.br\/novo\/sitsesp-intensifica-mobilizacao-contra-a-privatizacao-da-fundacao-casa-e-defende-direitos-dos-servidores\/"},"wordCount":606,"commentCount":0,"publisher":{"@id":"https:\/\/www.sitsesp.org.br\/novo\/#organization"},"image":{"@id":"https:\/\/www.sitsesp.org.br\/novo\/sitsesp-intensifica-mobilizacao-contra-a-privatizacao-da-fundacao-casa-e-defende-direitos-dos-servidores\/#primaryimage"},"thumbnailUrl":"https:\/\/www.sitsesp.org.br\/novo\/wp-content\/uploads\/2024\/09\/Planner-Planejador-Capa-Abstrato-Horizontal-A4-11-1.jpg","articleSection":["manchete"],"inLanguage":"pt-BR","potentialAction":[{"@type":"CommentAction","name":"Comment","target":["https:\/\/www.sitsesp.org.br\/novo\/sitsesp-intensifica-mobilizacao-contra-a-privatizacao-da-fundacao-casa-e-defende-direitos-dos-servidores\/#respond"]}]},{"@type":"WebPage","@id":"https:\/\/www.sitsesp.org.br\/novo\/sitsesp-intensifica-mobilizacao-contra-a-privatizacao-da-fundacao-casa-e-defende-direitos-dos-servidores\/","url":"https:\/\/www.sitsesp.org.br\/novo\/sitsesp-intensifica-mobilizacao-contra-a-privatizacao-da-fundacao-casa-e-defende-direitos-dos-servidores\/","name":"SITSESP intensifica mobiliza\u00e7\u00e3o contra a privatiza\u00e7\u00e3o da Funda\u00e7\u00e3o CASA e defende direitos dos servidores - SITSESP","isPartOf":{"@id":"https:\/\/www.sitsesp.org.br\/novo\/#website"},"primaryImageOfPage":{"@id":"https:\/\/www.sitsesp.org.br\/novo\/sitsesp-intensifica-mobilizacao-contra-a-privatizacao-da-fundacao-casa-e-defende-direitos-dos-servidores\/#primaryimage"},"image":{"@id":"https:\/\/www.sitsesp.org.br\/novo\/sitsesp-intensifica-mobilizacao-contra-a-privatizacao-da-fundacao-casa-e-defende-direitos-dos-servidores\/#primaryimage"},"thumbnailUrl":"https:\/\/www.sitsesp.org.br\/novo\/wp-content\/uploads\/2024\/09\/Planner-Planejador-Capa-Abstrato-Horizontal-A4-11-1.jpg","datePublished":"2024-09-24T13:54:08+00:00","dateModified":"2024-09-24T16:46:27+00:00","breadcrumb":{"@id":"https:\/\/www.sitsesp.org.br\/novo\/sitsesp-intensifica-mobilizacao-contra-a-privatizacao-da-fundacao-casa-e-defende-direitos-dos-servidores\/#breadcrumb"},"inLanguage":"pt-BR","potentialAction":[{"@type":"ReadAction","target":["https:\/\/www.sitsesp.org.br\/novo\/sitsesp-intensifica-mobilizacao-contra-a-privatizacao-da-fundacao-casa-e-defende-direitos-dos-servidores\/"]}]},{"@type":"ImageObject","inLanguage":"pt-BR","@id":"https:\/\/www.sitsesp.org.br\/novo\/sitsesp-intensifica-mobilizacao-contra-a-privatizacao-da-fundacao-casa-e-defende-direitos-dos-servidores\/#primaryimage","url":"https:\/\/www.sitsesp.org.br\/novo\/wp-content\/uploads\/2024\/09\/Planner-Planejador-Capa-Abstrato-Horizontal-A4-11-1.jpg","contentUrl":"https:\/\/www.sitsesp.org.br\/novo\/wp-content\/uploads\/2024\/09\/Planner-Planejador-Capa-Abstrato-Horizontal-A4-11-1.jpg","width":2000,"height":1414},{"@type":"BreadcrumbList","@id":"https:\/\/www.sitsesp.org.br\/novo\/sitsesp-intensifica-mobilizacao-contra-a-privatizacao-da-fundacao-casa-e-defende-direitos-dos-servidores\/#breadcrumb","itemListElement":[{"@type":"ListItem","position":1,"name":"In\u00edcio","item":"https:\/\/www.sitsesp.org.br\/novo\/"},{"@type":"ListItem","position":2,"name":"SITSESP intensifica mobiliza\u00e7\u00e3o contra a privatiza\u00e7\u00e3o da Funda\u00e7\u00e3o CASA e defende direitos dos servidores"}]},{"@type":"WebSite","@id":"https:\/\/www.sitsesp.org.br\/novo\/#website","url":"https:\/\/www.sitsesp.org.br\/novo\/","name":"Sitsesp","description":"SIndicato da Socioeduca\u00e7\u00e3o do Estado de S\u00e3o Paulo","publisher":{"@id":"https:\/\/www.sitsesp.org.br\/novo\/#organization"},"potentialAction":[{"@type":"SearchAction","target":{"@type":"EntryPoint","urlTemplate":"https:\/\/www.sitsesp.org.br\/novo\/?s={search_term_string}"},"query-input":"required name=search_term_string"}],"inLanguage":"pt-BR"},{"@type":"Organization","@id":"https:\/\/www.sitsesp.org.br\/novo\/#organization","name":"Sitsesp","url":"https:\/\/www.sitsesp.org.br\/novo\/","logo":{"@type":"ImageObject","inLanguage":"pt-BR","@id":"https:\/\/www.sitsesp.org.br\/novo\/#\/schema\/logo\/image\/","url":"https:\/\/www.sitsesp.org.br\/novo\/wp-content\/uploads\/2020\/09\/Design-sem-nome-1.jpg","contentUrl":"https:\/\/www.sitsesp.org.br\/novo\/wp-content\/uploads\/2020\/09\/Design-sem-nome-1.jpg","width":300,"height":300,"caption":"Sitsesp"},"image":{"@id":"https:\/\/www.sitsesp.org.br\/novo\/#\/schema\/logo\/image\/"}},{"@type":"Person","@id":"https:\/\/www.sitsesp.org.br\/novo\/#\/schema\/person\/0410b37c20ab60fd51a7b8ae5983f8de","name":"2.8marcosaa","image":{"@type":"ImageObject","inLanguage":"pt-BR","@id":"https:\/\/www.sitsesp.org.br\/novo\/#\/schema\/person\/image\/","url":"https:\/\/secure.gravatar.com\/avatar\/0273db62f5a16721adcf1f80ba308e7b?s=96&d=mm&r=g","contentUrl":"https:\/\/secure.gravatar.com\/avatar\/0273db62f5a16721adcf1f80ba308e7b?s=96&d=mm&r=g","caption":"2.8marcosaa"},"sameAs":["http:\/\/www.362k.com.br"]}]}},"_links":{"self":[{"href":"https:\/\/www.sitsesp.org.br\/novo\/wp-json\/wp\/v2\/posts\/15110"}],"collection":[{"href":"https:\/\/www.sitsesp.org.br\/novo\/wp-json\/wp\/v2\/posts"}],"about":[{"href":"https:\/\/www.sitsesp.org.br\/novo\/wp-json\/wp\/v2\/types\/post"}],"author":[{"embeddable":true,"href":"https:\/\/www.sitsesp.org.br\/novo\/wp-json\/wp\/v2\/users\/7"}],"replies":[{"embeddable":true,"href":"https:\/\/www.sitsesp.org.br\/novo\/wp-json\/wp\/v2\/comments?post=15110"}],"version-history":[{"count":3,"href":"https:\/\/www.sitsesp.org.br\/novo\/wp-json\/wp\/v2\/posts\/15110\/revisions"}],"predecessor-version":[{"id":15114,"href":"https:\/\/www.sitsesp.org.br\/novo\/wp-json\/wp\/v2\/posts\/15110\/revisions\/15114"}],"wp:featuredmedia":[{"embeddable":true,"href":"https:\/\/www.sitsesp.org.br\/novo\/wp-json\/wp\/v2\/media\/15111"}],"wp:attachment":[{"href":"https:\/\/www.sitsesp.org.br\/novo\/wp-json\/wp\/v2\/media?parent=15110"}],"wp:term":[{"taxonomy":"category","embeddable":true,"href":"https:\/\/www.sitsesp.org.br\/novo\/wp-json\/wp\/v2\/categories?post=15110"},{"taxonomy":"post_tag","embeddable":true,"href":"https:\/\/www.sitsesp.org.br\/novo\/wp-json\/wp\/v2\/tags?post=15110"}],"curies":[{"name":"wp","href":"https:\/\/api.w.org\/{rel}","templated":true}]}}