{"id":15123,"date":"2024-09-26T08:44:43","date_gmt":"2024-09-26T11:44:43","guid":{"rendered":"https:\/\/www.sitsesp.org.br\/novo\/?p=15123"},"modified":"2024-09-26T09:07:11","modified_gmt":"2024-09-26T12:07:11","slug":"sitsesp-promove-reuniao-conjunta-dos-grupos-de-trabalho-com-a-superintendencia-de-saude-da-fundacao-casa-para-discutir-melhorias-nas-condicoes-de-trabalho","status":"publish","type":"post","link":"https:\/\/www.sitsesp.org.br\/novo\/sitsesp-promove-reuniao-conjunta-dos-grupos-de-trabalho-com-a-superintendencia-de-saude-da-fundacao-casa-para-discutir-melhorias-nas-condicoes-de-trabalho\/","title":{"rendered":"SITSESP promove reuni\u00e3o conjunta dos Grupos de Trabalho  da Enfermagem e Psicossocial com a Superintend\u00eancia de Sa\u00fade da Funda\u00e7\u00e3o CASA"},"content":{"rendered":"<p><!-- VideographyWP Plugin Message: Automatic video embedding prevented by plugin options. --><\/p>\n<p style=\"text-align: justify;\">O SITSESP promoveu uma reuni\u00e3o conjunta dos Grupos de Trabalho (GT) da Enfermagem e Psicossocial com a Superintend\u00eancia de Sa\u00fade da Funda\u00e7\u00e3o CASA, para tratar de quest\u00f5es cruciais que impactam diretamente o bem-estar e a rotina dos profissionais das duas \u00e1reas.<\/p>\n<p style=\"text-align: justify;\">A pauta da Enfermagem abordou temas como o aumento no efetivo de profissionais, considerado essencial para garantir que as equipes desempenhem suas fun\u00e7\u00f5es com seguran\u00e7a e sem sobrecarga.<\/p>\n<p style=\"text-align: justify;\">Outro tema discutido foi o gerenciamento da medica\u00e7\u00e3o, fundamental para garantir o fluxo adequado de medicamentos e a seguran\u00e7a dos adolescentes. Foram solicitadas melhorias nos processos e um acompanhamento mais rigoroso das pr\u00e1ticas adotadas nas unidades.<\/p>\n<p style=\"text-align: justify;\">Por fim, o papel da medicina do trabalho foi amplamente debatido, com foco na preven\u00e7\u00e3o de doen\u00e7as ocupacionais e no cuidado com a sa\u00fade mental dos trabalhadores, que enfrentam desafios di\u00e1rios no ambiente socioeducativo. O GT da Enfermagem ressaltou a import\u00e2ncia de um acompanhamento mais pr\u00f3ximo dos profissionais.<\/p>\n<p style=\"text-align: justify;\">J\u00e1 o GT Psicossocial apresentou demandas como:<\/p>\n<p style=\"text-align: justify;\">Queixas sobre o plant\u00e3o t\u00e9cnico e visita\u00e7\u00e3o;<br \/>\nCess\u00e3o de 25% adicionais para profissionais transferidos;<br \/>\nTeleatendimento;<br \/>\nPlant\u00e3o de domingo na unidade Cai Gaivota;<br \/>\nDesvio de fun\u00e7\u00e3o dos profissionais psicossociais;<br \/>\nSobrecarga de trabalho, com foco na sa\u00fade mental.<br \/>\nA Funda\u00e7\u00e3o CASA se comprometeu a analisar todas as demandas apresentadas e oferecer uma resposta formal em 45 dias. A expectativa \u00e9 que solu\u00e7\u00f5es sejam implementadas para melhorar as condi\u00e7\u00f5es de trabalho e a sa\u00fade dos profissionais.<\/p>\n<p style=\"text-align: justify;\">A reuni\u00e3o foi considerada produtiva, com as duas Superintend\u00eancias reiterando o compromisso de continuar o di\u00e1logo e buscar as melhorias necess\u00e1rias para garantir um ambiente de trabalho mais saud\u00e1vel e seguro para todos.<\/p>\n<p style=\"text-align: justify;\">Novos encontros est\u00e3o previstos para acompanhar o progresso das a\u00e7\u00f5es discutidas e assegurar que as mudan\u00e7as sejam efetivadas.<\/p>\n","protected":false},"excerpt":{"rendered":"<p>O SITSESP promoveu uma reuni\u00e3o conjunta dos Grupos de Trabalho (GT) da Enfermagem e Psicossocial com a Superintend\u00eancia de Sa\u00fade da&hellip;<\/p>\n","protected":false},"author":7,"featured_media":15126,"comment_status":"open","ping_status":"open","sticky":false,"template":"","format":"standard","meta":{"cybocfi_hide_featured_image":"","footnotes":""},"categories":[27],"tags":[],"yoast_head":"<!-- This site is optimized with the Yoast SEO plugin v22.8 - https:\/\/yoast.com\/wordpress\/plugins\/seo\/ -->\n<title>SITSESP promove reuni\u00e3o conjunta dos Grupos de Trabalho da Enfermagem e Psicossocial com a Superintend\u00eancia de Sa\u00fade da Funda\u00e7\u00e3o CASA - SITSESP<\/title>\n<meta name=\"robots\" content=\"index, follow, max-snippet:-1, max-image-preview:large, max-video-preview:-1\" \/>\n<link rel=\"canonical\" href=\"https:\/\/www.sitsesp.org.br\/novo\/sitsesp-promove-reuniao-conjunta-dos-grupos-de-trabalho-com-a-superintendencia-de-saude-da-fundacao-casa-para-discutir-melhorias-nas-condicoes-de-trabalho\/\" \/>\n<meta property=\"og:locale\" content=\"pt_BR\" \/>\n<meta property=\"og:type\" content=\"article\" \/>\n<meta property=\"og:title\" content=\"SITSESP promove reuni\u00e3o conjunta dos Grupos de Trabalho da Enfermagem e Psicossocial com a Superintend\u00eancia de Sa\u00fade da Funda\u00e7\u00e3o CASA - SITSESP\" \/>\n<meta property=\"og:description\" content=\"O SITSESP promoveu uma reuni\u00e3o conjunta dos Grupos de Trabalho (GT) da Enfermagem e Psicossocial com a Superintend\u00eancia de Sa\u00fade da&hellip;\" \/>\n<meta property=\"og:url\" content=\"https:\/\/www.sitsesp.org.br\/novo\/sitsesp-promove-reuniao-conjunta-dos-grupos-de-trabalho-com-a-superintendencia-de-saude-da-fundacao-casa-para-discutir-melhorias-nas-condicoes-de-trabalho\/\" \/>\n<meta property=\"og:site_name\" content=\"SITSESP\" \/>\n<meta property=\"article:published_time\" content=\"2024-09-26T11:44:43+00:00\" \/>\n<meta property=\"article:modified_time\" content=\"2024-09-26T12:07:11+00:00\" \/>\n<meta property=\"og:image\" content=\"https:\/\/www.sitsesp.org.br\/novo\/wp-content\/uploads\/2024\/09\/WhatsApp-Image-2024-09-24-at-13.54.30.jpeg\" \/>\n\t<meta property=\"og:image:width\" content=\"1280\" \/>\n\t<meta property=\"og:image:height\" content=\"960\" \/>\n\t<meta property=\"og:image:type\" content=\"image\/jpeg\" \/>\n<meta name=\"author\" content=\"2.8marcosaa\" \/>\n<meta name=\"twitter:card\" content=\"summary_large_image\" \/>\n<meta name=\"twitter:label1\" content=\"Escrito por\" \/>\n\t<meta name=\"twitter:data1\" content=\"2.8marcosaa\" \/>\n\t<meta name=\"twitter:label2\" content=\"Est. tempo de leitura\" \/>\n\t<meta name=\"twitter:data2\" content=\"2 minutos\" \/>\n<script type=\"application\/ld+json\" class=\"yoast-schema-graph\">{\"@context\":\"https:\/\/schema.org\",\"@graph\":[{\"@type\":\"Article\",\"@id\":\"https:\/\/www.sitsesp.org.br\/novo\/sitsesp-promove-reuniao-conjunta-dos-grupos-de-trabalho-com-a-superintendencia-de-saude-da-fundacao-casa-para-discutir-melhorias-nas-condicoes-de-trabalho\/#article\",\"isPartOf\":{\"@id\":\"https:\/\/www.sitsesp.org.br\/novo\/sitsesp-promove-reuniao-conjunta-dos-grupos-de-trabalho-com-a-superintendencia-de-saude-da-fundacao-casa-para-discutir-melhorias-nas-condicoes-de-trabalho\/\"},\"author\":{\"name\":\"2.8marcosaa\",\"@id\":\"https:\/\/www.sitsesp.org.br\/novo\/#\/schema\/person\/0410b37c20ab60fd51a7b8ae5983f8de\"},\"headline\":\"SITSESP promove reuni\u00e3o conjunta dos Grupos de Trabalho da Enfermagem e Psicossocial com a Superintend\u00eancia de Sa\u00fade da Funda\u00e7\u00e3o CASA\",\"datePublished\":\"2024-09-26T11:44:43+00:00\",\"dateModified\":\"2024-09-26T12:07:11+00:00\",\"mainEntityOfPage\":{\"@id\":\"https:\/\/www.sitsesp.org.br\/novo\/sitsesp-promove-reuniao-conjunta-dos-grupos-de-trabalho-com-a-superintendencia-de-saude-da-fundacao-casa-para-discutir-melhorias-nas-condicoes-de-trabalho\/\"},\"wordCount\":340,\"commentCount\":0,\"publisher\":{\"@id\":\"https:\/\/www.sitsesp.org.br\/novo\/#organization\"},\"image\":{\"@id\":\"https:\/\/www.sitsesp.org.br\/novo\/sitsesp-promove-reuniao-conjunta-dos-grupos-de-trabalho-com-a-superintendencia-de-saude-da-fundacao-casa-para-discutir-melhorias-nas-condicoes-de-trabalho\/#primaryimage\"},\"thumbnailUrl\":\"https:\/\/www.sitsesp.org.br\/novo\/wp-content\/uploads\/2024\/09\/WhatsApp-Image-2024-09-24-at-13.54.30.jpeg\",\"articleSection\":[\"Destaque\"],\"inLanguage\":\"pt-BR\",\"potentialAction\":[{\"@type\":\"CommentAction\",\"name\":\"Comment\",\"target\":[\"https:\/\/www.sitsesp.org.br\/novo\/sitsesp-promove-reuniao-conjunta-dos-grupos-de-trabalho-com-a-superintendencia-de-saude-da-fundacao-casa-para-discutir-melhorias-nas-condicoes-de-trabalho\/#respond\"]}]},{\"@type\":\"WebPage\",\"@id\":\"https:\/\/www.sitsesp.org.br\/novo\/sitsesp-promove-reuniao-conjunta-dos-grupos-de-trabalho-com-a-superintendencia-de-saude-da-fundacao-casa-para-discutir-melhorias-nas-condicoes-de-trabalho\/\",\"url\":\"https:\/\/www.sitsesp.org.br\/novo\/sitsesp-promove-reuniao-conjunta-dos-grupos-de-trabalho-com-a-superintendencia-de-saude-da-fundacao-casa-para-discutir-melhorias-nas-condicoes-de-trabalho\/\",\"name\":\"SITSESP promove reuni\u00e3o conjunta dos Grupos de Trabalho da Enfermagem e Psicossocial com a Superintend\u00eancia de Sa\u00fade da Funda\u00e7\u00e3o CASA - SITSESP\",\"isPartOf\":{\"@id\":\"https:\/\/www.sitsesp.org.br\/novo\/#website\"},\"primaryImageOfPage\":{\"@id\":\"https:\/\/www.sitsesp.org.br\/novo\/sitsesp-promove-reuniao-conjunta-dos-grupos-de-trabalho-com-a-superintendencia-de-saude-da-fundacao-casa-para-discutir-melhorias-nas-condicoes-de-trabalho\/#primaryimage\"},\"image\":{\"@id\":\"https:\/\/www.sitsesp.org.br\/novo\/sitsesp-promove-reuniao-conjunta-dos-grupos-de-trabalho-com-a-superintendencia-de-saude-da-fundacao-casa-para-discutir-melhorias-nas-condicoes-de-trabalho\/#primaryimage\"},\"thumbnailUrl\":\"https:\/\/www.sitsesp.org.br\/novo\/wp-content\/uploads\/2024\/09\/WhatsApp-Image-2024-09-24-at-13.54.30.jpeg\",\"datePublished\":\"2024-09-26T11:44:43+00:00\",\"dateModified\":\"2024-09-26T12:07:11+00:00\",\"breadcrumb\":{\"@id\":\"https:\/\/www.sitsesp.org.br\/novo\/sitsesp-promove-reuniao-conjunta-dos-grupos-de-trabalho-com-a-superintendencia-de-saude-da-fundacao-casa-para-discutir-melhorias-nas-condicoes-de-trabalho\/#breadcrumb\"},\"inLanguage\":\"pt-BR\",\"potentialAction\":[{\"@type\":\"ReadAction\",\"target\":[\"https:\/\/www.sitsesp.org.br\/novo\/sitsesp-promove-reuniao-conjunta-dos-grupos-de-trabalho-com-a-superintendencia-de-saude-da-fundacao-casa-para-discutir-melhorias-nas-condicoes-de-trabalho\/\"]}]},{\"@type\":\"ImageObject\",\"inLanguage\":\"pt-BR\",\"@id\":\"https:\/\/www.sitsesp.org.br\/novo\/sitsesp-promove-reuniao-conjunta-dos-grupos-de-trabalho-com-a-superintendencia-de-saude-da-fundacao-casa-para-discutir-melhorias-nas-condicoes-de-trabalho\/#primaryimage\",\"url\":\"https:\/\/www.sitsesp.org.br\/novo\/wp-content\/uploads\/2024\/09\/WhatsApp-Image-2024-09-24-at-13.54.30.jpeg\",\"contentUrl\":\"https:\/\/www.sitsesp.org.br\/novo\/wp-content\/uploads\/2024\/09\/WhatsApp-Image-2024-09-24-at-13.54.30.jpeg\",\"width\":1280,\"height\":960},{\"@type\":\"BreadcrumbList\",\"@id\":\"https:\/\/www.sitsesp.org.br\/novo\/sitsesp-promove-reuniao-conjunta-dos-grupos-de-trabalho-com-a-superintendencia-de-saude-da-fundacao-casa-para-discutir-melhorias-nas-condicoes-de-trabalho\/#breadcrumb\",\"itemListElement\":[{\"@type\":\"ListItem\",\"position\":1,\"name\":\"In\u00edcio\",\"item\":\"https:\/\/www.sitsesp.org.br\/novo\/\"},{\"@type\":\"ListItem\",\"position\":2,\"name\":\"SITSESP promove reuni\u00e3o conjunta dos Grupos de Trabalho da Enfermagem e Psicossocial com a Superintend\u00eancia de Sa\u00fade da Funda\u00e7\u00e3o CASA\"}]},{\"@type\":\"WebSite\",\"@id\":\"https:\/\/www.sitsesp.org.br\/novo\/#website\",\"url\":\"https:\/\/www.sitsesp.org.br\/novo\/\",\"name\":\"Sitsesp\",\"description\":\"SIndicato da Socioeduca\u00e7\u00e3o do Estado de S\u00e3o Paulo\",\"publisher\":{\"@id\":\"https:\/\/www.sitsesp.org.br\/novo\/#organization\"},\"potentialAction\":[{\"@type\":\"SearchAction\",\"target\":{\"@type\":\"EntryPoint\",\"urlTemplate\":\"https:\/\/www.sitsesp.org.br\/novo\/?s={search_term_string}\"},\"query-input\":\"required name=search_term_string\"}],\"inLanguage\":\"pt-BR\"},{\"@type\":\"Organization\",\"@id\":\"https:\/\/www.sitsesp.org.br\/novo\/#organization\",\"name\":\"Sitsesp\",\"url\":\"https:\/\/www.sitsesp.org.br\/novo\/\",\"logo\":{\"@type\":\"ImageObject\",\"inLanguage\":\"pt-BR\",\"@id\":\"https:\/\/www.sitsesp.org.br\/novo\/#\/schema\/logo\/image\/\",\"url\":\"https:\/\/www.sitsesp.org.br\/novo\/wp-content\/uploads\/2020\/09\/Design-sem-nome-1.jpg\",\"contentUrl\":\"https:\/\/www.sitsesp.org.br\/novo\/wp-content\/uploads\/2020\/09\/Design-sem-nome-1.jpg\",\"width\":300,\"height\":300,\"caption\":\"Sitsesp\"},\"image\":{\"@id\":\"https:\/\/www.sitsesp.org.br\/novo\/#\/schema\/logo\/image\/\"}},{\"@type\":\"Person\",\"@id\":\"https:\/\/www.sitsesp.org.br\/novo\/#\/schema\/person\/0410b37c20ab60fd51a7b8ae5983f8de\",\"name\":\"2.8marcosaa\",\"image\":{\"@type\":\"ImageObject\",\"inLanguage\":\"pt-BR\",\"@id\":\"https:\/\/www.sitsesp.org.br\/novo\/#\/schema\/person\/image\/\",\"url\":\"https:\/\/secure.gravatar.com\/avatar\/0273db62f5a16721adcf1f80ba308e7b?s=96&d=mm&r=g\",\"contentUrl\":\"https:\/\/secure.gravatar.com\/avatar\/0273db62f5a16721adcf1f80ba308e7b?s=96&d=mm&r=g\",\"caption\":\"2.8marcosaa\"},\"sameAs\":[\"http:\/\/www.362k.com.br\"]}]}<\/script>\n<!-- \/ Yoast SEO plugin. -->","yoast_head_json":{"title":"SITSESP promove reuni\u00e3o conjunta dos Grupos de Trabalho da Enfermagem e Psicossocial com a Superintend\u00eancia de Sa\u00fade da Funda\u00e7\u00e3o CASA - SITSESP","robots":{"index":"index","follow":"follow","max-snippet":"max-snippet:-1","max-image-preview":"max-image-preview:large","max-video-preview":"max-video-preview:-1"},"canonical":"https:\/\/www.sitsesp.org.br\/novo\/sitsesp-promove-reuniao-conjunta-dos-grupos-de-trabalho-com-a-superintendencia-de-saude-da-fundacao-casa-para-discutir-melhorias-nas-condicoes-de-trabalho\/","og_locale":"pt_BR","og_type":"article","og_title":"SITSESP promove reuni\u00e3o conjunta dos Grupos de Trabalho da Enfermagem e Psicossocial com a Superintend\u00eancia de Sa\u00fade da Funda\u00e7\u00e3o CASA - SITSESP","og_description":"O SITSESP promoveu uma reuni\u00e3o conjunta dos Grupos de Trabalho (GT) da Enfermagem e Psicossocial com a Superintend\u00eancia de Sa\u00fade da&hellip;","og_url":"https:\/\/www.sitsesp.org.br\/novo\/sitsesp-promove-reuniao-conjunta-dos-grupos-de-trabalho-com-a-superintendencia-de-saude-da-fundacao-casa-para-discutir-melhorias-nas-condicoes-de-trabalho\/","og_site_name":"SITSESP","article_published_time":"2024-09-26T11:44:43+00:00","article_modified_time":"2024-09-26T12:07:11+00:00","og_image":[{"width":1280,"height":960,"url":"https:\/\/www.sitsesp.org.br\/novo\/wp-content\/uploads\/2024\/09\/WhatsApp-Image-2024-09-24-at-13.54.30.jpeg","type":"image\/jpeg"}],"author":"2.8marcosaa","twitter_card":"summary_large_image","twitter_misc":{"Escrito por":"2.8marcosaa","Est. tempo de leitura":"2 minutos"},"schema":{"@context":"https:\/\/schema.org","@graph":[{"@type":"Article","@id":"https:\/\/www.sitsesp.org.br\/novo\/sitsesp-promove-reuniao-conjunta-dos-grupos-de-trabalho-com-a-superintendencia-de-saude-da-fundacao-casa-para-discutir-melhorias-nas-condicoes-de-trabalho\/#article","isPartOf":{"@id":"https:\/\/www.sitsesp.org.br\/novo\/sitsesp-promove-reuniao-conjunta-dos-grupos-de-trabalho-com-a-superintendencia-de-saude-da-fundacao-casa-para-discutir-melhorias-nas-condicoes-de-trabalho\/"},"author":{"name":"2.8marcosaa","@id":"https:\/\/www.sitsesp.org.br\/novo\/#\/schema\/person\/0410b37c20ab60fd51a7b8ae5983f8de"},"headline":"SITSESP promove reuni\u00e3o conjunta dos Grupos de Trabalho da Enfermagem e Psicossocial com a Superintend\u00eancia de Sa\u00fade da Funda\u00e7\u00e3o CASA","datePublished":"2024-09-26T11:44:43+00:00","dateModified":"2024-09-26T12:07:11+00:00","mainEntityOfPage":{"@id":"https:\/\/www.sitsesp.org.br\/novo\/sitsesp-promove-reuniao-conjunta-dos-grupos-de-trabalho-com-a-superintendencia-de-saude-da-fundacao-casa-para-discutir-melhorias-nas-condicoes-de-trabalho\/"},"wordCount":340,"commentCount":0,"publisher":{"@id":"https:\/\/www.sitsesp.org.br\/novo\/#organization"},"image":{"@id":"https:\/\/www.sitsesp.org.br\/novo\/sitsesp-promove-reuniao-conjunta-dos-grupos-de-trabalho-com-a-superintendencia-de-saude-da-fundacao-casa-para-discutir-melhorias-nas-condicoes-de-trabalho\/#primaryimage"},"thumbnailUrl":"https:\/\/www.sitsesp.org.br\/novo\/wp-content\/uploads\/2024\/09\/WhatsApp-Image-2024-09-24-at-13.54.30.jpeg","articleSection":["Destaque"],"inLanguage":"pt-BR","potentialAction":[{"@type":"CommentAction","name":"Comment","target":["https:\/\/www.sitsesp.org.br\/novo\/sitsesp-promove-reuniao-conjunta-dos-grupos-de-trabalho-com-a-superintendencia-de-saude-da-fundacao-casa-para-discutir-melhorias-nas-condicoes-de-trabalho\/#respond"]}]},{"@type":"WebPage","@id":"https:\/\/www.sitsesp.org.br\/novo\/sitsesp-promove-reuniao-conjunta-dos-grupos-de-trabalho-com-a-superintendencia-de-saude-da-fundacao-casa-para-discutir-melhorias-nas-condicoes-de-trabalho\/","url":"https:\/\/www.sitsesp.org.br\/novo\/sitsesp-promove-reuniao-conjunta-dos-grupos-de-trabalho-com-a-superintendencia-de-saude-da-fundacao-casa-para-discutir-melhorias-nas-condicoes-de-trabalho\/","name":"SITSESP promove reuni\u00e3o conjunta dos Grupos de Trabalho da Enfermagem e Psicossocial com a Superintend\u00eancia de Sa\u00fade da Funda\u00e7\u00e3o CASA - SITSESP","isPartOf":{"@id":"https:\/\/www.sitsesp.org.br\/novo\/#website"},"primaryImageOfPage":{"@id":"https:\/\/www.sitsesp.org.br\/novo\/sitsesp-promove-reuniao-conjunta-dos-grupos-de-trabalho-com-a-superintendencia-de-saude-da-fundacao-casa-para-discutir-melhorias-nas-condicoes-de-trabalho\/#primaryimage"},"image":{"@id":"https:\/\/www.sitsesp.org.br\/novo\/sitsesp-promove-reuniao-conjunta-dos-grupos-de-trabalho-com-a-superintendencia-de-saude-da-fundacao-casa-para-discutir-melhorias-nas-condicoes-de-trabalho\/#primaryimage"},"thumbnailUrl":"https:\/\/www.sitsesp.org.br\/novo\/wp-content\/uploads\/2024\/09\/WhatsApp-Image-2024-09-24-at-13.54.30.jpeg","datePublished":"2024-09-26T11:44:43+00:00","dateModified":"2024-09-26T12:07:11+00:00","breadcrumb":{"@id":"https:\/\/www.sitsesp.org.br\/novo\/sitsesp-promove-reuniao-conjunta-dos-grupos-de-trabalho-com-a-superintendencia-de-saude-da-fundacao-casa-para-discutir-melhorias-nas-condicoes-de-trabalho\/#breadcrumb"},"inLanguage":"pt-BR","potentialAction":[{"@type":"ReadAction","target":["https:\/\/www.sitsesp.org.br\/novo\/sitsesp-promove-reuniao-conjunta-dos-grupos-de-trabalho-com-a-superintendencia-de-saude-da-fundacao-casa-para-discutir-melhorias-nas-condicoes-de-trabalho\/"]}]},{"@type":"ImageObject","inLanguage":"pt-BR","@id":"https:\/\/www.sitsesp.org.br\/novo\/sitsesp-promove-reuniao-conjunta-dos-grupos-de-trabalho-com-a-superintendencia-de-saude-da-fundacao-casa-para-discutir-melhorias-nas-condicoes-de-trabalho\/#primaryimage","url":"https:\/\/www.sitsesp.org.br\/novo\/wp-content\/uploads\/2024\/09\/WhatsApp-Image-2024-09-24-at-13.54.30.jpeg","contentUrl":"https:\/\/www.sitsesp.org.br\/novo\/wp-content\/uploads\/2024\/09\/WhatsApp-Image-2024-09-24-at-13.54.30.jpeg","width":1280,"height":960},{"@type":"BreadcrumbList","@id":"https:\/\/www.sitsesp.org.br\/novo\/sitsesp-promove-reuniao-conjunta-dos-grupos-de-trabalho-com-a-superintendencia-de-saude-da-fundacao-casa-para-discutir-melhorias-nas-condicoes-de-trabalho\/#breadcrumb","itemListElement":[{"@type":"ListItem","position":1,"name":"In\u00edcio","item":"https:\/\/www.sitsesp.org.br\/novo\/"},{"@type":"ListItem","position":2,"name":"SITSESP promove reuni\u00e3o conjunta dos Grupos de Trabalho da Enfermagem e Psicossocial com a Superintend\u00eancia de Sa\u00fade da Funda\u00e7\u00e3o CASA"}]},{"@type":"WebSite","@id":"https:\/\/www.sitsesp.org.br\/novo\/#website","url":"https:\/\/www.sitsesp.org.br\/novo\/","name":"Sitsesp","description":"SIndicato da Socioeduca\u00e7\u00e3o do Estado de S\u00e3o Paulo","publisher":{"@id":"https:\/\/www.sitsesp.org.br\/novo\/#organization"},"potentialAction":[{"@type":"SearchAction","target":{"@type":"EntryPoint","urlTemplate":"https:\/\/www.sitsesp.org.br\/novo\/?s={search_term_string}"},"query-input":"required name=search_term_string"}],"inLanguage":"pt-BR"},{"@type":"Organization","@id":"https:\/\/www.sitsesp.org.br\/novo\/#organization","name":"Sitsesp","url":"https:\/\/www.sitsesp.org.br\/novo\/","logo":{"@type":"ImageObject","inLanguage":"pt-BR","@id":"https:\/\/www.sitsesp.org.br\/novo\/#\/schema\/logo\/image\/","url":"https:\/\/www.sitsesp.org.br\/novo\/wp-content\/uploads\/2020\/09\/Design-sem-nome-1.jpg","contentUrl":"https:\/\/www.sitsesp.org.br\/novo\/wp-content\/uploads\/2020\/09\/Design-sem-nome-1.jpg","width":300,"height":300,"caption":"Sitsesp"},"image":{"@id":"https:\/\/www.sitsesp.org.br\/novo\/#\/schema\/logo\/image\/"}},{"@type":"Person","@id":"https:\/\/www.sitsesp.org.br\/novo\/#\/schema\/person\/0410b37c20ab60fd51a7b8ae5983f8de","name":"2.8marcosaa","image":{"@type":"ImageObject","inLanguage":"pt-BR","@id":"https:\/\/www.sitsesp.org.br\/novo\/#\/schema\/person\/image\/","url":"https:\/\/secure.gravatar.com\/avatar\/0273db62f5a16721adcf1f80ba308e7b?s=96&d=mm&r=g","contentUrl":"https:\/\/secure.gravatar.com\/avatar\/0273db62f5a16721adcf1f80ba308e7b?s=96&d=mm&r=g","caption":"2.8marcosaa"},"sameAs":["http:\/\/www.362k.com.br"]}]}},"_links":{"self":[{"href":"https:\/\/www.sitsesp.org.br\/novo\/wp-json\/wp\/v2\/posts\/15123"}],"collection":[{"href":"https:\/\/www.sitsesp.org.br\/novo\/wp-json\/wp\/v2\/posts"}],"about":[{"href":"https:\/\/www.sitsesp.org.br\/novo\/wp-json\/wp\/v2\/types\/post"}],"author":[{"embeddable":true,"href":"https:\/\/www.sitsesp.org.br\/novo\/wp-json\/wp\/v2\/users\/7"}],"replies":[{"embeddable":true,"href":"https:\/\/www.sitsesp.org.br\/novo\/wp-json\/wp\/v2\/comments?post=15123"}],"version-history":[{"count":4,"href":"https:\/\/www.sitsesp.org.br\/novo\/wp-json\/wp\/v2\/posts\/15123\/revisions"}],"predecessor-version":[{"id":15130,"href":"https:\/\/www.sitsesp.org.br\/novo\/wp-json\/wp\/v2\/posts\/15123\/revisions\/15130"}],"wp:featuredmedia":[{"embeddable":true,"href":"https:\/\/www.sitsesp.org.br\/novo\/wp-json\/wp\/v2\/media\/15126"}],"wp:attachment":[{"href":"https:\/\/www.sitsesp.org.br\/novo\/wp-json\/wp\/v2\/media?parent=15123"}],"wp:term":[{"taxonomy":"category","embeddable":true,"href":"https:\/\/www.sitsesp.org.br\/novo\/wp-json\/wp\/v2\/categories?post=15123"},{"taxonomy":"post_tag","embeddable":true,"href":"https:\/\/www.sitsesp.org.br\/novo\/wp-json\/wp\/v2\/tags?post=15123"}],"curies":[{"name":"wp","href":"https:\/\/api.w.org\/{rel}","templated":true}]}}