{"id":15148,"date":"2024-10-04T12:32:49","date_gmt":"2024-10-04T15:32:49","guid":{"rendered":"https:\/\/www.sitsesp.org.br\/novo\/?p=15148"},"modified":"2024-10-04T12:32:49","modified_gmt":"2024-10-04T15:32:49","slug":"sitsesp-destaca-desafios-e-homenageia-francisco-calixto-no-dia-do-agente-socioeducativo","status":"publish","type":"post","link":"https:\/\/www.sitsesp.org.br\/novo\/sitsesp-destaca-desafios-e-homenageia-francisco-calixto-no-dia-do-agente-socioeducativo\/","title":{"rendered":"SITSESP Destaca Desafios e Homenageia Francisco Calixto no Dia do Agente Socioeducativo"},"content":{"rendered":"<p><!-- VideographyWP Plugin Message: Automatic video embedding prevented by plugin options. --><\/p>\n<p class=\"selectable-text copyable-text x15bjb6t x1n2onr6\" dir=\"ltr\" style=\"text-align: justify;\"><span class=\"selectable-text copyable-text\">Neste 04 de outubro, Dia do Agente Socioeducativo, o\u00a0SITSESP,\u00a0 Sindicato da Socioedu\u00e7\u00e3o do Estado de S\u00e3o Paulo,\u00a0vem refor\u00e7ar a import\u00e2ncia desses profissionais e destacar os desafios enfrentados diariamente por essa categoria. O SITSESP ressalta que os agentes socioeducativos desempenham um papel essencial na ressocializa\u00e7\u00e3o de jovens, mas que, muitas vezes, seu trabalho n\u00e3o recebe o devido reconhecimento e suporte.<\/span><\/p>\n<p class=\"selectable-text copyable-text x15bjb6t x1n2onr6\" dir=\"ltr\" style=\"text-align: justify;\"><span class=\"selectable-text copyable-text\">O sindicato destaca a necessidade urgente de melhores condi\u00e7\u00f5es de trabalho, mencionando quest\u00f5es como o risco constante de viol\u00eancia a que os profissionais est\u00e3o expostos. Al\u00e9m disso, apontou que a categoria sofre com sal\u00e1rios defasados, falta de treinamentos adequados e escassez de apoio psicol\u00f3gico para lidar com a complexidade do trabalho.<\/span><\/p>\n<p class=\"selectable-text copyable-text x15bjb6t x1n2onr6\" dir=\"ltr\" style=\"text-align: justify;\"><span class=\"selectable-text copyable-text\">A entidade sindical tamb\u00e9m fez um apelo ao governo e \u00e0 sociedade para valorizarem mais o trabalho dos agentes socioeducativos, que est\u00e3o na linha de frente, n\u00e3o apenas garantindo a seguran\u00e7a dentro das unidades, mas tamb\u00e9m sendo agentes de transforma\u00e7\u00e3o na vida dos jovens em conflito com a lei. O sindicato enfatiza que \u00e9 preciso haver pol\u00edticas p\u00fablicas mais robustas que garantam n\u00e3o s\u00f3 o reconhecimento salarial, mas tamb\u00e9m o respeito \u00e0 integridade f\u00edsica e emocional desses profissionais.<\/span><\/p>\n<p class=\"selectable-text copyable-text x15bjb6t x1n2onr6\" dir=\"ltr\" style=\"text-align: justify;\"><span class=\"selectable-text copyable-text\">&#8220;\u00c9 um trabalho desafiador, mas essencial para a constru\u00e7\u00e3o de uma sociedade mais justa.\u00a0 Sem condi\u00e7\u00f5es adequadas de trabalho, os agentes socioeducativos t\u00eam dificuldade de exercer plenamente seu papel, comprometendo a ressocializa\u00e7\u00e3o dos adolescentes e, consequentemente, a seguran\u00e7a p\u00fablica&#8221;, disse Neemias de Souza, presidente do SITSESP<\/span><\/p>\n<p class=\"selectable-text copyable-text x15bjb6t x1n2onr6\" dir=\"ltr\" style=\"text-align: justify;\"><span class=\"selectable-text copyable-text\">A data deve servir n\u00e3o apenas como um momento de celebra\u00e7\u00e3o, mas tamb\u00e9m de reflex\u00e3o sobre os avan\u00e7os necess\u00e1rios para que os agentes socioeducativos tenham mais dignidade e valoriza\u00e7\u00e3o.\u00a0<\/span><\/p>\n<p class=\"selectable-text copyable-text x15bjb6t x1n2onr6\" dir=\"ltr\" style=\"text-align: justify;\"><span class=\"selectable-text copyable-text\">Nesta mesma data, o agente socioeducativo Francisco Carlos Calixto foi brutalmente assassinado durante uma rebeli\u00e3o na Funda\u00e7\u00e3o Casa de Mar\u00edlia, ocorrida no dia 4 de outubro de 2016. Calixto, que estava completando 51 anos no dia de sua morte, foi atacado por adolescentes que faziam parte de um motim. Ele foi ferido mortalmente com um cabo de vassoura na garganta, enquanto outros cinco agentes ficaram feridos. A rebeli\u00e3o, que durou cerca de duas horas, resultou tamb\u00e9m na fuga de 18 adolescentes.<\/span><\/p>\n<p class=\"selectable-text copyable-text x15bjb6t x1n2onr6\" dir=\"ltr\" style=\"text-align: justify;\"><span class=\"selectable-text copyable-text\">O presidente Neemias de Souza, juntamente com a vice-presidente Aline Alonso e a diretora Isabel, est\u00e3o em Mar\u00edlia para refor\u00e7ar a importante data em mem\u00f3ria do saudoso Francisco.<\/span><\/p>\n<p class=\"selectable-text copyable-text x15bjb6t x1n2onr6\" dir=\"ltr\" style=\"text-align: justify;\"><span class=\"selectable-text copyable-text\">O sindicato tem intensificado as lutas por melhores condi\u00e7\u00f5es de trabalho e pol\u00edticas que promovam a valoriza\u00e7\u00e3o da categoria, buscando abrir di\u00e1logo com o poder p\u00fablico e demais atores da sociedade para garantir o fortalecimento do sistema socioeducativo. <\/span><span class=\"selectable-text copyable-text\">Tamb\u00e9m refor\u00e7a a import\u00e2ncia de a\u00e7\u00f5es conjuntas entre os profissionais e a sociedade para que o sistema socioeducativo brasileiro possa cumprir seu papel de ressocializar os adolescentes de maneira efetiva, oferecendo-lhes a oportunidade de uma nova perspectiva de vida.<\/span><\/p>\n","protected":false},"excerpt":{"rendered":"<p>Neste 04 de outubro, Dia do Agente Socioeducativo, o\u00a0SITSESP,\u00a0 Sindicato da Socioedu\u00e7\u00e3o do Estado de S\u00e3o Paulo,\u00a0vem refor\u00e7ar a import\u00e2ncia desses&hellip;<\/p>\n","protected":false},"author":7,"featured_media":15149,"comment_status":"open","ping_status":"open","sticky":false,"template":"","format":"standard","meta":{"cybocfi_hide_featured_image":"","footnotes":""},"categories":[27],"tags":[],"yoast_head":"<!-- This site is optimized with the Yoast SEO plugin v22.8 - https:\/\/yoast.com\/wordpress\/plugins\/seo\/ -->\n<title>SITSESP Destaca Desafios e Homenageia Francisco Calixto no Dia do Agente Socioeducativo - SITSESP<\/title>\n<meta name=\"robots\" content=\"index, follow, max-snippet:-1, max-image-preview:large, max-video-preview:-1\" \/>\n<link rel=\"canonical\" href=\"https:\/\/www.sitsesp.org.br\/novo\/sitsesp-destaca-desafios-e-homenageia-francisco-calixto-no-dia-do-agente-socioeducativo\/\" \/>\n<meta property=\"og:locale\" content=\"pt_BR\" \/>\n<meta property=\"og:type\" content=\"article\" \/>\n<meta property=\"og:title\" content=\"SITSESP Destaca Desafios e Homenageia Francisco Calixto no Dia do Agente Socioeducativo - SITSESP\" \/>\n<meta property=\"og:description\" content=\"Neste 04 de outubro, Dia do Agente Socioeducativo, o\u00a0SITSESP,\u00a0 Sindicato da Socioedu\u00e7\u00e3o do Estado de S\u00e3o Paulo,\u00a0vem refor\u00e7ar a import\u00e2ncia desses&hellip;\" \/>\n<meta property=\"og:url\" content=\"https:\/\/www.sitsesp.org.br\/novo\/sitsesp-destaca-desafios-e-homenageia-francisco-calixto-no-dia-do-agente-socioeducativo\/\" \/>\n<meta property=\"og:site_name\" content=\"SITSESP\" \/>\n<meta property=\"article:published_time\" content=\"2024-10-04T15:32:49+00:00\" \/>\n<meta property=\"og:image\" content=\"https:\/\/www.sitsesp.org.br\/novo\/wp-content\/uploads\/2024\/10\/WhatsApp-Image-2024-10-04-at-12.18.57.jpeg\" \/>\n\t<meta property=\"og:image:width\" content=\"720\" \/>\n\t<meta property=\"og:image:height\" content=\"789\" \/>\n\t<meta property=\"og:image:type\" content=\"image\/jpeg\" \/>\n<meta name=\"author\" content=\"2.8marcosaa\" \/>\n<meta name=\"twitter:card\" content=\"summary_large_image\" \/>\n<meta name=\"twitter:label1\" content=\"Escrito por\" \/>\n\t<meta name=\"twitter:data1\" content=\"2.8marcosaa\" \/>\n\t<meta name=\"twitter:label2\" content=\"Est. tempo de leitura\" \/>\n\t<meta name=\"twitter:data2\" content=\"3 minutos\" \/>\n<script type=\"application\/ld+json\" class=\"yoast-schema-graph\">{\"@context\":\"https:\/\/schema.org\",\"@graph\":[{\"@type\":\"Article\",\"@id\":\"https:\/\/www.sitsesp.org.br\/novo\/sitsesp-destaca-desafios-e-homenageia-francisco-calixto-no-dia-do-agente-socioeducativo\/#article\",\"isPartOf\":{\"@id\":\"https:\/\/www.sitsesp.org.br\/novo\/sitsesp-destaca-desafios-e-homenageia-francisco-calixto-no-dia-do-agente-socioeducativo\/\"},\"author\":{\"name\":\"2.8marcosaa\",\"@id\":\"https:\/\/www.sitsesp.org.br\/novo\/#\/schema\/person\/0410b37c20ab60fd51a7b8ae5983f8de\"},\"headline\":\"SITSESP Destaca Desafios e Homenageia Francisco Calixto no Dia do Agente Socioeducativo\",\"datePublished\":\"2024-10-04T15:32:49+00:00\",\"dateModified\":\"2024-10-04T15:32:49+00:00\",\"mainEntityOfPage\":{\"@id\":\"https:\/\/www.sitsesp.org.br\/novo\/sitsesp-destaca-desafios-e-homenageia-francisco-calixto-no-dia-do-agente-socioeducativo\/\"},\"wordCount\":509,\"commentCount\":0,\"publisher\":{\"@id\":\"https:\/\/www.sitsesp.org.br\/novo\/#organization\"},\"image\":{\"@id\":\"https:\/\/www.sitsesp.org.br\/novo\/sitsesp-destaca-desafios-e-homenageia-francisco-calixto-no-dia-do-agente-socioeducativo\/#primaryimage\"},\"thumbnailUrl\":\"https:\/\/www.sitsesp.org.br\/novo\/wp-content\/uploads\/2024\/10\/WhatsApp-Image-2024-10-04-at-12.18.57.jpeg\",\"articleSection\":[\"Destaque\"],\"inLanguage\":\"pt-BR\",\"potentialAction\":[{\"@type\":\"CommentAction\",\"name\":\"Comment\",\"target\":[\"https:\/\/www.sitsesp.org.br\/novo\/sitsesp-destaca-desafios-e-homenageia-francisco-calixto-no-dia-do-agente-socioeducativo\/#respond\"]}]},{\"@type\":\"WebPage\",\"@id\":\"https:\/\/www.sitsesp.org.br\/novo\/sitsesp-destaca-desafios-e-homenageia-francisco-calixto-no-dia-do-agente-socioeducativo\/\",\"url\":\"https:\/\/www.sitsesp.org.br\/novo\/sitsesp-destaca-desafios-e-homenageia-francisco-calixto-no-dia-do-agente-socioeducativo\/\",\"name\":\"SITSESP Destaca Desafios e Homenageia Francisco Calixto no Dia do Agente Socioeducativo - SITSESP\",\"isPartOf\":{\"@id\":\"https:\/\/www.sitsesp.org.br\/novo\/#website\"},\"primaryImageOfPage\":{\"@id\":\"https:\/\/www.sitsesp.org.br\/novo\/sitsesp-destaca-desafios-e-homenageia-francisco-calixto-no-dia-do-agente-socioeducativo\/#primaryimage\"},\"image\":{\"@id\":\"https:\/\/www.sitsesp.org.br\/novo\/sitsesp-destaca-desafios-e-homenageia-francisco-calixto-no-dia-do-agente-socioeducativo\/#primaryimage\"},\"thumbnailUrl\":\"https:\/\/www.sitsesp.org.br\/novo\/wp-content\/uploads\/2024\/10\/WhatsApp-Image-2024-10-04-at-12.18.57.jpeg\",\"datePublished\":\"2024-10-04T15:32:49+00:00\",\"dateModified\":\"2024-10-04T15:32:49+00:00\",\"breadcrumb\":{\"@id\":\"https:\/\/www.sitsesp.org.br\/novo\/sitsesp-destaca-desafios-e-homenageia-francisco-calixto-no-dia-do-agente-socioeducativo\/#breadcrumb\"},\"inLanguage\":\"pt-BR\",\"potentialAction\":[{\"@type\":\"ReadAction\",\"target\":[\"https:\/\/www.sitsesp.org.br\/novo\/sitsesp-destaca-desafios-e-homenageia-francisco-calixto-no-dia-do-agente-socioeducativo\/\"]}]},{\"@type\":\"ImageObject\",\"inLanguage\":\"pt-BR\",\"@id\":\"https:\/\/www.sitsesp.org.br\/novo\/sitsesp-destaca-desafios-e-homenageia-francisco-calixto-no-dia-do-agente-socioeducativo\/#primaryimage\",\"url\":\"https:\/\/www.sitsesp.org.br\/novo\/wp-content\/uploads\/2024\/10\/WhatsApp-Image-2024-10-04-at-12.18.57.jpeg\",\"contentUrl\":\"https:\/\/www.sitsesp.org.br\/novo\/wp-content\/uploads\/2024\/10\/WhatsApp-Image-2024-10-04-at-12.18.57.jpeg\",\"width\":720,\"height\":789},{\"@type\":\"BreadcrumbList\",\"@id\":\"https:\/\/www.sitsesp.org.br\/novo\/sitsesp-destaca-desafios-e-homenageia-francisco-calixto-no-dia-do-agente-socioeducativo\/#breadcrumb\",\"itemListElement\":[{\"@type\":\"ListItem\",\"position\":1,\"name\":\"In\u00edcio\",\"item\":\"https:\/\/www.sitsesp.org.br\/novo\/\"},{\"@type\":\"ListItem\",\"position\":2,\"name\":\"SITSESP Destaca Desafios e Homenageia Francisco Calixto no Dia do Agente Socioeducativo\"}]},{\"@type\":\"WebSite\",\"@id\":\"https:\/\/www.sitsesp.org.br\/novo\/#website\",\"url\":\"https:\/\/www.sitsesp.org.br\/novo\/\",\"name\":\"Sitsesp\",\"description\":\"SIndicato da Socioeduca\u00e7\u00e3o do Estado de S\u00e3o Paulo\",\"publisher\":{\"@id\":\"https:\/\/www.sitsesp.org.br\/novo\/#organization\"},\"potentialAction\":[{\"@type\":\"SearchAction\",\"target\":{\"@type\":\"EntryPoint\",\"urlTemplate\":\"https:\/\/www.sitsesp.org.br\/novo\/?s={search_term_string}\"},\"query-input\":\"required name=search_term_string\"}],\"inLanguage\":\"pt-BR\"},{\"@type\":\"Organization\",\"@id\":\"https:\/\/www.sitsesp.org.br\/novo\/#organization\",\"name\":\"Sitsesp\",\"url\":\"https:\/\/www.sitsesp.org.br\/novo\/\",\"logo\":{\"@type\":\"ImageObject\",\"inLanguage\":\"pt-BR\",\"@id\":\"https:\/\/www.sitsesp.org.br\/novo\/#\/schema\/logo\/image\/\",\"url\":\"https:\/\/www.sitsesp.org.br\/novo\/wp-content\/uploads\/2020\/09\/Design-sem-nome-1.jpg\",\"contentUrl\":\"https:\/\/www.sitsesp.org.br\/novo\/wp-content\/uploads\/2020\/09\/Design-sem-nome-1.jpg\",\"width\":300,\"height\":300,\"caption\":\"Sitsesp\"},\"image\":{\"@id\":\"https:\/\/www.sitsesp.org.br\/novo\/#\/schema\/logo\/image\/\"}},{\"@type\":\"Person\",\"@id\":\"https:\/\/www.sitsesp.org.br\/novo\/#\/schema\/person\/0410b37c20ab60fd51a7b8ae5983f8de\",\"name\":\"2.8marcosaa\",\"image\":{\"@type\":\"ImageObject\",\"inLanguage\":\"pt-BR\",\"@id\":\"https:\/\/www.sitsesp.org.br\/novo\/#\/schema\/person\/image\/\",\"url\":\"https:\/\/secure.gravatar.com\/avatar\/0273db62f5a16721adcf1f80ba308e7b?s=96&d=mm&r=g\",\"contentUrl\":\"https:\/\/secure.gravatar.com\/avatar\/0273db62f5a16721adcf1f80ba308e7b?s=96&d=mm&r=g\",\"caption\":\"2.8marcosaa\"},\"sameAs\":[\"http:\/\/www.362k.com.br\"]}]}<\/script>\n<!-- \/ Yoast SEO plugin. -->","yoast_head_json":{"title":"SITSESP Destaca Desafios e Homenageia Francisco Calixto no Dia do Agente Socioeducativo - SITSESP","robots":{"index":"index","follow":"follow","max-snippet":"max-snippet:-1","max-image-preview":"max-image-preview:large","max-video-preview":"max-video-preview:-1"},"canonical":"https:\/\/www.sitsesp.org.br\/novo\/sitsesp-destaca-desafios-e-homenageia-francisco-calixto-no-dia-do-agente-socioeducativo\/","og_locale":"pt_BR","og_type":"article","og_title":"SITSESP Destaca Desafios e Homenageia Francisco Calixto no Dia do Agente Socioeducativo - SITSESP","og_description":"Neste 04 de outubro, Dia do Agente Socioeducativo, o\u00a0SITSESP,\u00a0 Sindicato da Socioedu\u00e7\u00e3o do Estado de S\u00e3o Paulo,\u00a0vem refor\u00e7ar a import\u00e2ncia desses&hellip;","og_url":"https:\/\/www.sitsesp.org.br\/novo\/sitsesp-destaca-desafios-e-homenageia-francisco-calixto-no-dia-do-agente-socioeducativo\/","og_site_name":"SITSESP","article_published_time":"2024-10-04T15:32:49+00:00","og_image":[{"width":720,"height":789,"url":"https:\/\/www.sitsesp.org.br\/novo\/wp-content\/uploads\/2024\/10\/WhatsApp-Image-2024-10-04-at-12.18.57.jpeg","type":"image\/jpeg"}],"author":"2.8marcosaa","twitter_card":"summary_large_image","twitter_misc":{"Escrito por":"2.8marcosaa","Est. tempo de leitura":"3 minutos"},"schema":{"@context":"https:\/\/schema.org","@graph":[{"@type":"Article","@id":"https:\/\/www.sitsesp.org.br\/novo\/sitsesp-destaca-desafios-e-homenageia-francisco-calixto-no-dia-do-agente-socioeducativo\/#article","isPartOf":{"@id":"https:\/\/www.sitsesp.org.br\/novo\/sitsesp-destaca-desafios-e-homenageia-francisco-calixto-no-dia-do-agente-socioeducativo\/"},"author":{"name":"2.8marcosaa","@id":"https:\/\/www.sitsesp.org.br\/novo\/#\/schema\/person\/0410b37c20ab60fd51a7b8ae5983f8de"},"headline":"SITSESP Destaca Desafios e Homenageia Francisco Calixto no Dia do Agente Socioeducativo","datePublished":"2024-10-04T15:32:49+00:00","dateModified":"2024-10-04T15:32:49+00:00","mainEntityOfPage":{"@id":"https:\/\/www.sitsesp.org.br\/novo\/sitsesp-destaca-desafios-e-homenageia-francisco-calixto-no-dia-do-agente-socioeducativo\/"},"wordCount":509,"commentCount":0,"publisher":{"@id":"https:\/\/www.sitsesp.org.br\/novo\/#organization"},"image":{"@id":"https:\/\/www.sitsesp.org.br\/novo\/sitsesp-destaca-desafios-e-homenageia-francisco-calixto-no-dia-do-agente-socioeducativo\/#primaryimage"},"thumbnailUrl":"https:\/\/www.sitsesp.org.br\/novo\/wp-content\/uploads\/2024\/10\/WhatsApp-Image-2024-10-04-at-12.18.57.jpeg","articleSection":["Destaque"],"inLanguage":"pt-BR","potentialAction":[{"@type":"CommentAction","name":"Comment","target":["https:\/\/www.sitsesp.org.br\/novo\/sitsesp-destaca-desafios-e-homenageia-francisco-calixto-no-dia-do-agente-socioeducativo\/#respond"]}]},{"@type":"WebPage","@id":"https:\/\/www.sitsesp.org.br\/novo\/sitsesp-destaca-desafios-e-homenageia-francisco-calixto-no-dia-do-agente-socioeducativo\/","url":"https:\/\/www.sitsesp.org.br\/novo\/sitsesp-destaca-desafios-e-homenageia-francisco-calixto-no-dia-do-agente-socioeducativo\/","name":"SITSESP Destaca Desafios e Homenageia Francisco Calixto no Dia do Agente Socioeducativo - SITSESP","isPartOf":{"@id":"https:\/\/www.sitsesp.org.br\/novo\/#website"},"primaryImageOfPage":{"@id":"https:\/\/www.sitsesp.org.br\/novo\/sitsesp-destaca-desafios-e-homenageia-francisco-calixto-no-dia-do-agente-socioeducativo\/#primaryimage"},"image":{"@id":"https:\/\/www.sitsesp.org.br\/novo\/sitsesp-destaca-desafios-e-homenageia-francisco-calixto-no-dia-do-agente-socioeducativo\/#primaryimage"},"thumbnailUrl":"https:\/\/www.sitsesp.org.br\/novo\/wp-content\/uploads\/2024\/10\/WhatsApp-Image-2024-10-04-at-12.18.57.jpeg","datePublished":"2024-10-04T15:32:49+00:00","dateModified":"2024-10-04T15:32:49+00:00","breadcrumb":{"@id":"https:\/\/www.sitsesp.org.br\/novo\/sitsesp-destaca-desafios-e-homenageia-francisco-calixto-no-dia-do-agente-socioeducativo\/#breadcrumb"},"inLanguage":"pt-BR","potentialAction":[{"@type":"ReadAction","target":["https:\/\/www.sitsesp.org.br\/novo\/sitsesp-destaca-desafios-e-homenageia-francisco-calixto-no-dia-do-agente-socioeducativo\/"]}]},{"@type":"ImageObject","inLanguage":"pt-BR","@id":"https:\/\/www.sitsesp.org.br\/novo\/sitsesp-destaca-desafios-e-homenageia-francisco-calixto-no-dia-do-agente-socioeducativo\/#primaryimage","url":"https:\/\/www.sitsesp.org.br\/novo\/wp-content\/uploads\/2024\/10\/WhatsApp-Image-2024-10-04-at-12.18.57.jpeg","contentUrl":"https:\/\/www.sitsesp.org.br\/novo\/wp-content\/uploads\/2024\/10\/WhatsApp-Image-2024-10-04-at-12.18.57.jpeg","width":720,"height":789},{"@type":"BreadcrumbList","@id":"https:\/\/www.sitsesp.org.br\/novo\/sitsesp-destaca-desafios-e-homenageia-francisco-calixto-no-dia-do-agente-socioeducativo\/#breadcrumb","itemListElement":[{"@type":"ListItem","position":1,"name":"In\u00edcio","item":"https:\/\/www.sitsesp.org.br\/novo\/"},{"@type":"ListItem","position":2,"name":"SITSESP Destaca Desafios e Homenageia Francisco Calixto no Dia do Agente Socioeducativo"}]},{"@type":"WebSite","@id":"https:\/\/www.sitsesp.org.br\/novo\/#website","url":"https:\/\/www.sitsesp.org.br\/novo\/","name":"Sitsesp","description":"SIndicato da Socioeduca\u00e7\u00e3o do Estado de S\u00e3o Paulo","publisher":{"@id":"https:\/\/www.sitsesp.org.br\/novo\/#organization"},"potentialAction":[{"@type":"SearchAction","target":{"@type":"EntryPoint","urlTemplate":"https:\/\/www.sitsesp.org.br\/novo\/?s={search_term_string}"},"query-input":"required name=search_term_string"}],"inLanguage":"pt-BR"},{"@type":"Organization","@id":"https:\/\/www.sitsesp.org.br\/novo\/#organization","name":"Sitsesp","url":"https:\/\/www.sitsesp.org.br\/novo\/","logo":{"@type":"ImageObject","inLanguage":"pt-BR","@id":"https:\/\/www.sitsesp.org.br\/novo\/#\/schema\/logo\/image\/","url":"https:\/\/www.sitsesp.org.br\/novo\/wp-content\/uploads\/2020\/09\/Design-sem-nome-1.jpg","contentUrl":"https:\/\/www.sitsesp.org.br\/novo\/wp-content\/uploads\/2020\/09\/Design-sem-nome-1.jpg","width":300,"height":300,"caption":"Sitsesp"},"image":{"@id":"https:\/\/www.sitsesp.org.br\/novo\/#\/schema\/logo\/image\/"}},{"@type":"Person","@id":"https:\/\/www.sitsesp.org.br\/novo\/#\/schema\/person\/0410b37c20ab60fd51a7b8ae5983f8de","name":"2.8marcosaa","image":{"@type":"ImageObject","inLanguage":"pt-BR","@id":"https:\/\/www.sitsesp.org.br\/novo\/#\/schema\/person\/image\/","url":"https:\/\/secure.gravatar.com\/avatar\/0273db62f5a16721adcf1f80ba308e7b?s=96&d=mm&r=g","contentUrl":"https:\/\/secure.gravatar.com\/avatar\/0273db62f5a16721adcf1f80ba308e7b?s=96&d=mm&r=g","caption":"2.8marcosaa"},"sameAs":["http:\/\/www.362k.com.br"]}]}},"_links":{"self":[{"href":"https:\/\/www.sitsesp.org.br\/novo\/wp-json\/wp\/v2\/posts\/15148"}],"collection":[{"href":"https:\/\/www.sitsesp.org.br\/novo\/wp-json\/wp\/v2\/posts"}],"about":[{"href":"https:\/\/www.sitsesp.org.br\/novo\/wp-json\/wp\/v2\/types\/post"}],"author":[{"embeddable":true,"href":"https:\/\/www.sitsesp.org.br\/novo\/wp-json\/wp\/v2\/users\/7"}],"replies":[{"embeddable":true,"href":"https:\/\/www.sitsesp.org.br\/novo\/wp-json\/wp\/v2\/comments?post=15148"}],"version-history":[{"count":1,"href":"https:\/\/www.sitsesp.org.br\/novo\/wp-json\/wp\/v2\/posts\/15148\/revisions"}],"predecessor-version":[{"id":15151,"href":"https:\/\/www.sitsesp.org.br\/novo\/wp-json\/wp\/v2\/posts\/15148\/revisions\/15151"}],"wp:featuredmedia":[{"embeddable":true,"href":"https:\/\/www.sitsesp.org.br\/novo\/wp-json\/wp\/v2\/media\/15149"}],"wp:attachment":[{"href":"https:\/\/www.sitsesp.org.br\/novo\/wp-json\/wp\/v2\/media?parent=15148"}],"wp:term":[{"taxonomy":"category","embeddable":true,"href":"https:\/\/www.sitsesp.org.br\/novo\/wp-json\/wp\/v2\/categories?post=15148"},{"taxonomy":"post_tag","embeddable":true,"href":"https:\/\/www.sitsesp.org.br\/novo\/wp-json\/wp\/v2\/tags?post=15148"}],"curies":[{"name":"wp","href":"https:\/\/api.w.org\/{rel}","templated":true}]}}