{"id":15162,"date":"2024-10-08T12:03:39","date_gmt":"2024-10-08T15:03:39","guid":{"rendered":"https:\/\/www.sitsesp.org.br\/novo\/?p=15162"},"modified":"2024-10-08T15:10:37","modified_gmt":"2024-10-08T18:10:37","slug":"sitsesp-promove-atendimento-oftalmologico-aos-servidores-do-complexo-franco-da-rocha","status":"publish","type":"post","link":"https:\/\/www.sitsesp.org.br\/novo\/sitsesp-promove-atendimento-oftalmologico-aos-servidores-do-complexo-franco-da-rocha\/","title":{"rendered":"SITSESP Promove Atendimento Oftalmol\u00f3gico aos Servidores do Complexo Franco da Rocha"},"content":{"rendered":"<p><!-- VideographyWP Plugin Message: Automatic video embedding prevented by plugin options. --><\/p>\n<p style=\"text-align: justify;\">O SITSESP deu in\u00edcio, na manh\u00e3 de hoje, 8 de outubro, a uma importante a\u00e7\u00e3o de cuidado com a sa\u00fade dos servidores da Funda\u00e7\u00e3o CASA, oferecendo atendimento oftalmol\u00f3gico gratuito.<\/p>\n<p style=\"text-align: justify;\">A iniciativa, realizada em parceria com a empresa Center Vision, j\u00e1 come\u00e7ou com grande ades\u00e3o, com um n\u00famero expressivo de servidores atendidos logo nas primeiras horas.<\/p>\n<p style=\"text-align: justify;\">O projeto tem como objetivo atender servidores de todas as unidades da Funda\u00e7\u00e3o CASA no Estado de S\u00e3o Paulo, garantindo que trabalhadores de todas as regi\u00f5es recebam cuidados visuais de qualidade.<\/p>\n<p style=\"text-align: justify;\">O atendimento inclui consultas e exames oftalmol\u00f3gicos completos, oferecendo um diagn\u00f3stico preciso e orienta\u00e7\u00f5es para tratamentos, se necess\u00e1rio, tudo sem qualquer custo.<\/p>\n<p style=\"text-align: justify;\">A a\u00e7\u00e3o, que teve in\u00edcio hoje, continuar\u00e1 nos dias 9 e 10 de outubro, com o acompanhamento pr\u00f3ximo dos diretores do SITSESP, Fabiano e Isabel, que est\u00e3o monitorando de perto o andamento desta iniciativa.<\/p>\n<p style=\"text-align: justify;\">Em breve, divulgaremos a nova agenda de atendimento.<\/p>\n<p style=\"text-align: justify;\">Com esta parceria, o Sindicato reafirma seu compromisso com a sa\u00fade e o bem-estar dos servidores.<\/p>\n","protected":false},"excerpt":{"rendered":"<p>O SITSESP deu in\u00edcio, na manh\u00e3 de hoje, 8 de outubro, a uma importante a\u00e7\u00e3o de cuidado com a sa\u00fade dos&hellip;<\/p>\n","protected":false},"author":7,"featured_media":15163,"comment_status":"open","ping_status":"open","sticky":false,"template":"","format":"standard","meta":{"cybocfi_hide_featured_image":"","footnotes":""},"categories":[27],"tags":[],"yoast_head":"<!-- This site is optimized with the Yoast SEO plugin v22.8 - https:\/\/yoast.com\/wordpress\/plugins\/seo\/ -->\n<title>SITSESP Promove Atendimento Oftalmol\u00f3gico aos Servidores do Complexo Franco da Rocha - SITSESP<\/title>\n<meta name=\"robots\" content=\"index, follow, max-snippet:-1, max-image-preview:large, max-video-preview:-1\" \/>\n<link rel=\"canonical\" href=\"https:\/\/www.sitsesp.org.br\/novo\/sitsesp-promove-atendimento-oftalmologico-aos-servidores-do-complexo-franco-da-rocha\/\" \/>\n<meta property=\"og:locale\" content=\"pt_BR\" \/>\n<meta property=\"og:type\" content=\"article\" \/>\n<meta property=\"og:title\" content=\"SITSESP Promove Atendimento Oftalmol\u00f3gico aos Servidores do Complexo Franco da Rocha - SITSESP\" \/>\n<meta property=\"og:description\" content=\"O SITSESP deu in\u00edcio, na manh\u00e3 de hoje, 8 de outubro, a uma importante a\u00e7\u00e3o de cuidado com a sa\u00fade dos&hellip;\" \/>\n<meta property=\"og:url\" content=\"https:\/\/www.sitsesp.org.br\/novo\/sitsesp-promove-atendimento-oftalmologico-aos-servidores-do-complexo-franco-da-rocha\/\" \/>\n<meta property=\"og:site_name\" content=\"SITSESP\" \/>\n<meta property=\"article:published_time\" content=\"2024-10-08T15:03:39+00:00\" \/>\n<meta property=\"article:modified_time\" content=\"2024-10-08T18:10:37+00:00\" \/>\n<meta property=\"og:image\" content=\"https:\/\/www.sitsesp.org.br\/novo\/wp-content\/uploads\/2024\/10\/WhatsApp-Image-2024-10-08-at-10.59.58.jpeg\" \/>\n\t<meta property=\"og:image:width\" content=\"1599\" \/>\n\t<meta property=\"og:image:height\" content=\"899\" \/>\n\t<meta property=\"og:image:type\" content=\"image\/jpeg\" \/>\n<meta name=\"author\" content=\"2.8marcosaa\" \/>\n<meta name=\"twitter:card\" content=\"summary_large_image\" \/>\n<meta name=\"twitter:label1\" content=\"Escrito por\" \/>\n\t<meta name=\"twitter:data1\" content=\"2.8marcosaa\" \/>\n\t<meta name=\"twitter:label2\" content=\"Est. tempo de leitura\" \/>\n\t<meta name=\"twitter:data2\" content=\"2 minutos\" \/>\n<script type=\"application\/ld+json\" class=\"yoast-schema-graph\">{\"@context\":\"https:\/\/schema.org\",\"@graph\":[{\"@type\":\"Article\",\"@id\":\"https:\/\/www.sitsesp.org.br\/novo\/sitsesp-promove-atendimento-oftalmologico-aos-servidores-do-complexo-franco-da-rocha\/#article\",\"isPartOf\":{\"@id\":\"https:\/\/www.sitsesp.org.br\/novo\/sitsesp-promove-atendimento-oftalmologico-aos-servidores-do-complexo-franco-da-rocha\/\"},\"author\":{\"name\":\"2.8marcosaa\",\"@id\":\"https:\/\/www.sitsesp.org.br\/novo\/#\/schema\/person\/0410b37c20ab60fd51a7b8ae5983f8de\"},\"headline\":\"SITSESP Promove Atendimento Oftalmol\u00f3gico aos Servidores do Complexo Franco da Rocha\",\"datePublished\":\"2024-10-08T15:03:39+00:00\",\"dateModified\":\"2024-10-08T18:10:37+00:00\",\"mainEntityOfPage\":{\"@id\":\"https:\/\/www.sitsesp.org.br\/novo\/sitsesp-promove-atendimento-oftalmologico-aos-servidores-do-complexo-franco-da-rocha\/\"},\"wordCount\":195,\"commentCount\":0,\"publisher\":{\"@id\":\"https:\/\/www.sitsesp.org.br\/novo\/#organization\"},\"image\":{\"@id\":\"https:\/\/www.sitsesp.org.br\/novo\/sitsesp-promove-atendimento-oftalmologico-aos-servidores-do-complexo-franco-da-rocha\/#primaryimage\"},\"thumbnailUrl\":\"https:\/\/www.sitsesp.org.br\/novo\/wp-content\/uploads\/2024\/10\/WhatsApp-Image-2024-10-08-at-10.59.58.jpeg\",\"articleSection\":[\"Destaque\"],\"inLanguage\":\"pt-BR\",\"potentialAction\":[{\"@type\":\"CommentAction\",\"name\":\"Comment\",\"target\":[\"https:\/\/www.sitsesp.org.br\/novo\/sitsesp-promove-atendimento-oftalmologico-aos-servidores-do-complexo-franco-da-rocha\/#respond\"]}]},{\"@type\":\"WebPage\",\"@id\":\"https:\/\/www.sitsesp.org.br\/novo\/sitsesp-promove-atendimento-oftalmologico-aos-servidores-do-complexo-franco-da-rocha\/\",\"url\":\"https:\/\/www.sitsesp.org.br\/novo\/sitsesp-promove-atendimento-oftalmologico-aos-servidores-do-complexo-franco-da-rocha\/\",\"name\":\"SITSESP Promove Atendimento Oftalmol\u00f3gico aos Servidores do Complexo Franco da Rocha - SITSESP\",\"isPartOf\":{\"@id\":\"https:\/\/www.sitsesp.org.br\/novo\/#website\"},\"primaryImageOfPage\":{\"@id\":\"https:\/\/www.sitsesp.org.br\/novo\/sitsesp-promove-atendimento-oftalmologico-aos-servidores-do-complexo-franco-da-rocha\/#primaryimage\"},\"image\":{\"@id\":\"https:\/\/www.sitsesp.org.br\/novo\/sitsesp-promove-atendimento-oftalmologico-aos-servidores-do-complexo-franco-da-rocha\/#primaryimage\"},\"thumbnailUrl\":\"https:\/\/www.sitsesp.org.br\/novo\/wp-content\/uploads\/2024\/10\/WhatsApp-Image-2024-10-08-at-10.59.58.jpeg\",\"datePublished\":\"2024-10-08T15:03:39+00:00\",\"dateModified\":\"2024-10-08T18:10:37+00:00\",\"breadcrumb\":{\"@id\":\"https:\/\/www.sitsesp.org.br\/novo\/sitsesp-promove-atendimento-oftalmologico-aos-servidores-do-complexo-franco-da-rocha\/#breadcrumb\"},\"inLanguage\":\"pt-BR\",\"potentialAction\":[{\"@type\":\"ReadAction\",\"target\":[\"https:\/\/www.sitsesp.org.br\/novo\/sitsesp-promove-atendimento-oftalmologico-aos-servidores-do-complexo-franco-da-rocha\/\"]}]},{\"@type\":\"ImageObject\",\"inLanguage\":\"pt-BR\",\"@id\":\"https:\/\/www.sitsesp.org.br\/novo\/sitsesp-promove-atendimento-oftalmologico-aos-servidores-do-complexo-franco-da-rocha\/#primaryimage\",\"url\":\"https:\/\/www.sitsesp.org.br\/novo\/wp-content\/uploads\/2024\/10\/WhatsApp-Image-2024-10-08-at-10.59.58.jpeg\",\"contentUrl\":\"https:\/\/www.sitsesp.org.br\/novo\/wp-content\/uploads\/2024\/10\/WhatsApp-Image-2024-10-08-at-10.59.58.jpeg\",\"width\":1599,\"height\":899},{\"@type\":\"BreadcrumbList\",\"@id\":\"https:\/\/www.sitsesp.org.br\/novo\/sitsesp-promove-atendimento-oftalmologico-aos-servidores-do-complexo-franco-da-rocha\/#breadcrumb\",\"itemListElement\":[{\"@type\":\"ListItem\",\"position\":1,\"name\":\"In\u00edcio\",\"item\":\"https:\/\/www.sitsesp.org.br\/novo\/\"},{\"@type\":\"ListItem\",\"position\":2,\"name\":\"SITSESP Promove Atendimento Oftalmol\u00f3gico aos Servidores do Complexo Franco da Rocha\"}]},{\"@type\":\"WebSite\",\"@id\":\"https:\/\/www.sitsesp.org.br\/novo\/#website\",\"url\":\"https:\/\/www.sitsesp.org.br\/novo\/\",\"name\":\"Sitsesp\",\"description\":\"SIndicato da Socioeduca\u00e7\u00e3o do Estado de S\u00e3o Paulo\",\"publisher\":{\"@id\":\"https:\/\/www.sitsesp.org.br\/novo\/#organization\"},\"potentialAction\":[{\"@type\":\"SearchAction\",\"target\":{\"@type\":\"EntryPoint\",\"urlTemplate\":\"https:\/\/www.sitsesp.org.br\/novo\/?s={search_term_string}\"},\"query-input\":\"required name=search_term_string\"}],\"inLanguage\":\"pt-BR\"},{\"@type\":\"Organization\",\"@id\":\"https:\/\/www.sitsesp.org.br\/novo\/#organization\",\"name\":\"Sitsesp\",\"url\":\"https:\/\/www.sitsesp.org.br\/novo\/\",\"logo\":{\"@type\":\"ImageObject\",\"inLanguage\":\"pt-BR\",\"@id\":\"https:\/\/www.sitsesp.org.br\/novo\/#\/schema\/logo\/image\/\",\"url\":\"https:\/\/www.sitsesp.org.br\/novo\/wp-content\/uploads\/2020\/09\/Design-sem-nome-1.jpg\",\"contentUrl\":\"https:\/\/www.sitsesp.org.br\/novo\/wp-content\/uploads\/2020\/09\/Design-sem-nome-1.jpg\",\"width\":300,\"height\":300,\"caption\":\"Sitsesp\"},\"image\":{\"@id\":\"https:\/\/www.sitsesp.org.br\/novo\/#\/schema\/logo\/image\/\"}},{\"@type\":\"Person\",\"@id\":\"https:\/\/www.sitsesp.org.br\/novo\/#\/schema\/person\/0410b37c20ab60fd51a7b8ae5983f8de\",\"name\":\"2.8marcosaa\",\"image\":{\"@type\":\"ImageObject\",\"inLanguage\":\"pt-BR\",\"@id\":\"https:\/\/www.sitsesp.org.br\/novo\/#\/schema\/person\/image\/\",\"url\":\"https:\/\/secure.gravatar.com\/avatar\/0273db62f5a16721adcf1f80ba308e7b?s=96&d=mm&r=g\",\"contentUrl\":\"https:\/\/secure.gravatar.com\/avatar\/0273db62f5a16721adcf1f80ba308e7b?s=96&d=mm&r=g\",\"caption\":\"2.8marcosaa\"},\"sameAs\":[\"http:\/\/www.362k.com.br\"]}]}<\/script>\n<!-- \/ Yoast SEO plugin. -->","yoast_head_json":{"title":"SITSESP Promove Atendimento Oftalmol\u00f3gico aos Servidores do Complexo Franco da Rocha - SITSESP","robots":{"index":"index","follow":"follow","max-snippet":"max-snippet:-1","max-image-preview":"max-image-preview:large","max-video-preview":"max-video-preview:-1"},"canonical":"https:\/\/www.sitsesp.org.br\/novo\/sitsesp-promove-atendimento-oftalmologico-aos-servidores-do-complexo-franco-da-rocha\/","og_locale":"pt_BR","og_type":"article","og_title":"SITSESP Promove Atendimento Oftalmol\u00f3gico aos Servidores do Complexo Franco da Rocha - SITSESP","og_description":"O SITSESP deu in\u00edcio, na manh\u00e3 de hoje, 8 de outubro, a uma importante a\u00e7\u00e3o de cuidado com a sa\u00fade dos&hellip;","og_url":"https:\/\/www.sitsesp.org.br\/novo\/sitsesp-promove-atendimento-oftalmologico-aos-servidores-do-complexo-franco-da-rocha\/","og_site_name":"SITSESP","article_published_time":"2024-10-08T15:03:39+00:00","article_modified_time":"2024-10-08T18:10:37+00:00","og_image":[{"width":1599,"height":899,"url":"https:\/\/www.sitsesp.org.br\/novo\/wp-content\/uploads\/2024\/10\/WhatsApp-Image-2024-10-08-at-10.59.58.jpeg","type":"image\/jpeg"}],"author":"2.8marcosaa","twitter_card":"summary_large_image","twitter_misc":{"Escrito por":"2.8marcosaa","Est. tempo de leitura":"2 minutos"},"schema":{"@context":"https:\/\/schema.org","@graph":[{"@type":"Article","@id":"https:\/\/www.sitsesp.org.br\/novo\/sitsesp-promove-atendimento-oftalmologico-aos-servidores-do-complexo-franco-da-rocha\/#article","isPartOf":{"@id":"https:\/\/www.sitsesp.org.br\/novo\/sitsesp-promove-atendimento-oftalmologico-aos-servidores-do-complexo-franco-da-rocha\/"},"author":{"name":"2.8marcosaa","@id":"https:\/\/www.sitsesp.org.br\/novo\/#\/schema\/person\/0410b37c20ab60fd51a7b8ae5983f8de"},"headline":"SITSESP Promove Atendimento Oftalmol\u00f3gico aos Servidores do Complexo Franco da Rocha","datePublished":"2024-10-08T15:03:39+00:00","dateModified":"2024-10-08T18:10:37+00:00","mainEntityOfPage":{"@id":"https:\/\/www.sitsesp.org.br\/novo\/sitsesp-promove-atendimento-oftalmologico-aos-servidores-do-complexo-franco-da-rocha\/"},"wordCount":195,"commentCount":0,"publisher":{"@id":"https:\/\/www.sitsesp.org.br\/novo\/#organization"},"image":{"@id":"https:\/\/www.sitsesp.org.br\/novo\/sitsesp-promove-atendimento-oftalmologico-aos-servidores-do-complexo-franco-da-rocha\/#primaryimage"},"thumbnailUrl":"https:\/\/www.sitsesp.org.br\/novo\/wp-content\/uploads\/2024\/10\/WhatsApp-Image-2024-10-08-at-10.59.58.jpeg","articleSection":["Destaque"],"inLanguage":"pt-BR","potentialAction":[{"@type":"CommentAction","name":"Comment","target":["https:\/\/www.sitsesp.org.br\/novo\/sitsesp-promove-atendimento-oftalmologico-aos-servidores-do-complexo-franco-da-rocha\/#respond"]}]},{"@type":"WebPage","@id":"https:\/\/www.sitsesp.org.br\/novo\/sitsesp-promove-atendimento-oftalmologico-aos-servidores-do-complexo-franco-da-rocha\/","url":"https:\/\/www.sitsesp.org.br\/novo\/sitsesp-promove-atendimento-oftalmologico-aos-servidores-do-complexo-franco-da-rocha\/","name":"SITSESP Promove Atendimento Oftalmol\u00f3gico aos Servidores do Complexo Franco da Rocha - SITSESP","isPartOf":{"@id":"https:\/\/www.sitsesp.org.br\/novo\/#website"},"primaryImageOfPage":{"@id":"https:\/\/www.sitsesp.org.br\/novo\/sitsesp-promove-atendimento-oftalmologico-aos-servidores-do-complexo-franco-da-rocha\/#primaryimage"},"image":{"@id":"https:\/\/www.sitsesp.org.br\/novo\/sitsesp-promove-atendimento-oftalmologico-aos-servidores-do-complexo-franco-da-rocha\/#primaryimage"},"thumbnailUrl":"https:\/\/www.sitsesp.org.br\/novo\/wp-content\/uploads\/2024\/10\/WhatsApp-Image-2024-10-08-at-10.59.58.jpeg","datePublished":"2024-10-08T15:03:39+00:00","dateModified":"2024-10-08T18:10:37+00:00","breadcrumb":{"@id":"https:\/\/www.sitsesp.org.br\/novo\/sitsesp-promove-atendimento-oftalmologico-aos-servidores-do-complexo-franco-da-rocha\/#breadcrumb"},"inLanguage":"pt-BR","potentialAction":[{"@type":"ReadAction","target":["https:\/\/www.sitsesp.org.br\/novo\/sitsesp-promove-atendimento-oftalmologico-aos-servidores-do-complexo-franco-da-rocha\/"]}]},{"@type":"ImageObject","inLanguage":"pt-BR","@id":"https:\/\/www.sitsesp.org.br\/novo\/sitsesp-promove-atendimento-oftalmologico-aos-servidores-do-complexo-franco-da-rocha\/#primaryimage","url":"https:\/\/www.sitsesp.org.br\/novo\/wp-content\/uploads\/2024\/10\/WhatsApp-Image-2024-10-08-at-10.59.58.jpeg","contentUrl":"https:\/\/www.sitsesp.org.br\/novo\/wp-content\/uploads\/2024\/10\/WhatsApp-Image-2024-10-08-at-10.59.58.jpeg","width":1599,"height":899},{"@type":"BreadcrumbList","@id":"https:\/\/www.sitsesp.org.br\/novo\/sitsesp-promove-atendimento-oftalmologico-aos-servidores-do-complexo-franco-da-rocha\/#breadcrumb","itemListElement":[{"@type":"ListItem","position":1,"name":"In\u00edcio","item":"https:\/\/www.sitsesp.org.br\/novo\/"},{"@type":"ListItem","position":2,"name":"SITSESP Promove Atendimento Oftalmol\u00f3gico aos Servidores do Complexo Franco da Rocha"}]},{"@type":"WebSite","@id":"https:\/\/www.sitsesp.org.br\/novo\/#website","url":"https:\/\/www.sitsesp.org.br\/novo\/","name":"Sitsesp","description":"SIndicato da Socioeduca\u00e7\u00e3o do Estado de S\u00e3o Paulo","publisher":{"@id":"https:\/\/www.sitsesp.org.br\/novo\/#organization"},"potentialAction":[{"@type":"SearchAction","target":{"@type":"EntryPoint","urlTemplate":"https:\/\/www.sitsesp.org.br\/novo\/?s={search_term_string}"},"query-input":"required name=search_term_string"}],"inLanguage":"pt-BR"},{"@type":"Organization","@id":"https:\/\/www.sitsesp.org.br\/novo\/#organization","name":"Sitsesp","url":"https:\/\/www.sitsesp.org.br\/novo\/","logo":{"@type":"ImageObject","inLanguage":"pt-BR","@id":"https:\/\/www.sitsesp.org.br\/novo\/#\/schema\/logo\/image\/","url":"https:\/\/www.sitsesp.org.br\/novo\/wp-content\/uploads\/2020\/09\/Design-sem-nome-1.jpg","contentUrl":"https:\/\/www.sitsesp.org.br\/novo\/wp-content\/uploads\/2020\/09\/Design-sem-nome-1.jpg","width":300,"height":300,"caption":"Sitsesp"},"image":{"@id":"https:\/\/www.sitsesp.org.br\/novo\/#\/schema\/logo\/image\/"}},{"@type":"Person","@id":"https:\/\/www.sitsesp.org.br\/novo\/#\/schema\/person\/0410b37c20ab60fd51a7b8ae5983f8de","name":"2.8marcosaa","image":{"@type":"ImageObject","inLanguage":"pt-BR","@id":"https:\/\/www.sitsesp.org.br\/novo\/#\/schema\/person\/image\/","url":"https:\/\/secure.gravatar.com\/avatar\/0273db62f5a16721adcf1f80ba308e7b?s=96&d=mm&r=g","contentUrl":"https:\/\/secure.gravatar.com\/avatar\/0273db62f5a16721adcf1f80ba308e7b?s=96&d=mm&r=g","caption":"2.8marcosaa"},"sameAs":["http:\/\/www.362k.com.br"]}]}},"_links":{"self":[{"href":"https:\/\/www.sitsesp.org.br\/novo\/wp-json\/wp\/v2\/posts\/15162"}],"collection":[{"href":"https:\/\/www.sitsesp.org.br\/novo\/wp-json\/wp\/v2\/posts"}],"about":[{"href":"https:\/\/www.sitsesp.org.br\/novo\/wp-json\/wp\/v2\/types\/post"}],"author":[{"embeddable":true,"href":"https:\/\/www.sitsesp.org.br\/novo\/wp-json\/wp\/v2\/users\/7"}],"replies":[{"embeddable":true,"href":"https:\/\/www.sitsesp.org.br\/novo\/wp-json\/wp\/v2\/comments?post=15162"}],"version-history":[{"count":5,"href":"https:\/\/www.sitsesp.org.br\/novo\/wp-json\/wp\/v2\/posts\/15162\/revisions"}],"predecessor-version":[{"id":15168,"href":"https:\/\/www.sitsesp.org.br\/novo\/wp-json\/wp\/v2\/posts\/15162\/revisions\/15168"}],"wp:featuredmedia":[{"embeddable":true,"href":"https:\/\/www.sitsesp.org.br\/novo\/wp-json\/wp\/v2\/media\/15163"}],"wp:attachment":[{"href":"https:\/\/www.sitsesp.org.br\/novo\/wp-json\/wp\/v2\/media?parent=15162"}],"wp:term":[{"taxonomy":"category","embeddable":true,"href":"https:\/\/www.sitsesp.org.br\/novo\/wp-json\/wp\/v2\/categories?post=15162"},{"taxonomy":"post_tag","embeddable":true,"href":"https:\/\/www.sitsesp.org.br\/novo\/wp-json\/wp\/v2\/tags?post=15162"}],"curies":[{"name":"wp","href":"https:\/\/api.w.org\/{rel}","templated":true}]}}