{"id":15181,"date":"2024-10-10T12:29:00","date_gmt":"2024-10-10T15:29:00","guid":{"rendered":"https:\/\/www.sitsesp.org.br\/novo\/?p=15181"},"modified":"2024-10-10T13:04:03","modified_gmt":"2024-10-10T16:04:03","slug":"outubro-rosa-a-importancia-da-prevencao-e-conscientizacao-do-cancer-de-mama","status":"publish","type":"post","link":"https:\/\/www.sitsesp.org.br\/novo\/outubro-rosa-a-importancia-da-prevencao-e-conscientizacao-do-cancer-de-mama\/","title":{"rendered":"Outubro Rosa: A Import\u00e2ncia da Preven\u00e7\u00e3o e Conscientiza\u00e7\u00e3o do C\u00e2ncer de Mama"},"content":{"rendered":"<p><!-- VideographyWP Plugin Message: Automatic video embedding prevented by plugin options. --><\/p>\n<p style=\"text-align: justify;\">O m\u00eas de outubro \u00e9 marcado pela campanha Outubro Rosa, uma iniciativa global que visa conscientizar a popula\u00e7\u00e3o sobre a preven\u00e7\u00e3o e o diagn\u00f3stico precoce do c\u00e2ncer de mama, o tipo de c\u00e2ncer mais comum entre as mulheres no Brasil e no mundo. A a\u00e7\u00e3o come\u00e7ou na d\u00e9cada de 1990 e, desde ent\u00e3o, se tornou um s\u00edmbolo importante na luta contra a doen\u00e7a, promovendo educa\u00e7\u00e3o, apoio e solidariedade.<\/p>\n<h3 style=\"text-align: justify;\">A Preven\u00e7\u00e3o como Chave<\/h3>\n<p style=\"text-align: justify;\">A detec\u00e7\u00e3o precoce \u00e9 fundamental para o sucesso do tratamento do c\u00e2ncer de mama. Quando identificado em est\u00e1gios iniciais, as chances de cura aumentam consideravelmente, podendo chegar a 95%. Por isso, exames regulares, como a mamografia, s\u00e3o essenciais para mulheres a partir dos 40 anos, ou at\u00e9 antes, dependendo de hist\u00f3rico familiar e outros fatores de risco.<\/p>\n<p style=\"text-align: justify;\">O autoexame das mamas tamb\u00e9m \u00e9 um h\u00e1bito importante. Embora ele n\u00e3o substitua os exames cl\u00ednicos, ajuda a mulher a conhecer seu pr\u00f3prio corpo e a identificar poss\u00edveis altera\u00e7\u00f5es, como caro\u00e7os, incha\u00e7os, ou mudan\u00e7as na pele.<\/p>\n<h3 style=\"text-align: justify;\">Fatores de Risco e Prote\u00e7\u00e3o<\/h3>\n<p style=\"text-align: justify;\">Alguns fatores aumentam o risco de desenvolver c\u00e2ncer de mama, como idade avan\u00e7ada, hist\u00f3rico familiar, sedentarismo, obesidade e consumo excessivo de \u00e1lcool. No entanto, \u00e9 poss\u00edvel reduzir esses riscos adotando h\u00e1bitos saud\u00e1veis: manter uma alimenta\u00e7\u00e3o equilibrada, praticar atividades f\u00edsicas regularmente e evitar o tabagismo s\u00e3o atitudes que podem contribuir para a preven\u00e7\u00e3o.<\/p>\n<h3 style=\"text-align: justify;\">O Apoio \u00e0 Mulher que Enfrenta o C\u00e2ncer<\/h3>\n<p style=\"text-align: justify;\">O Outubro Rosa tamb\u00e9m destaca a import\u00e2ncia do apoio emocional e psicol\u00f3gico \u00e0s mulheres diagnosticadas com c\u00e2ncer de mama. Al\u00e9m do impacto f\u00edsico, a doen\u00e7a pode trazer sofrimento mental e emocional. Redes de apoio, como grupos de pacientes, amigos e familiares, desempenham um papel vital nesse momento.<\/p>\n<p style=\"text-align: justify;\">Campanhas e servi\u00e7os de sa\u00fade p\u00fablica s\u00e3o fortalecidos nesse per\u00edodo, oferecendo exames gratuitos e orienta\u00e7\u00f5es em diversas cidades do pa\u00eds. Institui\u00e7\u00f5es e empresas tamb\u00e9m se mobilizam, colorindo seus pr\u00e9dios de rosa e promovendo eventos de conscientiza\u00e7\u00e3o, ampliando o alcance da mensagem e incentivando as mulheres a cuidarem da sua sa\u00fade.<\/p>\n<h3 style=\"text-align: justify;\">Juntos na Luta<\/h3>\n<p style=\"text-align: justify;\">A campanha Outubro Rosa nos lembra de que o c\u00e2ncer de mama \u00e9 um desafio que pode ser enfrentado com informa\u00e7\u00e3o, preven\u00e7\u00e3o e solidariedade. Neste m\u00eas, vestir o rosa \u00e9 um ato de amor e cuidado, tanto com voc\u00ea mesma quanto com todas as mulheres que enfrentam ou podem enfrentar a doen\u00e7a. A luta contra o c\u00e2ncer de mama \u00e9 de todos n\u00f3s!<\/p>\n<p style=\"text-align: justify;\">Cuide-se, informe-se e compartilhe essa causa. O diagn\u00f3stico precoce salva-vidas!<\/p>\n<p><img fetchpriority=\"high\" decoding=\"async\" class=\"alignnone size-full wp-image-15184\" src=\"https:\/\/www.sitsesp.org.br\/novo\/wp-content\/uploads\/2024\/10\/Planner-Planejador-Capa-Abstrato-Horizontal-A4-8.jpg\" alt=\"\" width=\"2000\" height=\"1414\" \/>A\u00e7\u00e3o de conscientiza\u00e7\u00e3o Outubro Rosa. Equipe do SITSESP na frente do sindicato.<\/p>\n","protected":false},"excerpt":{"rendered":"<p>O m\u00eas de outubro \u00e9 marcado pela campanha Outubro Rosa, uma iniciativa global que visa conscientizar a popula\u00e7\u00e3o sobre a preven\u00e7\u00e3o&hellip;<\/p>\n","protected":false},"author":7,"featured_media":15182,"comment_status":"open","ping_status":"open","sticky":false,"template":"","format":"standard","meta":{"cybocfi_hide_featured_image":"","footnotes":""},"categories":[22],"tags":[],"yoast_head":"<!-- This site is optimized with the Yoast SEO plugin v22.8 - https:\/\/yoast.com\/wordpress\/plugins\/seo\/ -->\n<title>Outubro Rosa: A Import\u00e2ncia da Preven\u00e7\u00e3o e Conscientiza\u00e7\u00e3o do C\u00e2ncer de Mama - SITSESP<\/title>\n<meta name=\"robots\" content=\"index, follow, max-snippet:-1, max-image-preview:large, max-video-preview:-1\" \/>\n<link rel=\"canonical\" href=\"https:\/\/www.sitsesp.org.br\/novo\/outubro-rosa-a-importancia-da-prevencao-e-conscientizacao-do-cancer-de-mama\/\" \/>\n<meta property=\"og:locale\" content=\"pt_BR\" \/>\n<meta property=\"og:type\" content=\"article\" \/>\n<meta property=\"og:title\" content=\"Outubro Rosa: A Import\u00e2ncia da Preven\u00e7\u00e3o e Conscientiza\u00e7\u00e3o do C\u00e2ncer de Mama - SITSESP\" \/>\n<meta property=\"og:description\" content=\"O m\u00eas de outubro \u00e9 marcado pela campanha Outubro Rosa, uma iniciativa global que visa conscientizar a popula\u00e7\u00e3o sobre a preven\u00e7\u00e3o&hellip;\" \/>\n<meta property=\"og:url\" content=\"https:\/\/www.sitsesp.org.br\/novo\/outubro-rosa-a-importancia-da-prevencao-e-conscientizacao-do-cancer-de-mama\/\" \/>\n<meta property=\"og:site_name\" content=\"SITSESP\" \/>\n<meta property=\"article:published_time\" content=\"2024-10-10T15:29:00+00:00\" \/>\n<meta property=\"article:modified_time\" content=\"2024-10-10T16:04:03+00:00\" \/>\n<meta property=\"og:image\" content=\"https:\/\/www.sitsesp.org.br\/novo\/wp-content\/uploads\/2024\/10\/Planner-Planejador-Capa-Abstrato-Horizontal-A4-7.jpg\" \/>\n\t<meta property=\"og:image:width\" content=\"2000\" \/>\n\t<meta property=\"og:image:height\" content=\"1414\" \/>\n\t<meta property=\"og:image:type\" content=\"image\/jpeg\" \/>\n<meta name=\"author\" content=\"2.8marcosaa\" \/>\n<meta name=\"twitter:card\" content=\"summary_large_image\" \/>\n<meta name=\"twitter:label1\" content=\"Escrito por\" \/>\n\t<meta name=\"twitter:data1\" content=\"2.8marcosaa\" \/>\n\t<meta name=\"twitter:label2\" content=\"Est. tempo de leitura\" \/>\n\t<meta name=\"twitter:data2\" content=\"3 minutos\" \/>\n<script type=\"application\/ld+json\" class=\"yoast-schema-graph\">{\"@context\":\"https:\/\/schema.org\",\"@graph\":[{\"@type\":\"Article\",\"@id\":\"https:\/\/www.sitsesp.org.br\/novo\/outubro-rosa-a-importancia-da-prevencao-e-conscientizacao-do-cancer-de-mama\/#article\",\"isPartOf\":{\"@id\":\"https:\/\/www.sitsesp.org.br\/novo\/outubro-rosa-a-importancia-da-prevencao-e-conscientizacao-do-cancer-de-mama\/\"},\"author\":{\"name\":\"2.8marcosaa\",\"@id\":\"https:\/\/www.sitsesp.org.br\/novo\/#\/schema\/person\/0410b37c20ab60fd51a7b8ae5983f8de\"},\"headline\":\"Outubro Rosa: A Import\u00e2ncia da Preven\u00e7\u00e3o e Conscientiza\u00e7\u00e3o do C\u00e2ncer de Mama\",\"datePublished\":\"2024-10-10T15:29:00+00:00\",\"dateModified\":\"2024-10-10T16:04:03+00:00\",\"mainEntityOfPage\":{\"@id\":\"https:\/\/www.sitsesp.org.br\/novo\/outubro-rosa-a-importancia-da-prevencao-e-conscientizacao-do-cancer-de-mama\/\"},\"wordCount\":490,\"commentCount\":0,\"publisher\":{\"@id\":\"https:\/\/www.sitsesp.org.br\/novo\/#organization\"},\"image\":{\"@id\":\"https:\/\/www.sitsesp.org.br\/novo\/outubro-rosa-a-importancia-da-prevencao-e-conscientizacao-do-cancer-de-mama\/#primaryimage\"},\"thumbnailUrl\":\"https:\/\/www.sitsesp.org.br\/novo\/wp-content\/uploads\/2024\/10\/Planner-Planejador-Capa-Abstrato-Horizontal-A4-7.jpg\",\"articleSection\":[\"Noticias\"],\"inLanguage\":\"pt-BR\",\"potentialAction\":[{\"@type\":\"CommentAction\",\"name\":\"Comment\",\"target\":[\"https:\/\/www.sitsesp.org.br\/novo\/outubro-rosa-a-importancia-da-prevencao-e-conscientizacao-do-cancer-de-mama\/#respond\"]}]},{\"@type\":\"WebPage\",\"@id\":\"https:\/\/www.sitsesp.org.br\/novo\/outubro-rosa-a-importancia-da-prevencao-e-conscientizacao-do-cancer-de-mama\/\",\"url\":\"https:\/\/www.sitsesp.org.br\/novo\/outubro-rosa-a-importancia-da-prevencao-e-conscientizacao-do-cancer-de-mama\/\",\"name\":\"Outubro Rosa: A Import\u00e2ncia da Preven\u00e7\u00e3o e Conscientiza\u00e7\u00e3o do C\u00e2ncer de Mama - SITSESP\",\"isPartOf\":{\"@id\":\"https:\/\/www.sitsesp.org.br\/novo\/#website\"},\"primaryImageOfPage\":{\"@id\":\"https:\/\/www.sitsesp.org.br\/novo\/outubro-rosa-a-importancia-da-prevencao-e-conscientizacao-do-cancer-de-mama\/#primaryimage\"},\"image\":{\"@id\":\"https:\/\/www.sitsesp.org.br\/novo\/outubro-rosa-a-importancia-da-prevencao-e-conscientizacao-do-cancer-de-mama\/#primaryimage\"},\"thumbnailUrl\":\"https:\/\/www.sitsesp.org.br\/novo\/wp-content\/uploads\/2024\/10\/Planner-Planejador-Capa-Abstrato-Horizontal-A4-7.jpg\",\"datePublished\":\"2024-10-10T15:29:00+00:00\",\"dateModified\":\"2024-10-10T16:04:03+00:00\",\"breadcrumb\":{\"@id\":\"https:\/\/www.sitsesp.org.br\/novo\/outubro-rosa-a-importancia-da-prevencao-e-conscientizacao-do-cancer-de-mama\/#breadcrumb\"},\"inLanguage\":\"pt-BR\",\"potentialAction\":[{\"@type\":\"ReadAction\",\"target\":[\"https:\/\/www.sitsesp.org.br\/novo\/outubro-rosa-a-importancia-da-prevencao-e-conscientizacao-do-cancer-de-mama\/\"]}]},{\"@type\":\"ImageObject\",\"inLanguage\":\"pt-BR\",\"@id\":\"https:\/\/www.sitsesp.org.br\/novo\/outubro-rosa-a-importancia-da-prevencao-e-conscientizacao-do-cancer-de-mama\/#primaryimage\",\"url\":\"https:\/\/www.sitsesp.org.br\/novo\/wp-content\/uploads\/2024\/10\/Planner-Planejador-Capa-Abstrato-Horizontal-A4-7.jpg\",\"contentUrl\":\"https:\/\/www.sitsesp.org.br\/novo\/wp-content\/uploads\/2024\/10\/Planner-Planejador-Capa-Abstrato-Horizontal-A4-7.jpg\",\"width\":2000,\"height\":1414},{\"@type\":\"BreadcrumbList\",\"@id\":\"https:\/\/www.sitsesp.org.br\/novo\/outubro-rosa-a-importancia-da-prevencao-e-conscientizacao-do-cancer-de-mama\/#breadcrumb\",\"itemListElement\":[{\"@type\":\"ListItem\",\"position\":1,\"name\":\"In\u00edcio\",\"item\":\"https:\/\/www.sitsesp.org.br\/novo\/\"},{\"@type\":\"ListItem\",\"position\":2,\"name\":\"Outubro Rosa: A Import\u00e2ncia da Preven\u00e7\u00e3o e Conscientiza\u00e7\u00e3o do C\u00e2ncer de Mama\"}]},{\"@type\":\"WebSite\",\"@id\":\"https:\/\/www.sitsesp.org.br\/novo\/#website\",\"url\":\"https:\/\/www.sitsesp.org.br\/novo\/\",\"name\":\"Sitsesp\",\"description\":\"SIndicato da Socioeduca\u00e7\u00e3o do Estado de S\u00e3o Paulo\",\"publisher\":{\"@id\":\"https:\/\/www.sitsesp.org.br\/novo\/#organization\"},\"potentialAction\":[{\"@type\":\"SearchAction\",\"target\":{\"@type\":\"EntryPoint\",\"urlTemplate\":\"https:\/\/www.sitsesp.org.br\/novo\/?s={search_term_string}\"},\"query-input\":\"required name=search_term_string\"}],\"inLanguage\":\"pt-BR\"},{\"@type\":\"Organization\",\"@id\":\"https:\/\/www.sitsesp.org.br\/novo\/#organization\",\"name\":\"Sitsesp\",\"url\":\"https:\/\/www.sitsesp.org.br\/novo\/\",\"logo\":{\"@type\":\"ImageObject\",\"inLanguage\":\"pt-BR\",\"@id\":\"https:\/\/www.sitsesp.org.br\/novo\/#\/schema\/logo\/image\/\",\"url\":\"https:\/\/www.sitsesp.org.br\/novo\/wp-content\/uploads\/2020\/09\/Design-sem-nome-1.jpg\",\"contentUrl\":\"https:\/\/www.sitsesp.org.br\/novo\/wp-content\/uploads\/2020\/09\/Design-sem-nome-1.jpg\",\"width\":300,\"height\":300,\"caption\":\"Sitsesp\"},\"image\":{\"@id\":\"https:\/\/www.sitsesp.org.br\/novo\/#\/schema\/logo\/image\/\"}},{\"@type\":\"Person\",\"@id\":\"https:\/\/www.sitsesp.org.br\/novo\/#\/schema\/person\/0410b37c20ab60fd51a7b8ae5983f8de\",\"name\":\"2.8marcosaa\",\"image\":{\"@type\":\"ImageObject\",\"inLanguage\":\"pt-BR\",\"@id\":\"https:\/\/www.sitsesp.org.br\/novo\/#\/schema\/person\/image\/\",\"url\":\"https:\/\/secure.gravatar.com\/avatar\/0273db62f5a16721adcf1f80ba308e7b?s=96&d=mm&r=g\",\"contentUrl\":\"https:\/\/secure.gravatar.com\/avatar\/0273db62f5a16721adcf1f80ba308e7b?s=96&d=mm&r=g\",\"caption\":\"2.8marcosaa\"},\"sameAs\":[\"http:\/\/www.362k.com.br\"]}]}<\/script>\n<!-- \/ Yoast SEO plugin. -->","yoast_head_json":{"title":"Outubro Rosa: A Import\u00e2ncia da Preven\u00e7\u00e3o e Conscientiza\u00e7\u00e3o do C\u00e2ncer de Mama - SITSESP","robots":{"index":"index","follow":"follow","max-snippet":"max-snippet:-1","max-image-preview":"max-image-preview:large","max-video-preview":"max-video-preview:-1"},"canonical":"https:\/\/www.sitsesp.org.br\/novo\/outubro-rosa-a-importancia-da-prevencao-e-conscientizacao-do-cancer-de-mama\/","og_locale":"pt_BR","og_type":"article","og_title":"Outubro Rosa: A Import\u00e2ncia da Preven\u00e7\u00e3o e Conscientiza\u00e7\u00e3o do C\u00e2ncer de Mama - SITSESP","og_description":"O m\u00eas de outubro \u00e9 marcado pela campanha Outubro Rosa, uma iniciativa global que visa conscientizar a popula\u00e7\u00e3o sobre a preven\u00e7\u00e3o&hellip;","og_url":"https:\/\/www.sitsesp.org.br\/novo\/outubro-rosa-a-importancia-da-prevencao-e-conscientizacao-do-cancer-de-mama\/","og_site_name":"SITSESP","article_published_time":"2024-10-10T15:29:00+00:00","article_modified_time":"2024-10-10T16:04:03+00:00","og_image":[{"width":2000,"height":1414,"url":"https:\/\/www.sitsesp.org.br\/novo\/wp-content\/uploads\/2024\/10\/Planner-Planejador-Capa-Abstrato-Horizontal-A4-7.jpg","type":"image\/jpeg"}],"author":"2.8marcosaa","twitter_card":"summary_large_image","twitter_misc":{"Escrito por":"2.8marcosaa","Est. tempo de leitura":"3 minutos"},"schema":{"@context":"https:\/\/schema.org","@graph":[{"@type":"Article","@id":"https:\/\/www.sitsesp.org.br\/novo\/outubro-rosa-a-importancia-da-prevencao-e-conscientizacao-do-cancer-de-mama\/#article","isPartOf":{"@id":"https:\/\/www.sitsesp.org.br\/novo\/outubro-rosa-a-importancia-da-prevencao-e-conscientizacao-do-cancer-de-mama\/"},"author":{"name":"2.8marcosaa","@id":"https:\/\/www.sitsesp.org.br\/novo\/#\/schema\/person\/0410b37c20ab60fd51a7b8ae5983f8de"},"headline":"Outubro Rosa: A Import\u00e2ncia da Preven\u00e7\u00e3o e Conscientiza\u00e7\u00e3o do C\u00e2ncer de Mama","datePublished":"2024-10-10T15:29:00+00:00","dateModified":"2024-10-10T16:04:03+00:00","mainEntityOfPage":{"@id":"https:\/\/www.sitsesp.org.br\/novo\/outubro-rosa-a-importancia-da-prevencao-e-conscientizacao-do-cancer-de-mama\/"},"wordCount":490,"commentCount":0,"publisher":{"@id":"https:\/\/www.sitsesp.org.br\/novo\/#organization"},"image":{"@id":"https:\/\/www.sitsesp.org.br\/novo\/outubro-rosa-a-importancia-da-prevencao-e-conscientizacao-do-cancer-de-mama\/#primaryimage"},"thumbnailUrl":"https:\/\/www.sitsesp.org.br\/novo\/wp-content\/uploads\/2024\/10\/Planner-Planejador-Capa-Abstrato-Horizontal-A4-7.jpg","articleSection":["Noticias"],"inLanguage":"pt-BR","potentialAction":[{"@type":"CommentAction","name":"Comment","target":["https:\/\/www.sitsesp.org.br\/novo\/outubro-rosa-a-importancia-da-prevencao-e-conscientizacao-do-cancer-de-mama\/#respond"]}]},{"@type":"WebPage","@id":"https:\/\/www.sitsesp.org.br\/novo\/outubro-rosa-a-importancia-da-prevencao-e-conscientizacao-do-cancer-de-mama\/","url":"https:\/\/www.sitsesp.org.br\/novo\/outubro-rosa-a-importancia-da-prevencao-e-conscientizacao-do-cancer-de-mama\/","name":"Outubro Rosa: A Import\u00e2ncia da Preven\u00e7\u00e3o e Conscientiza\u00e7\u00e3o do C\u00e2ncer de Mama - SITSESP","isPartOf":{"@id":"https:\/\/www.sitsesp.org.br\/novo\/#website"},"primaryImageOfPage":{"@id":"https:\/\/www.sitsesp.org.br\/novo\/outubro-rosa-a-importancia-da-prevencao-e-conscientizacao-do-cancer-de-mama\/#primaryimage"},"image":{"@id":"https:\/\/www.sitsesp.org.br\/novo\/outubro-rosa-a-importancia-da-prevencao-e-conscientizacao-do-cancer-de-mama\/#primaryimage"},"thumbnailUrl":"https:\/\/www.sitsesp.org.br\/novo\/wp-content\/uploads\/2024\/10\/Planner-Planejador-Capa-Abstrato-Horizontal-A4-7.jpg","datePublished":"2024-10-10T15:29:00+00:00","dateModified":"2024-10-10T16:04:03+00:00","breadcrumb":{"@id":"https:\/\/www.sitsesp.org.br\/novo\/outubro-rosa-a-importancia-da-prevencao-e-conscientizacao-do-cancer-de-mama\/#breadcrumb"},"inLanguage":"pt-BR","potentialAction":[{"@type":"ReadAction","target":["https:\/\/www.sitsesp.org.br\/novo\/outubro-rosa-a-importancia-da-prevencao-e-conscientizacao-do-cancer-de-mama\/"]}]},{"@type":"ImageObject","inLanguage":"pt-BR","@id":"https:\/\/www.sitsesp.org.br\/novo\/outubro-rosa-a-importancia-da-prevencao-e-conscientizacao-do-cancer-de-mama\/#primaryimage","url":"https:\/\/www.sitsesp.org.br\/novo\/wp-content\/uploads\/2024\/10\/Planner-Planejador-Capa-Abstrato-Horizontal-A4-7.jpg","contentUrl":"https:\/\/www.sitsesp.org.br\/novo\/wp-content\/uploads\/2024\/10\/Planner-Planejador-Capa-Abstrato-Horizontal-A4-7.jpg","width":2000,"height":1414},{"@type":"BreadcrumbList","@id":"https:\/\/www.sitsesp.org.br\/novo\/outubro-rosa-a-importancia-da-prevencao-e-conscientizacao-do-cancer-de-mama\/#breadcrumb","itemListElement":[{"@type":"ListItem","position":1,"name":"In\u00edcio","item":"https:\/\/www.sitsesp.org.br\/novo\/"},{"@type":"ListItem","position":2,"name":"Outubro Rosa: A Import\u00e2ncia da Preven\u00e7\u00e3o e Conscientiza\u00e7\u00e3o do C\u00e2ncer de Mama"}]},{"@type":"WebSite","@id":"https:\/\/www.sitsesp.org.br\/novo\/#website","url":"https:\/\/www.sitsesp.org.br\/novo\/","name":"Sitsesp","description":"SIndicato da Socioeduca\u00e7\u00e3o do Estado de S\u00e3o Paulo","publisher":{"@id":"https:\/\/www.sitsesp.org.br\/novo\/#organization"},"potentialAction":[{"@type":"SearchAction","target":{"@type":"EntryPoint","urlTemplate":"https:\/\/www.sitsesp.org.br\/novo\/?s={search_term_string}"},"query-input":"required name=search_term_string"}],"inLanguage":"pt-BR"},{"@type":"Organization","@id":"https:\/\/www.sitsesp.org.br\/novo\/#organization","name":"Sitsesp","url":"https:\/\/www.sitsesp.org.br\/novo\/","logo":{"@type":"ImageObject","inLanguage":"pt-BR","@id":"https:\/\/www.sitsesp.org.br\/novo\/#\/schema\/logo\/image\/","url":"https:\/\/www.sitsesp.org.br\/novo\/wp-content\/uploads\/2020\/09\/Design-sem-nome-1.jpg","contentUrl":"https:\/\/www.sitsesp.org.br\/novo\/wp-content\/uploads\/2020\/09\/Design-sem-nome-1.jpg","width":300,"height":300,"caption":"Sitsesp"},"image":{"@id":"https:\/\/www.sitsesp.org.br\/novo\/#\/schema\/logo\/image\/"}},{"@type":"Person","@id":"https:\/\/www.sitsesp.org.br\/novo\/#\/schema\/person\/0410b37c20ab60fd51a7b8ae5983f8de","name":"2.8marcosaa","image":{"@type":"ImageObject","inLanguage":"pt-BR","@id":"https:\/\/www.sitsesp.org.br\/novo\/#\/schema\/person\/image\/","url":"https:\/\/secure.gravatar.com\/avatar\/0273db62f5a16721adcf1f80ba308e7b?s=96&d=mm&r=g","contentUrl":"https:\/\/secure.gravatar.com\/avatar\/0273db62f5a16721adcf1f80ba308e7b?s=96&d=mm&r=g","caption":"2.8marcosaa"},"sameAs":["http:\/\/www.362k.com.br"]}]}},"_links":{"self":[{"href":"https:\/\/www.sitsesp.org.br\/novo\/wp-json\/wp\/v2\/posts\/15181"}],"collection":[{"href":"https:\/\/www.sitsesp.org.br\/novo\/wp-json\/wp\/v2\/posts"}],"about":[{"href":"https:\/\/www.sitsesp.org.br\/novo\/wp-json\/wp\/v2\/types\/post"}],"author":[{"embeddable":true,"href":"https:\/\/www.sitsesp.org.br\/novo\/wp-json\/wp\/v2\/users\/7"}],"replies":[{"embeddable":true,"href":"https:\/\/www.sitsesp.org.br\/novo\/wp-json\/wp\/v2\/comments?post=15181"}],"version-history":[{"count":3,"href":"https:\/\/www.sitsesp.org.br\/novo\/wp-json\/wp\/v2\/posts\/15181\/revisions"}],"predecessor-version":[{"id":15186,"href":"https:\/\/www.sitsesp.org.br\/novo\/wp-json\/wp\/v2\/posts\/15181\/revisions\/15186"}],"wp:featuredmedia":[{"embeddable":true,"href":"https:\/\/www.sitsesp.org.br\/novo\/wp-json\/wp\/v2\/media\/15182"}],"wp:attachment":[{"href":"https:\/\/www.sitsesp.org.br\/novo\/wp-json\/wp\/v2\/media?parent=15181"}],"wp:term":[{"taxonomy":"category","embeddable":true,"href":"https:\/\/www.sitsesp.org.br\/novo\/wp-json\/wp\/v2\/categories?post=15181"},{"taxonomy":"post_tag","embeddable":true,"href":"https:\/\/www.sitsesp.org.br\/novo\/wp-json\/wp\/v2\/tags?post=15181"}],"curies":[{"name":"wp","href":"https:\/\/api.w.org\/{rel}","templated":true}]}}