{"id":15600,"date":"2024-11-28T08:34:53","date_gmt":"2024-11-28T11:34:53","guid":{"rendered":"https:\/\/www.sitsesp.org.br\/novo\/?p=15600"},"modified":"2024-11-28T08:34:53","modified_gmt":"2024-11-28T11:34:53","slug":"g20-e-ia-declaracao-de-lideres-incorpora-contribuicoes-do-movimento-sindical","status":"publish","type":"post","link":"https:\/\/www.sitsesp.org.br\/novo\/g20-e-ia-declaracao-de-lideres-incorpora-contribuicoes-do-movimento-sindical\/","title":{"rendered":"G20 e IA: declara\u00e7\u00e3o de l\u00edderes incorpora contribui\u00e7\u00f5es do movimento sindical"},"content":{"rendered":"<p><!-- VideographyWP Plugin Message: Automatic video embedding prevented by plugin options. --><\/p>\n<p style=\"text-align: justify;\">Segundo a OIT, entre 28% a 36% dos empregos na Am\u00e9rica Latina podem desaparecer devido \u00e0 introdu\u00e7\u00e3o da IA generativa<\/p>\n<div class=\"dd-m-editor\">\n<p style=\"text-align: justify;\">O impacto da intelig\u00eancia artificial (IA) no mundo do trabalho tem despertado amplos debates, especialmente diante da velocidade das transforma\u00e7\u00f5es tecnol\u00f3gicas. Segundo um relat\u00f3rio recente da Organiza\u00e7\u00e3o Internacional do Trabalho (OIT), entre 28% a 36% dos empregos na Am\u00e9rica Latina est\u00e3o suscet\u00edveis a serem eliminados devido \u00e0 introdu\u00e7\u00e3o da IA generativa.<\/p>\n<p style=\"text-align: justify;\">Esses n\u00fameros s\u00e3o ainda mais alarmantes quando analisados sob o recorte de g\u00eanero, ra\u00e7a, idade e escolaridade. As mulheres jovens, com n\u00edvel de escolaridade m\u00e9dio ou alto e que vivem em \u00e1reas urbanas est\u00e3o entre os grupos mais afetados pela possibilidade de substitui\u00e7\u00e3o pela intelig\u00eancia artificial. No Brasil, segundo a OIT, o risco decorrente da automa\u00e7\u00e3o para as mulheres \u00e9 duas vezes maior do que para os homens.<\/p>\n<p style=\"text-align: justify;\">A prolifera\u00e7\u00e3o do uso de sistemas mais avan\u00e7ados e com maior grau de autonomia, os agentes de IA, acelerar\u00e1 ainda mais as tend\u00eancias de substitui\u00e7\u00e3o do trabalho humano pela automa\u00e7\u00e3o de processos produtivos, bem como a ado\u00e7\u00e3o de sistemas de gest\u00e3o algor\u00edtmica no ambiente laboral e a plataformiza\u00e7\u00e3o das rela\u00e7\u00f5es de trabalho, estendendo a media\u00e7\u00e3o por aplicativos, j\u00e1 presente no caso de motoristas, entregadores, trabalhadoras dom\u00e9sticas e programadores, a novas categorias de trabalhadores.<\/p>\n<h4 style=\"text-align: justify;\"><strong>A Declara\u00e7\u00e3o de L\u00edderes do G20 e os princ\u00edpios sobre IA<\/strong><\/h4>\n<p style=\"text-align: justify;\">A Declara\u00e7\u00e3o de L\u00edderes do G20 de 2024, aprovada ap\u00f3s um ano de presid\u00eancia exercida pelo Brasil, inova ao apresentar um cap\u00edtulo espec\u00edfico sobre a Intelig\u00eancia Artificial. O documento subscrito pelos presidentes enfatiza a necessidade de uma abordagem respons\u00e1vel e inclusiva da IA. Entre os princ\u00edpios elencados, destaca-se a transpar\u00eancia, a explicabilidade, a justi\u00e7a, a centralidade e a supervis\u00e3o humana, a prote\u00e7\u00e3o de dados, a n\u00e3o discrimina\u00e7\u00e3o e a governan\u00e7a \u00e9tica.<\/p>\n<p style=\"text-align: justify;\">O instrumento reafirma compromissos assumidos em instrumentos internacionais, como a Recomenda\u00e7\u00e3o da Organiza\u00e7\u00e3o das Na\u00e7\u00f5es Unidas para a Educa\u00e7\u00e3o, a Ci\u00eancia e a Cultura (Unesco) sobre \u00c9tica na Intelig\u00eancia Artificial de 2021 e a Declara\u00e7\u00e3o de Princ\u00edpios de Direitos Humanos no \u00e2mbito da IA emitida pelo\u00a0<a href=\"https:\/\/www.brasildefato.com.br\/2024\/11\/18\/alemanha-tem-pressa-para-concluir-acordo-com-mercosul-mas-agricultores-da-ue-protestam\" target=\"_blank\" rel=\"noopener\">Mercosul<\/a>\u00a0em 2023, destacando a import\u00e2ncia do di\u00e1logo social, um princ\u00edpio que refor\u00e7a o papel dos trabalhadores e suas organiza\u00e7\u00f5es, como os sindicatos, na implementa\u00e7\u00e3o da IA no mundo do trabalho.<\/p>\n<p style=\"text-align: justify;\">Ao incorporar os resultados das discuss\u00f5es promovidas no Grupo de Trabalho (GT) de Emprego e no GT de Economia Digital do G20, a declara\u00e7\u00e3o reconhece a necessidade de adapta\u00e7\u00e3o ao uso da IA no trabalho, e destaca a import\u00e2ncia da coopera\u00e7\u00e3o internacional para a formula\u00e7\u00e3o e implementa\u00e7\u00e3o de pol\u00edticas inclusivas que coadunem inova\u00e7\u00e3o tecnol\u00f3gica com garantia de direitos.<\/p>\n<p style=\"text-align: justify;\">O L20, grupo que re\u00fane representantes sindicais no \u00e2mbito do G20, contribuiu com insumos que nortearam as atividades no marco G20 Social, refor\u00e7ando a necessidade de garantir que as tecnologias emergentes respeitem os direitos dos trabalhadores por meio do reconhecimento de institutos como a negocia\u00e7\u00e3o coletiva, a liberdade sindical e a\u00a0<a href=\"https:\/\/www.brasildefato.com.br\/2024\/11\/25\/greve-por-tempo-indeterminado-e-aprovada-por-professores-da-rede-municipal-do-rio\" target=\"_blank\" rel=\"noopener\">greve<\/a>. Debates sobre os impactos da Intelig\u00eancia Artificial como o promovido pelo Conselho Nacional dos Direitos Humanos do Brasil (CNDH) denotam a complementaridade de perspectivas entre organismos internacionais, governos e entidades da sociedade civil e a import\u00e2ncia do di\u00e1logo multissetorial.<\/p>\n<p style=\"text-align: justify;\">Mesmo com os avan\u00e7os obtidos no \u00e2mbito da presid\u00eancia brasileira do G20, aplicar os princ\u00edpios da IA respons\u00e1vel no mundo do trabalho desde uma perspectiva de direitos \u00e9 um desafio complexo que exige propostas e medidas concretas.<\/p>\n<h4 style=\"text-align: justify;\"><strong>Propostas concretas para uma IA inclusiva<\/strong><\/h4>\n<p style=\"text-align: justify;\">Um\u00a0<em>policy brief<\/em>\u00a0(resumo da pol\u00edtica) apresentado no contexto do T20 (Grupo de\u00a0<em>Think Tanks<\/em>\u00a0do G20) delineia um roteiro abrangente para a aplica\u00e7\u00e3o respons\u00e1vel da IA no trabalho.<\/p>\n<p style=\"text-align: justify;\">O documento intitulado\u00a0<em>Algorithmic Transparency in Digital Work Platforms: a Policy Proposal for Sustainable Development in the Digital Era within the G20 Context<\/em>\u00a0(em portugu\u00eas, Transpar\u00eancia Algor\u00edtmica em Plataformas Digitais de Trabalho: uma Proposta Pol\u00edtica para o Desenvolvimento Sustent\u00e1vel na Era Digital no Contexto do G20) apresenta sugest\u00f5es concretas tais como:<\/p>\n<p style=\"text-align: justify;\">1. A inser\u00e7\u00e3o de cl\u00e1usulas em negocia\u00e7\u00f5es coletivas sobre a implementa\u00e7\u00e3o de sistemas de IA no trabalho;<\/p>\n<p style=\"text-align: justify;\">2. A utiliza\u00e7\u00e3o de ferramentas de auditabilidade para o monitoramento dos impactos dos sistemas de gest\u00e3o algor\u00edtmica visando mitigar vieses e abusos no controle e vigil\u00e2ncia dos trabalhadores;<\/p>\n<p style=\"text-align: justify;\">3. A cria\u00e7\u00e3o de comiss\u00f5es bipartites para garantir a participa\u00e7\u00e3o dos trabalhadores no desenho algor\u00edtmico, programa\u00e7\u00e3o e treinamento e para monitoramento dos impactos dos sistemas de gest\u00e3o.<\/p>\n<p style=\"text-align: justify;\">4. A celebra\u00e7\u00e3o de parcerias p\u00fablico-privadas para treinamento, capacita\u00e7\u00e3o e requalifica\u00e7\u00e3o, al\u00e9m de investimentos em tecnologias que promovam a inclus\u00e3o.<\/p>\n<h4 style=\"text-align: justify;\"><strong>O papel da participa\u00e7\u00e3o dos trabalhadores<\/strong><\/h4>\n<p style=\"text-align: justify;\">A inclus\u00e3o dos trabalhadores nos processos de decis\u00e3o sobre a implementa\u00e7\u00e3o da IA \u00e9 essencial para mitigar riscos e garantir a aplicabilidade dos princ\u00edpios reafirmados pelo G20. A negocia\u00e7\u00e3o coletiva, nesse contexto, \u00e9 um instrumento que permite acordos sobre o uso da IA, com foco na transpar\u00eancia e na preven\u00e7\u00e3o de vieses discriminat\u00f3rios.<\/p>\n<p style=\"text-align: justify;\">Parcerias como a estabelecida entre a AFL-CIO, a maior central sindical dos Estados Unidos, e a Microsoft, oferecem exemplos de como alinhar o uso da tecnologia aos interesses dos trabalhadores, promovendo condi\u00e7\u00f5es de trabalho justas. O desenho algor\u00edtmico justo \u00e9 outra pr\u00e1tica que merece destaque. Por meio dessas iniciativas, os trabalhadores participam diretamente da concep\u00e7\u00e3o das ferramentas de gest\u00e3o algor\u00edtmica, bem como de sistemas utilizados para a sua auditabilidade.<\/p>\n<p style=\"text-align: justify;\">A cria\u00e7\u00e3o de comiss\u00f5es bipartites para o monitoramento do uso da IA no trabalho \u00e9 um exemplo de como estruturar essas iniciativas e para sugerir processos de requalifica\u00e7\u00e3o e de desenvolvimento de novas habilidades (<em>reskilling<\/em>) como estrat\u00e9gias indispens\u00e1veis para preparar os trabalhadores para um mercado em transforma\u00e7\u00e3o.<\/p>\n<h4 style=\"text-align: justify;\"><strong>Iniciativas sindicais e sociais em curso<\/strong><\/h4>\n<p style=\"text-align: justify;\">A forma\u00e7\u00e3o e a capacita\u00e7\u00e3o tamb\u00e9m t\u00eam sido foco de aten\u00e7\u00e3o de movimentos sindicais e sociais. No Brasil, a\u00a0<a href=\"https:\/\/www.brasildefato.com.br\/2024\/11\/02\/o-stf-esta-esvaziando-a-forca-da-justica-do-trabalho-alerta-desembargadora-e-um-projeto\" target=\"_blank\" rel=\"noopener\">Central \u00danica dos Trabalhadores (CUT)<\/a>\u00a0promove ciclos de debates sobre IA e trabalho, enquanto a Confedera\u00e7\u00e3o Sindical das Am\u00e9ricas organiza cursos voltados para representantes de centrais sindicais do continente. Essas iniciativas refor\u00e7am a import\u00e2ncia de preparar lideran\u00e7as para participar ativamente das discuss\u00f5es sobre o impacto das tecnologias emergentes.<\/p>\n<p style=\"text-align: justify;\">As discuss\u00f5es no G20 e os avan\u00e7os obtidos nas inst\u00e2ncias sociais, como o G20 Social, mostram que \u00e9 poss\u00edvel construir um caminho de governan\u00e7a inclusiva da IA. O ac\u00famulo e a evolu\u00e7\u00e3o conceitual sobre a implementa\u00e7\u00e3o da Intelig\u00eancia Artificial alcan\u00e7ada pelos pa\u00edses do G20 dever\u00e1 ser incorporada nos debates regulat\u00f3rios sobre a Intelig\u00eancia Artificial no Brasil que, neste momento, est\u00e1 em franco processo de debate na \u00e9gide do PL 2338.<\/p>\n<p style=\"text-align: justify;\">O alinhamento entre os princ\u00edpios reconhecidos nos acordos internacionais, nas legisla\u00e7\u00f5es nacionais e nos instrumentos de micro regula\u00e7\u00e3o, como a negocia\u00e7\u00e3o coletiva, ser\u00e1 fundamental para a garantia dos direitos dos trabalhadores com base nos impactos da IA em cada uma das categorias profissionais.<\/p>\n<p style=\"text-align: justify;\">Esse percurso depende da participa\u00e7\u00e3o ativa de trabalhadores, organiza\u00e7\u00f5es, governos e parlamentos, alinhados a uma vis\u00e3o de futuro onde n\u00e3o prepondere a falsa dicotomia entre inova\u00e7\u00e3o tecnol\u00f3gica e garantia de direitos.<\/p>\n<p style=\"text-align: justify;\"><em>*Atahualpa Blanchet \u00e9 pesquisador do Instituto de Estudos Avan\u00e7ados da Universidade de S\u00e3o Paulo (USP) e do Grupo de Pesquisa Transforma\u00e7\u00e3o Digital e Sociedade da PUC-SP (Pontif\u00edcia Universidade Cat\u00f3lica de S\u00e3o Paulo).<\/em><\/p>\n<p style=\"text-align: justify;\"><em>**Caroline Coelho \u00e9 pesquisadora do Instituto de Estudos Avan\u00e7ados da USP e do Observat\u00f3rio do Futuro do Trabalho.<\/em><\/p>\n<p><strong>Escrito por:\u00a0<a class=\"dd-m-color-assertive\" href=\"https:\/\/www.brasildefato.com.br\/2024\/11\/26\/g20-e-inteligencia-artificial-no-mundo-do-trabalho-declaracao-de-lideres-incorpora-contribuicoes-do-movimento-sindical\" target=\"_blank\" rel=\"noopener\">Caroline Coelho e Atahualpa Blanchet ao Brasil de Fato<\/a><\/strong><\/p>\n<\/div>\n<p>&nbsp;<\/p>\n","protected":false},"excerpt":{"rendered":"<p>Segundo a OIT, entre 28% a 36% dos empregos na Am\u00e9rica Latina podem desaparecer devido \u00e0 introdu\u00e7\u00e3o da IA generativa O&hellip;<\/p>\n","protected":false},"author":7,"featured_media":15601,"comment_status":"open","ping_status":"open","sticky":false,"template":"","format":"standard","meta":{"cybocfi_hide_featured_image":"","footnotes":""},"categories":[22],"tags":[],"yoast_head":"<!-- This site is optimized with the Yoast SEO plugin v22.8 - https:\/\/yoast.com\/wordpress\/plugins\/seo\/ -->\n<title>G20 e IA: declara\u00e7\u00e3o de l\u00edderes incorpora contribui\u00e7\u00f5es do movimento sindical - SITSESP<\/title>\n<meta name=\"robots\" content=\"index, follow, max-snippet:-1, max-image-preview:large, max-video-preview:-1\" \/>\n<link rel=\"canonical\" href=\"https:\/\/www.sitsesp.org.br\/novo\/g20-e-ia-declaracao-de-lideres-incorpora-contribuicoes-do-movimento-sindical\/\" \/>\n<meta property=\"og:locale\" content=\"pt_BR\" \/>\n<meta property=\"og:type\" content=\"article\" \/>\n<meta property=\"og:title\" content=\"G20 e IA: declara\u00e7\u00e3o de l\u00edderes incorpora contribui\u00e7\u00f5es do movimento sindical - SITSESP\" \/>\n<meta property=\"og:description\" content=\"Segundo a OIT, entre 28% a 36% dos empregos na Am\u00e9rica Latina podem desaparecer devido \u00e0 introdu\u00e7\u00e3o da IA generativa O&hellip;\" \/>\n<meta property=\"og:url\" content=\"https:\/\/www.sitsesp.org.br\/novo\/g20-e-ia-declaracao-de-lideres-incorpora-contribuicoes-do-movimento-sindical\/\" \/>\n<meta property=\"og:site_name\" content=\"SITSESP\" \/>\n<meta property=\"article:published_time\" content=\"2024-11-28T11:34:53+00:00\" \/>\n<meta property=\"og:image\" content=\"https:\/\/www.sitsesp.org.br\/novo\/wp-content\/uploads\/2024\/11\/a69653db-b3e0-4650-9a23-05d00b26449e.jpg\" \/>\n\t<meta property=\"og:image:width\" content=\"2047\" \/>\n\t<meta property=\"og:image:height\" content=\"945\" \/>\n\t<meta property=\"og:image:type\" content=\"image\/jpeg\" \/>\n<meta name=\"author\" content=\"2.8marcosaa\" \/>\n<meta name=\"twitter:card\" content=\"summary_large_image\" \/>\n<meta name=\"twitter:label1\" content=\"Escrito por\" \/>\n\t<meta name=\"twitter:data1\" content=\"2.8marcosaa\" \/>\n\t<meta name=\"twitter:label2\" content=\"Est. tempo de leitura\" \/>\n\t<meta name=\"twitter:data2\" content=\"7 minutos\" \/>\n<script type=\"application\/ld+json\" class=\"yoast-schema-graph\">{\"@context\":\"https:\/\/schema.org\",\"@graph\":[{\"@type\":\"Article\",\"@id\":\"https:\/\/www.sitsesp.org.br\/novo\/g20-e-ia-declaracao-de-lideres-incorpora-contribuicoes-do-movimento-sindical\/#article\",\"isPartOf\":{\"@id\":\"https:\/\/www.sitsesp.org.br\/novo\/g20-e-ia-declaracao-de-lideres-incorpora-contribuicoes-do-movimento-sindical\/\"},\"author\":{\"name\":\"2.8marcosaa\",\"@id\":\"https:\/\/www.sitsesp.org.br\/novo\/#\/schema\/person\/0410b37c20ab60fd51a7b8ae5983f8de\"},\"headline\":\"G20 e IA: declara\u00e7\u00e3o de l\u00edderes incorpora contribui\u00e7\u00f5es do movimento sindical\",\"datePublished\":\"2024-11-28T11:34:53+00:00\",\"dateModified\":\"2024-11-28T11:34:53+00:00\",\"mainEntityOfPage\":{\"@id\":\"https:\/\/www.sitsesp.org.br\/novo\/g20-e-ia-declaracao-de-lideres-incorpora-contribuicoes-do-movimento-sindical\/\"},\"wordCount\":1358,\"commentCount\":0,\"publisher\":{\"@id\":\"https:\/\/www.sitsesp.org.br\/novo\/#organization\"},\"image\":{\"@id\":\"https:\/\/www.sitsesp.org.br\/novo\/g20-e-ia-declaracao-de-lideres-incorpora-contribuicoes-do-movimento-sindical\/#primaryimage\"},\"thumbnailUrl\":\"https:\/\/www.sitsesp.org.br\/novo\/wp-content\/uploads\/2024\/11\/a69653db-b3e0-4650-9a23-05d00b26449e.jpg\",\"articleSection\":[\"Noticias\"],\"inLanguage\":\"pt-BR\",\"potentialAction\":[{\"@type\":\"CommentAction\",\"name\":\"Comment\",\"target\":[\"https:\/\/www.sitsesp.org.br\/novo\/g20-e-ia-declaracao-de-lideres-incorpora-contribuicoes-do-movimento-sindical\/#respond\"]}]},{\"@type\":\"WebPage\",\"@id\":\"https:\/\/www.sitsesp.org.br\/novo\/g20-e-ia-declaracao-de-lideres-incorpora-contribuicoes-do-movimento-sindical\/\",\"url\":\"https:\/\/www.sitsesp.org.br\/novo\/g20-e-ia-declaracao-de-lideres-incorpora-contribuicoes-do-movimento-sindical\/\",\"name\":\"G20 e IA: declara\u00e7\u00e3o de l\u00edderes incorpora contribui\u00e7\u00f5es do movimento sindical - SITSESP\",\"isPartOf\":{\"@id\":\"https:\/\/www.sitsesp.org.br\/novo\/#website\"},\"primaryImageOfPage\":{\"@id\":\"https:\/\/www.sitsesp.org.br\/novo\/g20-e-ia-declaracao-de-lideres-incorpora-contribuicoes-do-movimento-sindical\/#primaryimage\"},\"image\":{\"@id\":\"https:\/\/www.sitsesp.org.br\/novo\/g20-e-ia-declaracao-de-lideres-incorpora-contribuicoes-do-movimento-sindical\/#primaryimage\"},\"thumbnailUrl\":\"https:\/\/www.sitsesp.org.br\/novo\/wp-content\/uploads\/2024\/11\/a69653db-b3e0-4650-9a23-05d00b26449e.jpg\",\"datePublished\":\"2024-11-28T11:34:53+00:00\",\"dateModified\":\"2024-11-28T11:34:53+00:00\",\"breadcrumb\":{\"@id\":\"https:\/\/www.sitsesp.org.br\/novo\/g20-e-ia-declaracao-de-lideres-incorpora-contribuicoes-do-movimento-sindical\/#breadcrumb\"},\"inLanguage\":\"pt-BR\",\"potentialAction\":[{\"@type\":\"ReadAction\",\"target\":[\"https:\/\/www.sitsesp.org.br\/novo\/g20-e-ia-declaracao-de-lideres-incorpora-contribuicoes-do-movimento-sindical\/\"]}]},{\"@type\":\"ImageObject\",\"inLanguage\":\"pt-BR\",\"@id\":\"https:\/\/www.sitsesp.org.br\/novo\/g20-e-ia-declaracao-de-lideres-incorpora-contribuicoes-do-movimento-sindical\/#primaryimage\",\"url\":\"https:\/\/www.sitsesp.org.br\/novo\/wp-content\/uploads\/2024\/11\/a69653db-b3e0-4650-9a23-05d00b26449e.jpg\",\"contentUrl\":\"https:\/\/www.sitsesp.org.br\/novo\/wp-content\/uploads\/2024\/11\/a69653db-b3e0-4650-9a23-05d00b26449e.jpg\",\"width\":2047,\"height\":945},{\"@type\":\"BreadcrumbList\",\"@id\":\"https:\/\/www.sitsesp.org.br\/novo\/g20-e-ia-declaracao-de-lideres-incorpora-contribuicoes-do-movimento-sindical\/#breadcrumb\",\"itemListElement\":[{\"@type\":\"ListItem\",\"position\":1,\"name\":\"In\u00edcio\",\"item\":\"https:\/\/www.sitsesp.org.br\/novo\/\"},{\"@type\":\"ListItem\",\"position\":2,\"name\":\"G20 e IA: declara\u00e7\u00e3o de l\u00edderes incorpora contribui\u00e7\u00f5es do movimento sindical\"}]},{\"@type\":\"WebSite\",\"@id\":\"https:\/\/www.sitsesp.org.br\/novo\/#website\",\"url\":\"https:\/\/www.sitsesp.org.br\/novo\/\",\"name\":\"Sitsesp\",\"description\":\"SIndicato da Socioeduca\u00e7\u00e3o do Estado de S\u00e3o Paulo\",\"publisher\":{\"@id\":\"https:\/\/www.sitsesp.org.br\/novo\/#organization\"},\"potentialAction\":[{\"@type\":\"SearchAction\",\"target\":{\"@type\":\"EntryPoint\",\"urlTemplate\":\"https:\/\/www.sitsesp.org.br\/novo\/?s={search_term_string}\"},\"query-input\":\"required name=search_term_string\"}],\"inLanguage\":\"pt-BR\"},{\"@type\":\"Organization\",\"@id\":\"https:\/\/www.sitsesp.org.br\/novo\/#organization\",\"name\":\"Sitsesp\",\"url\":\"https:\/\/www.sitsesp.org.br\/novo\/\",\"logo\":{\"@type\":\"ImageObject\",\"inLanguage\":\"pt-BR\",\"@id\":\"https:\/\/www.sitsesp.org.br\/novo\/#\/schema\/logo\/image\/\",\"url\":\"https:\/\/www.sitsesp.org.br\/novo\/wp-content\/uploads\/2020\/09\/Design-sem-nome-1.jpg\",\"contentUrl\":\"https:\/\/www.sitsesp.org.br\/novo\/wp-content\/uploads\/2020\/09\/Design-sem-nome-1.jpg\",\"width\":300,\"height\":300,\"caption\":\"Sitsesp\"},\"image\":{\"@id\":\"https:\/\/www.sitsesp.org.br\/novo\/#\/schema\/logo\/image\/\"}},{\"@type\":\"Person\",\"@id\":\"https:\/\/www.sitsesp.org.br\/novo\/#\/schema\/person\/0410b37c20ab60fd51a7b8ae5983f8de\",\"name\":\"2.8marcosaa\",\"image\":{\"@type\":\"ImageObject\",\"inLanguage\":\"pt-BR\",\"@id\":\"https:\/\/www.sitsesp.org.br\/novo\/#\/schema\/person\/image\/\",\"url\":\"https:\/\/secure.gravatar.com\/avatar\/0273db62f5a16721adcf1f80ba308e7b?s=96&d=mm&r=g\",\"contentUrl\":\"https:\/\/secure.gravatar.com\/avatar\/0273db62f5a16721adcf1f80ba308e7b?s=96&d=mm&r=g\",\"caption\":\"2.8marcosaa\"},\"sameAs\":[\"http:\/\/www.362k.com.br\"]}]}<\/script>\n<!-- \/ Yoast SEO plugin. -->","yoast_head_json":{"title":"G20 e IA: declara\u00e7\u00e3o de l\u00edderes incorpora contribui\u00e7\u00f5es do movimento sindical - SITSESP","robots":{"index":"index","follow":"follow","max-snippet":"max-snippet:-1","max-image-preview":"max-image-preview:large","max-video-preview":"max-video-preview:-1"},"canonical":"https:\/\/www.sitsesp.org.br\/novo\/g20-e-ia-declaracao-de-lideres-incorpora-contribuicoes-do-movimento-sindical\/","og_locale":"pt_BR","og_type":"article","og_title":"G20 e IA: declara\u00e7\u00e3o de l\u00edderes incorpora contribui\u00e7\u00f5es do movimento sindical - SITSESP","og_description":"Segundo a OIT, entre 28% a 36% dos empregos na Am\u00e9rica Latina podem desaparecer devido \u00e0 introdu\u00e7\u00e3o da IA generativa O&hellip;","og_url":"https:\/\/www.sitsesp.org.br\/novo\/g20-e-ia-declaracao-de-lideres-incorpora-contribuicoes-do-movimento-sindical\/","og_site_name":"SITSESP","article_published_time":"2024-11-28T11:34:53+00:00","og_image":[{"width":2047,"height":945,"url":"https:\/\/www.sitsesp.org.br\/novo\/wp-content\/uploads\/2024\/11\/a69653db-b3e0-4650-9a23-05d00b26449e.jpg","type":"image\/jpeg"}],"author":"2.8marcosaa","twitter_card":"summary_large_image","twitter_misc":{"Escrito por":"2.8marcosaa","Est. tempo de leitura":"7 minutos"},"schema":{"@context":"https:\/\/schema.org","@graph":[{"@type":"Article","@id":"https:\/\/www.sitsesp.org.br\/novo\/g20-e-ia-declaracao-de-lideres-incorpora-contribuicoes-do-movimento-sindical\/#article","isPartOf":{"@id":"https:\/\/www.sitsesp.org.br\/novo\/g20-e-ia-declaracao-de-lideres-incorpora-contribuicoes-do-movimento-sindical\/"},"author":{"name":"2.8marcosaa","@id":"https:\/\/www.sitsesp.org.br\/novo\/#\/schema\/person\/0410b37c20ab60fd51a7b8ae5983f8de"},"headline":"G20 e IA: declara\u00e7\u00e3o de l\u00edderes incorpora contribui\u00e7\u00f5es do movimento sindical","datePublished":"2024-11-28T11:34:53+00:00","dateModified":"2024-11-28T11:34:53+00:00","mainEntityOfPage":{"@id":"https:\/\/www.sitsesp.org.br\/novo\/g20-e-ia-declaracao-de-lideres-incorpora-contribuicoes-do-movimento-sindical\/"},"wordCount":1358,"commentCount":0,"publisher":{"@id":"https:\/\/www.sitsesp.org.br\/novo\/#organization"},"image":{"@id":"https:\/\/www.sitsesp.org.br\/novo\/g20-e-ia-declaracao-de-lideres-incorpora-contribuicoes-do-movimento-sindical\/#primaryimage"},"thumbnailUrl":"https:\/\/www.sitsesp.org.br\/novo\/wp-content\/uploads\/2024\/11\/a69653db-b3e0-4650-9a23-05d00b26449e.jpg","articleSection":["Noticias"],"inLanguage":"pt-BR","potentialAction":[{"@type":"CommentAction","name":"Comment","target":["https:\/\/www.sitsesp.org.br\/novo\/g20-e-ia-declaracao-de-lideres-incorpora-contribuicoes-do-movimento-sindical\/#respond"]}]},{"@type":"WebPage","@id":"https:\/\/www.sitsesp.org.br\/novo\/g20-e-ia-declaracao-de-lideres-incorpora-contribuicoes-do-movimento-sindical\/","url":"https:\/\/www.sitsesp.org.br\/novo\/g20-e-ia-declaracao-de-lideres-incorpora-contribuicoes-do-movimento-sindical\/","name":"G20 e IA: declara\u00e7\u00e3o de l\u00edderes incorpora contribui\u00e7\u00f5es do movimento sindical - SITSESP","isPartOf":{"@id":"https:\/\/www.sitsesp.org.br\/novo\/#website"},"primaryImageOfPage":{"@id":"https:\/\/www.sitsesp.org.br\/novo\/g20-e-ia-declaracao-de-lideres-incorpora-contribuicoes-do-movimento-sindical\/#primaryimage"},"image":{"@id":"https:\/\/www.sitsesp.org.br\/novo\/g20-e-ia-declaracao-de-lideres-incorpora-contribuicoes-do-movimento-sindical\/#primaryimage"},"thumbnailUrl":"https:\/\/www.sitsesp.org.br\/novo\/wp-content\/uploads\/2024\/11\/a69653db-b3e0-4650-9a23-05d00b26449e.jpg","datePublished":"2024-11-28T11:34:53+00:00","dateModified":"2024-11-28T11:34:53+00:00","breadcrumb":{"@id":"https:\/\/www.sitsesp.org.br\/novo\/g20-e-ia-declaracao-de-lideres-incorpora-contribuicoes-do-movimento-sindical\/#breadcrumb"},"inLanguage":"pt-BR","potentialAction":[{"@type":"ReadAction","target":["https:\/\/www.sitsesp.org.br\/novo\/g20-e-ia-declaracao-de-lideres-incorpora-contribuicoes-do-movimento-sindical\/"]}]},{"@type":"ImageObject","inLanguage":"pt-BR","@id":"https:\/\/www.sitsesp.org.br\/novo\/g20-e-ia-declaracao-de-lideres-incorpora-contribuicoes-do-movimento-sindical\/#primaryimage","url":"https:\/\/www.sitsesp.org.br\/novo\/wp-content\/uploads\/2024\/11\/a69653db-b3e0-4650-9a23-05d00b26449e.jpg","contentUrl":"https:\/\/www.sitsesp.org.br\/novo\/wp-content\/uploads\/2024\/11\/a69653db-b3e0-4650-9a23-05d00b26449e.jpg","width":2047,"height":945},{"@type":"BreadcrumbList","@id":"https:\/\/www.sitsesp.org.br\/novo\/g20-e-ia-declaracao-de-lideres-incorpora-contribuicoes-do-movimento-sindical\/#breadcrumb","itemListElement":[{"@type":"ListItem","position":1,"name":"In\u00edcio","item":"https:\/\/www.sitsesp.org.br\/novo\/"},{"@type":"ListItem","position":2,"name":"G20 e IA: declara\u00e7\u00e3o de l\u00edderes incorpora contribui\u00e7\u00f5es do movimento sindical"}]},{"@type":"WebSite","@id":"https:\/\/www.sitsesp.org.br\/novo\/#website","url":"https:\/\/www.sitsesp.org.br\/novo\/","name":"Sitsesp","description":"SIndicato da Socioeduca\u00e7\u00e3o do Estado de S\u00e3o Paulo","publisher":{"@id":"https:\/\/www.sitsesp.org.br\/novo\/#organization"},"potentialAction":[{"@type":"SearchAction","target":{"@type":"EntryPoint","urlTemplate":"https:\/\/www.sitsesp.org.br\/novo\/?s={search_term_string}"},"query-input":"required name=search_term_string"}],"inLanguage":"pt-BR"},{"@type":"Organization","@id":"https:\/\/www.sitsesp.org.br\/novo\/#organization","name":"Sitsesp","url":"https:\/\/www.sitsesp.org.br\/novo\/","logo":{"@type":"ImageObject","inLanguage":"pt-BR","@id":"https:\/\/www.sitsesp.org.br\/novo\/#\/schema\/logo\/image\/","url":"https:\/\/www.sitsesp.org.br\/novo\/wp-content\/uploads\/2020\/09\/Design-sem-nome-1.jpg","contentUrl":"https:\/\/www.sitsesp.org.br\/novo\/wp-content\/uploads\/2020\/09\/Design-sem-nome-1.jpg","width":300,"height":300,"caption":"Sitsesp"},"image":{"@id":"https:\/\/www.sitsesp.org.br\/novo\/#\/schema\/logo\/image\/"}},{"@type":"Person","@id":"https:\/\/www.sitsesp.org.br\/novo\/#\/schema\/person\/0410b37c20ab60fd51a7b8ae5983f8de","name":"2.8marcosaa","image":{"@type":"ImageObject","inLanguage":"pt-BR","@id":"https:\/\/www.sitsesp.org.br\/novo\/#\/schema\/person\/image\/","url":"https:\/\/secure.gravatar.com\/avatar\/0273db62f5a16721adcf1f80ba308e7b?s=96&d=mm&r=g","contentUrl":"https:\/\/secure.gravatar.com\/avatar\/0273db62f5a16721adcf1f80ba308e7b?s=96&d=mm&r=g","caption":"2.8marcosaa"},"sameAs":["http:\/\/www.362k.com.br"]}]}},"_links":{"self":[{"href":"https:\/\/www.sitsesp.org.br\/novo\/wp-json\/wp\/v2\/posts\/15600"}],"collection":[{"href":"https:\/\/www.sitsesp.org.br\/novo\/wp-json\/wp\/v2\/posts"}],"about":[{"href":"https:\/\/www.sitsesp.org.br\/novo\/wp-json\/wp\/v2\/types\/post"}],"author":[{"embeddable":true,"href":"https:\/\/www.sitsesp.org.br\/novo\/wp-json\/wp\/v2\/users\/7"}],"replies":[{"embeddable":true,"href":"https:\/\/www.sitsesp.org.br\/novo\/wp-json\/wp\/v2\/comments?post=15600"}],"version-history":[{"count":1,"href":"https:\/\/www.sitsesp.org.br\/novo\/wp-json\/wp\/v2\/posts\/15600\/revisions"}],"predecessor-version":[{"id":15602,"href":"https:\/\/www.sitsesp.org.br\/novo\/wp-json\/wp\/v2\/posts\/15600\/revisions\/15602"}],"wp:featuredmedia":[{"embeddable":true,"href":"https:\/\/www.sitsesp.org.br\/novo\/wp-json\/wp\/v2\/media\/15601"}],"wp:attachment":[{"href":"https:\/\/www.sitsesp.org.br\/novo\/wp-json\/wp\/v2\/media?parent=15600"}],"wp:term":[{"taxonomy":"category","embeddable":true,"href":"https:\/\/www.sitsesp.org.br\/novo\/wp-json\/wp\/v2\/categories?post=15600"},{"taxonomy":"post_tag","embeddable":true,"href":"https:\/\/www.sitsesp.org.br\/novo\/wp-json\/wp\/v2\/tags?post=15600"}],"curies":[{"name":"wp","href":"https:\/\/api.w.org\/{rel}","templated":true}]}}