{"id":15671,"date":"2024-12-11T09:30:54","date_gmt":"2024-12-11T12:30:54","guid":{"rendered":"https:\/\/www.sitsesp.org.br\/novo\/?p=15671"},"modified":"2024-12-11T09:33:08","modified_gmt":"2024-12-11T12:33:08","slug":"sitsesp-realiza-reuniao-para-planejamento-estrategico-2025","status":"publish","type":"post","link":"https:\/\/www.sitsesp.org.br\/novo\/sitsesp-realiza-reuniao-para-planejamento-estrategico-2025\/","title":{"rendered":"SITSESP realiza reuni\u00e3o para Planejamento Estrat\u00e9gico 2025"},"content":{"rendered":"<p><!-- VideographyWP Plugin Message: Automatic video embedding prevented by plugin options. --><br \/>\nNos dias 10 e 11 de dezembro, o Sindicato dos Trabalhadores da Socioeduca\u00e7\u00e3o do Estado de S\u00e3o Paulo (SITSESP) reuniu sua diretoria para discutir o Planejamento Estrat\u00e9gico 2025. O encontro teve como objetivos principais avaliar as a\u00e7\u00f5es realizadas ao longo de 2024, identificar os desafios superados e alinhar as estrat\u00e9gias e prioridades para o proximo ano.<\/p>\n<p>O evento aconteceu de forma h\u00edbrida, com participa\u00e7\u00e3o presencial na sede do sindicato, localizada no bairro do Tatuap\u00e9, em S\u00e3o Paulo, e remotamente, por meio da plataforma Meet<\/p>\n<p>Primeiro dia trouxe reflex\u00f5es e leitura de resultados.<\/p>\n<p>No primeiro dia, as diretorias relataram um balan\u00e7o das a\u00e7\u00f5es realizadas em 2024, destacando as conquistas alcan\u00e7adas e os desafios superados ao longo do ano. Al\u00e9m disso, duas palestras enriqueceram o debate sobre o contexto pol\u00edtico e social do pa\u00eds.Ronaldo Pagotto e Douglas Izzo abordaram quest\u00f5es cruciais para a compreens\u00e3o da conjuntura pol\u00edtica atual, proporcionando reflex\u00f5es que fundamentar\u00e3o as estrat\u00e9gias futuras.<\/p>\n<p>Nesta quarta, acontece o Planejamento para 2025.<\/p>\n<p>O segundo dia ser\u00e1 dedicado ao planejamento das a\u00e7\u00f5es para 2025. A diretoria vai discutir propostas e tra\u00e7ar os objetivos para enfrentar os desafios emergentes, mantendo o compromisso de defender os interesses da categoria e promover melhorias nas condi\u00e7\u00f5es de trabalho dos servidores da Funda\u00e7\u00e3o CASA.<\/p>\n<p>Um Olhar para o Futuro.<\/p>\n<p>Com esse encontro, o SITSESP reafirma seu compromisso em atuar de forma estrat\u00e9gica, adaptando-se \u00e0s transforma\u00e7\u00f5es do cen\u00e1rio pol\u00edtico e econ\u00f4mico do Brasil, e buscando solu\u00e7\u00f5es inovadoras para atender \u00e0s necessidades do trabalho.<\/p>\n","protected":false},"excerpt":{"rendered":"<p>Nos dias 10 e 11 de dezembro, o Sindicato dos Trabalhadores da Socioeduca\u00e7\u00e3o do Estado de S\u00e3o Paulo (SITSESP) reuniu sua&hellip;<\/p>\n","protected":false},"author":7,"featured_media":15672,"comment_status":"open","ping_status":"open","sticky":false,"template":"","format":"standard","meta":{"cybocfi_hide_featured_image":"","footnotes":""},"categories":[27],"tags":[],"yoast_head":"<!-- This site is optimized with the Yoast SEO plugin v22.8 - https:\/\/yoast.com\/wordpress\/plugins\/seo\/ -->\n<title>SITSESP realiza reuni\u00e3o para Planejamento Estrat\u00e9gico 2025 - SITSESP<\/title>\n<meta name=\"robots\" content=\"index, follow, max-snippet:-1, max-image-preview:large, max-video-preview:-1\" \/>\n<link rel=\"canonical\" href=\"https:\/\/www.sitsesp.org.br\/novo\/sitsesp-realiza-reuniao-para-planejamento-estrategico-2025\/\" \/>\n<meta property=\"og:locale\" content=\"pt_BR\" \/>\n<meta property=\"og:type\" content=\"article\" \/>\n<meta property=\"og:title\" content=\"SITSESP realiza reuni\u00e3o para Planejamento Estrat\u00e9gico 2025 - SITSESP\" \/>\n<meta property=\"og:description\" content=\"Nos dias 10 e 11 de dezembro, o Sindicato dos Trabalhadores da Socioeduca\u00e7\u00e3o do Estado de S\u00e3o Paulo (SITSESP) reuniu sua&hellip;\" \/>\n<meta property=\"og:url\" content=\"https:\/\/www.sitsesp.org.br\/novo\/sitsesp-realiza-reuniao-para-planejamento-estrategico-2025\/\" \/>\n<meta property=\"og:site_name\" content=\"SITSESP\" \/>\n<meta property=\"article:published_time\" content=\"2024-12-11T12:30:54+00:00\" \/>\n<meta property=\"article:modified_time\" content=\"2024-12-11T12:33:08+00:00\" \/>\n<meta property=\"og:image\" content=\"https:\/\/www.sitsesp.org.br\/novo\/wp-content\/uploads\/2024\/12\/IMG_20241210_143914.jpg\" \/>\n\t<meta property=\"og:image:width\" content=\"3264\" \/>\n\t<meta property=\"og:image:height\" content=\"2448\" \/>\n\t<meta property=\"og:image:type\" content=\"image\/jpeg\" \/>\n<meta name=\"author\" content=\"2.8marcosaa\" \/>\n<meta name=\"twitter:card\" content=\"summary_large_image\" \/>\n<meta name=\"twitter:label1\" content=\"Escrito por\" \/>\n\t<meta name=\"twitter:data1\" content=\"2.8marcosaa\" \/>\n\t<meta name=\"twitter:label2\" content=\"Est. tempo de leitura\" \/>\n\t<meta name=\"twitter:data2\" content=\"2 minutos\" \/>\n<script type=\"application\/ld+json\" class=\"yoast-schema-graph\">{\"@context\":\"https:\/\/schema.org\",\"@graph\":[{\"@type\":\"Article\",\"@id\":\"https:\/\/www.sitsesp.org.br\/novo\/sitsesp-realiza-reuniao-para-planejamento-estrategico-2025\/#article\",\"isPartOf\":{\"@id\":\"https:\/\/www.sitsesp.org.br\/novo\/sitsesp-realiza-reuniao-para-planejamento-estrategico-2025\/\"},\"author\":{\"name\":\"2.8marcosaa\",\"@id\":\"https:\/\/www.sitsesp.org.br\/novo\/#\/schema\/person\/0410b37c20ab60fd51a7b8ae5983f8de\"},\"headline\":\"SITSESP realiza reuni\u00e3o para Planejamento Estrat\u00e9gico 2025\",\"datePublished\":\"2024-12-11T12:30:54+00:00\",\"dateModified\":\"2024-12-11T12:33:08+00:00\",\"mainEntityOfPage\":{\"@id\":\"https:\/\/www.sitsesp.org.br\/novo\/sitsesp-realiza-reuniao-para-planejamento-estrategico-2025\/\"},\"wordCount\":277,\"commentCount\":0,\"publisher\":{\"@id\":\"https:\/\/www.sitsesp.org.br\/novo\/#organization\"},\"image\":{\"@id\":\"https:\/\/www.sitsesp.org.br\/novo\/sitsesp-realiza-reuniao-para-planejamento-estrategico-2025\/#primaryimage\"},\"thumbnailUrl\":\"https:\/\/www.sitsesp.org.br\/novo\/wp-content\/uploads\/2024\/12\/IMG_20241210_143914.jpg\",\"articleSection\":[\"Destaque\"],\"inLanguage\":\"pt-BR\",\"potentialAction\":[{\"@type\":\"CommentAction\",\"name\":\"Comment\",\"target\":[\"https:\/\/www.sitsesp.org.br\/novo\/sitsesp-realiza-reuniao-para-planejamento-estrategico-2025\/#respond\"]}]},{\"@type\":\"WebPage\",\"@id\":\"https:\/\/www.sitsesp.org.br\/novo\/sitsesp-realiza-reuniao-para-planejamento-estrategico-2025\/\",\"url\":\"https:\/\/www.sitsesp.org.br\/novo\/sitsesp-realiza-reuniao-para-planejamento-estrategico-2025\/\",\"name\":\"SITSESP realiza reuni\u00e3o para Planejamento Estrat\u00e9gico 2025 - SITSESP\",\"isPartOf\":{\"@id\":\"https:\/\/www.sitsesp.org.br\/novo\/#website\"},\"primaryImageOfPage\":{\"@id\":\"https:\/\/www.sitsesp.org.br\/novo\/sitsesp-realiza-reuniao-para-planejamento-estrategico-2025\/#primaryimage\"},\"image\":{\"@id\":\"https:\/\/www.sitsesp.org.br\/novo\/sitsesp-realiza-reuniao-para-planejamento-estrategico-2025\/#primaryimage\"},\"thumbnailUrl\":\"https:\/\/www.sitsesp.org.br\/novo\/wp-content\/uploads\/2024\/12\/IMG_20241210_143914.jpg\",\"datePublished\":\"2024-12-11T12:30:54+00:00\",\"dateModified\":\"2024-12-11T12:33:08+00:00\",\"breadcrumb\":{\"@id\":\"https:\/\/www.sitsesp.org.br\/novo\/sitsesp-realiza-reuniao-para-planejamento-estrategico-2025\/#breadcrumb\"},\"inLanguage\":\"pt-BR\",\"potentialAction\":[{\"@type\":\"ReadAction\",\"target\":[\"https:\/\/www.sitsesp.org.br\/novo\/sitsesp-realiza-reuniao-para-planejamento-estrategico-2025\/\"]}]},{\"@type\":\"ImageObject\",\"inLanguage\":\"pt-BR\",\"@id\":\"https:\/\/www.sitsesp.org.br\/novo\/sitsesp-realiza-reuniao-para-planejamento-estrategico-2025\/#primaryimage\",\"url\":\"https:\/\/www.sitsesp.org.br\/novo\/wp-content\/uploads\/2024\/12\/IMG_20241210_143914.jpg\",\"contentUrl\":\"https:\/\/www.sitsesp.org.br\/novo\/wp-content\/uploads\/2024\/12\/IMG_20241210_143914.jpg\",\"width\":3264,\"height\":2448},{\"@type\":\"BreadcrumbList\",\"@id\":\"https:\/\/www.sitsesp.org.br\/novo\/sitsesp-realiza-reuniao-para-planejamento-estrategico-2025\/#breadcrumb\",\"itemListElement\":[{\"@type\":\"ListItem\",\"position\":1,\"name\":\"In\u00edcio\",\"item\":\"https:\/\/www.sitsesp.org.br\/novo\/\"},{\"@type\":\"ListItem\",\"position\":2,\"name\":\"SITSESP realiza reuni\u00e3o para Planejamento Estrat\u00e9gico 2025\"}]},{\"@type\":\"WebSite\",\"@id\":\"https:\/\/www.sitsesp.org.br\/novo\/#website\",\"url\":\"https:\/\/www.sitsesp.org.br\/novo\/\",\"name\":\"Sitsesp\",\"description\":\"SIndicato da Socioeduca\u00e7\u00e3o do Estado de S\u00e3o Paulo\",\"publisher\":{\"@id\":\"https:\/\/www.sitsesp.org.br\/novo\/#organization\"},\"potentialAction\":[{\"@type\":\"SearchAction\",\"target\":{\"@type\":\"EntryPoint\",\"urlTemplate\":\"https:\/\/www.sitsesp.org.br\/novo\/?s={search_term_string}\"},\"query-input\":\"required name=search_term_string\"}],\"inLanguage\":\"pt-BR\"},{\"@type\":\"Organization\",\"@id\":\"https:\/\/www.sitsesp.org.br\/novo\/#organization\",\"name\":\"Sitsesp\",\"url\":\"https:\/\/www.sitsesp.org.br\/novo\/\",\"logo\":{\"@type\":\"ImageObject\",\"inLanguage\":\"pt-BR\",\"@id\":\"https:\/\/www.sitsesp.org.br\/novo\/#\/schema\/logo\/image\/\",\"url\":\"https:\/\/www.sitsesp.org.br\/novo\/wp-content\/uploads\/2020\/09\/Design-sem-nome-1.jpg\",\"contentUrl\":\"https:\/\/www.sitsesp.org.br\/novo\/wp-content\/uploads\/2020\/09\/Design-sem-nome-1.jpg\",\"width\":300,\"height\":300,\"caption\":\"Sitsesp\"},\"image\":{\"@id\":\"https:\/\/www.sitsesp.org.br\/novo\/#\/schema\/logo\/image\/\"}},{\"@type\":\"Person\",\"@id\":\"https:\/\/www.sitsesp.org.br\/novo\/#\/schema\/person\/0410b37c20ab60fd51a7b8ae5983f8de\",\"name\":\"2.8marcosaa\",\"image\":{\"@type\":\"ImageObject\",\"inLanguage\":\"pt-BR\",\"@id\":\"https:\/\/www.sitsesp.org.br\/novo\/#\/schema\/person\/image\/\",\"url\":\"https:\/\/secure.gravatar.com\/avatar\/0273db62f5a16721adcf1f80ba308e7b?s=96&d=mm&r=g\",\"contentUrl\":\"https:\/\/secure.gravatar.com\/avatar\/0273db62f5a16721adcf1f80ba308e7b?s=96&d=mm&r=g\",\"caption\":\"2.8marcosaa\"},\"sameAs\":[\"http:\/\/www.362k.com.br\"]}]}<\/script>\n<!-- \/ Yoast SEO plugin. -->","yoast_head_json":{"title":"SITSESP realiza reuni\u00e3o para Planejamento Estrat\u00e9gico 2025 - SITSESP","robots":{"index":"index","follow":"follow","max-snippet":"max-snippet:-1","max-image-preview":"max-image-preview:large","max-video-preview":"max-video-preview:-1"},"canonical":"https:\/\/www.sitsesp.org.br\/novo\/sitsesp-realiza-reuniao-para-planejamento-estrategico-2025\/","og_locale":"pt_BR","og_type":"article","og_title":"SITSESP realiza reuni\u00e3o para Planejamento Estrat\u00e9gico 2025 - SITSESP","og_description":"Nos dias 10 e 11 de dezembro, o Sindicato dos Trabalhadores da Socioeduca\u00e7\u00e3o do Estado de S\u00e3o Paulo (SITSESP) reuniu sua&hellip;","og_url":"https:\/\/www.sitsesp.org.br\/novo\/sitsesp-realiza-reuniao-para-planejamento-estrategico-2025\/","og_site_name":"SITSESP","article_published_time":"2024-12-11T12:30:54+00:00","article_modified_time":"2024-12-11T12:33:08+00:00","og_image":[{"width":3264,"height":2448,"url":"https:\/\/www.sitsesp.org.br\/novo\/wp-content\/uploads\/2024\/12\/IMG_20241210_143914.jpg","type":"image\/jpeg"}],"author":"2.8marcosaa","twitter_card":"summary_large_image","twitter_misc":{"Escrito por":"2.8marcosaa","Est. tempo de leitura":"2 minutos"},"schema":{"@context":"https:\/\/schema.org","@graph":[{"@type":"Article","@id":"https:\/\/www.sitsesp.org.br\/novo\/sitsesp-realiza-reuniao-para-planejamento-estrategico-2025\/#article","isPartOf":{"@id":"https:\/\/www.sitsesp.org.br\/novo\/sitsesp-realiza-reuniao-para-planejamento-estrategico-2025\/"},"author":{"name":"2.8marcosaa","@id":"https:\/\/www.sitsesp.org.br\/novo\/#\/schema\/person\/0410b37c20ab60fd51a7b8ae5983f8de"},"headline":"SITSESP realiza reuni\u00e3o para Planejamento Estrat\u00e9gico 2025","datePublished":"2024-12-11T12:30:54+00:00","dateModified":"2024-12-11T12:33:08+00:00","mainEntityOfPage":{"@id":"https:\/\/www.sitsesp.org.br\/novo\/sitsesp-realiza-reuniao-para-planejamento-estrategico-2025\/"},"wordCount":277,"commentCount":0,"publisher":{"@id":"https:\/\/www.sitsesp.org.br\/novo\/#organization"},"image":{"@id":"https:\/\/www.sitsesp.org.br\/novo\/sitsesp-realiza-reuniao-para-planejamento-estrategico-2025\/#primaryimage"},"thumbnailUrl":"https:\/\/www.sitsesp.org.br\/novo\/wp-content\/uploads\/2024\/12\/IMG_20241210_143914.jpg","articleSection":["Destaque"],"inLanguage":"pt-BR","potentialAction":[{"@type":"CommentAction","name":"Comment","target":["https:\/\/www.sitsesp.org.br\/novo\/sitsesp-realiza-reuniao-para-planejamento-estrategico-2025\/#respond"]}]},{"@type":"WebPage","@id":"https:\/\/www.sitsesp.org.br\/novo\/sitsesp-realiza-reuniao-para-planejamento-estrategico-2025\/","url":"https:\/\/www.sitsesp.org.br\/novo\/sitsesp-realiza-reuniao-para-planejamento-estrategico-2025\/","name":"SITSESP realiza reuni\u00e3o para Planejamento Estrat\u00e9gico 2025 - SITSESP","isPartOf":{"@id":"https:\/\/www.sitsesp.org.br\/novo\/#website"},"primaryImageOfPage":{"@id":"https:\/\/www.sitsesp.org.br\/novo\/sitsesp-realiza-reuniao-para-planejamento-estrategico-2025\/#primaryimage"},"image":{"@id":"https:\/\/www.sitsesp.org.br\/novo\/sitsesp-realiza-reuniao-para-planejamento-estrategico-2025\/#primaryimage"},"thumbnailUrl":"https:\/\/www.sitsesp.org.br\/novo\/wp-content\/uploads\/2024\/12\/IMG_20241210_143914.jpg","datePublished":"2024-12-11T12:30:54+00:00","dateModified":"2024-12-11T12:33:08+00:00","breadcrumb":{"@id":"https:\/\/www.sitsesp.org.br\/novo\/sitsesp-realiza-reuniao-para-planejamento-estrategico-2025\/#breadcrumb"},"inLanguage":"pt-BR","potentialAction":[{"@type":"ReadAction","target":["https:\/\/www.sitsesp.org.br\/novo\/sitsesp-realiza-reuniao-para-planejamento-estrategico-2025\/"]}]},{"@type":"ImageObject","inLanguage":"pt-BR","@id":"https:\/\/www.sitsesp.org.br\/novo\/sitsesp-realiza-reuniao-para-planejamento-estrategico-2025\/#primaryimage","url":"https:\/\/www.sitsesp.org.br\/novo\/wp-content\/uploads\/2024\/12\/IMG_20241210_143914.jpg","contentUrl":"https:\/\/www.sitsesp.org.br\/novo\/wp-content\/uploads\/2024\/12\/IMG_20241210_143914.jpg","width":3264,"height":2448},{"@type":"BreadcrumbList","@id":"https:\/\/www.sitsesp.org.br\/novo\/sitsesp-realiza-reuniao-para-planejamento-estrategico-2025\/#breadcrumb","itemListElement":[{"@type":"ListItem","position":1,"name":"In\u00edcio","item":"https:\/\/www.sitsesp.org.br\/novo\/"},{"@type":"ListItem","position":2,"name":"SITSESP realiza reuni\u00e3o para Planejamento Estrat\u00e9gico 2025"}]},{"@type":"WebSite","@id":"https:\/\/www.sitsesp.org.br\/novo\/#website","url":"https:\/\/www.sitsesp.org.br\/novo\/","name":"Sitsesp","description":"SIndicato da Socioeduca\u00e7\u00e3o do Estado de S\u00e3o Paulo","publisher":{"@id":"https:\/\/www.sitsesp.org.br\/novo\/#organization"},"potentialAction":[{"@type":"SearchAction","target":{"@type":"EntryPoint","urlTemplate":"https:\/\/www.sitsesp.org.br\/novo\/?s={search_term_string}"},"query-input":"required name=search_term_string"}],"inLanguage":"pt-BR"},{"@type":"Organization","@id":"https:\/\/www.sitsesp.org.br\/novo\/#organization","name":"Sitsesp","url":"https:\/\/www.sitsesp.org.br\/novo\/","logo":{"@type":"ImageObject","inLanguage":"pt-BR","@id":"https:\/\/www.sitsesp.org.br\/novo\/#\/schema\/logo\/image\/","url":"https:\/\/www.sitsesp.org.br\/novo\/wp-content\/uploads\/2020\/09\/Design-sem-nome-1.jpg","contentUrl":"https:\/\/www.sitsesp.org.br\/novo\/wp-content\/uploads\/2020\/09\/Design-sem-nome-1.jpg","width":300,"height":300,"caption":"Sitsesp"},"image":{"@id":"https:\/\/www.sitsesp.org.br\/novo\/#\/schema\/logo\/image\/"}},{"@type":"Person","@id":"https:\/\/www.sitsesp.org.br\/novo\/#\/schema\/person\/0410b37c20ab60fd51a7b8ae5983f8de","name":"2.8marcosaa","image":{"@type":"ImageObject","inLanguage":"pt-BR","@id":"https:\/\/www.sitsesp.org.br\/novo\/#\/schema\/person\/image\/","url":"https:\/\/secure.gravatar.com\/avatar\/0273db62f5a16721adcf1f80ba308e7b?s=96&d=mm&r=g","contentUrl":"https:\/\/secure.gravatar.com\/avatar\/0273db62f5a16721adcf1f80ba308e7b?s=96&d=mm&r=g","caption":"2.8marcosaa"},"sameAs":["http:\/\/www.362k.com.br"]}]}},"_links":{"self":[{"href":"https:\/\/www.sitsesp.org.br\/novo\/wp-json\/wp\/v2\/posts\/15671"}],"collection":[{"href":"https:\/\/www.sitsesp.org.br\/novo\/wp-json\/wp\/v2\/posts"}],"about":[{"href":"https:\/\/www.sitsesp.org.br\/novo\/wp-json\/wp\/v2\/types\/post"}],"author":[{"embeddable":true,"href":"https:\/\/www.sitsesp.org.br\/novo\/wp-json\/wp\/v2\/users\/7"}],"replies":[{"embeddable":true,"href":"https:\/\/www.sitsesp.org.br\/novo\/wp-json\/wp\/v2\/comments?post=15671"}],"version-history":[{"count":2,"href":"https:\/\/www.sitsesp.org.br\/novo\/wp-json\/wp\/v2\/posts\/15671\/revisions"}],"predecessor-version":[{"id":15674,"href":"https:\/\/www.sitsesp.org.br\/novo\/wp-json\/wp\/v2\/posts\/15671\/revisions\/15674"}],"wp:featuredmedia":[{"embeddable":true,"href":"https:\/\/www.sitsesp.org.br\/novo\/wp-json\/wp\/v2\/media\/15672"}],"wp:attachment":[{"href":"https:\/\/www.sitsesp.org.br\/novo\/wp-json\/wp\/v2\/media?parent=15671"}],"wp:term":[{"taxonomy":"category","embeddable":true,"href":"https:\/\/www.sitsesp.org.br\/novo\/wp-json\/wp\/v2\/categories?post=15671"},{"taxonomy":"post_tag","embeddable":true,"href":"https:\/\/www.sitsesp.org.br\/novo\/wp-json\/wp\/v2\/tags?post=15671"}],"curies":[{"name":"wp","href":"https:\/\/api.w.org\/{rel}","templated":true}]}}